{"id":319030,"date":"2022-07-29T10:02:53","date_gmt":"2022-07-29T13:02:53","guid":{"rendered":"https:\/\/blogdofarnesio.com.br\/?p=319030"},"modified":"2022-07-28T20:58:30","modified_gmt":"2022-07-28T23:58:30","slug":"o-preco-da-gasolina-baixa-mas-gas-de-cozinha-tera-reajuste-de-82-a-partir-do-dia-1o-de-agosto-diz-acelen","status":"publish","type":"post","link":"https:\/\/blogdofarnesio.com.br\/?p=319030","title":{"rendered":"O pre\u00e7o da gasolina baixa mas G\u00e1s de cozinha ter\u00e1 reajuste de 8,2% a partir do dia 1\u00ba de agosto, diz Acelen"},"content":{"rendered":"<div class=\"box-title\"><\/div>\n<div class=\"box-body\" data-io-article-url=\"https:\/\/www.bahianoticias.com.br\/\">\n<div class=\"text-center\">\n<div class=\"box-img\">\n<div class=\"img-legenda\"><strong>O g\u00e1s de cozinha (GLP) ter\u00e1 um reajuste de 8,2% a partir do dia 1 de agosto, de acordo com a Acelen, respons\u00e1vel pela refinaria de Mataripe.\u00a0 No an\u00fancio feito pela empresa nesta quinta-feira (28), a Acelen indicou que os pre\u00e7os dos produtos produzidos seguem crit\u00e9rios de mercado.<\/strong><\/div>\n<\/div>\n<\/div>\n<div class=\"text-descricao\">\n<p>&nbsp;<\/p>\n<p><strong>&#8220;Levam em considera\u00e7\u00e3o vari\u00e1veis como custo do petr\u00f3leo, que \u00e9 adquirido a pre\u00e7os internacionais, dolar e frete&#8221;, apontou a empresa. A Acelen reafirmou tamb\u00e9m que &#8220;aposta em uma pol\u00edtica transparente, amparada por crit\u00e9rios t\u00e9cnicos, em conson\u00e2ncia com as pr\u00e1ticas internacionais de mercado&#8221;.\u00a0<\/strong><\/p>\n<p>&nbsp;<\/p>\n<p><strong>O \u00faltimo reajuste tinha ocorrido em julho (<a href=\"https:\/\/www.bahianoticias.com.br\/noticia\/269933-gas-de-cozinha-fica-mais-caro-na-bahia-a-partir-desta-sexta.html\" target=\"_blank\" rel=\"noopener\">reveja aqui<\/a>). Segundo o Sindicato de Revendedores (Sindrevg\u00e1s) o pre\u00e7o para as distribuidoras foi reajustado em R$ 4,90 e o repasse para o consumidor ficar\u00e1 entre R$ 5 e R$ 7, na \u00e9poca.\u00a0<\/strong><\/p>\n<\/div>\n<\/div>\n","protected":false},"excerpt":{"rendered":"<p>O g\u00e1s de cozinha (GLP) ter\u00e1 um reajuste de 8,2% a partir do dia 1 de agosto, de acordo com a Acelen, respons\u00e1vel pela refinaria de Mataripe.\u00a0 No an\u00fancio feito pela empresa nesta quinta-feira (28), a Acelen indicou que os pre\u00e7os dos produtos produzidos seguem crit\u00e9rios de mercado. &nbsp; &#8220;Levam em considera\u00e7\u00e3o vari\u00e1veis como custo do petr\u00f3leo, que \u00e9 adquirido a pre\u00e7os internacionais, dolar e frete&#8221;, apontou a empresa. A Acelen reafirmou tamb\u00e9m que &#8220;aposta em uma pol\u00edtica transparente, amparada por crit\u00e9rios t\u00e9cnicos, em conson\u00e2ncia com as pr\u00e1ticas internacionais de mercado&#8221;.\u00a0 &nbsp; O \u00faltimo reajuste tinha ocorrido em julho (reveja aqui). Segundo o Sindicato de Revendedores (Sindrevg\u00e1s) o pre\u00e7o para as distribuidoras foi reajustado em R$ 4,90 e o repasse&hellip; <\/p>\n","protected":false},"author":2,"featured_media":189566,"comment_status":"open","ping_status":"open","sticky":false,"template":"","format":"standard","meta":{"_acf_changed":false,"footnotes":""},"categories":[20],"tags":[],"class_list":["post-319030","post","type-post","status-publish","format-standard","has-post-thumbnail","hentry","category-economia"],"acf":[],"yoast_head":"<!-- This site is optimized with the Yoast SEO plugin v27.4 - https:\/\/yoast.com\/product\/yoast-seo-wordpress\/ -->\n<title>O pre\u00e7o da gasolina baixa mas G\u00e1s de cozinha ter\u00e1 reajuste de 8,2% a partir do dia 1\u00ba de agosto, diz Acelen - Blog do Farn\u00e9sio<\/title>\n<meta name=\"robots\" content=\"index, follow, max-snippet:-1, max-image-preview:large, max-video-preview:-1\" \/>\n<link rel=\"canonical\" href=\"https:\/\/blogdofarnesio.com.br\/?p=319030\" \/>\n<meta property=\"og:locale\" content=\"pt_BR\" \/>\n<meta property=\"og:type\" content=\"article\" \/>\n<meta property=\"og:title\" content=\"O pre\u00e7o da gasolina baixa mas G\u00e1s de cozinha ter\u00e1 reajuste de 8,2% a partir do dia 1\u00ba de agosto, diz Acelen - Blog do Farn\u00e9sio\" \/>\n<meta property=\"og:description\" content=\"O g\u00e1s de cozinha (GLP) ter\u00e1 um reajuste de 8,2% a partir do dia 1 de agosto, de acordo com a Acelen, respons\u00e1vel pela refinaria de Mataripe.\u00a0 No an\u00fancio feito pela empresa nesta quinta-feira (28), a Acelen indicou que os pre\u00e7os dos produtos produzidos seguem crit\u00e9rios de mercado. &nbsp; &#8220;Levam em considera\u00e7\u00e3o vari\u00e1veis como custo do petr\u00f3leo, que \u00e9 adquirido a pre\u00e7os internacionais, dolar e frete&#8221;, apontou a empresa. A Acelen reafirmou tamb\u00e9m que &#8220;aposta em uma pol\u00edtica transparente, amparada por crit\u00e9rios t\u00e9cnicos, em conson\u00e2ncia com as pr\u00e1ticas internacionais de mercado&#8221;.\u00a0 &nbsp; O \u00faltimo reajuste tinha ocorrido em julho (reveja aqui). Segundo o Sindicato de Revendedores (Sindrevg\u00e1s) o pre\u00e7o para as distribuidoras foi reajustado em R$ 4,90 e o repasse&hellip;\" \/>\n<meta property=\"og:url\" content=\"https:\/\/blogdofarnesio.com.br\/?p=319030\" \/>\n<meta property=\"og:site_name\" content=\"Blog do Farn\u00e9sio\" \/>\n<meta property=\"article:publisher\" content=\"https:\/\/www.facebook.com\/BlogQuerSaberPolitica\/\" \/>\n<meta property=\"article:author\" content=\"https:\/\/www.facebook.com\/?ref=tn_tnmn\" \/>\n<meta property=\"article:published_time\" content=\"2022-07-29T13:02:53+00:00\" \/>\n<meta property=\"og:image\" content=\"https:\/\/blogdofarnesio.com.br\/wp-content\/uploads\/2018\/02\/blogqspbotij\u00e3ogasdecozinha.jpg\" \/>\n\t<meta property=\"og:image:width\" content=\"300\" \/>\n\t<meta property=\"og:image:height\" content=\"168\" \/>\n\t<meta property=\"og:image:type\" content=\"image\/jpeg\" \/>\n<meta name=\"author\" content=\"Farn\u00e9sio\" \/>\n<meta name=\"twitter:card\" content=\"summary_large_image\" \/>\n<meta name=\"twitter:label1\" content=\"Escrito por\" \/>\n\t<meta name=\"twitter:data1\" content=\"Farn\u00e9sio\" \/>\n\t<meta name=\"twitter:label2\" content=\"Est. tempo de leitura\" \/>\n\t<meta name=\"twitter:data2\" content=\"1 minuto\" \/>\n<script type=\"application\/ld+json\" class=\"yoast-schema-graph\">{\"@context\":\"https:\\\/\\\/schema.org\",\"@graph\":[{\"@type\":\"Article\",\"@id\":\"https:\\\/\\\/blogdofarnesio.com.br\\\/?p=319030#article\",\"isPartOf\":{\"@id\":\"https:\\\/\\\/blogdofarnesio.com.br\\\/?p=319030\"},\"author\":{\"name\":\"Farn\u00e9sio\",\"@id\":\"https:\\\/\\\/blogdofarnesio.com.br\\\/#\\\/schema\\\/person\\\/bb9b23ae3ad0609ce8df7b6c9e76824d\"},\"headline\":\"O pre\u00e7o da gasolina baixa mas G\u00e1s de cozinha ter\u00e1 reajuste de 8,2% a partir do dia 1\u00ba de agosto, diz Acelen\",\"datePublished\":\"2022-07-29T13:02:53+00:00\",\"mainEntityOfPage\":{\"@id\":\"https:\\\/\\\/blogdofarnesio.com.br\\\/?p=319030\"},\"wordCount\":164,\"commentCount\":0,\"publisher\":{\"@id\":\"https:\\\/\\\/blogdofarnesio.com.br\\\/#organization\"},\"image\":{\"@id\":\"https:\\\/\\\/blogdofarnesio.com.br\\\/?p=319030#primaryimage\"},\"thumbnailUrl\":\"https:\\\/\\\/blogdofarnesio.com.br\\\/wp-content\\\/uploads\\\/2018\\\/02\\\/blogqspbotij\u00e3ogasdecozinha.jpg\",\"articleSection\":[\"Economia\"],\"inLanguage\":\"pt-BR\",\"potentialAction\":[{\"@type\":\"CommentAction\",\"name\":\"Comment\",\"target\":[\"https:\\\/\\\/blogdofarnesio.com.br\\\/?p=319030#respond\"]}]},{\"@type\":\"WebPage\",\"@id\":\"https:\\\/\\\/blogdofarnesio.com.br\\\/?p=319030\",\"url\":\"https:\\\/\\\/blogdofarnesio.com.br\\\/?p=319030\",\"name\":\"O pre\u00e7o da gasolina baixa mas G\u00e1s de cozinha ter\u00e1 reajuste de 8,2% a partir do dia 1\u00ba de agosto, diz Acelen - Blog do Farn\u00e9sio\",\"isPartOf\":{\"@id\":\"https:\\\/\\\/blogdofarnesio.com.br\\\/#website\"},\"primaryImageOfPage\":{\"@id\":\"https:\\\/\\\/blogdofarnesio.com.br\\\/?p=319030#primaryimage\"},\"image\":{\"@id\":\"https:\\\/\\\/blogdofarnesio.com.br\\\/?p=319030#primaryimage\"},\"thumbnailUrl\":\"https:\\\/\\\/blogdofarnesio.com.br\\\/wp-content\\\/uploads\\\/2018\\\/02\\\/blogqspbotij\u00e3ogasdecozinha.jpg\",\"datePublished\":\"2022-07-29T13:02:53+00:00\",\"breadcrumb\":{\"@id\":\"https:\\\/\\\/blogdofarnesio.com.br\\\/?p=319030#breadcrumb\"},\"inLanguage\":\"pt-BR\",\"potentialAction\":[{\"@type\":\"ReadAction\",\"target\":[\"https:\\\/\\\/blogdofarnesio.com.br\\\/?p=319030\"]}]},{\"@type\":\"ImageObject\",\"inLanguage\":\"pt-BR\",\"@id\":\"https:\\\/\\\/blogdofarnesio.com.br\\\/?p=319030#primaryimage\",\"url\":\"https:\\\/\\\/blogdofarnesio.com.br\\\/wp-content\\\/uploads\\\/2018\\\/02\\\/blogqspbotij\u00e3ogasdecozinha.jpg\",\"contentUrl\":\"https:\\\/\\\/blogdofarnesio.com.br\\\/wp-content\\\/uploads\\\/2018\\\/02\\\/blogqspbotij\u00e3ogasdecozinha.jpg\",\"width\":300,\"height\":168},{\"@type\":\"BreadcrumbList\",\"@id\":\"https:\\\/\\\/blogdofarnesio.com.br\\\/?p=319030#breadcrumb\",\"itemListElement\":[{\"@type\":\"ListItem\",\"position\":1,\"name\":\"In\u00edcio\",\"item\":\"https:\\\/\\\/blogdofarnesio.com.br\\\/\"},{\"@type\":\"ListItem\",\"position\":2,\"name\":\"O pre\u00e7o da gasolina baixa mas G\u00e1s de cozinha ter\u00e1 reajuste de 8,2% a partir do dia 1\u00ba de agosto, diz Acelen\"}]},{\"@type\":\"WebSite\",\"@id\":\"https:\\\/\\\/blogdofarnesio.com.br\\\/#website\",\"url\":\"https:\\\/\\\/blogdofarnesio.com.br\\\/\",\"name\":\"Blog do Farn\u00e9sio\",\"description\":\"Quer Saber Pol\u00edtica?\",\"publisher\":{\"@id\":\"https:\\\/\\\/blogdofarnesio.com.br\\\/#organization\"},\"potentialAction\":[{\"@type\":\"SearchAction\",\"target\":{\"@type\":\"EntryPoint\",\"urlTemplate\":\"https:\\\/\\\/blogdofarnesio.com.br\\\/?s={search_term_string}\"},\"query-input\":{\"@type\":\"PropertyValueSpecification\",\"valueRequired\":true,\"valueName\":\"search_term_string\"}}],\"inLanguage\":\"pt-BR\"},{\"@type\":\"Organization\",\"@id\":\"https:\\\/\\\/blogdofarnesio.com.br\\\/#organization\",\"name\":\"Blog do Farn\u00e9sio\",\"url\":\"https:\\\/\\\/blogdofarnesio.com.br\\\/\",\"logo\":{\"@type\":\"ImageObject\",\"inLanguage\":\"pt-BR\",\"@id\":\"https:\\\/\\\/blogdofarnesio.com.br\\\/#\\\/schema\\\/logo\\\/image\\\/\",\"url\":\"https:\\\/\\\/blogdofarnesio.com.br\\\/wp-content\\\/uploads\\\/2026\\\/03\\\/cropped-logo_new-1.png\",\"contentUrl\":\"https:\\\/\\\/blogdofarnesio.com.br\\\/wp-content\\\/uploads\\\/2026\\\/03\\\/cropped-logo_new-1.png\",\"width\":881,\"height\":685,\"caption\":\"Blog do Farn\u00e9sio\"},\"image\":{\"@id\":\"https:\\\/\\\/blogdofarnesio.com.br\\\/#\\\/schema\\\/logo\\\/image\\\/\"},\"sameAs\":[\"https:\\\/\\\/www.facebook.com\\\/BlogQuerSaberPolitica\\\/\"]},{\"@type\":\"Person\",\"@id\":\"https:\\\/\\\/blogdofarnesio.com.br\\\/#\\\/schema\\\/person\\\/bb9b23ae3ad0609ce8df7b6c9e76824d\",\"name\":\"Farn\u00e9sio\",\"image\":{\"@type\":\"ImageObject\",\"inLanguage\":\"pt-BR\",\"@id\":\"https:\\\/\\\/secure.gravatar.com\\\/avatar\\\/986aa4c61ccdb66f8555bf88fc2a65609d00bcabd4d2d94377a727547345cbca?s=96&d=mm&r=g\",\"url\":\"https:\\\/\\\/secure.gravatar.com\\\/avatar\\\/986aa4c61ccdb66f8555bf88fc2a65609d00bcabd4d2d94377a727547345cbca?s=96&d=mm&r=g\",\"contentUrl\":\"https:\\\/\\\/secure.gravatar.com\\\/avatar\\\/986aa4c61ccdb66f8555bf88fc2a65609d00bcabd4d2d94377a727547345cbca?s=96&d=mm&r=g\",\"caption\":\"Farn\u00e9sio\"},\"description\":\"Radialista blogueiro, chegou a Petrolina\\\/Juazeiro em setembro de 1980, Farn\u00e9sio Silva \u00e9 de Arapiraca-Alagoas.\",\"sameAs\":[\"http:\\\/\\\/blogdofarnesio.com.br\",\"https:\\\/\\\/www.facebook.com\\\/?ref=tn_tnmn\",\"https:\\\/\\\/www.instagram.com\\\/?utm_source=pwa_homescreen\",\"https:\\\/\\\/youtube.com.br\\\/\"],\"url\":\"https:\\\/\\\/blogdofarnesio.com.br\\\/?author=2\"}]}<\/script>\n<!-- \/ Yoast SEO plugin. -->","yoast_head_json":{"title":"O pre\u00e7o da gasolina baixa mas G\u00e1s de cozinha ter\u00e1 reajuste de 8,2% a partir do dia 1\u00ba de agosto, diz Acelen - Blog do Farn\u00e9sio","robots":{"index":"index","follow":"follow","max-snippet":"max-snippet:-1","max-image-preview":"max-image-preview:large","max-video-preview":"max-video-preview:-1"},"canonical":"https:\/\/blogdofarnesio.com.br\/?p=319030","og_locale":"pt_BR","og_type":"article","og_title":"O pre\u00e7o da gasolina baixa mas G\u00e1s de cozinha ter\u00e1 reajuste de 8,2% a partir do dia 1\u00ba de agosto, diz Acelen - Blog do Farn\u00e9sio","og_description":"O g\u00e1s de cozinha (GLP) ter\u00e1 um reajuste de 8,2% a partir do dia 1 de agosto, de acordo com a Acelen, respons\u00e1vel pela refinaria de Mataripe.\u00a0 No an\u00fancio feito pela empresa nesta quinta-feira (28), a Acelen indicou que os pre\u00e7os dos produtos produzidos seguem crit\u00e9rios de mercado. &nbsp; &#8220;Levam em considera\u00e7\u00e3o vari\u00e1veis como custo do petr\u00f3leo, que \u00e9 adquirido a pre\u00e7os internacionais, dolar e frete&#8221;, apontou a empresa. A Acelen reafirmou tamb\u00e9m que &#8220;aposta em uma pol\u00edtica transparente, amparada por crit\u00e9rios t\u00e9cnicos, em conson\u00e2ncia com as pr\u00e1ticas internacionais de mercado&#8221;.\u00a0 &nbsp; O \u00faltimo reajuste tinha ocorrido em julho (reveja aqui). Segundo o Sindicato de Revendedores (Sindrevg\u00e1s) o pre\u00e7o para as distribuidoras foi reajustado em R$ 4,90 e o repasse&hellip;","og_url":"https:\/\/blogdofarnesio.com.br\/?p=319030","og_site_name":"Blog do Farn\u00e9sio","article_publisher":"https:\/\/www.facebook.com\/BlogQuerSaberPolitica\/","article_author":"https:\/\/www.facebook.com\/?ref=tn_tnmn","article_published_time":"2022-07-29T13:02:53+00:00","og_image":[{"width":300,"height":168,"url":"https:\/\/blogdofarnesio.com.br\/wp-content\/uploads\/2018\/02\/blogqspbotij\u00e3ogasdecozinha.jpg","type":"image\/jpeg"}],"author":"Farn\u00e9sio","twitter_card":"summary_large_image","twitter_misc":{"Escrito por":"Farn\u00e9sio","Est. tempo de leitura":"1 minuto"},"schema":{"@context":"https:\/\/schema.org","@graph":[{"@type":"Article","@id":"https:\/\/blogdofarnesio.com.br\/?p=319030#article","isPartOf":{"@id":"https:\/\/blogdofarnesio.com.br\/?p=319030"},"author":{"name":"Farn\u00e9sio","@id":"https:\/\/blogdofarnesio.com.br\/#\/schema\/person\/bb9b23ae3ad0609ce8df7b6c9e76824d"},"headline":"O pre\u00e7o da gasolina baixa mas G\u00e1s de cozinha ter\u00e1 reajuste de 8,2% a partir do dia 1\u00ba de agosto, diz Acelen","datePublished":"2022-07-29T13:02:53+00:00","mainEntityOfPage":{"@id":"https:\/\/blogdofarnesio.com.br\/?p=319030"},"wordCount":164,"commentCount":0,"publisher":{"@id":"https:\/\/blogdofarnesio.com.br\/#organization"},"image":{"@id":"https:\/\/blogdofarnesio.com.br\/?p=319030#primaryimage"},"thumbnailUrl":"https:\/\/blogdofarnesio.com.br\/wp-content\/uploads\/2018\/02\/blogqspbotij\u00e3ogasdecozinha.jpg","articleSection":["Economia"],"inLanguage":"pt-BR","potentialAction":[{"@type":"CommentAction","name":"Comment","target":["https:\/\/blogdofarnesio.com.br\/?p=319030#respond"]}]},{"@type":"WebPage","@id":"https:\/\/blogdofarnesio.com.br\/?p=319030","url":"https:\/\/blogdofarnesio.com.br\/?p=319030","name":"O pre\u00e7o da gasolina baixa mas G\u00e1s de cozinha ter\u00e1 reajuste de 8,2% a partir do dia 1\u00ba de agosto, diz Acelen - Blog do Farn\u00e9sio","isPartOf":{"@id":"https:\/\/blogdofarnesio.com.br\/#website"},"primaryImageOfPage":{"@id":"https:\/\/blogdofarnesio.com.br\/?p=319030#primaryimage"},"image":{"@id":"https:\/\/blogdofarnesio.com.br\/?p=319030#primaryimage"},"thumbnailUrl":"https:\/\/blogdofarnesio.com.br\/wp-content\/uploads\/2018\/02\/blogqspbotij\u00e3ogasdecozinha.jpg","datePublished":"2022-07-29T13:02:53+00:00","breadcrumb":{"@id":"https:\/\/blogdofarnesio.com.br\/?p=319030#breadcrumb"},"inLanguage":"pt-BR","potentialAction":[{"@type":"ReadAction","target":["https:\/\/blogdofarnesio.com.br\/?p=319030"]}]},{"@type":"ImageObject","inLanguage":"pt-BR","@id":"https:\/\/blogdofarnesio.com.br\/?p=319030#primaryimage","url":"https:\/\/blogdofarnesio.com.br\/wp-content\/uploads\/2018\/02\/blogqspbotij\u00e3ogasdecozinha.jpg","contentUrl":"https:\/\/blogdofarnesio.com.br\/wp-content\/uploads\/2018\/02\/blogqspbotij\u00e3ogasdecozinha.jpg","width":300,"height":168},{"@type":"BreadcrumbList","@id":"https:\/\/blogdofarnesio.com.br\/?p=319030#breadcrumb","itemListElement":[{"@type":"ListItem","position":1,"name":"In\u00edcio","item":"https:\/\/blogdofarnesio.com.br\/"},{"@type":"ListItem","position":2,"name":"O pre\u00e7o da gasolina baixa mas G\u00e1s de cozinha ter\u00e1 reajuste de 8,2% a partir do dia 1\u00ba de agosto, diz Acelen"}]},{"@type":"WebSite","@id":"https:\/\/blogdofarnesio.com.br\/#website","url":"https:\/\/blogdofarnesio.com.br\/","name":"Blog do Farn\u00e9sio","description":"Quer Saber Pol\u00edtica?","publisher":{"@id":"https:\/\/blogdofarnesio.com.br\/#organization"},"potentialAction":[{"@type":"SearchAction","target":{"@type":"EntryPoint","urlTemplate":"https:\/\/blogdofarnesio.com.br\/?s={search_term_string}"},"query-input":{"@type":"PropertyValueSpecification","valueRequired":true,"valueName":"search_term_string"}}],"inLanguage":"pt-BR"},{"@type":"Organization","@id":"https:\/\/blogdofarnesio.com.br\/#organization","name":"Blog do Farn\u00e9sio","url":"https:\/\/blogdofarnesio.com.br\/","logo":{"@type":"ImageObject","inLanguage":"pt-BR","@id":"https:\/\/blogdofarnesio.com.br\/#\/schema\/logo\/image\/","url":"https:\/\/blogdofarnesio.com.br\/wp-content\/uploads\/2026\/03\/cropped-logo_new-1.png","contentUrl":"https:\/\/blogdofarnesio.com.br\/wp-content\/uploads\/2026\/03\/cropped-logo_new-1.png","width":881,"height":685,"caption":"Blog do Farn\u00e9sio"},"image":{"@id":"https:\/\/blogdofarnesio.com.br\/#\/schema\/logo\/image\/"},"sameAs":["https:\/\/www.facebook.com\/BlogQuerSaberPolitica\/"]},{"@type":"Person","@id":"https:\/\/blogdofarnesio.com.br\/#\/schema\/person\/bb9b23ae3ad0609ce8df7b6c9e76824d","name":"Farn\u00e9sio","image":{"@type":"ImageObject","inLanguage":"pt-BR","@id":"https:\/\/secure.gravatar.com\/avatar\/986aa4c61ccdb66f8555bf88fc2a65609d00bcabd4d2d94377a727547345cbca?s=96&d=mm&r=g","url":"https:\/\/secure.gravatar.com\/avatar\/986aa4c61ccdb66f8555bf88fc2a65609d00bcabd4d2d94377a727547345cbca?s=96&d=mm&r=g","contentUrl":"https:\/\/secure.gravatar.com\/avatar\/986aa4c61ccdb66f8555bf88fc2a65609d00bcabd4d2d94377a727547345cbca?s=96&d=mm&r=g","caption":"Farn\u00e9sio"},"description":"Radialista blogueiro, chegou a Petrolina\/Juazeiro em setembro de 1980, Farn\u00e9sio Silva \u00e9 de Arapiraca-Alagoas.","sameAs":["http:\/\/blogdofarnesio.com.br","https:\/\/www.facebook.com\/?ref=tn_tnmn","https:\/\/www.instagram.com\/?utm_source=pwa_homescreen","https:\/\/youtube.com.br\/"],"url":"https:\/\/blogdofarnesio.com.br\/?author=2"}]}},"_links":{"self":[{"href":"https:\/\/blogdofarnesio.com.br\/index.php?rest_route=\/wp\/v2\/posts\/319030","targetHints":{"allow":["GET"]}}],"collection":[{"href":"https:\/\/blogdofarnesio.com.br\/index.php?rest_route=\/wp\/v2\/posts"}],"about":[{"href":"https:\/\/blogdofarnesio.com.br\/index.php?rest_route=\/wp\/v2\/types\/post"}],"author":[{"embeddable":true,"href":"https:\/\/blogdofarnesio.com.br\/index.php?rest_route=\/wp\/v2\/users\/2"}],"replies":[{"embeddable":true,"href":"https:\/\/blogdofarnesio.com.br\/index.php?rest_route=%2Fwp%2Fv2%2Fcomments&post=319030"}],"version-history":[{"count":0,"href":"https:\/\/blogdofarnesio.com.br\/index.php?rest_route=\/wp\/v2\/posts\/319030\/revisions"}],"wp:featuredmedia":[{"embeddable":true,"href":"https:\/\/blogdofarnesio.com.br\/index.php?rest_route=\/wp\/v2\/media\/189566"}],"wp:attachment":[{"href":"https:\/\/blogdofarnesio.com.br\/index.php?rest_route=%2Fwp%2Fv2%2Fmedia&parent=319030"}],"wp:term":[{"taxonomy":"category","embeddable":true,"href":"https:\/\/blogdofarnesio.com.br\/index.php?rest_route=%2Fwp%2Fv2%2Fcategories&post=319030"},{"taxonomy":"post_tag","embeddable":true,"href":"https:\/\/blogdofarnesio.com.br\/index.php?rest_route=%2Fwp%2Fv2%2Ftags&post=319030"}],"curies":[{"name":"wp","href":"https:\/\/api.w.org\/{rel}","templated":true}]}}