{"id":318988,"date":"2022-07-29T09:22:26","date_gmt":"2022-07-29T12:22:26","guid":{"rendered":"https:\/\/blogdofarnesio.com.br\/?p=318988"},"modified":"2022-07-28T16:01:48","modified_gmt":"2022-07-28T19:01:48","slug":"saude-de-juazeiro-publica-lista-de-inscritos-para-preceptores-do-pet-saude-gestao-e-assistencia","status":"publish","type":"post","link":"https:\/\/blogdofarnesio.com.br\/?p=318988","title":{"rendered":"Sa\u00fade de Juazeiro publica lista de inscritos para preceptores do PET-Sa\u00fade\/ Gest\u00e3o e Assist\u00eancia"},"content":{"rendered":"<p style=\"font-weight: 400;\">A Secretaria de Sa\u00fade de Juazeiro (Sesau) divulgou nesta quinta-feira (28) a lista de inscritos da sele\u00e7\u00e3o para preceptores bolsistas do Programa de Educa\u00e7\u00e3o Pelo Trabalho para a Sa\u00fade Gest\u00e3o e Assist\u00eancia (PET-Sa\u00fade\/ Gest\u00e3o e Assist\u00eancia).\u00a0 Os candidatos tiveram que atender alguns requisitos, dentre eles, ser servidor p\u00fablico municipal concursado, efetivo ou tempor\u00e1rio.<\/p>\n<p style=\"font-weight: 400;\">Est\u00e3o inscritos Ana Ires dos Santos Almeida, Anne Grazielle Azevedo de Almeida, Caroline de Moraes Pereira Morgado, J\u00e9ssica Silva de Siqueira Barbosa, Karoline Barros Concei\u00e7\u00e3o, Tamise Mendes Bastos e Tatiana Malta dos Santos. Caso haja recurso, o candidato pode encaminhar para o email:\u00a0<a href=\"mailto:sesaupetsga2022@gmail.com\">sesaupetsga2022@gmail.com<\/a>. O resultado final ser\u00e1 divulgado no dia 08 de agosto. Outras informa\u00e7\u00f5es no edital (<a href=\"http:\/\/doem.org.br\/ba\/juazeiro\/diarios\/previsualizar\/OjeK5ANB\" data-saferedirecturl=\"https:\/\/www.google.com\/url?q=http:\/\/doem.org.br\/ba\/juazeiro\/diarios\/previsualizar\/OjeK5ANB&amp;source=gmail&amp;ust=1659117093989000&amp;usg=AOvVaw1VigujYjDHQ3SYbrvLpf7s\">http:\/\/doem.org.br\/ba\/juazeiro\/diarios\/previsualizar\/OjeK5ANB<\/a>).<\/p>\n<p style=\"font-weight: 400;\">Texto: Amanda Franco \u2013 Ascom Sesau PMJ<\/p>\n","protected":false},"excerpt":{"rendered":"<p>A Secretaria de Sa\u00fade de Juazeiro (Sesau) divulgou nesta quinta-feira (28) a lista de inscritos da sele\u00e7\u00e3o para preceptores bolsistas do Programa de Educa\u00e7\u00e3o Pelo Trabalho para a Sa\u00fade Gest\u00e3o e Assist\u00eancia (PET-Sa\u00fade\/ Gest\u00e3o e Assist\u00eancia).\u00a0 Os candidatos tiveram que atender alguns requisitos, dentre eles, ser servidor p\u00fablico municipal concursado, efetivo ou tempor\u00e1rio. Est\u00e3o inscritos Ana Ires dos Santos Almeida, Anne Grazielle Azevedo de Almeida, Caroline de Moraes Pereira Morgado, J\u00e9ssica Silva de Siqueira Barbosa, Karoline Barros Concei\u00e7\u00e3o, Tamise Mendes Bastos e Tatiana Malta dos Santos. Caso haja recurso, o candidato pode encaminhar para o email:\u00a0sesaupetsga2022@gmail.com. O resultado final ser\u00e1 divulgado no dia 08 de agosto. Outras informa\u00e7\u00f5es no edital (http:\/\/doem.org.br\/ba\/juazeiro\/diarios\/previsualizar\/OjeK5ANB). Texto: Amanda Franco \u2013 Ascom Sesau PMJ<\/p>\n","protected":false},"author":2,"featured_media":311582,"comment_status":"open","ping_status":"open","sticky":false,"template":"","format":"standard","meta":{"_acf_changed":false,"footnotes":""},"categories":[44],"tags":[],"class_list":["post-318988","post","type-post","status-publish","format-standard","has-post-thumbnail","hentry","category-administracao"],"acf":[],"yoast_head":"<!-- This site is optimized with the Yoast SEO plugin v27.4 - https:\/\/yoast.com\/product\/yoast-seo-wordpress\/ -->\n<title>Sa\u00fade de Juazeiro publica lista de inscritos para preceptores do PET-Sa\u00fade\/ Gest\u00e3o e Assist\u00eancia - Blog do Farn\u00e9sio<\/title>\n<meta name=\"robots\" content=\"index, follow, max-snippet:-1, max-image-preview:large, max-video-preview:-1\" \/>\n<link rel=\"canonical\" href=\"https:\/\/blogdofarnesio.com.br\/?p=318988\" \/>\n<meta property=\"og:locale\" content=\"pt_BR\" \/>\n<meta property=\"og:type\" content=\"article\" \/>\n<meta property=\"og:title\" content=\"Sa\u00fade de Juazeiro publica lista de inscritos para preceptores do PET-Sa\u00fade\/ Gest\u00e3o e Assist\u00eancia - Blog do Farn\u00e9sio\" \/>\n<meta property=\"og:description\" content=\"A Secretaria de Sa\u00fade de Juazeiro (Sesau) divulgou nesta quinta-feira (28) a lista de inscritos da sele\u00e7\u00e3o para preceptores bolsistas do Programa de Educa\u00e7\u00e3o Pelo Trabalho para a Sa\u00fade Gest\u00e3o e Assist\u00eancia (PET-Sa\u00fade\/ Gest\u00e3o e Assist\u00eancia).\u00a0 Os candidatos tiveram que atender alguns requisitos, dentre eles, ser servidor p\u00fablico municipal concursado, efetivo ou tempor\u00e1rio. Est\u00e3o inscritos Ana Ires dos Santos Almeida, Anne Grazielle Azevedo de Almeida, Caroline de Moraes Pereira Morgado, J\u00e9ssica Silva de Siqueira Barbosa, Karoline Barros Concei\u00e7\u00e3o, Tamise Mendes Bastos e Tatiana Malta dos Santos. Caso haja recurso, o candidato pode encaminhar para o email:\u00a0sesaupetsga2022@gmail.com. O resultado final ser\u00e1 divulgado no dia 08 de agosto. Outras informa\u00e7\u00f5es no edital (http:\/\/doem.org.br\/ba\/juazeiro\/diarios\/previsualizar\/OjeK5ANB). Texto: Amanda Franco \u2013 Ascom Sesau PMJ\" \/>\n<meta property=\"og:url\" content=\"https:\/\/blogdofarnesio.com.br\/?p=318988\" \/>\n<meta property=\"og:site_name\" content=\"Blog do Farn\u00e9sio\" \/>\n<meta property=\"article:publisher\" content=\"https:\/\/www.facebook.com\/BlogQuerSaberPolitica\/\" \/>\n<meta property=\"article:author\" content=\"https:\/\/www.facebook.com\/?ref=tn_tnmn\" \/>\n<meta property=\"article:published_time\" content=\"2022-07-29T12:22:26+00:00\" \/>\n<meta property=\"og:image\" content=\"https:\/\/blogdofarnesio.com.br\/wp-content\/uploads\/2022\/04\/Saude-em-Movimento-2-e1650824935237.jpg\" \/>\n\t<meta property=\"og:image:width\" content=\"620\" \/>\n\t<meta property=\"og:image:height\" content=\"413\" \/>\n\t<meta property=\"og:image:type\" content=\"image\/jpeg\" \/>\n<meta name=\"author\" content=\"Farn\u00e9sio\" \/>\n<meta name=\"twitter:card\" content=\"summary_large_image\" \/>\n<meta name=\"twitter:label1\" content=\"Escrito por\" \/>\n\t<meta name=\"twitter:data1\" content=\"Farn\u00e9sio\" \/>\n\t<meta name=\"twitter:label2\" content=\"Est. tempo de leitura\" \/>\n\t<meta name=\"twitter:data2\" content=\"1 minuto\" \/>\n<script type=\"application\/ld+json\" class=\"yoast-schema-graph\">{\"@context\":\"https:\\\/\\\/schema.org\",\"@graph\":[{\"@type\":\"Article\",\"@id\":\"https:\\\/\\\/blogdofarnesio.com.br\\\/?p=318988#article\",\"isPartOf\":{\"@id\":\"https:\\\/\\\/blogdofarnesio.com.br\\\/?p=318988\"},\"author\":{\"name\":\"Farn\u00e9sio\",\"@id\":\"https:\\\/\\\/blogdofarnesio.com.br\\\/#\\\/schema\\\/person\\\/bb9b23ae3ad0609ce8df7b6c9e76824d\"},\"headline\":\"Sa\u00fade de Juazeiro publica lista de inscritos para preceptores do PET-Sa\u00fade\\\/ Gest\u00e3o e Assist\u00eancia\",\"datePublished\":\"2022-07-29T12:22:26+00:00\",\"mainEntityOfPage\":{\"@id\":\"https:\\\/\\\/blogdofarnesio.com.br\\\/?p=318988\"},\"wordCount\":160,\"commentCount\":0,\"publisher\":{\"@id\":\"https:\\\/\\\/blogdofarnesio.com.br\\\/#organization\"},\"image\":{\"@id\":\"https:\\\/\\\/blogdofarnesio.com.br\\\/?p=318988#primaryimage\"},\"thumbnailUrl\":\"https:\\\/\\\/blogdofarnesio.com.br\\\/wp-content\\\/uploads\\\/2022\\\/04\\\/Saude-em-Movimento-2-e1650824935237.jpg\",\"articleSection\":[\"Administra\u00e7\u00e3o\"],\"inLanguage\":\"pt-BR\",\"potentialAction\":[{\"@type\":\"CommentAction\",\"name\":\"Comment\",\"target\":[\"https:\\\/\\\/blogdofarnesio.com.br\\\/?p=318988#respond\"]}]},{\"@type\":\"WebPage\",\"@id\":\"https:\\\/\\\/blogdofarnesio.com.br\\\/?p=318988\",\"url\":\"https:\\\/\\\/blogdofarnesio.com.br\\\/?p=318988\",\"name\":\"Sa\u00fade de Juazeiro publica lista de inscritos para preceptores do PET-Sa\u00fade\\\/ Gest\u00e3o e Assist\u00eancia - Blog do Farn\u00e9sio\",\"isPartOf\":{\"@id\":\"https:\\\/\\\/blogdofarnesio.com.br\\\/#website\"},\"primaryImageOfPage\":{\"@id\":\"https:\\\/\\\/blogdofarnesio.com.br\\\/?p=318988#primaryimage\"},\"image\":{\"@id\":\"https:\\\/\\\/blogdofarnesio.com.br\\\/?p=318988#primaryimage\"},\"thumbnailUrl\":\"https:\\\/\\\/blogdofarnesio.com.br\\\/wp-content\\\/uploads\\\/2022\\\/04\\\/Saude-em-Movimento-2-e1650824935237.jpg\",\"datePublished\":\"2022-07-29T12:22:26+00:00\",\"breadcrumb\":{\"@id\":\"https:\\\/\\\/blogdofarnesio.com.br\\\/?p=318988#breadcrumb\"},\"inLanguage\":\"pt-BR\",\"potentialAction\":[{\"@type\":\"ReadAction\",\"target\":[\"https:\\\/\\\/blogdofarnesio.com.br\\\/?p=318988\"]}]},{\"@type\":\"ImageObject\",\"inLanguage\":\"pt-BR\",\"@id\":\"https:\\\/\\\/blogdofarnesio.com.br\\\/?p=318988#primaryimage\",\"url\":\"https:\\\/\\\/blogdofarnesio.com.br\\\/wp-content\\\/uploads\\\/2022\\\/04\\\/Saude-em-Movimento-2-e1650824935237.jpg\",\"contentUrl\":\"https:\\\/\\\/blogdofarnesio.com.br\\\/wp-content\\\/uploads\\\/2022\\\/04\\\/Saude-em-Movimento-2-e1650824935237.jpg\",\"width\":620,\"height\":413},{\"@type\":\"BreadcrumbList\",\"@id\":\"https:\\\/\\\/blogdofarnesio.com.br\\\/?p=318988#breadcrumb\",\"itemListElement\":[{\"@type\":\"ListItem\",\"position\":1,\"name\":\"In\u00edcio\",\"item\":\"https:\\\/\\\/blogdofarnesio.com.br\\\/\"},{\"@type\":\"ListItem\",\"position\":2,\"name\":\"Sa\u00fade de Juazeiro publica lista de inscritos para preceptores do PET-Sa\u00fade\\\/ Gest\u00e3o e Assist\u00eancia\"}]},{\"@type\":\"WebSite\",\"@id\":\"https:\\\/\\\/blogdofarnesio.com.br\\\/#website\",\"url\":\"https:\\\/\\\/blogdofarnesio.com.br\\\/\",\"name\":\"Blog do Farn\u00e9sio\",\"description\":\"Quer Saber Pol\u00edtica?\",\"publisher\":{\"@id\":\"https:\\\/\\\/blogdofarnesio.com.br\\\/#organization\"},\"potentialAction\":[{\"@type\":\"SearchAction\",\"target\":{\"@type\":\"EntryPoint\",\"urlTemplate\":\"https:\\\/\\\/blogdofarnesio.com.br\\\/?s={search_term_string}\"},\"query-input\":{\"@type\":\"PropertyValueSpecification\",\"valueRequired\":true,\"valueName\":\"search_term_string\"}}],\"inLanguage\":\"pt-BR\"},{\"@type\":\"Organization\",\"@id\":\"https:\\\/\\\/blogdofarnesio.com.br\\\/#organization\",\"name\":\"Blog do Farn\u00e9sio\",\"url\":\"https:\\\/\\\/blogdofarnesio.com.br\\\/\",\"logo\":{\"@type\":\"ImageObject\",\"inLanguage\":\"pt-BR\",\"@id\":\"https:\\\/\\\/blogdofarnesio.com.br\\\/#\\\/schema\\\/logo\\\/image\\\/\",\"url\":\"https:\\\/\\\/blogdofarnesio.com.br\\\/wp-content\\\/uploads\\\/2026\\\/03\\\/cropped-logo_new-1.png\",\"contentUrl\":\"https:\\\/\\\/blogdofarnesio.com.br\\\/wp-content\\\/uploads\\\/2026\\\/03\\\/cropped-logo_new-1.png\",\"width\":881,\"height\":685,\"caption\":\"Blog do Farn\u00e9sio\"},\"image\":{\"@id\":\"https:\\\/\\\/blogdofarnesio.com.br\\\/#\\\/schema\\\/logo\\\/image\\\/\"},\"sameAs\":[\"https:\\\/\\\/www.facebook.com\\\/BlogQuerSaberPolitica\\\/\"]},{\"@type\":\"Person\",\"@id\":\"https:\\\/\\\/blogdofarnesio.com.br\\\/#\\\/schema\\\/person\\\/bb9b23ae3ad0609ce8df7b6c9e76824d\",\"name\":\"Farn\u00e9sio\",\"image\":{\"@type\":\"ImageObject\",\"inLanguage\":\"pt-BR\",\"@id\":\"https:\\\/\\\/secure.gravatar.com\\\/avatar\\\/986aa4c61ccdb66f8555bf88fc2a65609d00bcabd4d2d94377a727547345cbca?s=96&d=mm&r=g\",\"url\":\"https:\\\/\\\/secure.gravatar.com\\\/avatar\\\/986aa4c61ccdb66f8555bf88fc2a65609d00bcabd4d2d94377a727547345cbca?s=96&d=mm&r=g\",\"contentUrl\":\"https:\\\/\\\/secure.gravatar.com\\\/avatar\\\/986aa4c61ccdb66f8555bf88fc2a65609d00bcabd4d2d94377a727547345cbca?s=96&d=mm&r=g\",\"caption\":\"Farn\u00e9sio\"},\"description\":\"Radialista blogueiro, chegou a Petrolina\\\/Juazeiro em setembro de 1980, Farn\u00e9sio Silva \u00e9 de Arapiraca-Alagoas.\",\"sameAs\":[\"http:\\\/\\\/blogdofarnesio.com.br\",\"https:\\\/\\\/www.facebook.com\\\/?ref=tn_tnmn\",\"https:\\\/\\\/www.instagram.com\\\/?utm_source=pwa_homescreen\",\"https:\\\/\\\/youtube.com.br\\\/\"],\"url\":\"https:\\\/\\\/blogdofarnesio.com.br\\\/?author=2\"}]}<\/script>\n<!-- \/ Yoast SEO plugin. -->","yoast_head_json":{"title":"Sa\u00fade de Juazeiro publica lista de inscritos para preceptores do PET-Sa\u00fade\/ Gest\u00e3o e Assist\u00eancia - Blog do Farn\u00e9sio","robots":{"index":"index","follow":"follow","max-snippet":"max-snippet:-1","max-image-preview":"max-image-preview:large","max-video-preview":"max-video-preview:-1"},"canonical":"https:\/\/blogdofarnesio.com.br\/?p=318988","og_locale":"pt_BR","og_type":"article","og_title":"Sa\u00fade de Juazeiro publica lista de inscritos para preceptores do PET-Sa\u00fade\/ Gest\u00e3o e Assist\u00eancia - Blog do Farn\u00e9sio","og_description":"A Secretaria de Sa\u00fade de Juazeiro (Sesau) divulgou nesta quinta-feira (28) a lista de inscritos da sele\u00e7\u00e3o para preceptores bolsistas do Programa de Educa\u00e7\u00e3o Pelo Trabalho para a Sa\u00fade Gest\u00e3o e Assist\u00eancia (PET-Sa\u00fade\/ Gest\u00e3o e Assist\u00eancia).\u00a0 Os candidatos tiveram que atender alguns requisitos, dentre eles, ser servidor p\u00fablico municipal concursado, efetivo ou tempor\u00e1rio. Est\u00e3o inscritos Ana Ires dos Santos Almeida, Anne Grazielle Azevedo de Almeida, Caroline de Moraes Pereira Morgado, J\u00e9ssica Silva de Siqueira Barbosa, Karoline Barros Concei\u00e7\u00e3o, Tamise Mendes Bastos e Tatiana Malta dos Santos. Caso haja recurso, o candidato pode encaminhar para o email:\u00a0sesaupetsga2022@gmail.com. O resultado final ser\u00e1 divulgado no dia 08 de agosto. Outras informa\u00e7\u00f5es no edital (http:\/\/doem.org.br\/ba\/juazeiro\/diarios\/previsualizar\/OjeK5ANB). Texto: Amanda Franco \u2013 Ascom Sesau PMJ","og_url":"https:\/\/blogdofarnesio.com.br\/?p=318988","og_site_name":"Blog do Farn\u00e9sio","article_publisher":"https:\/\/www.facebook.com\/BlogQuerSaberPolitica\/","article_author":"https:\/\/www.facebook.com\/?ref=tn_tnmn","article_published_time":"2022-07-29T12:22:26+00:00","og_image":[{"width":620,"height":413,"url":"https:\/\/blogdofarnesio.com.br\/wp-content\/uploads\/2022\/04\/Saude-em-Movimento-2-e1650824935237.jpg","type":"image\/jpeg"}],"author":"Farn\u00e9sio","twitter_card":"summary_large_image","twitter_misc":{"Escrito por":"Farn\u00e9sio","Est. tempo de leitura":"1 minuto"},"schema":{"@context":"https:\/\/schema.org","@graph":[{"@type":"Article","@id":"https:\/\/blogdofarnesio.com.br\/?p=318988#article","isPartOf":{"@id":"https:\/\/blogdofarnesio.com.br\/?p=318988"},"author":{"name":"Farn\u00e9sio","@id":"https:\/\/blogdofarnesio.com.br\/#\/schema\/person\/bb9b23ae3ad0609ce8df7b6c9e76824d"},"headline":"Sa\u00fade de Juazeiro publica lista de inscritos para preceptores do PET-Sa\u00fade\/ Gest\u00e3o e Assist\u00eancia","datePublished":"2022-07-29T12:22:26+00:00","mainEntityOfPage":{"@id":"https:\/\/blogdofarnesio.com.br\/?p=318988"},"wordCount":160,"commentCount":0,"publisher":{"@id":"https:\/\/blogdofarnesio.com.br\/#organization"},"image":{"@id":"https:\/\/blogdofarnesio.com.br\/?p=318988#primaryimage"},"thumbnailUrl":"https:\/\/blogdofarnesio.com.br\/wp-content\/uploads\/2022\/04\/Saude-em-Movimento-2-e1650824935237.jpg","articleSection":["Administra\u00e7\u00e3o"],"inLanguage":"pt-BR","potentialAction":[{"@type":"CommentAction","name":"Comment","target":["https:\/\/blogdofarnesio.com.br\/?p=318988#respond"]}]},{"@type":"WebPage","@id":"https:\/\/blogdofarnesio.com.br\/?p=318988","url":"https:\/\/blogdofarnesio.com.br\/?p=318988","name":"Sa\u00fade de Juazeiro publica lista de inscritos para preceptores do PET-Sa\u00fade\/ Gest\u00e3o e Assist\u00eancia - Blog do Farn\u00e9sio","isPartOf":{"@id":"https:\/\/blogdofarnesio.com.br\/#website"},"primaryImageOfPage":{"@id":"https:\/\/blogdofarnesio.com.br\/?p=318988#primaryimage"},"image":{"@id":"https:\/\/blogdofarnesio.com.br\/?p=318988#primaryimage"},"thumbnailUrl":"https:\/\/blogdofarnesio.com.br\/wp-content\/uploads\/2022\/04\/Saude-em-Movimento-2-e1650824935237.jpg","datePublished":"2022-07-29T12:22:26+00:00","breadcrumb":{"@id":"https:\/\/blogdofarnesio.com.br\/?p=318988#breadcrumb"},"inLanguage":"pt-BR","potentialAction":[{"@type":"ReadAction","target":["https:\/\/blogdofarnesio.com.br\/?p=318988"]}]},{"@type":"ImageObject","inLanguage":"pt-BR","@id":"https:\/\/blogdofarnesio.com.br\/?p=318988#primaryimage","url":"https:\/\/blogdofarnesio.com.br\/wp-content\/uploads\/2022\/04\/Saude-em-Movimento-2-e1650824935237.jpg","contentUrl":"https:\/\/blogdofarnesio.com.br\/wp-content\/uploads\/2022\/04\/Saude-em-Movimento-2-e1650824935237.jpg","width":620,"height":413},{"@type":"BreadcrumbList","@id":"https:\/\/blogdofarnesio.com.br\/?p=318988#breadcrumb","itemListElement":[{"@type":"ListItem","position":1,"name":"In\u00edcio","item":"https:\/\/blogdofarnesio.com.br\/"},{"@type":"ListItem","position":2,"name":"Sa\u00fade de Juazeiro publica lista de inscritos para preceptores do PET-Sa\u00fade\/ Gest\u00e3o e Assist\u00eancia"}]},{"@type":"WebSite","@id":"https:\/\/blogdofarnesio.com.br\/#website","url":"https:\/\/blogdofarnesio.com.br\/","name":"Blog do Farn\u00e9sio","description":"Quer Saber Pol\u00edtica?","publisher":{"@id":"https:\/\/blogdofarnesio.com.br\/#organization"},"potentialAction":[{"@type":"SearchAction","target":{"@type":"EntryPoint","urlTemplate":"https:\/\/blogdofarnesio.com.br\/?s={search_term_string}"},"query-input":{"@type":"PropertyValueSpecification","valueRequired":true,"valueName":"search_term_string"}}],"inLanguage":"pt-BR"},{"@type":"Organization","@id":"https:\/\/blogdofarnesio.com.br\/#organization","name":"Blog do Farn\u00e9sio","url":"https:\/\/blogdofarnesio.com.br\/","logo":{"@type":"ImageObject","inLanguage":"pt-BR","@id":"https:\/\/blogdofarnesio.com.br\/#\/schema\/logo\/image\/","url":"https:\/\/blogdofarnesio.com.br\/wp-content\/uploads\/2026\/03\/cropped-logo_new-1.png","contentUrl":"https:\/\/blogdofarnesio.com.br\/wp-content\/uploads\/2026\/03\/cropped-logo_new-1.png","width":881,"height":685,"caption":"Blog do Farn\u00e9sio"},"image":{"@id":"https:\/\/blogdofarnesio.com.br\/#\/schema\/logo\/image\/"},"sameAs":["https:\/\/www.facebook.com\/BlogQuerSaberPolitica\/"]},{"@type":"Person","@id":"https:\/\/blogdofarnesio.com.br\/#\/schema\/person\/bb9b23ae3ad0609ce8df7b6c9e76824d","name":"Farn\u00e9sio","image":{"@type":"ImageObject","inLanguage":"pt-BR","@id":"https:\/\/secure.gravatar.com\/avatar\/986aa4c61ccdb66f8555bf88fc2a65609d00bcabd4d2d94377a727547345cbca?s=96&d=mm&r=g","url":"https:\/\/secure.gravatar.com\/avatar\/986aa4c61ccdb66f8555bf88fc2a65609d00bcabd4d2d94377a727547345cbca?s=96&d=mm&r=g","contentUrl":"https:\/\/secure.gravatar.com\/avatar\/986aa4c61ccdb66f8555bf88fc2a65609d00bcabd4d2d94377a727547345cbca?s=96&d=mm&r=g","caption":"Farn\u00e9sio"},"description":"Radialista blogueiro, chegou a Petrolina\/Juazeiro em setembro de 1980, Farn\u00e9sio Silva \u00e9 de Arapiraca-Alagoas.","sameAs":["http:\/\/blogdofarnesio.com.br","https:\/\/www.facebook.com\/?ref=tn_tnmn","https:\/\/www.instagram.com\/?utm_source=pwa_homescreen","https:\/\/youtube.com.br\/"],"url":"https:\/\/blogdofarnesio.com.br\/?author=2"}]}},"_links":{"self":[{"href":"https:\/\/blogdofarnesio.com.br\/index.php?rest_route=\/wp\/v2\/posts\/318988","targetHints":{"allow":["GET"]}}],"collection":[{"href":"https:\/\/blogdofarnesio.com.br\/index.php?rest_route=\/wp\/v2\/posts"}],"about":[{"href":"https:\/\/blogdofarnesio.com.br\/index.php?rest_route=\/wp\/v2\/types\/post"}],"author":[{"embeddable":true,"href":"https:\/\/blogdofarnesio.com.br\/index.php?rest_route=\/wp\/v2\/users\/2"}],"replies":[{"embeddable":true,"href":"https:\/\/blogdofarnesio.com.br\/index.php?rest_route=%2Fwp%2Fv2%2Fcomments&post=318988"}],"version-history":[{"count":0,"href":"https:\/\/blogdofarnesio.com.br\/index.php?rest_route=\/wp\/v2\/posts\/318988\/revisions"}],"wp:featuredmedia":[{"embeddable":true,"href":"https:\/\/blogdofarnesio.com.br\/index.php?rest_route=\/wp\/v2\/media\/311582"}],"wp:attachment":[{"href":"https:\/\/blogdofarnesio.com.br\/index.php?rest_route=%2Fwp%2Fv2%2Fmedia&parent=318988"}],"wp:term":[{"taxonomy":"category","embeddable":true,"href":"https:\/\/blogdofarnesio.com.br\/index.php?rest_route=%2Fwp%2Fv2%2Fcategories&post=318988"},{"taxonomy":"post_tag","embeddable":true,"href":"https:\/\/blogdofarnesio.com.br\/index.php?rest_route=%2Fwp%2Fv2%2Ftags&post=318988"}],"curies":[{"name":"wp","href":"https:\/\/api.w.org\/{rel}","templated":true}]}}