{"id":318953,"date":"2022-07-28T11:44:57","date_gmt":"2022-07-28T14:44:57","guid":{"rendered":"https:\/\/blogdofarnesio.com.br\/?p=318953"},"modified":"2022-07-28T10:57:23","modified_gmt":"2022-07-28T13:57:23","slug":"a-equacao-perfeita-para-o-imbroglio-do-uniao-brasil-em-pernambuco","status":"publish","type":"post","link":"https:\/\/blogdofarnesio.com.br\/?p=318953","title":{"rendered":"A equa\u00e7\u00e3o perfeita para o imbr\u00f3glio do Uni\u00e3o Brasil em Pernambuco\u00a0"},"content":{"rendered":"<p>A poss\u00edvel desist\u00eancia de Luciano Bivar como pr\u00e9-candidato a presidente da Rep\u00fablica pelo Uni\u00e3o Brasil saiu do campo das especula\u00e7\u00f5es para uma real possibilidade nos \u00faltimos dias. E sua decis\u00e3o impactaria significativamente no cen\u00e1rio eleitoral de Pernambuco. Dentre todas as op\u00e7\u00f5es colocadas, como disputar o Senado na chapa da Frente Popular ou ser candidato a federal na chapa encabe\u00e7ada por Miguel Coelho, a segunda equa\u00e7\u00e3o seria a considerada ideal por aliados de Luciano Bivar.<\/p>\n<p>Para que Bivar tente a reelei\u00e7\u00e3o para a C\u00e2mara dos Deputados, seria necess\u00e1rio o remanejamento da chapa proporcional que no fim das contas ajudaria ao pr\u00f3prio Miguel Coelho que precisa de uma retaguarda metropolitana para se consolidar na disputa pelo Pal\u00e1cio do Campo das Princesas.<\/p>\n<p>Ex-candidato a senador na disputa de 2018, perdendo a elei\u00e7\u00e3o para Jarbas Vasconcelos por uma margem pequena de votos, Mendon\u00e7a Filho \u00e9 tido como a op\u00e7\u00e3o ideal para ser o companheiro de chapa de Miguel, pois tem densidade eleitoral na metropolitana, tem experi\u00eancia e agregaria valor \u00e0 chapa encabe\u00e7ada pelo ex-prefeito de Petrolina.<\/p>\n<p>Deixando a disputa pela C\u00e2mara dos Deputados, Mendon\u00e7a tamb\u00e9m facilitaria a possibilidade de Luciano Bivar ser eleito deputado federal, uma vez que o partido seguramente elegeria dois deputados federais, o pr\u00f3prio Bivar e Fernando Filho. \u00danico a ter bom recall na disputa por uma vaga na C\u00e2mara Alta, Mendon\u00e7a teria a seguran\u00e7a do robusto tempo de televis\u00e3o e do teto do financiamento p\u00fablico. Seus tr\u00eas prefeitos seriam entregues a Luciano Bivar para consolidar a elei\u00e7\u00e3o dos dois parlamentares.<\/p>\n<p>Esta seria sua maior chance de eleger-se senador, uma vez que possui representatividade em setores da sociedade pela sua experi\u00eancia como governador de Pernambuco e ministro da Educa\u00e7\u00e3o. Come\u00e7ando na frente nas pesquisas, teria uma elei\u00e7\u00e3o de tiro curto capaz de lev\u00e1-lo pela primeira vez a uma vit\u00f3ria majorit\u00e1ria nas disputas que esteve presente. Consolidando esta equa\u00e7\u00e3o, ela seria a menos traum\u00e1tica para manter aceso o projeto de Miguel Coelho rumo ao Pal\u00e1cio do Campo das Princesas.<\/p>\n<p>Edmar Lyra<\/p>\n<p>&nbsp;<\/p>\n","protected":false},"excerpt":{"rendered":"<p>A poss\u00edvel desist\u00eancia de Luciano Bivar como pr\u00e9-candidato a presidente da Rep\u00fablica pelo Uni\u00e3o Brasil saiu do campo das especula\u00e7\u00f5es para uma real possibilidade nos \u00faltimos dias. E sua decis\u00e3o impactaria significativamente no cen\u00e1rio eleitoral de Pernambuco. Dentre todas as op\u00e7\u00f5es colocadas, como disputar o Senado na chapa da Frente Popular ou ser candidato a federal na chapa encabe\u00e7ada por Miguel Coelho, a segunda equa\u00e7\u00e3o seria a considerada ideal por aliados de Luciano Bivar. Para que Bivar tente a reelei\u00e7\u00e3o para a C\u00e2mara dos Deputados, seria necess\u00e1rio o remanejamento da chapa proporcional que no fim das contas ajudaria ao pr\u00f3prio Miguel Coelho que precisa de uma retaguarda metropolitana para se consolidar na disputa pelo Pal\u00e1cio do Campo das Princesas. Ex-candidato&hellip; <\/p>\n","protected":false},"author":2,"featured_media":318475,"comment_status":"open","ping_status":"open","sticky":false,"template":"","format":"standard","meta":{"_acf_changed":false,"footnotes":""},"categories":[34],"tags":[],"class_list":["post-318953","post","type-post","status-publish","format-standard","has-post-thumbnail","hentry","category-eleicoes"],"acf":[],"yoast_head":"<!-- This site is optimized with the Yoast SEO plugin v27.4 - https:\/\/yoast.com\/product\/yoast-seo-wordpress\/ -->\n<title>A equa\u00e7\u00e3o perfeita para o imbr\u00f3glio do Uni\u00e3o Brasil em Pernambuco\u00a0 - Blog do Farn\u00e9sio<\/title>\n<meta name=\"robots\" content=\"index, follow, max-snippet:-1, max-image-preview:large, max-video-preview:-1\" \/>\n<link rel=\"canonical\" href=\"https:\/\/blogdofarnesio.com.br\/?p=318953\" \/>\n<meta property=\"og:locale\" content=\"pt_BR\" \/>\n<meta property=\"og:type\" content=\"article\" \/>\n<meta property=\"og:title\" content=\"A equa\u00e7\u00e3o perfeita para o imbr\u00f3glio do Uni\u00e3o Brasil em Pernambuco\u00a0 - Blog do Farn\u00e9sio\" \/>\n<meta property=\"og:description\" content=\"A poss\u00edvel desist\u00eancia de Luciano Bivar como pr\u00e9-candidato a presidente da Rep\u00fablica pelo Uni\u00e3o Brasil saiu do campo das especula\u00e7\u00f5es para uma real possibilidade nos \u00faltimos dias. E sua decis\u00e3o impactaria significativamente no cen\u00e1rio eleitoral de Pernambuco. Dentre todas as op\u00e7\u00f5es colocadas, como disputar o Senado na chapa da Frente Popular ou ser candidato a federal na chapa encabe\u00e7ada por Miguel Coelho, a segunda equa\u00e7\u00e3o seria a considerada ideal por aliados de Luciano Bivar. Para que Bivar tente a reelei\u00e7\u00e3o para a C\u00e2mara dos Deputados, seria necess\u00e1rio o remanejamento da chapa proporcional que no fim das contas ajudaria ao pr\u00f3prio Miguel Coelho que precisa de uma retaguarda metropolitana para se consolidar na disputa pelo Pal\u00e1cio do Campo das Princesas. Ex-candidato&hellip;\" \/>\n<meta property=\"og:url\" content=\"https:\/\/blogdofarnesio.com.br\/?p=318953\" \/>\n<meta property=\"og:site_name\" content=\"Blog do Farn\u00e9sio\" \/>\n<meta property=\"article:publisher\" content=\"https:\/\/www.facebook.com\/BlogQuerSaberPolitica\/\" \/>\n<meta property=\"article:author\" content=\"https:\/\/www.facebook.com\/?ref=tn_tnmn\" \/>\n<meta property=\"article:published_time\" content=\"2022-07-28T14:44:57+00:00\" \/>\n<meta property=\"og:image\" content=\"https:\/\/blogdofarnesio.com.br\/wp-content\/uploads\/2022\/07\/Miguel-e-Mendonca-Filho-querem-tirar-Pernambuco-do-marasmo-e1658502669316.jpeg\" \/>\n\t<meta property=\"og:image:width\" content=\"600\" \/>\n\t<meta property=\"og:image:height\" content=\"400\" \/>\n\t<meta property=\"og:image:type\" content=\"image\/jpeg\" \/>\n<meta name=\"author\" content=\"Farn\u00e9sio\" \/>\n<meta name=\"twitter:card\" content=\"summary_large_image\" \/>\n<meta name=\"twitter:label1\" content=\"Escrito por\" \/>\n\t<meta name=\"twitter:data1\" content=\"Farn\u00e9sio\" \/>\n\t<meta name=\"twitter:label2\" content=\"Est. tempo de leitura\" \/>\n\t<meta name=\"twitter:data2\" content=\"2 minutos\" \/>\n<script type=\"application\/ld+json\" class=\"yoast-schema-graph\">{\"@context\":\"https:\\\/\\\/schema.org\",\"@graph\":[{\"@type\":\"Article\",\"@id\":\"https:\\\/\\\/blogdofarnesio.com.br\\\/?p=318953#article\",\"isPartOf\":{\"@id\":\"https:\\\/\\\/blogdofarnesio.com.br\\\/?p=318953\"},\"author\":{\"name\":\"Farn\u00e9sio\",\"@id\":\"https:\\\/\\\/blogdofarnesio.com.br\\\/#\\\/schema\\\/person\\\/bb9b23ae3ad0609ce8df7b6c9e76824d\"},\"headline\":\"A equa\u00e7\u00e3o perfeita para o imbr\u00f3glio do Uni\u00e3o Brasil em Pernambuco\u00a0\",\"datePublished\":\"2022-07-28T14:44:57+00:00\",\"mainEntityOfPage\":{\"@id\":\"https:\\\/\\\/blogdofarnesio.com.br\\\/?p=318953\"},\"wordCount\":383,\"commentCount\":0,\"publisher\":{\"@id\":\"https:\\\/\\\/blogdofarnesio.com.br\\\/#organization\"},\"image\":{\"@id\":\"https:\\\/\\\/blogdofarnesio.com.br\\\/?p=318953#primaryimage\"},\"thumbnailUrl\":\"https:\\\/\\\/blogdofarnesio.com.br\\\/wp-content\\\/uploads\\\/2022\\\/07\\\/Miguel-e-Mendonca-Filho-querem-tirar-Pernambuco-do-marasmo-e1658502669316.jpeg\",\"articleSection\":[\"Elei\u00e7\u00f5es\"],\"inLanguage\":\"pt-BR\",\"potentialAction\":[{\"@type\":\"CommentAction\",\"name\":\"Comment\",\"target\":[\"https:\\\/\\\/blogdofarnesio.com.br\\\/?p=318953#respond\"]}]},{\"@type\":\"WebPage\",\"@id\":\"https:\\\/\\\/blogdofarnesio.com.br\\\/?p=318953\",\"url\":\"https:\\\/\\\/blogdofarnesio.com.br\\\/?p=318953\",\"name\":\"A equa\u00e7\u00e3o perfeita para o imbr\u00f3glio do Uni\u00e3o Brasil em Pernambuco\u00a0 - Blog do Farn\u00e9sio\",\"isPartOf\":{\"@id\":\"https:\\\/\\\/blogdofarnesio.com.br\\\/#website\"},\"primaryImageOfPage\":{\"@id\":\"https:\\\/\\\/blogdofarnesio.com.br\\\/?p=318953#primaryimage\"},\"image\":{\"@id\":\"https:\\\/\\\/blogdofarnesio.com.br\\\/?p=318953#primaryimage\"},\"thumbnailUrl\":\"https:\\\/\\\/blogdofarnesio.com.br\\\/wp-content\\\/uploads\\\/2022\\\/07\\\/Miguel-e-Mendonca-Filho-querem-tirar-Pernambuco-do-marasmo-e1658502669316.jpeg\",\"datePublished\":\"2022-07-28T14:44:57+00:00\",\"breadcrumb\":{\"@id\":\"https:\\\/\\\/blogdofarnesio.com.br\\\/?p=318953#breadcrumb\"},\"inLanguage\":\"pt-BR\",\"potentialAction\":[{\"@type\":\"ReadAction\",\"target\":[\"https:\\\/\\\/blogdofarnesio.com.br\\\/?p=318953\"]}]},{\"@type\":\"ImageObject\",\"inLanguage\":\"pt-BR\",\"@id\":\"https:\\\/\\\/blogdofarnesio.com.br\\\/?p=318953#primaryimage\",\"url\":\"https:\\\/\\\/blogdofarnesio.com.br\\\/wp-content\\\/uploads\\\/2022\\\/07\\\/Miguel-e-Mendonca-Filho-querem-tirar-Pernambuco-do-marasmo-e1658502669316.jpeg\",\"contentUrl\":\"https:\\\/\\\/blogdofarnesio.com.br\\\/wp-content\\\/uploads\\\/2022\\\/07\\\/Miguel-e-Mendonca-Filho-querem-tirar-Pernambuco-do-marasmo-e1658502669316.jpeg\",\"width\":600,\"height\":400},{\"@type\":\"BreadcrumbList\",\"@id\":\"https:\\\/\\\/blogdofarnesio.com.br\\\/?p=318953#breadcrumb\",\"itemListElement\":[{\"@type\":\"ListItem\",\"position\":1,\"name\":\"In\u00edcio\",\"item\":\"https:\\\/\\\/blogdofarnesio.com.br\\\/\"},{\"@type\":\"ListItem\",\"position\":2,\"name\":\"A equa\u00e7\u00e3o perfeita para o imbr\u00f3glio do Uni\u00e3o Brasil em Pernambuco\u00a0\"}]},{\"@type\":\"WebSite\",\"@id\":\"https:\\\/\\\/blogdofarnesio.com.br\\\/#website\",\"url\":\"https:\\\/\\\/blogdofarnesio.com.br\\\/\",\"name\":\"Blog do Farn\u00e9sio\",\"description\":\"Quer Saber Pol\u00edtica?\",\"publisher\":{\"@id\":\"https:\\\/\\\/blogdofarnesio.com.br\\\/#organization\"},\"potentialAction\":[{\"@type\":\"SearchAction\",\"target\":{\"@type\":\"EntryPoint\",\"urlTemplate\":\"https:\\\/\\\/blogdofarnesio.com.br\\\/?s={search_term_string}\"},\"query-input\":{\"@type\":\"PropertyValueSpecification\",\"valueRequired\":true,\"valueName\":\"search_term_string\"}}],\"inLanguage\":\"pt-BR\"},{\"@type\":\"Organization\",\"@id\":\"https:\\\/\\\/blogdofarnesio.com.br\\\/#organization\",\"name\":\"Blog do Farn\u00e9sio\",\"url\":\"https:\\\/\\\/blogdofarnesio.com.br\\\/\",\"logo\":{\"@type\":\"ImageObject\",\"inLanguage\":\"pt-BR\",\"@id\":\"https:\\\/\\\/blogdofarnesio.com.br\\\/#\\\/schema\\\/logo\\\/image\\\/\",\"url\":\"https:\\\/\\\/blogdofarnesio.com.br\\\/wp-content\\\/uploads\\\/2026\\\/03\\\/cropped-logo_new-1.png\",\"contentUrl\":\"https:\\\/\\\/blogdofarnesio.com.br\\\/wp-content\\\/uploads\\\/2026\\\/03\\\/cropped-logo_new-1.png\",\"width\":881,\"height\":685,\"caption\":\"Blog do Farn\u00e9sio\"},\"image\":{\"@id\":\"https:\\\/\\\/blogdofarnesio.com.br\\\/#\\\/schema\\\/logo\\\/image\\\/\"},\"sameAs\":[\"https:\\\/\\\/www.facebook.com\\\/BlogQuerSaberPolitica\\\/\"]},{\"@type\":\"Person\",\"@id\":\"https:\\\/\\\/blogdofarnesio.com.br\\\/#\\\/schema\\\/person\\\/bb9b23ae3ad0609ce8df7b6c9e76824d\",\"name\":\"Farn\u00e9sio\",\"image\":{\"@type\":\"ImageObject\",\"inLanguage\":\"pt-BR\",\"@id\":\"https:\\\/\\\/secure.gravatar.com\\\/avatar\\\/986aa4c61ccdb66f8555bf88fc2a65609d00bcabd4d2d94377a727547345cbca?s=96&d=mm&r=g\",\"url\":\"https:\\\/\\\/secure.gravatar.com\\\/avatar\\\/986aa4c61ccdb66f8555bf88fc2a65609d00bcabd4d2d94377a727547345cbca?s=96&d=mm&r=g\",\"contentUrl\":\"https:\\\/\\\/secure.gravatar.com\\\/avatar\\\/986aa4c61ccdb66f8555bf88fc2a65609d00bcabd4d2d94377a727547345cbca?s=96&d=mm&r=g\",\"caption\":\"Farn\u00e9sio\"},\"description\":\"Radialista blogueiro, chegou a Petrolina\\\/Juazeiro em setembro de 1980, Farn\u00e9sio Silva \u00e9 de Arapiraca-Alagoas.\",\"sameAs\":[\"http:\\\/\\\/blogdofarnesio.com.br\",\"https:\\\/\\\/www.facebook.com\\\/?ref=tn_tnmn\",\"https:\\\/\\\/www.instagram.com\\\/?utm_source=pwa_homescreen\",\"https:\\\/\\\/youtube.com.br\\\/\"],\"url\":\"https:\\\/\\\/blogdofarnesio.com.br\\\/?author=2\"}]}<\/script>\n<!-- \/ Yoast SEO plugin. -->","yoast_head_json":{"title":"A equa\u00e7\u00e3o perfeita para o imbr\u00f3glio do Uni\u00e3o Brasil em Pernambuco\u00a0 - Blog do Farn\u00e9sio","robots":{"index":"index","follow":"follow","max-snippet":"max-snippet:-1","max-image-preview":"max-image-preview:large","max-video-preview":"max-video-preview:-1"},"canonical":"https:\/\/blogdofarnesio.com.br\/?p=318953","og_locale":"pt_BR","og_type":"article","og_title":"A equa\u00e7\u00e3o perfeita para o imbr\u00f3glio do Uni\u00e3o Brasil em Pernambuco\u00a0 - Blog do Farn\u00e9sio","og_description":"A poss\u00edvel desist\u00eancia de Luciano Bivar como pr\u00e9-candidato a presidente da Rep\u00fablica pelo Uni\u00e3o Brasil saiu do campo das especula\u00e7\u00f5es para uma real possibilidade nos \u00faltimos dias. E sua decis\u00e3o impactaria significativamente no cen\u00e1rio eleitoral de Pernambuco. Dentre todas as op\u00e7\u00f5es colocadas, como disputar o Senado na chapa da Frente Popular ou ser candidato a federal na chapa encabe\u00e7ada por Miguel Coelho, a segunda equa\u00e7\u00e3o seria a considerada ideal por aliados de Luciano Bivar. Para que Bivar tente a reelei\u00e7\u00e3o para a C\u00e2mara dos Deputados, seria necess\u00e1rio o remanejamento da chapa proporcional que no fim das contas ajudaria ao pr\u00f3prio Miguel Coelho que precisa de uma retaguarda metropolitana para se consolidar na disputa pelo Pal\u00e1cio do Campo das Princesas. Ex-candidato&hellip;","og_url":"https:\/\/blogdofarnesio.com.br\/?p=318953","og_site_name":"Blog do Farn\u00e9sio","article_publisher":"https:\/\/www.facebook.com\/BlogQuerSaberPolitica\/","article_author":"https:\/\/www.facebook.com\/?ref=tn_tnmn","article_published_time":"2022-07-28T14:44:57+00:00","og_image":[{"width":600,"height":400,"url":"https:\/\/blogdofarnesio.com.br\/wp-content\/uploads\/2022\/07\/Miguel-e-Mendonca-Filho-querem-tirar-Pernambuco-do-marasmo-e1658502669316.jpeg","type":"image\/jpeg"}],"author":"Farn\u00e9sio","twitter_card":"summary_large_image","twitter_misc":{"Escrito por":"Farn\u00e9sio","Est. tempo de leitura":"2 minutos"},"schema":{"@context":"https:\/\/schema.org","@graph":[{"@type":"Article","@id":"https:\/\/blogdofarnesio.com.br\/?p=318953#article","isPartOf":{"@id":"https:\/\/blogdofarnesio.com.br\/?p=318953"},"author":{"name":"Farn\u00e9sio","@id":"https:\/\/blogdofarnesio.com.br\/#\/schema\/person\/bb9b23ae3ad0609ce8df7b6c9e76824d"},"headline":"A equa\u00e7\u00e3o perfeita para o imbr\u00f3glio do Uni\u00e3o Brasil em Pernambuco\u00a0","datePublished":"2022-07-28T14:44:57+00:00","mainEntityOfPage":{"@id":"https:\/\/blogdofarnesio.com.br\/?p=318953"},"wordCount":383,"commentCount":0,"publisher":{"@id":"https:\/\/blogdofarnesio.com.br\/#organization"},"image":{"@id":"https:\/\/blogdofarnesio.com.br\/?p=318953#primaryimage"},"thumbnailUrl":"https:\/\/blogdofarnesio.com.br\/wp-content\/uploads\/2022\/07\/Miguel-e-Mendonca-Filho-querem-tirar-Pernambuco-do-marasmo-e1658502669316.jpeg","articleSection":["Elei\u00e7\u00f5es"],"inLanguage":"pt-BR","potentialAction":[{"@type":"CommentAction","name":"Comment","target":["https:\/\/blogdofarnesio.com.br\/?p=318953#respond"]}]},{"@type":"WebPage","@id":"https:\/\/blogdofarnesio.com.br\/?p=318953","url":"https:\/\/blogdofarnesio.com.br\/?p=318953","name":"A equa\u00e7\u00e3o perfeita para o imbr\u00f3glio do Uni\u00e3o Brasil em Pernambuco\u00a0 - Blog do Farn\u00e9sio","isPartOf":{"@id":"https:\/\/blogdofarnesio.com.br\/#website"},"primaryImageOfPage":{"@id":"https:\/\/blogdofarnesio.com.br\/?p=318953#primaryimage"},"image":{"@id":"https:\/\/blogdofarnesio.com.br\/?p=318953#primaryimage"},"thumbnailUrl":"https:\/\/blogdofarnesio.com.br\/wp-content\/uploads\/2022\/07\/Miguel-e-Mendonca-Filho-querem-tirar-Pernambuco-do-marasmo-e1658502669316.jpeg","datePublished":"2022-07-28T14:44:57+00:00","breadcrumb":{"@id":"https:\/\/blogdofarnesio.com.br\/?p=318953#breadcrumb"},"inLanguage":"pt-BR","potentialAction":[{"@type":"ReadAction","target":["https:\/\/blogdofarnesio.com.br\/?p=318953"]}]},{"@type":"ImageObject","inLanguage":"pt-BR","@id":"https:\/\/blogdofarnesio.com.br\/?p=318953#primaryimage","url":"https:\/\/blogdofarnesio.com.br\/wp-content\/uploads\/2022\/07\/Miguel-e-Mendonca-Filho-querem-tirar-Pernambuco-do-marasmo-e1658502669316.jpeg","contentUrl":"https:\/\/blogdofarnesio.com.br\/wp-content\/uploads\/2022\/07\/Miguel-e-Mendonca-Filho-querem-tirar-Pernambuco-do-marasmo-e1658502669316.jpeg","width":600,"height":400},{"@type":"BreadcrumbList","@id":"https:\/\/blogdofarnesio.com.br\/?p=318953#breadcrumb","itemListElement":[{"@type":"ListItem","position":1,"name":"In\u00edcio","item":"https:\/\/blogdofarnesio.com.br\/"},{"@type":"ListItem","position":2,"name":"A equa\u00e7\u00e3o perfeita para o imbr\u00f3glio do Uni\u00e3o Brasil em Pernambuco\u00a0"}]},{"@type":"WebSite","@id":"https:\/\/blogdofarnesio.com.br\/#website","url":"https:\/\/blogdofarnesio.com.br\/","name":"Blog do Farn\u00e9sio","description":"Quer Saber Pol\u00edtica?","publisher":{"@id":"https:\/\/blogdofarnesio.com.br\/#organization"},"potentialAction":[{"@type":"SearchAction","target":{"@type":"EntryPoint","urlTemplate":"https:\/\/blogdofarnesio.com.br\/?s={search_term_string}"},"query-input":{"@type":"PropertyValueSpecification","valueRequired":true,"valueName":"search_term_string"}}],"inLanguage":"pt-BR"},{"@type":"Organization","@id":"https:\/\/blogdofarnesio.com.br\/#organization","name":"Blog do Farn\u00e9sio","url":"https:\/\/blogdofarnesio.com.br\/","logo":{"@type":"ImageObject","inLanguage":"pt-BR","@id":"https:\/\/blogdofarnesio.com.br\/#\/schema\/logo\/image\/","url":"https:\/\/blogdofarnesio.com.br\/wp-content\/uploads\/2026\/03\/cropped-logo_new-1.png","contentUrl":"https:\/\/blogdofarnesio.com.br\/wp-content\/uploads\/2026\/03\/cropped-logo_new-1.png","width":881,"height":685,"caption":"Blog do Farn\u00e9sio"},"image":{"@id":"https:\/\/blogdofarnesio.com.br\/#\/schema\/logo\/image\/"},"sameAs":["https:\/\/www.facebook.com\/BlogQuerSaberPolitica\/"]},{"@type":"Person","@id":"https:\/\/blogdofarnesio.com.br\/#\/schema\/person\/bb9b23ae3ad0609ce8df7b6c9e76824d","name":"Farn\u00e9sio","image":{"@type":"ImageObject","inLanguage":"pt-BR","@id":"https:\/\/secure.gravatar.com\/avatar\/986aa4c61ccdb66f8555bf88fc2a65609d00bcabd4d2d94377a727547345cbca?s=96&d=mm&r=g","url":"https:\/\/secure.gravatar.com\/avatar\/986aa4c61ccdb66f8555bf88fc2a65609d00bcabd4d2d94377a727547345cbca?s=96&d=mm&r=g","contentUrl":"https:\/\/secure.gravatar.com\/avatar\/986aa4c61ccdb66f8555bf88fc2a65609d00bcabd4d2d94377a727547345cbca?s=96&d=mm&r=g","caption":"Farn\u00e9sio"},"description":"Radialista blogueiro, chegou a Petrolina\/Juazeiro em setembro de 1980, Farn\u00e9sio Silva \u00e9 de Arapiraca-Alagoas.","sameAs":["http:\/\/blogdofarnesio.com.br","https:\/\/www.facebook.com\/?ref=tn_tnmn","https:\/\/www.instagram.com\/?utm_source=pwa_homescreen","https:\/\/youtube.com.br\/"],"url":"https:\/\/blogdofarnesio.com.br\/?author=2"}]}},"_links":{"self":[{"href":"https:\/\/blogdofarnesio.com.br\/index.php?rest_route=\/wp\/v2\/posts\/318953","targetHints":{"allow":["GET"]}}],"collection":[{"href":"https:\/\/blogdofarnesio.com.br\/index.php?rest_route=\/wp\/v2\/posts"}],"about":[{"href":"https:\/\/blogdofarnesio.com.br\/index.php?rest_route=\/wp\/v2\/types\/post"}],"author":[{"embeddable":true,"href":"https:\/\/blogdofarnesio.com.br\/index.php?rest_route=\/wp\/v2\/users\/2"}],"replies":[{"embeddable":true,"href":"https:\/\/blogdofarnesio.com.br\/index.php?rest_route=%2Fwp%2Fv2%2Fcomments&post=318953"}],"version-history":[{"count":0,"href":"https:\/\/blogdofarnesio.com.br\/index.php?rest_route=\/wp\/v2\/posts\/318953\/revisions"}],"wp:featuredmedia":[{"embeddable":true,"href":"https:\/\/blogdofarnesio.com.br\/index.php?rest_route=\/wp\/v2\/media\/318475"}],"wp:attachment":[{"href":"https:\/\/blogdofarnesio.com.br\/index.php?rest_route=%2Fwp%2Fv2%2Fmedia&parent=318953"}],"wp:term":[{"taxonomy":"category","embeddable":true,"href":"https:\/\/blogdofarnesio.com.br\/index.php?rest_route=%2Fwp%2Fv2%2Fcategories&post=318953"},{"taxonomy":"post_tag","embeddable":true,"href":"https:\/\/blogdofarnesio.com.br\/index.php?rest_route=%2Fwp%2Fv2%2Ftags&post=318953"}],"curies":[{"name":"wp","href":"https:\/\/api.w.org\/{rel}","templated":true}]}}