{"id":318948,"date":"2022-07-28T10:44:39","date_gmt":"2022-07-28T13:44:39","guid":{"rendered":"https:\/\/blogdofarnesio.com.br\/?p=318948"},"modified":"2022-07-28T08:30:09","modified_gmt":"2022-07-28T11:30:09","slug":"inscricoes-para-o-premio-sebrae-mulher-de-negocios-terminam-neste-domingo-31","status":"publish","type":"post","link":"https:\/\/blogdofarnesio.com.br\/?p=318948","title":{"rendered":"Inscri\u00e7\u00f5es para o Pr\u00eamio Sebrae Mulher de Neg\u00f3cios terminam neste domingo (31)"},"content":{"rendered":"<p style=\"font-weight: 400;\">Terminam neste domingo (31) as inscri\u00e7\u00f5es para Pr\u00eamio Sebrae Mulher de Neg\u00f3cios 2022. As inscri\u00e7\u00f5es podem ser feitas\u00a0<a href=\"https:\/\/www.sebrae.com.br\/sites\/PortalSebrae\/empreendedorismofeminino\/premiomulherdenegocios2022\" data-saferedirecturl=\"https:\/\/www.google.com\/url?q=https:\/\/www.sebrae.com.br\/sites\/PortalSebrae\/empreendedorismofeminino\/premiomulherdenegocios2022&amp;source=gmail&amp;ust=1659045662826000&amp;usg=AOvVaw33DA1r3coYbalqqnAWD5cC\">pela internet<\/a>. A edi\u00e7\u00e3o deste ano contempla as categorias Pequenos Neg\u00f3cios, Produtora Rural e Microempreendedora Individual (MEI). Para participar, al\u00e9m de realizar a inscri\u00e7\u00e3o, as mulheres devem enviar um v\u00eddeo de dois minutos comentando a solu\u00e7\u00e3o que oferecem ao mercado e sua trajet\u00f3ria como empreendedora.<\/p>\n<p style=\"font-weight: 400;\">Podem se inscrever mulheres maiores de 18 anos, propriet\u00e1rias de pequenos neg\u00f3cios, microempresas ou microempreendedoras individuais (MEI) com CNPJ e produtoras rurais que possuam inscri\u00e7\u00e3o estadual de produtor, n\u00famero do Im\u00f3vel Rural na Receita Federal (NIRF) ou declara\u00e7\u00e3o de aptid\u00e3o (DAP) ao Programa Nacional de Fortalecimento da Agricultura Familiar (Pronaf) ou que explorem atividade pesqueira e possuam registro no Minist\u00e9rio da Pesca.<\/p>\n<p style=\"font-weight: 400;\">Todos os detalhes da premia\u00e7\u00e3o, bem como o acesso ao regulamento, est\u00e3o dispon\u00edveis na p\u00e1gina do Pr\u00eamio. Desde 2004, o Pr\u00eamio j\u00e1 contou com a participa\u00e7\u00e3o de mais de 80 mil mulheres que compartilharam suas hist\u00f3rias de sucesso representando empreendedoras de todo o Brasil<\/p>\n<p style=\"font-weight: 400;\">A competi\u00e7\u00e3o tem um hist\u00f3rico de grandes aprendizados e trocas de conhecimento entre mulheres de todo o Brasil. Al\u00e9m das premia\u00e7\u00f5es que incluem capacita\u00e7\u00f5es, viagens, tablets, celulares, divulga\u00e7\u00f5es, mentorias e networking, as hist\u00f3rias podem inspirar diversas outras mulheres a entrarem para o mundo do empreendedorismo.<\/p>\n<p style=\"font-weight: 400;\">\n","protected":false},"excerpt":{"rendered":"<p>Terminam neste domingo (31) as inscri\u00e7\u00f5es para Pr\u00eamio Sebrae Mulher de Neg\u00f3cios 2022. As inscri\u00e7\u00f5es podem ser feitas\u00a0pela internet. A edi\u00e7\u00e3o deste ano contempla as categorias Pequenos Neg\u00f3cios, Produtora Rural e Microempreendedora Individual (MEI). Para participar, al\u00e9m de realizar a inscri\u00e7\u00e3o, as mulheres devem enviar um v\u00eddeo de dois minutos comentando a solu\u00e7\u00e3o que oferecem ao mercado e sua trajet\u00f3ria como empreendedora. Podem se inscrever mulheres maiores de 18 anos, propriet\u00e1rias de pequenos neg\u00f3cios, microempresas ou microempreendedoras individuais (MEI) com CNPJ e produtoras rurais que possuam inscri\u00e7\u00e3o estadual de produtor, n\u00famero do Im\u00f3vel Rural na Receita Federal (NIRF) ou declara\u00e7\u00e3o de aptid\u00e3o (DAP) ao Programa Nacional de Fortalecimento da Agricultura Familiar (Pronaf) ou que explorem atividade pesqueira e possuam registro&hellip; <\/p>\n","protected":false},"author":2,"featured_media":318949,"comment_status":"open","ping_status":"open","sticky":false,"template":"","format":"standard","meta":{"_acf_changed":false,"footnotes":""},"categories":[20],"tags":[],"class_list":["post-318948","post","type-post","status-publish","format-standard","has-post-thumbnail","hentry","category-economia"],"acf":[],"yoast_head":"<!-- This site is optimized with the Yoast SEO plugin v27.4 - https:\/\/yoast.com\/product\/yoast-seo-wordpress\/ -->\n<title>Inscri\u00e7\u00f5es para o Pr\u00eamio Sebrae Mulher de Neg\u00f3cios terminam neste domingo (31) - Blog do Farn\u00e9sio<\/title>\n<meta name=\"robots\" content=\"index, follow, max-snippet:-1, max-image-preview:large, max-video-preview:-1\" \/>\n<link rel=\"canonical\" href=\"https:\/\/blogdofarnesio.com.br\/?p=318948\" \/>\n<meta property=\"og:locale\" content=\"pt_BR\" \/>\n<meta property=\"og:type\" content=\"article\" \/>\n<meta property=\"og:title\" content=\"Inscri\u00e7\u00f5es para o Pr\u00eamio Sebrae Mulher de Neg\u00f3cios terminam neste domingo (31) - Blog do Farn\u00e9sio\" \/>\n<meta property=\"og:description\" content=\"Terminam neste domingo (31) as inscri\u00e7\u00f5es para Pr\u00eamio Sebrae Mulher de Neg\u00f3cios 2022. As inscri\u00e7\u00f5es podem ser feitas\u00a0pela internet. A edi\u00e7\u00e3o deste ano contempla as categorias Pequenos Neg\u00f3cios, Produtora Rural e Microempreendedora Individual (MEI). Para participar, al\u00e9m de realizar a inscri\u00e7\u00e3o, as mulheres devem enviar um v\u00eddeo de dois minutos comentando a solu\u00e7\u00e3o que oferecem ao mercado e sua trajet\u00f3ria como empreendedora. Podem se inscrever mulheres maiores de 18 anos, propriet\u00e1rias de pequenos neg\u00f3cios, microempresas ou microempreendedoras individuais (MEI) com CNPJ e produtoras rurais que possuam inscri\u00e7\u00e3o estadual de produtor, n\u00famero do Im\u00f3vel Rural na Receita Federal (NIRF) ou declara\u00e7\u00e3o de aptid\u00e3o (DAP) ao Programa Nacional de Fortalecimento da Agricultura Familiar (Pronaf) ou que explorem atividade pesqueira e possuam registro&hellip;\" \/>\n<meta property=\"og:url\" content=\"https:\/\/blogdofarnesio.com.br\/?p=318948\" \/>\n<meta property=\"og:site_name\" content=\"Blog do Farn\u00e9sio\" \/>\n<meta property=\"article:publisher\" content=\"https:\/\/www.facebook.com\/BlogQuerSaberPolitica\/\" \/>\n<meta property=\"article:author\" content=\"https:\/\/www.facebook.com\/?ref=tn_tnmn\" \/>\n<meta property=\"article:published_time\" content=\"2022-07-28T13:44:39+00:00\" \/>\n<meta property=\"og:image\" content=\"https:\/\/blogdofarnesio.com.br\/wp-content\/uploads\/2022\/07\/Foto-iStock-002-e1659007774266.jpg\" \/>\n\t<meta property=\"og:image:width\" content=\"624\" \/>\n\t<meta property=\"og:image:height\" content=\"377\" \/>\n\t<meta property=\"og:image:type\" content=\"image\/jpeg\" \/>\n<meta name=\"author\" content=\"Farn\u00e9sio\" \/>\n<meta name=\"twitter:card\" content=\"summary_large_image\" \/>\n<meta name=\"twitter:label1\" content=\"Escrito por\" \/>\n\t<meta name=\"twitter:data1\" content=\"Farn\u00e9sio\" \/>\n\t<meta name=\"twitter:label2\" content=\"Est. tempo de leitura\" \/>\n\t<meta name=\"twitter:data2\" content=\"2 minutos\" \/>\n<script type=\"application\/ld+json\" class=\"yoast-schema-graph\">{\"@context\":\"https:\\\/\\\/schema.org\",\"@graph\":[{\"@type\":\"Article\",\"@id\":\"https:\\\/\\\/blogdofarnesio.com.br\\\/?p=318948#article\",\"isPartOf\":{\"@id\":\"https:\\\/\\\/blogdofarnesio.com.br\\\/?p=318948\"},\"author\":{\"name\":\"Farn\u00e9sio\",\"@id\":\"https:\\\/\\\/blogdofarnesio.com.br\\\/#\\\/schema\\\/person\\\/bb9b23ae3ad0609ce8df7b6c9e76824d\"},\"headline\":\"Inscri\u00e7\u00f5es para o Pr\u00eamio Sebrae Mulher de Neg\u00f3cios terminam neste domingo (31)\",\"datePublished\":\"2022-07-28T13:44:39+00:00\",\"mainEntityOfPage\":{\"@id\":\"https:\\\/\\\/blogdofarnesio.com.br\\\/?p=318948\"},\"wordCount\":257,\"commentCount\":0,\"publisher\":{\"@id\":\"https:\\\/\\\/blogdofarnesio.com.br\\\/#organization\"},\"image\":{\"@id\":\"https:\\\/\\\/blogdofarnesio.com.br\\\/?p=318948#primaryimage\"},\"thumbnailUrl\":\"https:\\\/\\\/blogdofarnesio.com.br\\\/wp-content\\\/uploads\\\/2022\\\/07\\\/Foto-iStock-002-e1659007774266.jpg\",\"articleSection\":[\"Economia\"],\"inLanguage\":\"pt-BR\",\"potentialAction\":[{\"@type\":\"CommentAction\",\"name\":\"Comment\",\"target\":[\"https:\\\/\\\/blogdofarnesio.com.br\\\/?p=318948#respond\"]}]},{\"@type\":\"WebPage\",\"@id\":\"https:\\\/\\\/blogdofarnesio.com.br\\\/?p=318948\",\"url\":\"https:\\\/\\\/blogdofarnesio.com.br\\\/?p=318948\",\"name\":\"Inscri\u00e7\u00f5es para o Pr\u00eamio Sebrae Mulher de Neg\u00f3cios terminam neste domingo (31) - Blog do Farn\u00e9sio\",\"isPartOf\":{\"@id\":\"https:\\\/\\\/blogdofarnesio.com.br\\\/#website\"},\"primaryImageOfPage\":{\"@id\":\"https:\\\/\\\/blogdofarnesio.com.br\\\/?p=318948#primaryimage\"},\"image\":{\"@id\":\"https:\\\/\\\/blogdofarnesio.com.br\\\/?p=318948#primaryimage\"},\"thumbnailUrl\":\"https:\\\/\\\/blogdofarnesio.com.br\\\/wp-content\\\/uploads\\\/2022\\\/07\\\/Foto-iStock-002-e1659007774266.jpg\",\"datePublished\":\"2022-07-28T13:44:39+00:00\",\"breadcrumb\":{\"@id\":\"https:\\\/\\\/blogdofarnesio.com.br\\\/?p=318948#breadcrumb\"},\"inLanguage\":\"pt-BR\",\"potentialAction\":[{\"@type\":\"ReadAction\",\"target\":[\"https:\\\/\\\/blogdofarnesio.com.br\\\/?p=318948\"]}]},{\"@type\":\"ImageObject\",\"inLanguage\":\"pt-BR\",\"@id\":\"https:\\\/\\\/blogdofarnesio.com.br\\\/?p=318948#primaryimage\",\"url\":\"https:\\\/\\\/blogdofarnesio.com.br\\\/wp-content\\\/uploads\\\/2022\\\/07\\\/Foto-iStock-002-e1659007774266.jpg\",\"contentUrl\":\"https:\\\/\\\/blogdofarnesio.com.br\\\/wp-content\\\/uploads\\\/2022\\\/07\\\/Foto-iStock-002-e1659007774266.jpg\",\"width\":624,\"height\":377},{\"@type\":\"BreadcrumbList\",\"@id\":\"https:\\\/\\\/blogdofarnesio.com.br\\\/?p=318948#breadcrumb\",\"itemListElement\":[{\"@type\":\"ListItem\",\"position\":1,\"name\":\"In\u00edcio\",\"item\":\"https:\\\/\\\/blogdofarnesio.com.br\\\/\"},{\"@type\":\"ListItem\",\"position\":2,\"name\":\"Inscri\u00e7\u00f5es para o Pr\u00eamio Sebrae Mulher de Neg\u00f3cios terminam neste domingo (31)\"}]},{\"@type\":\"WebSite\",\"@id\":\"https:\\\/\\\/blogdofarnesio.com.br\\\/#website\",\"url\":\"https:\\\/\\\/blogdofarnesio.com.br\\\/\",\"name\":\"Blog do Farn\u00e9sio\",\"description\":\"Quer Saber Pol\u00edtica?\",\"publisher\":{\"@id\":\"https:\\\/\\\/blogdofarnesio.com.br\\\/#organization\"},\"potentialAction\":[{\"@type\":\"SearchAction\",\"target\":{\"@type\":\"EntryPoint\",\"urlTemplate\":\"https:\\\/\\\/blogdofarnesio.com.br\\\/?s={search_term_string}\"},\"query-input\":{\"@type\":\"PropertyValueSpecification\",\"valueRequired\":true,\"valueName\":\"search_term_string\"}}],\"inLanguage\":\"pt-BR\"},{\"@type\":\"Organization\",\"@id\":\"https:\\\/\\\/blogdofarnesio.com.br\\\/#organization\",\"name\":\"Blog do Farn\u00e9sio\",\"url\":\"https:\\\/\\\/blogdofarnesio.com.br\\\/\",\"logo\":{\"@type\":\"ImageObject\",\"inLanguage\":\"pt-BR\",\"@id\":\"https:\\\/\\\/blogdofarnesio.com.br\\\/#\\\/schema\\\/logo\\\/image\\\/\",\"url\":\"https:\\\/\\\/blogdofarnesio.com.br\\\/wp-content\\\/uploads\\\/2026\\\/03\\\/cropped-logo_new-1.png\",\"contentUrl\":\"https:\\\/\\\/blogdofarnesio.com.br\\\/wp-content\\\/uploads\\\/2026\\\/03\\\/cropped-logo_new-1.png\",\"width\":881,\"height\":685,\"caption\":\"Blog do Farn\u00e9sio\"},\"image\":{\"@id\":\"https:\\\/\\\/blogdofarnesio.com.br\\\/#\\\/schema\\\/logo\\\/image\\\/\"},\"sameAs\":[\"https:\\\/\\\/www.facebook.com\\\/BlogQuerSaberPolitica\\\/\"]},{\"@type\":\"Person\",\"@id\":\"https:\\\/\\\/blogdofarnesio.com.br\\\/#\\\/schema\\\/person\\\/bb9b23ae3ad0609ce8df7b6c9e76824d\",\"name\":\"Farn\u00e9sio\",\"image\":{\"@type\":\"ImageObject\",\"inLanguage\":\"pt-BR\",\"@id\":\"https:\\\/\\\/secure.gravatar.com\\\/avatar\\\/986aa4c61ccdb66f8555bf88fc2a65609d00bcabd4d2d94377a727547345cbca?s=96&d=mm&r=g\",\"url\":\"https:\\\/\\\/secure.gravatar.com\\\/avatar\\\/986aa4c61ccdb66f8555bf88fc2a65609d00bcabd4d2d94377a727547345cbca?s=96&d=mm&r=g\",\"contentUrl\":\"https:\\\/\\\/secure.gravatar.com\\\/avatar\\\/986aa4c61ccdb66f8555bf88fc2a65609d00bcabd4d2d94377a727547345cbca?s=96&d=mm&r=g\",\"caption\":\"Farn\u00e9sio\"},\"description\":\"Radialista blogueiro, chegou a Petrolina\\\/Juazeiro em setembro de 1980, Farn\u00e9sio Silva \u00e9 de Arapiraca-Alagoas.\",\"sameAs\":[\"http:\\\/\\\/blogdofarnesio.com.br\",\"https:\\\/\\\/www.facebook.com\\\/?ref=tn_tnmn\",\"https:\\\/\\\/www.instagram.com\\\/?utm_source=pwa_homescreen\",\"https:\\\/\\\/youtube.com.br\\\/\"],\"url\":\"https:\\\/\\\/blogdofarnesio.com.br\\\/?author=2\"}]}<\/script>\n<!-- \/ Yoast SEO plugin. -->","yoast_head_json":{"title":"Inscri\u00e7\u00f5es para o Pr\u00eamio Sebrae Mulher de Neg\u00f3cios terminam neste domingo (31) - Blog do Farn\u00e9sio","robots":{"index":"index","follow":"follow","max-snippet":"max-snippet:-1","max-image-preview":"max-image-preview:large","max-video-preview":"max-video-preview:-1"},"canonical":"https:\/\/blogdofarnesio.com.br\/?p=318948","og_locale":"pt_BR","og_type":"article","og_title":"Inscri\u00e7\u00f5es para o Pr\u00eamio Sebrae Mulher de Neg\u00f3cios terminam neste domingo (31) - Blog do Farn\u00e9sio","og_description":"Terminam neste domingo (31) as inscri\u00e7\u00f5es para Pr\u00eamio Sebrae Mulher de Neg\u00f3cios 2022. As inscri\u00e7\u00f5es podem ser feitas\u00a0pela internet. A edi\u00e7\u00e3o deste ano contempla as categorias Pequenos Neg\u00f3cios, Produtora Rural e Microempreendedora Individual (MEI). Para participar, al\u00e9m de realizar a inscri\u00e7\u00e3o, as mulheres devem enviar um v\u00eddeo de dois minutos comentando a solu\u00e7\u00e3o que oferecem ao mercado e sua trajet\u00f3ria como empreendedora. Podem se inscrever mulheres maiores de 18 anos, propriet\u00e1rias de pequenos neg\u00f3cios, microempresas ou microempreendedoras individuais (MEI) com CNPJ e produtoras rurais que possuam inscri\u00e7\u00e3o estadual de produtor, n\u00famero do Im\u00f3vel Rural na Receita Federal (NIRF) ou declara\u00e7\u00e3o de aptid\u00e3o (DAP) ao Programa Nacional de Fortalecimento da Agricultura Familiar (Pronaf) ou que explorem atividade pesqueira e possuam registro&hellip;","og_url":"https:\/\/blogdofarnesio.com.br\/?p=318948","og_site_name":"Blog do Farn\u00e9sio","article_publisher":"https:\/\/www.facebook.com\/BlogQuerSaberPolitica\/","article_author":"https:\/\/www.facebook.com\/?ref=tn_tnmn","article_published_time":"2022-07-28T13:44:39+00:00","og_image":[{"width":624,"height":377,"url":"https:\/\/blogdofarnesio.com.br\/wp-content\/uploads\/2022\/07\/Foto-iStock-002-e1659007774266.jpg","type":"image\/jpeg"}],"author":"Farn\u00e9sio","twitter_card":"summary_large_image","twitter_misc":{"Escrito por":"Farn\u00e9sio","Est. tempo de leitura":"2 minutos"},"schema":{"@context":"https:\/\/schema.org","@graph":[{"@type":"Article","@id":"https:\/\/blogdofarnesio.com.br\/?p=318948#article","isPartOf":{"@id":"https:\/\/blogdofarnesio.com.br\/?p=318948"},"author":{"name":"Farn\u00e9sio","@id":"https:\/\/blogdofarnesio.com.br\/#\/schema\/person\/bb9b23ae3ad0609ce8df7b6c9e76824d"},"headline":"Inscri\u00e7\u00f5es para o Pr\u00eamio Sebrae Mulher de Neg\u00f3cios terminam neste domingo (31)","datePublished":"2022-07-28T13:44:39+00:00","mainEntityOfPage":{"@id":"https:\/\/blogdofarnesio.com.br\/?p=318948"},"wordCount":257,"commentCount":0,"publisher":{"@id":"https:\/\/blogdofarnesio.com.br\/#organization"},"image":{"@id":"https:\/\/blogdofarnesio.com.br\/?p=318948#primaryimage"},"thumbnailUrl":"https:\/\/blogdofarnesio.com.br\/wp-content\/uploads\/2022\/07\/Foto-iStock-002-e1659007774266.jpg","articleSection":["Economia"],"inLanguage":"pt-BR","potentialAction":[{"@type":"CommentAction","name":"Comment","target":["https:\/\/blogdofarnesio.com.br\/?p=318948#respond"]}]},{"@type":"WebPage","@id":"https:\/\/blogdofarnesio.com.br\/?p=318948","url":"https:\/\/blogdofarnesio.com.br\/?p=318948","name":"Inscri\u00e7\u00f5es para o Pr\u00eamio Sebrae Mulher de Neg\u00f3cios terminam neste domingo (31) - Blog do Farn\u00e9sio","isPartOf":{"@id":"https:\/\/blogdofarnesio.com.br\/#website"},"primaryImageOfPage":{"@id":"https:\/\/blogdofarnesio.com.br\/?p=318948#primaryimage"},"image":{"@id":"https:\/\/blogdofarnesio.com.br\/?p=318948#primaryimage"},"thumbnailUrl":"https:\/\/blogdofarnesio.com.br\/wp-content\/uploads\/2022\/07\/Foto-iStock-002-e1659007774266.jpg","datePublished":"2022-07-28T13:44:39+00:00","breadcrumb":{"@id":"https:\/\/blogdofarnesio.com.br\/?p=318948#breadcrumb"},"inLanguage":"pt-BR","potentialAction":[{"@type":"ReadAction","target":["https:\/\/blogdofarnesio.com.br\/?p=318948"]}]},{"@type":"ImageObject","inLanguage":"pt-BR","@id":"https:\/\/blogdofarnesio.com.br\/?p=318948#primaryimage","url":"https:\/\/blogdofarnesio.com.br\/wp-content\/uploads\/2022\/07\/Foto-iStock-002-e1659007774266.jpg","contentUrl":"https:\/\/blogdofarnesio.com.br\/wp-content\/uploads\/2022\/07\/Foto-iStock-002-e1659007774266.jpg","width":624,"height":377},{"@type":"BreadcrumbList","@id":"https:\/\/blogdofarnesio.com.br\/?p=318948#breadcrumb","itemListElement":[{"@type":"ListItem","position":1,"name":"In\u00edcio","item":"https:\/\/blogdofarnesio.com.br\/"},{"@type":"ListItem","position":2,"name":"Inscri\u00e7\u00f5es para o Pr\u00eamio Sebrae Mulher de Neg\u00f3cios terminam neste domingo (31)"}]},{"@type":"WebSite","@id":"https:\/\/blogdofarnesio.com.br\/#website","url":"https:\/\/blogdofarnesio.com.br\/","name":"Blog do Farn\u00e9sio","description":"Quer Saber Pol\u00edtica?","publisher":{"@id":"https:\/\/blogdofarnesio.com.br\/#organization"},"potentialAction":[{"@type":"SearchAction","target":{"@type":"EntryPoint","urlTemplate":"https:\/\/blogdofarnesio.com.br\/?s={search_term_string}"},"query-input":{"@type":"PropertyValueSpecification","valueRequired":true,"valueName":"search_term_string"}}],"inLanguage":"pt-BR"},{"@type":"Organization","@id":"https:\/\/blogdofarnesio.com.br\/#organization","name":"Blog do Farn\u00e9sio","url":"https:\/\/blogdofarnesio.com.br\/","logo":{"@type":"ImageObject","inLanguage":"pt-BR","@id":"https:\/\/blogdofarnesio.com.br\/#\/schema\/logo\/image\/","url":"https:\/\/blogdofarnesio.com.br\/wp-content\/uploads\/2026\/03\/cropped-logo_new-1.png","contentUrl":"https:\/\/blogdofarnesio.com.br\/wp-content\/uploads\/2026\/03\/cropped-logo_new-1.png","width":881,"height":685,"caption":"Blog do Farn\u00e9sio"},"image":{"@id":"https:\/\/blogdofarnesio.com.br\/#\/schema\/logo\/image\/"},"sameAs":["https:\/\/www.facebook.com\/BlogQuerSaberPolitica\/"]},{"@type":"Person","@id":"https:\/\/blogdofarnesio.com.br\/#\/schema\/person\/bb9b23ae3ad0609ce8df7b6c9e76824d","name":"Farn\u00e9sio","image":{"@type":"ImageObject","inLanguage":"pt-BR","@id":"https:\/\/secure.gravatar.com\/avatar\/986aa4c61ccdb66f8555bf88fc2a65609d00bcabd4d2d94377a727547345cbca?s=96&d=mm&r=g","url":"https:\/\/secure.gravatar.com\/avatar\/986aa4c61ccdb66f8555bf88fc2a65609d00bcabd4d2d94377a727547345cbca?s=96&d=mm&r=g","contentUrl":"https:\/\/secure.gravatar.com\/avatar\/986aa4c61ccdb66f8555bf88fc2a65609d00bcabd4d2d94377a727547345cbca?s=96&d=mm&r=g","caption":"Farn\u00e9sio"},"description":"Radialista blogueiro, chegou a Petrolina\/Juazeiro em setembro de 1980, Farn\u00e9sio Silva \u00e9 de Arapiraca-Alagoas.","sameAs":["http:\/\/blogdofarnesio.com.br","https:\/\/www.facebook.com\/?ref=tn_tnmn","https:\/\/www.instagram.com\/?utm_source=pwa_homescreen","https:\/\/youtube.com.br\/"],"url":"https:\/\/blogdofarnesio.com.br\/?author=2"}]}},"_links":{"self":[{"href":"https:\/\/blogdofarnesio.com.br\/index.php?rest_route=\/wp\/v2\/posts\/318948","targetHints":{"allow":["GET"]}}],"collection":[{"href":"https:\/\/blogdofarnesio.com.br\/index.php?rest_route=\/wp\/v2\/posts"}],"about":[{"href":"https:\/\/blogdofarnesio.com.br\/index.php?rest_route=\/wp\/v2\/types\/post"}],"author":[{"embeddable":true,"href":"https:\/\/blogdofarnesio.com.br\/index.php?rest_route=\/wp\/v2\/users\/2"}],"replies":[{"embeddable":true,"href":"https:\/\/blogdofarnesio.com.br\/index.php?rest_route=%2Fwp%2Fv2%2Fcomments&post=318948"}],"version-history":[{"count":0,"href":"https:\/\/blogdofarnesio.com.br\/index.php?rest_route=\/wp\/v2\/posts\/318948\/revisions"}],"wp:featuredmedia":[{"embeddable":true,"href":"https:\/\/blogdofarnesio.com.br\/index.php?rest_route=\/wp\/v2\/media\/318949"}],"wp:attachment":[{"href":"https:\/\/blogdofarnesio.com.br\/index.php?rest_route=%2Fwp%2Fv2%2Fmedia&parent=318948"}],"wp:term":[{"taxonomy":"category","embeddable":true,"href":"https:\/\/blogdofarnesio.com.br\/index.php?rest_route=%2Fwp%2Fv2%2Fcategories&post=318948"},{"taxonomy":"post_tag","embeddable":true,"href":"https:\/\/blogdofarnesio.com.br\/index.php?rest_route=%2Fwp%2Fv2%2Ftags&post=318948"}],"curies":[{"name":"wp","href":"https:\/\/api.w.org\/{rel}","templated":true}]}}