{"id":318324,"date":"2022-07-21T02:02:21","date_gmt":"2022-07-21T05:02:21","guid":{"rendered":"https:\/\/blogdofarnesio.com.br\/?p=318324"},"modified":"2022-07-21T09:00:11","modified_gmt":"2022-07-21T12:00:11","slug":"eleicoes-2022-em-pernambuco-vamos-dar-um-banho-de-asfalto-nas-rodovias-de-pernambuco-diz-miguel-coelho-durante-agenda-na-mata-sul","status":"publish","type":"post","link":"https:\/\/blogdofarnesio.com.br\/?p=318324","title":{"rendered":"Elei\u00e7\u00f5es 2022 em Pernambuco: \u201dVamos dar um banho de asfalto nas rodovias de Pernambuco\u201d, diz Miguel Coelho durante agenda na Mata Sul"},"content":{"rendered":"<p style=\"font-weight: 400;\">Pr\u00e9-candidato ao governo de Pernambuco, Miguel Coelho (UB) declarou que vai repetir em Pernambuco o que fez em Petrolina: dar um banho de asfalto nas estradas. O ex-prefeito garantiu que ir\u00e1 recuperar as principais rodovias da Zona da Mata Sul para retomar o desenvolvimento econ\u00f4mico. O compromisso foi firmado durante agenda em Escada, um dos munic\u00edpios visitados pelo ex-prefeito de Petrolina, nesta quarta-feira (20), al\u00e9m de \u00c1gua Preta e Quipap\u00e1.<\/p>\n<p style=\"font-weight: 400;\">\n<p style=\"font-weight: 400;\">Acompanhado da pr\u00e9-candidata a vice-governadora pela chapa do Uni\u00e3o Brasil, Alessandra Vieira, do deputado estadual Ant\u00f4nio Coelho (UB), e de lideran\u00e7as locais das tr\u00eas cidades, Miguel Coelho lembrou in\u00fameras promessas feitas e n\u00e3o cumpridas pela gest\u00e3o do PSB nos \u00faltimos oito anos. Ele detalhou tamb\u00e9m a\u00e7\u00f5es de sua administra\u00e7\u00e3o na cidade sertaneja, aprovada por 90% da popula\u00e7\u00e3o, que viu mais de 1200 ruas serem pavimentadas, 2 viadutos constru\u00eddos e v\u00e1rias avenidas duplicadas em 5 anos de governo.<\/p>\n<p style=\"font-weight: 400;\">\n<p style=\"font-weight: 400;\">Para refor\u00e7ar a defesa da necessidade de\u00a0 obras vi\u00e1rias, Miguel lembrou uma pesquisa recente da Confedera\u00e7\u00e3o Nacional de Transportes (CNT). No ranking das piores rodovias do Brasil, duas est\u00e3o na Mata Sul do estado: PE-177 (Quipap\u00e1\/Garanhuns) e PE-096 (Palmares\/Barreiros\/Litoral Sul). As PE-45 (Escada\/Vit\u00f3ria de Santo Ant\u00e3o) e PE-60 (Grande Recife\/Litoral Sul) s\u00e3o outras duas em p\u00e9ssimo estado de conserva\u00e7\u00e3o.<\/p>\n<p style=\"font-weight: 400;\">\n<p style=\"font-weight: 400;\">&#8220;Vamos dar um banho de asfalto nas rodovias e estradas de todo o estado de Pernambuco, que foram classificadas como as piores do Brasil&#8221;, declarou. &#8220;Nosso plano de governo contempla R$ 400 milh\u00f5es por ano em manuten\u00e7\u00e3o das rodovias e vamos resolver o problema das estradas na Zona da Mata&#8221;, completou.<\/p>\n<p style=\"font-weight: 400;\">\n<p style=\"font-weight: 400;\">Miguel tamb\u00e9m falou que ir\u00e1 duplicar rodovias estrat\u00e9gicas. Citou algumas como a BR-232, a PE-60 e a PE-90. \u201cTudo isso \u00e9 muito importante. Ser\u00e3o dois programas que est\u00e3o nos nossos compromissos do plano governo, a recupera\u00e7\u00e3o das estradas e a duplica\u00e7\u00e3o de outras rodovias. Com isso, o estado voltar\u00e1 a ter uma malha vi\u00e1ria decente e a economia ser\u00e1 impulsionada\u201d, disse o pr\u00e9-candidato.<\/p>\n<p style=\"font-weight: 400;\">\n<p style=\"font-weight: 400;\">Foto: Max Brito<\/p>\n","protected":false},"excerpt":{"rendered":"<p>Pr\u00e9-candidato ao governo de Pernambuco, Miguel Coelho (UB) declarou que vai repetir em Pernambuco o que fez em Petrolina: dar um banho de asfalto nas estradas. O ex-prefeito garantiu que ir\u00e1 recuperar as principais rodovias da Zona da Mata Sul para retomar o desenvolvimento econ\u00f4mico. O compromisso foi firmado durante agenda em Escada, um dos munic\u00edpios visitados pelo ex-prefeito de Petrolina, nesta quarta-feira (20), al\u00e9m de \u00c1gua Preta e Quipap\u00e1. Acompanhado da pr\u00e9-candidata a vice-governadora pela chapa do Uni\u00e3o Brasil, Alessandra Vieira, do deputado estadual Ant\u00f4nio Coelho (UB), e de lideran\u00e7as locais das tr\u00eas cidades, Miguel Coelho lembrou in\u00fameras promessas feitas e n\u00e3o cumpridas pela gest\u00e3o do PSB nos \u00faltimos oito anos. Ele detalhou tamb\u00e9m a\u00e7\u00f5es de sua administra\u00e7\u00e3o na&hellip; <\/p>\n","protected":false},"author":2,"featured_media":318325,"comment_status":"open","ping_status":"open","sticky":false,"template":"","format":"standard","meta":{"_acf_changed":false,"footnotes":""},"categories":[34],"tags":[],"class_list":["post-318324","post","type-post","status-publish","format-standard","has-post-thumbnail","hentry","category-eleicoes"],"acf":[],"yoast_head":"<!-- This site is optimized with the Yoast SEO plugin v27.4 - https:\/\/yoast.com\/product\/yoast-seo-wordpress\/ -->\n<title>Elei\u00e7\u00f5es 2022 em Pernambuco: \u201dVamos dar um banho de asfalto nas rodovias de Pernambuco\u201d, diz Miguel Coelho durante agenda na Mata Sul - Blog do Farn\u00e9sio<\/title>\n<meta name=\"robots\" content=\"index, follow, max-snippet:-1, max-image-preview:large, max-video-preview:-1\" \/>\n<link rel=\"canonical\" href=\"https:\/\/blogdofarnesio.com.br\/?p=318324\" \/>\n<meta property=\"og:locale\" content=\"pt_BR\" \/>\n<meta property=\"og:type\" content=\"article\" \/>\n<meta property=\"og:title\" content=\"Elei\u00e7\u00f5es 2022 em Pernambuco: \u201dVamos dar um banho de asfalto nas rodovias de Pernambuco\u201d, diz Miguel Coelho durante agenda na Mata Sul - Blog do Farn\u00e9sio\" \/>\n<meta property=\"og:description\" content=\"Pr\u00e9-candidato ao governo de Pernambuco, Miguel Coelho (UB) declarou que vai repetir em Pernambuco o que fez em Petrolina: dar um banho de asfalto nas estradas. O ex-prefeito garantiu que ir\u00e1 recuperar as principais rodovias da Zona da Mata Sul para retomar o desenvolvimento econ\u00f4mico. O compromisso foi firmado durante agenda em Escada, um dos munic\u00edpios visitados pelo ex-prefeito de Petrolina, nesta quarta-feira (20), al\u00e9m de \u00c1gua Preta e Quipap\u00e1. Acompanhado da pr\u00e9-candidata a vice-governadora pela chapa do Uni\u00e3o Brasil, Alessandra Vieira, do deputado estadual Ant\u00f4nio Coelho (UB), e de lideran\u00e7as locais das tr\u00eas cidades, Miguel Coelho lembrou in\u00fameras promessas feitas e n\u00e3o cumpridas pela gest\u00e3o do PSB nos \u00faltimos oito anos. Ele detalhou tamb\u00e9m a\u00e7\u00f5es de sua administra\u00e7\u00e3o na&hellip;\" \/>\n<meta property=\"og:url\" content=\"https:\/\/blogdofarnesio.com.br\/?p=318324\" \/>\n<meta property=\"og:site_name\" content=\"Blog do Farn\u00e9sio\" \/>\n<meta property=\"article:publisher\" content=\"https:\/\/www.facebook.com\/BlogQuerSaberPolitica\/\" \/>\n<meta property=\"article:author\" content=\"https:\/\/www.facebook.com\/?ref=tn_tnmn\" \/>\n<meta property=\"article:published_time\" content=\"2022-07-21T05:02:21+00:00\" \/>\n<meta property=\"article:modified_time\" content=\"2022-07-21T12:00:11+00:00\" \/>\n<meta property=\"og:image\" content=\"https:\/\/blogdofarnesio.com.br\/wp-content\/uploads\/2022\/07\/Em-agenda-na-Mata-Sul-Miguel-diz-que-dara-um-banho-de-asfalto-nas-rodovias-de-Pernambuco-e1658404757545.jpg\" \/>\n\t<meta property=\"og:image:width\" content=\"600\" \/>\n\t<meta property=\"og:image:height\" content=\"400\" \/>\n\t<meta property=\"og:image:type\" content=\"image\/jpeg\" \/>\n<meta name=\"author\" content=\"Farn\u00e9sio\" \/>\n<meta name=\"twitter:card\" content=\"summary_large_image\" \/>\n<meta name=\"twitter:label1\" content=\"Escrito por\" \/>\n\t<meta name=\"twitter:data1\" content=\"Farn\u00e9sio\" \/>\n\t<meta name=\"twitter:label2\" content=\"Est. tempo de leitura\" \/>\n\t<meta name=\"twitter:data2\" content=\"2 minutos\" \/>\n<script type=\"application\/ld+json\" class=\"yoast-schema-graph\">{\"@context\":\"https:\\\/\\\/schema.org\",\"@graph\":[{\"@type\":\"Article\",\"@id\":\"https:\\\/\\\/blogdofarnesio.com.br\\\/?p=318324#article\",\"isPartOf\":{\"@id\":\"https:\\\/\\\/blogdofarnesio.com.br\\\/?p=318324\"},\"author\":{\"name\":\"Farn\u00e9sio\",\"@id\":\"https:\\\/\\\/blogdofarnesio.com.br\\\/#\\\/schema\\\/person\\\/bb9b23ae3ad0609ce8df7b6c9e76824d\"},\"headline\":\"Elei\u00e7\u00f5es 2022 em Pernambuco: \u201dVamos dar um banho de asfalto nas rodovias de Pernambuco\u201d, diz Miguel Coelho durante agenda na Mata Sul\",\"datePublished\":\"2022-07-21T05:02:21+00:00\",\"dateModified\":\"2022-07-21T12:00:11+00:00\",\"mainEntityOfPage\":{\"@id\":\"https:\\\/\\\/blogdofarnesio.com.br\\\/?p=318324\"},\"wordCount\":380,\"commentCount\":0,\"publisher\":{\"@id\":\"https:\\\/\\\/blogdofarnesio.com.br\\\/#organization\"},\"image\":{\"@id\":\"https:\\\/\\\/blogdofarnesio.com.br\\\/?p=318324#primaryimage\"},\"thumbnailUrl\":\"https:\\\/\\\/blogdofarnesio.com.br\\\/wp-content\\\/uploads\\\/2022\\\/07\\\/Em-agenda-na-Mata-Sul-Miguel-diz-que-dara-um-banho-de-asfalto-nas-rodovias-de-Pernambuco-e1658404757545.jpg\",\"articleSection\":[\"Elei\u00e7\u00f5es\"],\"inLanguage\":\"pt-BR\",\"potentialAction\":[{\"@type\":\"CommentAction\",\"name\":\"Comment\",\"target\":[\"https:\\\/\\\/blogdofarnesio.com.br\\\/?p=318324#respond\"]}]},{\"@type\":\"WebPage\",\"@id\":\"https:\\\/\\\/blogdofarnesio.com.br\\\/?p=318324\",\"url\":\"https:\\\/\\\/blogdofarnesio.com.br\\\/?p=318324\",\"name\":\"Elei\u00e7\u00f5es 2022 em Pernambuco: \u201dVamos dar um banho de asfalto nas rodovias de Pernambuco\u201d, diz Miguel Coelho durante agenda na Mata Sul - Blog do Farn\u00e9sio\",\"isPartOf\":{\"@id\":\"https:\\\/\\\/blogdofarnesio.com.br\\\/#website\"},\"primaryImageOfPage\":{\"@id\":\"https:\\\/\\\/blogdofarnesio.com.br\\\/?p=318324#primaryimage\"},\"image\":{\"@id\":\"https:\\\/\\\/blogdofarnesio.com.br\\\/?p=318324#primaryimage\"},\"thumbnailUrl\":\"https:\\\/\\\/blogdofarnesio.com.br\\\/wp-content\\\/uploads\\\/2022\\\/07\\\/Em-agenda-na-Mata-Sul-Miguel-diz-que-dara-um-banho-de-asfalto-nas-rodovias-de-Pernambuco-e1658404757545.jpg\",\"datePublished\":\"2022-07-21T05:02:21+00:00\",\"dateModified\":\"2022-07-21T12:00:11+00:00\",\"breadcrumb\":{\"@id\":\"https:\\\/\\\/blogdofarnesio.com.br\\\/?p=318324#breadcrumb\"},\"inLanguage\":\"pt-BR\",\"potentialAction\":[{\"@type\":\"ReadAction\",\"target\":[\"https:\\\/\\\/blogdofarnesio.com.br\\\/?p=318324\"]}]},{\"@type\":\"ImageObject\",\"inLanguage\":\"pt-BR\",\"@id\":\"https:\\\/\\\/blogdofarnesio.com.br\\\/?p=318324#primaryimage\",\"url\":\"https:\\\/\\\/blogdofarnesio.com.br\\\/wp-content\\\/uploads\\\/2022\\\/07\\\/Em-agenda-na-Mata-Sul-Miguel-diz-que-dara-um-banho-de-asfalto-nas-rodovias-de-Pernambuco-e1658404757545.jpg\",\"contentUrl\":\"https:\\\/\\\/blogdofarnesio.com.br\\\/wp-content\\\/uploads\\\/2022\\\/07\\\/Em-agenda-na-Mata-Sul-Miguel-diz-que-dara-um-banho-de-asfalto-nas-rodovias-de-Pernambuco-e1658404757545.jpg\",\"width\":600,\"height\":400},{\"@type\":\"BreadcrumbList\",\"@id\":\"https:\\\/\\\/blogdofarnesio.com.br\\\/?p=318324#breadcrumb\",\"itemListElement\":[{\"@type\":\"ListItem\",\"position\":1,\"name\":\"In\u00edcio\",\"item\":\"https:\\\/\\\/blogdofarnesio.com.br\\\/\"},{\"@type\":\"ListItem\",\"position\":2,\"name\":\"Elei\u00e7\u00f5es 2022 em Pernambuco: \u201dVamos dar um banho de asfalto nas rodovias de Pernambuco\u201d, diz Miguel Coelho durante agenda na Mata Sul\"}]},{\"@type\":\"WebSite\",\"@id\":\"https:\\\/\\\/blogdofarnesio.com.br\\\/#website\",\"url\":\"https:\\\/\\\/blogdofarnesio.com.br\\\/\",\"name\":\"Blog do Farn\u00e9sio\",\"description\":\"Quer Saber Pol\u00edtica?\",\"publisher\":{\"@id\":\"https:\\\/\\\/blogdofarnesio.com.br\\\/#organization\"},\"potentialAction\":[{\"@type\":\"SearchAction\",\"target\":{\"@type\":\"EntryPoint\",\"urlTemplate\":\"https:\\\/\\\/blogdofarnesio.com.br\\\/?s={search_term_string}\"},\"query-input\":{\"@type\":\"PropertyValueSpecification\",\"valueRequired\":true,\"valueName\":\"search_term_string\"}}],\"inLanguage\":\"pt-BR\"},{\"@type\":\"Organization\",\"@id\":\"https:\\\/\\\/blogdofarnesio.com.br\\\/#organization\",\"name\":\"Blog do Farn\u00e9sio\",\"url\":\"https:\\\/\\\/blogdofarnesio.com.br\\\/\",\"logo\":{\"@type\":\"ImageObject\",\"inLanguage\":\"pt-BR\",\"@id\":\"https:\\\/\\\/blogdofarnesio.com.br\\\/#\\\/schema\\\/logo\\\/image\\\/\",\"url\":\"https:\\\/\\\/blogdofarnesio.com.br\\\/wp-content\\\/uploads\\\/2026\\\/03\\\/cropped-logo_new-1.png\",\"contentUrl\":\"https:\\\/\\\/blogdofarnesio.com.br\\\/wp-content\\\/uploads\\\/2026\\\/03\\\/cropped-logo_new-1.png\",\"width\":881,\"height\":685,\"caption\":\"Blog do Farn\u00e9sio\"},\"image\":{\"@id\":\"https:\\\/\\\/blogdofarnesio.com.br\\\/#\\\/schema\\\/logo\\\/image\\\/\"},\"sameAs\":[\"https:\\\/\\\/www.facebook.com\\\/BlogQuerSaberPolitica\\\/\"]},{\"@type\":\"Person\",\"@id\":\"https:\\\/\\\/blogdofarnesio.com.br\\\/#\\\/schema\\\/person\\\/bb9b23ae3ad0609ce8df7b6c9e76824d\",\"name\":\"Farn\u00e9sio\",\"image\":{\"@type\":\"ImageObject\",\"inLanguage\":\"pt-BR\",\"@id\":\"https:\\\/\\\/secure.gravatar.com\\\/avatar\\\/986aa4c61ccdb66f8555bf88fc2a65609d00bcabd4d2d94377a727547345cbca?s=96&d=mm&r=g\",\"url\":\"https:\\\/\\\/secure.gravatar.com\\\/avatar\\\/986aa4c61ccdb66f8555bf88fc2a65609d00bcabd4d2d94377a727547345cbca?s=96&d=mm&r=g\",\"contentUrl\":\"https:\\\/\\\/secure.gravatar.com\\\/avatar\\\/986aa4c61ccdb66f8555bf88fc2a65609d00bcabd4d2d94377a727547345cbca?s=96&d=mm&r=g\",\"caption\":\"Farn\u00e9sio\"},\"description\":\"Radialista blogueiro, chegou a Petrolina\\\/Juazeiro em setembro de 1980, Farn\u00e9sio Silva \u00e9 de Arapiraca-Alagoas.\",\"sameAs\":[\"http:\\\/\\\/blogdofarnesio.com.br\",\"https:\\\/\\\/www.facebook.com\\\/?ref=tn_tnmn\",\"https:\\\/\\\/www.instagram.com\\\/?utm_source=pwa_homescreen\",\"https:\\\/\\\/youtube.com.br\\\/\"],\"url\":\"https:\\\/\\\/blogdofarnesio.com.br\\\/?author=2\"}]}<\/script>\n<!-- \/ Yoast SEO plugin. -->","yoast_head_json":{"title":"Elei\u00e7\u00f5es 2022 em Pernambuco: \u201dVamos dar um banho de asfalto nas rodovias de Pernambuco\u201d, diz Miguel Coelho durante agenda na Mata Sul - Blog do Farn\u00e9sio","robots":{"index":"index","follow":"follow","max-snippet":"max-snippet:-1","max-image-preview":"max-image-preview:large","max-video-preview":"max-video-preview:-1"},"canonical":"https:\/\/blogdofarnesio.com.br\/?p=318324","og_locale":"pt_BR","og_type":"article","og_title":"Elei\u00e7\u00f5es 2022 em Pernambuco: \u201dVamos dar um banho de asfalto nas rodovias de Pernambuco\u201d, diz Miguel Coelho durante agenda na Mata Sul - Blog do Farn\u00e9sio","og_description":"Pr\u00e9-candidato ao governo de Pernambuco, Miguel Coelho (UB) declarou que vai repetir em Pernambuco o que fez em Petrolina: dar um banho de asfalto nas estradas. O ex-prefeito garantiu que ir\u00e1 recuperar as principais rodovias da Zona da Mata Sul para retomar o desenvolvimento econ\u00f4mico. O compromisso foi firmado durante agenda em Escada, um dos munic\u00edpios visitados pelo ex-prefeito de Petrolina, nesta quarta-feira (20), al\u00e9m de \u00c1gua Preta e Quipap\u00e1. Acompanhado da pr\u00e9-candidata a vice-governadora pela chapa do Uni\u00e3o Brasil, Alessandra Vieira, do deputado estadual Ant\u00f4nio Coelho (UB), e de lideran\u00e7as locais das tr\u00eas cidades, Miguel Coelho lembrou in\u00fameras promessas feitas e n\u00e3o cumpridas pela gest\u00e3o do PSB nos \u00faltimos oito anos. Ele detalhou tamb\u00e9m a\u00e7\u00f5es de sua administra\u00e7\u00e3o na&hellip;","og_url":"https:\/\/blogdofarnesio.com.br\/?p=318324","og_site_name":"Blog do Farn\u00e9sio","article_publisher":"https:\/\/www.facebook.com\/BlogQuerSaberPolitica\/","article_author":"https:\/\/www.facebook.com\/?ref=tn_tnmn","article_published_time":"2022-07-21T05:02:21+00:00","article_modified_time":"2022-07-21T12:00:11+00:00","og_image":[{"width":600,"height":400,"url":"https:\/\/blogdofarnesio.com.br\/wp-content\/uploads\/2022\/07\/Em-agenda-na-Mata-Sul-Miguel-diz-que-dara-um-banho-de-asfalto-nas-rodovias-de-Pernambuco-e1658404757545.jpg","type":"image\/jpeg"}],"author":"Farn\u00e9sio","twitter_card":"summary_large_image","twitter_misc":{"Escrito por":"Farn\u00e9sio","Est. tempo de leitura":"2 minutos"},"schema":{"@context":"https:\/\/schema.org","@graph":[{"@type":"Article","@id":"https:\/\/blogdofarnesio.com.br\/?p=318324#article","isPartOf":{"@id":"https:\/\/blogdofarnesio.com.br\/?p=318324"},"author":{"name":"Farn\u00e9sio","@id":"https:\/\/blogdofarnesio.com.br\/#\/schema\/person\/bb9b23ae3ad0609ce8df7b6c9e76824d"},"headline":"Elei\u00e7\u00f5es 2022 em Pernambuco: \u201dVamos dar um banho de asfalto nas rodovias de Pernambuco\u201d, diz Miguel Coelho durante agenda na Mata Sul","datePublished":"2022-07-21T05:02:21+00:00","dateModified":"2022-07-21T12:00:11+00:00","mainEntityOfPage":{"@id":"https:\/\/blogdofarnesio.com.br\/?p=318324"},"wordCount":380,"commentCount":0,"publisher":{"@id":"https:\/\/blogdofarnesio.com.br\/#organization"},"image":{"@id":"https:\/\/blogdofarnesio.com.br\/?p=318324#primaryimage"},"thumbnailUrl":"https:\/\/blogdofarnesio.com.br\/wp-content\/uploads\/2022\/07\/Em-agenda-na-Mata-Sul-Miguel-diz-que-dara-um-banho-de-asfalto-nas-rodovias-de-Pernambuco-e1658404757545.jpg","articleSection":["Elei\u00e7\u00f5es"],"inLanguage":"pt-BR","potentialAction":[{"@type":"CommentAction","name":"Comment","target":["https:\/\/blogdofarnesio.com.br\/?p=318324#respond"]}]},{"@type":"WebPage","@id":"https:\/\/blogdofarnesio.com.br\/?p=318324","url":"https:\/\/blogdofarnesio.com.br\/?p=318324","name":"Elei\u00e7\u00f5es 2022 em Pernambuco: \u201dVamos dar um banho de asfalto nas rodovias de Pernambuco\u201d, diz Miguel Coelho durante agenda na Mata Sul - Blog do Farn\u00e9sio","isPartOf":{"@id":"https:\/\/blogdofarnesio.com.br\/#website"},"primaryImageOfPage":{"@id":"https:\/\/blogdofarnesio.com.br\/?p=318324#primaryimage"},"image":{"@id":"https:\/\/blogdofarnesio.com.br\/?p=318324#primaryimage"},"thumbnailUrl":"https:\/\/blogdofarnesio.com.br\/wp-content\/uploads\/2022\/07\/Em-agenda-na-Mata-Sul-Miguel-diz-que-dara-um-banho-de-asfalto-nas-rodovias-de-Pernambuco-e1658404757545.jpg","datePublished":"2022-07-21T05:02:21+00:00","dateModified":"2022-07-21T12:00:11+00:00","breadcrumb":{"@id":"https:\/\/blogdofarnesio.com.br\/?p=318324#breadcrumb"},"inLanguage":"pt-BR","potentialAction":[{"@type":"ReadAction","target":["https:\/\/blogdofarnesio.com.br\/?p=318324"]}]},{"@type":"ImageObject","inLanguage":"pt-BR","@id":"https:\/\/blogdofarnesio.com.br\/?p=318324#primaryimage","url":"https:\/\/blogdofarnesio.com.br\/wp-content\/uploads\/2022\/07\/Em-agenda-na-Mata-Sul-Miguel-diz-que-dara-um-banho-de-asfalto-nas-rodovias-de-Pernambuco-e1658404757545.jpg","contentUrl":"https:\/\/blogdofarnesio.com.br\/wp-content\/uploads\/2022\/07\/Em-agenda-na-Mata-Sul-Miguel-diz-que-dara-um-banho-de-asfalto-nas-rodovias-de-Pernambuco-e1658404757545.jpg","width":600,"height":400},{"@type":"BreadcrumbList","@id":"https:\/\/blogdofarnesio.com.br\/?p=318324#breadcrumb","itemListElement":[{"@type":"ListItem","position":1,"name":"In\u00edcio","item":"https:\/\/blogdofarnesio.com.br\/"},{"@type":"ListItem","position":2,"name":"Elei\u00e7\u00f5es 2022 em Pernambuco: \u201dVamos dar um banho de asfalto nas rodovias de Pernambuco\u201d, diz Miguel Coelho durante agenda na Mata Sul"}]},{"@type":"WebSite","@id":"https:\/\/blogdofarnesio.com.br\/#website","url":"https:\/\/blogdofarnesio.com.br\/","name":"Blog do Farn\u00e9sio","description":"Quer Saber Pol\u00edtica?","publisher":{"@id":"https:\/\/blogdofarnesio.com.br\/#organization"},"potentialAction":[{"@type":"SearchAction","target":{"@type":"EntryPoint","urlTemplate":"https:\/\/blogdofarnesio.com.br\/?s={search_term_string}"},"query-input":{"@type":"PropertyValueSpecification","valueRequired":true,"valueName":"search_term_string"}}],"inLanguage":"pt-BR"},{"@type":"Organization","@id":"https:\/\/blogdofarnesio.com.br\/#organization","name":"Blog do Farn\u00e9sio","url":"https:\/\/blogdofarnesio.com.br\/","logo":{"@type":"ImageObject","inLanguage":"pt-BR","@id":"https:\/\/blogdofarnesio.com.br\/#\/schema\/logo\/image\/","url":"https:\/\/blogdofarnesio.com.br\/wp-content\/uploads\/2026\/03\/cropped-logo_new-1.png","contentUrl":"https:\/\/blogdofarnesio.com.br\/wp-content\/uploads\/2026\/03\/cropped-logo_new-1.png","width":881,"height":685,"caption":"Blog do Farn\u00e9sio"},"image":{"@id":"https:\/\/blogdofarnesio.com.br\/#\/schema\/logo\/image\/"},"sameAs":["https:\/\/www.facebook.com\/BlogQuerSaberPolitica\/"]},{"@type":"Person","@id":"https:\/\/blogdofarnesio.com.br\/#\/schema\/person\/bb9b23ae3ad0609ce8df7b6c9e76824d","name":"Farn\u00e9sio","image":{"@type":"ImageObject","inLanguage":"pt-BR","@id":"https:\/\/secure.gravatar.com\/avatar\/986aa4c61ccdb66f8555bf88fc2a65609d00bcabd4d2d94377a727547345cbca?s=96&d=mm&r=g","url":"https:\/\/secure.gravatar.com\/avatar\/986aa4c61ccdb66f8555bf88fc2a65609d00bcabd4d2d94377a727547345cbca?s=96&d=mm&r=g","contentUrl":"https:\/\/secure.gravatar.com\/avatar\/986aa4c61ccdb66f8555bf88fc2a65609d00bcabd4d2d94377a727547345cbca?s=96&d=mm&r=g","caption":"Farn\u00e9sio"},"description":"Radialista blogueiro, chegou a Petrolina\/Juazeiro em setembro de 1980, Farn\u00e9sio Silva \u00e9 de Arapiraca-Alagoas.","sameAs":["http:\/\/blogdofarnesio.com.br","https:\/\/www.facebook.com\/?ref=tn_tnmn","https:\/\/www.instagram.com\/?utm_source=pwa_homescreen","https:\/\/youtube.com.br\/"],"url":"https:\/\/blogdofarnesio.com.br\/?author=2"}]}},"_links":{"self":[{"href":"https:\/\/blogdofarnesio.com.br\/index.php?rest_route=\/wp\/v2\/posts\/318324","targetHints":{"allow":["GET"]}}],"collection":[{"href":"https:\/\/blogdofarnesio.com.br\/index.php?rest_route=\/wp\/v2\/posts"}],"about":[{"href":"https:\/\/blogdofarnesio.com.br\/index.php?rest_route=\/wp\/v2\/types\/post"}],"author":[{"embeddable":true,"href":"https:\/\/blogdofarnesio.com.br\/index.php?rest_route=\/wp\/v2\/users\/2"}],"replies":[{"embeddable":true,"href":"https:\/\/blogdofarnesio.com.br\/index.php?rest_route=%2Fwp%2Fv2%2Fcomments&post=318324"}],"version-history":[{"count":0,"href":"https:\/\/blogdofarnesio.com.br\/index.php?rest_route=\/wp\/v2\/posts\/318324\/revisions"}],"wp:featuredmedia":[{"embeddable":true,"href":"https:\/\/blogdofarnesio.com.br\/index.php?rest_route=\/wp\/v2\/media\/318325"}],"wp:attachment":[{"href":"https:\/\/blogdofarnesio.com.br\/index.php?rest_route=%2Fwp%2Fv2%2Fmedia&parent=318324"}],"wp:term":[{"taxonomy":"category","embeddable":true,"href":"https:\/\/blogdofarnesio.com.br\/index.php?rest_route=%2Fwp%2Fv2%2Fcategories&post=318324"},{"taxonomy":"post_tag","embeddable":true,"href":"https:\/\/blogdofarnesio.com.br\/index.php?rest_route=%2Fwp%2Fv2%2Ftags&post=318324"}],"curies":[{"name":"wp","href":"https:\/\/api.w.org\/{rel}","templated":true}]}}