{"id":317495,"date":"2022-07-11T08:33:22","date_gmt":"2022-07-11T11:33:22","guid":{"rendered":"https:\/\/blogdofarnesio.com.br\/?p=317495"},"modified":"2022-07-10T18:16:19","modified_gmt":"2022-07-10T21:16:19","slug":"filhotes-das-dinastias-politicas-de-pernambuco-disputam-governo-do-estado","status":"publish","type":"post","link":"https:\/\/blogdofarnesio.com.br\/?p=317495","title":{"rendered":"Filhotes das dinastias pol\u00edticas de Pernambuco disputam governo do estado"},"content":{"rendered":"<p style=\"text-align: center;\">Coincidentemente, no dia em que a <strong>Coluna do Doming\u00e3o<\/strong>\u00a0analisou as dinastias familiares que se instalam em Pernambuco,\u00a0 o Congresso em Foco trouxe excelente mat\u00e9ria com a manchete \u201cElei\u00e7\u00e3o para governo em Pernambuco \u00e9 dominada por fam\u00edlias tradicionais na pol\u00edtica\u201d.<\/p>\n<p>A coincid\u00eancia foi informada pelo professor e especialista do debate sobre energias renov\u00e1veis e no combate \u00e0 pol\u00edtica de energia nuclear, leitor do blog.<\/p>\n<p>Leia a mat\u00e9ria e a Coluna de hoje mais abaixo no blog:<\/p>\n<p class=\"first-paragraph\">O fen\u00f4meno do filhotismo na pol\u00edtica n\u00e3o \u00e9 novo. Em um pa\u00eds como o Brasil, ter um sobrenome abre portas, d\u00e1 prest\u00edgio e outras benesses, republicanas ou n\u00e3o. Em\u00a0<a href=\"https:\/\/congressoemfoco.uol.com.br\/amp\/localizacao\/pernambuco\/\">Pernambuco<\/a>, no entanto, as candidaturas com mais chances de vit\u00f3ria para o governo do estado \u2013 atestada at\u00e9 o momento por pesquisas \u2013 s\u00e3o todas ligadas a grupos pol\u00edticos familiares. \u00c9 como se Fam\u00edlia Imperial Brasileira, hoje destronada, descesse do salto da realeza, se dividisse em ramos e disputasse o governo do estadual.<\/p>\n<p>Conforme a \u00faltima pesquisa do Ipespe, divulgada na \u00faltima segunda-feira (4), aparecem como os candidatos mais competitivos a deputada federal\u00a0<a href=\"https:\/\/radar.congressoemfoco.com.br\/parlamentar\/1204428\/perfil\" target=\"_blank\" rel=\"noopener\">Mar\u00edlia Arraes<\/a>\u00a0(Solidariedade), com 29% das inten\u00e7\u00f5es de voto, seguida de Raquel Lyra (PSDB), com 13%, e Anderson Ferreira (PL), com 12%. O deputado federal\u00a0<a href=\"https:\/\/radar.congressoemfoco.com.br\/parlamentar\/1160528\/perfil\" target=\"_blank\" rel=\"noopener\">Danilo Cabral<\/a>\u00a0(PSB), candidato da situa\u00e7\u00e3o, tem 10%, seguido de Miguel Coelho (Uni\u00e3o BR), com 9%.<\/p>\n<p>Mar\u00edlia Arraes, que ocupa a lideran\u00e7a \u00e9 neta do ex-governador e ex-deputado federal Miguel Arraes, al\u00e9m de prima do tamb\u00e9m ex-governador e ex-deputado federal Eduardo Campos. O vice de Mar\u00edlia pertence a outro cl\u00e3: o deputado federal Sebasti\u00e3o Oliveira (Avante) \u00e9 sobrinho do ex-deputado federal Inoc\u00eancio Oliveira, parlamentar que se orgulhava de ocupar cargos da Mesa Diretora desde o ano de 1989.<\/p>\n<p>A vice-l\u00edder na disputa tamb\u00e9m tem suas origens pol\u00edticas familiares: Raquel Lyra, ex-prefeita de Caruaru, \u00e9 filha do ex-governador Jo\u00e3o Lyra Neto e sobrinha do ex-deputado federal e ex-ministro Fernando Lyra. A vice de Raquel, a deputada estadual Priscila Krause (Uni\u00e3o BR) \u00e9 filha do ex-governador e ex-ministro Gustavo Krause. O terceiro lugar na disputa, o ex-prefeito Anderson Ferreira, \u00e9 filho do deputado estadual Manoel Ferreira, que coleciona mandatos na Assembleia Legislativa.<\/p>\n<p>A \u00e1rvore geneal\u00f3gica tamb\u00e9m beneficia o deputado federal Danilo Cabral (PSB). Mesmo sem sobrenomes de peso, ele \u00e9 o candidato oficial do grupo liderado pela fam\u00edlia Campos nestas elei\u00e7\u00f5es. Em Pernambuco, ap\u00f3s a morte do ex-governador Eduardo Campos, o PSB \u00e9 liderado pela vi\u00fava Renata Campos, que, em 2020, conseguiu eleger o jovem prefeito Jo\u00e3o Campos para Prefeitura do Recife, desbancando nomes internos do partido como o deputado federal Felipe Carreras (PSB).<\/p>\n<p>O ex-prefeito de Petrolina Miguel Coelho, que figura na quinta coloca\u00e7\u00e3o da pesquisa, tamb\u00e9m vem com um DNA de peso: al\u00e9m do parentesco com o ex-governador Nilo Coelho, \u00e9 filho do ex-ministro e ex-l\u00edder do governo, o senador\u00a0<a href=\"https:\/\/radar.congressoemfoco.com.br\/parlamentar\/25540\/perfil\" target=\"_blank\" rel=\"noopener\">Fernando Bezerra Coelho<\/a>\u00a0(MDB). Alguns parentes de Miguel, como o ex-deputado Guilherme Coelho, tiveram mandatos destacados na C\u00e2mara.<\/p>\n<p>O cientista pol\u00edtico Lucas de Arag\u00e3o, s\u00f3cio da Arko Advice, diz que o fen\u00f4meno de familiares na pol\u00edtica n\u00e3o \u00e9 novo \u2013 ele cita, por exemplo, os casos do ex-prefeito de Salvador ACM Neto (neto do ex-senador Ant\u00f4nio Carlos Magalh\u00e3es), no Nordeste, e o ex-prefeito de S\u00e3o Paulo, Bruno Covas (neto do ex-governador M\u00e1rio Covas), no Sudeste. \u201cEsse fen\u00f4meno acontece por algumas raz\u00f5es. O primeiro ponto \u00e9 que ter um sobrenome relevante numa pol\u00edtica local, principalmente, numa elei\u00e7\u00e3o majorit\u00e1ria, que \u00e9 super fragmentada, com milhares de candidatos\u201d, diz.<\/p>\n<p>\u201cOs eleitores tendem a definir essas vagas perto da elei\u00e7\u00e3o. Ter um nome reconhecido j\u00e1 \u00e9 um ponto de partida bem interessante. Segundo, voc\u00ea n\u00e3o herda s\u00f3 o nome. \u00c0s vezes, o reduto eleitoral. Voc\u00ea consegue se capitalizar em cima de coisas feitas pelo seu pai, por algu\u00e9m de sua fam\u00edlia\u201d, completa Lucas.<\/p>\n<p>\u201cTerceiro ponto \u00e9 que voc\u00ea j\u00e1 entra na pol\u00edtica com uma rede de contatos muito avan\u00e7ada. Isso pode ajudar a voc\u00ea se inserir na estrutura do partido com mais facilidade e frequentemente isso resulta numa maior capacidade de acesso aos recursos do partido e outros tipos de apoio, como apoios pol\u00edtico\u201d, reitera o cientista pol\u00edtico.<\/p>\n<h3><strong>Capitania heredit\u00e1ria singular<\/strong><\/h3>\n<p>O professor do curso de Hist\u00f3ria da Universidade Federal de Pernambuco (UFPE) Severino Vicente relata as origens hist\u00f3ricas desse fen\u00f4meno. Segundo ele, Pernambuco carrega a quest\u00e3o familiar de forma bastante peculiar. O estado teria sido a \u00fanica capitania heredit\u00e1ria do Brasil Col\u00f4nia (1500-1808) fundada por uma fam\u00edlia. \u201cPernambuco tem fama de fazer revolu\u00e7\u00f5es, mas como uma vez me disse Marco Maciel [ex-vice-presidente da Rep\u00fablica e pernambucano], elas foram irridentas, n\u00e3o conseguiram seus objetivos\u201d, diz o estudioso.<\/p>\n<p>\u201cA quest\u00e3o que se coloca \u00e9 porque n\u00e3o vencemos? Talvez porque sejamos complacentes e, afinal, somos todos uma fam\u00edlia. Pernambuco \u00e9 a \u00fanica capitania que foi fundada por uma fam\u00edlia, a fam\u00edlia de Duarte Coelho, que veio com mulher, cunhado e agregados. Os filhos de Duarte Coelho n\u00e3o tiveram a fibra de seus pais e nem do seu tio, o Jer\u00f4nimo de Albuquerque\u201d, relata.<\/p>\n<p>\u201c[Jer\u00f4nimo de Albuquerque] Este ficou conhecido como o \u2018Ad\u00e3o Pernambucano\u2019, pois espalhou filhos por toda a capitania, usando a institui\u00e7\u00e3o do cunhadismo. Foi al\u00e9m da capitania e deixou os Albuquerque Maranh\u00e3o no Maranh\u00e3o, mas estes vieram para as terras de seu antepassado. N\u00e3o sei, mas d\u00e1 para pensar que o cunhadismo pode ter originado o coronelismo, pai do filhotismo. Veja, o coronel N\u00e9 foi pai de Etelvino Lins [ex-governador de Pernambuco]. Filho de Quel\u00e9 do S\u00e3o Francisco, Nilo Coelho \u00e9 tio de Fernando Coelho [senador] e av\u00f4 de Miguel Coelho [pr\u00e9-candidato ao governo]\u201d.<\/p>\n<p>O professor Severino Vicente faz uma analogia ao cl\u00e1ssico livro do soci\u00f3logo pernambucano Gilberto Freyre,\u00a0<em>Casa Grande &amp; Senzala<\/em>, ao explicar esse fen\u00f4meno eleitoral no estado. \u201cEntendo isso como um processo de casa grande sendo ocupada pelos clientes. A metodologia do poder \u00e9 semelhante\u201d.<\/p>\n<p>\u201cMiguel Arraes teve ao seu lado a forma\u00e7\u00e3o do PSD de Agamenon Magalh\u00e3es e Barbosa Lima Sobrinho [ex-governadores de Pernambuco], e o contato com um dos cl\u00e3s do a\u00e7\u00facar [foi cunhado de Cid Sampaio] e sempre conversou com os coron\u00e9is, desde Veremundo Soares [cidade de Salgueiro], ao m\u00e9dico Inoc\u00eancio Oliveira [Serra Talhada] at\u00e9 o Chico Her\u00e1clito de Limoeiro e Severino Farias de Surubim. Sim, \u00e9 uma quest\u00e3o de fam\u00edlia, mas s\u00e3o as fam\u00edlias que escolhem em quem o povo vai votar\u201d, analisa.<\/p>\n<p>Para ele, ainda falta uma reflex\u00e3o e cr\u00edtica da popula\u00e7\u00e3o, que tende a eleger projetos familiares. \u201cO brasileiro ainda n\u00e3o entendeu o que \u00e9 democracia. E em Pernambuco quem diz defender a democracia s\u00e3o os herdeiros da casa grande. Os baianos s\u00e3o parecidos conosco, mas s\u00e3o bem diferentes na defesa dos interesses da Bahia. Lembre-se, enquanto nossa \u2018elite\u2019 se dividia por causa de Suape, os baianos constru\u00edram Cama\u00e7ari, os cearenses ampliaram seu porto, os paraibanos cresceram seu porto e o Recife perdeu o brilho do porto. Assim, Recife caiu em peda\u00e7os, como as roupas de quem mora na favela ou no mangue<\/p>\n<p>Blog do Nill Junior<\/p>\n","protected":false},"excerpt":{"rendered":"<p>Coincidentemente, no dia em que a Coluna do Doming\u00e3o\u00a0analisou as dinastias familiares que se instalam em Pernambuco,\u00a0 o Congresso em Foco trouxe excelente mat\u00e9ria com a manchete \u201cElei\u00e7\u00e3o para governo em Pernambuco \u00e9 dominada por fam\u00edlias tradicionais na pol\u00edtica\u201d. A coincid\u00eancia foi informada pelo professor e especialista do debate sobre energias renov\u00e1veis e no combate \u00e0 pol\u00edtica de energia nuclear, leitor do blog. Leia a mat\u00e9ria e a Coluna de hoje mais abaixo no blog: O fen\u00f4meno do filhotismo na pol\u00edtica n\u00e3o \u00e9 novo. Em um pa\u00eds como o Brasil, ter um sobrenome abre portas, d\u00e1 prest\u00edgio e outras benesses, republicanas ou n\u00e3o. Em\u00a0Pernambuco, no entanto, as candidaturas com mais chances de vit\u00f3ria para o governo do estado \u2013 atestada&hellip; <\/p>\n","protected":false},"author":2,"featured_media":317496,"comment_status":"open","ping_status":"open","sticky":false,"template":"","format":"standard","meta":{"_acf_changed":false,"footnotes":""},"categories":[30],"tags":[],"class_list":["post-317495","post","type-post","status-publish","format-standard","has-post-thumbnail","hentry","category-artigo"],"acf":[],"yoast_head":"<!-- This site is optimized with the Yoast SEO plugin v27.4 - https:\/\/yoast.com\/product\/yoast-seo-wordpress\/ -->\n<title>Filhotes das dinastias pol\u00edticas de Pernambuco disputam governo do estado - Blog do Farn\u00e9sio<\/title>\n<meta name=\"robots\" content=\"index, follow, max-snippet:-1, max-image-preview:large, max-video-preview:-1\" \/>\n<link rel=\"canonical\" href=\"https:\/\/blogdofarnesio.com.br\/?p=317495\" \/>\n<meta property=\"og:locale\" content=\"pt_BR\" \/>\n<meta property=\"og:type\" content=\"article\" \/>\n<meta property=\"og:title\" content=\"Filhotes das dinastias pol\u00edticas de Pernambuco disputam governo do estado - Blog do Farn\u00e9sio\" \/>\n<meta property=\"og:description\" content=\"Coincidentemente, no dia em que a Coluna do Doming\u00e3o\u00a0analisou as dinastias familiares que se instalam em Pernambuco,\u00a0 o Congresso em Foco trouxe excelente mat\u00e9ria com a manchete \u201cElei\u00e7\u00e3o para governo em Pernambuco \u00e9 dominada por fam\u00edlias tradicionais na pol\u00edtica\u201d. A coincid\u00eancia foi informada pelo professor e especialista do debate sobre energias renov\u00e1veis e no combate \u00e0 pol\u00edtica de energia nuclear, leitor do blog. Leia a mat\u00e9ria e a Coluna de hoje mais abaixo no blog: O fen\u00f4meno do filhotismo na pol\u00edtica n\u00e3o \u00e9 novo. Em um pa\u00eds como o Brasil, ter um sobrenome abre portas, d\u00e1 prest\u00edgio e outras benesses, republicanas ou n\u00e3o. Em\u00a0Pernambuco, no entanto, as candidaturas com mais chances de vit\u00f3ria para o governo do estado \u2013 atestada&hellip;\" \/>\n<meta property=\"og:url\" content=\"https:\/\/blogdofarnesio.com.br\/?p=317495\" \/>\n<meta property=\"og:site_name\" content=\"Blog do Farn\u00e9sio\" \/>\n<meta property=\"article:publisher\" content=\"https:\/\/www.facebook.com\/BlogQuerSaberPolitica\/\" \/>\n<meta property=\"article:author\" content=\"https:\/\/www.facebook.com\/?ref=tn_tnmn\" \/>\n<meta property=\"article:published_time\" content=\"2022-07-11T11:33:22+00:00\" \/>\n<meta property=\"og:image\" content=\"https:\/\/blogdofarnesio.com.br\/wp-content\/uploads\/2022\/07\/Sem-titulo-8.jpg\" \/>\n\t<meta property=\"og:image:width\" content=\"612\" \/>\n\t<meta property=\"og:image:height\" content=\"676\" \/>\n\t<meta property=\"og:image:type\" content=\"image\/jpeg\" \/>\n<meta name=\"author\" content=\"Farn\u00e9sio\" \/>\n<meta name=\"twitter:card\" content=\"summary_large_image\" \/>\n<meta name=\"twitter:label1\" content=\"Escrito por\" \/>\n\t<meta name=\"twitter:data1\" content=\"Farn\u00e9sio\" \/>\n\t<meta name=\"twitter:label2\" content=\"Est. tempo de leitura\" \/>\n\t<meta name=\"twitter:data2\" content=\"7 minutos\" \/>\n<script type=\"application\/ld+json\" class=\"yoast-schema-graph\">{\"@context\":\"https:\\\/\\\/schema.org\",\"@graph\":[{\"@type\":\"Article\",\"@id\":\"https:\\\/\\\/blogdofarnesio.com.br\\\/?p=317495#article\",\"isPartOf\":{\"@id\":\"https:\\\/\\\/blogdofarnesio.com.br\\\/?p=317495\"},\"author\":{\"name\":\"Farn\u00e9sio\",\"@id\":\"https:\\\/\\\/blogdofarnesio.com.br\\\/#\\\/schema\\\/person\\\/bb9b23ae3ad0609ce8df7b6c9e76824d\"},\"headline\":\"Filhotes das dinastias pol\u00edticas de Pernambuco disputam governo do estado\",\"datePublished\":\"2022-07-11T11:33:22+00:00\",\"mainEntityOfPage\":{\"@id\":\"https:\\\/\\\/blogdofarnesio.com.br\\\/?p=317495\"},\"wordCount\":1244,\"commentCount\":0,\"publisher\":{\"@id\":\"https:\\\/\\\/blogdofarnesio.com.br\\\/#organization\"},\"image\":{\"@id\":\"https:\\\/\\\/blogdofarnesio.com.br\\\/?p=317495#primaryimage\"},\"thumbnailUrl\":\"https:\\\/\\\/blogdofarnesio.com.br\\\/wp-content\\\/uploads\\\/2022\\\/07\\\/Sem-titulo-8.jpg\",\"articleSection\":[\"Artigo\"],\"inLanguage\":\"pt-BR\",\"potentialAction\":[{\"@type\":\"CommentAction\",\"name\":\"Comment\",\"target\":[\"https:\\\/\\\/blogdofarnesio.com.br\\\/?p=317495#respond\"]}]},{\"@type\":\"WebPage\",\"@id\":\"https:\\\/\\\/blogdofarnesio.com.br\\\/?p=317495\",\"url\":\"https:\\\/\\\/blogdofarnesio.com.br\\\/?p=317495\",\"name\":\"Filhotes das dinastias pol\u00edticas de Pernambuco disputam governo do estado - Blog do Farn\u00e9sio\",\"isPartOf\":{\"@id\":\"https:\\\/\\\/blogdofarnesio.com.br\\\/#website\"},\"primaryImageOfPage\":{\"@id\":\"https:\\\/\\\/blogdofarnesio.com.br\\\/?p=317495#primaryimage\"},\"image\":{\"@id\":\"https:\\\/\\\/blogdofarnesio.com.br\\\/?p=317495#primaryimage\"},\"thumbnailUrl\":\"https:\\\/\\\/blogdofarnesio.com.br\\\/wp-content\\\/uploads\\\/2022\\\/07\\\/Sem-titulo-8.jpg\",\"datePublished\":\"2022-07-11T11:33:22+00:00\",\"breadcrumb\":{\"@id\":\"https:\\\/\\\/blogdofarnesio.com.br\\\/?p=317495#breadcrumb\"},\"inLanguage\":\"pt-BR\",\"potentialAction\":[{\"@type\":\"ReadAction\",\"target\":[\"https:\\\/\\\/blogdofarnesio.com.br\\\/?p=317495\"]}]},{\"@type\":\"ImageObject\",\"inLanguage\":\"pt-BR\",\"@id\":\"https:\\\/\\\/blogdofarnesio.com.br\\\/?p=317495#primaryimage\",\"url\":\"https:\\\/\\\/blogdofarnesio.com.br\\\/wp-content\\\/uploads\\\/2022\\\/07\\\/Sem-titulo-8.jpg\",\"contentUrl\":\"https:\\\/\\\/blogdofarnesio.com.br\\\/wp-content\\\/uploads\\\/2022\\\/07\\\/Sem-titulo-8.jpg\",\"width\":612,\"height\":676},{\"@type\":\"BreadcrumbList\",\"@id\":\"https:\\\/\\\/blogdofarnesio.com.br\\\/?p=317495#breadcrumb\",\"itemListElement\":[{\"@type\":\"ListItem\",\"position\":1,\"name\":\"In\u00edcio\",\"item\":\"https:\\\/\\\/blogdofarnesio.com.br\\\/\"},{\"@type\":\"ListItem\",\"position\":2,\"name\":\"Filhotes das dinastias pol\u00edticas de Pernambuco disputam governo do estado\"}]},{\"@type\":\"WebSite\",\"@id\":\"https:\\\/\\\/blogdofarnesio.com.br\\\/#website\",\"url\":\"https:\\\/\\\/blogdofarnesio.com.br\\\/\",\"name\":\"Blog do Farn\u00e9sio\",\"description\":\"Quer Saber Pol\u00edtica?\",\"publisher\":{\"@id\":\"https:\\\/\\\/blogdofarnesio.com.br\\\/#organization\"},\"potentialAction\":[{\"@type\":\"SearchAction\",\"target\":{\"@type\":\"EntryPoint\",\"urlTemplate\":\"https:\\\/\\\/blogdofarnesio.com.br\\\/?s={search_term_string}\"},\"query-input\":{\"@type\":\"PropertyValueSpecification\",\"valueRequired\":true,\"valueName\":\"search_term_string\"}}],\"inLanguage\":\"pt-BR\"},{\"@type\":\"Organization\",\"@id\":\"https:\\\/\\\/blogdofarnesio.com.br\\\/#organization\",\"name\":\"Blog do Farn\u00e9sio\",\"url\":\"https:\\\/\\\/blogdofarnesio.com.br\\\/\",\"logo\":{\"@type\":\"ImageObject\",\"inLanguage\":\"pt-BR\",\"@id\":\"https:\\\/\\\/blogdofarnesio.com.br\\\/#\\\/schema\\\/logo\\\/image\\\/\",\"url\":\"https:\\\/\\\/blogdofarnesio.com.br\\\/wp-content\\\/uploads\\\/2026\\\/03\\\/cropped-logo_new-1.png\",\"contentUrl\":\"https:\\\/\\\/blogdofarnesio.com.br\\\/wp-content\\\/uploads\\\/2026\\\/03\\\/cropped-logo_new-1.png\",\"width\":881,\"height\":685,\"caption\":\"Blog do Farn\u00e9sio\"},\"image\":{\"@id\":\"https:\\\/\\\/blogdofarnesio.com.br\\\/#\\\/schema\\\/logo\\\/image\\\/\"},\"sameAs\":[\"https:\\\/\\\/www.facebook.com\\\/BlogQuerSaberPolitica\\\/\"]},{\"@type\":\"Person\",\"@id\":\"https:\\\/\\\/blogdofarnesio.com.br\\\/#\\\/schema\\\/person\\\/bb9b23ae3ad0609ce8df7b6c9e76824d\",\"name\":\"Farn\u00e9sio\",\"image\":{\"@type\":\"ImageObject\",\"inLanguage\":\"pt-BR\",\"@id\":\"https:\\\/\\\/secure.gravatar.com\\\/avatar\\\/986aa4c61ccdb66f8555bf88fc2a65609d00bcabd4d2d94377a727547345cbca?s=96&d=mm&r=g\",\"url\":\"https:\\\/\\\/secure.gravatar.com\\\/avatar\\\/986aa4c61ccdb66f8555bf88fc2a65609d00bcabd4d2d94377a727547345cbca?s=96&d=mm&r=g\",\"contentUrl\":\"https:\\\/\\\/secure.gravatar.com\\\/avatar\\\/986aa4c61ccdb66f8555bf88fc2a65609d00bcabd4d2d94377a727547345cbca?s=96&d=mm&r=g\",\"caption\":\"Farn\u00e9sio\"},\"description\":\"Radialista blogueiro, chegou a Petrolina\\\/Juazeiro em setembro de 1980, Farn\u00e9sio Silva \u00e9 de Arapiraca-Alagoas.\",\"sameAs\":[\"http:\\\/\\\/blogdofarnesio.com.br\",\"https:\\\/\\\/www.facebook.com\\\/?ref=tn_tnmn\",\"https:\\\/\\\/www.instagram.com\\\/?utm_source=pwa_homescreen\",\"https:\\\/\\\/youtube.com.br\\\/\"],\"url\":\"https:\\\/\\\/blogdofarnesio.com.br\\\/?author=2\"}]}<\/script>\n<!-- \/ Yoast SEO plugin. -->","yoast_head_json":{"title":"Filhotes das dinastias pol\u00edticas de Pernambuco disputam governo do estado - Blog do Farn\u00e9sio","robots":{"index":"index","follow":"follow","max-snippet":"max-snippet:-1","max-image-preview":"max-image-preview:large","max-video-preview":"max-video-preview:-1"},"canonical":"https:\/\/blogdofarnesio.com.br\/?p=317495","og_locale":"pt_BR","og_type":"article","og_title":"Filhotes das dinastias pol\u00edticas de Pernambuco disputam governo do estado - Blog do Farn\u00e9sio","og_description":"Coincidentemente, no dia em que a Coluna do Doming\u00e3o\u00a0analisou as dinastias familiares que se instalam em Pernambuco,\u00a0 o Congresso em Foco trouxe excelente mat\u00e9ria com a manchete \u201cElei\u00e7\u00e3o para governo em Pernambuco \u00e9 dominada por fam\u00edlias tradicionais na pol\u00edtica\u201d. A coincid\u00eancia foi informada pelo professor e especialista do debate sobre energias renov\u00e1veis e no combate \u00e0 pol\u00edtica de energia nuclear, leitor do blog. Leia a mat\u00e9ria e a Coluna de hoje mais abaixo no blog: O fen\u00f4meno do filhotismo na pol\u00edtica n\u00e3o \u00e9 novo. Em um pa\u00eds como o Brasil, ter um sobrenome abre portas, d\u00e1 prest\u00edgio e outras benesses, republicanas ou n\u00e3o. Em\u00a0Pernambuco, no entanto, as candidaturas com mais chances de vit\u00f3ria para o governo do estado \u2013 atestada&hellip;","og_url":"https:\/\/blogdofarnesio.com.br\/?p=317495","og_site_name":"Blog do Farn\u00e9sio","article_publisher":"https:\/\/www.facebook.com\/BlogQuerSaberPolitica\/","article_author":"https:\/\/www.facebook.com\/?ref=tn_tnmn","article_published_time":"2022-07-11T11:33:22+00:00","og_image":[{"width":612,"height":676,"url":"https:\/\/blogdofarnesio.com.br\/wp-content\/uploads\/2022\/07\/Sem-titulo-8.jpg","type":"image\/jpeg"}],"author":"Farn\u00e9sio","twitter_card":"summary_large_image","twitter_misc":{"Escrito por":"Farn\u00e9sio","Est. tempo de leitura":"7 minutos"},"schema":{"@context":"https:\/\/schema.org","@graph":[{"@type":"Article","@id":"https:\/\/blogdofarnesio.com.br\/?p=317495#article","isPartOf":{"@id":"https:\/\/blogdofarnesio.com.br\/?p=317495"},"author":{"name":"Farn\u00e9sio","@id":"https:\/\/blogdofarnesio.com.br\/#\/schema\/person\/bb9b23ae3ad0609ce8df7b6c9e76824d"},"headline":"Filhotes das dinastias pol\u00edticas de Pernambuco disputam governo do estado","datePublished":"2022-07-11T11:33:22+00:00","mainEntityOfPage":{"@id":"https:\/\/blogdofarnesio.com.br\/?p=317495"},"wordCount":1244,"commentCount":0,"publisher":{"@id":"https:\/\/blogdofarnesio.com.br\/#organization"},"image":{"@id":"https:\/\/blogdofarnesio.com.br\/?p=317495#primaryimage"},"thumbnailUrl":"https:\/\/blogdofarnesio.com.br\/wp-content\/uploads\/2022\/07\/Sem-titulo-8.jpg","articleSection":["Artigo"],"inLanguage":"pt-BR","potentialAction":[{"@type":"CommentAction","name":"Comment","target":["https:\/\/blogdofarnesio.com.br\/?p=317495#respond"]}]},{"@type":"WebPage","@id":"https:\/\/blogdofarnesio.com.br\/?p=317495","url":"https:\/\/blogdofarnesio.com.br\/?p=317495","name":"Filhotes das dinastias pol\u00edticas de Pernambuco disputam governo do estado - Blog do Farn\u00e9sio","isPartOf":{"@id":"https:\/\/blogdofarnesio.com.br\/#website"},"primaryImageOfPage":{"@id":"https:\/\/blogdofarnesio.com.br\/?p=317495#primaryimage"},"image":{"@id":"https:\/\/blogdofarnesio.com.br\/?p=317495#primaryimage"},"thumbnailUrl":"https:\/\/blogdofarnesio.com.br\/wp-content\/uploads\/2022\/07\/Sem-titulo-8.jpg","datePublished":"2022-07-11T11:33:22+00:00","breadcrumb":{"@id":"https:\/\/blogdofarnesio.com.br\/?p=317495#breadcrumb"},"inLanguage":"pt-BR","potentialAction":[{"@type":"ReadAction","target":["https:\/\/blogdofarnesio.com.br\/?p=317495"]}]},{"@type":"ImageObject","inLanguage":"pt-BR","@id":"https:\/\/blogdofarnesio.com.br\/?p=317495#primaryimage","url":"https:\/\/blogdofarnesio.com.br\/wp-content\/uploads\/2022\/07\/Sem-titulo-8.jpg","contentUrl":"https:\/\/blogdofarnesio.com.br\/wp-content\/uploads\/2022\/07\/Sem-titulo-8.jpg","width":612,"height":676},{"@type":"BreadcrumbList","@id":"https:\/\/blogdofarnesio.com.br\/?p=317495#breadcrumb","itemListElement":[{"@type":"ListItem","position":1,"name":"In\u00edcio","item":"https:\/\/blogdofarnesio.com.br\/"},{"@type":"ListItem","position":2,"name":"Filhotes das dinastias pol\u00edticas de Pernambuco disputam governo do estado"}]},{"@type":"WebSite","@id":"https:\/\/blogdofarnesio.com.br\/#website","url":"https:\/\/blogdofarnesio.com.br\/","name":"Blog do Farn\u00e9sio","description":"Quer Saber Pol\u00edtica?","publisher":{"@id":"https:\/\/blogdofarnesio.com.br\/#organization"},"potentialAction":[{"@type":"SearchAction","target":{"@type":"EntryPoint","urlTemplate":"https:\/\/blogdofarnesio.com.br\/?s={search_term_string}"},"query-input":{"@type":"PropertyValueSpecification","valueRequired":true,"valueName":"search_term_string"}}],"inLanguage":"pt-BR"},{"@type":"Organization","@id":"https:\/\/blogdofarnesio.com.br\/#organization","name":"Blog do Farn\u00e9sio","url":"https:\/\/blogdofarnesio.com.br\/","logo":{"@type":"ImageObject","inLanguage":"pt-BR","@id":"https:\/\/blogdofarnesio.com.br\/#\/schema\/logo\/image\/","url":"https:\/\/blogdofarnesio.com.br\/wp-content\/uploads\/2026\/03\/cropped-logo_new-1.png","contentUrl":"https:\/\/blogdofarnesio.com.br\/wp-content\/uploads\/2026\/03\/cropped-logo_new-1.png","width":881,"height":685,"caption":"Blog do Farn\u00e9sio"},"image":{"@id":"https:\/\/blogdofarnesio.com.br\/#\/schema\/logo\/image\/"},"sameAs":["https:\/\/www.facebook.com\/BlogQuerSaberPolitica\/"]},{"@type":"Person","@id":"https:\/\/blogdofarnesio.com.br\/#\/schema\/person\/bb9b23ae3ad0609ce8df7b6c9e76824d","name":"Farn\u00e9sio","image":{"@type":"ImageObject","inLanguage":"pt-BR","@id":"https:\/\/secure.gravatar.com\/avatar\/986aa4c61ccdb66f8555bf88fc2a65609d00bcabd4d2d94377a727547345cbca?s=96&d=mm&r=g","url":"https:\/\/secure.gravatar.com\/avatar\/986aa4c61ccdb66f8555bf88fc2a65609d00bcabd4d2d94377a727547345cbca?s=96&d=mm&r=g","contentUrl":"https:\/\/secure.gravatar.com\/avatar\/986aa4c61ccdb66f8555bf88fc2a65609d00bcabd4d2d94377a727547345cbca?s=96&d=mm&r=g","caption":"Farn\u00e9sio"},"description":"Radialista blogueiro, chegou a Petrolina\/Juazeiro em setembro de 1980, Farn\u00e9sio Silva \u00e9 de Arapiraca-Alagoas.","sameAs":["http:\/\/blogdofarnesio.com.br","https:\/\/www.facebook.com\/?ref=tn_tnmn","https:\/\/www.instagram.com\/?utm_source=pwa_homescreen","https:\/\/youtube.com.br\/"],"url":"https:\/\/blogdofarnesio.com.br\/?author=2"}]}},"_links":{"self":[{"href":"https:\/\/blogdofarnesio.com.br\/index.php?rest_route=\/wp\/v2\/posts\/317495","targetHints":{"allow":["GET"]}}],"collection":[{"href":"https:\/\/blogdofarnesio.com.br\/index.php?rest_route=\/wp\/v2\/posts"}],"about":[{"href":"https:\/\/blogdofarnesio.com.br\/index.php?rest_route=\/wp\/v2\/types\/post"}],"author":[{"embeddable":true,"href":"https:\/\/blogdofarnesio.com.br\/index.php?rest_route=\/wp\/v2\/users\/2"}],"replies":[{"embeddable":true,"href":"https:\/\/blogdofarnesio.com.br\/index.php?rest_route=%2Fwp%2Fv2%2Fcomments&post=317495"}],"version-history":[{"count":0,"href":"https:\/\/blogdofarnesio.com.br\/index.php?rest_route=\/wp\/v2\/posts\/317495\/revisions"}],"wp:featuredmedia":[{"embeddable":true,"href":"https:\/\/blogdofarnesio.com.br\/index.php?rest_route=\/wp\/v2\/media\/317496"}],"wp:attachment":[{"href":"https:\/\/blogdofarnesio.com.br\/index.php?rest_route=%2Fwp%2Fv2%2Fmedia&parent=317495"}],"wp:term":[{"taxonomy":"category","embeddable":true,"href":"https:\/\/blogdofarnesio.com.br\/index.php?rest_route=%2Fwp%2Fv2%2Fcategories&post=317495"},{"taxonomy":"post_tag","embeddable":true,"href":"https:\/\/blogdofarnesio.com.br\/index.php?rest_route=%2Fwp%2Fv2%2Ftags&post=317495"}],"curies":[{"name":"wp","href":"https:\/\/api.w.org\/{rel}","templated":true}]}}