{"id":317304,"date":"2022-07-07T13:00:25","date_gmt":"2022-07-07T16:00:25","guid":{"rendered":"https:\/\/blogdofarnesio.com.br\/?p=317304"},"modified":"2022-07-07T11:40:46","modified_gmt":"2022-07-07T14:40:46","slug":"eleicoes-2022-ba-jeronimo-vai-a-jequie-e-jacobina-para-encontros-do-programa-de-governo-participativo","status":"publish","type":"post","link":"https:\/\/blogdofarnesio.com.br\/?p=317304","title":{"rendered":"Elei\u00e7\u00f5es 2022 BA: Jer\u00f4nimo vai a Jequi\u00e9 e Jacobina para encontros do Programa de Governo Participativo"},"content":{"rendered":"<p>Embalado pela forte ades\u00e3o registrada nos \u00faltimos encontros do Programa de Governo Participativo (PGP), o pr\u00e9-candidato a governador do Estado do Time de Lula na Bahia, Jer\u00f4nimo Rodrigues (PT), se re\u00fane com lideran\u00e7as pol\u00edticas, movimentos sociais e simpatizantes \u00e0 continuidade do projeto que tem transformado a vida dos baianos em Jequi\u00e9 e Jacobina neste fim de semana.<\/p>\n<p>Nesta quinta-feira (7), o Time de Lula na Bahia vai a Sim\u00f5es Filho, na Regi\u00e3o Metropolitana de Salvador (RMS), para mais uma edi\u00e7\u00e3o do Esquenta PGP, \u00e0s 18h, no Espa\u00e7o Cidade Crian\u00e7a, na Avenida Elmo Serejo Farias, no bairro do CIA 1.<\/p>\n<p>No s\u00e1bado (9), em Jequi\u00e9, Jer\u00f4nimo, Geraldo J\u00fanior e Otto realizam a Plen\u00e1ria do PGP do M\u00e9dio Rio de Contas, no espa\u00e7o Jequi\u00e9 T\u00eanis Clube, \u00e0s 9h, que tamb\u00e9m contar\u00e1 com a presen\u00e7a do governador Rui Costa. O pr\u00e9-postulante petista desembarca na cidade um dia antes, sexta (8), para participar da Plen\u00e1ria da Educa\u00e7\u00e3o, \u00e0s 17h tamb\u00e9m no Jequi\u00e9 T\u00eanis Clube, e de um encontro com prefeitos, prefeitas, vereadores e lideran\u00e7as pol\u00edticas de toda a regi\u00e3o.<\/p>\n<p>No domingo (10), a Caravana Mais Bahia realiza, em Jacobina, \u00e0s 9h, na Associa\u00e7\u00e3o Filarm\u00f4nica 2 de Janeiro, a Plen\u00e1ria do PGP do Piemonte da Diamantina. Ele chegar\u00e1 \u00e0 cidade na v\u00e9spera, no s\u00e1bado , onde \u00e0s 17h, se re\u00fane com educadores, gestores municipais e lideran\u00e7as pol\u00edticas das cidades que formam o territ\u00f3rio de identidade, na Associa\u00e7\u00e3o Comercial de Jacobina. Esses encontros t\u00eam o objetivo de discutir as a\u00e7\u00f5es de governo do Estado, a partir de janeiro de 2023.<\/p>\n<p>&nbsp;<\/p>\n","protected":false},"excerpt":{"rendered":"<p>Embalado pela forte ades\u00e3o registrada nos \u00faltimos encontros do Programa de Governo Participativo (PGP), o pr\u00e9-candidato a governador do Estado do Time de Lula na Bahia, Jer\u00f4nimo Rodrigues (PT), se re\u00fane com lideran\u00e7as pol\u00edticas, movimentos sociais e simpatizantes \u00e0 continuidade do projeto que tem transformado a vida dos baianos em Jequi\u00e9 e Jacobina neste fim de semana. Nesta quinta-feira (7), o Time de Lula na Bahia vai a Sim\u00f5es Filho, na Regi\u00e3o Metropolitana de Salvador (RMS), para mais uma edi\u00e7\u00e3o do Esquenta PGP, \u00e0s 18h, no Espa\u00e7o Cidade Crian\u00e7a, na Avenida Elmo Serejo Farias, no bairro do CIA 1. No s\u00e1bado (9), em Jequi\u00e9, Jer\u00f4nimo, Geraldo J\u00fanior e Otto realizam a Plen\u00e1ria do PGP do M\u00e9dio Rio de Contas, no&hellip; <\/p>\n","protected":false},"author":2,"featured_media":317307,"comment_status":"open","ping_status":"open","sticky":false,"template":"","format":"standard","meta":{"_acf_changed":false,"footnotes":""},"categories":[34],"tags":[],"class_list":["post-317304","post","type-post","status-publish","format-standard","has-post-thumbnail","hentry","category-eleicoes"],"acf":[],"yoast_head":"<!-- This site is optimized with the Yoast SEO plugin v27.4 - https:\/\/yoast.com\/product\/yoast-seo-wordpress\/ -->\n<title>Elei\u00e7\u00f5es 2022 BA: Jer\u00f4nimo vai a Jequi\u00e9 e Jacobina para encontros do Programa de Governo Participativo - Blog do Farn\u00e9sio<\/title>\n<meta name=\"robots\" content=\"index, follow, max-snippet:-1, max-image-preview:large, max-video-preview:-1\" \/>\n<link rel=\"canonical\" href=\"https:\/\/blogdofarnesio.com.br\/?p=317304\" \/>\n<meta property=\"og:locale\" content=\"pt_BR\" \/>\n<meta property=\"og:type\" content=\"article\" \/>\n<meta property=\"og:title\" content=\"Elei\u00e7\u00f5es 2022 BA: Jer\u00f4nimo vai a Jequi\u00e9 e Jacobina para encontros do Programa de Governo Participativo - Blog do Farn\u00e9sio\" \/>\n<meta property=\"og:description\" content=\"Embalado pela forte ades\u00e3o registrada nos \u00faltimos encontros do Programa de Governo Participativo (PGP), o pr\u00e9-candidato a governador do Estado do Time de Lula na Bahia, Jer\u00f4nimo Rodrigues (PT), se re\u00fane com lideran\u00e7as pol\u00edticas, movimentos sociais e simpatizantes \u00e0 continuidade do projeto que tem transformado a vida dos baianos em Jequi\u00e9 e Jacobina neste fim de semana. Nesta quinta-feira (7), o Time de Lula na Bahia vai a Sim\u00f5es Filho, na Regi\u00e3o Metropolitana de Salvador (RMS), para mais uma edi\u00e7\u00e3o do Esquenta PGP, \u00e0s 18h, no Espa\u00e7o Cidade Crian\u00e7a, na Avenida Elmo Serejo Farias, no bairro do CIA 1. No s\u00e1bado (9), em Jequi\u00e9, Jer\u00f4nimo, Geraldo J\u00fanior e Otto realizam a Plen\u00e1ria do PGP do M\u00e9dio Rio de Contas, no&hellip;\" \/>\n<meta property=\"og:url\" content=\"https:\/\/blogdofarnesio.com.br\/?p=317304\" \/>\n<meta property=\"og:site_name\" content=\"Blog do Farn\u00e9sio\" \/>\n<meta property=\"article:publisher\" content=\"https:\/\/www.facebook.com\/BlogQuerSaberPolitica\/\" \/>\n<meta property=\"article:author\" content=\"https:\/\/www.facebook.com\/?ref=tn_tnmn\" \/>\n<meta property=\"article:published_time\" content=\"2022-07-07T16:00:25+00:00\" \/>\n<meta property=\"og:image\" content=\"https:\/\/blogdofarnesio.com.br\/wp-content\/uploads\/2022\/07\/blogqspjeronimo-ba-2-e1657204377467.jpg\" \/>\n\t<meta property=\"og:image:width\" content=\"780\" \/>\n\t<meta property=\"og:image:height\" content=\"520\" \/>\n\t<meta property=\"og:image:type\" content=\"image\/jpeg\" \/>\n<meta name=\"author\" content=\"Farn\u00e9sio\" \/>\n<meta name=\"twitter:card\" content=\"summary_large_image\" \/>\n<meta name=\"twitter:label1\" content=\"Escrito por\" \/>\n\t<meta name=\"twitter:data1\" content=\"Farn\u00e9sio\" \/>\n\t<meta name=\"twitter:label2\" content=\"Est. tempo de leitura\" \/>\n\t<meta name=\"twitter:data2\" content=\"2 minutos\" \/>\n<script type=\"application\/ld+json\" class=\"yoast-schema-graph\">{\"@context\":\"https:\\\/\\\/schema.org\",\"@graph\":[{\"@type\":\"Article\",\"@id\":\"https:\\\/\\\/blogdofarnesio.com.br\\\/?p=317304#article\",\"isPartOf\":{\"@id\":\"https:\\\/\\\/blogdofarnesio.com.br\\\/?p=317304\"},\"author\":{\"name\":\"Farn\u00e9sio\",\"@id\":\"https:\\\/\\\/blogdofarnesio.com.br\\\/#\\\/schema\\\/person\\\/bb9b23ae3ad0609ce8df7b6c9e76824d\"},\"headline\":\"Elei\u00e7\u00f5es 2022 BA: Jer\u00f4nimo vai a Jequi\u00e9 e Jacobina para encontros do Programa de Governo Participativo\",\"datePublished\":\"2022-07-07T16:00:25+00:00\",\"mainEntityOfPage\":{\"@id\":\"https:\\\/\\\/blogdofarnesio.com.br\\\/?p=317304\"},\"wordCount\":302,\"commentCount\":0,\"publisher\":{\"@id\":\"https:\\\/\\\/blogdofarnesio.com.br\\\/#organization\"},\"image\":{\"@id\":\"https:\\\/\\\/blogdofarnesio.com.br\\\/?p=317304#primaryimage\"},\"thumbnailUrl\":\"https:\\\/\\\/blogdofarnesio.com.br\\\/wp-content\\\/uploads\\\/2022\\\/07\\\/blogqspjeronimo-ba-2-e1657204377467.jpg\",\"articleSection\":[\"Elei\u00e7\u00f5es\"],\"inLanguage\":\"pt-BR\",\"potentialAction\":[{\"@type\":\"CommentAction\",\"name\":\"Comment\",\"target\":[\"https:\\\/\\\/blogdofarnesio.com.br\\\/?p=317304#respond\"]}]},{\"@type\":\"WebPage\",\"@id\":\"https:\\\/\\\/blogdofarnesio.com.br\\\/?p=317304\",\"url\":\"https:\\\/\\\/blogdofarnesio.com.br\\\/?p=317304\",\"name\":\"Elei\u00e7\u00f5es 2022 BA: Jer\u00f4nimo vai a Jequi\u00e9 e Jacobina para encontros do Programa de Governo Participativo - Blog do Farn\u00e9sio\",\"isPartOf\":{\"@id\":\"https:\\\/\\\/blogdofarnesio.com.br\\\/#website\"},\"primaryImageOfPage\":{\"@id\":\"https:\\\/\\\/blogdofarnesio.com.br\\\/?p=317304#primaryimage\"},\"image\":{\"@id\":\"https:\\\/\\\/blogdofarnesio.com.br\\\/?p=317304#primaryimage\"},\"thumbnailUrl\":\"https:\\\/\\\/blogdofarnesio.com.br\\\/wp-content\\\/uploads\\\/2022\\\/07\\\/blogqspjeronimo-ba-2-e1657204377467.jpg\",\"datePublished\":\"2022-07-07T16:00:25+00:00\",\"breadcrumb\":{\"@id\":\"https:\\\/\\\/blogdofarnesio.com.br\\\/?p=317304#breadcrumb\"},\"inLanguage\":\"pt-BR\",\"potentialAction\":[{\"@type\":\"ReadAction\",\"target\":[\"https:\\\/\\\/blogdofarnesio.com.br\\\/?p=317304\"]}]},{\"@type\":\"ImageObject\",\"inLanguage\":\"pt-BR\",\"@id\":\"https:\\\/\\\/blogdofarnesio.com.br\\\/?p=317304#primaryimage\",\"url\":\"https:\\\/\\\/blogdofarnesio.com.br\\\/wp-content\\\/uploads\\\/2022\\\/07\\\/blogqspjeronimo-ba-2-e1657204377467.jpg\",\"contentUrl\":\"https:\\\/\\\/blogdofarnesio.com.br\\\/wp-content\\\/uploads\\\/2022\\\/07\\\/blogqspjeronimo-ba-2-e1657204377467.jpg\",\"width\":780,\"height\":520},{\"@type\":\"BreadcrumbList\",\"@id\":\"https:\\\/\\\/blogdofarnesio.com.br\\\/?p=317304#breadcrumb\",\"itemListElement\":[{\"@type\":\"ListItem\",\"position\":1,\"name\":\"In\u00edcio\",\"item\":\"https:\\\/\\\/blogdofarnesio.com.br\\\/\"},{\"@type\":\"ListItem\",\"position\":2,\"name\":\"Elei\u00e7\u00f5es 2022 BA: Jer\u00f4nimo vai a Jequi\u00e9 e Jacobina para encontros do Programa de Governo Participativo\"}]},{\"@type\":\"WebSite\",\"@id\":\"https:\\\/\\\/blogdofarnesio.com.br\\\/#website\",\"url\":\"https:\\\/\\\/blogdofarnesio.com.br\\\/\",\"name\":\"Blog do Farn\u00e9sio\",\"description\":\"Quer Saber Pol\u00edtica?\",\"publisher\":{\"@id\":\"https:\\\/\\\/blogdofarnesio.com.br\\\/#organization\"},\"potentialAction\":[{\"@type\":\"SearchAction\",\"target\":{\"@type\":\"EntryPoint\",\"urlTemplate\":\"https:\\\/\\\/blogdofarnesio.com.br\\\/?s={search_term_string}\"},\"query-input\":{\"@type\":\"PropertyValueSpecification\",\"valueRequired\":true,\"valueName\":\"search_term_string\"}}],\"inLanguage\":\"pt-BR\"},{\"@type\":\"Organization\",\"@id\":\"https:\\\/\\\/blogdofarnesio.com.br\\\/#organization\",\"name\":\"Blog do Farn\u00e9sio\",\"url\":\"https:\\\/\\\/blogdofarnesio.com.br\\\/\",\"logo\":{\"@type\":\"ImageObject\",\"inLanguage\":\"pt-BR\",\"@id\":\"https:\\\/\\\/blogdofarnesio.com.br\\\/#\\\/schema\\\/logo\\\/image\\\/\",\"url\":\"https:\\\/\\\/blogdofarnesio.com.br\\\/wp-content\\\/uploads\\\/2026\\\/03\\\/cropped-logo_new-1.png\",\"contentUrl\":\"https:\\\/\\\/blogdofarnesio.com.br\\\/wp-content\\\/uploads\\\/2026\\\/03\\\/cropped-logo_new-1.png\",\"width\":881,\"height\":685,\"caption\":\"Blog do Farn\u00e9sio\"},\"image\":{\"@id\":\"https:\\\/\\\/blogdofarnesio.com.br\\\/#\\\/schema\\\/logo\\\/image\\\/\"},\"sameAs\":[\"https:\\\/\\\/www.facebook.com\\\/BlogQuerSaberPolitica\\\/\"]},{\"@type\":\"Person\",\"@id\":\"https:\\\/\\\/blogdofarnesio.com.br\\\/#\\\/schema\\\/person\\\/bb9b23ae3ad0609ce8df7b6c9e76824d\",\"name\":\"Farn\u00e9sio\",\"image\":{\"@type\":\"ImageObject\",\"inLanguage\":\"pt-BR\",\"@id\":\"https:\\\/\\\/secure.gravatar.com\\\/avatar\\\/986aa4c61ccdb66f8555bf88fc2a65609d00bcabd4d2d94377a727547345cbca?s=96&d=mm&r=g\",\"url\":\"https:\\\/\\\/secure.gravatar.com\\\/avatar\\\/986aa4c61ccdb66f8555bf88fc2a65609d00bcabd4d2d94377a727547345cbca?s=96&d=mm&r=g\",\"contentUrl\":\"https:\\\/\\\/secure.gravatar.com\\\/avatar\\\/986aa4c61ccdb66f8555bf88fc2a65609d00bcabd4d2d94377a727547345cbca?s=96&d=mm&r=g\",\"caption\":\"Farn\u00e9sio\"},\"description\":\"Radialista blogueiro, chegou a Petrolina\\\/Juazeiro em setembro de 1980, Farn\u00e9sio Silva \u00e9 de Arapiraca-Alagoas.\",\"sameAs\":[\"http:\\\/\\\/blogdofarnesio.com.br\",\"https:\\\/\\\/www.facebook.com\\\/?ref=tn_tnmn\",\"https:\\\/\\\/www.instagram.com\\\/?utm_source=pwa_homescreen\",\"https:\\\/\\\/youtube.com.br\\\/\"],\"url\":\"https:\\\/\\\/blogdofarnesio.com.br\\\/?author=2\"}]}<\/script>\n<!-- \/ Yoast SEO plugin. -->","yoast_head_json":{"title":"Elei\u00e7\u00f5es 2022 BA: Jer\u00f4nimo vai a Jequi\u00e9 e Jacobina para encontros do Programa de Governo Participativo - Blog do Farn\u00e9sio","robots":{"index":"index","follow":"follow","max-snippet":"max-snippet:-1","max-image-preview":"max-image-preview:large","max-video-preview":"max-video-preview:-1"},"canonical":"https:\/\/blogdofarnesio.com.br\/?p=317304","og_locale":"pt_BR","og_type":"article","og_title":"Elei\u00e7\u00f5es 2022 BA: Jer\u00f4nimo vai a Jequi\u00e9 e Jacobina para encontros do Programa de Governo Participativo - Blog do Farn\u00e9sio","og_description":"Embalado pela forte ades\u00e3o registrada nos \u00faltimos encontros do Programa de Governo Participativo (PGP), o pr\u00e9-candidato a governador do Estado do Time de Lula na Bahia, Jer\u00f4nimo Rodrigues (PT), se re\u00fane com lideran\u00e7as pol\u00edticas, movimentos sociais e simpatizantes \u00e0 continuidade do projeto que tem transformado a vida dos baianos em Jequi\u00e9 e Jacobina neste fim de semana. Nesta quinta-feira (7), o Time de Lula na Bahia vai a Sim\u00f5es Filho, na Regi\u00e3o Metropolitana de Salvador (RMS), para mais uma edi\u00e7\u00e3o do Esquenta PGP, \u00e0s 18h, no Espa\u00e7o Cidade Crian\u00e7a, na Avenida Elmo Serejo Farias, no bairro do CIA 1. No s\u00e1bado (9), em Jequi\u00e9, Jer\u00f4nimo, Geraldo J\u00fanior e Otto realizam a Plen\u00e1ria do PGP do M\u00e9dio Rio de Contas, no&hellip;","og_url":"https:\/\/blogdofarnesio.com.br\/?p=317304","og_site_name":"Blog do Farn\u00e9sio","article_publisher":"https:\/\/www.facebook.com\/BlogQuerSaberPolitica\/","article_author":"https:\/\/www.facebook.com\/?ref=tn_tnmn","article_published_time":"2022-07-07T16:00:25+00:00","og_image":[{"width":780,"height":520,"url":"https:\/\/blogdofarnesio.com.br\/wp-content\/uploads\/2022\/07\/blogqspjeronimo-ba-2-e1657204377467.jpg","type":"image\/jpeg"}],"author":"Farn\u00e9sio","twitter_card":"summary_large_image","twitter_misc":{"Escrito por":"Farn\u00e9sio","Est. tempo de leitura":"2 minutos"},"schema":{"@context":"https:\/\/schema.org","@graph":[{"@type":"Article","@id":"https:\/\/blogdofarnesio.com.br\/?p=317304#article","isPartOf":{"@id":"https:\/\/blogdofarnesio.com.br\/?p=317304"},"author":{"name":"Farn\u00e9sio","@id":"https:\/\/blogdofarnesio.com.br\/#\/schema\/person\/bb9b23ae3ad0609ce8df7b6c9e76824d"},"headline":"Elei\u00e7\u00f5es 2022 BA: Jer\u00f4nimo vai a Jequi\u00e9 e Jacobina para encontros do Programa de Governo Participativo","datePublished":"2022-07-07T16:00:25+00:00","mainEntityOfPage":{"@id":"https:\/\/blogdofarnesio.com.br\/?p=317304"},"wordCount":302,"commentCount":0,"publisher":{"@id":"https:\/\/blogdofarnesio.com.br\/#organization"},"image":{"@id":"https:\/\/blogdofarnesio.com.br\/?p=317304#primaryimage"},"thumbnailUrl":"https:\/\/blogdofarnesio.com.br\/wp-content\/uploads\/2022\/07\/blogqspjeronimo-ba-2-e1657204377467.jpg","articleSection":["Elei\u00e7\u00f5es"],"inLanguage":"pt-BR","potentialAction":[{"@type":"CommentAction","name":"Comment","target":["https:\/\/blogdofarnesio.com.br\/?p=317304#respond"]}]},{"@type":"WebPage","@id":"https:\/\/blogdofarnesio.com.br\/?p=317304","url":"https:\/\/blogdofarnesio.com.br\/?p=317304","name":"Elei\u00e7\u00f5es 2022 BA: Jer\u00f4nimo vai a Jequi\u00e9 e Jacobina para encontros do Programa de Governo Participativo - Blog do Farn\u00e9sio","isPartOf":{"@id":"https:\/\/blogdofarnesio.com.br\/#website"},"primaryImageOfPage":{"@id":"https:\/\/blogdofarnesio.com.br\/?p=317304#primaryimage"},"image":{"@id":"https:\/\/blogdofarnesio.com.br\/?p=317304#primaryimage"},"thumbnailUrl":"https:\/\/blogdofarnesio.com.br\/wp-content\/uploads\/2022\/07\/blogqspjeronimo-ba-2-e1657204377467.jpg","datePublished":"2022-07-07T16:00:25+00:00","breadcrumb":{"@id":"https:\/\/blogdofarnesio.com.br\/?p=317304#breadcrumb"},"inLanguage":"pt-BR","potentialAction":[{"@type":"ReadAction","target":["https:\/\/blogdofarnesio.com.br\/?p=317304"]}]},{"@type":"ImageObject","inLanguage":"pt-BR","@id":"https:\/\/blogdofarnesio.com.br\/?p=317304#primaryimage","url":"https:\/\/blogdofarnesio.com.br\/wp-content\/uploads\/2022\/07\/blogqspjeronimo-ba-2-e1657204377467.jpg","contentUrl":"https:\/\/blogdofarnesio.com.br\/wp-content\/uploads\/2022\/07\/blogqspjeronimo-ba-2-e1657204377467.jpg","width":780,"height":520},{"@type":"BreadcrumbList","@id":"https:\/\/blogdofarnesio.com.br\/?p=317304#breadcrumb","itemListElement":[{"@type":"ListItem","position":1,"name":"In\u00edcio","item":"https:\/\/blogdofarnesio.com.br\/"},{"@type":"ListItem","position":2,"name":"Elei\u00e7\u00f5es 2022 BA: Jer\u00f4nimo vai a Jequi\u00e9 e Jacobina para encontros do Programa de Governo Participativo"}]},{"@type":"WebSite","@id":"https:\/\/blogdofarnesio.com.br\/#website","url":"https:\/\/blogdofarnesio.com.br\/","name":"Blog do Farn\u00e9sio","description":"Quer Saber Pol\u00edtica?","publisher":{"@id":"https:\/\/blogdofarnesio.com.br\/#organization"},"potentialAction":[{"@type":"SearchAction","target":{"@type":"EntryPoint","urlTemplate":"https:\/\/blogdofarnesio.com.br\/?s={search_term_string}"},"query-input":{"@type":"PropertyValueSpecification","valueRequired":true,"valueName":"search_term_string"}}],"inLanguage":"pt-BR"},{"@type":"Organization","@id":"https:\/\/blogdofarnesio.com.br\/#organization","name":"Blog do Farn\u00e9sio","url":"https:\/\/blogdofarnesio.com.br\/","logo":{"@type":"ImageObject","inLanguage":"pt-BR","@id":"https:\/\/blogdofarnesio.com.br\/#\/schema\/logo\/image\/","url":"https:\/\/blogdofarnesio.com.br\/wp-content\/uploads\/2026\/03\/cropped-logo_new-1.png","contentUrl":"https:\/\/blogdofarnesio.com.br\/wp-content\/uploads\/2026\/03\/cropped-logo_new-1.png","width":881,"height":685,"caption":"Blog do Farn\u00e9sio"},"image":{"@id":"https:\/\/blogdofarnesio.com.br\/#\/schema\/logo\/image\/"},"sameAs":["https:\/\/www.facebook.com\/BlogQuerSaberPolitica\/"]},{"@type":"Person","@id":"https:\/\/blogdofarnesio.com.br\/#\/schema\/person\/bb9b23ae3ad0609ce8df7b6c9e76824d","name":"Farn\u00e9sio","image":{"@type":"ImageObject","inLanguage":"pt-BR","@id":"https:\/\/secure.gravatar.com\/avatar\/986aa4c61ccdb66f8555bf88fc2a65609d00bcabd4d2d94377a727547345cbca?s=96&d=mm&r=g","url":"https:\/\/secure.gravatar.com\/avatar\/986aa4c61ccdb66f8555bf88fc2a65609d00bcabd4d2d94377a727547345cbca?s=96&d=mm&r=g","contentUrl":"https:\/\/secure.gravatar.com\/avatar\/986aa4c61ccdb66f8555bf88fc2a65609d00bcabd4d2d94377a727547345cbca?s=96&d=mm&r=g","caption":"Farn\u00e9sio"},"description":"Radialista blogueiro, chegou a Petrolina\/Juazeiro em setembro de 1980, Farn\u00e9sio Silva \u00e9 de Arapiraca-Alagoas.","sameAs":["http:\/\/blogdofarnesio.com.br","https:\/\/www.facebook.com\/?ref=tn_tnmn","https:\/\/www.instagram.com\/?utm_source=pwa_homescreen","https:\/\/youtube.com.br\/"],"url":"https:\/\/blogdofarnesio.com.br\/?author=2"}]}},"_links":{"self":[{"href":"https:\/\/blogdofarnesio.com.br\/index.php?rest_route=\/wp\/v2\/posts\/317304","targetHints":{"allow":["GET"]}}],"collection":[{"href":"https:\/\/blogdofarnesio.com.br\/index.php?rest_route=\/wp\/v2\/posts"}],"about":[{"href":"https:\/\/blogdofarnesio.com.br\/index.php?rest_route=\/wp\/v2\/types\/post"}],"author":[{"embeddable":true,"href":"https:\/\/blogdofarnesio.com.br\/index.php?rest_route=\/wp\/v2\/users\/2"}],"replies":[{"embeddable":true,"href":"https:\/\/blogdofarnesio.com.br\/index.php?rest_route=%2Fwp%2Fv2%2Fcomments&post=317304"}],"version-history":[{"count":0,"href":"https:\/\/blogdofarnesio.com.br\/index.php?rest_route=\/wp\/v2\/posts\/317304\/revisions"}],"wp:featuredmedia":[{"embeddable":true,"href":"https:\/\/blogdofarnesio.com.br\/index.php?rest_route=\/wp\/v2\/media\/317307"}],"wp:attachment":[{"href":"https:\/\/blogdofarnesio.com.br\/index.php?rest_route=%2Fwp%2Fv2%2Fmedia&parent=317304"}],"wp:term":[{"taxonomy":"category","embeddable":true,"href":"https:\/\/blogdofarnesio.com.br\/index.php?rest_route=%2Fwp%2Fv2%2Fcategories&post=317304"},{"taxonomy":"post_tag","embeddable":true,"href":"https:\/\/blogdofarnesio.com.br\/index.php?rest_route=%2Fwp%2Fv2%2Ftags&post=317304"}],"curies":[{"name":"wp","href":"https:\/\/api.w.org\/{rel}","templated":true}]}}