{"id":317069,"date":"2022-07-07T09:22:22","date_gmt":"2022-07-07T12:22:22","guid":{"rendered":"https:\/\/blogdofarnesio.com.br\/?p=317069"},"modified":"2022-07-06T16:57:50","modified_gmt":"2022-07-06T19:57:50","slug":"saude-de-petrolina-reforca-importancia-da-vacina-bcg-contra-as-formas-graves-da-turbeculose","status":"publish","type":"post","link":"https:\/\/blogdofarnesio.com.br\/?p=317069","title":{"rendered":"Sa\u00fade de Petrolina refor\u00e7a import\u00e2ncia da vacina BCG contra as formas graves da turbeculose"},"content":{"rendered":"<p style=\"font-weight: 400;\">As vacinas s\u00e3o muito importantes, elas s\u00e3o as primeiras prote\u00e7\u00f5es que o beb\u00ea recebe ao nascer. Por isso, neste m\u00eas de Julho \u00e9 comemorado &#8220;O dia da Vacina BCG&#8221;, e a Prefeitura de Petrolina refor\u00e7a a import\u00e2ncia dessa vacina, que \u00e9 considerada um dos imunizantes mais importantes para o rec\u00e9m-nascido.<\/p>\n<p style=\"font-weight: 400;\">Com dose \u00fanica, a imuniza\u00e7\u00e3o costuma deixar a famosa \u2018marquinha\u2019 no bra\u00e7o direito, ela deve ser administrada o mais precoce poss\u00edvel, de prefer\u00eancia ainda na maternidade. O imuno protege contra as formas mais graves da tuberculose, como a meningite tuberculosa e a tuberculose miliar. Caso n\u00e3o seja realizado na marternidade, o munic\u00edpio disponibiliza quatro unidades b\u00e1sicas de sa\u00fade com o imunizante. As crian\u00e7as com at\u00e9 quatro anos de idade devem receber a dose.<\/p>\n<p style=\"font-weight: 400;\"><strong>UNIDADES B\u00c1SICAS QUE APLICAM A VACINA BCG<\/strong><\/p>\n<p style=\"font-weight: 400;\">Segunda-Feira: UBS Dr. Gaud\u00eancio no Jardim Amazonas<\/p>\n<p style=\"font-weight: 400;\">Quarta-feira: UBS Bernardino Campos na Vila Eduardo<\/p>\n<p style=\"font-weight: 400;\">Sexta-feira: UBS Ricardo Soares na Cohab Massangano<\/p>\n<p style=\"font-weight: 400;\">1\u00aa Quarta-Feira do m\u00eas: UBS Izacol\u00e2ndia<\/p>\n<p style=\"font-weight: 400;\">\u2014\u2014\u2014\u2014\u2014\u2014\u2014\u2014\u2014<\/p>\n<p style=\"font-weight: 400;\">Texto: Jhulyenne Souza \u2013 Assessora de Comunica\u00e7\u00e3o da Secretaria de Sa\u00fade<\/p>\n","protected":false},"excerpt":{"rendered":"<p>As vacinas s\u00e3o muito importantes, elas s\u00e3o as primeiras prote\u00e7\u00f5es que o beb\u00ea recebe ao nascer. Por isso, neste m\u00eas de Julho \u00e9 comemorado &#8220;O dia da Vacina BCG&#8221;, e a Prefeitura de Petrolina refor\u00e7a a import\u00e2ncia dessa vacina, que \u00e9 considerada um dos imunizantes mais importantes para o rec\u00e9m-nascido. Com dose \u00fanica, a imuniza\u00e7\u00e3o costuma deixar a famosa \u2018marquinha\u2019 no bra\u00e7o direito, ela deve ser administrada o mais precoce poss\u00edvel, de prefer\u00eancia ainda na maternidade. O imuno protege contra as formas mais graves da tuberculose, como a meningite tuberculosa e a tuberculose miliar. Caso n\u00e3o seja realizado na marternidade, o munic\u00edpio disponibiliza quatro unidades b\u00e1sicas de sa\u00fade com o imunizante. As crian\u00e7as com at\u00e9 quatro anos de idade devem&hellip; <\/p>\n","protected":false},"author":2,"featured_media":290539,"comment_status":"open","ping_status":"open","sticky":false,"template":"","format":"standard","meta":{"_acf_changed":false,"footnotes":""},"categories":[4],"tags":[],"class_list":["post-317069","post","type-post","status-publish","format-standard","has-post-thumbnail","hentry","category-saude"],"acf":[],"yoast_head":"<!-- This site is optimized with the Yoast SEO plugin v27.4 - https:\/\/yoast.com\/product\/yoast-seo-wordpress\/ -->\n<title>Sa\u00fade de Petrolina refor\u00e7a import\u00e2ncia da vacina BCG contra as formas graves da turbeculose - Blog do Farn\u00e9sio<\/title>\n<meta name=\"robots\" content=\"index, follow, max-snippet:-1, max-image-preview:large, max-video-preview:-1\" \/>\n<link rel=\"canonical\" href=\"https:\/\/blogdofarnesio.com.br\/?p=317069\" \/>\n<meta property=\"og:locale\" content=\"pt_BR\" \/>\n<meta property=\"og:type\" content=\"article\" \/>\n<meta property=\"og:title\" content=\"Sa\u00fade de Petrolina refor\u00e7a import\u00e2ncia da vacina BCG contra as formas graves da turbeculose - Blog do Farn\u00e9sio\" \/>\n<meta property=\"og:description\" content=\"As vacinas s\u00e3o muito importantes, elas s\u00e3o as primeiras prote\u00e7\u00f5es que o beb\u00ea recebe ao nascer. Por isso, neste m\u00eas de Julho \u00e9 comemorado &#8220;O dia da Vacina BCG&#8221;, e a Prefeitura de Petrolina refor\u00e7a a import\u00e2ncia dessa vacina, que \u00e9 considerada um dos imunizantes mais importantes para o rec\u00e9m-nascido. Com dose \u00fanica, a imuniza\u00e7\u00e3o costuma deixar a famosa \u2018marquinha\u2019 no bra\u00e7o direito, ela deve ser administrada o mais precoce poss\u00edvel, de prefer\u00eancia ainda na maternidade. O imuno protege contra as formas mais graves da tuberculose, como a meningite tuberculosa e a tuberculose miliar. Caso n\u00e3o seja realizado na marternidade, o munic\u00edpio disponibiliza quatro unidades b\u00e1sicas de sa\u00fade com o imunizante. As crian\u00e7as com at\u00e9 quatro anos de idade devem&hellip;\" \/>\n<meta property=\"og:url\" content=\"https:\/\/blogdofarnesio.com.br\/?p=317069\" \/>\n<meta property=\"og:site_name\" content=\"Blog do Farn\u00e9sio\" \/>\n<meta property=\"article:publisher\" content=\"https:\/\/www.facebook.com\/BlogQuerSaberPolitica\/\" \/>\n<meta property=\"article:author\" content=\"https:\/\/www.facebook.com\/?ref=tn_tnmn\" \/>\n<meta property=\"article:published_time\" content=\"2022-07-07T12:22:22+00:00\" \/>\n<meta property=\"og:image\" content=\"https:\/\/blogdofarnesio.com.br\/wp-content\/uploads\/2021\/07\/blogqsp-vacina-BCG-e1626127874110.jpeg\" \/>\n\t<meta property=\"og:image:width\" content=\"680\" \/>\n\t<meta property=\"og:image:height\" content=\"509\" \/>\n\t<meta property=\"og:image:type\" content=\"image\/jpeg\" \/>\n<meta name=\"author\" content=\"Farn\u00e9sio\" \/>\n<meta name=\"twitter:card\" content=\"summary_large_image\" \/>\n<meta name=\"twitter:label1\" content=\"Escrito por\" \/>\n\t<meta name=\"twitter:data1\" content=\"Farn\u00e9sio\" \/>\n\t<meta name=\"twitter:label2\" content=\"Est. tempo de leitura\" \/>\n\t<meta name=\"twitter:data2\" content=\"1 minuto\" \/>\n<script type=\"application\/ld+json\" class=\"yoast-schema-graph\">{\"@context\":\"https:\\\/\\\/schema.org\",\"@graph\":[{\"@type\":\"Article\",\"@id\":\"https:\\\/\\\/blogdofarnesio.com.br\\\/?p=317069#article\",\"isPartOf\":{\"@id\":\"https:\\\/\\\/blogdofarnesio.com.br\\\/?p=317069\"},\"author\":{\"name\":\"Farn\u00e9sio\",\"@id\":\"https:\\\/\\\/blogdofarnesio.com.br\\\/#\\\/schema\\\/person\\\/bb9b23ae3ad0609ce8df7b6c9e76824d\"},\"headline\":\"Sa\u00fade de Petrolina refor\u00e7a import\u00e2ncia da vacina BCG contra as formas graves da turbeculose\",\"datePublished\":\"2022-07-07T12:22:22+00:00\",\"mainEntityOfPage\":{\"@id\":\"https:\\\/\\\/blogdofarnesio.com.br\\\/?p=317069\"},\"wordCount\":203,\"commentCount\":0,\"publisher\":{\"@id\":\"https:\\\/\\\/blogdofarnesio.com.br\\\/#organization\"},\"image\":{\"@id\":\"https:\\\/\\\/blogdofarnesio.com.br\\\/?p=317069#primaryimage\"},\"thumbnailUrl\":\"https:\\\/\\\/blogdofarnesio.com.br\\\/wp-content\\\/uploads\\\/2021\\\/07\\\/blogqsp-vacina-BCG-e1626127874110.jpeg\",\"articleSection\":[\"Sa\u00fade\"],\"inLanguage\":\"pt-BR\",\"potentialAction\":[{\"@type\":\"CommentAction\",\"name\":\"Comment\",\"target\":[\"https:\\\/\\\/blogdofarnesio.com.br\\\/?p=317069#respond\"]}]},{\"@type\":\"WebPage\",\"@id\":\"https:\\\/\\\/blogdofarnesio.com.br\\\/?p=317069\",\"url\":\"https:\\\/\\\/blogdofarnesio.com.br\\\/?p=317069\",\"name\":\"Sa\u00fade de Petrolina refor\u00e7a import\u00e2ncia da vacina BCG contra as formas graves da turbeculose - Blog do Farn\u00e9sio\",\"isPartOf\":{\"@id\":\"https:\\\/\\\/blogdofarnesio.com.br\\\/#website\"},\"primaryImageOfPage\":{\"@id\":\"https:\\\/\\\/blogdofarnesio.com.br\\\/?p=317069#primaryimage\"},\"image\":{\"@id\":\"https:\\\/\\\/blogdofarnesio.com.br\\\/?p=317069#primaryimage\"},\"thumbnailUrl\":\"https:\\\/\\\/blogdofarnesio.com.br\\\/wp-content\\\/uploads\\\/2021\\\/07\\\/blogqsp-vacina-BCG-e1626127874110.jpeg\",\"datePublished\":\"2022-07-07T12:22:22+00:00\",\"breadcrumb\":{\"@id\":\"https:\\\/\\\/blogdofarnesio.com.br\\\/?p=317069#breadcrumb\"},\"inLanguage\":\"pt-BR\",\"potentialAction\":[{\"@type\":\"ReadAction\",\"target\":[\"https:\\\/\\\/blogdofarnesio.com.br\\\/?p=317069\"]}]},{\"@type\":\"ImageObject\",\"inLanguage\":\"pt-BR\",\"@id\":\"https:\\\/\\\/blogdofarnesio.com.br\\\/?p=317069#primaryimage\",\"url\":\"https:\\\/\\\/blogdofarnesio.com.br\\\/wp-content\\\/uploads\\\/2021\\\/07\\\/blogqsp-vacina-BCG-e1626127874110.jpeg\",\"contentUrl\":\"https:\\\/\\\/blogdofarnesio.com.br\\\/wp-content\\\/uploads\\\/2021\\\/07\\\/blogqsp-vacina-BCG-e1626127874110.jpeg\",\"width\":680,\"height\":509},{\"@type\":\"BreadcrumbList\",\"@id\":\"https:\\\/\\\/blogdofarnesio.com.br\\\/?p=317069#breadcrumb\",\"itemListElement\":[{\"@type\":\"ListItem\",\"position\":1,\"name\":\"In\u00edcio\",\"item\":\"https:\\\/\\\/blogdofarnesio.com.br\\\/\"},{\"@type\":\"ListItem\",\"position\":2,\"name\":\"Sa\u00fade de Petrolina refor\u00e7a import\u00e2ncia da vacina BCG contra as formas graves da turbeculose\"}]},{\"@type\":\"WebSite\",\"@id\":\"https:\\\/\\\/blogdofarnesio.com.br\\\/#website\",\"url\":\"https:\\\/\\\/blogdofarnesio.com.br\\\/\",\"name\":\"Blog do Farn\u00e9sio\",\"description\":\"Quer Saber Pol\u00edtica?\",\"publisher\":{\"@id\":\"https:\\\/\\\/blogdofarnesio.com.br\\\/#organization\"},\"potentialAction\":[{\"@type\":\"SearchAction\",\"target\":{\"@type\":\"EntryPoint\",\"urlTemplate\":\"https:\\\/\\\/blogdofarnesio.com.br\\\/?s={search_term_string}\"},\"query-input\":{\"@type\":\"PropertyValueSpecification\",\"valueRequired\":true,\"valueName\":\"search_term_string\"}}],\"inLanguage\":\"pt-BR\"},{\"@type\":\"Organization\",\"@id\":\"https:\\\/\\\/blogdofarnesio.com.br\\\/#organization\",\"name\":\"Blog do Farn\u00e9sio\",\"url\":\"https:\\\/\\\/blogdofarnesio.com.br\\\/\",\"logo\":{\"@type\":\"ImageObject\",\"inLanguage\":\"pt-BR\",\"@id\":\"https:\\\/\\\/blogdofarnesio.com.br\\\/#\\\/schema\\\/logo\\\/image\\\/\",\"url\":\"https:\\\/\\\/blogdofarnesio.com.br\\\/wp-content\\\/uploads\\\/2026\\\/03\\\/cropped-logo_new-1.png\",\"contentUrl\":\"https:\\\/\\\/blogdofarnesio.com.br\\\/wp-content\\\/uploads\\\/2026\\\/03\\\/cropped-logo_new-1.png\",\"width\":881,\"height\":685,\"caption\":\"Blog do Farn\u00e9sio\"},\"image\":{\"@id\":\"https:\\\/\\\/blogdofarnesio.com.br\\\/#\\\/schema\\\/logo\\\/image\\\/\"},\"sameAs\":[\"https:\\\/\\\/www.facebook.com\\\/BlogQuerSaberPolitica\\\/\"]},{\"@type\":\"Person\",\"@id\":\"https:\\\/\\\/blogdofarnesio.com.br\\\/#\\\/schema\\\/person\\\/bb9b23ae3ad0609ce8df7b6c9e76824d\",\"name\":\"Farn\u00e9sio\",\"image\":{\"@type\":\"ImageObject\",\"inLanguage\":\"pt-BR\",\"@id\":\"https:\\\/\\\/secure.gravatar.com\\\/avatar\\\/986aa4c61ccdb66f8555bf88fc2a65609d00bcabd4d2d94377a727547345cbca?s=96&d=mm&r=g\",\"url\":\"https:\\\/\\\/secure.gravatar.com\\\/avatar\\\/986aa4c61ccdb66f8555bf88fc2a65609d00bcabd4d2d94377a727547345cbca?s=96&d=mm&r=g\",\"contentUrl\":\"https:\\\/\\\/secure.gravatar.com\\\/avatar\\\/986aa4c61ccdb66f8555bf88fc2a65609d00bcabd4d2d94377a727547345cbca?s=96&d=mm&r=g\",\"caption\":\"Farn\u00e9sio\"},\"description\":\"Radialista blogueiro, chegou a Petrolina\\\/Juazeiro em setembro de 1980, Farn\u00e9sio Silva \u00e9 de Arapiraca-Alagoas.\",\"sameAs\":[\"http:\\\/\\\/blogdofarnesio.com.br\",\"https:\\\/\\\/www.facebook.com\\\/?ref=tn_tnmn\",\"https:\\\/\\\/www.instagram.com\\\/?utm_source=pwa_homescreen\",\"https:\\\/\\\/youtube.com.br\\\/\"],\"url\":\"https:\\\/\\\/blogdofarnesio.com.br\\\/?author=2\"}]}<\/script>\n<!-- \/ Yoast SEO plugin. -->","yoast_head_json":{"title":"Sa\u00fade de Petrolina refor\u00e7a import\u00e2ncia da vacina BCG contra as formas graves da turbeculose - Blog do Farn\u00e9sio","robots":{"index":"index","follow":"follow","max-snippet":"max-snippet:-1","max-image-preview":"max-image-preview:large","max-video-preview":"max-video-preview:-1"},"canonical":"https:\/\/blogdofarnesio.com.br\/?p=317069","og_locale":"pt_BR","og_type":"article","og_title":"Sa\u00fade de Petrolina refor\u00e7a import\u00e2ncia da vacina BCG contra as formas graves da turbeculose - Blog do Farn\u00e9sio","og_description":"As vacinas s\u00e3o muito importantes, elas s\u00e3o as primeiras prote\u00e7\u00f5es que o beb\u00ea recebe ao nascer. Por isso, neste m\u00eas de Julho \u00e9 comemorado &#8220;O dia da Vacina BCG&#8221;, e a Prefeitura de Petrolina refor\u00e7a a import\u00e2ncia dessa vacina, que \u00e9 considerada um dos imunizantes mais importantes para o rec\u00e9m-nascido. Com dose \u00fanica, a imuniza\u00e7\u00e3o costuma deixar a famosa \u2018marquinha\u2019 no bra\u00e7o direito, ela deve ser administrada o mais precoce poss\u00edvel, de prefer\u00eancia ainda na maternidade. O imuno protege contra as formas mais graves da tuberculose, como a meningite tuberculosa e a tuberculose miliar. Caso n\u00e3o seja realizado na marternidade, o munic\u00edpio disponibiliza quatro unidades b\u00e1sicas de sa\u00fade com o imunizante. As crian\u00e7as com at\u00e9 quatro anos de idade devem&hellip;","og_url":"https:\/\/blogdofarnesio.com.br\/?p=317069","og_site_name":"Blog do Farn\u00e9sio","article_publisher":"https:\/\/www.facebook.com\/BlogQuerSaberPolitica\/","article_author":"https:\/\/www.facebook.com\/?ref=tn_tnmn","article_published_time":"2022-07-07T12:22:22+00:00","og_image":[{"width":680,"height":509,"url":"https:\/\/blogdofarnesio.com.br\/wp-content\/uploads\/2021\/07\/blogqsp-vacina-BCG-e1626127874110.jpeg","type":"image\/jpeg"}],"author":"Farn\u00e9sio","twitter_card":"summary_large_image","twitter_misc":{"Escrito por":"Farn\u00e9sio","Est. tempo de leitura":"1 minuto"},"schema":{"@context":"https:\/\/schema.org","@graph":[{"@type":"Article","@id":"https:\/\/blogdofarnesio.com.br\/?p=317069#article","isPartOf":{"@id":"https:\/\/blogdofarnesio.com.br\/?p=317069"},"author":{"name":"Farn\u00e9sio","@id":"https:\/\/blogdofarnesio.com.br\/#\/schema\/person\/bb9b23ae3ad0609ce8df7b6c9e76824d"},"headline":"Sa\u00fade de Petrolina refor\u00e7a import\u00e2ncia da vacina BCG contra as formas graves da turbeculose","datePublished":"2022-07-07T12:22:22+00:00","mainEntityOfPage":{"@id":"https:\/\/blogdofarnesio.com.br\/?p=317069"},"wordCount":203,"commentCount":0,"publisher":{"@id":"https:\/\/blogdofarnesio.com.br\/#organization"},"image":{"@id":"https:\/\/blogdofarnesio.com.br\/?p=317069#primaryimage"},"thumbnailUrl":"https:\/\/blogdofarnesio.com.br\/wp-content\/uploads\/2021\/07\/blogqsp-vacina-BCG-e1626127874110.jpeg","articleSection":["Sa\u00fade"],"inLanguage":"pt-BR","potentialAction":[{"@type":"CommentAction","name":"Comment","target":["https:\/\/blogdofarnesio.com.br\/?p=317069#respond"]}]},{"@type":"WebPage","@id":"https:\/\/blogdofarnesio.com.br\/?p=317069","url":"https:\/\/blogdofarnesio.com.br\/?p=317069","name":"Sa\u00fade de Petrolina refor\u00e7a import\u00e2ncia da vacina BCG contra as formas graves da turbeculose - Blog do Farn\u00e9sio","isPartOf":{"@id":"https:\/\/blogdofarnesio.com.br\/#website"},"primaryImageOfPage":{"@id":"https:\/\/blogdofarnesio.com.br\/?p=317069#primaryimage"},"image":{"@id":"https:\/\/blogdofarnesio.com.br\/?p=317069#primaryimage"},"thumbnailUrl":"https:\/\/blogdofarnesio.com.br\/wp-content\/uploads\/2021\/07\/blogqsp-vacina-BCG-e1626127874110.jpeg","datePublished":"2022-07-07T12:22:22+00:00","breadcrumb":{"@id":"https:\/\/blogdofarnesio.com.br\/?p=317069#breadcrumb"},"inLanguage":"pt-BR","potentialAction":[{"@type":"ReadAction","target":["https:\/\/blogdofarnesio.com.br\/?p=317069"]}]},{"@type":"ImageObject","inLanguage":"pt-BR","@id":"https:\/\/blogdofarnesio.com.br\/?p=317069#primaryimage","url":"https:\/\/blogdofarnesio.com.br\/wp-content\/uploads\/2021\/07\/blogqsp-vacina-BCG-e1626127874110.jpeg","contentUrl":"https:\/\/blogdofarnesio.com.br\/wp-content\/uploads\/2021\/07\/blogqsp-vacina-BCG-e1626127874110.jpeg","width":680,"height":509},{"@type":"BreadcrumbList","@id":"https:\/\/blogdofarnesio.com.br\/?p=317069#breadcrumb","itemListElement":[{"@type":"ListItem","position":1,"name":"In\u00edcio","item":"https:\/\/blogdofarnesio.com.br\/"},{"@type":"ListItem","position":2,"name":"Sa\u00fade de Petrolina refor\u00e7a import\u00e2ncia da vacina BCG contra as formas graves da turbeculose"}]},{"@type":"WebSite","@id":"https:\/\/blogdofarnesio.com.br\/#website","url":"https:\/\/blogdofarnesio.com.br\/","name":"Blog do Farn\u00e9sio","description":"Quer Saber Pol\u00edtica?","publisher":{"@id":"https:\/\/blogdofarnesio.com.br\/#organization"},"potentialAction":[{"@type":"SearchAction","target":{"@type":"EntryPoint","urlTemplate":"https:\/\/blogdofarnesio.com.br\/?s={search_term_string}"},"query-input":{"@type":"PropertyValueSpecification","valueRequired":true,"valueName":"search_term_string"}}],"inLanguage":"pt-BR"},{"@type":"Organization","@id":"https:\/\/blogdofarnesio.com.br\/#organization","name":"Blog do Farn\u00e9sio","url":"https:\/\/blogdofarnesio.com.br\/","logo":{"@type":"ImageObject","inLanguage":"pt-BR","@id":"https:\/\/blogdofarnesio.com.br\/#\/schema\/logo\/image\/","url":"https:\/\/blogdofarnesio.com.br\/wp-content\/uploads\/2026\/03\/cropped-logo_new-1.png","contentUrl":"https:\/\/blogdofarnesio.com.br\/wp-content\/uploads\/2026\/03\/cropped-logo_new-1.png","width":881,"height":685,"caption":"Blog do Farn\u00e9sio"},"image":{"@id":"https:\/\/blogdofarnesio.com.br\/#\/schema\/logo\/image\/"},"sameAs":["https:\/\/www.facebook.com\/BlogQuerSaberPolitica\/"]},{"@type":"Person","@id":"https:\/\/blogdofarnesio.com.br\/#\/schema\/person\/bb9b23ae3ad0609ce8df7b6c9e76824d","name":"Farn\u00e9sio","image":{"@type":"ImageObject","inLanguage":"pt-BR","@id":"https:\/\/secure.gravatar.com\/avatar\/986aa4c61ccdb66f8555bf88fc2a65609d00bcabd4d2d94377a727547345cbca?s=96&d=mm&r=g","url":"https:\/\/secure.gravatar.com\/avatar\/986aa4c61ccdb66f8555bf88fc2a65609d00bcabd4d2d94377a727547345cbca?s=96&d=mm&r=g","contentUrl":"https:\/\/secure.gravatar.com\/avatar\/986aa4c61ccdb66f8555bf88fc2a65609d00bcabd4d2d94377a727547345cbca?s=96&d=mm&r=g","caption":"Farn\u00e9sio"},"description":"Radialista blogueiro, chegou a Petrolina\/Juazeiro em setembro de 1980, Farn\u00e9sio Silva \u00e9 de Arapiraca-Alagoas.","sameAs":["http:\/\/blogdofarnesio.com.br","https:\/\/www.facebook.com\/?ref=tn_tnmn","https:\/\/www.instagram.com\/?utm_source=pwa_homescreen","https:\/\/youtube.com.br\/"],"url":"https:\/\/blogdofarnesio.com.br\/?author=2"}]}},"_links":{"self":[{"href":"https:\/\/blogdofarnesio.com.br\/index.php?rest_route=\/wp\/v2\/posts\/317069","targetHints":{"allow":["GET"]}}],"collection":[{"href":"https:\/\/blogdofarnesio.com.br\/index.php?rest_route=\/wp\/v2\/posts"}],"about":[{"href":"https:\/\/blogdofarnesio.com.br\/index.php?rest_route=\/wp\/v2\/types\/post"}],"author":[{"embeddable":true,"href":"https:\/\/blogdofarnesio.com.br\/index.php?rest_route=\/wp\/v2\/users\/2"}],"replies":[{"embeddable":true,"href":"https:\/\/blogdofarnesio.com.br\/index.php?rest_route=%2Fwp%2Fv2%2Fcomments&post=317069"}],"version-history":[{"count":0,"href":"https:\/\/blogdofarnesio.com.br\/index.php?rest_route=\/wp\/v2\/posts\/317069\/revisions"}],"wp:featuredmedia":[{"embeddable":true,"href":"https:\/\/blogdofarnesio.com.br\/index.php?rest_route=\/wp\/v2\/media\/290539"}],"wp:attachment":[{"href":"https:\/\/blogdofarnesio.com.br\/index.php?rest_route=%2Fwp%2Fv2%2Fmedia&parent=317069"}],"wp:term":[{"taxonomy":"category","embeddable":true,"href":"https:\/\/blogdofarnesio.com.br\/index.php?rest_route=%2Fwp%2Fv2%2Fcategories&post=317069"},{"taxonomy":"post_tag","embeddable":true,"href":"https:\/\/blogdofarnesio.com.br\/index.php?rest_route=%2Fwp%2Fv2%2Ftags&post=317069"}],"curies":[{"name":"wp","href":"https:\/\/api.w.org\/{rel}","templated":true}]}}