{"id":316937,"date":"2022-07-11T09:22:51","date_gmt":"2022-07-11T12:22:51","guid":{"rendered":"https:\/\/blogdofarnesio.com.br\/?p=316937"},"modified":"2022-07-10T16:21:55","modified_gmt":"2022-07-10T19:21:55","slug":"definida-a-programacao-do-festival-de-inverno-de-garanhuns-com-15-dias-e-800-atracoes-confira","status":"publish","type":"post","link":"https:\/\/blogdofarnesio.com.br\/?p=316937","title":{"rendered":"Anote a programa\u00e7\u00e3o do Festival de Inverno de Garanhuns, com 15 dias e 800 atra\u00e7\u00f5es; confira"},"content":{"rendered":"<div class=\"entry-content clearfix\">\n<p>A Secretaria de Cultura de Pernambuco e a Prefeitura de Garanhuns anunciaram a programa\u00e7\u00e3o completa do Festival de Inverno de Garanhuns (FIG).<\/p>\n<p>O tradicional evento do calend\u00e1rio cultural pernambucano chega \u00e0 sua 30\u00aa edi\u00e7\u00e3o com mais de 800 atra\u00e7\u00f5es que v\u00e3o de badalados nomes da m\u00fasica brasileira, nomes tradicionais da m\u00fasica pernambucana, grupos de\u00a0maracatu, afox\u00e9, samba, coco e bois, passando por cinema, teatro, dan\u00e7a, circo, conta\u00e7\u00e3o de hist\u00f3ria, exposi\u00e7\u00e3o de fotografia e mais. S\u00e3o 24 polos com atividades.<\/p>\n<p><img loading=\"lazy\" decoding=\"async\" class=\"aligncenter wp-image-316938 \" src=\"https:\/\/blogdofarnesio.com.br\/wp-content\/uploads\/2022\/07\/blogqspgaranhuns-Festival-de-Inverno.jpg\" alt=\"\" width=\"521\" height=\"347\" srcset=\"https:\/\/blogdofarnesio.com.br\/wp-content\/uploads\/2022\/07\/blogqspgaranhuns-Festival-de-Inverno.jpg 450w, https:\/\/blogdofarnesio.com.br\/wp-content\/uploads\/2022\/07\/blogqspgaranhuns-Festival-de-Inverno-300x200.jpg 300w\" sizes=\"auto, (max-width: 521px) 100vw, 521px\" \/>Ser\u00e3o 15 dias de festival no agreste pernambucano, come\u00e7ando na sexta-feira (15 de julho) e se estendendo at\u00e9 o domingo (31), com apenas dois dias sem atividades (segunda e ter\u00e7a, 18 e 19). As atra\u00e7\u00f5es musicais est\u00e3o em seis palcos: Esta\u00e7\u00e3o, Conservat\u00f3rio, Cultura Popular, Som na Rural, Pop e o principal, que \u00e9 o Palco Mestre Dominguinhos. Garanhuns fica a 230km (3 horas) de dist\u00e2ncia da capital Recife.<\/p>\n<p><strong>Veja abaixo a programa\u00e7\u00e3o do palco principal:<\/strong><\/p>\n<p><strong>Sexta-feira (15)<\/strong><\/p>\n<p>20h \u2013 abertura do FIG<\/p>\n<p>20h45 \u2013 Grupo Amor Eterno<\/p>\n<p>22h \u2013 Karynna Spinelli<\/p>\n<p>23h30 \u2013 Diogo Nogueira<\/p>\n<p>01h30 \u2013 Mumuzinho<\/p>\n<p><strong>S\u00e1bado (16)<\/strong><\/p>\n<p>20h \u2013 Pedrinho Pontes<\/p>\n<p>21h \u2013 Jorge Du Peixe (Bai\u00e3o Granfino)<\/p>\n<p>22h \u2013 Jorge Vercillo<\/p>\n<p>0h30 \u2013 Xam\u00e3<\/p>\n<p><strong>Domingo (17)<\/strong><\/p>\n<p>20h \u2013 Jam 202<\/p>\n<p>21h \u2013 Martins<\/p>\n<p>22h \u2013 Anavit\u00f3ria<\/p>\n<p>0h30 \u2013 Nando Reis<\/p>\n<p><strong>Quarta (20)<\/strong><\/p>\n<p>20h \u2013 Carlos e F\u00e1bio<\/p>\n<p>21h \u2013 Geraldinho Lins<\/p>\n<p>22h \u2013 C\u00e9sar Menotti e Fabiano<\/p>\n<p>23h \u2013 Mano Walter<\/p>\n<p><strong>Quinta (21)<\/strong><\/p>\n<p>21h \u2013 Hercinho (comanda homenagem ao Movimento Mangue)<\/p>\n<p>22h \u2013 Mundo Livre S\/A<\/p>\n<p>23h30 \u2013 Manguefonia: Na\u00e7\u00e3o Zumbi, Siba, Cannibal, Frez 04, F\u00e1bio e Louise Trummer<\/p>\n<p><strong>Sexta (22)<\/strong><\/p>\n<p>20h \u2013 Karla Cybele<\/p>\n<p>21h \u2013 Isaar<\/p>\n<p>22h \u2013 Simone (+ Isabela Moraes, Rog\u00e9ria Dera e Joana Terra)<\/p>\n<p>23h30 \u2013 Lenine e Spok Frevo Orquestra<\/p>\n<p>01h30 \u2013 Jota Quest<\/p>\n<p><strong>S\u00e1bado (23)<\/strong><\/p>\n<p>20h \u2013 Maestro Forr\u00f3 e Orquestra Popular da Bomba do Hemet\u00e9rio<\/p>\n<p>21h \u2013 Romero Ferro<\/p>\n<p>22h20 \u2013 Tit\u00e3s<\/p>\n<p>23h50 \u2013 Pitty<\/p>\n<p>01h30 \u2013 Duda Beat<\/p>\n<p><strong>Domingo (24)<\/strong><\/p>\n<p>20h \u2013 Rog\u00e9rio e Os Cabras<\/p>\n<p>21h \u2013 Isabela Moraes<\/p>\n<p>22h20 \u2013 Chico C\u00e9sar e Geraldo Azevedo<\/p>\n<p>0h30 \u2013 Gal Costa<\/p>\n<p><strong>Segunda (25)<\/strong><\/p>\n<p>20h \u2013 Carla Marques<\/p>\n<p>21h \u2013 Banda Sentimentos<\/p>\n<p>22h \u2013 Conde S\u00f3 Brega<\/p>\n<p>23h30 \u2013 Raphaela Santos (a Favorita)<\/p>\n<p><strong>Ter\u00e7a (26)<\/strong><\/p>\n<p>20h \u2013 Mourinha do Forr\u00f3<\/p>\n<p>21h \u2013 Santanna<\/p>\n<p>22h \u2013 Jorge de Altinho<\/p>\n<p>23h30 \u2013 Solange Almeida<\/p>\n<p><strong>Quarta (27)<\/strong><\/p>\n<p>20h \u2013 Banda Crush<\/p>\n<p>21h \u2013 Dead Fish<\/p>\n<p>22h30 \u2013 Sepultura<\/p>\n<p><strong>Quinta (28)<\/strong><\/p>\n<p>21h \u2013 Grupo Bongar (homenageia Guitinho do Xamb\u00e1)<\/p>\n<p>22h \u2013 Filipe Ret<\/p>\n<p>23h30 \u2013 Baco Exu do Blues<\/p>\n<p><strong>Sexta (29)<\/strong><\/p>\n<p>20h \u2013 Kiara Ribeiro<\/p>\n<p>21h \u2013 Pagode do Didi (Maria Pagodinho, Helena Cristina e Gerlane Gell)<\/p>\n<p>22h \u2013 Jorge Riba<\/p>\n<p>23h30 \u2013 Margareth Menezes<\/p>\n<p>0h30 \u2013 Xande de Pilares<\/p>\n<p><strong>S\u00e1bado (30)<\/strong><\/p>\n<p>20h \u2013 Josildo S\u00e1<\/p>\n<p>21h20 \u2013 Joanna<\/p>\n<p>23h \u2013 Faf\u00e1 de Bel\u00e9m<\/p>\n<p>0h30 \u2013 Jos\u00e9 Augusto<\/p>\n<p><strong>Domingo (31)<\/strong><\/p>\n<p>21h \u2013 Concerto Virtuoso (homenagem ao Maestro Rafael Garcia)<\/p>\n<p>22h \u2013 Alexandre Revoredo e Gabi da Pele Preta<\/p>\n<p>23h \u2013 Cordel do Fogo Encantado<\/p>\n<p>Fonte: Brasil de Fato<\/p>\n<\/div>\n","protected":false},"excerpt":{"rendered":"<p>A Secretaria de Cultura de Pernambuco e a Prefeitura de Garanhuns anunciaram a programa\u00e7\u00e3o completa do Festival de Inverno de Garanhuns (FIG). O tradicional evento do calend\u00e1rio cultural pernambucano chega \u00e0 sua 30\u00aa edi\u00e7\u00e3o com mais de 800 atra\u00e7\u00f5es que v\u00e3o de badalados nomes da m\u00fasica brasileira, nomes tradicionais da m\u00fasica pernambucana, grupos de\u00a0maracatu, afox\u00e9, samba, coco e bois, passando por cinema, teatro, dan\u00e7a, circo, conta\u00e7\u00e3o de hist\u00f3ria, exposi\u00e7\u00e3o de fotografia e mais. S\u00e3o 24 polos com atividades. Ser\u00e3o 15 dias de festival no agreste pernambucano, come\u00e7ando na sexta-feira (15 de julho) e se estendendo at\u00e9 o domingo (31), com apenas dois dias sem atividades (segunda e ter\u00e7a, 18 e 19). As atra\u00e7\u00f5es musicais est\u00e3o em seis palcos: Esta\u00e7\u00e3o, Conservat\u00f3rio,&hellip; <\/p>\n","protected":false},"author":2,"featured_media":110042,"comment_status":"open","ping_status":"open","sticky":false,"template":"","format":"standard","meta":{"_acf_changed":false,"footnotes":""},"categories":[27],"tags":[],"class_list":["post-316937","post","type-post","status-publish","format-standard","has-post-thumbnail","hentry","category-cidades"],"acf":[],"yoast_head":"<!-- This site is optimized with the Yoast SEO plugin v27.4 - https:\/\/yoast.com\/product\/yoast-seo-wordpress\/ -->\n<title>Anote a programa\u00e7\u00e3o do Festival de Inverno de Garanhuns, com 15 dias e 800 atra\u00e7\u00f5es; confira - Blog do Farn\u00e9sio<\/title>\n<meta name=\"robots\" content=\"index, follow, max-snippet:-1, max-image-preview:large, max-video-preview:-1\" \/>\n<link rel=\"canonical\" href=\"https:\/\/blogdofarnesio.com.br\/?p=316937\" \/>\n<meta property=\"og:locale\" content=\"pt_BR\" \/>\n<meta property=\"og:type\" content=\"article\" \/>\n<meta property=\"og:title\" content=\"Anote a programa\u00e7\u00e3o do Festival de Inverno de Garanhuns, com 15 dias e 800 atra\u00e7\u00f5es; confira - Blog do Farn\u00e9sio\" \/>\n<meta property=\"og:description\" content=\"A Secretaria de Cultura de Pernambuco e a Prefeitura de Garanhuns anunciaram a programa\u00e7\u00e3o completa do Festival de Inverno de Garanhuns (FIG). O tradicional evento do calend\u00e1rio cultural pernambucano chega \u00e0 sua 30\u00aa edi\u00e7\u00e3o com mais de 800 atra\u00e7\u00f5es que v\u00e3o de badalados nomes da m\u00fasica brasileira, nomes tradicionais da m\u00fasica pernambucana, grupos de\u00a0maracatu, afox\u00e9, samba, coco e bois, passando por cinema, teatro, dan\u00e7a, circo, conta\u00e7\u00e3o de hist\u00f3ria, exposi\u00e7\u00e3o de fotografia e mais. S\u00e3o 24 polos com atividades. Ser\u00e3o 15 dias de festival no agreste pernambucano, come\u00e7ando na sexta-feira (15 de julho) e se estendendo at\u00e9 o domingo (31), com apenas dois dias sem atividades (segunda e ter\u00e7a, 18 e 19). As atra\u00e7\u00f5es musicais est\u00e3o em seis palcos: Esta\u00e7\u00e3o, Conservat\u00f3rio,&hellip;\" \/>\n<meta property=\"og:url\" content=\"https:\/\/blogdofarnesio.com.br\/?p=316937\" \/>\n<meta property=\"og:site_name\" content=\"Blog do Farn\u00e9sio\" \/>\n<meta property=\"article:publisher\" content=\"https:\/\/www.facebook.com\/BlogQuerSaberPolitica\/\" \/>\n<meta property=\"article:author\" content=\"https:\/\/www.facebook.com\/?ref=tn_tnmn\" \/>\n<meta property=\"article:published_time\" content=\"2022-07-11T12:22:51+00:00\" \/>\n<meta property=\"og:image\" content=\"https:\/\/blogdofarnesio.com.br\/wp-content\/uploads\/2014\/12\/blogqsp-garanhuns6.jpg\" \/>\n\t<meta property=\"og:image:width\" content=\"448\" \/>\n\t<meta property=\"og:image:height\" content=\"298\" \/>\n\t<meta property=\"og:image:type\" content=\"image\/jpeg\" \/>\n<meta name=\"author\" content=\"Farn\u00e9sio\" \/>\n<meta name=\"twitter:card\" content=\"summary_large_image\" \/>\n<meta name=\"twitter:label1\" content=\"Escrito por\" \/>\n\t<meta name=\"twitter:data1\" content=\"Farn\u00e9sio\" \/>\n\t<meta name=\"twitter:label2\" content=\"Est. tempo de leitura\" \/>\n\t<meta name=\"twitter:data2\" content=\"3 minutos\" \/>\n<script type=\"application\/ld+json\" class=\"yoast-schema-graph\">{\"@context\":\"https:\\\/\\\/schema.org\",\"@graph\":[{\"@type\":\"Article\",\"@id\":\"https:\\\/\\\/blogdofarnesio.com.br\\\/?p=316937#article\",\"isPartOf\":{\"@id\":\"https:\\\/\\\/blogdofarnesio.com.br\\\/?p=316937\"},\"author\":{\"name\":\"Farn\u00e9sio\",\"@id\":\"https:\\\/\\\/blogdofarnesio.com.br\\\/#\\\/schema\\\/person\\\/bb9b23ae3ad0609ce8df7b6c9e76824d\"},\"headline\":\"Anote a programa\u00e7\u00e3o do Festival de Inverno de Garanhuns, com 15 dias e 800 atra\u00e7\u00f5es; confira\",\"datePublished\":\"2022-07-11T12:22:51+00:00\",\"mainEntityOfPage\":{\"@id\":\"https:\\\/\\\/blogdofarnesio.com.br\\\/?p=316937\"},\"wordCount\":460,\"commentCount\":0,\"publisher\":{\"@id\":\"https:\\\/\\\/blogdofarnesio.com.br\\\/#organization\"},\"image\":{\"@id\":\"https:\\\/\\\/blogdofarnesio.com.br\\\/?p=316937#primaryimage\"},\"thumbnailUrl\":\"https:\\\/\\\/blogdofarnesio.com.br\\\/wp-content\\\/uploads\\\/2014\\\/12\\\/blogqsp-garanhuns6.jpg\",\"articleSection\":[\"Cidades\"],\"inLanguage\":\"pt-BR\",\"potentialAction\":[{\"@type\":\"CommentAction\",\"name\":\"Comment\",\"target\":[\"https:\\\/\\\/blogdofarnesio.com.br\\\/?p=316937#respond\"]}]},{\"@type\":\"WebPage\",\"@id\":\"https:\\\/\\\/blogdofarnesio.com.br\\\/?p=316937\",\"url\":\"https:\\\/\\\/blogdofarnesio.com.br\\\/?p=316937\",\"name\":\"Anote a programa\u00e7\u00e3o do Festival de Inverno de Garanhuns, com 15 dias e 800 atra\u00e7\u00f5es; confira - Blog do Farn\u00e9sio\",\"isPartOf\":{\"@id\":\"https:\\\/\\\/blogdofarnesio.com.br\\\/#website\"},\"primaryImageOfPage\":{\"@id\":\"https:\\\/\\\/blogdofarnesio.com.br\\\/?p=316937#primaryimage\"},\"image\":{\"@id\":\"https:\\\/\\\/blogdofarnesio.com.br\\\/?p=316937#primaryimage\"},\"thumbnailUrl\":\"https:\\\/\\\/blogdofarnesio.com.br\\\/wp-content\\\/uploads\\\/2014\\\/12\\\/blogqsp-garanhuns6.jpg\",\"datePublished\":\"2022-07-11T12:22:51+00:00\",\"breadcrumb\":{\"@id\":\"https:\\\/\\\/blogdofarnesio.com.br\\\/?p=316937#breadcrumb\"},\"inLanguage\":\"pt-BR\",\"potentialAction\":[{\"@type\":\"ReadAction\",\"target\":[\"https:\\\/\\\/blogdofarnesio.com.br\\\/?p=316937\"]}]},{\"@type\":\"ImageObject\",\"inLanguage\":\"pt-BR\",\"@id\":\"https:\\\/\\\/blogdofarnesio.com.br\\\/?p=316937#primaryimage\",\"url\":\"https:\\\/\\\/blogdofarnesio.com.br\\\/wp-content\\\/uploads\\\/2014\\\/12\\\/blogqsp-garanhuns6.jpg\",\"contentUrl\":\"https:\\\/\\\/blogdofarnesio.com.br\\\/wp-content\\\/uploads\\\/2014\\\/12\\\/blogqsp-garanhuns6.jpg\",\"width\":448,\"height\":298},{\"@type\":\"BreadcrumbList\",\"@id\":\"https:\\\/\\\/blogdofarnesio.com.br\\\/?p=316937#breadcrumb\",\"itemListElement\":[{\"@type\":\"ListItem\",\"position\":1,\"name\":\"In\u00edcio\",\"item\":\"https:\\\/\\\/blogdofarnesio.com.br\\\/\"},{\"@type\":\"ListItem\",\"position\":2,\"name\":\"Anote a programa\u00e7\u00e3o do Festival de Inverno de Garanhuns, com 15 dias e 800 atra\u00e7\u00f5es; confira\"}]},{\"@type\":\"WebSite\",\"@id\":\"https:\\\/\\\/blogdofarnesio.com.br\\\/#website\",\"url\":\"https:\\\/\\\/blogdofarnesio.com.br\\\/\",\"name\":\"Blog do Farn\u00e9sio\",\"description\":\"Quer Saber Pol\u00edtica?\",\"publisher\":{\"@id\":\"https:\\\/\\\/blogdofarnesio.com.br\\\/#organization\"},\"potentialAction\":[{\"@type\":\"SearchAction\",\"target\":{\"@type\":\"EntryPoint\",\"urlTemplate\":\"https:\\\/\\\/blogdofarnesio.com.br\\\/?s={search_term_string}\"},\"query-input\":{\"@type\":\"PropertyValueSpecification\",\"valueRequired\":true,\"valueName\":\"search_term_string\"}}],\"inLanguage\":\"pt-BR\"},{\"@type\":\"Organization\",\"@id\":\"https:\\\/\\\/blogdofarnesio.com.br\\\/#organization\",\"name\":\"Blog do Farn\u00e9sio\",\"url\":\"https:\\\/\\\/blogdofarnesio.com.br\\\/\",\"logo\":{\"@type\":\"ImageObject\",\"inLanguage\":\"pt-BR\",\"@id\":\"https:\\\/\\\/blogdofarnesio.com.br\\\/#\\\/schema\\\/logo\\\/image\\\/\",\"url\":\"https:\\\/\\\/blogdofarnesio.com.br\\\/wp-content\\\/uploads\\\/2026\\\/03\\\/cropped-logo_new-1.png\",\"contentUrl\":\"https:\\\/\\\/blogdofarnesio.com.br\\\/wp-content\\\/uploads\\\/2026\\\/03\\\/cropped-logo_new-1.png\",\"width\":881,\"height\":685,\"caption\":\"Blog do Farn\u00e9sio\"},\"image\":{\"@id\":\"https:\\\/\\\/blogdofarnesio.com.br\\\/#\\\/schema\\\/logo\\\/image\\\/\"},\"sameAs\":[\"https:\\\/\\\/www.facebook.com\\\/BlogQuerSaberPolitica\\\/\"]},{\"@type\":\"Person\",\"@id\":\"https:\\\/\\\/blogdofarnesio.com.br\\\/#\\\/schema\\\/person\\\/bb9b23ae3ad0609ce8df7b6c9e76824d\",\"name\":\"Farn\u00e9sio\",\"image\":{\"@type\":\"ImageObject\",\"inLanguage\":\"pt-BR\",\"@id\":\"https:\\\/\\\/secure.gravatar.com\\\/avatar\\\/986aa4c61ccdb66f8555bf88fc2a65609d00bcabd4d2d94377a727547345cbca?s=96&d=mm&r=g\",\"url\":\"https:\\\/\\\/secure.gravatar.com\\\/avatar\\\/986aa4c61ccdb66f8555bf88fc2a65609d00bcabd4d2d94377a727547345cbca?s=96&d=mm&r=g\",\"contentUrl\":\"https:\\\/\\\/secure.gravatar.com\\\/avatar\\\/986aa4c61ccdb66f8555bf88fc2a65609d00bcabd4d2d94377a727547345cbca?s=96&d=mm&r=g\",\"caption\":\"Farn\u00e9sio\"},\"description\":\"Radialista blogueiro, chegou a Petrolina\\\/Juazeiro em setembro de 1980, Farn\u00e9sio Silva \u00e9 de Arapiraca-Alagoas.\",\"sameAs\":[\"http:\\\/\\\/blogdofarnesio.com.br\",\"https:\\\/\\\/www.facebook.com\\\/?ref=tn_tnmn\",\"https:\\\/\\\/www.instagram.com\\\/?utm_source=pwa_homescreen\",\"https:\\\/\\\/youtube.com.br\\\/\"],\"url\":\"https:\\\/\\\/blogdofarnesio.com.br\\\/?author=2\"}]}<\/script>\n<!-- \/ Yoast SEO plugin. -->","yoast_head_json":{"title":"Anote a programa\u00e7\u00e3o do Festival de Inverno de Garanhuns, com 15 dias e 800 atra\u00e7\u00f5es; confira - Blog do Farn\u00e9sio","robots":{"index":"index","follow":"follow","max-snippet":"max-snippet:-1","max-image-preview":"max-image-preview:large","max-video-preview":"max-video-preview:-1"},"canonical":"https:\/\/blogdofarnesio.com.br\/?p=316937","og_locale":"pt_BR","og_type":"article","og_title":"Anote a programa\u00e7\u00e3o do Festival de Inverno de Garanhuns, com 15 dias e 800 atra\u00e7\u00f5es; confira - Blog do Farn\u00e9sio","og_description":"A Secretaria de Cultura de Pernambuco e a Prefeitura de Garanhuns anunciaram a programa\u00e7\u00e3o completa do Festival de Inverno de Garanhuns (FIG). O tradicional evento do calend\u00e1rio cultural pernambucano chega \u00e0 sua 30\u00aa edi\u00e7\u00e3o com mais de 800 atra\u00e7\u00f5es que v\u00e3o de badalados nomes da m\u00fasica brasileira, nomes tradicionais da m\u00fasica pernambucana, grupos de\u00a0maracatu, afox\u00e9, samba, coco e bois, passando por cinema, teatro, dan\u00e7a, circo, conta\u00e7\u00e3o de hist\u00f3ria, exposi\u00e7\u00e3o de fotografia e mais. S\u00e3o 24 polos com atividades. Ser\u00e3o 15 dias de festival no agreste pernambucano, come\u00e7ando na sexta-feira (15 de julho) e se estendendo at\u00e9 o domingo (31), com apenas dois dias sem atividades (segunda e ter\u00e7a, 18 e 19). As atra\u00e7\u00f5es musicais est\u00e3o em seis palcos: Esta\u00e7\u00e3o, Conservat\u00f3rio,&hellip;","og_url":"https:\/\/blogdofarnesio.com.br\/?p=316937","og_site_name":"Blog do Farn\u00e9sio","article_publisher":"https:\/\/www.facebook.com\/BlogQuerSaberPolitica\/","article_author":"https:\/\/www.facebook.com\/?ref=tn_tnmn","article_published_time":"2022-07-11T12:22:51+00:00","og_image":[{"width":448,"height":298,"url":"https:\/\/blogdofarnesio.com.br\/wp-content\/uploads\/2014\/12\/blogqsp-garanhuns6.jpg","type":"image\/jpeg"}],"author":"Farn\u00e9sio","twitter_card":"summary_large_image","twitter_misc":{"Escrito por":"Farn\u00e9sio","Est. tempo de leitura":"3 minutos"},"schema":{"@context":"https:\/\/schema.org","@graph":[{"@type":"Article","@id":"https:\/\/blogdofarnesio.com.br\/?p=316937#article","isPartOf":{"@id":"https:\/\/blogdofarnesio.com.br\/?p=316937"},"author":{"name":"Farn\u00e9sio","@id":"https:\/\/blogdofarnesio.com.br\/#\/schema\/person\/bb9b23ae3ad0609ce8df7b6c9e76824d"},"headline":"Anote a programa\u00e7\u00e3o do Festival de Inverno de Garanhuns, com 15 dias e 800 atra\u00e7\u00f5es; confira","datePublished":"2022-07-11T12:22:51+00:00","mainEntityOfPage":{"@id":"https:\/\/blogdofarnesio.com.br\/?p=316937"},"wordCount":460,"commentCount":0,"publisher":{"@id":"https:\/\/blogdofarnesio.com.br\/#organization"},"image":{"@id":"https:\/\/blogdofarnesio.com.br\/?p=316937#primaryimage"},"thumbnailUrl":"https:\/\/blogdofarnesio.com.br\/wp-content\/uploads\/2014\/12\/blogqsp-garanhuns6.jpg","articleSection":["Cidades"],"inLanguage":"pt-BR","potentialAction":[{"@type":"CommentAction","name":"Comment","target":["https:\/\/blogdofarnesio.com.br\/?p=316937#respond"]}]},{"@type":"WebPage","@id":"https:\/\/blogdofarnesio.com.br\/?p=316937","url":"https:\/\/blogdofarnesio.com.br\/?p=316937","name":"Anote a programa\u00e7\u00e3o do Festival de Inverno de Garanhuns, com 15 dias e 800 atra\u00e7\u00f5es; confira - Blog do Farn\u00e9sio","isPartOf":{"@id":"https:\/\/blogdofarnesio.com.br\/#website"},"primaryImageOfPage":{"@id":"https:\/\/blogdofarnesio.com.br\/?p=316937#primaryimage"},"image":{"@id":"https:\/\/blogdofarnesio.com.br\/?p=316937#primaryimage"},"thumbnailUrl":"https:\/\/blogdofarnesio.com.br\/wp-content\/uploads\/2014\/12\/blogqsp-garanhuns6.jpg","datePublished":"2022-07-11T12:22:51+00:00","breadcrumb":{"@id":"https:\/\/blogdofarnesio.com.br\/?p=316937#breadcrumb"},"inLanguage":"pt-BR","potentialAction":[{"@type":"ReadAction","target":["https:\/\/blogdofarnesio.com.br\/?p=316937"]}]},{"@type":"ImageObject","inLanguage":"pt-BR","@id":"https:\/\/blogdofarnesio.com.br\/?p=316937#primaryimage","url":"https:\/\/blogdofarnesio.com.br\/wp-content\/uploads\/2014\/12\/blogqsp-garanhuns6.jpg","contentUrl":"https:\/\/blogdofarnesio.com.br\/wp-content\/uploads\/2014\/12\/blogqsp-garanhuns6.jpg","width":448,"height":298},{"@type":"BreadcrumbList","@id":"https:\/\/blogdofarnesio.com.br\/?p=316937#breadcrumb","itemListElement":[{"@type":"ListItem","position":1,"name":"In\u00edcio","item":"https:\/\/blogdofarnesio.com.br\/"},{"@type":"ListItem","position":2,"name":"Anote a programa\u00e7\u00e3o do Festival de Inverno de Garanhuns, com 15 dias e 800 atra\u00e7\u00f5es; confira"}]},{"@type":"WebSite","@id":"https:\/\/blogdofarnesio.com.br\/#website","url":"https:\/\/blogdofarnesio.com.br\/","name":"Blog do Farn\u00e9sio","description":"Quer Saber Pol\u00edtica?","publisher":{"@id":"https:\/\/blogdofarnesio.com.br\/#organization"},"potentialAction":[{"@type":"SearchAction","target":{"@type":"EntryPoint","urlTemplate":"https:\/\/blogdofarnesio.com.br\/?s={search_term_string}"},"query-input":{"@type":"PropertyValueSpecification","valueRequired":true,"valueName":"search_term_string"}}],"inLanguage":"pt-BR"},{"@type":"Organization","@id":"https:\/\/blogdofarnesio.com.br\/#organization","name":"Blog do Farn\u00e9sio","url":"https:\/\/blogdofarnesio.com.br\/","logo":{"@type":"ImageObject","inLanguage":"pt-BR","@id":"https:\/\/blogdofarnesio.com.br\/#\/schema\/logo\/image\/","url":"https:\/\/blogdofarnesio.com.br\/wp-content\/uploads\/2026\/03\/cropped-logo_new-1.png","contentUrl":"https:\/\/blogdofarnesio.com.br\/wp-content\/uploads\/2026\/03\/cropped-logo_new-1.png","width":881,"height":685,"caption":"Blog do Farn\u00e9sio"},"image":{"@id":"https:\/\/blogdofarnesio.com.br\/#\/schema\/logo\/image\/"},"sameAs":["https:\/\/www.facebook.com\/BlogQuerSaberPolitica\/"]},{"@type":"Person","@id":"https:\/\/blogdofarnesio.com.br\/#\/schema\/person\/bb9b23ae3ad0609ce8df7b6c9e76824d","name":"Farn\u00e9sio","image":{"@type":"ImageObject","inLanguage":"pt-BR","@id":"https:\/\/secure.gravatar.com\/avatar\/986aa4c61ccdb66f8555bf88fc2a65609d00bcabd4d2d94377a727547345cbca?s=96&d=mm&r=g","url":"https:\/\/secure.gravatar.com\/avatar\/986aa4c61ccdb66f8555bf88fc2a65609d00bcabd4d2d94377a727547345cbca?s=96&d=mm&r=g","contentUrl":"https:\/\/secure.gravatar.com\/avatar\/986aa4c61ccdb66f8555bf88fc2a65609d00bcabd4d2d94377a727547345cbca?s=96&d=mm&r=g","caption":"Farn\u00e9sio"},"description":"Radialista blogueiro, chegou a Petrolina\/Juazeiro em setembro de 1980, Farn\u00e9sio Silva \u00e9 de Arapiraca-Alagoas.","sameAs":["http:\/\/blogdofarnesio.com.br","https:\/\/www.facebook.com\/?ref=tn_tnmn","https:\/\/www.instagram.com\/?utm_source=pwa_homescreen","https:\/\/youtube.com.br\/"],"url":"https:\/\/blogdofarnesio.com.br\/?author=2"}]}},"_links":{"self":[{"href":"https:\/\/blogdofarnesio.com.br\/index.php?rest_route=\/wp\/v2\/posts\/316937","targetHints":{"allow":["GET"]}}],"collection":[{"href":"https:\/\/blogdofarnesio.com.br\/index.php?rest_route=\/wp\/v2\/posts"}],"about":[{"href":"https:\/\/blogdofarnesio.com.br\/index.php?rest_route=\/wp\/v2\/types\/post"}],"author":[{"embeddable":true,"href":"https:\/\/blogdofarnesio.com.br\/index.php?rest_route=\/wp\/v2\/users\/2"}],"replies":[{"embeddable":true,"href":"https:\/\/blogdofarnesio.com.br\/index.php?rest_route=%2Fwp%2Fv2%2Fcomments&post=316937"}],"version-history":[{"count":0,"href":"https:\/\/blogdofarnesio.com.br\/index.php?rest_route=\/wp\/v2\/posts\/316937\/revisions"}],"wp:featuredmedia":[{"embeddable":true,"href":"https:\/\/blogdofarnesio.com.br\/index.php?rest_route=\/wp\/v2\/media\/110042"}],"wp:attachment":[{"href":"https:\/\/blogdofarnesio.com.br\/index.php?rest_route=%2Fwp%2Fv2%2Fmedia&parent=316937"}],"wp:term":[{"taxonomy":"category","embeddable":true,"href":"https:\/\/blogdofarnesio.com.br\/index.php?rest_route=%2Fwp%2Fv2%2Fcategories&post=316937"},{"taxonomy":"post_tag","embeddable":true,"href":"https:\/\/blogdofarnesio.com.br\/index.php?rest_route=%2Fwp%2Fv2%2Ftags&post=316937"}],"curies":[{"name":"wp","href":"https:\/\/api.w.org\/{rel}","templated":true}]}}