{"id":316845,"date":"2022-07-01T16:23:31","date_gmt":"2022-07-01T19:23:31","guid":{"rendered":"https:\/\/blogdofarnesio.com.br\/?p=316845"},"modified":"2022-07-01T15:21:40","modified_gmt":"2022-07-01T18:21:40","slug":"prefeitura-de-juazeiro-atende-comunidades-e-leva-agua-para-cemiterios-do-interior","status":"publish","type":"post","link":"https:\/\/blogdofarnesio.com.br\/?p=316845","title":{"rendered":"Prefeitura de Juazeiro atende comunidades e leva \u00e1gua para cemit\u00e9rios do interior"},"content":{"rendered":"<p style=\"font-weight: 400;\">A Prefeitura de Juazeiro, por meio do Servi\u00e7o de \u00c1gua e Saneamento Ambiental (SAAE), atendeu uma reivindica\u00e7\u00e3o antiga das fam\u00edlias do interior do munic\u00edpio e iniciou esta semana a tarefa de levar \u00e1gua aos cemit\u00e9rios locais.<\/p>\n<p style=\"font-weight: 400;\">Com o fornecimento de \u00e1gua os cemit\u00e9rios agora poder\u00e3o ter \u00e1reas de vel\u00f3rios, banheiros e at\u00e9 jardins, oferecendo assim dignidade aos familiares que forem sepultar seus entes queridos.<\/p>\n<p style=\"font-weight: 400;\">As fam\u00edlias reclamavam da impossibilidade de limpar os t\u00famulos por causa da falta de \u00e1gua. O cemit\u00e9rio da comunidade da Tapera foi o primeiro a ser beneficiado, atendendo um pedido dos moradores de Umbuzeiro, Alfavaca e de outras comunidades pr\u00f3ximas.<\/p>\n<p style=\"font-weight: 400;\">Jos\u00e9 Lair, morador da Tapera, disse que h\u00e1 10 anos as fam\u00edlias reivindicavam essa iniciativa. \u201cN\u00f3s, salitreiros, estamos muito felizes. Foram mais de 10 anos pedindo ao munic\u00edpio essa \u00e1gua para o nosso cemit\u00e9rio. Agora podemos fazer um jardim bonito, plantar flores em honra aos nossos parentes que j\u00e1 se foram. N\u00f3s s\u00f3 temos a agradecer \u00e0 prefeita Suzana Ramos pela aten\u00e7\u00e3o\u201d, disse Lair.<\/p>\n<p style=\"font-weight: 400;\">O gestor do SAAE, Britoaldo Bessa falou da iniciativa. \u201cQueremos dar aos cemit\u00e9rios da zona rural a mesma aten\u00e7\u00e3o que n\u00f3s damos para a zona urbana. Essa quest\u00e3o da \u00e1gua nos cemit\u00e9rios do interior, as fam\u00edlias j\u00e1 vinham pedindo h\u00e1 muito tempo e a nossa prefeita sinalizou para que possamos atender\u201d, pontuou Britoaldo.<\/p>\n<p style=\"font-weight: 400;\"><strong>Welington Alves<\/strong>\u00a0\u2013 Assessora de Imprensa do SAAE<\/p>\n","protected":false},"excerpt":{"rendered":"<p>A Prefeitura de Juazeiro, por meio do Servi\u00e7o de \u00c1gua e Saneamento Ambiental (SAAE), atendeu uma reivindica\u00e7\u00e3o antiga das fam\u00edlias do interior do munic\u00edpio e iniciou esta semana a tarefa de levar \u00e1gua aos cemit\u00e9rios locais. Com o fornecimento de \u00e1gua os cemit\u00e9rios agora poder\u00e3o ter \u00e1reas de vel\u00f3rios, banheiros e at\u00e9 jardins, oferecendo assim dignidade aos familiares que forem sepultar seus entes queridos. As fam\u00edlias reclamavam da impossibilidade de limpar os t\u00famulos por causa da falta de \u00e1gua. O cemit\u00e9rio da comunidade da Tapera foi o primeiro a ser beneficiado, atendendo um pedido dos moradores de Umbuzeiro, Alfavaca e de outras comunidades pr\u00f3ximas. Jos\u00e9 Lair, morador da Tapera, disse que h\u00e1 10 anos as fam\u00edlias reivindicavam essa iniciativa. \u201cN\u00f3s,&hellip; <\/p>\n","protected":false},"author":2,"featured_media":316846,"comment_status":"open","ping_status":"open","sticky":false,"template":"","format":"standard","meta":{"_acf_changed":false,"footnotes":""},"categories":[56],"tags":[],"class_list":["post-316845","post","type-post","status-publish","format-standard","has-post-thumbnail","hentry","category-agua"],"acf":[],"yoast_head":"<!-- This site is optimized with the Yoast SEO plugin v27.4 - https:\/\/yoast.com\/product\/yoast-seo-wordpress\/ -->\n<title>Prefeitura de Juazeiro atende comunidades e leva \u00e1gua para cemit\u00e9rios do interior - Blog do Farn\u00e9sio<\/title>\n<meta name=\"robots\" content=\"index, follow, max-snippet:-1, max-image-preview:large, max-video-preview:-1\" \/>\n<link rel=\"canonical\" href=\"https:\/\/blogdofarnesio.com.br\/?p=316845\" \/>\n<meta property=\"og:locale\" content=\"pt_BR\" \/>\n<meta property=\"og:type\" content=\"article\" \/>\n<meta property=\"og:title\" content=\"Prefeitura de Juazeiro atende comunidades e leva \u00e1gua para cemit\u00e9rios do interior - Blog do Farn\u00e9sio\" \/>\n<meta property=\"og:description\" content=\"A Prefeitura de Juazeiro, por meio do Servi\u00e7o de \u00c1gua e Saneamento Ambiental (SAAE), atendeu uma reivindica\u00e7\u00e3o antiga das fam\u00edlias do interior do munic\u00edpio e iniciou esta semana a tarefa de levar \u00e1gua aos cemit\u00e9rios locais. Com o fornecimento de \u00e1gua os cemit\u00e9rios agora poder\u00e3o ter \u00e1reas de vel\u00f3rios, banheiros e at\u00e9 jardins, oferecendo assim dignidade aos familiares que forem sepultar seus entes queridos. As fam\u00edlias reclamavam da impossibilidade de limpar os t\u00famulos por causa da falta de \u00e1gua. O cemit\u00e9rio da comunidade da Tapera foi o primeiro a ser beneficiado, atendendo um pedido dos moradores de Umbuzeiro, Alfavaca e de outras comunidades pr\u00f3ximas. Jos\u00e9 Lair, morador da Tapera, disse que h\u00e1 10 anos as fam\u00edlias reivindicavam essa iniciativa. \u201cN\u00f3s,&hellip;\" \/>\n<meta property=\"og:url\" content=\"https:\/\/blogdofarnesio.com.br\/?p=316845\" \/>\n<meta property=\"og:site_name\" content=\"Blog do Farn\u00e9sio\" \/>\n<meta property=\"article:publisher\" content=\"https:\/\/www.facebook.com\/BlogQuerSaberPolitica\/\" \/>\n<meta property=\"article:author\" content=\"https:\/\/www.facebook.com\/?ref=tn_tnmn\" \/>\n<meta property=\"article:published_time\" content=\"2022-07-01T19:23:31+00:00\" \/>\n<meta property=\"og:image\" content=\"https:\/\/blogdofarnesio.com.br\/wp-content\/uploads\/2022\/07\/saae2-e1656699667247.jpg\" \/>\n\t<meta property=\"og:image:width\" content=\"624\" \/>\n\t<meta property=\"og:image:height\" content=\"344\" \/>\n\t<meta property=\"og:image:type\" content=\"image\/jpeg\" \/>\n<meta name=\"author\" content=\"Farn\u00e9sio\" \/>\n<meta name=\"twitter:card\" content=\"summary_large_image\" \/>\n<meta name=\"twitter:label1\" content=\"Escrito por\" \/>\n\t<meta name=\"twitter:data1\" content=\"Farn\u00e9sio\" \/>\n\t<meta name=\"twitter:label2\" content=\"Est. tempo de leitura\" \/>\n\t<meta name=\"twitter:data2\" content=\"2 minutos\" \/>\n<script type=\"application\/ld+json\" class=\"yoast-schema-graph\">{\"@context\":\"https:\\\/\\\/schema.org\",\"@graph\":[{\"@type\":\"Article\",\"@id\":\"https:\\\/\\\/blogdofarnesio.com.br\\\/?p=316845#article\",\"isPartOf\":{\"@id\":\"https:\\\/\\\/blogdofarnesio.com.br\\\/?p=316845\"},\"author\":{\"name\":\"Farn\u00e9sio\",\"@id\":\"https:\\\/\\\/blogdofarnesio.com.br\\\/#\\\/schema\\\/person\\\/bb9b23ae3ad0609ce8df7b6c9e76824d\"},\"headline\":\"Prefeitura de Juazeiro atende comunidades e leva \u00e1gua para cemit\u00e9rios do interior\",\"datePublished\":\"2022-07-01T19:23:31+00:00\",\"mainEntityOfPage\":{\"@id\":\"https:\\\/\\\/blogdofarnesio.com.br\\\/?p=316845\"},\"wordCount\":262,\"commentCount\":0,\"publisher\":{\"@id\":\"https:\\\/\\\/blogdofarnesio.com.br\\\/#organization\"},\"image\":{\"@id\":\"https:\\\/\\\/blogdofarnesio.com.br\\\/?p=316845#primaryimage\"},\"thumbnailUrl\":\"https:\\\/\\\/blogdofarnesio.com.br\\\/wp-content\\\/uploads\\\/2022\\\/07\\\/saae2-e1656699667247.jpg\",\"articleSection\":[\"\u00c1gua\"],\"inLanguage\":\"pt-BR\",\"potentialAction\":[{\"@type\":\"CommentAction\",\"name\":\"Comment\",\"target\":[\"https:\\\/\\\/blogdofarnesio.com.br\\\/?p=316845#respond\"]}]},{\"@type\":\"WebPage\",\"@id\":\"https:\\\/\\\/blogdofarnesio.com.br\\\/?p=316845\",\"url\":\"https:\\\/\\\/blogdofarnesio.com.br\\\/?p=316845\",\"name\":\"Prefeitura de Juazeiro atende comunidades e leva \u00e1gua para cemit\u00e9rios do interior - Blog do Farn\u00e9sio\",\"isPartOf\":{\"@id\":\"https:\\\/\\\/blogdofarnesio.com.br\\\/#website\"},\"primaryImageOfPage\":{\"@id\":\"https:\\\/\\\/blogdofarnesio.com.br\\\/?p=316845#primaryimage\"},\"image\":{\"@id\":\"https:\\\/\\\/blogdofarnesio.com.br\\\/?p=316845#primaryimage\"},\"thumbnailUrl\":\"https:\\\/\\\/blogdofarnesio.com.br\\\/wp-content\\\/uploads\\\/2022\\\/07\\\/saae2-e1656699667247.jpg\",\"datePublished\":\"2022-07-01T19:23:31+00:00\",\"breadcrumb\":{\"@id\":\"https:\\\/\\\/blogdofarnesio.com.br\\\/?p=316845#breadcrumb\"},\"inLanguage\":\"pt-BR\",\"potentialAction\":[{\"@type\":\"ReadAction\",\"target\":[\"https:\\\/\\\/blogdofarnesio.com.br\\\/?p=316845\"]}]},{\"@type\":\"ImageObject\",\"inLanguage\":\"pt-BR\",\"@id\":\"https:\\\/\\\/blogdofarnesio.com.br\\\/?p=316845#primaryimage\",\"url\":\"https:\\\/\\\/blogdofarnesio.com.br\\\/wp-content\\\/uploads\\\/2022\\\/07\\\/saae2-e1656699667247.jpg\",\"contentUrl\":\"https:\\\/\\\/blogdofarnesio.com.br\\\/wp-content\\\/uploads\\\/2022\\\/07\\\/saae2-e1656699667247.jpg\",\"width\":624,\"height\":344},{\"@type\":\"BreadcrumbList\",\"@id\":\"https:\\\/\\\/blogdofarnesio.com.br\\\/?p=316845#breadcrumb\",\"itemListElement\":[{\"@type\":\"ListItem\",\"position\":1,\"name\":\"In\u00edcio\",\"item\":\"https:\\\/\\\/blogdofarnesio.com.br\\\/\"},{\"@type\":\"ListItem\",\"position\":2,\"name\":\"Prefeitura de Juazeiro atende comunidades e leva \u00e1gua para cemit\u00e9rios do interior\"}]},{\"@type\":\"WebSite\",\"@id\":\"https:\\\/\\\/blogdofarnesio.com.br\\\/#website\",\"url\":\"https:\\\/\\\/blogdofarnesio.com.br\\\/\",\"name\":\"Blog do Farn\u00e9sio\",\"description\":\"Quer Saber Pol\u00edtica?\",\"publisher\":{\"@id\":\"https:\\\/\\\/blogdofarnesio.com.br\\\/#organization\"},\"potentialAction\":[{\"@type\":\"SearchAction\",\"target\":{\"@type\":\"EntryPoint\",\"urlTemplate\":\"https:\\\/\\\/blogdofarnesio.com.br\\\/?s={search_term_string}\"},\"query-input\":{\"@type\":\"PropertyValueSpecification\",\"valueRequired\":true,\"valueName\":\"search_term_string\"}}],\"inLanguage\":\"pt-BR\"},{\"@type\":\"Organization\",\"@id\":\"https:\\\/\\\/blogdofarnesio.com.br\\\/#organization\",\"name\":\"Blog do Farn\u00e9sio\",\"url\":\"https:\\\/\\\/blogdofarnesio.com.br\\\/\",\"logo\":{\"@type\":\"ImageObject\",\"inLanguage\":\"pt-BR\",\"@id\":\"https:\\\/\\\/blogdofarnesio.com.br\\\/#\\\/schema\\\/logo\\\/image\\\/\",\"url\":\"https:\\\/\\\/blogdofarnesio.com.br\\\/wp-content\\\/uploads\\\/2026\\\/03\\\/cropped-logo_new-1.png\",\"contentUrl\":\"https:\\\/\\\/blogdofarnesio.com.br\\\/wp-content\\\/uploads\\\/2026\\\/03\\\/cropped-logo_new-1.png\",\"width\":881,\"height\":685,\"caption\":\"Blog do Farn\u00e9sio\"},\"image\":{\"@id\":\"https:\\\/\\\/blogdofarnesio.com.br\\\/#\\\/schema\\\/logo\\\/image\\\/\"},\"sameAs\":[\"https:\\\/\\\/www.facebook.com\\\/BlogQuerSaberPolitica\\\/\"]},{\"@type\":\"Person\",\"@id\":\"https:\\\/\\\/blogdofarnesio.com.br\\\/#\\\/schema\\\/person\\\/bb9b23ae3ad0609ce8df7b6c9e76824d\",\"name\":\"Farn\u00e9sio\",\"image\":{\"@type\":\"ImageObject\",\"inLanguage\":\"pt-BR\",\"@id\":\"https:\\\/\\\/secure.gravatar.com\\\/avatar\\\/986aa4c61ccdb66f8555bf88fc2a65609d00bcabd4d2d94377a727547345cbca?s=96&d=mm&r=g\",\"url\":\"https:\\\/\\\/secure.gravatar.com\\\/avatar\\\/986aa4c61ccdb66f8555bf88fc2a65609d00bcabd4d2d94377a727547345cbca?s=96&d=mm&r=g\",\"contentUrl\":\"https:\\\/\\\/secure.gravatar.com\\\/avatar\\\/986aa4c61ccdb66f8555bf88fc2a65609d00bcabd4d2d94377a727547345cbca?s=96&d=mm&r=g\",\"caption\":\"Farn\u00e9sio\"},\"description\":\"Radialista blogueiro, chegou a Petrolina\\\/Juazeiro em setembro de 1980, Farn\u00e9sio Silva \u00e9 de Arapiraca-Alagoas.\",\"sameAs\":[\"http:\\\/\\\/blogdofarnesio.com.br\",\"https:\\\/\\\/www.facebook.com\\\/?ref=tn_tnmn\",\"https:\\\/\\\/www.instagram.com\\\/?utm_source=pwa_homescreen\",\"https:\\\/\\\/youtube.com.br\\\/\"],\"url\":\"https:\\\/\\\/blogdofarnesio.com.br\\\/?author=2\"}]}<\/script>\n<!-- \/ Yoast SEO plugin. -->","yoast_head_json":{"title":"Prefeitura de Juazeiro atende comunidades e leva \u00e1gua para cemit\u00e9rios do interior - Blog do Farn\u00e9sio","robots":{"index":"index","follow":"follow","max-snippet":"max-snippet:-1","max-image-preview":"max-image-preview:large","max-video-preview":"max-video-preview:-1"},"canonical":"https:\/\/blogdofarnesio.com.br\/?p=316845","og_locale":"pt_BR","og_type":"article","og_title":"Prefeitura de Juazeiro atende comunidades e leva \u00e1gua para cemit\u00e9rios do interior - Blog do Farn\u00e9sio","og_description":"A Prefeitura de Juazeiro, por meio do Servi\u00e7o de \u00c1gua e Saneamento Ambiental (SAAE), atendeu uma reivindica\u00e7\u00e3o antiga das fam\u00edlias do interior do munic\u00edpio e iniciou esta semana a tarefa de levar \u00e1gua aos cemit\u00e9rios locais. Com o fornecimento de \u00e1gua os cemit\u00e9rios agora poder\u00e3o ter \u00e1reas de vel\u00f3rios, banheiros e at\u00e9 jardins, oferecendo assim dignidade aos familiares que forem sepultar seus entes queridos. As fam\u00edlias reclamavam da impossibilidade de limpar os t\u00famulos por causa da falta de \u00e1gua. O cemit\u00e9rio da comunidade da Tapera foi o primeiro a ser beneficiado, atendendo um pedido dos moradores de Umbuzeiro, Alfavaca e de outras comunidades pr\u00f3ximas. Jos\u00e9 Lair, morador da Tapera, disse que h\u00e1 10 anos as fam\u00edlias reivindicavam essa iniciativa. \u201cN\u00f3s,&hellip;","og_url":"https:\/\/blogdofarnesio.com.br\/?p=316845","og_site_name":"Blog do Farn\u00e9sio","article_publisher":"https:\/\/www.facebook.com\/BlogQuerSaberPolitica\/","article_author":"https:\/\/www.facebook.com\/?ref=tn_tnmn","article_published_time":"2022-07-01T19:23:31+00:00","og_image":[{"width":624,"height":344,"url":"https:\/\/blogdofarnesio.com.br\/wp-content\/uploads\/2022\/07\/saae2-e1656699667247.jpg","type":"image\/jpeg"}],"author":"Farn\u00e9sio","twitter_card":"summary_large_image","twitter_misc":{"Escrito por":"Farn\u00e9sio","Est. tempo de leitura":"2 minutos"},"schema":{"@context":"https:\/\/schema.org","@graph":[{"@type":"Article","@id":"https:\/\/blogdofarnesio.com.br\/?p=316845#article","isPartOf":{"@id":"https:\/\/blogdofarnesio.com.br\/?p=316845"},"author":{"name":"Farn\u00e9sio","@id":"https:\/\/blogdofarnesio.com.br\/#\/schema\/person\/bb9b23ae3ad0609ce8df7b6c9e76824d"},"headline":"Prefeitura de Juazeiro atende comunidades e leva \u00e1gua para cemit\u00e9rios do interior","datePublished":"2022-07-01T19:23:31+00:00","mainEntityOfPage":{"@id":"https:\/\/blogdofarnesio.com.br\/?p=316845"},"wordCount":262,"commentCount":0,"publisher":{"@id":"https:\/\/blogdofarnesio.com.br\/#organization"},"image":{"@id":"https:\/\/blogdofarnesio.com.br\/?p=316845#primaryimage"},"thumbnailUrl":"https:\/\/blogdofarnesio.com.br\/wp-content\/uploads\/2022\/07\/saae2-e1656699667247.jpg","articleSection":["\u00c1gua"],"inLanguage":"pt-BR","potentialAction":[{"@type":"CommentAction","name":"Comment","target":["https:\/\/blogdofarnesio.com.br\/?p=316845#respond"]}]},{"@type":"WebPage","@id":"https:\/\/blogdofarnesio.com.br\/?p=316845","url":"https:\/\/blogdofarnesio.com.br\/?p=316845","name":"Prefeitura de Juazeiro atende comunidades e leva \u00e1gua para cemit\u00e9rios do interior - Blog do Farn\u00e9sio","isPartOf":{"@id":"https:\/\/blogdofarnesio.com.br\/#website"},"primaryImageOfPage":{"@id":"https:\/\/blogdofarnesio.com.br\/?p=316845#primaryimage"},"image":{"@id":"https:\/\/blogdofarnesio.com.br\/?p=316845#primaryimage"},"thumbnailUrl":"https:\/\/blogdofarnesio.com.br\/wp-content\/uploads\/2022\/07\/saae2-e1656699667247.jpg","datePublished":"2022-07-01T19:23:31+00:00","breadcrumb":{"@id":"https:\/\/blogdofarnesio.com.br\/?p=316845#breadcrumb"},"inLanguage":"pt-BR","potentialAction":[{"@type":"ReadAction","target":["https:\/\/blogdofarnesio.com.br\/?p=316845"]}]},{"@type":"ImageObject","inLanguage":"pt-BR","@id":"https:\/\/blogdofarnesio.com.br\/?p=316845#primaryimage","url":"https:\/\/blogdofarnesio.com.br\/wp-content\/uploads\/2022\/07\/saae2-e1656699667247.jpg","contentUrl":"https:\/\/blogdofarnesio.com.br\/wp-content\/uploads\/2022\/07\/saae2-e1656699667247.jpg","width":624,"height":344},{"@type":"BreadcrumbList","@id":"https:\/\/blogdofarnesio.com.br\/?p=316845#breadcrumb","itemListElement":[{"@type":"ListItem","position":1,"name":"In\u00edcio","item":"https:\/\/blogdofarnesio.com.br\/"},{"@type":"ListItem","position":2,"name":"Prefeitura de Juazeiro atende comunidades e leva \u00e1gua para cemit\u00e9rios do interior"}]},{"@type":"WebSite","@id":"https:\/\/blogdofarnesio.com.br\/#website","url":"https:\/\/blogdofarnesio.com.br\/","name":"Blog do Farn\u00e9sio","description":"Quer Saber Pol\u00edtica?","publisher":{"@id":"https:\/\/blogdofarnesio.com.br\/#organization"},"potentialAction":[{"@type":"SearchAction","target":{"@type":"EntryPoint","urlTemplate":"https:\/\/blogdofarnesio.com.br\/?s={search_term_string}"},"query-input":{"@type":"PropertyValueSpecification","valueRequired":true,"valueName":"search_term_string"}}],"inLanguage":"pt-BR"},{"@type":"Organization","@id":"https:\/\/blogdofarnesio.com.br\/#organization","name":"Blog do Farn\u00e9sio","url":"https:\/\/blogdofarnesio.com.br\/","logo":{"@type":"ImageObject","inLanguage":"pt-BR","@id":"https:\/\/blogdofarnesio.com.br\/#\/schema\/logo\/image\/","url":"https:\/\/blogdofarnesio.com.br\/wp-content\/uploads\/2026\/03\/cropped-logo_new-1.png","contentUrl":"https:\/\/blogdofarnesio.com.br\/wp-content\/uploads\/2026\/03\/cropped-logo_new-1.png","width":881,"height":685,"caption":"Blog do Farn\u00e9sio"},"image":{"@id":"https:\/\/blogdofarnesio.com.br\/#\/schema\/logo\/image\/"},"sameAs":["https:\/\/www.facebook.com\/BlogQuerSaberPolitica\/"]},{"@type":"Person","@id":"https:\/\/blogdofarnesio.com.br\/#\/schema\/person\/bb9b23ae3ad0609ce8df7b6c9e76824d","name":"Farn\u00e9sio","image":{"@type":"ImageObject","inLanguage":"pt-BR","@id":"https:\/\/secure.gravatar.com\/avatar\/986aa4c61ccdb66f8555bf88fc2a65609d00bcabd4d2d94377a727547345cbca?s=96&d=mm&r=g","url":"https:\/\/secure.gravatar.com\/avatar\/986aa4c61ccdb66f8555bf88fc2a65609d00bcabd4d2d94377a727547345cbca?s=96&d=mm&r=g","contentUrl":"https:\/\/secure.gravatar.com\/avatar\/986aa4c61ccdb66f8555bf88fc2a65609d00bcabd4d2d94377a727547345cbca?s=96&d=mm&r=g","caption":"Farn\u00e9sio"},"description":"Radialista blogueiro, chegou a Petrolina\/Juazeiro em setembro de 1980, Farn\u00e9sio Silva \u00e9 de Arapiraca-Alagoas.","sameAs":["http:\/\/blogdofarnesio.com.br","https:\/\/www.facebook.com\/?ref=tn_tnmn","https:\/\/www.instagram.com\/?utm_source=pwa_homescreen","https:\/\/youtube.com.br\/"],"url":"https:\/\/blogdofarnesio.com.br\/?author=2"}]}},"_links":{"self":[{"href":"https:\/\/blogdofarnesio.com.br\/index.php?rest_route=\/wp\/v2\/posts\/316845","targetHints":{"allow":["GET"]}}],"collection":[{"href":"https:\/\/blogdofarnesio.com.br\/index.php?rest_route=\/wp\/v2\/posts"}],"about":[{"href":"https:\/\/blogdofarnesio.com.br\/index.php?rest_route=\/wp\/v2\/types\/post"}],"author":[{"embeddable":true,"href":"https:\/\/blogdofarnesio.com.br\/index.php?rest_route=\/wp\/v2\/users\/2"}],"replies":[{"embeddable":true,"href":"https:\/\/blogdofarnesio.com.br\/index.php?rest_route=%2Fwp%2Fv2%2Fcomments&post=316845"}],"version-history":[{"count":0,"href":"https:\/\/blogdofarnesio.com.br\/index.php?rest_route=\/wp\/v2\/posts\/316845\/revisions"}],"wp:featuredmedia":[{"embeddable":true,"href":"https:\/\/blogdofarnesio.com.br\/index.php?rest_route=\/wp\/v2\/media\/316846"}],"wp:attachment":[{"href":"https:\/\/blogdofarnesio.com.br\/index.php?rest_route=%2Fwp%2Fv2%2Fmedia&parent=316845"}],"wp:term":[{"taxonomy":"category","embeddable":true,"href":"https:\/\/blogdofarnesio.com.br\/index.php?rest_route=%2Fwp%2Fv2%2Fcategories&post=316845"},{"taxonomy":"post_tag","embeddable":true,"href":"https:\/\/blogdofarnesio.com.br\/index.php?rest_route=%2Fwp%2Fv2%2Ftags&post=316845"}],"curies":[{"name":"wp","href":"https:\/\/api.w.org\/{rel}","templated":true}]}}