{"id":316798,"date":"2022-07-01T08:42:37","date_gmt":"2022-07-01T11:42:37","guid":{"rendered":"https:\/\/blogdofarnesio.com.br\/?p=316798"},"modified":"2022-07-01T08:29:35","modified_gmt":"2022-07-01T11:29:35","slug":"pavimentacao-de-estrada-de-ponta-da-serra-sera-entregue-nesta-sexta-feira-em-petrolina","status":"publish","type":"post","link":"https:\/\/blogdofarnesio.com.br\/?p=316798","title":{"rendered":"Pavimenta\u00e7\u00e3o de estrada de Ponta da Serra em Petrolina ser\u00e1 entregue nesta sexta-feira"},"content":{"rendered":"<p style=\"font-weight: 400;\">O tr\u00e1fego de ve\u00edculos e pedestres na regi\u00e3o de Ponta da Serra, regi\u00e3o do sequeiro de Petrolina, agora, ficar\u00e1 mais seguro. Ap\u00f3s a conclus\u00e3o das obras de pavimenta\u00e7\u00e3o da estrada que interliga a comunidade \u00e0 BR 407, a prefeitura municipal e a Codevasf entregar\u00e3o aos petrolinenses essa importante obra de mobilidade. Ao todo, foram pavimentados 10 km da via atrav\u00e9s de um investimento de cerca de R$ 4 milh\u00f5es fruto da articula\u00e7\u00e3o pol\u00edtica do senador Fernando Bezerra e do deputado federal Fernando Filho.<\/p>\n<p style=\"font-weight: 400;\">A obra estrutural vai trazer mais mobilidade e fortalecer a gera\u00e7\u00e3o de renda na regi\u00e3o, como destaca o secret\u00e1rio de Infraestrutura e Mobilidade, Fred Machado<em>. \u201cA execu\u00e7\u00e3o da obra trouxe esperan\u00e7a aos moradores que h\u00e1 anos aguardavam pela chegada desse investimento. Gra\u00e7as a for\u00e7a pol\u00edtica que, de fato, trabalha por Petrolina, agora, a comunidade de Ponta da Serra ter\u00e1 mais mobilidade, valoriza\u00e7\u00e3o das moradias, al\u00e9m de mais seguran\u00e7a para o escoamento da produ\u00e7\u00e3o\u201d,<\/em>\u00a0pontua o gestor.<\/p>\n<p style=\"font-weight: 400;\">Nesta sexta-feira, 1\u00ba de julho, \u00e0s 18h30, acontecer\u00e1 a entrega oficial da nova pavimenta\u00e7\u00e3o da estrada de Ponta da Serra, na zona rural de Petrolina.<\/p>\n<p style=\"font-weight: 400;\">&#8212;&#8212;&#8212;&#8211;<\/p>\n<p style=\"font-weight: 400;\">Adailma Gomes &#8211; Assessora de imprensa da Secretaria de Infraestrutura e Mobilidade<\/p>\n","protected":false},"excerpt":{"rendered":"<p>O tr\u00e1fego de ve\u00edculos e pedestres na regi\u00e3o de Ponta da Serra, regi\u00e3o do sequeiro de Petrolina, agora, ficar\u00e1 mais seguro. Ap\u00f3s a conclus\u00e3o das obras de pavimenta\u00e7\u00e3o da estrada que interliga a comunidade \u00e0 BR 407, a prefeitura municipal e a Codevasf entregar\u00e3o aos petrolinenses essa importante obra de mobilidade. Ao todo, foram pavimentados 10 km da via atrav\u00e9s de um investimento de cerca de R$ 4 milh\u00f5es fruto da articula\u00e7\u00e3o pol\u00edtica do senador Fernando Bezerra e do deputado federal Fernando Filho. A obra estrutural vai trazer mais mobilidade e fortalecer a gera\u00e7\u00e3o de renda na regi\u00e3o, como destaca o secret\u00e1rio de Infraestrutura e Mobilidade, Fred Machado. \u201cA execu\u00e7\u00e3o da obra trouxe esperan\u00e7a aos moradores que h\u00e1 anos aguardavam&hellip; <\/p>\n","protected":false},"author":2,"featured_media":316799,"comment_status":"open","ping_status":"open","sticky":false,"template":"","format":"standard","meta":{"_acf_changed":false,"footnotes":""},"categories":[17],"tags":[],"class_list":["post-316798","post","type-post","status-publish","format-standard","has-post-thumbnail","hentry","category-estradas"],"acf":[],"yoast_head":"<!-- This site is optimized with the Yoast SEO plugin v27.4 - https:\/\/yoast.com\/product\/yoast-seo-wordpress\/ -->\n<title>Pavimenta\u00e7\u00e3o de estrada de Ponta da Serra em Petrolina ser\u00e1 entregue nesta sexta-feira - Blog do Farn\u00e9sio<\/title>\n<meta name=\"robots\" content=\"index, follow, max-snippet:-1, max-image-preview:large, max-video-preview:-1\" \/>\n<link rel=\"canonical\" href=\"https:\/\/blogdofarnesio.com.br\/?p=316798\" \/>\n<meta property=\"og:locale\" content=\"pt_BR\" \/>\n<meta property=\"og:type\" content=\"article\" \/>\n<meta property=\"og:title\" content=\"Pavimenta\u00e7\u00e3o de estrada de Ponta da Serra em Petrolina ser\u00e1 entregue nesta sexta-feira - Blog do Farn\u00e9sio\" \/>\n<meta property=\"og:description\" content=\"O tr\u00e1fego de ve\u00edculos e pedestres na regi\u00e3o de Ponta da Serra, regi\u00e3o do sequeiro de Petrolina, agora, ficar\u00e1 mais seguro. Ap\u00f3s a conclus\u00e3o das obras de pavimenta\u00e7\u00e3o da estrada que interliga a comunidade \u00e0 BR 407, a prefeitura municipal e a Codevasf entregar\u00e3o aos petrolinenses essa importante obra de mobilidade. Ao todo, foram pavimentados 10 km da via atrav\u00e9s de um investimento de cerca de R$ 4 milh\u00f5es fruto da articula\u00e7\u00e3o pol\u00edtica do senador Fernando Bezerra e do deputado federal Fernando Filho. A obra estrutural vai trazer mais mobilidade e fortalecer a gera\u00e7\u00e3o de renda na regi\u00e3o, como destaca o secret\u00e1rio de Infraestrutura e Mobilidade, Fred Machado. \u201cA execu\u00e7\u00e3o da obra trouxe esperan\u00e7a aos moradores que h\u00e1 anos aguardavam&hellip;\" \/>\n<meta property=\"og:url\" content=\"https:\/\/blogdofarnesio.com.br\/?p=316798\" \/>\n<meta property=\"og:site_name\" content=\"Blog do Farn\u00e9sio\" \/>\n<meta property=\"article:publisher\" content=\"https:\/\/www.facebook.com\/BlogQuerSaberPolitica\/\" \/>\n<meta property=\"article:author\" content=\"https:\/\/www.facebook.com\/?ref=tn_tnmn\" \/>\n<meta property=\"article:published_time\" content=\"2022-07-01T11:42:37+00:00\" \/>\n<meta property=\"og:image\" content=\"https:\/\/blogdofarnesio.com.br\/wp-content\/uploads\/2022\/07\/Estrada-Ponta-da-Serra-I-e1656674623737.jpeg\" \/>\n\t<meta property=\"og:image:width\" content=\"600\" \/>\n\t<meta property=\"og:image:height\" content=\"375\" \/>\n\t<meta property=\"og:image:type\" content=\"image\/jpeg\" \/>\n<meta name=\"author\" content=\"Farn\u00e9sio\" \/>\n<meta name=\"twitter:card\" content=\"summary_large_image\" \/>\n<meta name=\"twitter:label1\" content=\"Escrito por\" \/>\n\t<meta name=\"twitter:data1\" content=\"Farn\u00e9sio\" \/>\n\t<meta name=\"twitter:label2\" content=\"Est. tempo de leitura\" \/>\n\t<meta name=\"twitter:data2\" content=\"2 minutos\" \/>\n<script type=\"application\/ld+json\" class=\"yoast-schema-graph\">{\"@context\":\"https:\\\/\\\/schema.org\",\"@graph\":[{\"@type\":\"Article\",\"@id\":\"https:\\\/\\\/blogdofarnesio.com.br\\\/?p=316798#article\",\"isPartOf\":{\"@id\":\"https:\\\/\\\/blogdofarnesio.com.br\\\/?p=316798\"},\"author\":{\"name\":\"Farn\u00e9sio\",\"@id\":\"https:\\\/\\\/blogdofarnesio.com.br\\\/#\\\/schema\\\/person\\\/bb9b23ae3ad0609ce8df7b6c9e76824d\"},\"headline\":\"Pavimenta\u00e7\u00e3o de estrada de Ponta da Serra em Petrolina ser\u00e1 entregue nesta sexta-feira\",\"datePublished\":\"2022-07-01T11:42:37+00:00\",\"mainEntityOfPage\":{\"@id\":\"https:\\\/\\\/blogdofarnesio.com.br\\\/?p=316798\"},\"wordCount\":231,\"commentCount\":0,\"publisher\":{\"@id\":\"https:\\\/\\\/blogdofarnesio.com.br\\\/#organization\"},\"image\":{\"@id\":\"https:\\\/\\\/blogdofarnesio.com.br\\\/?p=316798#primaryimage\"},\"thumbnailUrl\":\"https:\\\/\\\/blogdofarnesio.com.br\\\/wp-content\\\/uploads\\\/2022\\\/07\\\/Estrada-Ponta-da-Serra-I-e1656674623737.jpeg\",\"articleSection\":[\"Estradas\"],\"inLanguage\":\"pt-BR\",\"potentialAction\":[{\"@type\":\"CommentAction\",\"name\":\"Comment\",\"target\":[\"https:\\\/\\\/blogdofarnesio.com.br\\\/?p=316798#respond\"]}]},{\"@type\":\"WebPage\",\"@id\":\"https:\\\/\\\/blogdofarnesio.com.br\\\/?p=316798\",\"url\":\"https:\\\/\\\/blogdofarnesio.com.br\\\/?p=316798\",\"name\":\"Pavimenta\u00e7\u00e3o de estrada de Ponta da Serra em Petrolina ser\u00e1 entregue nesta sexta-feira - Blog do Farn\u00e9sio\",\"isPartOf\":{\"@id\":\"https:\\\/\\\/blogdofarnesio.com.br\\\/#website\"},\"primaryImageOfPage\":{\"@id\":\"https:\\\/\\\/blogdofarnesio.com.br\\\/?p=316798#primaryimage\"},\"image\":{\"@id\":\"https:\\\/\\\/blogdofarnesio.com.br\\\/?p=316798#primaryimage\"},\"thumbnailUrl\":\"https:\\\/\\\/blogdofarnesio.com.br\\\/wp-content\\\/uploads\\\/2022\\\/07\\\/Estrada-Ponta-da-Serra-I-e1656674623737.jpeg\",\"datePublished\":\"2022-07-01T11:42:37+00:00\",\"breadcrumb\":{\"@id\":\"https:\\\/\\\/blogdofarnesio.com.br\\\/?p=316798#breadcrumb\"},\"inLanguage\":\"pt-BR\",\"potentialAction\":[{\"@type\":\"ReadAction\",\"target\":[\"https:\\\/\\\/blogdofarnesio.com.br\\\/?p=316798\"]}]},{\"@type\":\"ImageObject\",\"inLanguage\":\"pt-BR\",\"@id\":\"https:\\\/\\\/blogdofarnesio.com.br\\\/?p=316798#primaryimage\",\"url\":\"https:\\\/\\\/blogdofarnesio.com.br\\\/wp-content\\\/uploads\\\/2022\\\/07\\\/Estrada-Ponta-da-Serra-I-e1656674623737.jpeg\",\"contentUrl\":\"https:\\\/\\\/blogdofarnesio.com.br\\\/wp-content\\\/uploads\\\/2022\\\/07\\\/Estrada-Ponta-da-Serra-I-e1656674623737.jpeg\",\"width\":600,\"height\":375},{\"@type\":\"BreadcrumbList\",\"@id\":\"https:\\\/\\\/blogdofarnesio.com.br\\\/?p=316798#breadcrumb\",\"itemListElement\":[{\"@type\":\"ListItem\",\"position\":1,\"name\":\"In\u00edcio\",\"item\":\"https:\\\/\\\/blogdofarnesio.com.br\\\/\"},{\"@type\":\"ListItem\",\"position\":2,\"name\":\"Pavimenta\u00e7\u00e3o de estrada de Ponta da Serra em Petrolina ser\u00e1 entregue nesta sexta-feira\"}]},{\"@type\":\"WebSite\",\"@id\":\"https:\\\/\\\/blogdofarnesio.com.br\\\/#website\",\"url\":\"https:\\\/\\\/blogdofarnesio.com.br\\\/\",\"name\":\"Blog do Farn\u00e9sio\",\"description\":\"Quer Saber Pol\u00edtica?\",\"publisher\":{\"@id\":\"https:\\\/\\\/blogdofarnesio.com.br\\\/#organization\"},\"potentialAction\":[{\"@type\":\"SearchAction\",\"target\":{\"@type\":\"EntryPoint\",\"urlTemplate\":\"https:\\\/\\\/blogdofarnesio.com.br\\\/?s={search_term_string}\"},\"query-input\":{\"@type\":\"PropertyValueSpecification\",\"valueRequired\":true,\"valueName\":\"search_term_string\"}}],\"inLanguage\":\"pt-BR\"},{\"@type\":\"Organization\",\"@id\":\"https:\\\/\\\/blogdofarnesio.com.br\\\/#organization\",\"name\":\"Blog do Farn\u00e9sio\",\"url\":\"https:\\\/\\\/blogdofarnesio.com.br\\\/\",\"logo\":{\"@type\":\"ImageObject\",\"inLanguage\":\"pt-BR\",\"@id\":\"https:\\\/\\\/blogdofarnesio.com.br\\\/#\\\/schema\\\/logo\\\/image\\\/\",\"url\":\"https:\\\/\\\/blogdofarnesio.com.br\\\/wp-content\\\/uploads\\\/2026\\\/03\\\/cropped-logo_new-1.png\",\"contentUrl\":\"https:\\\/\\\/blogdofarnesio.com.br\\\/wp-content\\\/uploads\\\/2026\\\/03\\\/cropped-logo_new-1.png\",\"width\":881,\"height\":685,\"caption\":\"Blog do Farn\u00e9sio\"},\"image\":{\"@id\":\"https:\\\/\\\/blogdofarnesio.com.br\\\/#\\\/schema\\\/logo\\\/image\\\/\"},\"sameAs\":[\"https:\\\/\\\/www.facebook.com\\\/BlogQuerSaberPolitica\\\/\"]},{\"@type\":\"Person\",\"@id\":\"https:\\\/\\\/blogdofarnesio.com.br\\\/#\\\/schema\\\/person\\\/bb9b23ae3ad0609ce8df7b6c9e76824d\",\"name\":\"Farn\u00e9sio\",\"image\":{\"@type\":\"ImageObject\",\"inLanguage\":\"pt-BR\",\"@id\":\"https:\\\/\\\/secure.gravatar.com\\\/avatar\\\/986aa4c61ccdb66f8555bf88fc2a65609d00bcabd4d2d94377a727547345cbca?s=96&d=mm&r=g\",\"url\":\"https:\\\/\\\/secure.gravatar.com\\\/avatar\\\/986aa4c61ccdb66f8555bf88fc2a65609d00bcabd4d2d94377a727547345cbca?s=96&d=mm&r=g\",\"contentUrl\":\"https:\\\/\\\/secure.gravatar.com\\\/avatar\\\/986aa4c61ccdb66f8555bf88fc2a65609d00bcabd4d2d94377a727547345cbca?s=96&d=mm&r=g\",\"caption\":\"Farn\u00e9sio\"},\"description\":\"Radialista blogueiro, chegou a Petrolina\\\/Juazeiro em setembro de 1980, Farn\u00e9sio Silva \u00e9 de Arapiraca-Alagoas.\",\"sameAs\":[\"http:\\\/\\\/blogdofarnesio.com.br\",\"https:\\\/\\\/www.facebook.com\\\/?ref=tn_tnmn\",\"https:\\\/\\\/www.instagram.com\\\/?utm_source=pwa_homescreen\",\"https:\\\/\\\/youtube.com.br\\\/\"],\"url\":\"https:\\\/\\\/blogdofarnesio.com.br\\\/?author=2\"}]}<\/script>\n<!-- \/ Yoast SEO plugin. -->","yoast_head_json":{"title":"Pavimenta\u00e7\u00e3o de estrada de Ponta da Serra em Petrolina ser\u00e1 entregue nesta sexta-feira - Blog do Farn\u00e9sio","robots":{"index":"index","follow":"follow","max-snippet":"max-snippet:-1","max-image-preview":"max-image-preview:large","max-video-preview":"max-video-preview:-1"},"canonical":"https:\/\/blogdofarnesio.com.br\/?p=316798","og_locale":"pt_BR","og_type":"article","og_title":"Pavimenta\u00e7\u00e3o de estrada de Ponta da Serra em Petrolina ser\u00e1 entregue nesta sexta-feira - Blog do Farn\u00e9sio","og_description":"O tr\u00e1fego de ve\u00edculos e pedestres na regi\u00e3o de Ponta da Serra, regi\u00e3o do sequeiro de Petrolina, agora, ficar\u00e1 mais seguro. Ap\u00f3s a conclus\u00e3o das obras de pavimenta\u00e7\u00e3o da estrada que interliga a comunidade \u00e0 BR 407, a prefeitura municipal e a Codevasf entregar\u00e3o aos petrolinenses essa importante obra de mobilidade. Ao todo, foram pavimentados 10 km da via atrav\u00e9s de um investimento de cerca de R$ 4 milh\u00f5es fruto da articula\u00e7\u00e3o pol\u00edtica do senador Fernando Bezerra e do deputado federal Fernando Filho. A obra estrutural vai trazer mais mobilidade e fortalecer a gera\u00e7\u00e3o de renda na regi\u00e3o, como destaca o secret\u00e1rio de Infraestrutura e Mobilidade, Fred Machado. \u201cA execu\u00e7\u00e3o da obra trouxe esperan\u00e7a aos moradores que h\u00e1 anos aguardavam&hellip;","og_url":"https:\/\/blogdofarnesio.com.br\/?p=316798","og_site_name":"Blog do Farn\u00e9sio","article_publisher":"https:\/\/www.facebook.com\/BlogQuerSaberPolitica\/","article_author":"https:\/\/www.facebook.com\/?ref=tn_tnmn","article_published_time":"2022-07-01T11:42:37+00:00","og_image":[{"width":600,"height":375,"url":"https:\/\/blogdofarnesio.com.br\/wp-content\/uploads\/2022\/07\/Estrada-Ponta-da-Serra-I-e1656674623737.jpeg","type":"image\/jpeg"}],"author":"Farn\u00e9sio","twitter_card":"summary_large_image","twitter_misc":{"Escrito por":"Farn\u00e9sio","Est. tempo de leitura":"2 minutos"},"schema":{"@context":"https:\/\/schema.org","@graph":[{"@type":"Article","@id":"https:\/\/blogdofarnesio.com.br\/?p=316798#article","isPartOf":{"@id":"https:\/\/blogdofarnesio.com.br\/?p=316798"},"author":{"name":"Farn\u00e9sio","@id":"https:\/\/blogdofarnesio.com.br\/#\/schema\/person\/bb9b23ae3ad0609ce8df7b6c9e76824d"},"headline":"Pavimenta\u00e7\u00e3o de estrada de Ponta da Serra em Petrolina ser\u00e1 entregue nesta sexta-feira","datePublished":"2022-07-01T11:42:37+00:00","mainEntityOfPage":{"@id":"https:\/\/blogdofarnesio.com.br\/?p=316798"},"wordCount":231,"commentCount":0,"publisher":{"@id":"https:\/\/blogdofarnesio.com.br\/#organization"},"image":{"@id":"https:\/\/blogdofarnesio.com.br\/?p=316798#primaryimage"},"thumbnailUrl":"https:\/\/blogdofarnesio.com.br\/wp-content\/uploads\/2022\/07\/Estrada-Ponta-da-Serra-I-e1656674623737.jpeg","articleSection":["Estradas"],"inLanguage":"pt-BR","potentialAction":[{"@type":"CommentAction","name":"Comment","target":["https:\/\/blogdofarnesio.com.br\/?p=316798#respond"]}]},{"@type":"WebPage","@id":"https:\/\/blogdofarnesio.com.br\/?p=316798","url":"https:\/\/blogdofarnesio.com.br\/?p=316798","name":"Pavimenta\u00e7\u00e3o de estrada de Ponta da Serra em Petrolina ser\u00e1 entregue nesta sexta-feira - Blog do Farn\u00e9sio","isPartOf":{"@id":"https:\/\/blogdofarnesio.com.br\/#website"},"primaryImageOfPage":{"@id":"https:\/\/blogdofarnesio.com.br\/?p=316798#primaryimage"},"image":{"@id":"https:\/\/blogdofarnesio.com.br\/?p=316798#primaryimage"},"thumbnailUrl":"https:\/\/blogdofarnesio.com.br\/wp-content\/uploads\/2022\/07\/Estrada-Ponta-da-Serra-I-e1656674623737.jpeg","datePublished":"2022-07-01T11:42:37+00:00","breadcrumb":{"@id":"https:\/\/blogdofarnesio.com.br\/?p=316798#breadcrumb"},"inLanguage":"pt-BR","potentialAction":[{"@type":"ReadAction","target":["https:\/\/blogdofarnesio.com.br\/?p=316798"]}]},{"@type":"ImageObject","inLanguage":"pt-BR","@id":"https:\/\/blogdofarnesio.com.br\/?p=316798#primaryimage","url":"https:\/\/blogdofarnesio.com.br\/wp-content\/uploads\/2022\/07\/Estrada-Ponta-da-Serra-I-e1656674623737.jpeg","contentUrl":"https:\/\/blogdofarnesio.com.br\/wp-content\/uploads\/2022\/07\/Estrada-Ponta-da-Serra-I-e1656674623737.jpeg","width":600,"height":375},{"@type":"BreadcrumbList","@id":"https:\/\/blogdofarnesio.com.br\/?p=316798#breadcrumb","itemListElement":[{"@type":"ListItem","position":1,"name":"In\u00edcio","item":"https:\/\/blogdofarnesio.com.br\/"},{"@type":"ListItem","position":2,"name":"Pavimenta\u00e7\u00e3o de estrada de Ponta da Serra em Petrolina ser\u00e1 entregue nesta sexta-feira"}]},{"@type":"WebSite","@id":"https:\/\/blogdofarnesio.com.br\/#website","url":"https:\/\/blogdofarnesio.com.br\/","name":"Blog do Farn\u00e9sio","description":"Quer Saber Pol\u00edtica?","publisher":{"@id":"https:\/\/blogdofarnesio.com.br\/#organization"},"potentialAction":[{"@type":"SearchAction","target":{"@type":"EntryPoint","urlTemplate":"https:\/\/blogdofarnesio.com.br\/?s={search_term_string}"},"query-input":{"@type":"PropertyValueSpecification","valueRequired":true,"valueName":"search_term_string"}}],"inLanguage":"pt-BR"},{"@type":"Organization","@id":"https:\/\/blogdofarnesio.com.br\/#organization","name":"Blog do Farn\u00e9sio","url":"https:\/\/blogdofarnesio.com.br\/","logo":{"@type":"ImageObject","inLanguage":"pt-BR","@id":"https:\/\/blogdofarnesio.com.br\/#\/schema\/logo\/image\/","url":"https:\/\/blogdofarnesio.com.br\/wp-content\/uploads\/2026\/03\/cropped-logo_new-1.png","contentUrl":"https:\/\/blogdofarnesio.com.br\/wp-content\/uploads\/2026\/03\/cropped-logo_new-1.png","width":881,"height":685,"caption":"Blog do Farn\u00e9sio"},"image":{"@id":"https:\/\/blogdofarnesio.com.br\/#\/schema\/logo\/image\/"},"sameAs":["https:\/\/www.facebook.com\/BlogQuerSaberPolitica\/"]},{"@type":"Person","@id":"https:\/\/blogdofarnesio.com.br\/#\/schema\/person\/bb9b23ae3ad0609ce8df7b6c9e76824d","name":"Farn\u00e9sio","image":{"@type":"ImageObject","inLanguage":"pt-BR","@id":"https:\/\/secure.gravatar.com\/avatar\/986aa4c61ccdb66f8555bf88fc2a65609d00bcabd4d2d94377a727547345cbca?s=96&d=mm&r=g","url":"https:\/\/secure.gravatar.com\/avatar\/986aa4c61ccdb66f8555bf88fc2a65609d00bcabd4d2d94377a727547345cbca?s=96&d=mm&r=g","contentUrl":"https:\/\/secure.gravatar.com\/avatar\/986aa4c61ccdb66f8555bf88fc2a65609d00bcabd4d2d94377a727547345cbca?s=96&d=mm&r=g","caption":"Farn\u00e9sio"},"description":"Radialista blogueiro, chegou a Petrolina\/Juazeiro em setembro de 1980, Farn\u00e9sio Silva \u00e9 de Arapiraca-Alagoas.","sameAs":["http:\/\/blogdofarnesio.com.br","https:\/\/www.facebook.com\/?ref=tn_tnmn","https:\/\/www.instagram.com\/?utm_source=pwa_homescreen","https:\/\/youtube.com.br\/"],"url":"https:\/\/blogdofarnesio.com.br\/?author=2"}]}},"_links":{"self":[{"href":"https:\/\/blogdofarnesio.com.br\/index.php?rest_route=\/wp\/v2\/posts\/316798","targetHints":{"allow":["GET"]}}],"collection":[{"href":"https:\/\/blogdofarnesio.com.br\/index.php?rest_route=\/wp\/v2\/posts"}],"about":[{"href":"https:\/\/blogdofarnesio.com.br\/index.php?rest_route=\/wp\/v2\/types\/post"}],"author":[{"embeddable":true,"href":"https:\/\/blogdofarnesio.com.br\/index.php?rest_route=\/wp\/v2\/users\/2"}],"replies":[{"embeddable":true,"href":"https:\/\/blogdofarnesio.com.br\/index.php?rest_route=%2Fwp%2Fv2%2Fcomments&post=316798"}],"version-history":[{"count":0,"href":"https:\/\/blogdofarnesio.com.br\/index.php?rest_route=\/wp\/v2\/posts\/316798\/revisions"}],"wp:featuredmedia":[{"embeddable":true,"href":"https:\/\/blogdofarnesio.com.br\/index.php?rest_route=\/wp\/v2\/media\/316799"}],"wp:attachment":[{"href":"https:\/\/blogdofarnesio.com.br\/index.php?rest_route=%2Fwp%2Fv2%2Fmedia&parent=316798"}],"wp:term":[{"taxonomy":"category","embeddable":true,"href":"https:\/\/blogdofarnesio.com.br\/index.php?rest_route=%2Fwp%2Fv2%2Fcategories&post=316798"},{"taxonomy":"post_tag","embeddable":true,"href":"https:\/\/blogdofarnesio.com.br\/index.php?rest_route=%2Fwp%2Fv2%2Ftags&post=316798"}],"curies":[{"name":"wp","href":"https:\/\/api.w.org\/{rel}","templated":true}]}}