{"id":316030,"date":"2022-06-21T10:02:40","date_gmt":"2022-06-21T13:02:40","guid":{"rendered":"https:\/\/blogdofarnesio.com.br\/?p=316030"},"modified":"2022-06-20T17:18:40","modified_gmt":"2022-06-20T20:18:40","slug":"cantor-del-feliz-recebera-titulo-de-cidadao-petrolinense-nesta-terca-feira-21","status":"publish","type":"post","link":"https:\/\/blogdofarnesio.com.br\/?p=316030","title":{"rendered":"Cantor Del Feliz receber\u00e1 t\u00edtulo de cidad\u00e3o Petrolinense nesta ter\u00e7a-feira (21)"},"content":{"rendered":"<div class=\"nH V8djrc byY\">\n<div class=\"nH\">\n<div class=\"ha\">\n<p dir=\"ltr\">O cantor, compositor e cordelista Del Feliz ser\u00e1 homenageado nesta ter\u00e7a-feira (21), \u00e0s 19h na C\u00e2mara Municipal, com a entrega do T\u00edtulo de Cidad\u00e3o Petrolinense. A honraria, concedida pela Casa Pl\u00ednio Amorim atrav\u00e9s do Projeto de Decreto n\u00ba 046\/2020, apresentado pelo vereador Gilmar Santos (PT), foi aprovada em plen\u00e1rio por unanimidade em setembro de 2020. O t\u00edtulo \u00e9 um reconhecimento pelos relevantes servi\u00e7os prestados \u00e0 cultura do munic\u00edpio.<\/p>\n<p><span class=\"im\"><br \/>\n<\/span><\/p>\n<p dir=\"ltr\">Natural de Riach\u00e3o do Jacu\u00edpe, interior da Bahia, Del Feliz sempre manteve uma rela\u00e7\u00e3o de carinho com Petrolina, munic\u00edpio com o qual assume grande identifica\u00e7\u00e3o e admira\u00e7\u00e3o. Apaixonado pela poesia, Del multiplicou a cultura Nordestina para diversos lugares do mundo atrav\u00e9s de suas m\u00fasicas e levou o nome de Petrolina junto.<\/p>\n<p dir=\"ltr\">&#8220;Conceder, junto \u00e0 C\u00e2mara, esse t\u00edtulo de cidadania petrolinense a Del Feliz \u00e9 motivo de grande honra para o nosso mandato e, principalmente, para Petrolina, por todo carinho, dedica\u00e7\u00e3o e servi\u00e7os prestados por esse admir\u00e1vel artista \u00e0 nossa cidade&#8221;, declara Gilmar.<\/p>\n<p><span class=\"im\"><br \/>\n<\/span><\/p>\n<p dir=\"ltr\">O poeta enxergou na cidade o que precisava de mais belo para inspira\u00e7\u00e3o e desde ent\u00e3o Petrolina deixou de ser um local de visita e tornou-se um lugar de aconchego, tendo no Rio S\u00e3o Francisco uma grande refer\u00eancia po\u00e9tica.<\/p>\n<p><span class=\"im\"><br \/>\n<\/span><\/p>\n<p dir=\"ltr\">Em 2008, Del fez uma can\u00e7\u00e3o com o t\u00edtulo \u2018Petrolina\u2019, em parceria com o artista Rosalvo Ant\u00f4nio e participa\u00e7\u00e3o especial do renomado cantor Geraldo Azevedo, enaltecendo as riquezas e as belezas da terra ribeirinha. O material foi veiculado por muito tempo na programa\u00e7\u00e3o da TV Grande Rio \u2013 afiliada \u00e0 Rede Globo.<\/p>\n<p><span class=\"im\"><br \/>\n<\/span><\/p>\n<p dir=\"ltr\">As composi\u00e7\u00f5es de Del Feliz foram gravadas por diversos e consagrados artistas brasileiros, como Maria Bethania, Dominguinhos, Fagner, Elba Ramalho, Geraldo Azevedo, Fl\u00e1vio Jos\u00e9, Michel Tel\u00f3, Dudu Nobre, Tato do Falamansa, Genival Lacerda, Frank Aguiar, Alcymar Monteiro, Saulo, Luiz Caldas, dentre muitos outros. Al\u00e9m disso, Del \u00e9 parceiro de alguns dos principais compositores nordestinos, como: Accioly Neto, Jorge de Altinho, Carlinhos Brown, Fl\u00e1vio Leandro, Jo\u00e3o Sereno, Targino Gondim, Xico Bizerra, Maciel Melo, Luiz Caldas, Edu Casanova, Tenison Del Rey dentre outros.<\/p>\n<p dir=\"ltr\">Del Feliz teve a m\u00fasica \u2018Abra a porta\u2019, eleita como a melhor can\u00e7\u00e3o do S\u00e3o Jo\u00e3o 2017; foi eleito o melhor artista do S\u00e3o Jo\u00e3o da Bahia 2018 e, em 2019, recebeu o Oscar da M\u00fasica Nordestina, o Trof\u00e9u Gonzag\u00e3o, com a melhor m\u00fasica do ano, \u2018Eu sou S\u00e3o Jo\u00e3o\u2019. A can\u00e7\u00e3o tornou-se o tema da campanha pelo tombamento do forr\u00f3 como Patrim\u00f4nio Cultural do Brasil, no qual Del Feliz \u00e9 o artista padrinho nacional do projeto. Recentemente, em Salvador-BA, o artista recebeu a Comenda 2 de Julho, maior honraria da Assembleia Legislativa da Bahia (ALBA).<\/p>\n<p dir=\"ltr\">Reconhecido como embaixador da cultura nordestina, por divulgar o Nordeste em dezenas de pa\u00edses, Del levou artistas e refer\u00eancias culturais da cidade para se apresentarem em diversos pa\u00edses, como Elisson Castro, cantor petrolinense, que fez sua primeira apresenta\u00e7\u00e3o internacional, em Londres, na Inglaterra, no evento \u2018Forr\u00f3 London\u2019, a convite de Del Feliz. Na oportunidade, as riquezas de Petrolina foram tema de palestras para o p\u00fablico.<\/p>\n<p><span class=\"im\">Mas al\u00e9m disso, o artista j\u00e1 recebeu uma s\u00e9rie de homenagens e premia\u00e7\u00f5es, incluindo a Medalha Thom\u00e9 de Souza (maior honraria de Salvador) e t\u00edtulos de cidadania em diversos munic\u00edpios brasileiros, entre eles, Feira de Santana (BA), Bezerros (PE), Cruz das Almas (BA), Retirol\u00e2ndia (BA), Valente (BA), Alagoinhas (BA), Campo Formoso (BA), Amargosa (BA), Nova F\u00e1tima (BA), S\u00e3o Domingos (BA), Gavi\u00e3o (BA) , Teol\u00e2ndia (BA), Concei\u00e7\u00e3o de Feira (BA) e agora, Petrolina (PE).<\/span><\/div>\n<\/div>\n<\/div>\n","protected":false},"excerpt":{"rendered":"<p>O cantor, compositor e cordelista Del Feliz ser\u00e1 homenageado nesta ter\u00e7a-feira (21), \u00e0s 19h na C\u00e2mara Municipal, com a entrega do T\u00edtulo de Cidad\u00e3o Petrolinense. A honraria, concedida pela Casa Pl\u00ednio Amorim atrav\u00e9s do Projeto de Decreto n\u00ba 046\/2020, apresentado pelo vereador Gilmar Santos (PT), foi aprovada em plen\u00e1rio por unanimidade em setembro de 2020. O t\u00edtulo \u00e9 um reconhecimento pelos relevantes servi\u00e7os prestados \u00e0 cultura do munic\u00edpio. Natural de Riach\u00e3o do Jacu\u00edpe, interior da Bahia, Del Feliz sempre manteve uma rela\u00e7\u00e3o de carinho com Petrolina, munic\u00edpio com o qual assume grande identifica\u00e7\u00e3o e admira\u00e7\u00e3o. Apaixonado pela poesia, Del multiplicou a cultura Nordestina para diversos lugares do mundo atrav\u00e9s de suas m\u00fasicas e levou o nome de Petrolina junto. &#8220;Conceder,&hellip; <\/p>\n","protected":false},"author":2,"featured_media":316031,"comment_status":"open","ping_status":"open","sticky":false,"template":"","format":"standard","meta":{"_acf_changed":false,"footnotes":""},"categories":[12],"tags":[],"class_list":["post-316030","post","type-post","status-publish","format-standard","has-post-thumbnail","hentry","category-confraternizacoes"],"acf":[],"yoast_head":"<!-- This site is optimized with the Yoast SEO plugin v27.4 - https:\/\/yoast.com\/product\/yoast-seo-wordpress\/ -->\n<title>Cantor Del Feliz receber\u00e1 t\u00edtulo de cidad\u00e3o Petrolinense nesta ter\u00e7a-feira (21) - Blog do Farn\u00e9sio<\/title>\n<meta name=\"robots\" content=\"index, follow, max-snippet:-1, max-image-preview:large, max-video-preview:-1\" \/>\n<link rel=\"canonical\" href=\"https:\/\/blogdofarnesio.com.br\/?p=316030\" \/>\n<meta property=\"og:locale\" content=\"pt_BR\" \/>\n<meta property=\"og:type\" content=\"article\" \/>\n<meta property=\"og:title\" content=\"Cantor Del Feliz receber\u00e1 t\u00edtulo de cidad\u00e3o Petrolinense nesta ter\u00e7a-feira (21) - Blog do Farn\u00e9sio\" \/>\n<meta property=\"og:description\" content=\"O cantor, compositor e cordelista Del Feliz ser\u00e1 homenageado nesta ter\u00e7a-feira (21), \u00e0s 19h na C\u00e2mara Municipal, com a entrega do T\u00edtulo de Cidad\u00e3o Petrolinense. A honraria, concedida pela Casa Pl\u00ednio Amorim atrav\u00e9s do Projeto de Decreto n\u00ba 046\/2020, apresentado pelo vereador Gilmar Santos (PT), foi aprovada em plen\u00e1rio por unanimidade em setembro de 2020. O t\u00edtulo \u00e9 um reconhecimento pelos relevantes servi\u00e7os prestados \u00e0 cultura do munic\u00edpio. Natural de Riach\u00e3o do Jacu\u00edpe, interior da Bahia, Del Feliz sempre manteve uma rela\u00e7\u00e3o de carinho com Petrolina, munic\u00edpio com o qual assume grande identifica\u00e7\u00e3o e admira\u00e7\u00e3o. Apaixonado pela poesia, Del multiplicou a cultura Nordestina para diversos lugares do mundo atrav\u00e9s de suas m\u00fasicas e levou o nome de Petrolina junto. &#8220;Conceder,&hellip;\" \/>\n<meta property=\"og:url\" content=\"https:\/\/blogdofarnesio.com.br\/?p=316030\" \/>\n<meta property=\"og:site_name\" content=\"Blog do Farn\u00e9sio\" \/>\n<meta property=\"article:publisher\" content=\"https:\/\/www.facebook.com\/BlogQuerSaberPolitica\/\" \/>\n<meta property=\"article:author\" content=\"https:\/\/www.facebook.com\/?ref=tn_tnmn\" \/>\n<meta property=\"article:published_time\" content=\"2022-06-21T13:02:40+00:00\" \/>\n<meta property=\"og:image\" content=\"https:\/\/blogdofarnesio.com.br\/wp-content\/uploads\/2022\/06\/del-feliz-1340x977-1-e1655755486433.jpg\" \/>\n\t<meta property=\"og:image:width\" content=\"640\" \/>\n\t<meta property=\"og:image:height\" content=\"467\" \/>\n\t<meta property=\"og:image:type\" content=\"image\/jpeg\" \/>\n<meta name=\"author\" content=\"Farn\u00e9sio\" \/>\n<meta name=\"twitter:card\" content=\"summary_large_image\" \/>\n<meta name=\"twitter:label1\" content=\"Escrito por\" \/>\n\t<meta name=\"twitter:data1\" content=\"Farn\u00e9sio\" \/>\n\t<meta name=\"twitter:label2\" content=\"Est. tempo de leitura\" \/>\n\t<meta name=\"twitter:data2\" content=\"4 minutos\" \/>\n<script type=\"application\/ld+json\" class=\"yoast-schema-graph\">{\"@context\":\"https:\\\/\\\/schema.org\",\"@graph\":[{\"@type\":\"Article\",\"@id\":\"https:\\\/\\\/blogdofarnesio.com.br\\\/?p=316030#article\",\"isPartOf\":{\"@id\":\"https:\\\/\\\/blogdofarnesio.com.br\\\/?p=316030\"},\"author\":{\"name\":\"Farn\u00e9sio\",\"@id\":\"https:\\\/\\\/blogdofarnesio.com.br\\\/#\\\/schema\\\/person\\\/bb9b23ae3ad0609ce8df7b6c9e76824d\"},\"headline\":\"Cantor Del Feliz receber\u00e1 t\u00edtulo de cidad\u00e3o Petrolinense nesta ter\u00e7a-feira (21)\",\"datePublished\":\"2022-06-21T13:02:40+00:00\",\"mainEntityOfPage\":{\"@id\":\"https:\\\/\\\/blogdofarnesio.com.br\\\/?p=316030\"},\"wordCount\":629,\"commentCount\":0,\"publisher\":{\"@id\":\"https:\\\/\\\/blogdofarnesio.com.br\\\/#organization\"},\"image\":{\"@id\":\"https:\\\/\\\/blogdofarnesio.com.br\\\/?p=316030#primaryimage\"},\"thumbnailUrl\":\"https:\\\/\\\/blogdofarnesio.com.br\\\/wp-content\\\/uploads\\\/2022\\\/06\\\/del-feliz-1340x977-1-e1655755486433.jpg\",\"articleSection\":[\"Confraterniza\u00e7\u00f5es\"],\"inLanguage\":\"pt-BR\",\"potentialAction\":[{\"@type\":\"CommentAction\",\"name\":\"Comment\",\"target\":[\"https:\\\/\\\/blogdofarnesio.com.br\\\/?p=316030#respond\"]}]},{\"@type\":\"WebPage\",\"@id\":\"https:\\\/\\\/blogdofarnesio.com.br\\\/?p=316030\",\"url\":\"https:\\\/\\\/blogdofarnesio.com.br\\\/?p=316030\",\"name\":\"Cantor Del Feliz receber\u00e1 t\u00edtulo de cidad\u00e3o Petrolinense nesta ter\u00e7a-feira (21) - Blog do Farn\u00e9sio\",\"isPartOf\":{\"@id\":\"https:\\\/\\\/blogdofarnesio.com.br\\\/#website\"},\"primaryImageOfPage\":{\"@id\":\"https:\\\/\\\/blogdofarnesio.com.br\\\/?p=316030#primaryimage\"},\"image\":{\"@id\":\"https:\\\/\\\/blogdofarnesio.com.br\\\/?p=316030#primaryimage\"},\"thumbnailUrl\":\"https:\\\/\\\/blogdofarnesio.com.br\\\/wp-content\\\/uploads\\\/2022\\\/06\\\/del-feliz-1340x977-1-e1655755486433.jpg\",\"datePublished\":\"2022-06-21T13:02:40+00:00\",\"breadcrumb\":{\"@id\":\"https:\\\/\\\/blogdofarnesio.com.br\\\/?p=316030#breadcrumb\"},\"inLanguage\":\"pt-BR\",\"potentialAction\":[{\"@type\":\"ReadAction\",\"target\":[\"https:\\\/\\\/blogdofarnesio.com.br\\\/?p=316030\"]}]},{\"@type\":\"ImageObject\",\"inLanguage\":\"pt-BR\",\"@id\":\"https:\\\/\\\/blogdofarnesio.com.br\\\/?p=316030#primaryimage\",\"url\":\"https:\\\/\\\/blogdofarnesio.com.br\\\/wp-content\\\/uploads\\\/2022\\\/06\\\/del-feliz-1340x977-1-e1655755486433.jpg\",\"contentUrl\":\"https:\\\/\\\/blogdofarnesio.com.br\\\/wp-content\\\/uploads\\\/2022\\\/06\\\/del-feliz-1340x977-1-e1655755486433.jpg\",\"width\":640,\"height\":467},{\"@type\":\"BreadcrumbList\",\"@id\":\"https:\\\/\\\/blogdofarnesio.com.br\\\/?p=316030#breadcrumb\",\"itemListElement\":[{\"@type\":\"ListItem\",\"position\":1,\"name\":\"In\u00edcio\",\"item\":\"https:\\\/\\\/blogdofarnesio.com.br\\\/\"},{\"@type\":\"ListItem\",\"position\":2,\"name\":\"Cantor Del Feliz receber\u00e1 t\u00edtulo de cidad\u00e3o Petrolinense nesta ter\u00e7a-feira (21)\"}]},{\"@type\":\"WebSite\",\"@id\":\"https:\\\/\\\/blogdofarnesio.com.br\\\/#website\",\"url\":\"https:\\\/\\\/blogdofarnesio.com.br\\\/\",\"name\":\"Blog do Farn\u00e9sio\",\"description\":\"Quer Saber Pol\u00edtica?\",\"publisher\":{\"@id\":\"https:\\\/\\\/blogdofarnesio.com.br\\\/#organization\"},\"potentialAction\":[{\"@type\":\"SearchAction\",\"target\":{\"@type\":\"EntryPoint\",\"urlTemplate\":\"https:\\\/\\\/blogdofarnesio.com.br\\\/?s={search_term_string}\"},\"query-input\":{\"@type\":\"PropertyValueSpecification\",\"valueRequired\":true,\"valueName\":\"search_term_string\"}}],\"inLanguage\":\"pt-BR\"},{\"@type\":\"Organization\",\"@id\":\"https:\\\/\\\/blogdofarnesio.com.br\\\/#organization\",\"name\":\"Blog do Farn\u00e9sio\",\"url\":\"https:\\\/\\\/blogdofarnesio.com.br\\\/\",\"logo\":{\"@type\":\"ImageObject\",\"inLanguage\":\"pt-BR\",\"@id\":\"https:\\\/\\\/blogdofarnesio.com.br\\\/#\\\/schema\\\/logo\\\/image\\\/\",\"url\":\"https:\\\/\\\/blogdofarnesio.com.br\\\/wp-content\\\/uploads\\\/2026\\\/03\\\/cropped-logo_new-1.png\",\"contentUrl\":\"https:\\\/\\\/blogdofarnesio.com.br\\\/wp-content\\\/uploads\\\/2026\\\/03\\\/cropped-logo_new-1.png\",\"width\":881,\"height\":685,\"caption\":\"Blog do Farn\u00e9sio\"},\"image\":{\"@id\":\"https:\\\/\\\/blogdofarnesio.com.br\\\/#\\\/schema\\\/logo\\\/image\\\/\"},\"sameAs\":[\"https:\\\/\\\/www.facebook.com\\\/BlogQuerSaberPolitica\\\/\"]},{\"@type\":\"Person\",\"@id\":\"https:\\\/\\\/blogdofarnesio.com.br\\\/#\\\/schema\\\/person\\\/bb9b23ae3ad0609ce8df7b6c9e76824d\",\"name\":\"Farn\u00e9sio\",\"image\":{\"@type\":\"ImageObject\",\"inLanguage\":\"pt-BR\",\"@id\":\"https:\\\/\\\/secure.gravatar.com\\\/avatar\\\/986aa4c61ccdb66f8555bf88fc2a65609d00bcabd4d2d94377a727547345cbca?s=96&d=mm&r=g\",\"url\":\"https:\\\/\\\/secure.gravatar.com\\\/avatar\\\/986aa4c61ccdb66f8555bf88fc2a65609d00bcabd4d2d94377a727547345cbca?s=96&d=mm&r=g\",\"contentUrl\":\"https:\\\/\\\/secure.gravatar.com\\\/avatar\\\/986aa4c61ccdb66f8555bf88fc2a65609d00bcabd4d2d94377a727547345cbca?s=96&d=mm&r=g\",\"caption\":\"Farn\u00e9sio\"},\"description\":\"Radialista blogueiro, chegou a Petrolina\\\/Juazeiro em setembro de 1980, Farn\u00e9sio Silva \u00e9 de Arapiraca-Alagoas.\",\"sameAs\":[\"http:\\\/\\\/blogdofarnesio.com.br\",\"https:\\\/\\\/www.facebook.com\\\/?ref=tn_tnmn\",\"https:\\\/\\\/www.instagram.com\\\/?utm_source=pwa_homescreen\",\"https:\\\/\\\/youtube.com.br\\\/\"],\"url\":\"https:\\\/\\\/blogdofarnesio.com.br\\\/?author=2\"}]}<\/script>\n<!-- \/ Yoast SEO plugin. -->","yoast_head_json":{"title":"Cantor Del Feliz receber\u00e1 t\u00edtulo de cidad\u00e3o Petrolinense nesta ter\u00e7a-feira (21) - Blog do Farn\u00e9sio","robots":{"index":"index","follow":"follow","max-snippet":"max-snippet:-1","max-image-preview":"max-image-preview:large","max-video-preview":"max-video-preview:-1"},"canonical":"https:\/\/blogdofarnesio.com.br\/?p=316030","og_locale":"pt_BR","og_type":"article","og_title":"Cantor Del Feliz receber\u00e1 t\u00edtulo de cidad\u00e3o Petrolinense nesta ter\u00e7a-feira (21) - Blog do Farn\u00e9sio","og_description":"O cantor, compositor e cordelista Del Feliz ser\u00e1 homenageado nesta ter\u00e7a-feira (21), \u00e0s 19h na C\u00e2mara Municipal, com a entrega do T\u00edtulo de Cidad\u00e3o Petrolinense. A honraria, concedida pela Casa Pl\u00ednio Amorim atrav\u00e9s do Projeto de Decreto n\u00ba 046\/2020, apresentado pelo vereador Gilmar Santos (PT), foi aprovada em plen\u00e1rio por unanimidade em setembro de 2020. O t\u00edtulo \u00e9 um reconhecimento pelos relevantes servi\u00e7os prestados \u00e0 cultura do munic\u00edpio. Natural de Riach\u00e3o do Jacu\u00edpe, interior da Bahia, Del Feliz sempre manteve uma rela\u00e7\u00e3o de carinho com Petrolina, munic\u00edpio com o qual assume grande identifica\u00e7\u00e3o e admira\u00e7\u00e3o. Apaixonado pela poesia, Del multiplicou a cultura Nordestina para diversos lugares do mundo atrav\u00e9s de suas m\u00fasicas e levou o nome de Petrolina junto. &#8220;Conceder,&hellip;","og_url":"https:\/\/blogdofarnesio.com.br\/?p=316030","og_site_name":"Blog do Farn\u00e9sio","article_publisher":"https:\/\/www.facebook.com\/BlogQuerSaberPolitica\/","article_author":"https:\/\/www.facebook.com\/?ref=tn_tnmn","article_published_time":"2022-06-21T13:02:40+00:00","og_image":[{"width":640,"height":467,"url":"https:\/\/blogdofarnesio.com.br\/wp-content\/uploads\/2022\/06\/del-feliz-1340x977-1-e1655755486433.jpg","type":"image\/jpeg"}],"author":"Farn\u00e9sio","twitter_card":"summary_large_image","twitter_misc":{"Escrito por":"Farn\u00e9sio","Est. tempo de leitura":"4 minutos"},"schema":{"@context":"https:\/\/schema.org","@graph":[{"@type":"Article","@id":"https:\/\/blogdofarnesio.com.br\/?p=316030#article","isPartOf":{"@id":"https:\/\/blogdofarnesio.com.br\/?p=316030"},"author":{"name":"Farn\u00e9sio","@id":"https:\/\/blogdofarnesio.com.br\/#\/schema\/person\/bb9b23ae3ad0609ce8df7b6c9e76824d"},"headline":"Cantor Del Feliz receber\u00e1 t\u00edtulo de cidad\u00e3o Petrolinense nesta ter\u00e7a-feira (21)","datePublished":"2022-06-21T13:02:40+00:00","mainEntityOfPage":{"@id":"https:\/\/blogdofarnesio.com.br\/?p=316030"},"wordCount":629,"commentCount":0,"publisher":{"@id":"https:\/\/blogdofarnesio.com.br\/#organization"},"image":{"@id":"https:\/\/blogdofarnesio.com.br\/?p=316030#primaryimage"},"thumbnailUrl":"https:\/\/blogdofarnesio.com.br\/wp-content\/uploads\/2022\/06\/del-feliz-1340x977-1-e1655755486433.jpg","articleSection":["Confraterniza\u00e7\u00f5es"],"inLanguage":"pt-BR","potentialAction":[{"@type":"CommentAction","name":"Comment","target":["https:\/\/blogdofarnesio.com.br\/?p=316030#respond"]}]},{"@type":"WebPage","@id":"https:\/\/blogdofarnesio.com.br\/?p=316030","url":"https:\/\/blogdofarnesio.com.br\/?p=316030","name":"Cantor Del Feliz receber\u00e1 t\u00edtulo de cidad\u00e3o Petrolinense nesta ter\u00e7a-feira (21) - Blog do Farn\u00e9sio","isPartOf":{"@id":"https:\/\/blogdofarnesio.com.br\/#website"},"primaryImageOfPage":{"@id":"https:\/\/blogdofarnesio.com.br\/?p=316030#primaryimage"},"image":{"@id":"https:\/\/blogdofarnesio.com.br\/?p=316030#primaryimage"},"thumbnailUrl":"https:\/\/blogdofarnesio.com.br\/wp-content\/uploads\/2022\/06\/del-feliz-1340x977-1-e1655755486433.jpg","datePublished":"2022-06-21T13:02:40+00:00","breadcrumb":{"@id":"https:\/\/blogdofarnesio.com.br\/?p=316030#breadcrumb"},"inLanguage":"pt-BR","potentialAction":[{"@type":"ReadAction","target":["https:\/\/blogdofarnesio.com.br\/?p=316030"]}]},{"@type":"ImageObject","inLanguage":"pt-BR","@id":"https:\/\/blogdofarnesio.com.br\/?p=316030#primaryimage","url":"https:\/\/blogdofarnesio.com.br\/wp-content\/uploads\/2022\/06\/del-feliz-1340x977-1-e1655755486433.jpg","contentUrl":"https:\/\/blogdofarnesio.com.br\/wp-content\/uploads\/2022\/06\/del-feliz-1340x977-1-e1655755486433.jpg","width":640,"height":467},{"@type":"BreadcrumbList","@id":"https:\/\/blogdofarnesio.com.br\/?p=316030#breadcrumb","itemListElement":[{"@type":"ListItem","position":1,"name":"In\u00edcio","item":"https:\/\/blogdofarnesio.com.br\/"},{"@type":"ListItem","position":2,"name":"Cantor Del Feliz receber\u00e1 t\u00edtulo de cidad\u00e3o Petrolinense nesta ter\u00e7a-feira (21)"}]},{"@type":"WebSite","@id":"https:\/\/blogdofarnesio.com.br\/#website","url":"https:\/\/blogdofarnesio.com.br\/","name":"Blog do Farn\u00e9sio","description":"Quer Saber Pol\u00edtica?","publisher":{"@id":"https:\/\/blogdofarnesio.com.br\/#organization"},"potentialAction":[{"@type":"SearchAction","target":{"@type":"EntryPoint","urlTemplate":"https:\/\/blogdofarnesio.com.br\/?s={search_term_string}"},"query-input":{"@type":"PropertyValueSpecification","valueRequired":true,"valueName":"search_term_string"}}],"inLanguage":"pt-BR"},{"@type":"Organization","@id":"https:\/\/blogdofarnesio.com.br\/#organization","name":"Blog do Farn\u00e9sio","url":"https:\/\/blogdofarnesio.com.br\/","logo":{"@type":"ImageObject","inLanguage":"pt-BR","@id":"https:\/\/blogdofarnesio.com.br\/#\/schema\/logo\/image\/","url":"https:\/\/blogdofarnesio.com.br\/wp-content\/uploads\/2026\/03\/cropped-logo_new-1.png","contentUrl":"https:\/\/blogdofarnesio.com.br\/wp-content\/uploads\/2026\/03\/cropped-logo_new-1.png","width":881,"height":685,"caption":"Blog do Farn\u00e9sio"},"image":{"@id":"https:\/\/blogdofarnesio.com.br\/#\/schema\/logo\/image\/"},"sameAs":["https:\/\/www.facebook.com\/BlogQuerSaberPolitica\/"]},{"@type":"Person","@id":"https:\/\/blogdofarnesio.com.br\/#\/schema\/person\/bb9b23ae3ad0609ce8df7b6c9e76824d","name":"Farn\u00e9sio","image":{"@type":"ImageObject","inLanguage":"pt-BR","@id":"https:\/\/secure.gravatar.com\/avatar\/986aa4c61ccdb66f8555bf88fc2a65609d00bcabd4d2d94377a727547345cbca?s=96&d=mm&r=g","url":"https:\/\/secure.gravatar.com\/avatar\/986aa4c61ccdb66f8555bf88fc2a65609d00bcabd4d2d94377a727547345cbca?s=96&d=mm&r=g","contentUrl":"https:\/\/secure.gravatar.com\/avatar\/986aa4c61ccdb66f8555bf88fc2a65609d00bcabd4d2d94377a727547345cbca?s=96&d=mm&r=g","caption":"Farn\u00e9sio"},"description":"Radialista blogueiro, chegou a Petrolina\/Juazeiro em setembro de 1980, Farn\u00e9sio Silva \u00e9 de Arapiraca-Alagoas.","sameAs":["http:\/\/blogdofarnesio.com.br","https:\/\/www.facebook.com\/?ref=tn_tnmn","https:\/\/www.instagram.com\/?utm_source=pwa_homescreen","https:\/\/youtube.com.br\/"],"url":"https:\/\/blogdofarnesio.com.br\/?author=2"}]}},"_links":{"self":[{"href":"https:\/\/blogdofarnesio.com.br\/index.php?rest_route=\/wp\/v2\/posts\/316030","targetHints":{"allow":["GET"]}}],"collection":[{"href":"https:\/\/blogdofarnesio.com.br\/index.php?rest_route=\/wp\/v2\/posts"}],"about":[{"href":"https:\/\/blogdofarnesio.com.br\/index.php?rest_route=\/wp\/v2\/types\/post"}],"author":[{"embeddable":true,"href":"https:\/\/blogdofarnesio.com.br\/index.php?rest_route=\/wp\/v2\/users\/2"}],"replies":[{"embeddable":true,"href":"https:\/\/blogdofarnesio.com.br\/index.php?rest_route=%2Fwp%2Fv2%2Fcomments&post=316030"}],"version-history":[{"count":0,"href":"https:\/\/blogdofarnesio.com.br\/index.php?rest_route=\/wp\/v2\/posts\/316030\/revisions"}],"wp:featuredmedia":[{"embeddable":true,"href":"https:\/\/blogdofarnesio.com.br\/index.php?rest_route=\/wp\/v2\/media\/316031"}],"wp:attachment":[{"href":"https:\/\/blogdofarnesio.com.br\/index.php?rest_route=%2Fwp%2Fv2%2Fmedia&parent=316030"}],"wp:term":[{"taxonomy":"category","embeddable":true,"href":"https:\/\/blogdofarnesio.com.br\/index.php?rest_route=%2Fwp%2Fv2%2Fcategories&post=316030"},{"taxonomy":"post_tag","embeddable":true,"href":"https:\/\/blogdofarnesio.com.br\/index.php?rest_route=%2Fwp%2Fv2%2Ftags&post=316030"}],"curies":[{"name":"wp","href":"https:\/\/api.w.org\/{rel}","templated":true}]}}