{"id":315990,"date":"2022-06-21T09:43:43","date_gmt":"2022-06-21T12:43:43","guid":{"rendered":"https:\/\/blogdofarnesio.com.br\/?p=315990"},"modified":"2022-06-20T17:01:28","modified_gmt":"2022-06-20T20:01:28","slug":"compesa-desiste-de-reajuste-extraordinario-de-1168-apos-questionamentos-da-oposicao","status":"publish","type":"post","link":"https:\/\/blogdofarnesio.com.br\/?p=315990","title":{"rendered":"Compesa desiste de reajuste extraordin\u00e1rio de 11,68% ap\u00f3s questionamentos da oposi\u00e7\u00e3o"},"content":{"rendered":"<div class=\"author\"><strong>Por Magno Martins, edi\u00e7\u00e3o de \u00cdtala Alves<\/strong> &#8211; <a class=\"sidebarBtn\" href=\"https:\/\/blogdomagno.com.br\/#\" target=\"_blank\" rel=\"noopener\" data-option=\".share\"><i class=\"fa fa-share-alt\" aria-hidden=\"true\"><\/i>\u00a0<\/a><\/div>\n<div class=\"post-content\">\n<p>A deputada estadual Priscila Krause (Cidadania) comemorou em publica\u00e7\u00e3o nas suas redes sociais, na manh\u00e3 de hoje, a decis\u00e3o da Companhia Pernambucana de Saneamento (Compesa) de recuar do pedido de revis\u00e3o extraordin\u00e1ria das tarifas de \u00e1gua e esgoto da Companhia em 11,68%. Sem alarde, uma audi\u00eancia p\u00fablica virtual foi convocada no \u00e2mbito da Ag\u00eancia de Regula\u00e7\u00e3o de Pernambuco (Arpe) no \u00faltimo dia tr\u00eas de junho para tratar do processo, fato que foi questionado publicamente pela parlamentar. Depois, Priscila protocolou na Ag\u00eancia manifesta\u00e7\u00e3o para constar na audi\u00eancia contendo cinco argumentos para que o aumento n\u00e3o fosse viabilizado.<\/p>\n<p>\u201c\u00c9 uma vit\u00f3ria de todos os pernambucanos, que n\u00e3o aguentam mais pagar t\u00e3o caro por um servi\u00e7o que n\u00e3o atende \u00e0s expectativas m\u00ednimas. Entendemos que a nossa participa\u00e7\u00e3o no processo, apontando as falhas do processo de revis\u00e3o extraordin\u00e1ria, foram decisivas para esse recuo e seguiremos em cima das contas da Companhia, que pelo menos no papel apresentam bons resultados, como um lucro quarenta por cento maior em dois mil e vinte um. Agora \u00e9 aguardar de que forma a Companhia vai se posicionar em rela\u00e7\u00e3o ao reajuste anual, que n\u00e3o pode onerar injustamente o bolso das fam\u00edlias e empresas pernambucanas\u201d, afirmou Priscila<\/p>\n<\/div>\n<p><center><button id=\"btnLeiaMais_3\" class=\"btn_padrao\">LEIA MAIS<\/button><\/center>&nbsp;<\/p>\n","protected":false},"excerpt":{"rendered":"<p>Por Magno Martins, edi\u00e7\u00e3o de \u00cdtala Alves &#8211; \u00a0 A deputada estadual Priscila Krause (Cidadania) comemorou em publica\u00e7\u00e3o nas suas redes sociais, na manh\u00e3 de hoje, a decis\u00e3o da Companhia Pernambucana de Saneamento (Compesa) de recuar do pedido de revis\u00e3o extraordin\u00e1ria das tarifas de \u00e1gua e esgoto da Companhia em 11,68%. Sem alarde, uma audi\u00eancia p\u00fablica virtual foi convocada no \u00e2mbito da Ag\u00eancia de Regula\u00e7\u00e3o de Pernambuco (Arpe) no \u00faltimo dia tr\u00eas de junho para tratar do processo, fato que foi questionado publicamente pela parlamentar. Depois, Priscila protocolou na Ag\u00eancia manifesta\u00e7\u00e3o para constar na audi\u00eancia contendo cinco argumentos para que o aumento n\u00e3o fosse viabilizado. \u201c\u00c9 uma vit\u00f3ria de todos os pernambucanos, que n\u00e3o aguentam mais pagar t\u00e3o caro por&hellip; <\/p>\n","protected":false},"author":2,"featured_media":315991,"comment_status":"open","ping_status":"open","sticky":false,"template":"","format":"standard","meta":{"_acf_changed":false,"footnotes":""},"categories":[1],"tags":[],"class_list":["post-315990","post","type-post","status-publish","format-standard","has-post-thumbnail","hentry","category-politica"],"acf":[],"yoast_head":"<!-- This site is optimized with the Yoast SEO plugin v27.4 - https:\/\/yoast.com\/product\/yoast-seo-wordpress\/ -->\n<title>Compesa desiste de reajuste extraordin\u00e1rio de 11,68% ap\u00f3s questionamentos da oposi\u00e7\u00e3o - Blog do Farn\u00e9sio<\/title>\n<meta name=\"robots\" content=\"index, follow, max-snippet:-1, max-image-preview:large, max-video-preview:-1\" \/>\n<link rel=\"canonical\" href=\"https:\/\/blogdofarnesio.com.br\/?p=315990\" \/>\n<meta property=\"og:locale\" content=\"pt_BR\" \/>\n<meta property=\"og:type\" content=\"article\" \/>\n<meta property=\"og:title\" content=\"Compesa desiste de reajuste extraordin\u00e1rio de 11,68% ap\u00f3s questionamentos da oposi\u00e7\u00e3o - Blog do Farn\u00e9sio\" \/>\n<meta property=\"og:description\" content=\"Por Magno Martins, edi\u00e7\u00e3o de \u00cdtala Alves &#8211; \u00a0 A deputada estadual Priscila Krause (Cidadania) comemorou em publica\u00e7\u00e3o nas suas redes sociais, na manh\u00e3 de hoje, a decis\u00e3o da Companhia Pernambucana de Saneamento (Compesa) de recuar do pedido de revis\u00e3o extraordin\u00e1ria das tarifas de \u00e1gua e esgoto da Companhia em 11,68%. Sem alarde, uma audi\u00eancia p\u00fablica virtual foi convocada no \u00e2mbito da Ag\u00eancia de Regula\u00e7\u00e3o de Pernambuco (Arpe) no \u00faltimo dia tr\u00eas de junho para tratar do processo, fato que foi questionado publicamente pela parlamentar. Depois, Priscila protocolou na Ag\u00eancia manifesta\u00e7\u00e3o para constar na audi\u00eancia contendo cinco argumentos para que o aumento n\u00e3o fosse viabilizado. \u201c\u00c9 uma vit\u00f3ria de todos os pernambucanos, que n\u00e3o aguentam mais pagar t\u00e3o caro por&hellip;\" \/>\n<meta property=\"og:url\" content=\"https:\/\/blogdofarnesio.com.br\/?p=315990\" \/>\n<meta property=\"og:site_name\" content=\"Blog do Farn\u00e9sio\" \/>\n<meta property=\"article:publisher\" content=\"https:\/\/www.facebook.com\/BlogQuerSaberPolitica\/\" \/>\n<meta property=\"article:author\" content=\"https:\/\/www.facebook.com\/?ref=tn_tnmn\" \/>\n<meta property=\"article:published_time\" content=\"2022-06-21T12:43:43+00:00\" \/>\n<meta property=\"og:image\" content=\"https:\/\/blogdofarnesio.com.br\/wp-content\/uploads\/2022\/06\/blogqspdep-priscila-krause-e1655750083331.jpeg\" \/>\n\t<meta property=\"og:image:width\" content=\"680\" \/>\n\t<meta property=\"og:image:height\" content=\"453\" \/>\n\t<meta property=\"og:image:type\" content=\"image\/jpeg\" \/>\n<meta name=\"author\" content=\"Farn\u00e9sio\" \/>\n<meta name=\"twitter:card\" content=\"summary_large_image\" \/>\n<meta name=\"twitter:label1\" content=\"Escrito por\" \/>\n\t<meta name=\"twitter:data1\" content=\"Farn\u00e9sio\" \/>\n\t<meta name=\"twitter:label2\" content=\"Est. tempo de leitura\" \/>\n\t<meta name=\"twitter:data2\" content=\"2 minutos\" \/>\n<script type=\"application\/ld+json\" class=\"yoast-schema-graph\">{\"@context\":\"https:\\\/\\\/schema.org\",\"@graph\":[{\"@type\":\"Article\",\"@id\":\"https:\\\/\\\/blogdofarnesio.com.br\\\/?p=315990#article\",\"isPartOf\":{\"@id\":\"https:\\\/\\\/blogdofarnesio.com.br\\\/?p=315990\"},\"author\":{\"name\":\"Farn\u00e9sio\",\"@id\":\"https:\\\/\\\/blogdofarnesio.com.br\\\/#\\\/schema\\\/person\\\/bb9b23ae3ad0609ce8df7b6c9e76824d\"},\"headline\":\"Compesa desiste de reajuste extraordin\u00e1rio de 11,68% ap\u00f3s questionamentos da oposi\u00e7\u00e3o\",\"datePublished\":\"2022-06-21T12:43:43+00:00\",\"mainEntityOfPage\":{\"@id\":\"https:\\\/\\\/blogdofarnesio.com.br\\\/?p=315990\"},\"wordCount\":245,\"commentCount\":0,\"publisher\":{\"@id\":\"https:\\\/\\\/blogdofarnesio.com.br\\\/#organization\"},\"image\":{\"@id\":\"https:\\\/\\\/blogdofarnesio.com.br\\\/?p=315990#primaryimage\"},\"thumbnailUrl\":\"https:\\\/\\\/blogdofarnesio.com.br\\\/wp-content\\\/uploads\\\/2022\\\/06\\\/blogqspdep-priscila-krause-e1655750083331.jpeg\",\"articleSection\":[\"Pol\u00edtica\"],\"inLanguage\":\"pt-BR\",\"potentialAction\":[{\"@type\":\"CommentAction\",\"name\":\"Comment\",\"target\":[\"https:\\\/\\\/blogdofarnesio.com.br\\\/?p=315990#respond\"]}]},{\"@type\":\"WebPage\",\"@id\":\"https:\\\/\\\/blogdofarnesio.com.br\\\/?p=315990\",\"url\":\"https:\\\/\\\/blogdofarnesio.com.br\\\/?p=315990\",\"name\":\"Compesa desiste de reajuste extraordin\u00e1rio de 11,68% ap\u00f3s questionamentos da oposi\u00e7\u00e3o - Blog do Farn\u00e9sio\",\"isPartOf\":{\"@id\":\"https:\\\/\\\/blogdofarnesio.com.br\\\/#website\"},\"primaryImageOfPage\":{\"@id\":\"https:\\\/\\\/blogdofarnesio.com.br\\\/?p=315990#primaryimage\"},\"image\":{\"@id\":\"https:\\\/\\\/blogdofarnesio.com.br\\\/?p=315990#primaryimage\"},\"thumbnailUrl\":\"https:\\\/\\\/blogdofarnesio.com.br\\\/wp-content\\\/uploads\\\/2022\\\/06\\\/blogqspdep-priscila-krause-e1655750083331.jpeg\",\"datePublished\":\"2022-06-21T12:43:43+00:00\",\"breadcrumb\":{\"@id\":\"https:\\\/\\\/blogdofarnesio.com.br\\\/?p=315990#breadcrumb\"},\"inLanguage\":\"pt-BR\",\"potentialAction\":[{\"@type\":\"ReadAction\",\"target\":[\"https:\\\/\\\/blogdofarnesio.com.br\\\/?p=315990\"]}]},{\"@type\":\"ImageObject\",\"inLanguage\":\"pt-BR\",\"@id\":\"https:\\\/\\\/blogdofarnesio.com.br\\\/?p=315990#primaryimage\",\"url\":\"https:\\\/\\\/blogdofarnesio.com.br\\\/wp-content\\\/uploads\\\/2022\\\/06\\\/blogqspdep-priscila-krause-e1655750083331.jpeg\",\"contentUrl\":\"https:\\\/\\\/blogdofarnesio.com.br\\\/wp-content\\\/uploads\\\/2022\\\/06\\\/blogqspdep-priscila-krause-e1655750083331.jpeg\",\"width\":680,\"height\":453},{\"@type\":\"BreadcrumbList\",\"@id\":\"https:\\\/\\\/blogdofarnesio.com.br\\\/?p=315990#breadcrumb\",\"itemListElement\":[{\"@type\":\"ListItem\",\"position\":1,\"name\":\"In\u00edcio\",\"item\":\"https:\\\/\\\/blogdofarnesio.com.br\\\/\"},{\"@type\":\"ListItem\",\"position\":2,\"name\":\"Compesa desiste de reajuste extraordin\u00e1rio de 11,68% ap\u00f3s questionamentos da oposi\u00e7\u00e3o\"}]},{\"@type\":\"WebSite\",\"@id\":\"https:\\\/\\\/blogdofarnesio.com.br\\\/#website\",\"url\":\"https:\\\/\\\/blogdofarnesio.com.br\\\/\",\"name\":\"Blog do Farn\u00e9sio\",\"description\":\"Quer Saber Pol\u00edtica?\",\"publisher\":{\"@id\":\"https:\\\/\\\/blogdofarnesio.com.br\\\/#organization\"},\"potentialAction\":[{\"@type\":\"SearchAction\",\"target\":{\"@type\":\"EntryPoint\",\"urlTemplate\":\"https:\\\/\\\/blogdofarnesio.com.br\\\/?s={search_term_string}\"},\"query-input\":{\"@type\":\"PropertyValueSpecification\",\"valueRequired\":true,\"valueName\":\"search_term_string\"}}],\"inLanguage\":\"pt-BR\"},{\"@type\":\"Organization\",\"@id\":\"https:\\\/\\\/blogdofarnesio.com.br\\\/#organization\",\"name\":\"Blog do Farn\u00e9sio\",\"url\":\"https:\\\/\\\/blogdofarnesio.com.br\\\/\",\"logo\":{\"@type\":\"ImageObject\",\"inLanguage\":\"pt-BR\",\"@id\":\"https:\\\/\\\/blogdofarnesio.com.br\\\/#\\\/schema\\\/logo\\\/image\\\/\",\"url\":\"https:\\\/\\\/blogdofarnesio.com.br\\\/wp-content\\\/uploads\\\/2026\\\/03\\\/cropped-logo_new-1.png\",\"contentUrl\":\"https:\\\/\\\/blogdofarnesio.com.br\\\/wp-content\\\/uploads\\\/2026\\\/03\\\/cropped-logo_new-1.png\",\"width\":881,\"height\":685,\"caption\":\"Blog do Farn\u00e9sio\"},\"image\":{\"@id\":\"https:\\\/\\\/blogdofarnesio.com.br\\\/#\\\/schema\\\/logo\\\/image\\\/\"},\"sameAs\":[\"https:\\\/\\\/www.facebook.com\\\/BlogQuerSaberPolitica\\\/\"]},{\"@type\":\"Person\",\"@id\":\"https:\\\/\\\/blogdofarnesio.com.br\\\/#\\\/schema\\\/person\\\/bb9b23ae3ad0609ce8df7b6c9e76824d\",\"name\":\"Farn\u00e9sio\",\"image\":{\"@type\":\"ImageObject\",\"inLanguage\":\"pt-BR\",\"@id\":\"https:\\\/\\\/secure.gravatar.com\\\/avatar\\\/986aa4c61ccdb66f8555bf88fc2a65609d00bcabd4d2d94377a727547345cbca?s=96&d=mm&r=g\",\"url\":\"https:\\\/\\\/secure.gravatar.com\\\/avatar\\\/986aa4c61ccdb66f8555bf88fc2a65609d00bcabd4d2d94377a727547345cbca?s=96&d=mm&r=g\",\"contentUrl\":\"https:\\\/\\\/secure.gravatar.com\\\/avatar\\\/986aa4c61ccdb66f8555bf88fc2a65609d00bcabd4d2d94377a727547345cbca?s=96&d=mm&r=g\",\"caption\":\"Farn\u00e9sio\"},\"description\":\"Radialista blogueiro, chegou a Petrolina\\\/Juazeiro em setembro de 1980, Farn\u00e9sio Silva \u00e9 de Arapiraca-Alagoas.\",\"sameAs\":[\"http:\\\/\\\/blogdofarnesio.com.br\",\"https:\\\/\\\/www.facebook.com\\\/?ref=tn_tnmn\",\"https:\\\/\\\/www.instagram.com\\\/?utm_source=pwa_homescreen\",\"https:\\\/\\\/youtube.com.br\\\/\"],\"url\":\"https:\\\/\\\/blogdofarnesio.com.br\\\/?author=2\"}]}<\/script>\n<!-- \/ Yoast SEO plugin. -->","yoast_head_json":{"title":"Compesa desiste de reajuste extraordin\u00e1rio de 11,68% ap\u00f3s questionamentos da oposi\u00e7\u00e3o - Blog do Farn\u00e9sio","robots":{"index":"index","follow":"follow","max-snippet":"max-snippet:-1","max-image-preview":"max-image-preview:large","max-video-preview":"max-video-preview:-1"},"canonical":"https:\/\/blogdofarnesio.com.br\/?p=315990","og_locale":"pt_BR","og_type":"article","og_title":"Compesa desiste de reajuste extraordin\u00e1rio de 11,68% ap\u00f3s questionamentos da oposi\u00e7\u00e3o - Blog do Farn\u00e9sio","og_description":"Por Magno Martins, edi\u00e7\u00e3o de \u00cdtala Alves &#8211; \u00a0 A deputada estadual Priscila Krause (Cidadania) comemorou em publica\u00e7\u00e3o nas suas redes sociais, na manh\u00e3 de hoje, a decis\u00e3o da Companhia Pernambucana de Saneamento (Compesa) de recuar do pedido de revis\u00e3o extraordin\u00e1ria das tarifas de \u00e1gua e esgoto da Companhia em 11,68%. Sem alarde, uma audi\u00eancia p\u00fablica virtual foi convocada no \u00e2mbito da Ag\u00eancia de Regula\u00e7\u00e3o de Pernambuco (Arpe) no \u00faltimo dia tr\u00eas de junho para tratar do processo, fato que foi questionado publicamente pela parlamentar. Depois, Priscila protocolou na Ag\u00eancia manifesta\u00e7\u00e3o para constar na audi\u00eancia contendo cinco argumentos para que o aumento n\u00e3o fosse viabilizado. \u201c\u00c9 uma vit\u00f3ria de todos os pernambucanos, que n\u00e3o aguentam mais pagar t\u00e3o caro por&hellip;","og_url":"https:\/\/blogdofarnesio.com.br\/?p=315990","og_site_name":"Blog do Farn\u00e9sio","article_publisher":"https:\/\/www.facebook.com\/BlogQuerSaberPolitica\/","article_author":"https:\/\/www.facebook.com\/?ref=tn_tnmn","article_published_time":"2022-06-21T12:43:43+00:00","og_image":[{"width":680,"height":453,"url":"https:\/\/blogdofarnesio.com.br\/wp-content\/uploads\/2022\/06\/blogqspdep-priscila-krause-e1655750083331.jpeg","type":"image\/jpeg"}],"author":"Farn\u00e9sio","twitter_card":"summary_large_image","twitter_misc":{"Escrito por":"Farn\u00e9sio","Est. tempo de leitura":"2 minutos"},"schema":{"@context":"https:\/\/schema.org","@graph":[{"@type":"Article","@id":"https:\/\/blogdofarnesio.com.br\/?p=315990#article","isPartOf":{"@id":"https:\/\/blogdofarnesio.com.br\/?p=315990"},"author":{"name":"Farn\u00e9sio","@id":"https:\/\/blogdofarnesio.com.br\/#\/schema\/person\/bb9b23ae3ad0609ce8df7b6c9e76824d"},"headline":"Compesa desiste de reajuste extraordin\u00e1rio de 11,68% ap\u00f3s questionamentos da oposi\u00e7\u00e3o","datePublished":"2022-06-21T12:43:43+00:00","mainEntityOfPage":{"@id":"https:\/\/blogdofarnesio.com.br\/?p=315990"},"wordCount":245,"commentCount":0,"publisher":{"@id":"https:\/\/blogdofarnesio.com.br\/#organization"},"image":{"@id":"https:\/\/blogdofarnesio.com.br\/?p=315990#primaryimage"},"thumbnailUrl":"https:\/\/blogdofarnesio.com.br\/wp-content\/uploads\/2022\/06\/blogqspdep-priscila-krause-e1655750083331.jpeg","articleSection":["Pol\u00edtica"],"inLanguage":"pt-BR","potentialAction":[{"@type":"CommentAction","name":"Comment","target":["https:\/\/blogdofarnesio.com.br\/?p=315990#respond"]}]},{"@type":"WebPage","@id":"https:\/\/blogdofarnesio.com.br\/?p=315990","url":"https:\/\/blogdofarnesio.com.br\/?p=315990","name":"Compesa desiste de reajuste extraordin\u00e1rio de 11,68% ap\u00f3s questionamentos da oposi\u00e7\u00e3o - Blog do Farn\u00e9sio","isPartOf":{"@id":"https:\/\/blogdofarnesio.com.br\/#website"},"primaryImageOfPage":{"@id":"https:\/\/blogdofarnesio.com.br\/?p=315990#primaryimage"},"image":{"@id":"https:\/\/blogdofarnesio.com.br\/?p=315990#primaryimage"},"thumbnailUrl":"https:\/\/blogdofarnesio.com.br\/wp-content\/uploads\/2022\/06\/blogqspdep-priscila-krause-e1655750083331.jpeg","datePublished":"2022-06-21T12:43:43+00:00","breadcrumb":{"@id":"https:\/\/blogdofarnesio.com.br\/?p=315990#breadcrumb"},"inLanguage":"pt-BR","potentialAction":[{"@type":"ReadAction","target":["https:\/\/blogdofarnesio.com.br\/?p=315990"]}]},{"@type":"ImageObject","inLanguage":"pt-BR","@id":"https:\/\/blogdofarnesio.com.br\/?p=315990#primaryimage","url":"https:\/\/blogdofarnesio.com.br\/wp-content\/uploads\/2022\/06\/blogqspdep-priscila-krause-e1655750083331.jpeg","contentUrl":"https:\/\/blogdofarnesio.com.br\/wp-content\/uploads\/2022\/06\/blogqspdep-priscila-krause-e1655750083331.jpeg","width":680,"height":453},{"@type":"BreadcrumbList","@id":"https:\/\/blogdofarnesio.com.br\/?p=315990#breadcrumb","itemListElement":[{"@type":"ListItem","position":1,"name":"In\u00edcio","item":"https:\/\/blogdofarnesio.com.br\/"},{"@type":"ListItem","position":2,"name":"Compesa desiste de reajuste extraordin\u00e1rio de 11,68% ap\u00f3s questionamentos da oposi\u00e7\u00e3o"}]},{"@type":"WebSite","@id":"https:\/\/blogdofarnesio.com.br\/#website","url":"https:\/\/blogdofarnesio.com.br\/","name":"Blog do Farn\u00e9sio","description":"Quer Saber Pol\u00edtica?","publisher":{"@id":"https:\/\/blogdofarnesio.com.br\/#organization"},"potentialAction":[{"@type":"SearchAction","target":{"@type":"EntryPoint","urlTemplate":"https:\/\/blogdofarnesio.com.br\/?s={search_term_string}"},"query-input":{"@type":"PropertyValueSpecification","valueRequired":true,"valueName":"search_term_string"}}],"inLanguage":"pt-BR"},{"@type":"Organization","@id":"https:\/\/blogdofarnesio.com.br\/#organization","name":"Blog do Farn\u00e9sio","url":"https:\/\/blogdofarnesio.com.br\/","logo":{"@type":"ImageObject","inLanguage":"pt-BR","@id":"https:\/\/blogdofarnesio.com.br\/#\/schema\/logo\/image\/","url":"https:\/\/blogdofarnesio.com.br\/wp-content\/uploads\/2026\/03\/cropped-logo_new-1.png","contentUrl":"https:\/\/blogdofarnesio.com.br\/wp-content\/uploads\/2026\/03\/cropped-logo_new-1.png","width":881,"height":685,"caption":"Blog do Farn\u00e9sio"},"image":{"@id":"https:\/\/blogdofarnesio.com.br\/#\/schema\/logo\/image\/"},"sameAs":["https:\/\/www.facebook.com\/BlogQuerSaberPolitica\/"]},{"@type":"Person","@id":"https:\/\/blogdofarnesio.com.br\/#\/schema\/person\/bb9b23ae3ad0609ce8df7b6c9e76824d","name":"Farn\u00e9sio","image":{"@type":"ImageObject","inLanguage":"pt-BR","@id":"https:\/\/secure.gravatar.com\/avatar\/986aa4c61ccdb66f8555bf88fc2a65609d00bcabd4d2d94377a727547345cbca?s=96&d=mm&r=g","url":"https:\/\/secure.gravatar.com\/avatar\/986aa4c61ccdb66f8555bf88fc2a65609d00bcabd4d2d94377a727547345cbca?s=96&d=mm&r=g","contentUrl":"https:\/\/secure.gravatar.com\/avatar\/986aa4c61ccdb66f8555bf88fc2a65609d00bcabd4d2d94377a727547345cbca?s=96&d=mm&r=g","caption":"Farn\u00e9sio"},"description":"Radialista blogueiro, chegou a Petrolina\/Juazeiro em setembro de 1980, Farn\u00e9sio Silva \u00e9 de Arapiraca-Alagoas.","sameAs":["http:\/\/blogdofarnesio.com.br","https:\/\/www.facebook.com\/?ref=tn_tnmn","https:\/\/www.instagram.com\/?utm_source=pwa_homescreen","https:\/\/youtube.com.br\/"],"url":"https:\/\/blogdofarnesio.com.br\/?author=2"}]}},"_links":{"self":[{"href":"https:\/\/blogdofarnesio.com.br\/index.php?rest_route=\/wp\/v2\/posts\/315990","targetHints":{"allow":["GET"]}}],"collection":[{"href":"https:\/\/blogdofarnesio.com.br\/index.php?rest_route=\/wp\/v2\/posts"}],"about":[{"href":"https:\/\/blogdofarnesio.com.br\/index.php?rest_route=\/wp\/v2\/types\/post"}],"author":[{"embeddable":true,"href":"https:\/\/blogdofarnesio.com.br\/index.php?rest_route=\/wp\/v2\/users\/2"}],"replies":[{"embeddable":true,"href":"https:\/\/blogdofarnesio.com.br\/index.php?rest_route=%2Fwp%2Fv2%2Fcomments&post=315990"}],"version-history":[{"count":0,"href":"https:\/\/blogdofarnesio.com.br\/index.php?rest_route=\/wp\/v2\/posts\/315990\/revisions"}],"wp:featuredmedia":[{"embeddable":true,"href":"https:\/\/blogdofarnesio.com.br\/index.php?rest_route=\/wp\/v2\/media\/315991"}],"wp:attachment":[{"href":"https:\/\/blogdofarnesio.com.br\/index.php?rest_route=%2Fwp%2Fv2%2Fmedia&parent=315990"}],"wp:term":[{"taxonomy":"category","embeddable":true,"href":"https:\/\/blogdofarnesio.com.br\/index.php?rest_route=%2Fwp%2Fv2%2Fcategories&post=315990"},{"taxonomy":"post_tag","embeddable":true,"href":"https:\/\/blogdofarnesio.com.br\/index.php?rest_route=%2Fwp%2Fv2%2Ftags&post=315990"}],"curies":[{"name":"wp","href":"https:\/\/api.w.org\/{rel}","templated":true}]}}