{"id":315978,"date":"2022-06-20T16:03:49","date_gmt":"2022-06-20T19:03:49","guid":{"rendered":"https:\/\/blogdofarnesio.com.br\/?p=315978"},"modified":"2022-06-20T15:14:00","modified_gmt":"2022-06-20T18:14:00","slug":"eleicoes-2022-pe-marilia-arraes-e-a-primeira-pre-candidata-ao-governo-do-estado-a-fechar-a-chapa","status":"publish","type":"post","link":"https:\/\/blogdofarnesio.com.br\/?p=315978","title":{"rendered":"Elei\u00e7\u00f5es 2022 PE: Mar\u00edlia Arraes \u00e9 a primeira pr\u00e9-candidata ao Governo do Estado a fechar a chapa"},"content":{"rendered":"<p><b><i>Em coletiva de imprensa neste domingo, a chapa de Mar\u00edlia foi fechada com o deputado federal Sebasti\u00e3o Oliveira na vice da pr\u00e9-candidata<\/i><\/b><\/p>\n<p>Ap\u00f3s a confirma\u00e7\u00e3o do deputado federal Sebasti\u00e3o Oliveira (Avante) na vice da tamb\u00e9m deputada federal e pr\u00e9-candidata ao Governo do Estado Mar\u00edlia Arraes (Solidariedade) em coletiva de imprensa no Hotel S\u00e3o Crist\u00f3v\u00e3o, Serra Talhada neste domingo (19), Mar\u00edlia \u00e9 a primeira entre os pr\u00e9-candidatos ao Governo de Pernambuco a fechar a chapa para o pleito deste ano.<\/p>\n<p>A chapa encabe\u00e7ada por Mar\u00edlia tem como pr\u00e9-candidato ao Senado o deputado federal Andr\u00e9 de Paula (PSD) e na vice o deputado federal Sebasti\u00e3o Oliveira (Avante), que desembarcou da Frente Popular.<\/p>\n<p><b>Colada com Lula \u2013<\/b>\u00a0Mesmo n\u00e3o tendo o apoio declarado do ex-presidente Luiz In\u00e1cio Lula da Silva, pois o PSB n\u00e3o admitiu palanque duplo no Estado, na coletiva deste domingo ficou claro que Mar\u00edlia n\u00e3o abrir\u00e1 m\u00e3o de colar a sua imagem a de Lula, que tenta voltar ao comando do pa\u00eds no pleito deste ano. O painel instalado no local mostrava as fotos de Sebasti\u00e3o Oliveira, Lula, Mar\u00edlia Arraes e Andr\u00e9 de Paula juntos.<\/p>\n<p><b>Alian\u00e7as \u2013<\/b>\u00a0Mar\u00edlia Arraes destacou a alian\u00e7a que est\u00e1 sendo constru\u00edda com Andr\u00e9 de Paula e Sebasti\u00e3o Oliveira. Ela citou as alian\u00e7as feitas por seu av\u00f4, Miguel Arraes e a alian\u00e7a entre Lula e Geraldo Alckmim \u2013 hist\u00f3ricos advers\u00e1rios pol\u00edticos.<\/p>\n<p>\u201cMuitas vezes precisamos procurar pessoas que n\u00e3o pensam como a gente, mas que est\u00e3o alinhadas no mesmo sentimento. Dessa maneira, aqui estamos construindo em Pernambuco todos esses caminhos que foram constru\u00eddos por Arraes e por Lula\u201d, afirmou Mar\u00edlia.<\/p>\n<p>\u201cVamos continuar buscando a nossa maior alian\u00e7a que \u00e9 a alian\u00e7a com o povo de Pernambuco. Pernambuco n\u00e3o tem dono, n\u00e3o tem senhor al\u00e9m do nosso Deus\u201d, destacou Mar\u00edlia ainda falando sobre as alian\u00e7as que est\u00e3o sendo feitas em torno do seu projeto.<\/p>\n<p><b>Persegui\u00e7\u00e3o \u2013<\/b>\u00a0Segundo Mar\u00edlia muitos prefeitos e l\u00edderes pol\u00edticos do Estado n\u00e3o podem votar em quem querem por medo de persegui\u00e7\u00e3o. \u201cPernambucano \u00e9 um povo altivo, o povo est\u00e1 andando de cabe\u00e7a baixa. H\u00e1 o medo de persegui\u00e7\u00e3o. Se o prefeito vota contra, o dinheiro n\u00e3o chega no munic\u00edpio. Mas quem \u00e9 o mais prejudicado? \u00c9 o povo. Essa unidade que constru\u00edmos mostra a nossa inten\u00e7\u00e3o, mostra que vamos trabalhar para o povo de Pernambuco\u201d, disse Mar\u00edlia.<\/p>\n<p><b>Apoio a Lula \u2013<\/b>\u00a0\u201cEles est\u00e3o querendo dizer que Lula tem o apoio exclusivo deles. E eu pergunto, quem quer que Lula ganhe rejeita apoio? Quem a gente puder unir, agregar para o lado do presidente Lula, n\u00f3s vamos arregimentar. Eles v\u00e3o mudando ao sabor do vento. Aqui n\u00e3o, sempre estive com Lula no bom e no ruim\u201d, destacou Mar\u00edlia.<\/p>\n<p><b>O vice \u2013\u00a0<\/b>Falando sobre a escolha de Sebasti\u00e3o Oliveira para ocupar a vice no seu palanque, Mar\u00edlia lembrou que Seb\u00e1 conhece Pernambuco e as suas dificuldades e destacou o seu trabalho na C\u00e2mara a favor do estado. \u201cCom vontade pol\u00edtica a gente consegue resolver os problemas de todas as regi\u00f5es do estado\u201d, afirmou Mar\u00edlia.<\/p>\n<p><b>Liberdade \u2013<\/b>\u00a0Em sua fala, Sebasti\u00e3o Oliveira disse se sentir um homem livre. Na \u00faltima sexta-feira, quando fui entregar os cargos ao governador Paulo C\u00e2mara e o prefeito do Recife, Jo\u00e3o Campos, senti que tirei um grande peso das minhas costas. Me senti um homem livre. O ciclo, de um tempo pra c\u00e1, se tornou vicioso onde uma sigla faz de tudo inomin\u00e1vel para se manter no poder\u201d, destacou Sebasti\u00e3o.<\/p>\n<p>Seb\u00e1 tamb\u00e9m destacou que a chapa n\u00e3o chega para destruir nada. \u201cViemos para construir pontes\u201d, afirmou o parlamentar destacando a simbologia da uni\u00e3o entre ele, o ex-prefeito de Serra Talhada e pr\u00e9-candidato a deputado estadual Luciano Duque (Solidariedade) e o tamb\u00e9m ex-prefeito de Serra, Carlos Evandro \u2013 advers\u00e1rios hist\u00f3ricos na pol\u00edtica serra-talhadense.<\/p>\n<p><b>Livramento \u2013\u00a0<\/b>Perguntado se teria ficado algum ressentimento por conta de n\u00e3o ter sido escolhido como o pr\u00e9-candidato ao Senado da Frente Popular, Andr\u00e9 de Paula disse acreditar que foi um livramento.<\/p>\n<p>O pr\u00e9-candidato a senador tamb\u00e9m disse que a chapa \u00e9 forte e que est\u00e1 vivendo um momento muito importante da sua vida p\u00fablica. \u201cEu acredito neste projeto, eu acredito em Mar\u00edlia Arraes. Pernambuco merece mais. Eu quero ser o senador que vai trabalhar por Pernambuco e pelos pernambucanos, eu me preparei para este momento\u201d, afirmou Andr\u00e9.<\/p>\n<p>Ele tamb\u00e9m disse que o seu partido, o PSD ser\u00e1 muito importante para a governabilidade de Lula nos pr\u00f3ximos quatro anos.<\/p>\n<p>E agradeceu o apoio de Seb\u00e1 a sua pr\u00e9-candidatura. \u201cN\u00e3o pensou duas vezes. N\u00f3s vamos ter um grande vice-governador\u201d.<\/p>\n<p><b>A mesa \u2013<\/b>\u00a0A mesa do evento foi composta por Luciano Duque, Carlos Evandro, Waldemar Oliveira, Sebasti\u00e3o Oliveira, Andr\u00e9 de Paula e Mar\u00edlia Arraes. Todos falaram.<\/p>\n<p>Waldemar destacou a alian\u00e7a e disse que apesar da dificuldade do pleito deste ano, est\u00e1 confiante na vit\u00f3ria. \u201cEu confio e eu creio! Apoiamos o PSB durante 16 anos e creio que chegamos ao fim de um ciclo. Pernambuco n\u00e3o est\u00e1 bem, a sa\u00fade, a infraestrutura\u2026 o povo quer mudan\u00e7a\u201d, afirmou Waldemar Oliveira que \u00e9 pr\u00e9-candidato a deputado federal.<\/p>\n<p>Carlos Evandro disse estar muito honrado em integrar a campanha de Mar\u00edlia. Duque que Sebasti\u00e3o Oliveira chega para somar e que vai ajudar a fazer Pernambuco diferente.<\/p>\n<p>Blog do Nill<\/p>\n","protected":false},"excerpt":{"rendered":"<p>Em coletiva de imprensa neste domingo, a chapa de Mar\u00edlia foi fechada com o deputado federal Sebasti\u00e3o Oliveira na vice da pr\u00e9-candidata Ap\u00f3s a confirma\u00e7\u00e3o do deputado federal Sebasti\u00e3o Oliveira (Avante) na vice da tamb\u00e9m deputada federal e pr\u00e9-candidata ao Governo do Estado Mar\u00edlia Arraes (Solidariedade) em coletiva de imprensa no Hotel S\u00e3o Crist\u00f3v\u00e3o, Serra Talhada neste domingo (19), Mar\u00edlia \u00e9 a primeira entre os pr\u00e9-candidatos ao Governo de Pernambuco a fechar a chapa para o pleito deste ano. A chapa encabe\u00e7ada por Mar\u00edlia tem como pr\u00e9-candidato ao Senado o deputado federal Andr\u00e9 de Paula (PSD) e na vice o deputado federal Sebasti\u00e3o Oliveira (Avante), que desembarcou da Frente Popular. Colada com Lula \u2013\u00a0Mesmo n\u00e3o tendo o apoio declarado do&hellip; <\/p>\n","protected":false},"author":2,"featured_media":315979,"comment_status":"open","ping_status":"open","sticky":false,"template":"","format":"standard","meta":{"_acf_changed":false,"footnotes":""},"categories":[34],"tags":[],"class_list":["post-315978","post","type-post","status-publish","format-standard","has-post-thumbnail","hentry","category-eleicoes"],"acf":[],"yoast_head":"<!-- This site is optimized with the Yoast SEO plugin v27.4 - https:\/\/yoast.com\/product\/yoast-seo-wordpress\/ -->\n<title>Elei\u00e7\u00f5es 2022 PE: Mar\u00edlia Arraes \u00e9 a primeira pr\u00e9-candidata ao Governo do Estado a fechar a chapa - Blog do Farn\u00e9sio<\/title>\n<meta name=\"robots\" content=\"index, follow, max-snippet:-1, max-image-preview:large, max-video-preview:-1\" \/>\n<link rel=\"canonical\" href=\"https:\/\/blogdofarnesio.com.br\/?p=315978\" \/>\n<meta property=\"og:locale\" content=\"pt_BR\" \/>\n<meta property=\"og:type\" content=\"article\" \/>\n<meta property=\"og:title\" content=\"Elei\u00e7\u00f5es 2022 PE: Mar\u00edlia Arraes \u00e9 a primeira pr\u00e9-candidata ao Governo do Estado a fechar a chapa - Blog do Farn\u00e9sio\" \/>\n<meta property=\"og:description\" content=\"Em coletiva de imprensa neste domingo, a chapa de Mar\u00edlia foi fechada com o deputado federal Sebasti\u00e3o Oliveira na vice da pr\u00e9-candidata Ap\u00f3s a confirma\u00e7\u00e3o do deputado federal Sebasti\u00e3o Oliveira (Avante) na vice da tamb\u00e9m deputada federal e pr\u00e9-candidata ao Governo do Estado Mar\u00edlia Arraes (Solidariedade) em coletiva de imprensa no Hotel S\u00e3o Crist\u00f3v\u00e3o, Serra Talhada neste domingo (19), Mar\u00edlia \u00e9 a primeira entre os pr\u00e9-candidatos ao Governo de Pernambuco a fechar a chapa para o pleito deste ano. A chapa encabe\u00e7ada por Mar\u00edlia tem como pr\u00e9-candidato ao Senado o deputado federal Andr\u00e9 de Paula (PSD) e na vice o deputado federal Sebasti\u00e3o Oliveira (Avante), que desembarcou da Frente Popular. Colada com Lula \u2013\u00a0Mesmo n\u00e3o tendo o apoio declarado do&hellip;\" \/>\n<meta property=\"og:url\" content=\"https:\/\/blogdofarnesio.com.br\/?p=315978\" \/>\n<meta property=\"og:site_name\" content=\"Blog do Farn\u00e9sio\" \/>\n<meta property=\"article:publisher\" content=\"https:\/\/www.facebook.com\/BlogQuerSaberPolitica\/\" \/>\n<meta property=\"article:author\" content=\"https:\/\/www.facebook.com\/?ref=tn_tnmn\" \/>\n<meta property=\"article:published_time\" content=\"2022-06-20T19:03:49+00:00\" \/>\n<meta property=\"og:image\" content=\"https:\/\/blogdofarnesio.com.br\/wp-content\/uploads\/2022\/06\/blogqsspmarilia-sebastiao-oliveira-e1655748815578.jpg\" \/>\n\t<meta property=\"og:image:width\" content=\"709\" \/>\n\t<meta property=\"og:image:height\" content=\"483\" \/>\n\t<meta property=\"og:image:type\" content=\"image\/jpeg\" \/>\n<meta name=\"author\" content=\"Farn\u00e9sio\" \/>\n<meta name=\"twitter:card\" content=\"summary_large_image\" \/>\n<meta name=\"twitter:label1\" content=\"Escrito por\" \/>\n\t<meta name=\"twitter:data1\" content=\"Farn\u00e9sio\" \/>\n\t<meta name=\"twitter:label2\" content=\"Est. tempo de leitura\" \/>\n\t<meta name=\"twitter:data2\" content=\"5 minutos\" \/>\n<script type=\"application\/ld+json\" class=\"yoast-schema-graph\">{\"@context\":\"https:\\\/\\\/schema.org\",\"@graph\":[{\"@type\":\"Article\",\"@id\":\"https:\\\/\\\/blogdofarnesio.com.br\\\/?p=315978#article\",\"isPartOf\":{\"@id\":\"https:\\\/\\\/blogdofarnesio.com.br\\\/?p=315978\"},\"author\":{\"name\":\"Farn\u00e9sio\",\"@id\":\"https:\\\/\\\/blogdofarnesio.com.br\\\/#\\\/schema\\\/person\\\/bb9b23ae3ad0609ce8df7b6c9e76824d\"},\"headline\":\"Elei\u00e7\u00f5es 2022 PE: Mar\u00edlia Arraes \u00e9 a primeira pr\u00e9-candidata ao Governo do Estado a fechar a chapa\",\"datePublished\":\"2022-06-20T19:03:49+00:00\",\"mainEntityOfPage\":{\"@id\":\"https:\\\/\\\/blogdofarnesio.com.br\\\/?p=315978\"},\"wordCount\":969,\"commentCount\":0,\"publisher\":{\"@id\":\"https:\\\/\\\/blogdofarnesio.com.br\\\/#organization\"},\"image\":{\"@id\":\"https:\\\/\\\/blogdofarnesio.com.br\\\/?p=315978#primaryimage\"},\"thumbnailUrl\":\"https:\\\/\\\/blogdofarnesio.com.br\\\/wp-content\\\/uploads\\\/2022\\\/06\\\/blogqsspmarilia-sebastiao-oliveira-e1655748815578.jpg\",\"articleSection\":[\"Elei\u00e7\u00f5es\"],\"inLanguage\":\"pt-BR\",\"potentialAction\":[{\"@type\":\"CommentAction\",\"name\":\"Comment\",\"target\":[\"https:\\\/\\\/blogdofarnesio.com.br\\\/?p=315978#respond\"]}]},{\"@type\":\"WebPage\",\"@id\":\"https:\\\/\\\/blogdofarnesio.com.br\\\/?p=315978\",\"url\":\"https:\\\/\\\/blogdofarnesio.com.br\\\/?p=315978\",\"name\":\"Elei\u00e7\u00f5es 2022 PE: Mar\u00edlia Arraes \u00e9 a primeira pr\u00e9-candidata ao Governo do Estado a fechar a chapa - Blog do Farn\u00e9sio\",\"isPartOf\":{\"@id\":\"https:\\\/\\\/blogdofarnesio.com.br\\\/#website\"},\"primaryImageOfPage\":{\"@id\":\"https:\\\/\\\/blogdofarnesio.com.br\\\/?p=315978#primaryimage\"},\"image\":{\"@id\":\"https:\\\/\\\/blogdofarnesio.com.br\\\/?p=315978#primaryimage\"},\"thumbnailUrl\":\"https:\\\/\\\/blogdofarnesio.com.br\\\/wp-content\\\/uploads\\\/2022\\\/06\\\/blogqsspmarilia-sebastiao-oliveira-e1655748815578.jpg\",\"datePublished\":\"2022-06-20T19:03:49+00:00\",\"breadcrumb\":{\"@id\":\"https:\\\/\\\/blogdofarnesio.com.br\\\/?p=315978#breadcrumb\"},\"inLanguage\":\"pt-BR\",\"potentialAction\":[{\"@type\":\"ReadAction\",\"target\":[\"https:\\\/\\\/blogdofarnesio.com.br\\\/?p=315978\"]}]},{\"@type\":\"ImageObject\",\"inLanguage\":\"pt-BR\",\"@id\":\"https:\\\/\\\/blogdofarnesio.com.br\\\/?p=315978#primaryimage\",\"url\":\"https:\\\/\\\/blogdofarnesio.com.br\\\/wp-content\\\/uploads\\\/2022\\\/06\\\/blogqsspmarilia-sebastiao-oliveira-e1655748815578.jpg\",\"contentUrl\":\"https:\\\/\\\/blogdofarnesio.com.br\\\/wp-content\\\/uploads\\\/2022\\\/06\\\/blogqsspmarilia-sebastiao-oliveira-e1655748815578.jpg\",\"width\":709,\"height\":483},{\"@type\":\"BreadcrumbList\",\"@id\":\"https:\\\/\\\/blogdofarnesio.com.br\\\/?p=315978#breadcrumb\",\"itemListElement\":[{\"@type\":\"ListItem\",\"position\":1,\"name\":\"In\u00edcio\",\"item\":\"https:\\\/\\\/blogdofarnesio.com.br\\\/\"},{\"@type\":\"ListItem\",\"position\":2,\"name\":\"Elei\u00e7\u00f5es 2022 PE: Mar\u00edlia Arraes \u00e9 a primeira pr\u00e9-candidata ao Governo do Estado a fechar a chapa\"}]},{\"@type\":\"WebSite\",\"@id\":\"https:\\\/\\\/blogdofarnesio.com.br\\\/#website\",\"url\":\"https:\\\/\\\/blogdofarnesio.com.br\\\/\",\"name\":\"Blog do Farn\u00e9sio\",\"description\":\"Quer Saber Pol\u00edtica?\",\"publisher\":{\"@id\":\"https:\\\/\\\/blogdofarnesio.com.br\\\/#organization\"},\"potentialAction\":[{\"@type\":\"SearchAction\",\"target\":{\"@type\":\"EntryPoint\",\"urlTemplate\":\"https:\\\/\\\/blogdofarnesio.com.br\\\/?s={search_term_string}\"},\"query-input\":{\"@type\":\"PropertyValueSpecification\",\"valueRequired\":true,\"valueName\":\"search_term_string\"}}],\"inLanguage\":\"pt-BR\"},{\"@type\":\"Organization\",\"@id\":\"https:\\\/\\\/blogdofarnesio.com.br\\\/#organization\",\"name\":\"Blog do Farn\u00e9sio\",\"url\":\"https:\\\/\\\/blogdofarnesio.com.br\\\/\",\"logo\":{\"@type\":\"ImageObject\",\"inLanguage\":\"pt-BR\",\"@id\":\"https:\\\/\\\/blogdofarnesio.com.br\\\/#\\\/schema\\\/logo\\\/image\\\/\",\"url\":\"https:\\\/\\\/blogdofarnesio.com.br\\\/wp-content\\\/uploads\\\/2026\\\/03\\\/cropped-logo_new-1.png\",\"contentUrl\":\"https:\\\/\\\/blogdofarnesio.com.br\\\/wp-content\\\/uploads\\\/2026\\\/03\\\/cropped-logo_new-1.png\",\"width\":881,\"height\":685,\"caption\":\"Blog do Farn\u00e9sio\"},\"image\":{\"@id\":\"https:\\\/\\\/blogdofarnesio.com.br\\\/#\\\/schema\\\/logo\\\/image\\\/\"},\"sameAs\":[\"https:\\\/\\\/www.facebook.com\\\/BlogQuerSaberPolitica\\\/\"]},{\"@type\":\"Person\",\"@id\":\"https:\\\/\\\/blogdofarnesio.com.br\\\/#\\\/schema\\\/person\\\/bb9b23ae3ad0609ce8df7b6c9e76824d\",\"name\":\"Farn\u00e9sio\",\"image\":{\"@type\":\"ImageObject\",\"inLanguage\":\"pt-BR\",\"@id\":\"https:\\\/\\\/secure.gravatar.com\\\/avatar\\\/986aa4c61ccdb66f8555bf88fc2a65609d00bcabd4d2d94377a727547345cbca?s=96&d=mm&r=g\",\"url\":\"https:\\\/\\\/secure.gravatar.com\\\/avatar\\\/986aa4c61ccdb66f8555bf88fc2a65609d00bcabd4d2d94377a727547345cbca?s=96&d=mm&r=g\",\"contentUrl\":\"https:\\\/\\\/secure.gravatar.com\\\/avatar\\\/986aa4c61ccdb66f8555bf88fc2a65609d00bcabd4d2d94377a727547345cbca?s=96&d=mm&r=g\",\"caption\":\"Farn\u00e9sio\"},\"description\":\"Radialista blogueiro, chegou a Petrolina\\\/Juazeiro em setembro de 1980, Farn\u00e9sio Silva \u00e9 de Arapiraca-Alagoas.\",\"sameAs\":[\"http:\\\/\\\/blogdofarnesio.com.br\",\"https:\\\/\\\/www.facebook.com\\\/?ref=tn_tnmn\",\"https:\\\/\\\/www.instagram.com\\\/?utm_source=pwa_homescreen\",\"https:\\\/\\\/youtube.com.br\\\/\"],\"url\":\"https:\\\/\\\/blogdofarnesio.com.br\\\/?author=2\"}]}<\/script>\n<!-- \/ Yoast SEO plugin. -->","yoast_head_json":{"title":"Elei\u00e7\u00f5es 2022 PE: Mar\u00edlia Arraes \u00e9 a primeira pr\u00e9-candidata ao Governo do Estado a fechar a chapa - Blog do Farn\u00e9sio","robots":{"index":"index","follow":"follow","max-snippet":"max-snippet:-1","max-image-preview":"max-image-preview:large","max-video-preview":"max-video-preview:-1"},"canonical":"https:\/\/blogdofarnesio.com.br\/?p=315978","og_locale":"pt_BR","og_type":"article","og_title":"Elei\u00e7\u00f5es 2022 PE: Mar\u00edlia Arraes \u00e9 a primeira pr\u00e9-candidata ao Governo do Estado a fechar a chapa - Blog do Farn\u00e9sio","og_description":"Em coletiva de imprensa neste domingo, a chapa de Mar\u00edlia foi fechada com o deputado federal Sebasti\u00e3o Oliveira na vice da pr\u00e9-candidata Ap\u00f3s a confirma\u00e7\u00e3o do deputado federal Sebasti\u00e3o Oliveira (Avante) na vice da tamb\u00e9m deputada federal e pr\u00e9-candidata ao Governo do Estado Mar\u00edlia Arraes (Solidariedade) em coletiva de imprensa no Hotel S\u00e3o Crist\u00f3v\u00e3o, Serra Talhada neste domingo (19), Mar\u00edlia \u00e9 a primeira entre os pr\u00e9-candidatos ao Governo de Pernambuco a fechar a chapa para o pleito deste ano. A chapa encabe\u00e7ada por Mar\u00edlia tem como pr\u00e9-candidato ao Senado o deputado federal Andr\u00e9 de Paula (PSD) e na vice o deputado federal Sebasti\u00e3o Oliveira (Avante), que desembarcou da Frente Popular. Colada com Lula \u2013\u00a0Mesmo n\u00e3o tendo o apoio declarado do&hellip;","og_url":"https:\/\/blogdofarnesio.com.br\/?p=315978","og_site_name":"Blog do Farn\u00e9sio","article_publisher":"https:\/\/www.facebook.com\/BlogQuerSaberPolitica\/","article_author":"https:\/\/www.facebook.com\/?ref=tn_tnmn","article_published_time":"2022-06-20T19:03:49+00:00","og_image":[{"width":709,"height":483,"url":"https:\/\/blogdofarnesio.com.br\/wp-content\/uploads\/2022\/06\/blogqsspmarilia-sebastiao-oliveira-e1655748815578.jpg","type":"image\/jpeg"}],"author":"Farn\u00e9sio","twitter_card":"summary_large_image","twitter_misc":{"Escrito por":"Farn\u00e9sio","Est. tempo de leitura":"5 minutos"},"schema":{"@context":"https:\/\/schema.org","@graph":[{"@type":"Article","@id":"https:\/\/blogdofarnesio.com.br\/?p=315978#article","isPartOf":{"@id":"https:\/\/blogdofarnesio.com.br\/?p=315978"},"author":{"name":"Farn\u00e9sio","@id":"https:\/\/blogdofarnesio.com.br\/#\/schema\/person\/bb9b23ae3ad0609ce8df7b6c9e76824d"},"headline":"Elei\u00e7\u00f5es 2022 PE: Mar\u00edlia Arraes \u00e9 a primeira pr\u00e9-candidata ao Governo do Estado a fechar a chapa","datePublished":"2022-06-20T19:03:49+00:00","mainEntityOfPage":{"@id":"https:\/\/blogdofarnesio.com.br\/?p=315978"},"wordCount":969,"commentCount":0,"publisher":{"@id":"https:\/\/blogdofarnesio.com.br\/#organization"},"image":{"@id":"https:\/\/blogdofarnesio.com.br\/?p=315978#primaryimage"},"thumbnailUrl":"https:\/\/blogdofarnesio.com.br\/wp-content\/uploads\/2022\/06\/blogqsspmarilia-sebastiao-oliveira-e1655748815578.jpg","articleSection":["Elei\u00e7\u00f5es"],"inLanguage":"pt-BR","potentialAction":[{"@type":"CommentAction","name":"Comment","target":["https:\/\/blogdofarnesio.com.br\/?p=315978#respond"]}]},{"@type":"WebPage","@id":"https:\/\/blogdofarnesio.com.br\/?p=315978","url":"https:\/\/blogdofarnesio.com.br\/?p=315978","name":"Elei\u00e7\u00f5es 2022 PE: Mar\u00edlia Arraes \u00e9 a primeira pr\u00e9-candidata ao Governo do Estado a fechar a chapa - Blog do Farn\u00e9sio","isPartOf":{"@id":"https:\/\/blogdofarnesio.com.br\/#website"},"primaryImageOfPage":{"@id":"https:\/\/blogdofarnesio.com.br\/?p=315978#primaryimage"},"image":{"@id":"https:\/\/blogdofarnesio.com.br\/?p=315978#primaryimage"},"thumbnailUrl":"https:\/\/blogdofarnesio.com.br\/wp-content\/uploads\/2022\/06\/blogqsspmarilia-sebastiao-oliveira-e1655748815578.jpg","datePublished":"2022-06-20T19:03:49+00:00","breadcrumb":{"@id":"https:\/\/blogdofarnesio.com.br\/?p=315978#breadcrumb"},"inLanguage":"pt-BR","potentialAction":[{"@type":"ReadAction","target":["https:\/\/blogdofarnesio.com.br\/?p=315978"]}]},{"@type":"ImageObject","inLanguage":"pt-BR","@id":"https:\/\/blogdofarnesio.com.br\/?p=315978#primaryimage","url":"https:\/\/blogdofarnesio.com.br\/wp-content\/uploads\/2022\/06\/blogqsspmarilia-sebastiao-oliveira-e1655748815578.jpg","contentUrl":"https:\/\/blogdofarnesio.com.br\/wp-content\/uploads\/2022\/06\/blogqsspmarilia-sebastiao-oliveira-e1655748815578.jpg","width":709,"height":483},{"@type":"BreadcrumbList","@id":"https:\/\/blogdofarnesio.com.br\/?p=315978#breadcrumb","itemListElement":[{"@type":"ListItem","position":1,"name":"In\u00edcio","item":"https:\/\/blogdofarnesio.com.br\/"},{"@type":"ListItem","position":2,"name":"Elei\u00e7\u00f5es 2022 PE: Mar\u00edlia Arraes \u00e9 a primeira pr\u00e9-candidata ao Governo do Estado a fechar a chapa"}]},{"@type":"WebSite","@id":"https:\/\/blogdofarnesio.com.br\/#website","url":"https:\/\/blogdofarnesio.com.br\/","name":"Blog do Farn\u00e9sio","description":"Quer Saber Pol\u00edtica?","publisher":{"@id":"https:\/\/blogdofarnesio.com.br\/#organization"},"potentialAction":[{"@type":"SearchAction","target":{"@type":"EntryPoint","urlTemplate":"https:\/\/blogdofarnesio.com.br\/?s={search_term_string}"},"query-input":{"@type":"PropertyValueSpecification","valueRequired":true,"valueName":"search_term_string"}}],"inLanguage":"pt-BR"},{"@type":"Organization","@id":"https:\/\/blogdofarnesio.com.br\/#organization","name":"Blog do Farn\u00e9sio","url":"https:\/\/blogdofarnesio.com.br\/","logo":{"@type":"ImageObject","inLanguage":"pt-BR","@id":"https:\/\/blogdofarnesio.com.br\/#\/schema\/logo\/image\/","url":"https:\/\/blogdofarnesio.com.br\/wp-content\/uploads\/2026\/03\/cropped-logo_new-1.png","contentUrl":"https:\/\/blogdofarnesio.com.br\/wp-content\/uploads\/2026\/03\/cropped-logo_new-1.png","width":881,"height":685,"caption":"Blog do Farn\u00e9sio"},"image":{"@id":"https:\/\/blogdofarnesio.com.br\/#\/schema\/logo\/image\/"},"sameAs":["https:\/\/www.facebook.com\/BlogQuerSaberPolitica\/"]},{"@type":"Person","@id":"https:\/\/blogdofarnesio.com.br\/#\/schema\/person\/bb9b23ae3ad0609ce8df7b6c9e76824d","name":"Farn\u00e9sio","image":{"@type":"ImageObject","inLanguage":"pt-BR","@id":"https:\/\/secure.gravatar.com\/avatar\/986aa4c61ccdb66f8555bf88fc2a65609d00bcabd4d2d94377a727547345cbca?s=96&d=mm&r=g","url":"https:\/\/secure.gravatar.com\/avatar\/986aa4c61ccdb66f8555bf88fc2a65609d00bcabd4d2d94377a727547345cbca?s=96&d=mm&r=g","contentUrl":"https:\/\/secure.gravatar.com\/avatar\/986aa4c61ccdb66f8555bf88fc2a65609d00bcabd4d2d94377a727547345cbca?s=96&d=mm&r=g","caption":"Farn\u00e9sio"},"description":"Radialista blogueiro, chegou a Petrolina\/Juazeiro em setembro de 1980, Farn\u00e9sio Silva \u00e9 de Arapiraca-Alagoas.","sameAs":["http:\/\/blogdofarnesio.com.br","https:\/\/www.facebook.com\/?ref=tn_tnmn","https:\/\/www.instagram.com\/?utm_source=pwa_homescreen","https:\/\/youtube.com.br\/"],"url":"https:\/\/blogdofarnesio.com.br\/?author=2"}]}},"_links":{"self":[{"href":"https:\/\/blogdofarnesio.com.br\/index.php?rest_route=\/wp\/v2\/posts\/315978","targetHints":{"allow":["GET"]}}],"collection":[{"href":"https:\/\/blogdofarnesio.com.br\/index.php?rest_route=\/wp\/v2\/posts"}],"about":[{"href":"https:\/\/blogdofarnesio.com.br\/index.php?rest_route=\/wp\/v2\/types\/post"}],"author":[{"embeddable":true,"href":"https:\/\/blogdofarnesio.com.br\/index.php?rest_route=\/wp\/v2\/users\/2"}],"replies":[{"embeddable":true,"href":"https:\/\/blogdofarnesio.com.br\/index.php?rest_route=%2Fwp%2Fv2%2Fcomments&post=315978"}],"version-history":[{"count":0,"href":"https:\/\/blogdofarnesio.com.br\/index.php?rest_route=\/wp\/v2\/posts\/315978\/revisions"}],"wp:featuredmedia":[{"embeddable":true,"href":"https:\/\/blogdofarnesio.com.br\/index.php?rest_route=\/wp\/v2\/media\/315979"}],"wp:attachment":[{"href":"https:\/\/blogdofarnesio.com.br\/index.php?rest_route=%2Fwp%2Fv2%2Fmedia&parent=315978"}],"wp:term":[{"taxonomy":"category","embeddable":true,"href":"https:\/\/blogdofarnesio.com.br\/index.php?rest_route=%2Fwp%2Fv2%2Fcategories&post=315978"},{"taxonomy":"post_tag","embeddable":true,"href":"https:\/\/blogdofarnesio.com.br\/index.php?rest_route=%2Fwp%2Fv2%2Ftags&post=315978"}],"curies":[{"name":"wp","href":"https:\/\/api.w.org\/{rel}","templated":true}]}}