{"id":315355,"date":"2022-06-13T10:03:19","date_gmt":"2022-06-13T13:03:19","guid":{"rendered":"https:\/\/blogdofarnesio.com.br\/?p=315355"},"modified":"2022-06-11T19:23:59","modified_gmt":"2022-06-11T22:23:59","slug":"suplente-de-19-votos-vai-tomar-posse-na-camara-de-sao-jose-do-belmonte-pe","status":"publish","type":"post","link":"https:\/\/blogdofarnesio.com.br\/?p=315355","title":{"rendered":"Suplente de 19 votos vai tomar posse na C\u00e2mara de S\u00e3o Jos\u00e9 do Belmonte-PE"},"content":{"rendered":"<p>Com a cassa\u00e7\u00e3o dos vereadores Helia Pereira e Jos\u00e9 de Andrade Lucas, a C\u00e2mara de Vereadores de S\u00e3o Jos\u00e9 do Belmonte passa a contar com dois novos parlamentares, Chiquinho Bai\u00e3o (PSB) e C\u00edcera Limeira (PSB).<\/p>\n<p>A solenidade de posse do suplente Chiquinho Bai\u00e3o ocorreu nesta sexta-feira (10). Ele obteve 501 votos nas elei\u00e7\u00f5es de 2020, ficando na primeira supl\u00eancia da coliga\u00e7\u00e3o. Ele assume a vaga deixada pela vereadora cassada, H\u00e9lia Pereira. A vereadora foi a mais votada da casa, com 1.902 votos.<\/p>\n<p>A vaga do vereador Jos\u00e9 de Andrade Lucas ser\u00e1 ocupada pela suplente Cicera Limeira, que obteve apenas 19 votos nas elei\u00e7\u00f5es de 2020. Segundo o portal GeoBelmonte, Cicera criou os filhos trabalhando como lavadeira de roupas e atualmente \u00e9 aposentada. A cerim\u00f4nia de posse est\u00e1 marcada para o pr\u00f3ximo dia 20 de junho.<\/p>\n<p>A vereadora H\u00e9lia Pereira teve o seu diploma cassado pelo Tribunal Regional Eleitoral de Pernambuco por ser cunhada do prefeito Romonilson Mariano. O tribunal entendeu que na condi\u00e7\u00e3o de cunhada do prefeito ela era ineleg\u00edvel ao cargo de parlamentar na mesma circunscri\u00e7\u00e3o, salvo se o titular se afastasse do cargo 6 (seis) meses antes do pleito. Na decis\u00e3o consta que ela s\u00f3 teve o seu registro de candidatura deferido porque na \u00e9poca do registro n\u00e3o se sabia da liga\u00e7\u00e3o entre eles.<\/p>\n<p>O MPF apresentou parecer favor\u00e1vel pela cassa\u00e7\u00e3o do diploma da vereadora no dia 3 de fevereiro de 2022, j\u00e1 no dia 10 do mesmo m\u00eas, o ministro Fachin negou o provimento do recurso, sendo transitado em julgado no dia 22 tamb\u00e9m de fevereiro e arquivado definitivamente no dia 8 de mar\u00e7o de 2022.<\/p>\n<p>Em rela\u00e7\u00e3o ao vereador Jos\u00e9 de Andrade Lucas, o parlamentar teve os direitos pol\u00edticos suspensos em raz\u00e3o de duas condena\u00e7\u00f5es criminais que transitaram em julgado nos meses de agosto e novembro de 2021. No \u00faltimo dia 30 de maio, o Minist\u00e9rio P\u00fablico de Pernambuco (MPPE) expediu recomenda\u00e7\u00e3o \u00e0 C\u00e2mara de Vereadores de S\u00e3o Jos\u00e9 do Belmonte para que declarasse a perda do mandato de Lucas, em cumprimento \u00e0 legisla\u00e7\u00e3o vigente.<\/p>\n<p>Conforme apontou a promotora de Justi\u00e7a Gabriela de Almeida no texto da recomenda\u00e7\u00e3o, a Lei Org\u00e2nica do munic\u00edpio de S\u00e3o Jos\u00e9 do Belmonte e os entendimentos do Supremo Tribunal Federal e do Tribunal Superior Eleitoral estabelecem a perda do mandato eletivo como consequ\u00eancia autom\u00e1tica da suspens\u00e3o dos direitos pol\u00edticos em raz\u00e3o de senten\u00e7a criminal transitada em julgado.<\/p>\n","protected":false},"excerpt":{"rendered":"<p>Com a cassa\u00e7\u00e3o dos vereadores Helia Pereira e Jos\u00e9 de Andrade Lucas, a C\u00e2mara de Vereadores de S\u00e3o Jos\u00e9 do Belmonte passa a contar com dois novos parlamentares, Chiquinho Bai\u00e3o (PSB) e C\u00edcera Limeira (PSB). A solenidade de posse do suplente Chiquinho Bai\u00e3o ocorreu nesta sexta-feira (10). Ele obteve 501 votos nas elei\u00e7\u00f5es de 2020, ficando na primeira supl\u00eancia da coliga\u00e7\u00e3o. Ele assume a vaga deixada pela vereadora cassada, H\u00e9lia Pereira. A vereadora foi a mais votada da casa, com 1.902 votos. A vaga do vereador Jos\u00e9 de Andrade Lucas ser\u00e1 ocupada pela suplente Cicera Limeira, que obteve apenas 19 votos nas elei\u00e7\u00f5es de 2020. Segundo o portal GeoBelmonte, Cicera criou os filhos trabalhando como lavadeira de roupas e atualmente&hellip; <\/p>\n","protected":false},"author":2,"featured_media":315356,"comment_status":"open","ping_status":"open","sticky":false,"template":"","format":"standard","meta":{"_acf_changed":false,"footnotes":""},"categories":[27],"tags":[],"class_list":["post-315355","post","type-post","status-publish","format-standard","has-post-thumbnail","hentry","category-cidades"],"acf":[],"yoast_head":"<!-- This site is optimized with the Yoast SEO plugin v27.4 - https:\/\/yoast.com\/product\/yoast-seo-wordpress\/ -->\n<title>Suplente de 19 votos vai tomar posse na C\u00e2mara de S\u00e3o Jos\u00e9 do Belmonte-PE - Blog do Farn\u00e9sio<\/title>\n<meta name=\"robots\" content=\"index, follow, max-snippet:-1, max-image-preview:large, max-video-preview:-1\" \/>\n<link rel=\"canonical\" href=\"https:\/\/blogdofarnesio.com.br\/?p=315355\" \/>\n<meta property=\"og:locale\" content=\"pt_BR\" \/>\n<meta property=\"og:type\" content=\"article\" \/>\n<meta property=\"og:title\" content=\"Suplente de 19 votos vai tomar posse na C\u00e2mara de S\u00e3o Jos\u00e9 do Belmonte-PE - Blog do Farn\u00e9sio\" \/>\n<meta property=\"og:description\" content=\"Com a cassa\u00e7\u00e3o dos vereadores Helia Pereira e Jos\u00e9 de Andrade Lucas, a C\u00e2mara de Vereadores de S\u00e3o Jos\u00e9 do Belmonte passa a contar com dois novos parlamentares, Chiquinho Bai\u00e3o (PSB) e C\u00edcera Limeira (PSB). A solenidade de posse do suplente Chiquinho Bai\u00e3o ocorreu nesta sexta-feira (10). Ele obteve 501 votos nas elei\u00e7\u00f5es de 2020, ficando na primeira supl\u00eancia da coliga\u00e7\u00e3o. Ele assume a vaga deixada pela vereadora cassada, H\u00e9lia Pereira. A vereadora foi a mais votada da casa, com 1.902 votos. A vaga do vereador Jos\u00e9 de Andrade Lucas ser\u00e1 ocupada pela suplente Cicera Limeira, que obteve apenas 19 votos nas elei\u00e7\u00f5es de 2020. Segundo o portal GeoBelmonte, Cicera criou os filhos trabalhando como lavadeira de roupas e atualmente&hellip;\" \/>\n<meta property=\"og:url\" content=\"https:\/\/blogdofarnesio.com.br\/?p=315355\" \/>\n<meta property=\"og:site_name\" content=\"Blog do Farn\u00e9sio\" \/>\n<meta property=\"article:publisher\" content=\"https:\/\/www.facebook.com\/BlogQuerSaberPolitica\/\" \/>\n<meta property=\"article:author\" content=\"https:\/\/www.facebook.com\/?ref=tn_tnmn\" \/>\n<meta property=\"article:published_time\" content=\"2022-06-13T13:03:19+00:00\" \/>\n<meta property=\"og:image\" content=\"https:\/\/blogdofarnesio.com.br\/wp-content\/uploads\/2022\/06\/blogqspsjbelmento-vereadora-de-19-votos.jpg\" \/>\n\t<meta property=\"og:image:width\" content=\"279\" \/>\n\t<meta property=\"og:image:height\" content=\"320\" \/>\n\t<meta property=\"og:image:type\" content=\"image\/jpeg\" \/>\n<meta name=\"author\" content=\"Farn\u00e9sio\" \/>\n<meta name=\"twitter:card\" content=\"summary_large_image\" \/>\n<meta name=\"twitter:label1\" content=\"Escrito por\" \/>\n\t<meta name=\"twitter:data1\" content=\"Farn\u00e9sio\" \/>\n\t<meta name=\"twitter:label2\" content=\"Est. tempo de leitura\" \/>\n\t<meta name=\"twitter:data2\" content=\"2 minutos\" \/>\n<script type=\"application\/ld+json\" class=\"yoast-schema-graph\">{\"@context\":\"https:\\\/\\\/schema.org\",\"@graph\":[{\"@type\":\"Article\",\"@id\":\"https:\\\/\\\/blogdofarnesio.com.br\\\/?p=315355#article\",\"isPartOf\":{\"@id\":\"https:\\\/\\\/blogdofarnesio.com.br\\\/?p=315355\"},\"author\":{\"name\":\"Farn\u00e9sio\",\"@id\":\"https:\\\/\\\/blogdofarnesio.com.br\\\/#\\\/schema\\\/person\\\/bb9b23ae3ad0609ce8df7b6c9e76824d\"},\"headline\":\"Suplente de 19 votos vai tomar posse na C\u00e2mara de S\u00e3o Jos\u00e9 do Belmonte-PE\",\"datePublished\":\"2022-06-13T13:03:19+00:00\",\"mainEntityOfPage\":{\"@id\":\"https:\\\/\\\/blogdofarnesio.com.br\\\/?p=315355\"},\"wordCount\":438,\"commentCount\":0,\"publisher\":{\"@id\":\"https:\\\/\\\/blogdofarnesio.com.br\\\/#organization\"},\"image\":{\"@id\":\"https:\\\/\\\/blogdofarnesio.com.br\\\/?p=315355#primaryimage\"},\"thumbnailUrl\":\"https:\\\/\\\/blogdofarnesio.com.br\\\/wp-content\\\/uploads\\\/2022\\\/06\\\/blogqspsjbelmento-vereadora-de-19-votos.jpg\",\"articleSection\":[\"Cidades\"],\"inLanguage\":\"pt-BR\",\"potentialAction\":[{\"@type\":\"CommentAction\",\"name\":\"Comment\",\"target\":[\"https:\\\/\\\/blogdofarnesio.com.br\\\/?p=315355#respond\"]}]},{\"@type\":\"WebPage\",\"@id\":\"https:\\\/\\\/blogdofarnesio.com.br\\\/?p=315355\",\"url\":\"https:\\\/\\\/blogdofarnesio.com.br\\\/?p=315355\",\"name\":\"Suplente de 19 votos vai tomar posse na C\u00e2mara de S\u00e3o Jos\u00e9 do Belmonte-PE - Blog do Farn\u00e9sio\",\"isPartOf\":{\"@id\":\"https:\\\/\\\/blogdofarnesio.com.br\\\/#website\"},\"primaryImageOfPage\":{\"@id\":\"https:\\\/\\\/blogdofarnesio.com.br\\\/?p=315355#primaryimage\"},\"image\":{\"@id\":\"https:\\\/\\\/blogdofarnesio.com.br\\\/?p=315355#primaryimage\"},\"thumbnailUrl\":\"https:\\\/\\\/blogdofarnesio.com.br\\\/wp-content\\\/uploads\\\/2022\\\/06\\\/blogqspsjbelmento-vereadora-de-19-votos.jpg\",\"datePublished\":\"2022-06-13T13:03:19+00:00\",\"breadcrumb\":{\"@id\":\"https:\\\/\\\/blogdofarnesio.com.br\\\/?p=315355#breadcrumb\"},\"inLanguage\":\"pt-BR\",\"potentialAction\":[{\"@type\":\"ReadAction\",\"target\":[\"https:\\\/\\\/blogdofarnesio.com.br\\\/?p=315355\"]}]},{\"@type\":\"ImageObject\",\"inLanguage\":\"pt-BR\",\"@id\":\"https:\\\/\\\/blogdofarnesio.com.br\\\/?p=315355#primaryimage\",\"url\":\"https:\\\/\\\/blogdofarnesio.com.br\\\/wp-content\\\/uploads\\\/2022\\\/06\\\/blogqspsjbelmento-vereadora-de-19-votos.jpg\",\"contentUrl\":\"https:\\\/\\\/blogdofarnesio.com.br\\\/wp-content\\\/uploads\\\/2022\\\/06\\\/blogqspsjbelmento-vereadora-de-19-votos.jpg\",\"width\":279,\"height\":320},{\"@type\":\"BreadcrumbList\",\"@id\":\"https:\\\/\\\/blogdofarnesio.com.br\\\/?p=315355#breadcrumb\",\"itemListElement\":[{\"@type\":\"ListItem\",\"position\":1,\"name\":\"In\u00edcio\",\"item\":\"https:\\\/\\\/blogdofarnesio.com.br\\\/\"},{\"@type\":\"ListItem\",\"position\":2,\"name\":\"Suplente de 19 votos vai tomar posse na C\u00e2mara de S\u00e3o Jos\u00e9 do Belmonte-PE\"}]},{\"@type\":\"WebSite\",\"@id\":\"https:\\\/\\\/blogdofarnesio.com.br\\\/#website\",\"url\":\"https:\\\/\\\/blogdofarnesio.com.br\\\/\",\"name\":\"Blog do Farn\u00e9sio\",\"description\":\"Quer Saber Pol\u00edtica?\",\"publisher\":{\"@id\":\"https:\\\/\\\/blogdofarnesio.com.br\\\/#organization\"},\"potentialAction\":[{\"@type\":\"SearchAction\",\"target\":{\"@type\":\"EntryPoint\",\"urlTemplate\":\"https:\\\/\\\/blogdofarnesio.com.br\\\/?s={search_term_string}\"},\"query-input\":{\"@type\":\"PropertyValueSpecification\",\"valueRequired\":true,\"valueName\":\"search_term_string\"}}],\"inLanguage\":\"pt-BR\"},{\"@type\":\"Organization\",\"@id\":\"https:\\\/\\\/blogdofarnesio.com.br\\\/#organization\",\"name\":\"Blog do Farn\u00e9sio\",\"url\":\"https:\\\/\\\/blogdofarnesio.com.br\\\/\",\"logo\":{\"@type\":\"ImageObject\",\"inLanguage\":\"pt-BR\",\"@id\":\"https:\\\/\\\/blogdofarnesio.com.br\\\/#\\\/schema\\\/logo\\\/image\\\/\",\"url\":\"https:\\\/\\\/blogdofarnesio.com.br\\\/wp-content\\\/uploads\\\/2026\\\/03\\\/cropped-logo_new-1.png\",\"contentUrl\":\"https:\\\/\\\/blogdofarnesio.com.br\\\/wp-content\\\/uploads\\\/2026\\\/03\\\/cropped-logo_new-1.png\",\"width\":881,\"height\":685,\"caption\":\"Blog do Farn\u00e9sio\"},\"image\":{\"@id\":\"https:\\\/\\\/blogdofarnesio.com.br\\\/#\\\/schema\\\/logo\\\/image\\\/\"},\"sameAs\":[\"https:\\\/\\\/www.facebook.com\\\/BlogQuerSaberPolitica\\\/\"]},{\"@type\":\"Person\",\"@id\":\"https:\\\/\\\/blogdofarnesio.com.br\\\/#\\\/schema\\\/person\\\/bb9b23ae3ad0609ce8df7b6c9e76824d\",\"name\":\"Farn\u00e9sio\",\"image\":{\"@type\":\"ImageObject\",\"inLanguage\":\"pt-BR\",\"@id\":\"https:\\\/\\\/secure.gravatar.com\\\/avatar\\\/986aa4c61ccdb66f8555bf88fc2a65609d00bcabd4d2d94377a727547345cbca?s=96&d=mm&r=g\",\"url\":\"https:\\\/\\\/secure.gravatar.com\\\/avatar\\\/986aa4c61ccdb66f8555bf88fc2a65609d00bcabd4d2d94377a727547345cbca?s=96&d=mm&r=g\",\"contentUrl\":\"https:\\\/\\\/secure.gravatar.com\\\/avatar\\\/986aa4c61ccdb66f8555bf88fc2a65609d00bcabd4d2d94377a727547345cbca?s=96&d=mm&r=g\",\"caption\":\"Farn\u00e9sio\"},\"description\":\"Radialista blogueiro, chegou a Petrolina\\\/Juazeiro em setembro de 1980, Farn\u00e9sio Silva \u00e9 de Arapiraca-Alagoas.\",\"sameAs\":[\"http:\\\/\\\/blogdofarnesio.com.br\",\"https:\\\/\\\/www.facebook.com\\\/?ref=tn_tnmn\",\"https:\\\/\\\/www.instagram.com\\\/?utm_source=pwa_homescreen\",\"https:\\\/\\\/youtube.com.br\\\/\"],\"url\":\"https:\\\/\\\/blogdofarnesio.com.br\\\/?author=2\"}]}<\/script>\n<!-- \/ Yoast SEO plugin. -->","yoast_head_json":{"title":"Suplente de 19 votos vai tomar posse na C\u00e2mara de S\u00e3o Jos\u00e9 do Belmonte-PE - Blog do Farn\u00e9sio","robots":{"index":"index","follow":"follow","max-snippet":"max-snippet:-1","max-image-preview":"max-image-preview:large","max-video-preview":"max-video-preview:-1"},"canonical":"https:\/\/blogdofarnesio.com.br\/?p=315355","og_locale":"pt_BR","og_type":"article","og_title":"Suplente de 19 votos vai tomar posse na C\u00e2mara de S\u00e3o Jos\u00e9 do Belmonte-PE - Blog do Farn\u00e9sio","og_description":"Com a cassa\u00e7\u00e3o dos vereadores Helia Pereira e Jos\u00e9 de Andrade Lucas, a C\u00e2mara de Vereadores de S\u00e3o Jos\u00e9 do Belmonte passa a contar com dois novos parlamentares, Chiquinho Bai\u00e3o (PSB) e C\u00edcera Limeira (PSB). A solenidade de posse do suplente Chiquinho Bai\u00e3o ocorreu nesta sexta-feira (10). Ele obteve 501 votos nas elei\u00e7\u00f5es de 2020, ficando na primeira supl\u00eancia da coliga\u00e7\u00e3o. Ele assume a vaga deixada pela vereadora cassada, H\u00e9lia Pereira. A vereadora foi a mais votada da casa, com 1.902 votos. A vaga do vereador Jos\u00e9 de Andrade Lucas ser\u00e1 ocupada pela suplente Cicera Limeira, que obteve apenas 19 votos nas elei\u00e7\u00f5es de 2020. Segundo o portal GeoBelmonte, Cicera criou os filhos trabalhando como lavadeira de roupas e atualmente&hellip;","og_url":"https:\/\/blogdofarnesio.com.br\/?p=315355","og_site_name":"Blog do Farn\u00e9sio","article_publisher":"https:\/\/www.facebook.com\/BlogQuerSaberPolitica\/","article_author":"https:\/\/www.facebook.com\/?ref=tn_tnmn","article_published_time":"2022-06-13T13:03:19+00:00","og_image":[{"width":279,"height":320,"url":"https:\/\/blogdofarnesio.com.br\/wp-content\/uploads\/2022\/06\/blogqspsjbelmento-vereadora-de-19-votos.jpg","type":"image\/jpeg"}],"author":"Farn\u00e9sio","twitter_card":"summary_large_image","twitter_misc":{"Escrito por":"Farn\u00e9sio","Est. tempo de leitura":"2 minutos"},"schema":{"@context":"https:\/\/schema.org","@graph":[{"@type":"Article","@id":"https:\/\/blogdofarnesio.com.br\/?p=315355#article","isPartOf":{"@id":"https:\/\/blogdofarnesio.com.br\/?p=315355"},"author":{"name":"Farn\u00e9sio","@id":"https:\/\/blogdofarnesio.com.br\/#\/schema\/person\/bb9b23ae3ad0609ce8df7b6c9e76824d"},"headline":"Suplente de 19 votos vai tomar posse na C\u00e2mara de S\u00e3o Jos\u00e9 do Belmonte-PE","datePublished":"2022-06-13T13:03:19+00:00","mainEntityOfPage":{"@id":"https:\/\/blogdofarnesio.com.br\/?p=315355"},"wordCount":438,"commentCount":0,"publisher":{"@id":"https:\/\/blogdofarnesio.com.br\/#organization"},"image":{"@id":"https:\/\/blogdofarnesio.com.br\/?p=315355#primaryimage"},"thumbnailUrl":"https:\/\/blogdofarnesio.com.br\/wp-content\/uploads\/2022\/06\/blogqspsjbelmento-vereadora-de-19-votos.jpg","articleSection":["Cidades"],"inLanguage":"pt-BR","potentialAction":[{"@type":"CommentAction","name":"Comment","target":["https:\/\/blogdofarnesio.com.br\/?p=315355#respond"]}]},{"@type":"WebPage","@id":"https:\/\/blogdofarnesio.com.br\/?p=315355","url":"https:\/\/blogdofarnesio.com.br\/?p=315355","name":"Suplente de 19 votos vai tomar posse na C\u00e2mara de S\u00e3o Jos\u00e9 do Belmonte-PE - Blog do Farn\u00e9sio","isPartOf":{"@id":"https:\/\/blogdofarnesio.com.br\/#website"},"primaryImageOfPage":{"@id":"https:\/\/blogdofarnesio.com.br\/?p=315355#primaryimage"},"image":{"@id":"https:\/\/blogdofarnesio.com.br\/?p=315355#primaryimage"},"thumbnailUrl":"https:\/\/blogdofarnesio.com.br\/wp-content\/uploads\/2022\/06\/blogqspsjbelmento-vereadora-de-19-votos.jpg","datePublished":"2022-06-13T13:03:19+00:00","breadcrumb":{"@id":"https:\/\/blogdofarnesio.com.br\/?p=315355#breadcrumb"},"inLanguage":"pt-BR","potentialAction":[{"@type":"ReadAction","target":["https:\/\/blogdofarnesio.com.br\/?p=315355"]}]},{"@type":"ImageObject","inLanguage":"pt-BR","@id":"https:\/\/blogdofarnesio.com.br\/?p=315355#primaryimage","url":"https:\/\/blogdofarnesio.com.br\/wp-content\/uploads\/2022\/06\/blogqspsjbelmento-vereadora-de-19-votos.jpg","contentUrl":"https:\/\/blogdofarnesio.com.br\/wp-content\/uploads\/2022\/06\/blogqspsjbelmento-vereadora-de-19-votos.jpg","width":279,"height":320},{"@type":"BreadcrumbList","@id":"https:\/\/blogdofarnesio.com.br\/?p=315355#breadcrumb","itemListElement":[{"@type":"ListItem","position":1,"name":"In\u00edcio","item":"https:\/\/blogdofarnesio.com.br\/"},{"@type":"ListItem","position":2,"name":"Suplente de 19 votos vai tomar posse na C\u00e2mara de S\u00e3o Jos\u00e9 do Belmonte-PE"}]},{"@type":"WebSite","@id":"https:\/\/blogdofarnesio.com.br\/#website","url":"https:\/\/blogdofarnesio.com.br\/","name":"Blog do Farn\u00e9sio","description":"Quer Saber Pol\u00edtica?","publisher":{"@id":"https:\/\/blogdofarnesio.com.br\/#organization"},"potentialAction":[{"@type":"SearchAction","target":{"@type":"EntryPoint","urlTemplate":"https:\/\/blogdofarnesio.com.br\/?s={search_term_string}"},"query-input":{"@type":"PropertyValueSpecification","valueRequired":true,"valueName":"search_term_string"}}],"inLanguage":"pt-BR"},{"@type":"Organization","@id":"https:\/\/blogdofarnesio.com.br\/#organization","name":"Blog do Farn\u00e9sio","url":"https:\/\/blogdofarnesio.com.br\/","logo":{"@type":"ImageObject","inLanguage":"pt-BR","@id":"https:\/\/blogdofarnesio.com.br\/#\/schema\/logo\/image\/","url":"https:\/\/blogdofarnesio.com.br\/wp-content\/uploads\/2026\/03\/cropped-logo_new-1.png","contentUrl":"https:\/\/blogdofarnesio.com.br\/wp-content\/uploads\/2026\/03\/cropped-logo_new-1.png","width":881,"height":685,"caption":"Blog do Farn\u00e9sio"},"image":{"@id":"https:\/\/blogdofarnesio.com.br\/#\/schema\/logo\/image\/"},"sameAs":["https:\/\/www.facebook.com\/BlogQuerSaberPolitica\/"]},{"@type":"Person","@id":"https:\/\/blogdofarnesio.com.br\/#\/schema\/person\/bb9b23ae3ad0609ce8df7b6c9e76824d","name":"Farn\u00e9sio","image":{"@type":"ImageObject","inLanguage":"pt-BR","@id":"https:\/\/secure.gravatar.com\/avatar\/986aa4c61ccdb66f8555bf88fc2a65609d00bcabd4d2d94377a727547345cbca?s=96&d=mm&r=g","url":"https:\/\/secure.gravatar.com\/avatar\/986aa4c61ccdb66f8555bf88fc2a65609d00bcabd4d2d94377a727547345cbca?s=96&d=mm&r=g","contentUrl":"https:\/\/secure.gravatar.com\/avatar\/986aa4c61ccdb66f8555bf88fc2a65609d00bcabd4d2d94377a727547345cbca?s=96&d=mm&r=g","caption":"Farn\u00e9sio"},"description":"Radialista blogueiro, chegou a Petrolina\/Juazeiro em setembro de 1980, Farn\u00e9sio Silva \u00e9 de Arapiraca-Alagoas.","sameAs":["http:\/\/blogdofarnesio.com.br","https:\/\/www.facebook.com\/?ref=tn_tnmn","https:\/\/www.instagram.com\/?utm_source=pwa_homescreen","https:\/\/youtube.com.br\/"],"url":"https:\/\/blogdofarnesio.com.br\/?author=2"}]}},"_links":{"self":[{"href":"https:\/\/blogdofarnesio.com.br\/index.php?rest_route=\/wp\/v2\/posts\/315355","targetHints":{"allow":["GET"]}}],"collection":[{"href":"https:\/\/blogdofarnesio.com.br\/index.php?rest_route=\/wp\/v2\/posts"}],"about":[{"href":"https:\/\/blogdofarnesio.com.br\/index.php?rest_route=\/wp\/v2\/types\/post"}],"author":[{"embeddable":true,"href":"https:\/\/blogdofarnesio.com.br\/index.php?rest_route=\/wp\/v2\/users\/2"}],"replies":[{"embeddable":true,"href":"https:\/\/blogdofarnesio.com.br\/index.php?rest_route=%2Fwp%2Fv2%2Fcomments&post=315355"}],"version-history":[{"count":0,"href":"https:\/\/blogdofarnesio.com.br\/index.php?rest_route=\/wp\/v2\/posts\/315355\/revisions"}],"wp:featuredmedia":[{"embeddable":true,"href":"https:\/\/blogdofarnesio.com.br\/index.php?rest_route=\/wp\/v2\/media\/315356"}],"wp:attachment":[{"href":"https:\/\/blogdofarnesio.com.br\/index.php?rest_route=%2Fwp%2Fv2%2Fmedia&parent=315355"}],"wp:term":[{"taxonomy":"category","embeddable":true,"href":"https:\/\/blogdofarnesio.com.br\/index.php?rest_route=%2Fwp%2Fv2%2Fcategories&post=315355"},{"taxonomy":"post_tag","embeddable":true,"href":"https:\/\/blogdofarnesio.com.br\/index.php?rest_route=%2Fwp%2Fv2%2Ftags&post=315355"}],"curies":[{"name":"wp","href":"https:\/\/api.w.org\/{rel}","templated":true}]}}