{"id":315174,"date":"2022-06-09T17:33:59","date_gmt":"2022-06-09T20:33:59","guid":{"rendered":"https:\/\/blogdofarnesio.com.br\/?p=315174"},"modified":"2022-06-09T13:33:39","modified_gmt":"2022-06-09T16:33:39","slug":"gonzaga-patriota-defende-suspensao-de-portaria-que-prejudica-o-transporte-alternativo","status":"publish","type":"post","link":"https:\/\/blogdofarnesio.com.br\/?p=315174","title":{"rendered":"Gonzaga Patriota defende suspens\u00e3o de portaria que prejudica o transporte alternativo"},"content":{"rendered":"<p>O deputado federal Gonzaga Patriota (PSB) votou favor\u00e1vel ao Projeto de Decreto Legislativo (PDL) 69\/22 que suspende portaria da Ag\u00eancia Nacional de Transportes Terrestres (ANTT) que padronizou os procedimentos de fiscaliza\u00e7\u00e3o do transporte clandestino de passageiros em todo o Pa\u00eds. A proposta foi analisada, nesta quarta-feira (8), na Comiss\u00e3o de Via\u00e7\u00e3o e Transportes da C\u00e2mara dos Deputados.<\/p>\n<p>\u201cO PSB votar\u00e1 favor\u00e1vel ao PDL 69. J\u00e1 fui, h\u00e1 30 anos, Secret\u00e1rio Nacional de Tr\u00e2nsito, durante o governo de Itamar Franco. Naquele tempo, era um monop\u00f3lio bem maior do que \u00e9 hoje, uma oligarquia dessas empresas e a gente conseguiu combater um pouco essa pr\u00e1tica e modernizar as demais op\u00e7\u00f5es de transporte, como o t\u00e1xi, motot\u00e1xi, uber e o transporte alternativo. Portanto, vamos votar favor\u00e1vel, pois essa Portaria prejudica todo o setor de transporte coletivo rodovi\u00e1rio alternativo de passageiros\u201d, disse Patriota.<\/p>\n<p>A suspens\u00e3o foi pedida pelo deputado M\u00e1rcio Labre (PL -RJ). Segundo ele, a Portaria 27\/22 ampliou o conceito de transporte clandestino de passageiros, em desconformidade com a S\u00famula 11\/21, norma hierarquicamente superior.<\/p>\n<p>A s\u00famula define transporte clandestino de passageiros como aquele realizado por pessoa f\u00edsica ou jur\u00eddica, sem autoriza\u00e7\u00e3o lavrada pela ANTT. A portaria, segundo o deputado, elencou cerca de 10 situa\u00e7\u00f5es pass\u00edveis de atua\u00e7\u00e3o da fiscaliza\u00e7\u00e3o, e para cada caso determina as medidas cab\u00edveis.<\/p>\n<p>O Projeto est\u00e1 sendo analisado pelas comiss\u00f5es de Via\u00e7\u00e3o e Transportes; e de Constitui\u00e7\u00e3o e Justi\u00e7a e de Cidadania (CCJ). Em seguida, o texto ser\u00e1 votado pelo Plen\u00e1rio da C\u00e2mara.<\/p>\n","protected":false},"excerpt":{"rendered":"<p>O deputado federal Gonzaga Patriota (PSB) votou favor\u00e1vel ao Projeto de Decreto Legislativo (PDL) 69\/22 que suspende portaria da Ag\u00eancia Nacional de Transportes Terrestres (ANTT) que padronizou os procedimentos de fiscaliza\u00e7\u00e3o do transporte clandestino de passageiros em todo o Pa\u00eds. A proposta foi analisada, nesta quarta-feira (8), na Comiss\u00e3o de Via\u00e7\u00e3o e Transportes da C\u00e2mara dos Deputados. \u201cO PSB votar\u00e1 favor\u00e1vel ao PDL 69. J\u00e1 fui, h\u00e1 30 anos, Secret\u00e1rio Nacional de Tr\u00e2nsito, durante o governo de Itamar Franco. Naquele tempo, era um monop\u00f3lio bem maior do que \u00e9 hoje, uma oligarquia dessas empresas e a gente conseguiu combater um pouco essa pr\u00e1tica e modernizar as demais op\u00e7\u00f5es de transporte, como o t\u00e1xi, motot\u00e1xi, uber e o transporte alternativo. Portanto,&hellip; <\/p>\n","protected":false},"author":2,"featured_media":268488,"comment_status":"open","ping_status":"open","sticky":false,"template":"","format":"standard","meta":{"_acf_changed":false,"footnotes":""},"categories":[1],"tags":[],"class_list":["post-315174","post","type-post","status-publish","format-standard","has-post-thumbnail","hentry","category-politica"],"acf":[],"yoast_head":"<!-- This site is optimized with the Yoast SEO plugin v27.4 - https:\/\/yoast.com\/product\/yoast-seo-wordpress\/ -->\n<title>Gonzaga Patriota defende suspens\u00e3o de portaria que prejudica o transporte alternativo - Blog do Farn\u00e9sio<\/title>\n<meta name=\"robots\" content=\"index, follow, max-snippet:-1, max-image-preview:large, max-video-preview:-1\" \/>\n<link rel=\"canonical\" href=\"https:\/\/blogdofarnesio.com.br\/?p=315174\" \/>\n<meta property=\"og:locale\" content=\"pt_BR\" \/>\n<meta property=\"og:type\" content=\"article\" \/>\n<meta property=\"og:title\" content=\"Gonzaga Patriota defende suspens\u00e3o de portaria que prejudica o transporte alternativo - Blog do Farn\u00e9sio\" \/>\n<meta property=\"og:description\" content=\"O deputado federal Gonzaga Patriota (PSB) votou favor\u00e1vel ao Projeto de Decreto Legislativo (PDL) 69\/22 que suspende portaria da Ag\u00eancia Nacional de Transportes Terrestres (ANTT) que padronizou os procedimentos de fiscaliza\u00e7\u00e3o do transporte clandestino de passageiros em todo o Pa\u00eds. A proposta foi analisada, nesta quarta-feira (8), na Comiss\u00e3o de Via\u00e7\u00e3o e Transportes da C\u00e2mara dos Deputados. \u201cO PSB votar\u00e1 favor\u00e1vel ao PDL 69. J\u00e1 fui, h\u00e1 30 anos, Secret\u00e1rio Nacional de Tr\u00e2nsito, durante o governo de Itamar Franco. Naquele tempo, era um monop\u00f3lio bem maior do que \u00e9 hoje, uma oligarquia dessas empresas e a gente conseguiu combater um pouco essa pr\u00e1tica e modernizar as demais op\u00e7\u00f5es de transporte, como o t\u00e1xi, motot\u00e1xi, uber e o transporte alternativo. Portanto,&hellip;\" \/>\n<meta property=\"og:url\" content=\"https:\/\/blogdofarnesio.com.br\/?p=315174\" \/>\n<meta property=\"og:site_name\" content=\"Blog do Farn\u00e9sio\" \/>\n<meta property=\"article:publisher\" content=\"https:\/\/www.facebook.com\/BlogQuerSaberPolitica\/\" \/>\n<meta property=\"article:author\" content=\"https:\/\/www.facebook.com\/?ref=tn_tnmn\" \/>\n<meta property=\"article:published_time\" content=\"2022-06-09T20:33:59+00:00\" \/>\n<meta property=\"og:image\" content=\"https:\/\/blogdofarnesio.com.br\/wp-content\/uploads\/2020\/09\/blogqspdep-Gonzaga-Patriota.jpg\" \/>\n\t<meta property=\"og:image:width\" content=\"640\" \/>\n\t<meta property=\"og:image:height\" content=\"360\" \/>\n\t<meta property=\"og:image:type\" content=\"image\/jpeg\" \/>\n<meta name=\"author\" content=\"Farn\u00e9sio\" \/>\n<meta name=\"twitter:card\" content=\"summary_large_image\" \/>\n<meta name=\"twitter:label1\" content=\"Escrito por\" \/>\n\t<meta name=\"twitter:data1\" content=\"Farn\u00e9sio\" \/>\n\t<meta name=\"twitter:label2\" content=\"Est. tempo de leitura\" \/>\n\t<meta name=\"twitter:data2\" content=\"2 minutos\" \/>\n<script type=\"application\/ld+json\" class=\"yoast-schema-graph\">{\"@context\":\"https:\\\/\\\/schema.org\",\"@graph\":[{\"@type\":\"Article\",\"@id\":\"https:\\\/\\\/blogdofarnesio.com.br\\\/?p=315174#article\",\"isPartOf\":{\"@id\":\"https:\\\/\\\/blogdofarnesio.com.br\\\/?p=315174\"},\"author\":{\"name\":\"Farn\u00e9sio\",\"@id\":\"https:\\\/\\\/blogdofarnesio.com.br\\\/#\\\/schema\\\/person\\\/bb9b23ae3ad0609ce8df7b6c9e76824d\"},\"headline\":\"Gonzaga Patriota defende suspens\u00e3o de portaria que prejudica o transporte alternativo\",\"datePublished\":\"2022-06-09T20:33:59+00:00\",\"mainEntityOfPage\":{\"@id\":\"https:\\\/\\\/blogdofarnesio.com.br\\\/?p=315174\"},\"wordCount\":283,\"commentCount\":0,\"publisher\":{\"@id\":\"https:\\\/\\\/blogdofarnesio.com.br\\\/#organization\"},\"image\":{\"@id\":\"https:\\\/\\\/blogdofarnesio.com.br\\\/?p=315174#primaryimage\"},\"thumbnailUrl\":\"https:\\\/\\\/blogdofarnesio.com.br\\\/wp-content\\\/uploads\\\/2020\\\/09\\\/blogqspdep-Gonzaga-Patriota.jpg\",\"articleSection\":[\"Pol\u00edtica\"],\"inLanguage\":\"pt-BR\",\"potentialAction\":[{\"@type\":\"CommentAction\",\"name\":\"Comment\",\"target\":[\"https:\\\/\\\/blogdofarnesio.com.br\\\/?p=315174#respond\"]}]},{\"@type\":\"WebPage\",\"@id\":\"https:\\\/\\\/blogdofarnesio.com.br\\\/?p=315174\",\"url\":\"https:\\\/\\\/blogdofarnesio.com.br\\\/?p=315174\",\"name\":\"Gonzaga Patriota defende suspens\u00e3o de portaria que prejudica o transporte alternativo - Blog do Farn\u00e9sio\",\"isPartOf\":{\"@id\":\"https:\\\/\\\/blogdofarnesio.com.br\\\/#website\"},\"primaryImageOfPage\":{\"@id\":\"https:\\\/\\\/blogdofarnesio.com.br\\\/?p=315174#primaryimage\"},\"image\":{\"@id\":\"https:\\\/\\\/blogdofarnesio.com.br\\\/?p=315174#primaryimage\"},\"thumbnailUrl\":\"https:\\\/\\\/blogdofarnesio.com.br\\\/wp-content\\\/uploads\\\/2020\\\/09\\\/blogqspdep-Gonzaga-Patriota.jpg\",\"datePublished\":\"2022-06-09T20:33:59+00:00\",\"breadcrumb\":{\"@id\":\"https:\\\/\\\/blogdofarnesio.com.br\\\/?p=315174#breadcrumb\"},\"inLanguage\":\"pt-BR\",\"potentialAction\":[{\"@type\":\"ReadAction\",\"target\":[\"https:\\\/\\\/blogdofarnesio.com.br\\\/?p=315174\"]}]},{\"@type\":\"ImageObject\",\"inLanguage\":\"pt-BR\",\"@id\":\"https:\\\/\\\/blogdofarnesio.com.br\\\/?p=315174#primaryimage\",\"url\":\"https:\\\/\\\/blogdofarnesio.com.br\\\/wp-content\\\/uploads\\\/2020\\\/09\\\/blogqspdep-Gonzaga-Patriota.jpg\",\"contentUrl\":\"https:\\\/\\\/blogdofarnesio.com.br\\\/wp-content\\\/uploads\\\/2020\\\/09\\\/blogqspdep-Gonzaga-Patriota.jpg\",\"width\":640,\"height\":360},{\"@type\":\"BreadcrumbList\",\"@id\":\"https:\\\/\\\/blogdofarnesio.com.br\\\/?p=315174#breadcrumb\",\"itemListElement\":[{\"@type\":\"ListItem\",\"position\":1,\"name\":\"In\u00edcio\",\"item\":\"https:\\\/\\\/blogdofarnesio.com.br\\\/\"},{\"@type\":\"ListItem\",\"position\":2,\"name\":\"Gonzaga Patriota defende suspens\u00e3o de portaria que prejudica o transporte alternativo\"}]},{\"@type\":\"WebSite\",\"@id\":\"https:\\\/\\\/blogdofarnesio.com.br\\\/#website\",\"url\":\"https:\\\/\\\/blogdofarnesio.com.br\\\/\",\"name\":\"Blog do Farn\u00e9sio\",\"description\":\"Quer Saber Pol\u00edtica?\",\"publisher\":{\"@id\":\"https:\\\/\\\/blogdofarnesio.com.br\\\/#organization\"},\"potentialAction\":[{\"@type\":\"SearchAction\",\"target\":{\"@type\":\"EntryPoint\",\"urlTemplate\":\"https:\\\/\\\/blogdofarnesio.com.br\\\/?s={search_term_string}\"},\"query-input\":{\"@type\":\"PropertyValueSpecification\",\"valueRequired\":true,\"valueName\":\"search_term_string\"}}],\"inLanguage\":\"pt-BR\"},{\"@type\":\"Organization\",\"@id\":\"https:\\\/\\\/blogdofarnesio.com.br\\\/#organization\",\"name\":\"Blog do Farn\u00e9sio\",\"url\":\"https:\\\/\\\/blogdofarnesio.com.br\\\/\",\"logo\":{\"@type\":\"ImageObject\",\"inLanguage\":\"pt-BR\",\"@id\":\"https:\\\/\\\/blogdofarnesio.com.br\\\/#\\\/schema\\\/logo\\\/image\\\/\",\"url\":\"https:\\\/\\\/blogdofarnesio.com.br\\\/wp-content\\\/uploads\\\/2026\\\/03\\\/cropped-logo_new-1.png\",\"contentUrl\":\"https:\\\/\\\/blogdofarnesio.com.br\\\/wp-content\\\/uploads\\\/2026\\\/03\\\/cropped-logo_new-1.png\",\"width\":881,\"height\":685,\"caption\":\"Blog do Farn\u00e9sio\"},\"image\":{\"@id\":\"https:\\\/\\\/blogdofarnesio.com.br\\\/#\\\/schema\\\/logo\\\/image\\\/\"},\"sameAs\":[\"https:\\\/\\\/www.facebook.com\\\/BlogQuerSaberPolitica\\\/\"]},{\"@type\":\"Person\",\"@id\":\"https:\\\/\\\/blogdofarnesio.com.br\\\/#\\\/schema\\\/person\\\/bb9b23ae3ad0609ce8df7b6c9e76824d\",\"name\":\"Farn\u00e9sio\",\"image\":{\"@type\":\"ImageObject\",\"inLanguage\":\"pt-BR\",\"@id\":\"https:\\\/\\\/secure.gravatar.com\\\/avatar\\\/986aa4c61ccdb66f8555bf88fc2a65609d00bcabd4d2d94377a727547345cbca?s=96&d=mm&r=g\",\"url\":\"https:\\\/\\\/secure.gravatar.com\\\/avatar\\\/986aa4c61ccdb66f8555bf88fc2a65609d00bcabd4d2d94377a727547345cbca?s=96&d=mm&r=g\",\"contentUrl\":\"https:\\\/\\\/secure.gravatar.com\\\/avatar\\\/986aa4c61ccdb66f8555bf88fc2a65609d00bcabd4d2d94377a727547345cbca?s=96&d=mm&r=g\",\"caption\":\"Farn\u00e9sio\"},\"description\":\"Radialista blogueiro, chegou a Petrolina\\\/Juazeiro em setembro de 1980, Farn\u00e9sio Silva \u00e9 de Arapiraca-Alagoas.\",\"sameAs\":[\"http:\\\/\\\/blogdofarnesio.com.br\",\"https:\\\/\\\/www.facebook.com\\\/?ref=tn_tnmn\",\"https:\\\/\\\/www.instagram.com\\\/?utm_source=pwa_homescreen\",\"https:\\\/\\\/youtube.com.br\\\/\"],\"url\":\"https:\\\/\\\/blogdofarnesio.com.br\\\/?author=2\"}]}<\/script>\n<!-- \/ Yoast SEO plugin. -->","yoast_head_json":{"title":"Gonzaga Patriota defende suspens\u00e3o de portaria que prejudica o transporte alternativo - Blog do Farn\u00e9sio","robots":{"index":"index","follow":"follow","max-snippet":"max-snippet:-1","max-image-preview":"max-image-preview:large","max-video-preview":"max-video-preview:-1"},"canonical":"https:\/\/blogdofarnesio.com.br\/?p=315174","og_locale":"pt_BR","og_type":"article","og_title":"Gonzaga Patriota defende suspens\u00e3o de portaria que prejudica o transporte alternativo - Blog do Farn\u00e9sio","og_description":"O deputado federal Gonzaga Patriota (PSB) votou favor\u00e1vel ao Projeto de Decreto Legislativo (PDL) 69\/22 que suspende portaria da Ag\u00eancia Nacional de Transportes Terrestres (ANTT) que padronizou os procedimentos de fiscaliza\u00e7\u00e3o do transporte clandestino de passageiros em todo o Pa\u00eds. A proposta foi analisada, nesta quarta-feira (8), na Comiss\u00e3o de Via\u00e7\u00e3o e Transportes da C\u00e2mara dos Deputados. \u201cO PSB votar\u00e1 favor\u00e1vel ao PDL 69. J\u00e1 fui, h\u00e1 30 anos, Secret\u00e1rio Nacional de Tr\u00e2nsito, durante o governo de Itamar Franco. Naquele tempo, era um monop\u00f3lio bem maior do que \u00e9 hoje, uma oligarquia dessas empresas e a gente conseguiu combater um pouco essa pr\u00e1tica e modernizar as demais op\u00e7\u00f5es de transporte, como o t\u00e1xi, motot\u00e1xi, uber e o transporte alternativo. Portanto,&hellip;","og_url":"https:\/\/blogdofarnesio.com.br\/?p=315174","og_site_name":"Blog do Farn\u00e9sio","article_publisher":"https:\/\/www.facebook.com\/BlogQuerSaberPolitica\/","article_author":"https:\/\/www.facebook.com\/?ref=tn_tnmn","article_published_time":"2022-06-09T20:33:59+00:00","og_image":[{"width":640,"height":360,"url":"https:\/\/blogdofarnesio.com.br\/wp-content\/uploads\/2020\/09\/blogqspdep-Gonzaga-Patriota.jpg","type":"image\/jpeg"}],"author":"Farn\u00e9sio","twitter_card":"summary_large_image","twitter_misc":{"Escrito por":"Farn\u00e9sio","Est. tempo de leitura":"2 minutos"},"schema":{"@context":"https:\/\/schema.org","@graph":[{"@type":"Article","@id":"https:\/\/blogdofarnesio.com.br\/?p=315174#article","isPartOf":{"@id":"https:\/\/blogdofarnesio.com.br\/?p=315174"},"author":{"name":"Farn\u00e9sio","@id":"https:\/\/blogdofarnesio.com.br\/#\/schema\/person\/bb9b23ae3ad0609ce8df7b6c9e76824d"},"headline":"Gonzaga Patriota defende suspens\u00e3o de portaria que prejudica o transporte alternativo","datePublished":"2022-06-09T20:33:59+00:00","mainEntityOfPage":{"@id":"https:\/\/blogdofarnesio.com.br\/?p=315174"},"wordCount":283,"commentCount":0,"publisher":{"@id":"https:\/\/blogdofarnesio.com.br\/#organization"},"image":{"@id":"https:\/\/blogdofarnesio.com.br\/?p=315174#primaryimage"},"thumbnailUrl":"https:\/\/blogdofarnesio.com.br\/wp-content\/uploads\/2020\/09\/blogqspdep-Gonzaga-Patriota.jpg","articleSection":["Pol\u00edtica"],"inLanguage":"pt-BR","potentialAction":[{"@type":"CommentAction","name":"Comment","target":["https:\/\/blogdofarnesio.com.br\/?p=315174#respond"]}]},{"@type":"WebPage","@id":"https:\/\/blogdofarnesio.com.br\/?p=315174","url":"https:\/\/blogdofarnesio.com.br\/?p=315174","name":"Gonzaga Patriota defende suspens\u00e3o de portaria que prejudica o transporte alternativo - Blog do Farn\u00e9sio","isPartOf":{"@id":"https:\/\/blogdofarnesio.com.br\/#website"},"primaryImageOfPage":{"@id":"https:\/\/blogdofarnesio.com.br\/?p=315174#primaryimage"},"image":{"@id":"https:\/\/blogdofarnesio.com.br\/?p=315174#primaryimage"},"thumbnailUrl":"https:\/\/blogdofarnesio.com.br\/wp-content\/uploads\/2020\/09\/blogqspdep-Gonzaga-Patriota.jpg","datePublished":"2022-06-09T20:33:59+00:00","breadcrumb":{"@id":"https:\/\/blogdofarnesio.com.br\/?p=315174#breadcrumb"},"inLanguage":"pt-BR","potentialAction":[{"@type":"ReadAction","target":["https:\/\/blogdofarnesio.com.br\/?p=315174"]}]},{"@type":"ImageObject","inLanguage":"pt-BR","@id":"https:\/\/blogdofarnesio.com.br\/?p=315174#primaryimage","url":"https:\/\/blogdofarnesio.com.br\/wp-content\/uploads\/2020\/09\/blogqspdep-Gonzaga-Patriota.jpg","contentUrl":"https:\/\/blogdofarnesio.com.br\/wp-content\/uploads\/2020\/09\/blogqspdep-Gonzaga-Patriota.jpg","width":640,"height":360},{"@type":"BreadcrumbList","@id":"https:\/\/blogdofarnesio.com.br\/?p=315174#breadcrumb","itemListElement":[{"@type":"ListItem","position":1,"name":"In\u00edcio","item":"https:\/\/blogdofarnesio.com.br\/"},{"@type":"ListItem","position":2,"name":"Gonzaga Patriota defende suspens\u00e3o de portaria que prejudica o transporte alternativo"}]},{"@type":"WebSite","@id":"https:\/\/blogdofarnesio.com.br\/#website","url":"https:\/\/blogdofarnesio.com.br\/","name":"Blog do Farn\u00e9sio","description":"Quer Saber Pol\u00edtica?","publisher":{"@id":"https:\/\/blogdofarnesio.com.br\/#organization"},"potentialAction":[{"@type":"SearchAction","target":{"@type":"EntryPoint","urlTemplate":"https:\/\/blogdofarnesio.com.br\/?s={search_term_string}"},"query-input":{"@type":"PropertyValueSpecification","valueRequired":true,"valueName":"search_term_string"}}],"inLanguage":"pt-BR"},{"@type":"Organization","@id":"https:\/\/blogdofarnesio.com.br\/#organization","name":"Blog do Farn\u00e9sio","url":"https:\/\/blogdofarnesio.com.br\/","logo":{"@type":"ImageObject","inLanguage":"pt-BR","@id":"https:\/\/blogdofarnesio.com.br\/#\/schema\/logo\/image\/","url":"https:\/\/blogdofarnesio.com.br\/wp-content\/uploads\/2026\/03\/cropped-logo_new-1.png","contentUrl":"https:\/\/blogdofarnesio.com.br\/wp-content\/uploads\/2026\/03\/cropped-logo_new-1.png","width":881,"height":685,"caption":"Blog do Farn\u00e9sio"},"image":{"@id":"https:\/\/blogdofarnesio.com.br\/#\/schema\/logo\/image\/"},"sameAs":["https:\/\/www.facebook.com\/BlogQuerSaberPolitica\/"]},{"@type":"Person","@id":"https:\/\/blogdofarnesio.com.br\/#\/schema\/person\/bb9b23ae3ad0609ce8df7b6c9e76824d","name":"Farn\u00e9sio","image":{"@type":"ImageObject","inLanguage":"pt-BR","@id":"https:\/\/secure.gravatar.com\/avatar\/986aa4c61ccdb66f8555bf88fc2a65609d00bcabd4d2d94377a727547345cbca?s=96&d=mm&r=g","url":"https:\/\/secure.gravatar.com\/avatar\/986aa4c61ccdb66f8555bf88fc2a65609d00bcabd4d2d94377a727547345cbca?s=96&d=mm&r=g","contentUrl":"https:\/\/secure.gravatar.com\/avatar\/986aa4c61ccdb66f8555bf88fc2a65609d00bcabd4d2d94377a727547345cbca?s=96&d=mm&r=g","caption":"Farn\u00e9sio"},"description":"Radialista blogueiro, chegou a Petrolina\/Juazeiro em setembro de 1980, Farn\u00e9sio Silva \u00e9 de Arapiraca-Alagoas.","sameAs":["http:\/\/blogdofarnesio.com.br","https:\/\/www.facebook.com\/?ref=tn_tnmn","https:\/\/www.instagram.com\/?utm_source=pwa_homescreen","https:\/\/youtube.com.br\/"],"url":"https:\/\/blogdofarnesio.com.br\/?author=2"}]}},"_links":{"self":[{"href":"https:\/\/blogdofarnesio.com.br\/index.php?rest_route=\/wp\/v2\/posts\/315174","targetHints":{"allow":["GET"]}}],"collection":[{"href":"https:\/\/blogdofarnesio.com.br\/index.php?rest_route=\/wp\/v2\/posts"}],"about":[{"href":"https:\/\/blogdofarnesio.com.br\/index.php?rest_route=\/wp\/v2\/types\/post"}],"author":[{"embeddable":true,"href":"https:\/\/blogdofarnesio.com.br\/index.php?rest_route=\/wp\/v2\/users\/2"}],"replies":[{"embeddable":true,"href":"https:\/\/blogdofarnesio.com.br\/index.php?rest_route=%2Fwp%2Fv2%2Fcomments&post=315174"}],"version-history":[{"count":0,"href":"https:\/\/blogdofarnesio.com.br\/index.php?rest_route=\/wp\/v2\/posts\/315174\/revisions"}],"wp:featuredmedia":[{"embeddable":true,"href":"https:\/\/blogdofarnesio.com.br\/index.php?rest_route=\/wp\/v2\/media\/268488"}],"wp:attachment":[{"href":"https:\/\/blogdofarnesio.com.br\/index.php?rest_route=%2Fwp%2Fv2%2Fmedia&parent=315174"}],"wp:term":[{"taxonomy":"category","embeddable":true,"href":"https:\/\/blogdofarnesio.com.br\/index.php?rest_route=%2Fwp%2Fv2%2Fcategories&post=315174"},{"taxonomy":"post_tag","embeddable":true,"href":"https:\/\/blogdofarnesio.com.br\/index.php?rest_route=%2Fwp%2Fv2%2Ftags&post=315174"}],"curies":[{"name":"wp","href":"https:\/\/api.w.org\/{rel}","templated":true}]}}