{"id":315153,"date":"2022-06-09T16:23:26","date_gmt":"2022-06-09T19:23:26","guid":{"rendered":"https:\/\/blogdofarnesio.com.br\/?p=315153"},"modified":"2022-06-09T13:03:24","modified_gmt":"2022-06-09T16:03:24","slug":"alunos-da-educacao-infantil-de-juazeiro-vivenciam-atividades-da-semana-do-meio-ambiente","status":"publish","type":"post","link":"https:\/\/blogdofarnesio.com.br\/?p=315153","title":{"rendered":"Alunos da educa\u00e7\u00e3o infantil de Juazeiro vivenciam a Semana do Meio Ambiente"},"content":{"rendered":"<p style=\"font-weight: 400;\">A EMEI Caic Misael Aguilar, localizada no bairro Malhada da Areia, participou ontem (8) da programa\u00e7\u00e3o da Semana do Meio Ambiente, promovida pela Prefeitura de Juazeiro, atrav\u00e9s das secretarias de Meio Ambiente e Ordenamento Urbano (Semaurb), de Educa\u00e7\u00e3o e Juventude (Seduc) e Servi\u00e7o de \u00c1gua e Saneamento Ambiental (SAAE). Este ano o evento aborda o tema \u201cSustentabilidade se faz com atitudes positivas\u201d.<\/p>\n<p style=\"font-weight: 400;\">Durante a a\u00e7\u00e3o, os alunos da educa\u00e7\u00e3o infantil assistiram a uma palestra sobre a preserva\u00e7\u00e3o dos recursos naturais, como a \u00e1gua, com a equipe social do SAAE e participa\u00e7\u00e3o do gerente da empresa Prestlimp, Domingos Ribeiro. Os estudantes aprenderam que despejar \u00f3leo de cozinha direto na rede de esgoto, al\u00e9m de causar entupimento da tubula\u00e7\u00e3o, tamb\u00e9m pode poluir o rio S\u00e3o Francisco.<\/p>\n<p style=\"font-weight: 400;\">As crian\u00e7as aprenderam um pouco sobre o descarte correto do lixo e os cuidados com a natureza, atrav\u00e9s de brincadeiras e atividades l\u00fadicas, com a musicista Lara Bless e com o patrono da Academia Brasileira de Contadores de Hist\u00f3rias, William Fernando Soares.<\/p>\n<p style=\"font-weight: 400;\">\u201cTrabalhar de forma l\u00fadica torna a mensagem mais significativa para as crian\u00e7as. E\u00a0falando principalmente do meio ambiente, do Rio S\u00e3o Francisco, do cuidado como um todo. E tem algumas crian\u00e7as que j\u00e1 t\u00eam uma consci\u00eancia de n\u00e3o jogar lixo no ch\u00e3o, de saber os cuidados com a natureza. Ou seja, h\u00e1 uma leitura de mundo que as crian\u00e7as fazem do seu pr\u00f3prio bairro, da sua rua e tamb\u00e9m se tornam conscientes no inconsciente, falam sobre meio ambiente sem mesmo saber a tal import\u00e2ncia. Mas mesmo ali pequenininha j\u00e1 existe uma semente plantada. E atrav\u00e9s das a\u00e7\u00f5es da Semana do Meio Ambiente v\u00e1rias sementes est\u00e3o sendo plantadas\u201d, pontuou o patrono da ABCH.<\/p>\n<p style=\"font-weight: 400;\">\u201cAchei uma maravilha a programa\u00e7\u00e3o, porque a escola tamb\u00e9m estava trabalhando assuntos sobre meio ambiente e essa a\u00e7\u00e3o vem ajudar os alunos e os professores. Todo contexto de ludicidade na educa\u00e7\u00e3o infantil \u00e9 v\u00e1lido, porque muitas vezes os alunos n\u00e3o conseguem entender algo que est\u00e1 sendo dito, mas guardam o que est\u00e1 sendo mostrado, ent\u00e3o isso \u00e9 de extrema import\u00e2ncia e necessidade\u201d, completou o gestor escolar Francismar Ara\u00fajo.<\/p>\n<p style=\"font-weight: 400;\"><strong>Arboriza\u00e7\u00e3o<\/strong><\/p>\n<p style=\"font-weight: 400;\">A EMEI Caic Misael Aguilar tamb\u00e9m ganhou um presente da equipe de meio ambiente da Semaurb, com apoio da empresa Agrovale. 34 mudas de esp\u00e9cies nativas foram plantadas no jardim da escola. Alguns estudantes tamb\u00e9m quiseram ajudar e desde cedo aprender a import\u00e2ncia de cuidar da natureza.<\/p>\n<p style=\"font-weight: 400;\">\u201cA programa\u00e7\u00e3o da Semana do Meio Ambiente deste ano \u00e9 voltada para import\u00e2ncia do cuidado com o meio ambiente e como a popula\u00e7\u00e3o pode ajudar a diminuir os impactos ambientais, contribuindo desde a inf\u00e2ncia com atitudes positivas que tragam benef\u00edcios para o meio ambiente. Esse \u00e9 o papel da educa\u00e7\u00e3o ambiental, ensinar as crian\u00e7as, os adolescentes e conscientizar os adultos para a import\u00e2ncia de todos fazerem sua parte. E mais uma vez a receptividade das escolas e das comunidades est\u00e1 sendo maravilhosa\u201d, destacou a educadora ambiental da Semaurb, Thalita Carvalho.<\/p>\n<p style=\"font-weight: 400;\">Texto: Ed\u00edsia Santos \u2013 Ascom Semaurb\/ PMJ<\/p>\n","protected":false},"excerpt":{"rendered":"<p>A EMEI Caic Misael Aguilar, localizada no bairro Malhada da Areia, participou ontem (8) da programa\u00e7\u00e3o da Semana do Meio Ambiente, promovida pela Prefeitura de Juazeiro, atrav\u00e9s das secretarias de Meio Ambiente e Ordenamento Urbano (Semaurb), de Educa\u00e7\u00e3o e Juventude (Seduc) e Servi\u00e7o de \u00c1gua e Saneamento Ambiental (SAAE). Este ano o evento aborda o tema \u201cSustentabilidade se faz com atitudes positivas\u201d. Durante a a\u00e7\u00e3o, os alunos da educa\u00e7\u00e3o infantil assistiram a uma palestra sobre a preserva\u00e7\u00e3o dos recursos naturais, como a \u00e1gua, com a equipe social do SAAE e participa\u00e7\u00e3o do gerente da empresa Prestlimp, Domingos Ribeiro. Os estudantes aprenderam que despejar \u00f3leo de cozinha direto na rede de esgoto, al\u00e9m de causar entupimento da tubula\u00e7\u00e3o, tamb\u00e9m pode poluir&hellip; <\/p>\n","protected":false},"author":2,"featured_media":315155,"comment_status":"open","ping_status":"open","sticky":false,"template":"","format":"standard","meta":{"_acf_changed":false,"footnotes":""},"categories":[6],"tags":[],"class_list":["post-315153","post","type-post","status-publish","format-standard","has-post-thumbnail","hentry","category-educacao"],"acf":[],"yoast_head":"<!-- This site is optimized with the Yoast SEO plugin v27.4 - https:\/\/yoast.com\/product\/yoast-seo-wordpress\/ -->\n<title>Alunos da educa\u00e7\u00e3o infantil de Juazeiro vivenciam a Semana do Meio Ambiente - Blog do Farn\u00e9sio<\/title>\n<meta name=\"robots\" content=\"index, follow, max-snippet:-1, max-image-preview:large, max-video-preview:-1\" \/>\n<link rel=\"canonical\" href=\"https:\/\/blogdofarnesio.com.br\/?p=315153\" \/>\n<meta property=\"og:locale\" content=\"pt_BR\" \/>\n<meta property=\"og:type\" content=\"article\" \/>\n<meta property=\"og:title\" content=\"Alunos da educa\u00e7\u00e3o infantil de Juazeiro vivenciam a Semana do Meio Ambiente - Blog do Farn\u00e9sio\" \/>\n<meta property=\"og:description\" content=\"A EMEI Caic Misael Aguilar, localizada no bairro Malhada da Areia, participou ontem (8) da programa\u00e7\u00e3o da Semana do Meio Ambiente, promovida pela Prefeitura de Juazeiro, atrav\u00e9s das secretarias de Meio Ambiente e Ordenamento Urbano (Semaurb), de Educa\u00e7\u00e3o e Juventude (Seduc) e Servi\u00e7o de \u00c1gua e Saneamento Ambiental (SAAE). Este ano o evento aborda o tema \u201cSustentabilidade se faz com atitudes positivas\u201d. Durante a a\u00e7\u00e3o, os alunos da educa\u00e7\u00e3o infantil assistiram a uma palestra sobre a preserva\u00e7\u00e3o dos recursos naturais, como a \u00e1gua, com a equipe social do SAAE e participa\u00e7\u00e3o do gerente da empresa Prestlimp, Domingos Ribeiro. Os estudantes aprenderam que despejar \u00f3leo de cozinha direto na rede de esgoto, al\u00e9m de causar entupimento da tubula\u00e7\u00e3o, tamb\u00e9m pode poluir&hellip;\" \/>\n<meta property=\"og:url\" content=\"https:\/\/blogdofarnesio.com.br\/?p=315153\" \/>\n<meta property=\"og:site_name\" content=\"Blog do Farn\u00e9sio\" \/>\n<meta property=\"article:publisher\" content=\"https:\/\/www.facebook.com\/BlogQuerSaberPolitica\/\" \/>\n<meta property=\"article:author\" content=\"https:\/\/www.facebook.com\/?ref=tn_tnmn\" \/>\n<meta property=\"article:published_time\" content=\"2022-06-09T19:23:26+00:00\" \/>\n<meta property=\"og:image\" content=\"https:\/\/blogdofarnesio.com.br\/wp-content\/uploads\/2022\/06\/blogqspjua-criancas-ambiente-1-e1654790486741.jpeg\" \/>\n\t<meta property=\"og:image:width\" content=\"600\" \/>\n\t<meta property=\"og:image:height\" content=\"449\" \/>\n\t<meta property=\"og:image:type\" content=\"image\/jpeg\" \/>\n<meta name=\"author\" content=\"Farn\u00e9sio\" \/>\n<meta name=\"twitter:card\" content=\"summary_large_image\" \/>\n<meta name=\"twitter:label1\" content=\"Escrito por\" \/>\n\t<meta name=\"twitter:data1\" content=\"Farn\u00e9sio\" \/>\n\t<meta name=\"twitter:label2\" content=\"Est. tempo de leitura\" \/>\n\t<meta name=\"twitter:data2\" content=\"3 minutos\" \/>\n<script type=\"application\/ld+json\" class=\"yoast-schema-graph\">{\"@context\":\"https:\\\/\\\/schema.org\",\"@graph\":[{\"@type\":\"Article\",\"@id\":\"https:\\\/\\\/blogdofarnesio.com.br\\\/?p=315153#article\",\"isPartOf\":{\"@id\":\"https:\\\/\\\/blogdofarnesio.com.br\\\/?p=315153\"},\"author\":{\"name\":\"Farn\u00e9sio\",\"@id\":\"https:\\\/\\\/blogdofarnesio.com.br\\\/#\\\/schema\\\/person\\\/bb9b23ae3ad0609ce8df7b6c9e76824d\"},\"headline\":\"Alunos da educa\u00e7\u00e3o infantil de Juazeiro vivenciam a Semana do Meio Ambiente\",\"datePublished\":\"2022-06-09T19:23:26+00:00\",\"mainEntityOfPage\":{\"@id\":\"https:\\\/\\\/blogdofarnesio.com.br\\\/?p=315153\"},\"wordCount\":552,\"commentCount\":0,\"publisher\":{\"@id\":\"https:\\\/\\\/blogdofarnesio.com.br\\\/#organization\"},\"image\":{\"@id\":\"https:\\\/\\\/blogdofarnesio.com.br\\\/?p=315153#primaryimage\"},\"thumbnailUrl\":\"https:\\\/\\\/blogdofarnesio.com.br\\\/wp-content\\\/uploads\\\/2022\\\/06\\\/blogqspjua-criancas-ambiente-1-e1654790486741.jpeg\",\"articleSection\":[\"Educa\u00e7\u00e3o\"],\"inLanguage\":\"pt-BR\",\"potentialAction\":[{\"@type\":\"CommentAction\",\"name\":\"Comment\",\"target\":[\"https:\\\/\\\/blogdofarnesio.com.br\\\/?p=315153#respond\"]}]},{\"@type\":\"WebPage\",\"@id\":\"https:\\\/\\\/blogdofarnesio.com.br\\\/?p=315153\",\"url\":\"https:\\\/\\\/blogdofarnesio.com.br\\\/?p=315153\",\"name\":\"Alunos da educa\u00e7\u00e3o infantil de Juazeiro vivenciam a Semana do Meio Ambiente - Blog do Farn\u00e9sio\",\"isPartOf\":{\"@id\":\"https:\\\/\\\/blogdofarnesio.com.br\\\/#website\"},\"primaryImageOfPage\":{\"@id\":\"https:\\\/\\\/blogdofarnesio.com.br\\\/?p=315153#primaryimage\"},\"image\":{\"@id\":\"https:\\\/\\\/blogdofarnesio.com.br\\\/?p=315153#primaryimage\"},\"thumbnailUrl\":\"https:\\\/\\\/blogdofarnesio.com.br\\\/wp-content\\\/uploads\\\/2022\\\/06\\\/blogqspjua-criancas-ambiente-1-e1654790486741.jpeg\",\"datePublished\":\"2022-06-09T19:23:26+00:00\",\"breadcrumb\":{\"@id\":\"https:\\\/\\\/blogdofarnesio.com.br\\\/?p=315153#breadcrumb\"},\"inLanguage\":\"pt-BR\",\"potentialAction\":[{\"@type\":\"ReadAction\",\"target\":[\"https:\\\/\\\/blogdofarnesio.com.br\\\/?p=315153\"]}]},{\"@type\":\"ImageObject\",\"inLanguage\":\"pt-BR\",\"@id\":\"https:\\\/\\\/blogdofarnesio.com.br\\\/?p=315153#primaryimage\",\"url\":\"https:\\\/\\\/blogdofarnesio.com.br\\\/wp-content\\\/uploads\\\/2022\\\/06\\\/blogqspjua-criancas-ambiente-1-e1654790486741.jpeg\",\"contentUrl\":\"https:\\\/\\\/blogdofarnesio.com.br\\\/wp-content\\\/uploads\\\/2022\\\/06\\\/blogqspjua-criancas-ambiente-1-e1654790486741.jpeg\",\"width\":600,\"height\":449},{\"@type\":\"BreadcrumbList\",\"@id\":\"https:\\\/\\\/blogdofarnesio.com.br\\\/?p=315153#breadcrumb\",\"itemListElement\":[{\"@type\":\"ListItem\",\"position\":1,\"name\":\"In\u00edcio\",\"item\":\"https:\\\/\\\/blogdofarnesio.com.br\\\/\"},{\"@type\":\"ListItem\",\"position\":2,\"name\":\"Alunos da educa\u00e7\u00e3o infantil de Juazeiro vivenciam a Semana do Meio Ambiente\"}]},{\"@type\":\"WebSite\",\"@id\":\"https:\\\/\\\/blogdofarnesio.com.br\\\/#website\",\"url\":\"https:\\\/\\\/blogdofarnesio.com.br\\\/\",\"name\":\"Blog do Farn\u00e9sio\",\"description\":\"Quer Saber Pol\u00edtica?\",\"publisher\":{\"@id\":\"https:\\\/\\\/blogdofarnesio.com.br\\\/#organization\"},\"potentialAction\":[{\"@type\":\"SearchAction\",\"target\":{\"@type\":\"EntryPoint\",\"urlTemplate\":\"https:\\\/\\\/blogdofarnesio.com.br\\\/?s={search_term_string}\"},\"query-input\":{\"@type\":\"PropertyValueSpecification\",\"valueRequired\":true,\"valueName\":\"search_term_string\"}}],\"inLanguage\":\"pt-BR\"},{\"@type\":\"Organization\",\"@id\":\"https:\\\/\\\/blogdofarnesio.com.br\\\/#organization\",\"name\":\"Blog do Farn\u00e9sio\",\"url\":\"https:\\\/\\\/blogdofarnesio.com.br\\\/\",\"logo\":{\"@type\":\"ImageObject\",\"inLanguage\":\"pt-BR\",\"@id\":\"https:\\\/\\\/blogdofarnesio.com.br\\\/#\\\/schema\\\/logo\\\/image\\\/\",\"url\":\"https:\\\/\\\/blogdofarnesio.com.br\\\/wp-content\\\/uploads\\\/2026\\\/03\\\/cropped-logo_new-1.png\",\"contentUrl\":\"https:\\\/\\\/blogdofarnesio.com.br\\\/wp-content\\\/uploads\\\/2026\\\/03\\\/cropped-logo_new-1.png\",\"width\":881,\"height\":685,\"caption\":\"Blog do Farn\u00e9sio\"},\"image\":{\"@id\":\"https:\\\/\\\/blogdofarnesio.com.br\\\/#\\\/schema\\\/logo\\\/image\\\/\"},\"sameAs\":[\"https:\\\/\\\/www.facebook.com\\\/BlogQuerSaberPolitica\\\/\"]},{\"@type\":\"Person\",\"@id\":\"https:\\\/\\\/blogdofarnesio.com.br\\\/#\\\/schema\\\/person\\\/bb9b23ae3ad0609ce8df7b6c9e76824d\",\"name\":\"Farn\u00e9sio\",\"image\":{\"@type\":\"ImageObject\",\"inLanguage\":\"pt-BR\",\"@id\":\"https:\\\/\\\/secure.gravatar.com\\\/avatar\\\/986aa4c61ccdb66f8555bf88fc2a65609d00bcabd4d2d94377a727547345cbca?s=96&d=mm&r=g\",\"url\":\"https:\\\/\\\/secure.gravatar.com\\\/avatar\\\/986aa4c61ccdb66f8555bf88fc2a65609d00bcabd4d2d94377a727547345cbca?s=96&d=mm&r=g\",\"contentUrl\":\"https:\\\/\\\/secure.gravatar.com\\\/avatar\\\/986aa4c61ccdb66f8555bf88fc2a65609d00bcabd4d2d94377a727547345cbca?s=96&d=mm&r=g\",\"caption\":\"Farn\u00e9sio\"},\"description\":\"Radialista blogueiro, chegou a Petrolina\\\/Juazeiro em setembro de 1980, Farn\u00e9sio Silva \u00e9 de Arapiraca-Alagoas.\",\"sameAs\":[\"http:\\\/\\\/blogdofarnesio.com.br\",\"https:\\\/\\\/www.facebook.com\\\/?ref=tn_tnmn\",\"https:\\\/\\\/www.instagram.com\\\/?utm_source=pwa_homescreen\",\"https:\\\/\\\/youtube.com.br\\\/\"],\"url\":\"https:\\\/\\\/blogdofarnesio.com.br\\\/?author=2\"}]}<\/script>\n<!-- \/ Yoast SEO plugin. -->","yoast_head_json":{"title":"Alunos da educa\u00e7\u00e3o infantil de Juazeiro vivenciam a Semana do Meio Ambiente - Blog do Farn\u00e9sio","robots":{"index":"index","follow":"follow","max-snippet":"max-snippet:-1","max-image-preview":"max-image-preview:large","max-video-preview":"max-video-preview:-1"},"canonical":"https:\/\/blogdofarnesio.com.br\/?p=315153","og_locale":"pt_BR","og_type":"article","og_title":"Alunos da educa\u00e7\u00e3o infantil de Juazeiro vivenciam a Semana do Meio Ambiente - Blog do Farn\u00e9sio","og_description":"A EMEI Caic Misael Aguilar, localizada no bairro Malhada da Areia, participou ontem (8) da programa\u00e7\u00e3o da Semana do Meio Ambiente, promovida pela Prefeitura de Juazeiro, atrav\u00e9s das secretarias de Meio Ambiente e Ordenamento Urbano (Semaurb), de Educa\u00e7\u00e3o e Juventude (Seduc) e Servi\u00e7o de \u00c1gua e Saneamento Ambiental (SAAE). Este ano o evento aborda o tema \u201cSustentabilidade se faz com atitudes positivas\u201d. Durante a a\u00e7\u00e3o, os alunos da educa\u00e7\u00e3o infantil assistiram a uma palestra sobre a preserva\u00e7\u00e3o dos recursos naturais, como a \u00e1gua, com a equipe social do SAAE e participa\u00e7\u00e3o do gerente da empresa Prestlimp, Domingos Ribeiro. Os estudantes aprenderam que despejar \u00f3leo de cozinha direto na rede de esgoto, al\u00e9m de causar entupimento da tubula\u00e7\u00e3o, tamb\u00e9m pode poluir&hellip;","og_url":"https:\/\/blogdofarnesio.com.br\/?p=315153","og_site_name":"Blog do Farn\u00e9sio","article_publisher":"https:\/\/www.facebook.com\/BlogQuerSaberPolitica\/","article_author":"https:\/\/www.facebook.com\/?ref=tn_tnmn","article_published_time":"2022-06-09T19:23:26+00:00","og_image":[{"width":600,"height":449,"url":"https:\/\/blogdofarnesio.com.br\/wp-content\/uploads\/2022\/06\/blogqspjua-criancas-ambiente-1-e1654790486741.jpeg","type":"image\/jpeg"}],"author":"Farn\u00e9sio","twitter_card":"summary_large_image","twitter_misc":{"Escrito por":"Farn\u00e9sio","Est. tempo de leitura":"3 minutos"},"schema":{"@context":"https:\/\/schema.org","@graph":[{"@type":"Article","@id":"https:\/\/blogdofarnesio.com.br\/?p=315153#article","isPartOf":{"@id":"https:\/\/blogdofarnesio.com.br\/?p=315153"},"author":{"name":"Farn\u00e9sio","@id":"https:\/\/blogdofarnesio.com.br\/#\/schema\/person\/bb9b23ae3ad0609ce8df7b6c9e76824d"},"headline":"Alunos da educa\u00e7\u00e3o infantil de Juazeiro vivenciam a Semana do Meio Ambiente","datePublished":"2022-06-09T19:23:26+00:00","mainEntityOfPage":{"@id":"https:\/\/blogdofarnesio.com.br\/?p=315153"},"wordCount":552,"commentCount":0,"publisher":{"@id":"https:\/\/blogdofarnesio.com.br\/#organization"},"image":{"@id":"https:\/\/blogdofarnesio.com.br\/?p=315153#primaryimage"},"thumbnailUrl":"https:\/\/blogdofarnesio.com.br\/wp-content\/uploads\/2022\/06\/blogqspjua-criancas-ambiente-1-e1654790486741.jpeg","articleSection":["Educa\u00e7\u00e3o"],"inLanguage":"pt-BR","potentialAction":[{"@type":"CommentAction","name":"Comment","target":["https:\/\/blogdofarnesio.com.br\/?p=315153#respond"]}]},{"@type":"WebPage","@id":"https:\/\/blogdofarnesio.com.br\/?p=315153","url":"https:\/\/blogdofarnesio.com.br\/?p=315153","name":"Alunos da educa\u00e7\u00e3o infantil de Juazeiro vivenciam a Semana do Meio Ambiente - Blog do Farn\u00e9sio","isPartOf":{"@id":"https:\/\/blogdofarnesio.com.br\/#website"},"primaryImageOfPage":{"@id":"https:\/\/blogdofarnesio.com.br\/?p=315153#primaryimage"},"image":{"@id":"https:\/\/blogdofarnesio.com.br\/?p=315153#primaryimage"},"thumbnailUrl":"https:\/\/blogdofarnesio.com.br\/wp-content\/uploads\/2022\/06\/blogqspjua-criancas-ambiente-1-e1654790486741.jpeg","datePublished":"2022-06-09T19:23:26+00:00","breadcrumb":{"@id":"https:\/\/blogdofarnesio.com.br\/?p=315153#breadcrumb"},"inLanguage":"pt-BR","potentialAction":[{"@type":"ReadAction","target":["https:\/\/blogdofarnesio.com.br\/?p=315153"]}]},{"@type":"ImageObject","inLanguage":"pt-BR","@id":"https:\/\/blogdofarnesio.com.br\/?p=315153#primaryimage","url":"https:\/\/blogdofarnesio.com.br\/wp-content\/uploads\/2022\/06\/blogqspjua-criancas-ambiente-1-e1654790486741.jpeg","contentUrl":"https:\/\/blogdofarnesio.com.br\/wp-content\/uploads\/2022\/06\/blogqspjua-criancas-ambiente-1-e1654790486741.jpeg","width":600,"height":449},{"@type":"BreadcrumbList","@id":"https:\/\/blogdofarnesio.com.br\/?p=315153#breadcrumb","itemListElement":[{"@type":"ListItem","position":1,"name":"In\u00edcio","item":"https:\/\/blogdofarnesio.com.br\/"},{"@type":"ListItem","position":2,"name":"Alunos da educa\u00e7\u00e3o infantil de Juazeiro vivenciam a Semana do Meio Ambiente"}]},{"@type":"WebSite","@id":"https:\/\/blogdofarnesio.com.br\/#website","url":"https:\/\/blogdofarnesio.com.br\/","name":"Blog do Farn\u00e9sio","description":"Quer Saber Pol\u00edtica?","publisher":{"@id":"https:\/\/blogdofarnesio.com.br\/#organization"},"potentialAction":[{"@type":"SearchAction","target":{"@type":"EntryPoint","urlTemplate":"https:\/\/blogdofarnesio.com.br\/?s={search_term_string}"},"query-input":{"@type":"PropertyValueSpecification","valueRequired":true,"valueName":"search_term_string"}}],"inLanguage":"pt-BR"},{"@type":"Organization","@id":"https:\/\/blogdofarnesio.com.br\/#organization","name":"Blog do Farn\u00e9sio","url":"https:\/\/blogdofarnesio.com.br\/","logo":{"@type":"ImageObject","inLanguage":"pt-BR","@id":"https:\/\/blogdofarnesio.com.br\/#\/schema\/logo\/image\/","url":"https:\/\/blogdofarnesio.com.br\/wp-content\/uploads\/2026\/03\/cropped-logo_new-1.png","contentUrl":"https:\/\/blogdofarnesio.com.br\/wp-content\/uploads\/2026\/03\/cropped-logo_new-1.png","width":881,"height":685,"caption":"Blog do Farn\u00e9sio"},"image":{"@id":"https:\/\/blogdofarnesio.com.br\/#\/schema\/logo\/image\/"},"sameAs":["https:\/\/www.facebook.com\/BlogQuerSaberPolitica\/"]},{"@type":"Person","@id":"https:\/\/blogdofarnesio.com.br\/#\/schema\/person\/bb9b23ae3ad0609ce8df7b6c9e76824d","name":"Farn\u00e9sio","image":{"@type":"ImageObject","inLanguage":"pt-BR","@id":"https:\/\/secure.gravatar.com\/avatar\/986aa4c61ccdb66f8555bf88fc2a65609d00bcabd4d2d94377a727547345cbca?s=96&d=mm&r=g","url":"https:\/\/secure.gravatar.com\/avatar\/986aa4c61ccdb66f8555bf88fc2a65609d00bcabd4d2d94377a727547345cbca?s=96&d=mm&r=g","contentUrl":"https:\/\/secure.gravatar.com\/avatar\/986aa4c61ccdb66f8555bf88fc2a65609d00bcabd4d2d94377a727547345cbca?s=96&d=mm&r=g","caption":"Farn\u00e9sio"},"description":"Radialista blogueiro, chegou a Petrolina\/Juazeiro em setembro de 1980, Farn\u00e9sio Silva \u00e9 de Arapiraca-Alagoas.","sameAs":["http:\/\/blogdofarnesio.com.br","https:\/\/www.facebook.com\/?ref=tn_tnmn","https:\/\/www.instagram.com\/?utm_source=pwa_homescreen","https:\/\/youtube.com.br\/"],"url":"https:\/\/blogdofarnesio.com.br\/?author=2"}]}},"_links":{"self":[{"href":"https:\/\/blogdofarnesio.com.br\/index.php?rest_route=\/wp\/v2\/posts\/315153","targetHints":{"allow":["GET"]}}],"collection":[{"href":"https:\/\/blogdofarnesio.com.br\/index.php?rest_route=\/wp\/v2\/posts"}],"about":[{"href":"https:\/\/blogdofarnesio.com.br\/index.php?rest_route=\/wp\/v2\/types\/post"}],"author":[{"embeddable":true,"href":"https:\/\/blogdofarnesio.com.br\/index.php?rest_route=\/wp\/v2\/users\/2"}],"replies":[{"embeddable":true,"href":"https:\/\/blogdofarnesio.com.br\/index.php?rest_route=%2Fwp%2Fv2%2Fcomments&post=315153"}],"version-history":[{"count":0,"href":"https:\/\/blogdofarnesio.com.br\/index.php?rest_route=\/wp\/v2\/posts\/315153\/revisions"}],"wp:featuredmedia":[{"embeddable":true,"href":"https:\/\/blogdofarnesio.com.br\/index.php?rest_route=\/wp\/v2\/media\/315155"}],"wp:attachment":[{"href":"https:\/\/blogdofarnesio.com.br\/index.php?rest_route=%2Fwp%2Fv2%2Fmedia&parent=315153"}],"wp:term":[{"taxonomy":"category","embeddable":true,"href":"https:\/\/blogdofarnesio.com.br\/index.php?rest_route=%2Fwp%2Fv2%2Fcategories&post=315153"},{"taxonomy":"post_tag","embeddable":true,"href":"https:\/\/blogdofarnesio.com.br\/index.php?rest_route=%2Fwp%2Fv2%2Ftags&post=315153"}],"curies":[{"name":"wp","href":"https:\/\/api.w.org\/{rel}","templated":true}]}}