{"id":314412,"date":"2022-05-31T16:23:07","date_gmt":"2022-05-31T19:23:07","guid":{"rendered":"https:\/\/blogdofarnesio.com.br\/?p=314412"},"modified":"2022-05-31T15:11:40","modified_gmt":"2022-05-31T18:11:40","slug":"sem-novas-internacoes-e-com-avanco-da-vacinacao-hospital-de-campanha-de-juazeiro-encerra-atividades-com-culto-ecumenico","status":"publish","type":"post","link":"https:\/\/blogdofarnesio.com.br\/?p=314412","title":{"rendered":"Sem novas interna\u00e7\u00f5es e com avan\u00e7o da vacina\u00e7\u00e3o, Hospital de Campanha de Juazeiro encerra atividades com culto ecum\u00eanico"},"content":{"rendered":"<p style=\"font-weight: 400;\">O Hospital de Campanha, da Prefeitura de Juazeiro, atrav\u00e9s da Secretaria de Sa\u00fade (Sesau), encerrou as atividades nesta ter\u00e7a-feira (31). A unidade que foi criada para atender pacientes com Covid-19, realizou mais de 12.300 atendimentos, de janeiro de 2021 at\u00e9 maio de 2022.<\/p>\n<p style=\"font-weight: 400;\">A decis\u00e3o foi tomada pela gest\u00e3o municipal ap\u00f3s o \u00edndice de ocupa\u00e7\u00e3o de leitos ficar zerado por v\u00e1rios dias e o avan\u00e7o da vacina\u00e7\u00e3o na cidade. Com o fechamento, o atendimento de s\u00edndromes gripais leves acontece nas Unidades B\u00e1sicas de Sa\u00fade e os casos mais severos na Unidade de Pronto Atendimento (UPA). As gestantes continuam sendo atendidas na maternidade.<\/p>\n<p style=\"font-weight: 400;\">A prefeita Suzana Ramos participou da cerim\u00f4nia simb\u00f3lica de encerramento do Hospital de Campanha e se emocionou ao relembrar todo o trabalho desenvolvido pelas equipes da unidade em um momento t\u00e3o importante de pandemia. \u201c\u00c9 um momento de emo\u00e7\u00e3o. N\u00e3o que a pandemia tenha acabado, mas diminuiu e o hospital zerou as interna\u00e7\u00f5es. A gente sabe o quanto lutamos nesse per\u00edodo para salvar vidas. Toda essa equipe \u00e9 de her\u00f3is que colocaram suas vidas em risco. A miss\u00e3o foi cumprida. A palavra deste momento \u00e9 gratid\u00e3o\u201d, disse a prefeita.<\/p>\n<p style=\"font-weight: 400;\">Para o secret\u00e1rio de Sa\u00fade de Juazeiro, Fernando Costa, um ciclo importante se fecha, com a sensa\u00e7\u00e3o de dever cumprido. \u201cHoje estamos fechando um ciclo onde a popula\u00e7\u00e3o de Juazeiro est\u00e1 vencendo a pandemia da Covid-19. Este culto ecum\u00eanico celebra esse fechamento de ciclo e \u00e9 tamb\u00e9m uma forma de respeito a todos que foram tratados aqui, inclusive aqueles que nos deixaram, bem como os profissionais que estiveram na linha de frente deste Hospital de Campanha\u201d, destacou a gestora. Tamb\u00e9m estiveram presentes o secret\u00e1rio de Sa\u00fade, Fernando Costa, as equipes do hospital e a vereadora Neguinha da Santa Casa.<\/p>\n<p style=\"font-weight: 400;\">O culto ecum\u00eanico foi celebrado pelo pastor Teobaldo Pedro de Jesus e pelo padre da Par\u00f3quia Santo Ant\u00f4nio, Marcos da Silva Santos, o qual esteve na unidade fazendo uma ben\u00e7\u00e3o quando a pandemia estava no pico. \u201cEstive aqui no auge da pandemia fazendo um momento de ora\u00e7\u00e3o pelos funcion\u00e1rios e pacientes e ali a gente sentia realmente este clima de medo. Hoje estar aqui encerrando este ciclo d\u00e1 um al\u00edvio no cora\u00e7\u00e3o de estar sentindo a presen\u00e7a de Deus atrav\u00e9s de toda a equipe que esteve \u00e0 frente do Hospital de Campanha. O momento \u00e9 de vit\u00f3ria\u201d, ressaltou o padre Marcos.<\/p>\n<p style=\"font-weight: 400;\"><strong>Dever cumprido<\/strong><\/p>\n<p style=\"font-weight: 400;\">A enfermeira Elis Regina da Silva Alves esteve na linha de frente do Hospital de Campanha. A profissional relembrou os momentos de trabalho intenso com o objetivo de salvar vidas. \u201cPude viver experi\u00eancias \u00fanicas com cansa\u00e7o, mas com a sensa\u00e7\u00e3o de dever cumprido. Pudemos ter suporte de Deus, que nos deu discernimento para atuar de forma precisa, da ci\u00eancia e dos nossos gestores que se fizeram atuantes. Hoje a sensa\u00e7\u00e3o \u00e9 de dever cumprido com o encerramento do hospital. Estamos prontos para qualquer batalha que possamos enfrentar\u201d, disse a enfermeira.<\/p>\n<p style=\"font-weight: 400;\"><strong>Gratid\u00e3o<\/strong><\/p>\n<p style=\"font-weight: 400;\">Quem passou pelo Hospital de Campanha de Juazeiro relembra o quanto a unidade foi importante. Maria Auxiliadora Campelo ficou alguns dias internada no local, junto \u00e0 sua fam\u00edlia. Na mem\u00f3ria, somente gratid\u00e3o. \u201cMeu sentimento hoje e sempre vai ser de gratid\u00e3o porque tive toda minha fam\u00edlia internada aqui no pior momento que foi no in\u00edcio da pandemia. Minha m\u00e3e com 89 anos, minha irm\u00e3o com 61 anos que passaram 15 dias aqui. Tenho gratid\u00e3o pelos profissionais que todos t\u00eam que n\u00e3o nos deixou faltar nada. Para mim, n\u00e3o existe melhor assist\u00eancia do que o Hospital de campanha de Juazeiro\u201d, ressaltou a ex-paciente.<\/p>\n<p style=\"font-weight: 400;\"><strong>Readequa\u00e7\u00e3o do Hospital de Campanha de Juazeiro<\/strong><\/p>\n<p style=\"font-weight: 400;\">Quando assumiu a gest\u00e3o, a prefeita Suzana Ramos realizou uma readequa\u00e7\u00e3o do Hospital de Campanha, o qual n\u00e3o oferecia estrutura adequada para o tratamento dos pacientes. A unidade n\u00e3o tinha separa\u00e7\u00e3o entre pacientes positivados e pacientes em avalia\u00e7\u00e3o, sem qualquer espa\u00e7o para um acolhimento humanizado ou uma recep\u00e7\u00e3o que pudesse encaminhar os doentes para triagem.<\/p>\n<p style=\"font-weight: 400;\">A Prefeitura de Juazeiro reestruturou toda a unidade de atendimento aos pacientes com suspeita de Covid-19. Construiu \u00e1reas de separa\u00e7\u00e3o entre os leitos, importante para evitar contamina\u00e7\u00e3o entre as pessoas durante a avalia\u00e7\u00e3o m\u00e9dica. A sala vermelha que era para o atendimento a pacientes mais graves foi equipada com respiradores. A Secretaria de Sa\u00fade criou uma recep\u00e7\u00e3o para o acolhimento dos pacientes.<\/p>\n<p style=\"font-weight: 400;\">\n<p style=\"font-weight: 400;\">Texto: Amanda Franco- Ascom Sesau PMJ<\/p>\n<p style=\"font-weight: 400;\">&#8211;<\/p>\n","protected":false},"excerpt":{"rendered":"<p>O Hospital de Campanha, da Prefeitura de Juazeiro, atrav\u00e9s da Secretaria de Sa\u00fade (Sesau), encerrou as atividades nesta ter\u00e7a-feira (31). A unidade que foi criada para atender pacientes com Covid-19, realizou mais de 12.300 atendimentos, de janeiro de 2021 at\u00e9 maio de 2022. A decis\u00e3o foi tomada pela gest\u00e3o municipal ap\u00f3s o \u00edndice de ocupa\u00e7\u00e3o de leitos ficar zerado por v\u00e1rios dias e o avan\u00e7o da vacina\u00e7\u00e3o na cidade. Com o fechamento, o atendimento de s\u00edndromes gripais leves acontece nas Unidades B\u00e1sicas de Sa\u00fade e os casos mais severos na Unidade de Pronto Atendimento (UPA). As gestantes continuam sendo atendidas na maternidade. A prefeita Suzana Ramos participou da cerim\u00f4nia simb\u00f3lica de encerramento do Hospital de Campanha e se emocionou ao&hellip; <\/p>\n","protected":false},"author":2,"featured_media":314413,"comment_status":"open","ping_status":"open","sticky":false,"template":"","format":"standard","meta":{"_acf_changed":false,"footnotes":""},"categories":[44],"tags":[],"class_list":["post-314412","post","type-post","status-publish","format-standard","has-post-thumbnail","hentry","category-administracao"],"acf":[],"yoast_head":"<!-- This site is optimized with the Yoast SEO plugin v27.4 - https:\/\/yoast.com\/product\/yoast-seo-wordpress\/ -->\n<title>Sem novas interna\u00e7\u00f5es e com avan\u00e7o da vacina\u00e7\u00e3o, Hospital de Campanha de Juazeiro encerra atividades com culto ecum\u00eanico - Blog do Farn\u00e9sio<\/title>\n<meta name=\"robots\" content=\"index, follow, max-snippet:-1, max-image-preview:large, max-video-preview:-1\" \/>\n<link rel=\"canonical\" href=\"https:\/\/blogdofarnesio.com.br\/?p=314412\" \/>\n<meta property=\"og:locale\" content=\"pt_BR\" \/>\n<meta property=\"og:type\" content=\"article\" \/>\n<meta property=\"og:title\" content=\"Sem novas interna\u00e7\u00f5es e com avan\u00e7o da vacina\u00e7\u00e3o, Hospital de Campanha de Juazeiro encerra atividades com culto ecum\u00eanico - Blog do Farn\u00e9sio\" \/>\n<meta property=\"og:description\" content=\"O Hospital de Campanha, da Prefeitura de Juazeiro, atrav\u00e9s da Secretaria de Sa\u00fade (Sesau), encerrou as atividades nesta ter\u00e7a-feira (31). A unidade que foi criada para atender pacientes com Covid-19, realizou mais de 12.300 atendimentos, de janeiro de 2021 at\u00e9 maio de 2022. A decis\u00e3o foi tomada pela gest\u00e3o municipal ap\u00f3s o \u00edndice de ocupa\u00e7\u00e3o de leitos ficar zerado por v\u00e1rios dias e o avan\u00e7o da vacina\u00e7\u00e3o na cidade. Com o fechamento, o atendimento de s\u00edndromes gripais leves acontece nas Unidades B\u00e1sicas de Sa\u00fade e os casos mais severos na Unidade de Pronto Atendimento (UPA). As gestantes continuam sendo atendidas na maternidade. A prefeita Suzana Ramos participou da cerim\u00f4nia simb\u00f3lica de encerramento do Hospital de Campanha e se emocionou ao&hellip;\" \/>\n<meta property=\"og:url\" content=\"https:\/\/blogdofarnesio.com.br\/?p=314412\" \/>\n<meta property=\"og:site_name\" content=\"Blog do Farn\u00e9sio\" \/>\n<meta property=\"article:publisher\" content=\"https:\/\/www.facebook.com\/BlogQuerSaberPolitica\/\" \/>\n<meta property=\"article:author\" content=\"https:\/\/www.facebook.com\/?ref=tn_tnmn\" \/>\n<meta property=\"article:published_time\" content=\"2022-05-31T19:23:07+00:00\" \/>\n<meta property=\"og:image\" content=\"https:\/\/blogdofarnesio.com.br\/wp-content\/uploads\/2022\/05\/blogqspjua-encerra-hosp-campanha-e1654020673221.jpg\" \/>\n\t<meta property=\"og:image:width\" content=\"620\" \/>\n\t<meta property=\"og:image:height\" content=\"413\" \/>\n\t<meta property=\"og:image:type\" content=\"image\/jpeg\" \/>\n<meta name=\"author\" content=\"Farn\u00e9sio\" \/>\n<meta name=\"twitter:card\" content=\"summary_large_image\" \/>\n<meta name=\"twitter:label1\" content=\"Escrito por\" \/>\n\t<meta name=\"twitter:data1\" content=\"Farn\u00e9sio\" \/>\n\t<meta name=\"twitter:label2\" content=\"Est. tempo de leitura\" \/>\n\t<meta name=\"twitter:data2\" content=\"4 minutos\" \/>\n<script type=\"application\/ld+json\" class=\"yoast-schema-graph\">{\"@context\":\"https:\\\/\\\/schema.org\",\"@graph\":[{\"@type\":\"Article\",\"@id\":\"https:\\\/\\\/blogdofarnesio.com.br\\\/?p=314412#article\",\"isPartOf\":{\"@id\":\"https:\\\/\\\/blogdofarnesio.com.br\\\/?p=314412\"},\"author\":{\"name\":\"Farn\u00e9sio\",\"@id\":\"https:\\\/\\\/blogdofarnesio.com.br\\\/#\\\/schema\\\/person\\\/bb9b23ae3ad0609ce8df7b6c9e76824d\"},\"headline\":\"Sem novas interna\u00e7\u00f5es e com avan\u00e7o da vacina\u00e7\u00e3o, Hospital de Campanha de Juazeiro encerra atividades com culto ecum\u00eanico\",\"datePublished\":\"2022-05-31T19:23:07+00:00\",\"mainEntityOfPage\":{\"@id\":\"https:\\\/\\\/blogdofarnesio.com.br\\\/?p=314412\"},\"wordCount\":800,\"commentCount\":0,\"publisher\":{\"@id\":\"https:\\\/\\\/blogdofarnesio.com.br\\\/#organization\"},\"image\":{\"@id\":\"https:\\\/\\\/blogdofarnesio.com.br\\\/?p=314412#primaryimage\"},\"thumbnailUrl\":\"https:\\\/\\\/blogdofarnesio.com.br\\\/wp-content\\\/uploads\\\/2022\\\/05\\\/blogqspjua-encerra-hosp-campanha-e1654020673221.jpg\",\"articleSection\":[\"Administra\u00e7\u00e3o\"],\"inLanguage\":\"pt-BR\",\"potentialAction\":[{\"@type\":\"CommentAction\",\"name\":\"Comment\",\"target\":[\"https:\\\/\\\/blogdofarnesio.com.br\\\/?p=314412#respond\"]}]},{\"@type\":\"WebPage\",\"@id\":\"https:\\\/\\\/blogdofarnesio.com.br\\\/?p=314412\",\"url\":\"https:\\\/\\\/blogdofarnesio.com.br\\\/?p=314412\",\"name\":\"Sem novas interna\u00e7\u00f5es e com avan\u00e7o da vacina\u00e7\u00e3o, Hospital de Campanha de Juazeiro encerra atividades com culto ecum\u00eanico - Blog do Farn\u00e9sio\",\"isPartOf\":{\"@id\":\"https:\\\/\\\/blogdofarnesio.com.br\\\/#website\"},\"primaryImageOfPage\":{\"@id\":\"https:\\\/\\\/blogdofarnesio.com.br\\\/?p=314412#primaryimage\"},\"image\":{\"@id\":\"https:\\\/\\\/blogdofarnesio.com.br\\\/?p=314412#primaryimage\"},\"thumbnailUrl\":\"https:\\\/\\\/blogdofarnesio.com.br\\\/wp-content\\\/uploads\\\/2022\\\/05\\\/blogqspjua-encerra-hosp-campanha-e1654020673221.jpg\",\"datePublished\":\"2022-05-31T19:23:07+00:00\",\"breadcrumb\":{\"@id\":\"https:\\\/\\\/blogdofarnesio.com.br\\\/?p=314412#breadcrumb\"},\"inLanguage\":\"pt-BR\",\"potentialAction\":[{\"@type\":\"ReadAction\",\"target\":[\"https:\\\/\\\/blogdofarnesio.com.br\\\/?p=314412\"]}]},{\"@type\":\"ImageObject\",\"inLanguage\":\"pt-BR\",\"@id\":\"https:\\\/\\\/blogdofarnesio.com.br\\\/?p=314412#primaryimage\",\"url\":\"https:\\\/\\\/blogdofarnesio.com.br\\\/wp-content\\\/uploads\\\/2022\\\/05\\\/blogqspjua-encerra-hosp-campanha-e1654020673221.jpg\",\"contentUrl\":\"https:\\\/\\\/blogdofarnesio.com.br\\\/wp-content\\\/uploads\\\/2022\\\/05\\\/blogqspjua-encerra-hosp-campanha-e1654020673221.jpg\",\"width\":620,\"height\":413},{\"@type\":\"BreadcrumbList\",\"@id\":\"https:\\\/\\\/blogdofarnesio.com.br\\\/?p=314412#breadcrumb\",\"itemListElement\":[{\"@type\":\"ListItem\",\"position\":1,\"name\":\"In\u00edcio\",\"item\":\"https:\\\/\\\/blogdofarnesio.com.br\\\/\"},{\"@type\":\"ListItem\",\"position\":2,\"name\":\"Sem novas interna\u00e7\u00f5es e com avan\u00e7o da vacina\u00e7\u00e3o, Hospital de Campanha de Juazeiro encerra atividades com culto ecum\u00eanico\"}]},{\"@type\":\"WebSite\",\"@id\":\"https:\\\/\\\/blogdofarnesio.com.br\\\/#website\",\"url\":\"https:\\\/\\\/blogdofarnesio.com.br\\\/\",\"name\":\"Blog do Farn\u00e9sio\",\"description\":\"Quer Saber Pol\u00edtica?\",\"publisher\":{\"@id\":\"https:\\\/\\\/blogdofarnesio.com.br\\\/#organization\"},\"potentialAction\":[{\"@type\":\"SearchAction\",\"target\":{\"@type\":\"EntryPoint\",\"urlTemplate\":\"https:\\\/\\\/blogdofarnesio.com.br\\\/?s={search_term_string}\"},\"query-input\":{\"@type\":\"PropertyValueSpecification\",\"valueRequired\":true,\"valueName\":\"search_term_string\"}}],\"inLanguage\":\"pt-BR\"},{\"@type\":\"Organization\",\"@id\":\"https:\\\/\\\/blogdofarnesio.com.br\\\/#organization\",\"name\":\"Blog do Farn\u00e9sio\",\"url\":\"https:\\\/\\\/blogdofarnesio.com.br\\\/\",\"logo\":{\"@type\":\"ImageObject\",\"inLanguage\":\"pt-BR\",\"@id\":\"https:\\\/\\\/blogdofarnesio.com.br\\\/#\\\/schema\\\/logo\\\/image\\\/\",\"url\":\"https:\\\/\\\/blogdofarnesio.com.br\\\/wp-content\\\/uploads\\\/2026\\\/03\\\/cropped-logo_new-1.png\",\"contentUrl\":\"https:\\\/\\\/blogdofarnesio.com.br\\\/wp-content\\\/uploads\\\/2026\\\/03\\\/cropped-logo_new-1.png\",\"width\":881,\"height\":685,\"caption\":\"Blog do Farn\u00e9sio\"},\"image\":{\"@id\":\"https:\\\/\\\/blogdofarnesio.com.br\\\/#\\\/schema\\\/logo\\\/image\\\/\"},\"sameAs\":[\"https:\\\/\\\/www.facebook.com\\\/BlogQuerSaberPolitica\\\/\"]},{\"@type\":\"Person\",\"@id\":\"https:\\\/\\\/blogdofarnesio.com.br\\\/#\\\/schema\\\/person\\\/bb9b23ae3ad0609ce8df7b6c9e76824d\",\"name\":\"Farn\u00e9sio\",\"image\":{\"@type\":\"ImageObject\",\"inLanguage\":\"pt-BR\",\"@id\":\"https:\\\/\\\/secure.gravatar.com\\\/avatar\\\/986aa4c61ccdb66f8555bf88fc2a65609d00bcabd4d2d94377a727547345cbca?s=96&d=mm&r=g\",\"url\":\"https:\\\/\\\/secure.gravatar.com\\\/avatar\\\/986aa4c61ccdb66f8555bf88fc2a65609d00bcabd4d2d94377a727547345cbca?s=96&d=mm&r=g\",\"contentUrl\":\"https:\\\/\\\/secure.gravatar.com\\\/avatar\\\/986aa4c61ccdb66f8555bf88fc2a65609d00bcabd4d2d94377a727547345cbca?s=96&d=mm&r=g\",\"caption\":\"Farn\u00e9sio\"},\"description\":\"Radialista blogueiro, chegou a Petrolina\\\/Juazeiro em setembro de 1980, Farn\u00e9sio Silva \u00e9 de Arapiraca-Alagoas.\",\"sameAs\":[\"http:\\\/\\\/blogdofarnesio.com.br\",\"https:\\\/\\\/www.facebook.com\\\/?ref=tn_tnmn\",\"https:\\\/\\\/www.instagram.com\\\/?utm_source=pwa_homescreen\",\"https:\\\/\\\/youtube.com.br\\\/\"],\"url\":\"https:\\\/\\\/blogdofarnesio.com.br\\\/?author=2\"}]}<\/script>\n<!-- \/ Yoast SEO plugin. -->","yoast_head_json":{"title":"Sem novas interna\u00e7\u00f5es e com avan\u00e7o da vacina\u00e7\u00e3o, Hospital de Campanha de Juazeiro encerra atividades com culto ecum\u00eanico - Blog do Farn\u00e9sio","robots":{"index":"index","follow":"follow","max-snippet":"max-snippet:-1","max-image-preview":"max-image-preview:large","max-video-preview":"max-video-preview:-1"},"canonical":"https:\/\/blogdofarnesio.com.br\/?p=314412","og_locale":"pt_BR","og_type":"article","og_title":"Sem novas interna\u00e7\u00f5es e com avan\u00e7o da vacina\u00e7\u00e3o, Hospital de Campanha de Juazeiro encerra atividades com culto ecum\u00eanico - Blog do Farn\u00e9sio","og_description":"O Hospital de Campanha, da Prefeitura de Juazeiro, atrav\u00e9s da Secretaria de Sa\u00fade (Sesau), encerrou as atividades nesta ter\u00e7a-feira (31). A unidade que foi criada para atender pacientes com Covid-19, realizou mais de 12.300 atendimentos, de janeiro de 2021 at\u00e9 maio de 2022. A decis\u00e3o foi tomada pela gest\u00e3o municipal ap\u00f3s o \u00edndice de ocupa\u00e7\u00e3o de leitos ficar zerado por v\u00e1rios dias e o avan\u00e7o da vacina\u00e7\u00e3o na cidade. Com o fechamento, o atendimento de s\u00edndromes gripais leves acontece nas Unidades B\u00e1sicas de Sa\u00fade e os casos mais severos na Unidade de Pronto Atendimento (UPA). As gestantes continuam sendo atendidas na maternidade. A prefeita Suzana Ramos participou da cerim\u00f4nia simb\u00f3lica de encerramento do Hospital de Campanha e se emocionou ao&hellip;","og_url":"https:\/\/blogdofarnesio.com.br\/?p=314412","og_site_name":"Blog do Farn\u00e9sio","article_publisher":"https:\/\/www.facebook.com\/BlogQuerSaberPolitica\/","article_author":"https:\/\/www.facebook.com\/?ref=tn_tnmn","article_published_time":"2022-05-31T19:23:07+00:00","og_image":[{"width":620,"height":413,"url":"https:\/\/blogdofarnesio.com.br\/wp-content\/uploads\/2022\/05\/blogqspjua-encerra-hosp-campanha-e1654020673221.jpg","type":"image\/jpeg"}],"author":"Farn\u00e9sio","twitter_card":"summary_large_image","twitter_misc":{"Escrito por":"Farn\u00e9sio","Est. tempo de leitura":"4 minutos"},"schema":{"@context":"https:\/\/schema.org","@graph":[{"@type":"Article","@id":"https:\/\/blogdofarnesio.com.br\/?p=314412#article","isPartOf":{"@id":"https:\/\/blogdofarnesio.com.br\/?p=314412"},"author":{"name":"Farn\u00e9sio","@id":"https:\/\/blogdofarnesio.com.br\/#\/schema\/person\/bb9b23ae3ad0609ce8df7b6c9e76824d"},"headline":"Sem novas interna\u00e7\u00f5es e com avan\u00e7o da vacina\u00e7\u00e3o, Hospital de Campanha de Juazeiro encerra atividades com culto ecum\u00eanico","datePublished":"2022-05-31T19:23:07+00:00","mainEntityOfPage":{"@id":"https:\/\/blogdofarnesio.com.br\/?p=314412"},"wordCount":800,"commentCount":0,"publisher":{"@id":"https:\/\/blogdofarnesio.com.br\/#organization"},"image":{"@id":"https:\/\/blogdofarnesio.com.br\/?p=314412#primaryimage"},"thumbnailUrl":"https:\/\/blogdofarnesio.com.br\/wp-content\/uploads\/2022\/05\/blogqspjua-encerra-hosp-campanha-e1654020673221.jpg","articleSection":["Administra\u00e7\u00e3o"],"inLanguage":"pt-BR","potentialAction":[{"@type":"CommentAction","name":"Comment","target":["https:\/\/blogdofarnesio.com.br\/?p=314412#respond"]}]},{"@type":"WebPage","@id":"https:\/\/blogdofarnesio.com.br\/?p=314412","url":"https:\/\/blogdofarnesio.com.br\/?p=314412","name":"Sem novas interna\u00e7\u00f5es e com avan\u00e7o da vacina\u00e7\u00e3o, Hospital de Campanha de Juazeiro encerra atividades com culto ecum\u00eanico - Blog do Farn\u00e9sio","isPartOf":{"@id":"https:\/\/blogdofarnesio.com.br\/#website"},"primaryImageOfPage":{"@id":"https:\/\/blogdofarnesio.com.br\/?p=314412#primaryimage"},"image":{"@id":"https:\/\/blogdofarnesio.com.br\/?p=314412#primaryimage"},"thumbnailUrl":"https:\/\/blogdofarnesio.com.br\/wp-content\/uploads\/2022\/05\/blogqspjua-encerra-hosp-campanha-e1654020673221.jpg","datePublished":"2022-05-31T19:23:07+00:00","breadcrumb":{"@id":"https:\/\/blogdofarnesio.com.br\/?p=314412#breadcrumb"},"inLanguage":"pt-BR","potentialAction":[{"@type":"ReadAction","target":["https:\/\/blogdofarnesio.com.br\/?p=314412"]}]},{"@type":"ImageObject","inLanguage":"pt-BR","@id":"https:\/\/blogdofarnesio.com.br\/?p=314412#primaryimage","url":"https:\/\/blogdofarnesio.com.br\/wp-content\/uploads\/2022\/05\/blogqspjua-encerra-hosp-campanha-e1654020673221.jpg","contentUrl":"https:\/\/blogdofarnesio.com.br\/wp-content\/uploads\/2022\/05\/blogqspjua-encerra-hosp-campanha-e1654020673221.jpg","width":620,"height":413},{"@type":"BreadcrumbList","@id":"https:\/\/blogdofarnesio.com.br\/?p=314412#breadcrumb","itemListElement":[{"@type":"ListItem","position":1,"name":"In\u00edcio","item":"https:\/\/blogdofarnesio.com.br\/"},{"@type":"ListItem","position":2,"name":"Sem novas interna\u00e7\u00f5es e com avan\u00e7o da vacina\u00e7\u00e3o, Hospital de Campanha de Juazeiro encerra atividades com culto ecum\u00eanico"}]},{"@type":"WebSite","@id":"https:\/\/blogdofarnesio.com.br\/#website","url":"https:\/\/blogdofarnesio.com.br\/","name":"Blog do Farn\u00e9sio","description":"Quer Saber Pol\u00edtica?","publisher":{"@id":"https:\/\/blogdofarnesio.com.br\/#organization"},"potentialAction":[{"@type":"SearchAction","target":{"@type":"EntryPoint","urlTemplate":"https:\/\/blogdofarnesio.com.br\/?s={search_term_string}"},"query-input":{"@type":"PropertyValueSpecification","valueRequired":true,"valueName":"search_term_string"}}],"inLanguage":"pt-BR"},{"@type":"Organization","@id":"https:\/\/blogdofarnesio.com.br\/#organization","name":"Blog do Farn\u00e9sio","url":"https:\/\/blogdofarnesio.com.br\/","logo":{"@type":"ImageObject","inLanguage":"pt-BR","@id":"https:\/\/blogdofarnesio.com.br\/#\/schema\/logo\/image\/","url":"https:\/\/blogdofarnesio.com.br\/wp-content\/uploads\/2026\/03\/cropped-logo_new-1.png","contentUrl":"https:\/\/blogdofarnesio.com.br\/wp-content\/uploads\/2026\/03\/cropped-logo_new-1.png","width":881,"height":685,"caption":"Blog do Farn\u00e9sio"},"image":{"@id":"https:\/\/blogdofarnesio.com.br\/#\/schema\/logo\/image\/"},"sameAs":["https:\/\/www.facebook.com\/BlogQuerSaberPolitica\/"]},{"@type":"Person","@id":"https:\/\/blogdofarnesio.com.br\/#\/schema\/person\/bb9b23ae3ad0609ce8df7b6c9e76824d","name":"Farn\u00e9sio","image":{"@type":"ImageObject","inLanguage":"pt-BR","@id":"https:\/\/secure.gravatar.com\/avatar\/986aa4c61ccdb66f8555bf88fc2a65609d00bcabd4d2d94377a727547345cbca?s=96&d=mm&r=g","url":"https:\/\/secure.gravatar.com\/avatar\/986aa4c61ccdb66f8555bf88fc2a65609d00bcabd4d2d94377a727547345cbca?s=96&d=mm&r=g","contentUrl":"https:\/\/secure.gravatar.com\/avatar\/986aa4c61ccdb66f8555bf88fc2a65609d00bcabd4d2d94377a727547345cbca?s=96&d=mm&r=g","caption":"Farn\u00e9sio"},"description":"Radialista blogueiro, chegou a Petrolina\/Juazeiro em setembro de 1980, Farn\u00e9sio Silva \u00e9 de Arapiraca-Alagoas.","sameAs":["http:\/\/blogdofarnesio.com.br","https:\/\/www.facebook.com\/?ref=tn_tnmn","https:\/\/www.instagram.com\/?utm_source=pwa_homescreen","https:\/\/youtube.com.br\/"],"url":"https:\/\/blogdofarnesio.com.br\/?author=2"}]}},"_links":{"self":[{"href":"https:\/\/blogdofarnesio.com.br\/index.php?rest_route=\/wp\/v2\/posts\/314412","targetHints":{"allow":["GET"]}}],"collection":[{"href":"https:\/\/blogdofarnesio.com.br\/index.php?rest_route=\/wp\/v2\/posts"}],"about":[{"href":"https:\/\/blogdofarnesio.com.br\/index.php?rest_route=\/wp\/v2\/types\/post"}],"author":[{"embeddable":true,"href":"https:\/\/blogdofarnesio.com.br\/index.php?rest_route=\/wp\/v2\/users\/2"}],"replies":[{"embeddable":true,"href":"https:\/\/blogdofarnesio.com.br\/index.php?rest_route=%2Fwp%2Fv2%2Fcomments&post=314412"}],"version-history":[{"count":0,"href":"https:\/\/blogdofarnesio.com.br\/index.php?rest_route=\/wp\/v2\/posts\/314412\/revisions"}],"wp:featuredmedia":[{"embeddable":true,"href":"https:\/\/blogdofarnesio.com.br\/index.php?rest_route=\/wp\/v2\/media\/314413"}],"wp:attachment":[{"href":"https:\/\/blogdofarnesio.com.br\/index.php?rest_route=%2Fwp%2Fv2%2Fmedia&parent=314412"}],"wp:term":[{"taxonomy":"category","embeddable":true,"href":"https:\/\/blogdofarnesio.com.br\/index.php?rest_route=%2Fwp%2Fv2%2Fcategories&post=314412"},{"taxonomy":"post_tag","embeddable":true,"href":"https:\/\/blogdofarnesio.com.br\/index.php?rest_route=%2Fwp%2Fv2%2Ftags&post=314412"}],"curies":[{"name":"wp","href":"https:\/\/api.w.org\/{rel}","templated":true}]}}