{"id":314396,"date":"2022-05-31T14:43:02","date_gmt":"2022-05-31T17:43:02","guid":{"rendered":"https:\/\/blogdofarnesio.com.br\/?p=314396"},"modified":"2022-05-31T12:03:12","modified_gmt":"2022-05-31T15:03:12","slug":"josimara-cavalcanti-contempla-associacoes-rurais-de-dormentes-com-novos-pocos-artesianos","status":"publish","type":"post","link":"https:\/\/blogdofarnesio.com.br\/2022\/05\/josimara-cavalcanti-contempla-associacoes-rurais-de-dormentes-com-novos-pocos-artesianos\/","title":{"rendered":"JOSIMARA CAVALCANTI CONTEMPLA ASSOCIA\u00c7\u00d5ES RURAIS DE DORMENTES COM NOVOS PO\u00c7OS ARTESIANOS"},"content":{"rendered":"<div>\n<p dir=\"ltr\">A prefeita de Dormentes, Josimara Cavalcanti, se reuniu com os agricultores das Associa\u00e7\u00f5es de Produtores Rurais de Vila Nova, Lagoas e S\u00edtio Jardineira para sortear novos po\u00e7os artesianos no munic\u00edpio. Ao todo foram sorteados 15 novos po\u00e7os que v\u00e3o ser perfurados pela gest\u00e3o municipal, atrav\u00e9s do PAI &#8211; Programa \u00c1gua no Interior.<\/p>\n<p dir=\"ltr\">\u201cAtrav\u00e9s do Programa PAI estamos contemplando as tr\u00eas associa\u00e7\u00f5es, com 5 po\u00e7os para cada localidade. A valoriza\u00e7\u00e3o do homem do campo sempre foi um dos principais objetivos de nossa administra\u00e7\u00e3o e sabemos que esses novos po\u00e7os v\u00e3o garantir \u00e1gua pot\u00e1vel e em abund\u00e2ncia para melhorar muito o dia a dia dos nossos agricultores\u201d, destacou Josimara.<\/p>\n<p dir=\"ltr\">Os sorteios foram realizados nas sedes das associa\u00e7\u00f5es e contou com a participa\u00e7\u00e3o dos associados e diretores, do secret\u00e1rio de governo, Fernando Yotsuya, do secret\u00e1rio de Agricultura e Servi\u00e7os H\u00eddricos, Avelar Gomes de Macedo, do secret\u00e1rio de Infraestrutura e Meio Ambiente, Jeolandio Coelho e de vereadores.<\/p>\n<p dir=\"ltr\"><b> ASCOM DA PREFEITURA DE DORMENTES<\/b><\/p>\n<\/div>\n","protected":false},"excerpt":{"rendered":"<p>A prefeita de Dormentes, Josimara Cavalcanti, se reuniu com os agricultores das Associa\u00e7\u00f5es de Produtores Rurais de Vila Nova, Lagoas e S\u00edtio Jardineira para sortear novos po\u00e7os artesianos no munic\u00edpio. Ao todo foram sorteados 15 novos po\u00e7os que v\u00e3o ser perfurados pela gest\u00e3o municipal, atrav\u00e9s do PAI &#8211; Programa \u00c1gua no Interior. \u201cAtrav\u00e9s do Programa PAI estamos contemplando as tr\u00eas associa\u00e7\u00f5es, com 5 po\u00e7os para cada localidade. A valoriza\u00e7\u00e3o do homem do campo sempre foi um dos principais objetivos de nossa administra\u00e7\u00e3o e sabemos que esses novos po\u00e7os v\u00e3o garantir \u00e1gua pot\u00e1vel e em abund\u00e2ncia para melhorar muito o dia a dia dos nossos agricultores\u201d, destacou Josimara. Os sorteios foram realizados nas sedes das associa\u00e7\u00f5es e contou com a participa\u00e7\u00e3o&hellip; <\/p>\n","protected":false},"author":2,"featured_media":314397,"comment_status":"open","ping_status":"open","sticky":false,"template":"","format":"standard","meta":{"_acf_changed":false,"footnotes":""},"categories":[27],"tags":[],"class_list":["post-314396","post","type-post","status-publish","format-standard","has-post-thumbnail","hentry","category-cidades"],"acf":[],"yoast_head":"<!-- This site is optimized with the Yoast SEO plugin v27.5 - https:\/\/yoast.com\/product\/yoast-seo-wordpress\/ -->\n<title>JOSIMARA CAVALCANTI CONTEMPLA ASSOCIA\u00c7\u00d5ES RURAIS DE DORMENTES COM NOVOS PO\u00c7OS ARTESIANOS - Blog do Farn\u00e9sio<\/title>\n<meta name=\"robots\" content=\"index, follow, max-snippet:-1, max-image-preview:large, max-video-preview:-1\" \/>\n<link rel=\"canonical\" href=\"https:\/\/blogdofarnesio.com.br\/2022\/05\/josimara-cavalcanti-contempla-associacoes-rurais-de-dormentes-com-novos-pocos-artesianos\/\" \/>\n<meta property=\"og:locale\" content=\"pt_BR\" \/>\n<meta property=\"og:type\" content=\"article\" \/>\n<meta property=\"og:title\" content=\"JOSIMARA CAVALCANTI CONTEMPLA ASSOCIA\u00c7\u00d5ES RURAIS DE DORMENTES COM NOVOS PO\u00c7OS ARTESIANOS - Blog do Farn\u00e9sio\" \/>\n<meta property=\"og:description\" content=\"A prefeita de Dormentes, Josimara Cavalcanti, se reuniu com os agricultores das Associa\u00e7\u00f5es de Produtores Rurais de Vila Nova, Lagoas e S\u00edtio Jardineira para sortear novos po\u00e7os artesianos no munic\u00edpio. Ao todo foram sorteados 15 novos po\u00e7os que v\u00e3o ser perfurados pela gest\u00e3o municipal, atrav\u00e9s do PAI &#8211; Programa \u00c1gua no Interior. \u201cAtrav\u00e9s do Programa PAI estamos contemplando as tr\u00eas associa\u00e7\u00f5es, com 5 po\u00e7os para cada localidade. A valoriza\u00e7\u00e3o do homem do campo sempre foi um dos principais objetivos de nossa administra\u00e7\u00e3o e sabemos que esses novos po\u00e7os v\u00e3o garantir \u00e1gua pot\u00e1vel e em abund\u00e2ncia para melhorar muito o dia a dia dos nossos agricultores\u201d, destacou Josimara. Os sorteios foram realizados nas sedes das associa\u00e7\u00f5es e contou com a participa\u00e7\u00e3o&hellip;\" \/>\n<meta property=\"og:url\" content=\"https:\/\/blogdofarnesio.com.br\/2022\/05\/josimara-cavalcanti-contempla-associacoes-rurais-de-dormentes-com-novos-pocos-artesianos\/\" \/>\n<meta property=\"og:site_name\" content=\"Blog do Farn\u00e9sio\" \/>\n<meta property=\"article:publisher\" content=\"https:\/\/www.facebook.com\/BlogQuerSaberPolitica\/\" \/>\n<meta property=\"article:author\" content=\"https:\/\/www.facebook.com\/?ref=tn_tnmn\" \/>\n<meta property=\"article:published_time\" content=\"2022-05-31T17:43:02+00:00\" \/>\n<meta property=\"og:image\" content=\"https:\/\/blogdofarnesio.com.br\/wp-content\/uploads\/2022\/05\/REUNIAO-JARDINEIRA.jpeg\" \/>\n\t<meta property=\"og:image:width\" content=\"768\" \/>\n\t<meta property=\"og:image:height\" content=\"623\" \/>\n\t<meta property=\"og:image:type\" content=\"image\/jpeg\" \/>\n<meta name=\"author\" content=\"Farn\u00e9sio\" \/>\n<meta name=\"twitter:card\" content=\"summary_large_image\" \/>\n<meta name=\"twitter:label1\" content=\"Escrito por\" \/>\n\t<meta name=\"twitter:data1\" content=\"Farn\u00e9sio\" \/>\n\t<meta name=\"twitter:label2\" content=\"Est. tempo de leitura\" \/>\n\t<meta name=\"twitter:data2\" content=\"1 minuto\" \/>\n<script type=\"application\/ld+json\" class=\"yoast-schema-graph\">{\"@context\":\"https:\\\/\\\/schema.org\",\"@graph\":[{\"@type\":\"Article\",\"@id\":\"https:\\\/\\\/blogdofarnesio.com.br\\\/2022\\\/05\\\/josimara-cavalcanti-contempla-associacoes-rurais-de-dormentes-com-novos-pocos-artesianos\\\/#article\",\"isPartOf\":{\"@id\":\"https:\\\/\\\/blogdofarnesio.com.br\\\/2022\\\/05\\\/josimara-cavalcanti-contempla-associacoes-rurais-de-dormentes-com-novos-pocos-artesianos\\\/\"},\"author\":{\"name\":\"Farn\u00e9sio\",\"@id\":\"https:\\\/\\\/blogdofarnesio.com.br\\\/#\\\/schema\\\/person\\\/bb9b23ae3ad0609ce8df7b6c9e76824d\"},\"headline\":\"JOSIMARA CAVALCANTI CONTEMPLA ASSOCIA\u00c7\u00d5ES RURAIS DE DORMENTES COM NOVOS PO\u00c7OS ARTESIANOS\",\"datePublished\":\"2022-05-31T17:43:02+00:00\",\"mainEntityOfPage\":{\"@id\":\"https:\\\/\\\/blogdofarnesio.com.br\\\/2022\\\/05\\\/josimara-cavalcanti-contempla-associacoes-rurais-de-dormentes-com-novos-pocos-artesianos\\\/\"},\"wordCount\":194,\"commentCount\":0,\"publisher\":{\"@id\":\"https:\\\/\\\/blogdofarnesio.com.br\\\/#organization\"},\"image\":{\"@id\":\"https:\\\/\\\/blogdofarnesio.com.br\\\/2022\\\/05\\\/josimara-cavalcanti-contempla-associacoes-rurais-de-dormentes-com-novos-pocos-artesianos\\\/#primaryimage\"},\"thumbnailUrl\":\"https:\\\/\\\/blogdofarnesio.com.br\\\/wp-content\\\/uploads\\\/2022\\\/05\\\/REUNIAO-JARDINEIRA.jpeg\",\"articleSection\":[\"Cidades\"],\"inLanguage\":\"pt-BR\",\"potentialAction\":[{\"@type\":\"CommentAction\",\"name\":\"Comment\",\"target\":[\"https:\\\/\\\/blogdofarnesio.com.br\\\/2022\\\/05\\\/josimara-cavalcanti-contempla-associacoes-rurais-de-dormentes-com-novos-pocos-artesianos\\\/#respond\"]}]},{\"@type\":\"WebPage\",\"@id\":\"https:\\\/\\\/blogdofarnesio.com.br\\\/2022\\\/05\\\/josimara-cavalcanti-contempla-associacoes-rurais-de-dormentes-com-novos-pocos-artesianos\\\/\",\"url\":\"https:\\\/\\\/blogdofarnesio.com.br\\\/2022\\\/05\\\/josimara-cavalcanti-contempla-associacoes-rurais-de-dormentes-com-novos-pocos-artesianos\\\/\",\"name\":\"JOSIMARA CAVALCANTI CONTEMPLA ASSOCIA\u00c7\u00d5ES RURAIS DE DORMENTES COM NOVOS PO\u00c7OS ARTESIANOS - Blog do Farn\u00e9sio\",\"isPartOf\":{\"@id\":\"https:\\\/\\\/blogdofarnesio.com.br\\\/#website\"},\"primaryImageOfPage\":{\"@id\":\"https:\\\/\\\/blogdofarnesio.com.br\\\/2022\\\/05\\\/josimara-cavalcanti-contempla-associacoes-rurais-de-dormentes-com-novos-pocos-artesianos\\\/#primaryimage\"},\"image\":{\"@id\":\"https:\\\/\\\/blogdofarnesio.com.br\\\/2022\\\/05\\\/josimara-cavalcanti-contempla-associacoes-rurais-de-dormentes-com-novos-pocos-artesianos\\\/#primaryimage\"},\"thumbnailUrl\":\"https:\\\/\\\/blogdofarnesio.com.br\\\/wp-content\\\/uploads\\\/2022\\\/05\\\/REUNIAO-JARDINEIRA.jpeg\",\"datePublished\":\"2022-05-31T17:43:02+00:00\",\"breadcrumb\":{\"@id\":\"https:\\\/\\\/blogdofarnesio.com.br\\\/2022\\\/05\\\/josimara-cavalcanti-contempla-associacoes-rurais-de-dormentes-com-novos-pocos-artesianos\\\/#breadcrumb\"},\"inLanguage\":\"pt-BR\",\"potentialAction\":[{\"@type\":\"ReadAction\",\"target\":[\"https:\\\/\\\/blogdofarnesio.com.br\\\/2022\\\/05\\\/josimara-cavalcanti-contempla-associacoes-rurais-de-dormentes-com-novos-pocos-artesianos\\\/\"]}]},{\"@type\":\"ImageObject\",\"inLanguage\":\"pt-BR\",\"@id\":\"https:\\\/\\\/blogdofarnesio.com.br\\\/2022\\\/05\\\/josimara-cavalcanti-contempla-associacoes-rurais-de-dormentes-com-novos-pocos-artesianos\\\/#primaryimage\",\"url\":\"https:\\\/\\\/blogdofarnesio.com.br\\\/wp-content\\\/uploads\\\/2022\\\/05\\\/REUNIAO-JARDINEIRA.jpeg\",\"contentUrl\":\"https:\\\/\\\/blogdofarnesio.com.br\\\/wp-content\\\/uploads\\\/2022\\\/05\\\/REUNIAO-JARDINEIRA.jpeg\",\"width\":768,\"height\":623},{\"@type\":\"BreadcrumbList\",\"@id\":\"https:\\\/\\\/blogdofarnesio.com.br\\\/2022\\\/05\\\/josimara-cavalcanti-contempla-associacoes-rurais-de-dormentes-com-novos-pocos-artesianos\\\/#breadcrumb\",\"itemListElement\":[{\"@type\":\"ListItem\",\"position\":1,\"name\":\"In\u00edcio\",\"item\":\"https:\\\/\\\/blogdofarnesio.com.br\\\/\"},{\"@type\":\"ListItem\",\"position\":2,\"name\":\"JOSIMARA CAVALCANTI CONTEMPLA ASSOCIA\u00c7\u00d5ES RURAIS DE DORMENTES COM NOVOS PO\u00c7OS ARTESIANOS\"}]},{\"@type\":\"WebSite\",\"@id\":\"https:\\\/\\\/blogdofarnesio.com.br\\\/#website\",\"url\":\"https:\\\/\\\/blogdofarnesio.com.br\\\/\",\"name\":\"Blog do Farn\u00e9sio\",\"description\":\"Quer Saber Pol\u00edtica?\",\"publisher\":{\"@id\":\"https:\\\/\\\/blogdofarnesio.com.br\\\/#organization\"},\"potentialAction\":[{\"@type\":\"SearchAction\",\"target\":{\"@type\":\"EntryPoint\",\"urlTemplate\":\"https:\\\/\\\/blogdofarnesio.com.br\\\/?s={search_term_string}\"},\"query-input\":{\"@type\":\"PropertyValueSpecification\",\"valueRequired\":true,\"valueName\":\"search_term_string\"}}],\"inLanguage\":\"pt-BR\"},{\"@type\":\"Organization\",\"@id\":\"https:\\\/\\\/blogdofarnesio.com.br\\\/#organization\",\"name\":\"Blog do Farn\u00e9sio\",\"url\":\"https:\\\/\\\/blogdofarnesio.com.br\\\/\",\"logo\":{\"@type\":\"ImageObject\",\"inLanguage\":\"pt-BR\",\"@id\":\"https:\\\/\\\/blogdofarnesio.com.br\\\/#\\\/schema\\\/logo\\\/image\\\/\",\"url\":\"https:\\\/\\\/blogdofarnesio.com.br\\\/wp-content\\\/uploads\\\/2026\\\/03\\\/cropped-logo_new-1.png\",\"contentUrl\":\"https:\\\/\\\/blogdofarnesio.com.br\\\/wp-content\\\/uploads\\\/2026\\\/03\\\/cropped-logo_new-1.png\",\"width\":881,\"height\":685,\"caption\":\"Blog do Farn\u00e9sio\"},\"image\":{\"@id\":\"https:\\\/\\\/blogdofarnesio.com.br\\\/#\\\/schema\\\/logo\\\/image\\\/\"},\"sameAs\":[\"https:\\\/\\\/www.facebook.com\\\/BlogQuerSaberPolitica\\\/\"]},{\"@type\":\"Person\",\"@id\":\"https:\\\/\\\/blogdofarnesio.com.br\\\/#\\\/schema\\\/person\\\/bb9b23ae3ad0609ce8df7b6c9e76824d\",\"name\":\"Farn\u00e9sio\",\"image\":{\"@type\":\"ImageObject\",\"inLanguage\":\"pt-BR\",\"@id\":\"https:\\\/\\\/secure.gravatar.com\\\/avatar\\\/986aa4c61ccdb66f8555bf88fc2a65609d00bcabd4d2d94377a727547345cbca?s=96&d=mm&r=g\",\"url\":\"https:\\\/\\\/secure.gravatar.com\\\/avatar\\\/986aa4c61ccdb66f8555bf88fc2a65609d00bcabd4d2d94377a727547345cbca?s=96&d=mm&r=g\",\"contentUrl\":\"https:\\\/\\\/secure.gravatar.com\\\/avatar\\\/986aa4c61ccdb66f8555bf88fc2a65609d00bcabd4d2d94377a727547345cbca?s=96&d=mm&r=g\",\"caption\":\"Farn\u00e9sio\"},\"description\":\"Radialista blogueiro, chegou a Petrolina\\\/Juazeiro em setembro de 1980, Farn\u00e9sio Silva \u00e9 de Arapiraca-Alagoas.\",\"sameAs\":[\"http:\\\/\\\/blogdofarnesio.com.br\",\"https:\\\/\\\/www.facebook.com\\\/?ref=tn_tnmn\",\"https:\\\/\\\/www.instagram.com\\\/?utm_source=pwa_homescreen\",\"https:\\\/\\\/youtube.com.br\\\/\"],\"url\":\"https:\\\/\\\/blogdofarnesio.com.br\\\/author\\\/farnesio-2\\\/\"}]}<\/script>\n<!-- \/ Yoast SEO plugin. -->","yoast_head_json":{"title":"JOSIMARA CAVALCANTI CONTEMPLA ASSOCIA\u00c7\u00d5ES RURAIS DE DORMENTES COM NOVOS PO\u00c7OS ARTESIANOS - Blog do Farn\u00e9sio","robots":{"index":"index","follow":"follow","max-snippet":"max-snippet:-1","max-image-preview":"max-image-preview:large","max-video-preview":"max-video-preview:-1"},"canonical":"https:\/\/blogdofarnesio.com.br\/2022\/05\/josimara-cavalcanti-contempla-associacoes-rurais-de-dormentes-com-novos-pocos-artesianos\/","og_locale":"pt_BR","og_type":"article","og_title":"JOSIMARA CAVALCANTI CONTEMPLA ASSOCIA\u00c7\u00d5ES RURAIS DE DORMENTES COM NOVOS PO\u00c7OS ARTESIANOS - Blog do Farn\u00e9sio","og_description":"A prefeita de Dormentes, Josimara Cavalcanti, se reuniu com os agricultores das Associa\u00e7\u00f5es de Produtores Rurais de Vila Nova, Lagoas e S\u00edtio Jardineira para sortear novos po\u00e7os artesianos no munic\u00edpio. Ao todo foram sorteados 15 novos po\u00e7os que v\u00e3o ser perfurados pela gest\u00e3o municipal, atrav\u00e9s do PAI &#8211; Programa \u00c1gua no Interior. \u201cAtrav\u00e9s do Programa PAI estamos contemplando as tr\u00eas associa\u00e7\u00f5es, com 5 po\u00e7os para cada localidade. A valoriza\u00e7\u00e3o do homem do campo sempre foi um dos principais objetivos de nossa administra\u00e7\u00e3o e sabemos que esses novos po\u00e7os v\u00e3o garantir \u00e1gua pot\u00e1vel e em abund\u00e2ncia para melhorar muito o dia a dia dos nossos agricultores\u201d, destacou Josimara. Os sorteios foram realizados nas sedes das associa\u00e7\u00f5es e contou com a participa\u00e7\u00e3o&hellip;","og_url":"https:\/\/blogdofarnesio.com.br\/2022\/05\/josimara-cavalcanti-contempla-associacoes-rurais-de-dormentes-com-novos-pocos-artesianos\/","og_site_name":"Blog do Farn\u00e9sio","article_publisher":"https:\/\/www.facebook.com\/BlogQuerSaberPolitica\/","article_author":"https:\/\/www.facebook.com\/?ref=tn_tnmn","article_published_time":"2022-05-31T17:43:02+00:00","og_image":[{"width":768,"height":623,"url":"https:\/\/blogdofarnesio.com.br\/wp-content\/uploads\/2022\/05\/REUNIAO-JARDINEIRA.jpeg","type":"image\/jpeg"}],"author":"Farn\u00e9sio","twitter_card":"summary_large_image","twitter_misc":{"Escrito por":"Farn\u00e9sio","Est. tempo de leitura":"1 minuto"},"schema":{"@context":"https:\/\/schema.org","@graph":[{"@type":"Article","@id":"https:\/\/blogdofarnesio.com.br\/2022\/05\/josimara-cavalcanti-contempla-associacoes-rurais-de-dormentes-com-novos-pocos-artesianos\/#article","isPartOf":{"@id":"https:\/\/blogdofarnesio.com.br\/2022\/05\/josimara-cavalcanti-contempla-associacoes-rurais-de-dormentes-com-novos-pocos-artesianos\/"},"author":{"name":"Farn\u00e9sio","@id":"https:\/\/blogdofarnesio.com.br\/#\/schema\/person\/bb9b23ae3ad0609ce8df7b6c9e76824d"},"headline":"JOSIMARA CAVALCANTI CONTEMPLA ASSOCIA\u00c7\u00d5ES RURAIS DE DORMENTES COM NOVOS PO\u00c7OS ARTESIANOS","datePublished":"2022-05-31T17:43:02+00:00","mainEntityOfPage":{"@id":"https:\/\/blogdofarnesio.com.br\/2022\/05\/josimara-cavalcanti-contempla-associacoes-rurais-de-dormentes-com-novos-pocos-artesianos\/"},"wordCount":194,"commentCount":0,"publisher":{"@id":"https:\/\/blogdofarnesio.com.br\/#organization"},"image":{"@id":"https:\/\/blogdofarnesio.com.br\/2022\/05\/josimara-cavalcanti-contempla-associacoes-rurais-de-dormentes-com-novos-pocos-artesianos\/#primaryimage"},"thumbnailUrl":"https:\/\/blogdofarnesio.com.br\/wp-content\/uploads\/2022\/05\/REUNIAO-JARDINEIRA.jpeg","articleSection":["Cidades"],"inLanguage":"pt-BR","potentialAction":[{"@type":"CommentAction","name":"Comment","target":["https:\/\/blogdofarnesio.com.br\/2022\/05\/josimara-cavalcanti-contempla-associacoes-rurais-de-dormentes-com-novos-pocos-artesianos\/#respond"]}]},{"@type":"WebPage","@id":"https:\/\/blogdofarnesio.com.br\/2022\/05\/josimara-cavalcanti-contempla-associacoes-rurais-de-dormentes-com-novos-pocos-artesianos\/","url":"https:\/\/blogdofarnesio.com.br\/2022\/05\/josimara-cavalcanti-contempla-associacoes-rurais-de-dormentes-com-novos-pocos-artesianos\/","name":"JOSIMARA CAVALCANTI CONTEMPLA ASSOCIA\u00c7\u00d5ES RURAIS DE DORMENTES COM NOVOS PO\u00c7OS ARTESIANOS - Blog do Farn\u00e9sio","isPartOf":{"@id":"https:\/\/blogdofarnesio.com.br\/#website"},"primaryImageOfPage":{"@id":"https:\/\/blogdofarnesio.com.br\/2022\/05\/josimara-cavalcanti-contempla-associacoes-rurais-de-dormentes-com-novos-pocos-artesianos\/#primaryimage"},"image":{"@id":"https:\/\/blogdofarnesio.com.br\/2022\/05\/josimara-cavalcanti-contempla-associacoes-rurais-de-dormentes-com-novos-pocos-artesianos\/#primaryimage"},"thumbnailUrl":"https:\/\/blogdofarnesio.com.br\/wp-content\/uploads\/2022\/05\/REUNIAO-JARDINEIRA.jpeg","datePublished":"2022-05-31T17:43:02+00:00","breadcrumb":{"@id":"https:\/\/blogdofarnesio.com.br\/2022\/05\/josimara-cavalcanti-contempla-associacoes-rurais-de-dormentes-com-novos-pocos-artesianos\/#breadcrumb"},"inLanguage":"pt-BR","potentialAction":[{"@type":"ReadAction","target":["https:\/\/blogdofarnesio.com.br\/2022\/05\/josimara-cavalcanti-contempla-associacoes-rurais-de-dormentes-com-novos-pocos-artesianos\/"]}]},{"@type":"ImageObject","inLanguage":"pt-BR","@id":"https:\/\/blogdofarnesio.com.br\/2022\/05\/josimara-cavalcanti-contempla-associacoes-rurais-de-dormentes-com-novos-pocos-artesianos\/#primaryimage","url":"https:\/\/blogdofarnesio.com.br\/wp-content\/uploads\/2022\/05\/REUNIAO-JARDINEIRA.jpeg","contentUrl":"https:\/\/blogdofarnesio.com.br\/wp-content\/uploads\/2022\/05\/REUNIAO-JARDINEIRA.jpeg","width":768,"height":623},{"@type":"BreadcrumbList","@id":"https:\/\/blogdofarnesio.com.br\/2022\/05\/josimara-cavalcanti-contempla-associacoes-rurais-de-dormentes-com-novos-pocos-artesianos\/#breadcrumb","itemListElement":[{"@type":"ListItem","position":1,"name":"In\u00edcio","item":"https:\/\/blogdofarnesio.com.br\/"},{"@type":"ListItem","position":2,"name":"JOSIMARA CAVALCANTI CONTEMPLA ASSOCIA\u00c7\u00d5ES RURAIS DE DORMENTES COM NOVOS PO\u00c7OS ARTESIANOS"}]},{"@type":"WebSite","@id":"https:\/\/blogdofarnesio.com.br\/#website","url":"https:\/\/blogdofarnesio.com.br\/","name":"Blog do Farn\u00e9sio","description":"Quer Saber Pol\u00edtica?","publisher":{"@id":"https:\/\/blogdofarnesio.com.br\/#organization"},"potentialAction":[{"@type":"SearchAction","target":{"@type":"EntryPoint","urlTemplate":"https:\/\/blogdofarnesio.com.br\/?s={search_term_string}"},"query-input":{"@type":"PropertyValueSpecification","valueRequired":true,"valueName":"search_term_string"}}],"inLanguage":"pt-BR"},{"@type":"Organization","@id":"https:\/\/blogdofarnesio.com.br\/#organization","name":"Blog do Farn\u00e9sio","url":"https:\/\/blogdofarnesio.com.br\/","logo":{"@type":"ImageObject","inLanguage":"pt-BR","@id":"https:\/\/blogdofarnesio.com.br\/#\/schema\/logo\/image\/","url":"https:\/\/blogdofarnesio.com.br\/wp-content\/uploads\/2026\/03\/cropped-logo_new-1.png","contentUrl":"https:\/\/blogdofarnesio.com.br\/wp-content\/uploads\/2026\/03\/cropped-logo_new-1.png","width":881,"height":685,"caption":"Blog do Farn\u00e9sio"},"image":{"@id":"https:\/\/blogdofarnesio.com.br\/#\/schema\/logo\/image\/"},"sameAs":["https:\/\/www.facebook.com\/BlogQuerSaberPolitica\/"]},{"@type":"Person","@id":"https:\/\/blogdofarnesio.com.br\/#\/schema\/person\/bb9b23ae3ad0609ce8df7b6c9e76824d","name":"Farn\u00e9sio","image":{"@type":"ImageObject","inLanguage":"pt-BR","@id":"https:\/\/secure.gravatar.com\/avatar\/986aa4c61ccdb66f8555bf88fc2a65609d00bcabd4d2d94377a727547345cbca?s=96&d=mm&r=g","url":"https:\/\/secure.gravatar.com\/avatar\/986aa4c61ccdb66f8555bf88fc2a65609d00bcabd4d2d94377a727547345cbca?s=96&d=mm&r=g","contentUrl":"https:\/\/secure.gravatar.com\/avatar\/986aa4c61ccdb66f8555bf88fc2a65609d00bcabd4d2d94377a727547345cbca?s=96&d=mm&r=g","caption":"Farn\u00e9sio"},"description":"Radialista blogueiro, chegou a Petrolina\/Juazeiro em setembro de 1980, Farn\u00e9sio Silva \u00e9 de Arapiraca-Alagoas.","sameAs":["http:\/\/blogdofarnesio.com.br","https:\/\/www.facebook.com\/?ref=tn_tnmn","https:\/\/www.instagram.com\/?utm_source=pwa_homescreen","https:\/\/youtube.com.br\/"],"url":"https:\/\/blogdofarnesio.com.br\/author\/farnesio-2\/"}]}},"_links":{"self":[{"href":"https:\/\/blogdofarnesio.com.br\/wp-json\/wp\/v2\/posts\/314396","targetHints":{"allow":["GET"]}}],"collection":[{"href":"https:\/\/blogdofarnesio.com.br\/wp-json\/wp\/v2\/posts"}],"about":[{"href":"https:\/\/blogdofarnesio.com.br\/wp-json\/wp\/v2\/types\/post"}],"author":[{"embeddable":true,"href":"https:\/\/blogdofarnesio.com.br\/wp-json\/wp\/v2\/users\/2"}],"replies":[{"embeddable":true,"href":"https:\/\/blogdofarnesio.com.br\/wp-json\/wp\/v2\/comments?post=314396"}],"version-history":[{"count":0,"href":"https:\/\/blogdofarnesio.com.br\/wp-json\/wp\/v2\/posts\/314396\/revisions"}],"wp:featuredmedia":[{"embeddable":true,"href":"https:\/\/blogdofarnesio.com.br\/wp-json\/wp\/v2\/media\/314397"}],"wp:attachment":[{"href":"https:\/\/blogdofarnesio.com.br\/wp-json\/wp\/v2\/media?parent=314396"}],"wp:term":[{"taxonomy":"category","embeddable":true,"href":"https:\/\/blogdofarnesio.com.br\/wp-json\/wp\/v2\/categories?post=314396"},{"taxonomy":"post_tag","embeddable":true,"href":"https:\/\/blogdofarnesio.com.br\/wp-json\/wp\/v2\/tags?post=314396"}],"curies":[{"name":"wp","href":"https:\/\/api.w.org\/{rel}","templated":true}]}}