{"id":313454,"date":"2022-05-17T15:23:28","date_gmt":"2022-05-17T18:23:28","guid":{"rendered":"https:\/\/blogdofarnesio.com.br\/?p=313454"},"modified":"2022-05-17T12:34:36","modified_gmt":"2022-05-17T15:34:36","slug":"prefeitura-de-juazeiro-ira-apresentar-potenciais-da-cidade-no-1-salao-de-turismo-do-vale-do-sao-francisco","status":"publish","type":"post","link":"https:\/\/blogdofarnesio.com.br\/?p=313454","title":{"rendered":"Prefeitura de Juazeiro ir\u00e1 apresentar potenciais da cidade no 1\u00b0 Sal\u00e3o de Turismo do Vale do S\u00e3o Francisco"},"content":{"rendered":"<div class=\"Tf Hh\">\n<div class=\"Kh\">Os espa\u00e7os tur\u00edsticos, as experi\u00eancias gastron\u00f4micas e o agroneg\u00f3cio de Juazeiro poder\u00e3o ser admirados, a partir desta quinta-feira (19), no \u20181\u00b0 Sal\u00e3o de Turismo do Vale do S\u00e3o Francisco\u2019.<\/div>\n<div><\/div>\n<div class=\"Kh\">O evento, que acontecer\u00e1 na Orla de Petrolina, \u00e9 voltado para destacar a cultura, o turismo e os potenciais de toda a regi\u00e3o que abrange cerca de 30 munic\u00edpios entre Pernambuco e Bahia.<\/div>\n<\/div>\n<div class=\"ig\" data-onclick=\"cvmsgcontainercl+22\">\n<div id=\"cvcmsg_180d24be117e8f81\" class=\"Rf\">\n<div id=\"cvcfullmsg_180d24be117e8f81\" class=\"og\">\n<div id=\"cvcmsgbod_180d24be117e8f81\" class=\"th\">\n<div class=\"gh\">\n<div class=\"Gg Ig \" dir=\"ltr\">\n<div dir=\"ltr\">\nAp\u00f3s dois anos de pandemia e a retomada de eventos e viagens, o encontro seguir\u00e1 at\u00e9 o dia 22 de maio com uma programa\u00e7\u00e3o diversificada: arena gastron\u00f4mica, exposi\u00e7\u00e3o de carros antigos, festival de cacha\u00e7a, festival de churrasco, palestras, apresenta\u00e7\u00f5es culturais, f\u00f3rum interestadual, oficinas e minicursos. O 1\u00b0 Sal\u00e3o de Turismo do Vale do S\u00e3o Francisco \u00e9 idealizado pela Cooperativa de Produtores e Empreendedores do Turismo e Agroneg\u00f3cio do Subm\u00e9dio do S\u00e3o Francisco (Coopemvale) e a Ag\u00eancia de Turismo Rural, Enoturismo, Pedag\u00f3gico e Criativo em Petrolina (Criatur) e a co-realiza\u00e7\u00e3o da Prefeitura de Juazeiro, atrav\u00e9s da Secretaria de Cultura, Turismo e Esportes (Seculte). O evento acontecer\u00e1 anualmente e ser\u00e1 revezado entre Juazeiro e Petrolina.<\/p>\n<p>Para o titular da Seculte, S\u00e9rgio Fernandes, o evento \u00e9 uma grande oportunidade para demonstrar a grandiosidade de Juazeiro e da regi\u00e3o. \u201cO Sal\u00e3o vem pra mostrar a quem ainda n\u00e3o conhece o potencial enorme do Vale do S\u00e3o Francisco seja na cultura, seja nos diversos espa\u00e7os tur\u00edsticos ou na gastronomia, no enoturismo e, para aqueles que j\u00e1 conhecem, admirarem ainda mais as diversas possibilidades da nossa regi\u00e3o. Estamos entusiasmados com o encontro e convidamos a todos para comparecer ao nosso stand\u201d, convida o secret\u00e1rio.<\/p>\n<p>A entrada \u00e9 gratuita. A confirma\u00e7\u00e3o da visita\u00e7\u00e3o deve ser feita atrav\u00e9s do link:\u00a0<a href=\"https:\/\/www.sympla.com.br\/evento\/1-salao-de-turismo-do-vale-do-sao-francisco\/1544560\" target=\"_blank\" rel=\"noopener\" data-saferedirecturl=\"https:\/\/www.google.com\/url?hl=pt-BR&amp;q=https:\/\/www.sympla.com.br\/evento\/1-salao-de-turismo-do-vale-do-sao-francisco\/1544560&amp;source=gmail&amp;ust=1652882092406000&amp;usg=AOvVaw0M6VbOVLs-c0REyY49qWuS\">https:\/\/www.sympla.com.br\/<wbr \/>evento\/1-salao-de-turismo-do-<wbr \/>vale-do-sao-francisco\/1544560<\/a><\/p>\n<div><\/div>\n<div>Texto: Karem Moraes &#8211; Assessora de Imprensa da Secretaria de Cultura, Turismo e Esportes (Seculte<\/div>\n<\/div>\n<\/div>\n<\/div>\n<\/div>\n<\/div>\n<\/div>\n<\/div>\n","protected":false},"excerpt":{"rendered":"<p>Os espa\u00e7os tur\u00edsticos, as experi\u00eancias gastron\u00f4micas e o agroneg\u00f3cio de Juazeiro poder\u00e3o ser admirados, a partir desta quinta-feira (19), no \u20181\u00b0 Sal\u00e3o de Turismo do Vale do S\u00e3o Francisco\u2019. O evento, que acontecer\u00e1 na Orla de Petrolina, \u00e9 voltado para destacar a cultura, o turismo e os potenciais de toda a regi\u00e3o que abrange cerca de 30 munic\u00edpios entre Pernambuco e Bahia. Ap\u00f3s dois anos de pandemia e a retomada de eventos e viagens, o encontro seguir\u00e1 at\u00e9 o dia 22 de maio com uma programa\u00e7\u00e3o diversificada: arena gastron\u00f4mica, exposi\u00e7\u00e3o de carros antigos, festival de cacha\u00e7a, festival de churrasco, palestras, apresenta\u00e7\u00f5es culturais, f\u00f3rum interestadual, oficinas e minicursos. O 1\u00b0 Sal\u00e3o de Turismo do Vale do S\u00e3o Francisco \u00e9 idealizado pela&hellip; <\/p>\n","protected":false},"author":2,"featured_media":313455,"comment_status":"open","ping_status":"open","sticky":false,"template":"","format":"standard","meta":{"_acf_changed":false,"footnotes":""},"categories":[11],"tags":[],"class_list":["post-313454","post","type-post","status-publish","format-standard","has-post-thumbnail","hentry","category-turismo"],"acf":[],"yoast_head":"<!-- This site is optimized with the Yoast SEO plugin v27.4 - https:\/\/yoast.com\/product\/yoast-seo-wordpress\/ -->\n<title>Prefeitura de Juazeiro ir\u00e1 apresentar potenciais da cidade no 1\u00b0 Sal\u00e3o de Turismo do Vale do S\u00e3o Francisco - Blog do Farn\u00e9sio<\/title>\n<meta name=\"robots\" content=\"index, follow, max-snippet:-1, max-image-preview:large, max-video-preview:-1\" \/>\n<link rel=\"canonical\" href=\"https:\/\/blogdofarnesio.com.br\/?p=313454\" \/>\n<meta property=\"og:locale\" content=\"pt_BR\" \/>\n<meta property=\"og:type\" content=\"article\" \/>\n<meta property=\"og:title\" content=\"Prefeitura de Juazeiro ir\u00e1 apresentar potenciais da cidade no 1\u00b0 Sal\u00e3o de Turismo do Vale do S\u00e3o Francisco - Blog do Farn\u00e9sio\" \/>\n<meta property=\"og:description\" content=\"Os espa\u00e7os tur\u00edsticos, as experi\u00eancias gastron\u00f4micas e o agroneg\u00f3cio de Juazeiro poder\u00e3o ser admirados, a partir desta quinta-feira (19), no \u20181\u00b0 Sal\u00e3o de Turismo do Vale do S\u00e3o Francisco\u2019. O evento, que acontecer\u00e1 na Orla de Petrolina, \u00e9 voltado para destacar a cultura, o turismo e os potenciais de toda a regi\u00e3o que abrange cerca de 30 munic\u00edpios entre Pernambuco e Bahia. Ap\u00f3s dois anos de pandemia e a retomada de eventos e viagens, o encontro seguir\u00e1 at\u00e9 o dia 22 de maio com uma programa\u00e7\u00e3o diversificada: arena gastron\u00f4mica, exposi\u00e7\u00e3o de carros antigos, festival de cacha\u00e7a, festival de churrasco, palestras, apresenta\u00e7\u00f5es culturais, f\u00f3rum interestadual, oficinas e minicursos. O 1\u00b0 Sal\u00e3o de Turismo do Vale do S\u00e3o Francisco \u00e9 idealizado pela&hellip;\" \/>\n<meta property=\"og:url\" content=\"https:\/\/blogdofarnesio.com.br\/?p=313454\" \/>\n<meta property=\"og:site_name\" content=\"Blog do Farn\u00e9sio\" \/>\n<meta property=\"article:publisher\" content=\"https:\/\/www.facebook.com\/BlogQuerSaberPolitica\/\" \/>\n<meta property=\"article:author\" content=\"https:\/\/www.facebook.com\/?ref=tn_tnmn\" \/>\n<meta property=\"article:published_time\" content=\"2022-05-17T18:23:28+00:00\" \/>\n<meta property=\"og:image\" content=\"https:\/\/blogdofarnesio.com.br\/wp-content\/uploads\/2022\/05\/Card-Salao-de-Turismo-do-Vale-do-Sao-Francisco-e1652801628633.jpeg\" \/>\n\t<meta property=\"og:image:width\" content=\"580\" \/>\n\t<meta property=\"og:image:height\" content=\"414\" \/>\n\t<meta property=\"og:image:type\" content=\"image\/jpeg\" \/>\n<meta name=\"author\" content=\"Farn\u00e9sio\" \/>\n<meta name=\"twitter:card\" content=\"summary_large_image\" \/>\n<meta name=\"twitter:label1\" content=\"Escrito por\" \/>\n\t<meta name=\"twitter:data1\" content=\"Farn\u00e9sio\" \/>\n\t<meta name=\"twitter:label2\" content=\"Est. tempo de leitura\" \/>\n\t<meta name=\"twitter:data2\" content=\"2 minutos\" \/>\n<script type=\"application\/ld+json\" class=\"yoast-schema-graph\">{\"@context\":\"https:\\\/\\\/schema.org\",\"@graph\":[{\"@type\":\"Article\",\"@id\":\"https:\\\/\\\/blogdofarnesio.com.br\\\/?p=313454#article\",\"isPartOf\":{\"@id\":\"https:\\\/\\\/blogdofarnesio.com.br\\\/?p=313454\"},\"author\":{\"name\":\"Farn\u00e9sio\",\"@id\":\"https:\\\/\\\/blogdofarnesio.com.br\\\/#\\\/schema\\\/person\\\/bb9b23ae3ad0609ce8df7b6c9e76824d\"},\"headline\":\"Prefeitura de Juazeiro ir\u00e1 apresentar potenciais da cidade no 1\u00b0 Sal\u00e3o de Turismo do Vale do S\u00e3o Francisco\",\"datePublished\":\"2022-05-17T18:23:28+00:00\",\"mainEntityOfPage\":{\"@id\":\"https:\\\/\\\/blogdofarnesio.com.br\\\/?p=313454\"},\"wordCount\":344,\"commentCount\":0,\"publisher\":{\"@id\":\"https:\\\/\\\/blogdofarnesio.com.br\\\/#organization\"},\"image\":{\"@id\":\"https:\\\/\\\/blogdofarnesio.com.br\\\/?p=313454#primaryimage\"},\"thumbnailUrl\":\"https:\\\/\\\/blogdofarnesio.com.br\\\/wp-content\\\/uploads\\\/2022\\\/05\\\/Card-Salao-de-Turismo-do-Vale-do-Sao-Francisco-e1652801628633.jpeg\",\"articleSection\":[\"Turismo\"],\"inLanguage\":\"pt-BR\",\"potentialAction\":[{\"@type\":\"CommentAction\",\"name\":\"Comment\",\"target\":[\"https:\\\/\\\/blogdofarnesio.com.br\\\/?p=313454#respond\"]}]},{\"@type\":\"WebPage\",\"@id\":\"https:\\\/\\\/blogdofarnesio.com.br\\\/?p=313454\",\"url\":\"https:\\\/\\\/blogdofarnesio.com.br\\\/?p=313454\",\"name\":\"Prefeitura de Juazeiro ir\u00e1 apresentar potenciais da cidade no 1\u00b0 Sal\u00e3o de Turismo do Vale do S\u00e3o Francisco - Blog do Farn\u00e9sio\",\"isPartOf\":{\"@id\":\"https:\\\/\\\/blogdofarnesio.com.br\\\/#website\"},\"primaryImageOfPage\":{\"@id\":\"https:\\\/\\\/blogdofarnesio.com.br\\\/?p=313454#primaryimage\"},\"image\":{\"@id\":\"https:\\\/\\\/blogdofarnesio.com.br\\\/?p=313454#primaryimage\"},\"thumbnailUrl\":\"https:\\\/\\\/blogdofarnesio.com.br\\\/wp-content\\\/uploads\\\/2022\\\/05\\\/Card-Salao-de-Turismo-do-Vale-do-Sao-Francisco-e1652801628633.jpeg\",\"datePublished\":\"2022-05-17T18:23:28+00:00\",\"breadcrumb\":{\"@id\":\"https:\\\/\\\/blogdofarnesio.com.br\\\/?p=313454#breadcrumb\"},\"inLanguage\":\"pt-BR\",\"potentialAction\":[{\"@type\":\"ReadAction\",\"target\":[\"https:\\\/\\\/blogdofarnesio.com.br\\\/?p=313454\"]}]},{\"@type\":\"ImageObject\",\"inLanguage\":\"pt-BR\",\"@id\":\"https:\\\/\\\/blogdofarnesio.com.br\\\/?p=313454#primaryimage\",\"url\":\"https:\\\/\\\/blogdofarnesio.com.br\\\/wp-content\\\/uploads\\\/2022\\\/05\\\/Card-Salao-de-Turismo-do-Vale-do-Sao-Francisco-e1652801628633.jpeg\",\"contentUrl\":\"https:\\\/\\\/blogdofarnesio.com.br\\\/wp-content\\\/uploads\\\/2022\\\/05\\\/Card-Salao-de-Turismo-do-Vale-do-Sao-Francisco-e1652801628633.jpeg\",\"width\":580,\"height\":414},{\"@type\":\"BreadcrumbList\",\"@id\":\"https:\\\/\\\/blogdofarnesio.com.br\\\/?p=313454#breadcrumb\",\"itemListElement\":[{\"@type\":\"ListItem\",\"position\":1,\"name\":\"In\u00edcio\",\"item\":\"https:\\\/\\\/blogdofarnesio.com.br\\\/\"},{\"@type\":\"ListItem\",\"position\":2,\"name\":\"Prefeitura de Juazeiro ir\u00e1 apresentar potenciais da cidade no 1\u00b0 Sal\u00e3o de Turismo do Vale do S\u00e3o Francisco\"}]},{\"@type\":\"WebSite\",\"@id\":\"https:\\\/\\\/blogdofarnesio.com.br\\\/#website\",\"url\":\"https:\\\/\\\/blogdofarnesio.com.br\\\/\",\"name\":\"Blog do Farn\u00e9sio\",\"description\":\"Quer Saber Pol\u00edtica?\",\"publisher\":{\"@id\":\"https:\\\/\\\/blogdofarnesio.com.br\\\/#organization\"},\"potentialAction\":[{\"@type\":\"SearchAction\",\"target\":{\"@type\":\"EntryPoint\",\"urlTemplate\":\"https:\\\/\\\/blogdofarnesio.com.br\\\/?s={search_term_string}\"},\"query-input\":{\"@type\":\"PropertyValueSpecification\",\"valueRequired\":true,\"valueName\":\"search_term_string\"}}],\"inLanguage\":\"pt-BR\"},{\"@type\":\"Organization\",\"@id\":\"https:\\\/\\\/blogdofarnesio.com.br\\\/#organization\",\"name\":\"Blog do Farn\u00e9sio\",\"url\":\"https:\\\/\\\/blogdofarnesio.com.br\\\/\",\"logo\":{\"@type\":\"ImageObject\",\"inLanguage\":\"pt-BR\",\"@id\":\"https:\\\/\\\/blogdofarnesio.com.br\\\/#\\\/schema\\\/logo\\\/image\\\/\",\"url\":\"https:\\\/\\\/blogdofarnesio.com.br\\\/wp-content\\\/uploads\\\/2026\\\/03\\\/cropped-logo_new-1.png\",\"contentUrl\":\"https:\\\/\\\/blogdofarnesio.com.br\\\/wp-content\\\/uploads\\\/2026\\\/03\\\/cropped-logo_new-1.png\",\"width\":881,\"height\":685,\"caption\":\"Blog do Farn\u00e9sio\"},\"image\":{\"@id\":\"https:\\\/\\\/blogdofarnesio.com.br\\\/#\\\/schema\\\/logo\\\/image\\\/\"},\"sameAs\":[\"https:\\\/\\\/www.facebook.com\\\/BlogQuerSaberPolitica\\\/\"]},{\"@type\":\"Person\",\"@id\":\"https:\\\/\\\/blogdofarnesio.com.br\\\/#\\\/schema\\\/person\\\/bb9b23ae3ad0609ce8df7b6c9e76824d\",\"name\":\"Farn\u00e9sio\",\"image\":{\"@type\":\"ImageObject\",\"inLanguage\":\"pt-BR\",\"@id\":\"https:\\\/\\\/secure.gravatar.com\\\/avatar\\\/986aa4c61ccdb66f8555bf88fc2a65609d00bcabd4d2d94377a727547345cbca?s=96&d=mm&r=g\",\"url\":\"https:\\\/\\\/secure.gravatar.com\\\/avatar\\\/986aa4c61ccdb66f8555bf88fc2a65609d00bcabd4d2d94377a727547345cbca?s=96&d=mm&r=g\",\"contentUrl\":\"https:\\\/\\\/secure.gravatar.com\\\/avatar\\\/986aa4c61ccdb66f8555bf88fc2a65609d00bcabd4d2d94377a727547345cbca?s=96&d=mm&r=g\",\"caption\":\"Farn\u00e9sio\"},\"description\":\"Radialista blogueiro, chegou a Petrolina\\\/Juazeiro em setembro de 1980, Farn\u00e9sio Silva \u00e9 de Arapiraca-Alagoas.\",\"sameAs\":[\"http:\\\/\\\/blogdofarnesio.com.br\",\"https:\\\/\\\/www.facebook.com\\\/?ref=tn_tnmn\",\"https:\\\/\\\/www.instagram.com\\\/?utm_source=pwa_homescreen\",\"https:\\\/\\\/youtube.com.br\\\/\"],\"url\":\"https:\\\/\\\/blogdofarnesio.com.br\\\/?author=2\"}]}<\/script>\n<!-- \/ Yoast SEO plugin. -->","yoast_head_json":{"title":"Prefeitura de Juazeiro ir\u00e1 apresentar potenciais da cidade no 1\u00b0 Sal\u00e3o de Turismo do Vale do S\u00e3o Francisco - Blog do Farn\u00e9sio","robots":{"index":"index","follow":"follow","max-snippet":"max-snippet:-1","max-image-preview":"max-image-preview:large","max-video-preview":"max-video-preview:-1"},"canonical":"https:\/\/blogdofarnesio.com.br\/?p=313454","og_locale":"pt_BR","og_type":"article","og_title":"Prefeitura de Juazeiro ir\u00e1 apresentar potenciais da cidade no 1\u00b0 Sal\u00e3o de Turismo do Vale do S\u00e3o Francisco - Blog do Farn\u00e9sio","og_description":"Os espa\u00e7os tur\u00edsticos, as experi\u00eancias gastron\u00f4micas e o agroneg\u00f3cio de Juazeiro poder\u00e3o ser admirados, a partir desta quinta-feira (19), no \u20181\u00b0 Sal\u00e3o de Turismo do Vale do S\u00e3o Francisco\u2019. O evento, que acontecer\u00e1 na Orla de Petrolina, \u00e9 voltado para destacar a cultura, o turismo e os potenciais de toda a regi\u00e3o que abrange cerca de 30 munic\u00edpios entre Pernambuco e Bahia. Ap\u00f3s dois anos de pandemia e a retomada de eventos e viagens, o encontro seguir\u00e1 at\u00e9 o dia 22 de maio com uma programa\u00e7\u00e3o diversificada: arena gastron\u00f4mica, exposi\u00e7\u00e3o de carros antigos, festival de cacha\u00e7a, festival de churrasco, palestras, apresenta\u00e7\u00f5es culturais, f\u00f3rum interestadual, oficinas e minicursos. O 1\u00b0 Sal\u00e3o de Turismo do Vale do S\u00e3o Francisco \u00e9 idealizado pela&hellip;","og_url":"https:\/\/blogdofarnesio.com.br\/?p=313454","og_site_name":"Blog do Farn\u00e9sio","article_publisher":"https:\/\/www.facebook.com\/BlogQuerSaberPolitica\/","article_author":"https:\/\/www.facebook.com\/?ref=tn_tnmn","article_published_time":"2022-05-17T18:23:28+00:00","og_image":[{"width":580,"height":414,"url":"https:\/\/blogdofarnesio.com.br\/wp-content\/uploads\/2022\/05\/Card-Salao-de-Turismo-do-Vale-do-Sao-Francisco-e1652801628633.jpeg","type":"image\/jpeg"}],"author":"Farn\u00e9sio","twitter_card":"summary_large_image","twitter_misc":{"Escrito por":"Farn\u00e9sio","Est. tempo de leitura":"2 minutos"},"schema":{"@context":"https:\/\/schema.org","@graph":[{"@type":"Article","@id":"https:\/\/blogdofarnesio.com.br\/?p=313454#article","isPartOf":{"@id":"https:\/\/blogdofarnesio.com.br\/?p=313454"},"author":{"name":"Farn\u00e9sio","@id":"https:\/\/blogdofarnesio.com.br\/#\/schema\/person\/bb9b23ae3ad0609ce8df7b6c9e76824d"},"headline":"Prefeitura de Juazeiro ir\u00e1 apresentar potenciais da cidade no 1\u00b0 Sal\u00e3o de Turismo do Vale do S\u00e3o Francisco","datePublished":"2022-05-17T18:23:28+00:00","mainEntityOfPage":{"@id":"https:\/\/blogdofarnesio.com.br\/?p=313454"},"wordCount":344,"commentCount":0,"publisher":{"@id":"https:\/\/blogdofarnesio.com.br\/#organization"},"image":{"@id":"https:\/\/blogdofarnesio.com.br\/?p=313454#primaryimage"},"thumbnailUrl":"https:\/\/blogdofarnesio.com.br\/wp-content\/uploads\/2022\/05\/Card-Salao-de-Turismo-do-Vale-do-Sao-Francisco-e1652801628633.jpeg","articleSection":["Turismo"],"inLanguage":"pt-BR","potentialAction":[{"@type":"CommentAction","name":"Comment","target":["https:\/\/blogdofarnesio.com.br\/?p=313454#respond"]}]},{"@type":"WebPage","@id":"https:\/\/blogdofarnesio.com.br\/?p=313454","url":"https:\/\/blogdofarnesio.com.br\/?p=313454","name":"Prefeitura de Juazeiro ir\u00e1 apresentar potenciais da cidade no 1\u00b0 Sal\u00e3o de Turismo do Vale do S\u00e3o Francisco - Blog do Farn\u00e9sio","isPartOf":{"@id":"https:\/\/blogdofarnesio.com.br\/#website"},"primaryImageOfPage":{"@id":"https:\/\/blogdofarnesio.com.br\/?p=313454#primaryimage"},"image":{"@id":"https:\/\/blogdofarnesio.com.br\/?p=313454#primaryimage"},"thumbnailUrl":"https:\/\/blogdofarnesio.com.br\/wp-content\/uploads\/2022\/05\/Card-Salao-de-Turismo-do-Vale-do-Sao-Francisco-e1652801628633.jpeg","datePublished":"2022-05-17T18:23:28+00:00","breadcrumb":{"@id":"https:\/\/blogdofarnesio.com.br\/?p=313454#breadcrumb"},"inLanguage":"pt-BR","potentialAction":[{"@type":"ReadAction","target":["https:\/\/blogdofarnesio.com.br\/?p=313454"]}]},{"@type":"ImageObject","inLanguage":"pt-BR","@id":"https:\/\/blogdofarnesio.com.br\/?p=313454#primaryimage","url":"https:\/\/blogdofarnesio.com.br\/wp-content\/uploads\/2022\/05\/Card-Salao-de-Turismo-do-Vale-do-Sao-Francisco-e1652801628633.jpeg","contentUrl":"https:\/\/blogdofarnesio.com.br\/wp-content\/uploads\/2022\/05\/Card-Salao-de-Turismo-do-Vale-do-Sao-Francisco-e1652801628633.jpeg","width":580,"height":414},{"@type":"BreadcrumbList","@id":"https:\/\/blogdofarnesio.com.br\/?p=313454#breadcrumb","itemListElement":[{"@type":"ListItem","position":1,"name":"In\u00edcio","item":"https:\/\/blogdofarnesio.com.br\/"},{"@type":"ListItem","position":2,"name":"Prefeitura de Juazeiro ir\u00e1 apresentar potenciais da cidade no 1\u00b0 Sal\u00e3o de Turismo do Vale do S\u00e3o Francisco"}]},{"@type":"WebSite","@id":"https:\/\/blogdofarnesio.com.br\/#website","url":"https:\/\/blogdofarnesio.com.br\/","name":"Blog do Farn\u00e9sio","description":"Quer Saber Pol\u00edtica?","publisher":{"@id":"https:\/\/blogdofarnesio.com.br\/#organization"},"potentialAction":[{"@type":"SearchAction","target":{"@type":"EntryPoint","urlTemplate":"https:\/\/blogdofarnesio.com.br\/?s={search_term_string}"},"query-input":{"@type":"PropertyValueSpecification","valueRequired":true,"valueName":"search_term_string"}}],"inLanguage":"pt-BR"},{"@type":"Organization","@id":"https:\/\/blogdofarnesio.com.br\/#organization","name":"Blog do Farn\u00e9sio","url":"https:\/\/blogdofarnesio.com.br\/","logo":{"@type":"ImageObject","inLanguage":"pt-BR","@id":"https:\/\/blogdofarnesio.com.br\/#\/schema\/logo\/image\/","url":"https:\/\/blogdofarnesio.com.br\/wp-content\/uploads\/2026\/03\/cropped-logo_new-1.png","contentUrl":"https:\/\/blogdofarnesio.com.br\/wp-content\/uploads\/2026\/03\/cropped-logo_new-1.png","width":881,"height":685,"caption":"Blog do Farn\u00e9sio"},"image":{"@id":"https:\/\/blogdofarnesio.com.br\/#\/schema\/logo\/image\/"},"sameAs":["https:\/\/www.facebook.com\/BlogQuerSaberPolitica\/"]},{"@type":"Person","@id":"https:\/\/blogdofarnesio.com.br\/#\/schema\/person\/bb9b23ae3ad0609ce8df7b6c9e76824d","name":"Farn\u00e9sio","image":{"@type":"ImageObject","inLanguage":"pt-BR","@id":"https:\/\/secure.gravatar.com\/avatar\/986aa4c61ccdb66f8555bf88fc2a65609d00bcabd4d2d94377a727547345cbca?s=96&d=mm&r=g","url":"https:\/\/secure.gravatar.com\/avatar\/986aa4c61ccdb66f8555bf88fc2a65609d00bcabd4d2d94377a727547345cbca?s=96&d=mm&r=g","contentUrl":"https:\/\/secure.gravatar.com\/avatar\/986aa4c61ccdb66f8555bf88fc2a65609d00bcabd4d2d94377a727547345cbca?s=96&d=mm&r=g","caption":"Farn\u00e9sio"},"description":"Radialista blogueiro, chegou a Petrolina\/Juazeiro em setembro de 1980, Farn\u00e9sio Silva \u00e9 de Arapiraca-Alagoas.","sameAs":["http:\/\/blogdofarnesio.com.br","https:\/\/www.facebook.com\/?ref=tn_tnmn","https:\/\/www.instagram.com\/?utm_source=pwa_homescreen","https:\/\/youtube.com.br\/"],"url":"https:\/\/blogdofarnesio.com.br\/?author=2"}]}},"_links":{"self":[{"href":"https:\/\/blogdofarnesio.com.br\/index.php?rest_route=\/wp\/v2\/posts\/313454","targetHints":{"allow":["GET"]}}],"collection":[{"href":"https:\/\/blogdofarnesio.com.br\/index.php?rest_route=\/wp\/v2\/posts"}],"about":[{"href":"https:\/\/blogdofarnesio.com.br\/index.php?rest_route=\/wp\/v2\/types\/post"}],"author":[{"embeddable":true,"href":"https:\/\/blogdofarnesio.com.br\/index.php?rest_route=\/wp\/v2\/users\/2"}],"replies":[{"embeddable":true,"href":"https:\/\/blogdofarnesio.com.br\/index.php?rest_route=%2Fwp%2Fv2%2Fcomments&post=313454"}],"version-history":[{"count":0,"href":"https:\/\/blogdofarnesio.com.br\/index.php?rest_route=\/wp\/v2\/posts\/313454\/revisions"}],"wp:featuredmedia":[{"embeddable":true,"href":"https:\/\/blogdofarnesio.com.br\/index.php?rest_route=\/wp\/v2\/media\/313455"}],"wp:attachment":[{"href":"https:\/\/blogdofarnesio.com.br\/index.php?rest_route=%2Fwp%2Fv2%2Fmedia&parent=313454"}],"wp:term":[{"taxonomy":"category","embeddable":true,"href":"https:\/\/blogdofarnesio.com.br\/index.php?rest_route=%2Fwp%2Fv2%2Fcategories&post=313454"},{"taxonomy":"post_tag","embeddable":true,"href":"https:\/\/blogdofarnesio.com.br\/index.php?rest_route=%2Fwp%2Fv2%2Ftags&post=313454"}],"curies":[{"name":"wp","href":"https:\/\/api.w.org\/{rel}","templated":true}]}}