{"id":313426,"date":"2022-05-17T13:03:51","date_gmt":"2022-05-17T16:03:51","guid":{"rendered":"https:\/\/blogdofarnesio.com.br\/?p=313426"},"modified":"2022-05-17T11:00:19","modified_gmt":"2022-05-17T14:00:19","slug":"correndo-trecho-em-busca-de-investimentos-para-petrolina-vereador-gilmar-santos-cumpre-agenda-no-recife","status":"publish","type":"post","link":"https:\/\/blogdofarnesio.com.br\/?p=313426","title":{"rendered":"Correndo trecho: Em busca de investimentos para Petrolina, Vereador Gilmar Santos cumpre agenda no Recife"},"content":{"rendered":"<div class=\"Tf Hh\">\n<div class=\"Kh\">Gilmar esteve na Secretaria Estadual de Desenvolvimento Agr\u00e1rio, se encontrou com o superintendente do DNIT\/PE, o presidente do IPA e participou do XVI Encontro Estadual do PT-PE<\/div>\n<\/div>\n<div class=\"ig\" data-onclick=\"cvmsgcontainercl+22\">\n<div id=\"cvcmsg_180cf31ecb019fc5\" class=\"Rf\">\n<div id=\"cvcfullmsg_180cf31ecb019fc5\" class=\"og\">\n<div id=\"cvcmsgbod_180cf31ecb019fc5\" class=\"th\">\n<div class=\"gh\">\n<div class=\"Gg Ig \" dir=\"ltr\">\n<div dir=\"ltr\">\n<div>\n<p dir=\"ltr\">Em viagem \u00e0 capital Pernambucana desde o \u00faltimo domingo (15), o vereador de Petrolina e pr\u00e9-candidato a Deputado Estadual Gilmar Santos-PT segue correndo trecho.<\/p>\n<p dir=\"ltr\">A primeira atividade da agenda foi o XVI Encontro Estadual do Partido dos Trabalhadores (PT), onde foi definida a t\u00e1tica eleitoral e a confirma\u00e7\u00e3o do nome da Deputada Teresa Leit\u00e3o-PT\/PE para concorrer ao Senado na chapa de Lula. Tamb\u00e9m foi definida a lista oficial de pr\u00e9-candidatos a deputados estaduais e federais, entre os quais est\u00e1 o nome de Gilmar e de Patrick Ara\u00fajo-PT, ambos de Petrolina, al\u00e9m da chapa e alian\u00e7a com a Frente Popular de Pernambuco.<\/p>\n<p dir=\"ltr\">Na manh\u00e3 desta segunda-feira (16), Gilmar esteve com chefe de gabinete do secret\u00e1rio estadual de Desenvolvimento Agr\u00e1rio (SDA), Saulo Cabral, e com o presidente do Instituto Agron\u00f4mico de Pernambuco (IPA), Weidson Marinho, para solicitar a libera\u00e7\u00e3o de recursos do Programa de Aquisi\u00e7\u00e3o de Alimentos (PAA). O Programa \u00e9 respons\u00e1vel pela promo\u00e7\u00e3o do acesso \u00e0 alimenta\u00e7\u00e3o e incentivo \u00e0 agricultura familiar, e garante verbas do Governo Federal aos estados e munic\u00edpios.<\/p>\n<p dir=\"ltr\">Na oportunidade, Gilmar protocolou um pedido de informa\u00e7\u00f5es sobre a distribui\u00e7\u00e3o dos recursos do programa, tendo em vista que para este ano n\u00e3o existe previs\u00e3o de repasses para Petrolina. O munic\u00edpio ficou fora da lista do Governo de Pernambuco depois de solicitar recursos diretamente ao Governo Federal. O pedido, no valor de R$ 1,2 milh\u00f5es, chegou a ser aprovado atrav\u00e9s de uma <a href=\"https:\/\/www.in.gov.br\/en\/web\/dou\/-\/portaria-n-168-de-5-de-abril-de-2022-391061835\" target=\"_blank\" rel=\"noopener\" data-saferedirecturl=\"https:\/\/www.google.com\/url?hl=pt-BR&amp;q=https:\/\/www.in.gov.br\/en\/web\/dou\/-\/portaria-n-168-de-5-de-abril-de-2022-391061835&amp;source=gmail&amp;ust=1652830553277000&amp;usg=AOvVaw3fPCdVosoQILsRVEBLymV4\">Portaria<\/a>, mas o Minist\u00e9rio da Cidadania voltou atr\u00e1s.<\/p>\n<p dir=\"ltr\">\u201cAt\u00e9 o momento Petrolina n\u00e3o ter\u00e1 recursos para o Programa de Aquisi\u00e7\u00e3o de Alimentos, ou seja, o munic\u00edpio n\u00e3o ter\u00e1 recursos para comprar alimentos de pequenos agricultores e consequentemente deixar\u00e1 os centros de Refer\u00eancia de Assist\u00eancia Social (Cras) desabastecidos\u201d. Se essa situa\u00e7\u00e3o n\u00e3o for revertida, o consumo e a venda de org\u00e2nicos no munic\u00edpio sofrer\u00e1 impacto.<\/p>\n<p dir=\"ltr\">Gilmar Santos tamb\u00e9m esteve com na Superintend\u00eancia Regional do Departamento Nacional de Infraestrutura de Transportes em Pernambuco (DNIT\/PE), para solicitar agilidade na libera\u00e7\u00e3o de recursos para a constru\u00e7\u00e3o de retorno na Av. Sete de Setembro, no trecho entre os bairros Ouro Preto e Jardim Maravilha. A Autarquia Municipal de Mobilidade de Petrolina (Ammpla) j\u00e1 enviou o projeto ao \u00f3rg\u00e3o, por\u00e9m a autoriza\u00e7\u00e3o da obra e a libera\u00e7\u00e3o dos recursos dependem do aval do superintendente regional.<\/p>\n<\/div>\n<\/div>\n<\/div>\n<\/div>\n<\/div>\n<\/div>\n<\/div>\n<\/div>\n","protected":false},"excerpt":{"rendered":"<p>Gilmar esteve na Secretaria Estadual de Desenvolvimento Agr\u00e1rio, se encontrou com o superintendente do DNIT\/PE, o presidente do IPA e participou do XVI Encontro Estadual do PT-PE Em viagem \u00e0 capital Pernambucana desde o \u00faltimo domingo (15), o vereador de Petrolina e pr\u00e9-candidato a Deputado Estadual Gilmar Santos-PT segue correndo trecho. A primeira atividade da agenda foi o XVI Encontro Estadual do Partido dos Trabalhadores (PT), onde foi definida a t\u00e1tica eleitoral e a confirma\u00e7\u00e3o do nome da Deputada Teresa Leit\u00e3o-PT\/PE para concorrer ao Senado na chapa de Lula. Tamb\u00e9m foi definida a lista oficial de pr\u00e9-candidatos a deputados estaduais e federais, entre os quais est\u00e1 o nome de Gilmar e de Patrick Ara\u00fajo-PT, ambos de Petrolina, al\u00e9m da chapa&hellip; <\/p>\n","protected":false},"author":2,"featured_media":313427,"comment_status":"open","ping_status":"open","sticky":false,"template":"","format":"standard","meta":{"_acf_changed":false,"footnotes":""},"categories":[1],"tags":[],"class_list":["post-313426","post","type-post","status-publish","format-standard","has-post-thumbnail","hentry","category-politica"],"acf":[],"yoast_head":"<!-- This site is optimized with the Yoast SEO plugin v27.4 - https:\/\/yoast.com\/product\/yoast-seo-wordpress\/ -->\n<title>Correndo trecho: Em busca de investimentos para Petrolina, Vereador Gilmar Santos cumpre agenda no Recife - Blog do Farn\u00e9sio<\/title>\n<meta name=\"robots\" content=\"index, follow, max-snippet:-1, max-image-preview:large, max-video-preview:-1\" \/>\n<link rel=\"canonical\" href=\"https:\/\/blogdofarnesio.com.br\/?p=313426\" \/>\n<meta property=\"og:locale\" content=\"pt_BR\" \/>\n<meta property=\"og:type\" content=\"article\" \/>\n<meta property=\"og:title\" content=\"Correndo trecho: Em busca de investimentos para Petrolina, Vereador Gilmar Santos cumpre agenda no Recife - Blog do Farn\u00e9sio\" \/>\n<meta property=\"og:description\" content=\"Gilmar esteve na Secretaria Estadual de Desenvolvimento Agr\u00e1rio, se encontrou com o superintendente do DNIT\/PE, o presidente do IPA e participou do XVI Encontro Estadual do PT-PE Em viagem \u00e0 capital Pernambucana desde o \u00faltimo domingo (15), o vereador de Petrolina e pr\u00e9-candidato a Deputado Estadual Gilmar Santos-PT segue correndo trecho. A primeira atividade da agenda foi o XVI Encontro Estadual do Partido dos Trabalhadores (PT), onde foi definida a t\u00e1tica eleitoral e a confirma\u00e7\u00e3o do nome da Deputada Teresa Leit\u00e3o-PT\/PE para concorrer ao Senado na chapa de Lula. Tamb\u00e9m foi definida a lista oficial de pr\u00e9-candidatos a deputados estaduais e federais, entre os quais est\u00e1 o nome de Gilmar e de Patrick Ara\u00fajo-PT, ambos de Petrolina, al\u00e9m da chapa&hellip;\" \/>\n<meta property=\"og:url\" content=\"https:\/\/blogdofarnesio.com.br\/?p=313426\" \/>\n<meta property=\"og:site_name\" content=\"Blog do Farn\u00e9sio\" \/>\n<meta property=\"article:publisher\" content=\"https:\/\/www.facebook.com\/BlogQuerSaberPolitica\/\" \/>\n<meta property=\"article:author\" content=\"https:\/\/www.facebook.com\/?ref=tn_tnmn\" \/>\n<meta property=\"article:published_time\" content=\"2022-05-17T16:03:51+00:00\" \/>\n<meta property=\"og:image\" content=\"https:\/\/blogdofarnesio.com.br\/wp-content\/uploads\/2022\/05\/Gilmar-Santos-cumpre-agenda-no-Recife-e1652744305874.jpeg\" \/>\n\t<meta property=\"og:image:width\" content=\"540\" \/>\n\t<meta property=\"og:image:height\" content=\"305\" \/>\n\t<meta property=\"og:image:type\" content=\"image\/jpeg\" \/>\n<meta name=\"author\" content=\"Farn\u00e9sio\" \/>\n<meta name=\"twitter:card\" content=\"summary_large_image\" \/>\n<meta name=\"twitter:label1\" content=\"Escrito por\" \/>\n\t<meta name=\"twitter:data1\" content=\"Farn\u00e9sio\" \/>\n\t<meta name=\"twitter:label2\" content=\"Est. tempo de leitura\" \/>\n\t<meta name=\"twitter:data2\" content=\"3 minutos\" \/>\n<script type=\"application\/ld+json\" class=\"yoast-schema-graph\">{\"@context\":\"https:\\\/\\\/schema.org\",\"@graph\":[{\"@type\":\"Article\",\"@id\":\"https:\\\/\\\/blogdofarnesio.com.br\\\/?p=313426#article\",\"isPartOf\":{\"@id\":\"https:\\\/\\\/blogdofarnesio.com.br\\\/?p=313426\"},\"author\":{\"name\":\"Farn\u00e9sio\",\"@id\":\"https:\\\/\\\/blogdofarnesio.com.br\\\/#\\\/schema\\\/person\\\/bb9b23ae3ad0609ce8df7b6c9e76824d\"},\"headline\":\"Correndo trecho: Em busca de investimentos para Petrolina, Vereador Gilmar Santos cumpre agenda no Recife\",\"datePublished\":\"2022-05-17T16:03:51+00:00\",\"mainEntityOfPage\":{\"@id\":\"https:\\\/\\\/blogdofarnesio.com.br\\\/?p=313426\"},\"wordCount\":456,\"commentCount\":0,\"publisher\":{\"@id\":\"https:\\\/\\\/blogdofarnesio.com.br\\\/#organization\"},\"image\":{\"@id\":\"https:\\\/\\\/blogdofarnesio.com.br\\\/?p=313426#primaryimage\"},\"thumbnailUrl\":\"https:\\\/\\\/blogdofarnesio.com.br\\\/wp-content\\\/uploads\\\/2022\\\/05\\\/Gilmar-Santos-cumpre-agenda-no-Recife-e1652744305874.jpeg\",\"articleSection\":[\"Pol\u00edtica\"],\"inLanguage\":\"pt-BR\",\"potentialAction\":[{\"@type\":\"CommentAction\",\"name\":\"Comment\",\"target\":[\"https:\\\/\\\/blogdofarnesio.com.br\\\/?p=313426#respond\"]}]},{\"@type\":\"WebPage\",\"@id\":\"https:\\\/\\\/blogdofarnesio.com.br\\\/?p=313426\",\"url\":\"https:\\\/\\\/blogdofarnesio.com.br\\\/?p=313426\",\"name\":\"Correndo trecho: Em busca de investimentos para Petrolina, Vereador Gilmar Santos cumpre agenda no Recife - Blog do Farn\u00e9sio\",\"isPartOf\":{\"@id\":\"https:\\\/\\\/blogdofarnesio.com.br\\\/#website\"},\"primaryImageOfPage\":{\"@id\":\"https:\\\/\\\/blogdofarnesio.com.br\\\/?p=313426#primaryimage\"},\"image\":{\"@id\":\"https:\\\/\\\/blogdofarnesio.com.br\\\/?p=313426#primaryimage\"},\"thumbnailUrl\":\"https:\\\/\\\/blogdofarnesio.com.br\\\/wp-content\\\/uploads\\\/2022\\\/05\\\/Gilmar-Santos-cumpre-agenda-no-Recife-e1652744305874.jpeg\",\"datePublished\":\"2022-05-17T16:03:51+00:00\",\"breadcrumb\":{\"@id\":\"https:\\\/\\\/blogdofarnesio.com.br\\\/?p=313426#breadcrumb\"},\"inLanguage\":\"pt-BR\",\"potentialAction\":[{\"@type\":\"ReadAction\",\"target\":[\"https:\\\/\\\/blogdofarnesio.com.br\\\/?p=313426\"]}]},{\"@type\":\"ImageObject\",\"inLanguage\":\"pt-BR\",\"@id\":\"https:\\\/\\\/blogdofarnesio.com.br\\\/?p=313426#primaryimage\",\"url\":\"https:\\\/\\\/blogdofarnesio.com.br\\\/wp-content\\\/uploads\\\/2022\\\/05\\\/Gilmar-Santos-cumpre-agenda-no-Recife-e1652744305874.jpeg\",\"contentUrl\":\"https:\\\/\\\/blogdofarnesio.com.br\\\/wp-content\\\/uploads\\\/2022\\\/05\\\/Gilmar-Santos-cumpre-agenda-no-Recife-e1652744305874.jpeg\",\"width\":540,\"height\":305},{\"@type\":\"BreadcrumbList\",\"@id\":\"https:\\\/\\\/blogdofarnesio.com.br\\\/?p=313426#breadcrumb\",\"itemListElement\":[{\"@type\":\"ListItem\",\"position\":1,\"name\":\"In\u00edcio\",\"item\":\"https:\\\/\\\/blogdofarnesio.com.br\\\/\"},{\"@type\":\"ListItem\",\"position\":2,\"name\":\"Correndo trecho: Em busca de investimentos para Petrolina, Vereador Gilmar Santos cumpre agenda no Recife\"}]},{\"@type\":\"WebSite\",\"@id\":\"https:\\\/\\\/blogdofarnesio.com.br\\\/#website\",\"url\":\"https:\\\/\\\/blogdofarnesio.com.br\\\/\",\"name\":\"Blog do Farn\u00e9sio\",\"description\":\"Quer Saber Pol\u00edtica?\",\"publisher\":{\"@id\":\"https:\\\/\\\/blogdofarnesio.com.br\\\/#organization\"},\"potentialAction\":[{\"@type\":\"SearchAction\",\"target\":{\"@type\":\"EntryPoint\",\"urlTemplate\":\"https:\\\/\\\/blogdofarnesio.com.br\\\/?s={search_term_string}\"},\"query-input\":{\"@type\":\"PropertyValueSpecification\",\"valueRequired\":true,\"valueName\":\"search_term_string\"}}],\"inLanguage\":\"pt-BR\"},{\"@type\":\"Organization\",\"@id\":\"https:\\\/\\\/blogdofarnesio.com.br\\\/#organization\",\"name\":\"Blog do Farn\u00e9sio\",\"url\":\"https:\\\/\\\/blogdofarnesio.com.br\\\/\",\"logo\":{\"@type\":\"ImageObject\",\"inLanguage\":\"pt-BR\",\"@id\":\"https:\\\/\\\/blogdofarnesio.com.br\\\/#\\\/schema\\\/logo\\\/image\\\/\",\"url\":\"https:\\\/\\\/blogdofarnesio.com.br\\\/wp-content\\\/uploads\\\/2026\\\/03\\\/cropped-logo_new-1.png\",\"contentUrl\":\"https:\\\/\\\/blogdofarnesio.com.br\\\/wp-content\\\/uploads\\\/2026\\\/03\\\/cropped-logo_new-1.png\",\"width\":881,\"height\":685,\"caption\":\"Blog do Farn\u00e9sio\"},\"image\":{\"@id\":\"https:\\\/\\\/blogdofarnesio.com.br\\\/#\\\/schema\\\/logo\\\/image\\\/\"},\"sameAs\":[\"https:\\\/\\\/www.facebook.com\\\/BlogQuerSaberPolitica\\\/\"]},{\"@type\":\"Person\",\"@id\":\"https:\\\/\\\/blogdofarnesio.com.br\\\/#\\\/schema\\\/person\\\/bb9b23ae3ad0609ce8df7b6c9e76824d\",\"name\":\"Farn\u00e9sio\",\"image\":{\"@type\":\"ImageObject\",\"inLanguage\":\"pt-BR\",\"@id\":\"https:\\\/\\\/secure.gravatar.com\\\/avatar\\\/986aa4c61ccdb66f8555bf88fc2a65609d00bcabd4d2d94377a727547345cbca?s=96&d=mm&r=g\",\"url\":\"https:\\\/\\\/secure.gravatar.com\\\/avatar\\\/986aa4c61ccdb66f8555bf88fc2a65609d00bcabd4d2d94377a727547345cbca?s=96&d=mm&r=g\",\"contentUrl\":\"https:\\\/\\\/secure.gravatar.com\\\/avatar\\\/986aa4c61ccdb66f8555bf88fc2a65609d00bcabd4d2d94377a727547345cbca?s=96&d=mm&r=g\",\"caption\":\"Farn\u00e9sio\"},\"description\":\"Radialista blogueiro, chegou a Petrolina\\\/Juazeiro em setembro de 1980, Farn\u00e9sio Silva \u00e9 de Arapiraca-Alagoas.\",\"sameAs\":[\"http:\\\/\\\/blogdofarnesio.com.br\",\"https:\\\/\\\/www.facebook.com\\\/?ref=tn_tnmn\",\"https:\\\/\\\/www.instagram.com\\\/?utm_source=pwa_homescreen\",\"https:\\\/\\\/youtube.com.br\\\/\"],\"url\":\"https:\\\/\\\/blogdofarnesio.com.br\\\/?author=2\"}]}<\/script>\n<!-- \/ Yoast SEO plugin. -->","yoast_head_json":{"title":"Correndo trecho: Em busca de investimentos para Petrolina, Vereador Gilmar Santos cumpre agenda no Recife - Blog do Farn\u00e9sio","robots":{"index":"index","follow":"follow","max-snippet":"max-snippet:-1","max-image-preview":"max-image-preview:large","max-video-preview":"max-video-preview:-1"},"canonical":"https:\/\/blogdofarnesio.com.br\/?p=313426","og_locale":"pt_BR","og_type":"article","og_title":"Correndo trecho: Em busca de investimentos para Petrolina, Vereador Gilmar Santos cumpre agenda no Recife - Blog do Farn\u00e9sio","og_description":"Gilmar esteve na Secretaria Estadual de Desenvolvimento Agr\u00e1rio, se encontrou com o superintendente do DNIT\/PE, o presidente do IPA e participou do XVI Encontro Estadual do PT-PE Em viagem \u00e0 capital Pernambucana desde o \u00faltimo domingo (15), o vereador de Petrolina e pr\u00e9-candidato a Deputado Estadual Gilmar Santos-PT segue correndo trecho. A primeira atividade da agenda foi o XVI Encontro Estadual do Partido dos Trabalhadores (PT), onde foi definida a t\u00e1tica eleitoral e a confirma\u00e7\u00e3o do nome da Deputada Teresa Leit\u00e3o-PT\/PE para concorrer ao Senado na chapa de Lula. Tamb\u00e9m foi definida a lista oficial de pr\u00e9-candidatos a deputados estaduais e federais, entre os quais est\u00e1 o nome de Gilmar e de Patrick Ara\u00fajo-PT, ambos de Petrolina, al\u00e9m da chapa&hellip;","og_url":"https:\/\/blogdofarnesio.com.br\/?p=313426","og_site_name":"Blog do Farn\u00e9sio","article_publisher":"https:\/\/www.facebook.com\/BlogQuerSaberPolitica\/","article_author":"https:\/\/www.facebook.com\/?ref=tn_tnmn","article_published_time":"2022-05-17T16:03:51+00:00","og_image":[{"width":540,"height":305,"url":"https:\/\/blogdofarnesio.com.br\/wp-content\/uploads\/2022\/05\/Gilmar-Santos-cumpre-agenda-no-Recife-e1652744305874.jpeg","type":"image\/jpeg"}],"author":"Farn\u00e9sio","twitter_card":"summary_large_image","twitter_misc":{"Escrito por":"Farn\u00e9sio","Est. tempo de leitura":"3 minutos"},"schema":{"@context":"https:\/\/schema.org","@graph":[{"@type":"Article","@id":"https:\/\/blogdofarnesio.com.br\/?p=313426#article","isPartOf":{"@id":"https:\/\/blogdofarnesio.com.br\/?p=313426"},"author":{"name":"Farn\u00e9sio","@id":"https:\/\/blogdofarnesio.com.br\/#\/schema\/person\/bb9b23ae3ad0609ce8df7b6c9e76824d"},"headline":"Correndo trecho: Em busca de investimentos para Petrolina, Vereador Gilmar Santos cumpre agenda no Recife","datePublished":"2022-05-17T16:03:51+00:00","mainEntityOfPage":{"@id":"https:\/\/blogdofarnesio.com.br\/?p=313426"},"wordCount":456,"commentCount":0,"publisher":{"@id":"https:\/\/blogdofarnesio.com.br\/#organization"},"image":{"@id":"https:\/\/blogdofarnesio.com.br\/?p=313426#primaryimage"},"thumbnailUrl":"https:\/\/blogdofarnesio.com.br\/wp-content\/uploads\/2022\/05\/Gilmar-Santos-cumpre-agenda-no-Recife-e1652744305874.jpeg","articleSection":["Pol\u00edtica"],"inLanguage":"pt-BR","potentialAction":[{"@type":"CommentAction","name":"Comment","target":["https:\/\/blogdofarnesio.com.br\/?p=313426#respond"]}]},{"@type":"WebPage","@id":"https:\/\/blogdofarnesio.com.br\/?p=313426","url":"https:\/\/blogdofarnesio.com.br\/?p=313426","name":"Correndo trecho: Em busca de investimentos para Petrolina, Vereador Gilmar Santos cumpre agenda no Recife - Blog do Farn\u00e9sio","isPartOf":{"@id":"https:\/\/blogdofarnesio.com.br\/#website"},"primaryImageOfPage":{"@id":"https:\/\/blogdofarnesio.com.br\/?p=313426#primaryimage"},"image":{"@id":"https:\/\/blogdofarnesio.com.br\/?p=313426#primaryimage"},"thumbnailUrl":"https:\/\/blogdofarnesio.com.br\/wp-content\/uploads\/2022\/05\/Gilmar-Santos-cumpre-agenda-no-Recife-e1652744305874.jpeg","datePublished":"2022-05-17T16:03:51+00:00","breadcrumb":{"@id":"https:\/\/blogdofarnesio.com.br\/?p=313426#breadcrumb"},"inLanguage":"pt-BR","potentialAction":[{"@type":"ReadAction","target":["https:\/\/blogdofarnesio.com.br\/?p=313426"]}]},{"@type":"ImageObject","inLanguage":"pt-BR","@id":"https:\/\/blogdofarnesio.com.br\/?p=313426#primaryimage","url":"https:\/\/blogdofarnesio.com.br\/wp-content\/uploads\/2022\/05\/Gilmar-Santos-cumpre-agenda-no-Recife-e1652744305874.jpeg","contentUrl":"https:\/\/blogdofarnesio.com.br\/wp-content\/uploads\/2022\/05\/Gilmar-Santos-cumpre-agenda-no-Recife-e1652744305874.jpeg","width":540,"height":305},{"@type":"BreadcrumbList","@id":"https:\/\/blogdofarnesio.com.br\/?p=313426#breadcrumb","itemListElement":[{"@type":"ListItem","position":1,"name":"In\u00edcio","item":"https:\/\/blogdofarnesio.com.br\/"},{"@type":"ListItem","position":2,"name":"Correndo trecho: Em busca de investimentos para Petrolina, Vereador Gilmar Santos cumpre agenda no Recife"}]},{"@type":"WebSite","@id":"https:\/\/blogdofarnesio.com.br\/#website","url":"https:\/\/blogdofarnesio.com.br\/","name":"Blog do Farn\u00e9sio","description":"Quer Saber Pol\u00edtica?","publisher":{"@id":"https:\/\/blogdofarnesio.com.br\/#organization"},"potentialAction":[{"@type":"SearchAction","target":{"@type":"EntryPoint","urlTemplate":"https:\/\/blogdofarnesio.com.br\/?s={search_term_string}"},"query-input":{"@type":"PropertyValueSpecification","valueRequired":true,"valueName":"search_term_string"}}],"inLanguage":"pt-BR"},{"@type":"Organization","@id":"https:\/\/blogdofarnesio.com.br\/#organization","name":"Blog do Farn\u00e9sio","url":"https:\/\/blogdofarnesio.com.br\/","logo":{"@type":"ImageObject","inLanguage":"pt-BR","@id":"https:\/\/blogdofarnesio.com.br\/#\/schema\/logo\/image\/","url":"https:\/\/blogdofarnesio.com.br\/wp-content\/uploads\/2026\/03\/cropped-logo_new-1.png","contentUrl":"https:\/\/blogdofarnesio.com.br\/wp-content\/uploads\/2026\/03\/cropped-logo_new-1.png","width":881,"height":685,"caption":"Blog do Farn\u00e9sio"},"image":{"@id":"https:\/\/blogdofarnesio.com.br\/#\/schema\/logo\/image\/"},"sameAs":["https:\/\/www.facebook.com\/BlogQuerSaberPolitica\/"]},{"@type":"Person","@id":"https:\/\/blogdofarnesio.com.br\/#\/schema\/person\/bb9b23ae3ad0609ce8df7b6c9e76824d","name":"Farn\u00e9sio","image":{"@type":"ImageObject","inLanguage":"pt-BR","@id":"https:\/\/secure.gravatar.com\/avatar\/986aa4c61ccdb66f8555bf88fc2a65609d00bcabd4d2d94377a727547345cbca?s=96&d=mm&r=g","url":"https:\/\/secure.gravatar.com\/avatar\/986aa4c61ccdb66f8555bf88fc2a65609d00bcabd4d2d94377a727547345cbca?s=96&d=mm&r=g","contentUrl":"https:\/\/secure.gravatar.com\/avatar\/986aa4c61ccdb66f8555bf88fc2a65609d00bcabd4d2d94377a727547345cbca?s=96&d=mm&r=g","caption":"Farn\u00e9sio"},"description":"Radialista blogueiro, chegou a Petrolina\/Juazeiro em setembro de 1980, Farn\u00e9sio Silva \u00e9 de Arapiraca-Alagoas.","sameAs":["http:\/\/blogdofarnesio.com.br","https:\/\/www.facebook.com\/?ref=tn_tnmn","https:\/\/www.instagram.com\/?utm_source=pwa_homescreen","https:\/\/youtube.com.br\/"],"url":"https:\/\/blogdofarnesio.com.br\/?author=2"}]}},"_links":{"self":[{"href":"https:\/\/blogdofarnesio.com.br\/index.php?rest_route=\/wp\/v2\/posts\/313426","targetHints":{"allow":["GET"]}}],"collection":[{"href":"https:\/\/blogdofarnesio.com.br\/index.php?rest_route=\/wp\/v2\/posts"}],"about":[{"href":"https:\/\/blogdofarnesio.com.br\/index.php?rest_route=\/wp\/v2\/types\/post"}],"author":[{"embeddable":true,"href":"https:\/\/blogdofarnesio.com.br\/index.php?rest_route=\/wp\/v2\/users\/2"}],"replies":[{"embeddable":true,"href":"https:\/\/blogdofarnesio.com.br\/index.php?rest_route=%2Fwp%2Fv2%2Fcomments&post=313426"}],"version-history":[{"count":0,"href":"https:\/\/blogdofarnesio.com.br\/index.php?rest_route=\/wp\/v2\/posts\/313426\/revisions"}],"wp:featuredmedia":[{"embeddable":true,"href":"https:\/\/blogdofarnesio.com.br\/index.php?rest_route=\/wp\/v2\/media\/313427"}],"wp:attachment":[{"href":"https:\/\/blogdofarnesio.com.br\/index.php?rest_route=%2Fwp%2Fv2%2Fmedia&parent=313426"}],"wp:term":[{"taxonomy":"category","embeddable":true,"href":"https:\/\/blogdofarnesio.com.br\/index.php?rest_route=%2Fwp%2Fv2%2Fcategories&post=313426"},{"taxonomy":"post_tag","embeddable":true,"href":"https:\/\/blogdofarnesio.com.br\/index.php?rest_route=%2Fwp%2Fv2%2Ftags&post=313426"}],"curies":[{"name":"wp","href":"https:\/\/api.w.org\/{rel}","templated":true}]}}