{"id":312672,"date":"2022-05-09T09:02:54","date_gmt":"2022-05-09T12:02:54","guid":{"rendered":"https:\/\/blogdofarnesio.com.br\/?p=312672"},"modified":"2022-05-08T08:23:16","modified_gmt":"2022-05-08T11:23:16","slug":"paratletas-de-petrolina-sao-campeoes-brasileiro-de-atletismo-paralimpico","status":"publish","type":"post","link":"https:\/\/blogdofarnesio.com.br\/?p=312672","title":{"rendered":"Paratletas de Petrolina s\u00e3o campe\u00f5es Brasileiro de Atletismo Paral\u00edmpico"},"content":{"rendered":"<p>Ap\u00f3s tr\u00eas dias de competi\u00e7\u00e3o em S\u00e3o Paulo, a Associa\u00e7\u00e3o Petrolinense de Atletismo (APA) conquistou o t\u00edtulo do Campeonato Brasileiro de Atletismo Paral\u00edmpico. A equipe pernambucana terminou a classifica\u00e7\u00e3o geral com 400 pontos, superando o time Naur\u00fa-SP, que ficou com o vice-campeonato.<\/p>\n<p>A APA assumiu a lideran\u00e7a da disputa ainda na sexta-feira (06), ap\u00f3s somar 23 medalhas, sendo 11 de ouro, 5 de prata e 7 de bronze. Ciente da grande possibilidade do titulo, a equipe foi para as provas deste s\u00e1bado (07) com todo g\u00e1s e n\u00e3o deu chance aos advers\u00e1rios. Dominante nas provas de meio-fundo e fundo, o time se manteve na lideran\u00e7a e garantiu o campeonato in\u00e9dito.<\/p>\n<p>&#8220;Muito feliz. \u00c9 uma emo\u00e7\u00e3o indescrit\u00edvel. Parabenizar todos nossos paratletas pelo incr\u00edvel desempenho. \u00c9 a recompensa de um trabalho s\u00e9rio, com responsabilidade e muito amor. A APA Petrolina sai de S\u00e3o Paulo como \u00e9 a melhor equipe do Brasil&#8221;, vibrou o presidente do clube, Domingos Rodrigues.<\/p>\n<p>A delega\u00e7\u00e3o fez uma grande festa ao receber o resultado. No quadro geral de medalhas, a equipe ficou com 13 de ouro, 09 de prata e 09 de bronze. Emocionado, o diretor executivo, Natanael Barros, agradeceu a todos que torceram pela equipe.<\/p>\n<p>&#8220;Somos campe\u00f5es nacionais. Campe\u00f5es do pais que \u00e9 refer\u00eancia no paratletismo. Isso tem um significado grandioso para n\u00f3s. Nossos atletas foram incr\u00edveis, estamos muito orgulhosos de cada um. Nesse momento queremos agradecer aos torcedores, nossos familiares, amigos, patrocinadores e todos que nos ajudam.\u00a0Somos campe\u00f5es e esse t\u00edtulo \u00e9 de todos&#8221;, destacou Natanael.<\/p>\n<p>Os campe\u00f5es embarcam ainda neste s\u00e1bado para Petrolina-PE. A previs\u00e3o de chegada\u00a0\u00e9 por volta das 18h, no Aeroporto Senador Nilo Coelho.<\/p>\n<p>A APA Petrolina tem o patroc\u00ednio master da Bayer Brasil, patroc\u00ednio oficial da Elo e patroc\u00ednios da Prefeitura de Petrolina, Ara Agr\u00edcola, River Shopping, Tintas Inquine e Vale do Ave.<\/p>\n<p>Ascom-APA Petrolina.<\/p>\n","protected":false},"excerpt":{"rendered":"<p>Ap\u00f3s tr\u00eas dias de competi\u00e7\u00e3o em S\u00e3o Paulo, a Associa\u00e7\u00e3o Petrolinense de Atletismo (APA) conquistou o t\u00edtulo do Campeonato Brasileiro de Atletismo Paral\u00edmpico. A equipe pernambucana terminou a classifica\u00e7\u00e3o geral com 400 pontos, superando o time Naur\u00fa-SP, que ficou com o vice-campeonato. A APA assumiu a lideran\u00e7a da disputa ainda na sexta-feira (06), ap\u00f3s somar 23 medalhas, sendo 11 de ouro, 5 de prata e 7 de bronze. Ciente da grande possibilidade do titulo, a equipe foi para as provas deste s\u00e1bado (07) com todo g\u00e1s e n\u00e3o deu chance aos advers\u00e1rios. Dominante nas provas de meio-fundo e fundo, o time se manteve na lideran\u00e7a e garantiu o campeonato in\u00e9dito. &#8220;Muito feliz. \u00c9 uma emo\u00e7\u00e3o indescrit\u00edvel. Parabenizar todos nossos paratletas&hellip; <\/p>\n","protected":false},"author":2,"featured_media":312670,"comment_status":"open","ping_status":"open","sticky":false,"template":"","format":"standard","meta":{"_acf_changed":false,"footnotes":""},"categories":[43],"tags":[],"class_list":["post-312672","post","type-post","status-publish","format-standard","has-post-thumbnail","hentry","category-sem-categoria"],"acf":[],"yoast_head":"<!-- This site is optimized with the Yoast SEO plugin v27.4 - https:\/\/yoast.com\/product\/yoast-seo-wordpress\/ -->\n<title>Paratletas de Petrolina s\u00e3o campe\u00f5es Brasileiro de Atletismo Paral\u00edmpico - Blog do Farn\u00e9sio<\/title>\n<meta name=\"robots\" content=\"index, follow, max-snippet:-1, max-image-preview:large, max-video-preview:-1\" \/>\n<link rel=\"canonical\" href=\"https:\/\/blogdofarnesio.com.br\/?p=312672\" \/>\n<meta property=\"og:locale\" content=\"pt_BR\" \/>\n<meta property=\"og:type\" content=\"article\" \/>\n<meta property=\"og:title\" content=\"Paratletas de Petrolina s\u00e3o campe\u00f5es Brasileiro de Atletismo Paral\u00edmpico - Blog do Farn\u00e9sio\" \/>\n<meta property=\"og:description\" content=\"Ap\u00f3s tr\u00eas dias de competi\u00e7\u00e3o em S\u00e3o Paulo, a Associa\u00e7\u00e3o Petrolinense de Atletismo (APA) conquistou o t\u00edtulo do Campeonato Brasileiro de Atletismo Paral\u00edmpico. A equipe pernambucana terminou a classifica\u00e7\u00e3o geral com 400 pontos, superando o time Naur\u00fa-SP, que ficou com o vice-campeonato. A APA assumiu a lideran\u00e7a da disputa ainda na sexta-feira (06), ap\u00f3s somar 23 medalhas, sendo 11 de ouro, 5 de prata e 7 de bronze. Ciente da grande possibilidade do titulo, a equipe foi para as provas deste s\u00e1bado (07) com todo g\u00e1s e n\u00e3o deu chance aos advers\u00e1rios. Dominante nas provas de meio-fundo e fundo, o time se manteve na lideran\u00e7a e garantiu o campeonato in\u00e9dito. &#8220;Muito feliz. \u00c9 uma emo\u00e7\u00e3o indescrit\u00edvel. Parabenizar todos nossos paratletas&hellip;\" \/>\n<meta property=\"og:url\" content=\"https:\/\/blogdofarnesio.com.br\/?p=312672\" \/>\n<meta property=\"og:site_name\" content=\"Blog do Farn\u00e9sio\" \/>\n<meta property=\"article:publisher\" content=\"https:\/\/www.facebook.com\/BlogQuerSaberPolitica\/\" \/>\n<meta property=\"article:author\" content=\"https:\/\/www.facebook.com\/?ref=tn_tnmn\" \/>\n<meta property=\"article:published_time\" content=\"2022-05-09T12:02:54+00:00\" \/>\n<meta property=\"og:image\" content=\"https:\/\/blogdofarnesio.com.br\/wp-content\/uploads\/2022\/05\/blogqspapa-campea-paralimpico-e1651949399181.jpg\" \/>\n\t<meta property=\"og:image:width\" content=\"524\" \/>\n\t<meta property=\"og:image:height\" content=\"494\" \/>\n\t<meta property=\"og:image:type\" content=\"image\/jpeg\" \/>\n<meta name=\"author\" content=\"Farn\u00e9sio\" \/>\n<meta name=\"twitter:card\" content=\"summary_large_image\" \/>\n<meta name=\"twitter:label1\" content=\"Escrito por\" \/>\n\t<meta name=\"twitter:data1\" content=\"Farn\u00e9sio\" \/>\n\t<meta name=\"twitter:label2\" content=\"Est. tempo de leitura\" \/>\n\t<meta name=\"twitter:data2\" content=\"2 minutos\" \/>\n<script type=\"application\/ld+json\" class=\"yoast-schema-graph\">{\"@context\":\"https:\\\/\\\/schema.org\",\"@graph\":[{\"@type\":\"Article\",\"@id\":\"https:\\\/\\\/blogdofarnesio.com.br\\\/?p=312672#article\",\"isPartOf\":{\"@id\":\"https:\\\/\\\/blogdofarnesio.com.br\\\/?p=312672\"},\"author\":{\"name\":\"Farn\u00e9sio\",\"@id\":\"https:\\\/\\\/blogdofarnesio.com.br\\\/#\\\/schema\\\/person\\\/bb9b23ae3ad0609ce8df7b6c9e76824d\"},\"headline\":\"Paratletas de Petrolina s\u00e3o campe\u00f5es Brasileiro de Atletismo Paral\u00edmpico\",\"datePublished\":\"2022-05-09T12:02:54+00:00\",\"mainEntityOfPage\":{\"@id\":\"https:\\\/\\\/blogdofarnesio.com.br\\\/?p=312672\"},\"wordCount\":338,\"commentCount\":0,\"publisher\":{\"@id\":\"https:\\\/\\\/blogdofarnesio.com.br\\\/#organization\"},\"image\":{\"@id\":\"https:\\\/\\\/blogdofarnesio.com.br\\\/?p=312672#primaryimage\"},\"thumbnailUrl\":\"https:\\\/\\\/blogdofarnesio.com.br\\\/wp-content\\\/uploads\\\/2022\\\/05\\\/blogqspapa-campea-paralimpico-e1651949399181.jpg\",\"inLanguage\":\"pt-BR\",\"potentialAction\":[{\"@type\":\"CommentAction\",\"name\":\"Comment\",\"target\":[\"https:\\\/\\\/blogdofarnesio.com.br\\\/?p=312672#respond\"]}]},{\"@type\":\"WebPage\",\"@id\":\"https:\\\/\\\/blogdofarnesio.com.br\\\/?p=312672\",\"url\":\"https:\\\/\\\/blogdofarnesio.com.br\\\/?p=312672\",\"name\":\"Paratletas de Petrolina s\u00e3o campe\u00f5es Brasileiro de Atletismo Paral\u00edmpico - Blog do Farn\u00e9sio\",\"isPartOf\":{\"@id\":\"https:\\\/\\\/blogdofarnesio.com.br\\\/#website\"},\"primaryImageOfPage\":{\"@id\":\"https:\\\/\\\/blogdofarnesio.com.br\\\/?p=312672#primaryimage\"},\"image\":{\"@id\":\"https:\\\/\\\/blogdofarnesio.com.br\\\/?p=312672#primaryimage\"},\"thumbnailUrl\":\"https:\\\/\\\/blogdofarnesio.com.br\\\/wp-content\\\/uploads\\\/2022\\\/05\\\/blogqspapa-campea-paralimpico-e1651949399181.jpg\",\"datePublished\":\"2022-05-09T12:02:54+00:00\",\"breadcrumb\":{\"@id\":\"https:\\\/\\\/blogdofarnesio.com.br\\\/?p=312672#breadcrumb\"},\"inLanguage\":\"pt-BR\",\"potentialAction\":[{\"@type\":\"ReadAction\",\"target\":[\"https:\\\/\\\/blogdofarnesio.com.br\\\/?p=312672\"]}]},{\"@type\":\"ImageObject\",\"inLanguage\":\"pt-BR\",\"@id\":\"https:\\\/\\\/blogdofarnesio.com.br\\\/?p=312672#primaryimage\",\"url\":\"https:\\\/\\\/blogdofarnesio.com.br\\\/wp-content\\\/uploads\\\/2022\\\/05\\\/blogqspapa-campea-paralimpico-e1651949399181.jpg\",\"contentUrl\":\"https:\\\/\\\/blogdofarnesio.com.br\\\/wp-content\\\/uploads\\\/2022\\\/05\\\/blogqspapa-campea-paralimpico-e1651949399181.jpg\",\"width\":524,\"height\":494},{\"@type\":\"BreadcrumbList\",\"@id\":\"https:\\\/\\\/blogdofarnesio.com.br\\\/?p=312672#breadcrumb\",\"itemListElement\":[{\"@type\":\"ListItem\",\"position\":1,\"name\":\"In\u00edcio\",\"item\":\"https:\\\/\\\/blogdofarnesio.com.br\\\/\"},{\"@type\":\"ListItem\",\"position\":2,\"name\":\"Paratletas de Petrolina s\u00e3o campe\u00f5es Brasileiro de Atletismo Paral\u00edmpico\"}]},{\"@type\":\"WebSite\",\"@id\":\"https:\\\/\\\/blogdofarnesio.com.br\\\/#website\",\"url\":\"https:\\\/\\\/blogdofarnesio.com.br\\\/\",\"name\":\"Blog do Farn\u00e9sio\",\"description\":\"Quer Saber Pol\u00edtica?\",\"publisher\":{\"@id\":\"https:\\\/\\\/blogdofarnesio.com.br\\\/#organization\"},\"potentialAction\":[{\"@type\":\"SearchAction\",\"target\":{\"@type\":\"EntryPoint\",\"urlTemplate\":\"https:\\\/\\\/blogdofarnesio.com.br\\\/?s={search_term_string}\"},\"query-input\":{\"@type\":\"PropertyValueSpecification\",\"valueRequired\":true,\"valueName\":\"search_term_string\"}}],\"inLanguage\":\"pt-BR\"},{\"@type\":\"Organization\",\"@id\":\"https:\\\/\\\/blogdofarnesio.com.br\\\/#organization\",\"name\":\"Blog do Farn\u00e9sio\",\"url\":\"https:\\\/\\\/blogdofarnesio.com.br\\\/\",\"logo\":{\"@type\":\"ImageObject\",\"inLanguage\":\"pt-BR\",\"@id\":\"https:\\\/\\\/blogdofarnesio.com.br\\\/#\\\/schema\\\/logo\\\/image\\\/\",\"url\":\"https:\\\/\\\/blogdofarnesio.com.br\\\/wp-content\\\/uploads\\\/2026\\\/03\\\/cropped-logo_new-1.png\",\"contentUrl\":\"https:\\\/\\\/blogdofarnesio.com.br\\\/wp-content\\\/uploads\\\/2026\\\/03\\\/cropped-logo_new-1.png\",\"width\":881,\"height\":685,\"caption\":\"Blog do Farn\u00e9sio\"},\"image\":{\"@id\":\"https:\\\/\\\/blogdofarnesio.com.br\\\/#\\\/schema\\\/logo\\\/image\\\/\"},\"sameAs\":[\"https:\\\/\\\/www.facebook.com\\\/BlogQuerSaberPolitica\\\/\"]},{\"@type\":\"Person\",\"@id\":\"https:\\\/\\\/blogdofarnesio.com.br\\\/#\\\/schema\\\/person\\\/bb9b23ae3ad0609ce8df7b6c9e76824d\",\"name\":\"Farn\u00e9sio\",\"image\":{\"@type\":\"ImageObject\",\"inLanguage\":\"pt-BR\",\"@id\":\"https:\\\/\\\/secure.gravatar.com\\\/avatar\\\/986aa4c61ccdb66f8555bf88fc2a65609d00bcabd4d2d94377a727547345cbca?s=96&d=mm&r=g\",\"url\":\"https:\\\/\\\/secure.gravatar.com\\\/avatar\\\/986aa4c61ccdb66f8555bf88fc2a65609d00bcabd4d2d94377a727547345cbca?s=96&d=mm&r=g\",\"contentUrl\":\"https:\\\/\\\/secure.gravatar.com\\\/avatar\\\/986aa4c61ccdb66f8555bf88fc2a65609d00bcabd4d2d94377a727547345cbca?s=96&d=mm&r=g\",\"caption\":\"Farn\u00e9sio\"},\"description\":\"Radialista blogueiro, chegou a Petrolina\\\/Juazeiro em setembro de 1980, Farn\u00e9sio Silva \u00e9 de Arapiraca-Alagoas.\",\"sameAs\":[\"http:\\\/\\\/blogdofarnesio.com.br\",\"https:\\\/\\\/www.facebook.com\\\/?ref=tn_tnmn\",\"https:\\\/\\\/www.instagram.com\\\/?utm_source=pwa_homescreen\",\"https:\\\/\\\/youtube.com.br\\\/\"],\"url\":\"https:\\\/\\\/blogdofarnesio.com.br\\\/?author=2\"}]}<\/script>\n<!-- \/ Yoast SEO plugin. -->","yoast_head_json":{"title":"Paratletas de Petrolina s\u00e3o campe\u00f5es Brasileiro de Atletismo Paral\u00edmpico - Blog do Farn\u00e9sio","robots":{"index":"index","follow":"follow","max-snippet":"max-snippet:-1","max-image-preview":"max-image-preview:large","max-video-preview":"max-video-preview:-1"},"canonical":"https:\/\/blogdofarnesio.com.br\/?p=312672","og_locale":"pt_BR","og_type":"article","og_title":"Paratletas de Petrolina s\u00e3o campe\u00f5es Brasileiro de Atletismo Paral\u00edmpico - Blog do Farn\u00e9sio","og_description":"Ap\u00f3s tr\u00eas dias de competi\u00e7\u00e3o em S\u00e3o Paulo, a Associa\u00e7\u00e3o Petrolinense de Atletismo (APA) conquistou o t\u00edtulo do Campeonato Brasileiro de Atletismo Paral\u00edmpico. A equipe pernambucana terminou a classifica\u00e7\u00e3o geral com 400 pontos, superando o time Naur\u00fa-SP, que ficou com o vice-campeonato. A APA assumiu a lideran\u00e7a da disputa ainda na sexta-feira (06), ap\u00f3s somar 23 medalhas, sendo 11 de ouro, 5 de prata e 7 de bronze. Ciente da grande possibilidade do titulo, a equipe foi para as provas deste s\u00e1bado (07) com todo g\u00e1s e n\u00e3o deu chance aos advers\u00e1rios. Dominante nas provas de meio-fundo e fundo, o time se manteve na lideran\u00e7a e garantiu o campeonato in\u00e9dito. &#8220;Muito feliz. \u00c9 uma emo\u00e7\u00e3o indescrit\u00edvel. Parabenizar todos nossos paratletas&hellip;","og_url":"https:\/\/blogdofarnesio.com.br\/?p=312672","og_site_name":"Blog do Farn\u00e9sio","article_publisher":"https:\/\/www.facebook.com\/BlogQuerSaberPolitica\/","article_author":"https:\/\/www.facebook.com\/?ref=tn_tnmn","article_published_time":"2022-05-09T12:02:54+00:00","og_image":[{"width":524,"height":494,"url":"https:\/\/blogdofarnesio.com.br\/wp-content\/uploads\/2022\/05\/blogqspapa-campea-paralimpico-e1651949399181.jpg","type":"image\/jpeg"}],"author":"Farn\u00e9sio","twitter_card":"summary_large_image","twitter_misc":{"Escrito por":"Farn\u00e9sio","Est. tempo de leitura":"2 minutos"},"schema":{"@context":"https:\/\/schema.org","@graph":[{"@type":"Article","@id":"https:\/\/blogdofarnesio.com.br\/?p=312672#article","isPartOf":{"@id":"https:\/\/blogdofarnesio.com.br\/?p=312672"},"author":{"name":"Farn\u00e9sio","@id":"https:\/\/blogdofarnesio.com.br\/#\/schema\/person\/bb9b23ae3ad0609ce8df7b6c9e76824d"},"headline":"Paratletas de Petrolina s\u00e3o campe\u00f5es Brasileiro de Atletismo Paral\u00edmpico","datePublished":"2022-05-09T12:02:54+00:00","mainEntityOfPage":{"@id":"https:\/\/blogdofarnesio.com.br\/?p=312672"},"wordCount":338,"commentCount":0,"publisher":{"@id":"https:\/\/blogdofarnesio.com.br\/#organization"},"image":{"@id":"https:\/\/blogdofarnesio.com.br\/?p=312672#primaryimage"},"thumbnailUrl":"https:\/\/blogdofarnesio.com.br\/wp-content\/uploads\/2022\/05\/blogqspapa-campea-paralimpico-e1651949399181.jpg","inLanguage":"pt-BR","potentialAction":[{"@type":"CommentAction","name":"Comment","target":["https:\/\/blogdofarnesio.com.br\/?p=312672#respond"]}]},{"@type":"WebPage","@id":"https:\/\/blogdofarnesio.com.br\/?p=312672","url":"https:\/\/blogdofarnesio.com.br\/?p=312672","name":"Paratletas de Petrolina s\u00e3o campe\u00f5es Brasileiro de Atletismo Paral\u00edmpico - Blog do Farn\u00e9sio","isPartOf":{"@id":"https:\/\/blogdofarnesio.com.br\/#website"},"primaryImageOfPage":{"@id":"https:\/\/blogdofarnesio.com.br\/?p=312672#primaryimage"},"image":{"@id":"https:\/\/blogdofarnesio.com.br\/?p=312672#primaryimage"},"thumbnailUrl":"https:\/\/blogdofarnesio.com.br\/wp-content\/uploads\/2022\/05\/blogqspapa-campea-paralimpico-e1651949399181.jpg","datePublished":"2022-05-09T12:02:54+00:00","breadcrumb":{"@id":"https:\/\/blogdofarnesio.com.br\/?p=312672#breadcrumb"},"inLanguage":"pt-BR","potentialAction":[{"@type":"ReadAction","target":["https:\/\/blogdofarnesio.com.br\/?p=312672"]}]},{"@type":"ImageObject","inLanguage":"pt-BR","@id":"https:\/\/blogdofarnesio.com.br\/?p=312672#primaryimage","url":"https:\/\/blogdofarnesio.com.br\/wp-content\/uploads\/2022\/05\/blogqspapa-campea-paralimpico-e1651949399181.jpg","contentUrl":"https:\/\/blogdofarnesio.com.br\/wp-content\/uploads\/2022\/05\/blogqspapa-campea-paralimpico-e1651949399181.jpg","width":524,"height":494},{"@type":"BreadcrumbList","@id":"https:\/\/blogdofarnesio.com.br\/?p=312672#breadcrumb","itemListElement":[{"@type":"ListItem","position":1,"name":"In\u00edcio","item":"https:\/\/blogdofarnesio.com.br\/"},{"@type":"ListItem","position":2,"name":"Paratletas de Petrolina s\u00e3o campe\u00f5es Brasileiro de Atletismo Paral\u00edmpico"}]},{"@type":"WebSite","@id":"https:\/\/blogdofarnesio.com.br\/#website","url":"https:\/\/blogdofarnesio.com.br\/","name":"Blog do Farn\u00e9sio","description":"Quer Saber Pol\u00edtica?","publisher":{"@id":"https:\/\/blogdofarnesio.com.br\/#organization"},"potentialAction":[{"@type":"SearchAction","target":{"@type":"EntryPoint","urlTemplate":"https:\/\/blogdofarnesio.com.br\/?s={search_term_string}"},"query-input":{"@type":"PropertyValueSpecification","valueRequired":true,"valueName":"search_term_string"}}],"inLanguage":"pt-BR"},{"@type":"Organization","@id":"https:\/\/blogdofarnesio.com.br\/#organization","name":"Blog do Farn\u00e9sio","url":"https:\/\/blogdofarnesio.com.br\/","logo":{"@type":"ImageObject","inLanguage":"pt-BR","@id":"https:\/\/blogdofarnesio.com.br\/#\/schema\/logo\/image\/","url":"https:\/\/blogdofarnesio.com.br\/wp-content\/uploads\/2026\/03\/cropped-logo_new-1.png","contentUrl":"https:\/\/blogdofarnesio.com.br\/wp-content\/uploads\/2026\/03\/cropped-logo_new-1.png","width":881,"height":685,"caption":"Blog do Farn\u00e9sio"},"image":{"@id":"https:\/\/blogdofarnesio.com.br\/#\/schema\/logo\/image\/"},"sameAs":["https:\/\/www.facebook.com\/BlogQuerSaberPolitica\/"]},{"@type":"Person","@id":"https:\/\/blogdofarnesio.com.br\/#\/schema\/person\/bb9b23ae3ad0609ce8df7b6c9e76824d","name":"Farn\u00e9sio","image":{"@type":"ImageObject","inLanguage":"pt-BR","@id":"https:\/\/secure.gravatar.com\/avatar\/986aa4c61ccdb66f8555bf88fc2a65609d00bcabd4d2d94377a727547345cbca?s=96&d=mm&r=g","url":"https:\/\/secure.gravatar.com\/avatar\/986aa4c61ccdb66f8555bf88fc2a65609d00bcabd4d2d94377a727547345cbca?s=96&d=mm&r=g","contentUrl":"https:\/\/secure.gravatar.com\/avatar\/986aa4c61ccdb66f8555bf88fc2a65609d00bcabd4d2d94377a727547345cbca?s=96&d=mm&r=g","caption":"Farn\u00e9sio"},"description":"Radialista blogueiro, chegou a Petrolina\/Juazeiro em setembro de 1980, Farn\u00e9sio Silva \u00e9 de Arapiraca-Alagoas.","sameAs":["http:\/\/blogdofarnesio.com.br","https:\/\/www.facebook.com\/?ref=tn_tnmn","https:\/\/www.instagram.com\/?utm_source=pwa_homescreen","https:\/\/youtube.com.br\/"],"url":"https:\/\/blogdofarnesio.com.br\/?author=2"}]}},"_links":{"self":[{"href":"https:\/\/blogdofarnesio.com.br\/index.php?rest_route=\/wp\/v2\/posts\/312672","targetHints":{"allow":["GET"]}}],"collection":[{"href":"https:\/\/blogdofarnesio.com.br\/index.php?rest_route=\/wp\/v2\/posts"}],"about":[{"href":"https:\/\/blogdofarnesio.com.br\/index.php?rest_route=\/wp\/v2\/types\/post"}],"author":[{"embeddable":true,"href":"https:\/\/blogdofarnesio.com.br\/index.php?rest_route=\/wp\/v2\/users\/2"}],"replies":[{"embeddable":true,"href":"https:\/\/blogdofarnesio.com.br\/index.php?rest_route=%2Fwp%2Fv2%2Fcomments&post=312672"}],"version-history":[{"count":0,"href":"https:\/\/blogdofarnesio.com.br\/index.php?rest_route=\/wp\/v2\/posts\/312672\/revisions"}],"wp:featuredmedia":[{"embeddable":true,"href":"https:\/\/blogdofarnesio.com.br\/index.php?rest_route=\/wp\/v2\/media\/312670"}],"wp:attachment":[{"href":"https:\/\/blogdofarnesio.com.br\/index.php?rest_route=%2Fwp%2Fv2%2Fmedia&parent=312672"}],"wp:term":[{"taxonomy":"category","embeddable":true,"href":"https:\/\/blogdofarnesio.com.br\/index.php?rest_route=%2Fwp%2Fv2%2Fcategories&post=312672"},{"taxonomy":"post_tag","embeddable":true,"href":"https:\/\/blogdofarnesio.com.br\/index.php?rest_route=%2Fwp%2Fv2%2Ftags&post=312672"}],"curies":[{"name":"wp","href":"https:\/\/api.w.org\/{rel}","templated":true}]}}