{"id":312644,"date":"2022-05-07T10:32:28","date_gmt":"2022-05-07T13:32:28","guid":{"rendered":"https:\/\/blogdofarnesio.com.br\/?p=312644"},"modified":"2022-05-07T08:40:13","modified_gmt":"2022-05-07T11:40:13","slug":"maio-da-diversidade-prefeitura-de-juazeiro-inicia-programacao-neste-sabado","status":"publish","type":"post","link":"https:\/\/blogdofarnesio.com.br\/?p=312644","title":{"rendered":"Maio da Diversidade: Prefeitura de Juazeiro inicia programa\u00e7\u00e3o neste s\u00e1bado"},"content":{"rendered":"<p style=\"font-weight: 400;\">A Prefeitura de Juazeiro, atrav\u00e9s da Secretaria de Desenvolvimento Social, Mulher e Diversidade (Sedes), vai abrir a programa\u00e7\u00e3o do \u2018Maio da Diversidade \u2013 Juazeiro de todas as cores, de todos os amores, Juazeiro da diversidade\u2019. A campanha 2022, que marca a luta da popula\u00e7\u00e3o LGBTQIAP+ contra a homofobia, come\u00e7a com o lan\u00e7amento do Concurso de Beleza Victor Vict\u00f3ria, neste s\u00e1bado, \u00e0s 19h, na Pra\u00e7a de Alimenta\u00e7\u00e3o do Ju\u00e1 Garden Shopping.<\/p>\n<p style=\"font-weight: 400;\">\n<p style=\"font-weight: 400;\">A diretora de Diversidade da Sedes, Eva Suene, fala sobre a programa\u00e7\u00e3o que, em 2022, ter\u00e1 como foco o combate a lgbtfobia, a inser\u00e7\u00e3o da popula\u00e7\u00e3o LGBT no mercado de trabalho e o fomento ao empreendedorismo. \u201cEm 2022, n\u00f3s buscamos refor\u00e7ar a import\u00e2ncia de combater a lgbtfobia institucional e tamb\u00e9m discutir a forma\u00e7\u00e3o da popula\u00e7\u00e3o LGBTQIAP+ para o mercado de trabalho, possibilitando atividades que contribuam para a qualidade de vida dessas pessoas\u201d, conta Eva.<\/p>\n<p style=\"font-weight: 400;\">\n<p style=\"font-weight: 400;\">At\u00e9 o final do m\u00eas de maio a programa\u00e7\u00e3o vai incluir capacita\u00e7\u00e3o em empreendedorismo, forma\u00e7\u00e3o t\u00e9cnica e eventos culturais.<\/p>\n<p style=\"font-weight: 400;\">\n<p style=\"font-weight: 400;\"><strong>Programa\u00e7\u00e3o<\/strong><\/p>\n<p style=\"font-weight: 400;\"><strong>07\/05 \u2013 Lan\u00e7amento do Victor Vit\u00f3ria<\/strong><\/p>\n<p style=\"font-weight: 400;\">Local: Shopping<\/p>\n<p style=\"font-weight: 400;\">Hor\u00e1rio: 19:00<\/p>\n<p style=\"font-weight: 400;\">\n<p style=\"font-weight: 400;\"><strong>14\/05 \u2013 Capacita\u00e7\u00e3o de empreendedorismo para o p\u00fablico LGBTQIAP+ (vagas limitadas)<\/strong><\/p>\n<p style=\"font-weight: 400;\">On-line<\/p>\n<p style=\"font-weight: 400;\">Hora: 19:30 \u00e0s 21:30<\/p>\n<p style=\"font-weight: 400;\">Inscri\u00e7\u00f5es:\u00a0<a href=\"mailto:diretoriadediversidadejuazeiro@gmail.com\">diretoriadediversidadejuazeiro@gmail.com<\/a><\/p>\n<p style=\"font-weight: 400;\">\n<p style=\"font-weight: 400;\"><strong>21\/05 \u2013 Virada sociocultural\/desportiva LGBTQIAP+.<\/strong><\/p>\n<p style=\"font-weight: 400;\">Local: Orla de Juazeiro-BA<\/p>\n<p style=\"font-weight: 400;\">Hora: A partir 18:00<\/p>\n<p style=\"font-weight: 400;\">\n<p style=\"font-weight: 400;\"><strong>25\/05 Curso de forma\u00e7\u00e3o t\u00e9cnica para o combate \u00e0 LGBTfobia (Dia Internacional de Combate \u00e0 LGBTfobia).<\/strong><\/p>\n<p style=\"font-weight: 400;\">\n<p style=\"font-weight: 400;\">Local: Audit\u00f3rio do CIAM<\/p>\n<p style=\"font-weight: 400;\">Hora: 8:00 \u00e0s 12:00<\/p>\n<p style=\"font-weight: 400;\">\n<p style=\"font-weight: 400;\"><strong>28\/05 Concurso de Beleza Victor Vict\u00f3ria.<\/strong><\/p>\n<p style=\"font-weight: 400;\">\n<p style=\"font-weight: 400;\">Local: Ju\u00e1 Garden Shopping.<\/p>\n<p style=\"font-weight: 400;\">Hora: 20:00<\/p>\n<p style=\"font-weight: 400;\">\n<p style=\"font-weight: 400;\">Texto: Eneida Trindade \u2013 Assessora de Imprensa da Sedes<\/p>\n<p style=\"font-weight: 400;\">Fotos: Ascom\/PMJ<\/p>\n","protected":false},"excerpt":{"rendered":"<p>A Prefeitura de Juazeiro, atrav\u00e9s da Secretaria de Desenvolvimento Social, Mulher e Diversidade (Sedes), vai abrir a programa\u00e7\u00e3o do \u2018Maio da Diversidade \u2013 Juazeiro de todas as cores, de todos os amores, Juazeiro da diversidade\u2019. A campanha 2022, que marca a luta da popula\u00e7\u00e3o LGBTQIAP+ contra a homofobia, come\u00e7a com o lan\u00e7amento do Concurso de Beleza Victor Vict\u00f3ria, neste s\u00e1bado, \u00e0s 19h, na Pra\u00e7a de Alimenta\u00e7\u00e3o do Ju\u00e1 Garden Shopping. A diretora de Diversidade da Sedes, Eva Suene, fala sobre a programa\u00e7\u00e3o que, em 2022, ter\u00e1 como foco o combate a lgbtfobia, a inser\u00e7\u00e3o da popula\u00e7\u00e3o LGBT no mercado de trabalho e o fomento ao empreendedorismo. \u201cEm 2022, n\u00f3s buscamos refor\u00e7ar a import\u00e2ncia de combater a lgbtfobia institucional e tamb\u00e9m&hellip; <\/p>\n","protected":false},"author":2,"featured_media":312645,"comment_status":"open","ping_status":"open","sticky":false,"template":"","format":"standard","meta":{"_acf_changed":false,"footnotes":""},"categories":[32],"tags":[],"class_list":["post-312644","post","type-post","status-publish","format-standard","has-post-thumbnail","hentry","category-costumes"],"acf":[],"yoast_head":"<!-- This site is optimized with the Yoast SEO plugin v27.4 - https:\/\/yoast.com\/product\/yoast-seo-wordpress\/ -->\n<title>Maio da Diversidade: Prefeitura de Juazeiro inicia programa\u00e7\u00e3o neste s\u00e1bado - Blog do Farn\u00e9sio<\/title>\n<meta name=\"robots\" content=\"index, follow, max-snippet:-1, max-image-preview:large, max-video-preview:-1\" \/>\n<link rel=\"canonical\" href=\"https:\/\/blogdofarnesio.com.br\/?p=312644\" \/>\n<meta property=\"og:locale\" content=\"pt_BR\" \/>\n<meta property=\"og:type\" content=\"article\" \/>\n<meta property=\"og:title\" content=\"Maio da Diversidade: Prefeitura de Juazeiro inicia programa\u00e7\u00e3o neste s\u00e1bado - Blog do Farn\u00e9sio\" \/>\n<meta property=\"og:description\" content=\"A Prefeitura de Juazeiro, atrav\u00e9s da Secretaria de Desenvolvimento Social, Mulher e Diversidade (Sedes), vai abrir a programa\u00e7\u00e3o do \u2018Maio da Diversidade \u2013 Juazeiro de todas as cores, de todos os amores, Juazeiro da diversidade\u2019. A campanha 2022, que marca a luta da popula\u00e7\u00e3o LGBTQIAP+ contra a homofobia, come\u00e7a com o lan\u00e7amento do Concurso de Beleza Victor Vict\u00f3ria, neste s\u00e1bado, \u00e0s 19h, na Pra\u00e7a de Alimenta\u00e7\u00e3o do Ju\u00e1 Garden Shopping. A diretora de Diversidade da Sedes, Eva Suene, fala sobre a programa\u00e7\u00e3o que, em 2022, ter\u00e1 como foco o combate a lgbtfobia, a inser\u00e7\u00e3o da popula\u00e7\u00e3o LGBT no mercado de trabalho e o fomento ao empreendedorismo. \u201cEm 2022, n\u00f3s buscamos refor\u00e7ar a import\u00e2ncia de combater a lgbtfobia institucional e tamb\u00e9m&hellip;\" \/>\n<meta property=\"og:url\" content=\"https:\/\/blogdofarnesio.com.br\/?p=312644\" \/>\n<meta property=\"og:site_name\" content=\"Blog do Farn\u00e9sio\" \/>\n<meta property=\"article:publisher\" content=\"https:\/\/www.facebook.com\/BlogQuerSaberPolitica\/\" \/>\n<meta property=\"article:author\" content=\"https:\/\/www.facebook.com\/?ref=tn_tnmn\" \/>\n<meta property=\"article:published_time\" content=\"2022-05-07T13:32:28+00:00\" \/>\n<meta property=\"og:image\" content=\"https:\/\/blogdofarnesio.com.br\/wp-content\/uploads\/2022\/05\/OrgulhoLGBT_04-e1651923574958.jpg\" \/>\n\t<meta property=\"og:image:width\" content=\"680\" \/>\n\t<meta property=\"og:image:height\" content=\"351\" \/>\n\t<meta property=\"og:image:type\" content=\"image\/jpeg\" \/>\n<meta name=\"author\" content=\"Farn\u00e9sio\" \/>\n<meta name=\"twitter:card\" content=\"summary_large_image\" \/>\n<meta name=\"twitter:label1\" content=\"Escrito por\" \/>\n\t<meta name=\"twitter:data1\" content=\"Farn\u00e9sio\" \/>\n\t<meta name=\"twitter:label2\" content=\"Est. tempo de leitura\" \/>\n\t<meta name=\"twitter:data2\" content=\"2 minutos\" \/>\n<script type=\"application\/ld+json\" class=\"yoast-schema-graph\">{\"@context\":\"https:\\\/\\\/schema.org\",\"@graph\":[{\"@type\":\"Article\",\"@id\":\"https:\\\/\\\/blogdofarnesio.com.br\\\/?p=312644#article\",\"isPartOf\":{\"@id\":\"https:\\\/\\\/blogdofarnesio.com.br\\\/?p=312644\"},\"author\":{\"name\":\"Farn\u00e9sio\",\"@id\":\"https:\\\/\\\/blogdofarnesio.com.br\\\/#\\\/schema\\\/person\\\/bb9b23ae3ad0609ce8df7b6c9e76824d\"},\"headline\":\"Maio da Diversidade: Prefeitura de Juazeiro inicia programa\u00e7\u00e3o neste s\u00e1bado\",\"datePublished\":\"2022-05-07T13:32:28+00:00\",\"mainEntityOfPage\":{\"@id\":\"https:\\\/\\\/blogdofarnesio.com.br\\\/?p=312644\"},\"wordCount\":280,\"commentCount\":0,\"publisher\":{\"@id\":\"https:\\\/\\\/blogdofarnesio.com.br\\\/#organization\"},\"image\":{\"@id\":\"https:\\\/\\\/blogdofarnesio.com.br\\\/?p=312644#primaryimage\"},\"thumbnailUrl\":\"https:\\\/\\\/blogdofarnesio.com.br\\\/wp-content\\\/uploads\\\/2022\\\/05\\\/OrgulhoLGBT_04-e1651923574958.jpg\",\"articleSection\":[\"Costumes\"],\"inLanguage\":\"pt-BR\",\"potentialAction\":[{\"@type\":\"CommentAction\",\"name\":\"Comment\",\"target\":[\"https:\\\/\\\/blogdofarnesio.com.br\\\/?p=312644#respond\"]}]},{\"@type\":\"WebPage\",\"@id\":\"https:\\\/\\\/blogdofarnesio.com.br\\\/?p=312644\",\"url\":\"https:\\\/\\\/blogdofarnesio.com.br\\\/?p=312644\",\"name\":\"Maio da Diversidade: Prefeitura de Juazeiro inicia programa\u00e7\u00e3o neste s\u00e1bado - Blog do Farn\u00e9sio\",\"isPartOf\":{\"@id\":\"https:\\\/\\\/blogdofarnesio.com.br\\\/#website\"},\"primaryImageOfPage\":{\"@id\":\"https:\\\/\\\/blogdofarnesio.com.br\\\/?p=312644#primaryimage\"},\"image\":{\"@id\":\"https:\\\/\\\/blogdofarnesio.com.br\\\/?p=312644#primaryimage\"},\"thumbnailUrl\":\"https:\\\/\\\/blogdofarnesio.com.br\\\/wp-content\\\/uploads\\\/2022\\\/05\\\/OrgulhoLGBT_04-e1651923574958.jpg\",\"datePublished\":\"2022-05-07T13:32:28+00:00\",\"breadcrumb\":{\"@id\":\"https:\\\/\\\/blogdofarnesio.com.br\\\/?p=312644#breadcrumb\"},\"inLanguage\":\"pt-BR\",\"potentialAction\":[{\"@type\":\"ReadAction\",\"target\":[\"https:\\\/\\\/blogdofarnesio.com.br\\\/?p=312644\"]}]},{\"@type\":\"ImageObject\",\"inLanguage\":\"pt-BR\",\"@id\":\"https:\\\/\\\/blogdofarnesio.com.br\\\/?p=312644#primaryimage\",\"url\":\"https:\\\/\\\/blogdofarnesio.com.br\\\/wp-content\\\/uploads\\\/2022\\\/05\\\/OrgulhoLGBT_04-e1651923574958.jpg\",\"contentUrl\":\"https:\\\/\\\/blogdofarnesio.com.br\\\/wp-content\\\/uploads\\\/2022\\\/05\\\/OrgulhoLGBT_04-e1651923574958.jpg\",\"width\":680,\"height\":351},{\"@type\":\"BreadcrumbList\",\"@id\":\"https:\\\/\\\/blogdofarnesio.com.br\\\/?p=312644#breadcrumb\",\"itemListElement\":[{\"@type\":\"ListItem\",\"position\":1,\"name\":\"In\u00edcio\",\"item\":\"https:\\\/\\\/blogdofarnesio.com.br\\\/\"},{\"@type\":\"ListItem\",\"position\":2,\"name\":\"Maio da Diversidade: Prefeitura de Juazeiro inicia programa\u00e7\u00e3o neste s\u00e1bado\"}]},{\"@type\":\"WebSite\",\"@id\":\"https:\\\/\\\/blogdofarnesio.com.br\\\/#website\",\"url\":\"https:\\\/\\\/blogdofarnesio.com.br\\\/\",\"name\":\"Blog do Farn\u00e9sio\",\"description\":\"Quer Saber Pol\u00edtica?\",\"publisher\":{\"@id\":\"https:\\\/\\\/blogdofarnesio.com.br\\\/#organization\"},\"potentialAction\":[{\"@type\":\"SearchAction\",\"target\":{\"@type\":\"EntryPoint\",\"urlTemplate\":\"https:\\\/\\\/blogdofarnesio.com.br\\\/?s={search_term_string}\"},\"query-input\":{\"@type\":\"PropertyValueSpecification\",\"valueRequired\":true,\"valueName\":\"search_term_string\"}}],\"inLanguage\":\"pt-BR\"},{\"@type\":\"Organization\",\"@id\":\"https:\\\/\\\/blogdofarnesio.com.br\\\/#organization\",\"name\":\"Blog do Farn\u00e9sio\",\"url\":\"https:\\\/\\\/blogdofarnesio.com.br\\\/\",\"logo\":{\"@type\":\"ImageObject\",\"inLanguage\":\"pt-BR\",\"@id\":\"https:\\\/\\\/blogdofarnesio.com.br\\\/#\\\/schema\\\/logo\\\/image\\\/\",\"url\":\"https:\\\/\\\/blogdofarnesio.com.br\\\/wp-content\\\/uploads\\\/2026\\\/03\\\/cropped-logo_new-1.png\",\"contentUrl\":\"https:\\\/\\\/blogdofarnesio.com.br\\\/wp-content\\\/uploads\\\/2026\\\/03\\\/cropped-logo_new-1.png\",\"width\":881,\"height\":685,\"caption\":\"Blog do Farn\u00e9sio\"},\"image\":{\"@id\":\"https:\\\/\\\/blogdofarnesio.com.br\\\/#\\\/schema\\\/logo\\\/image\\\/\"},\"sameAs\":[\"https:\\\/\\\/www.facebook.com\\\/BlogQuerSaberPolitica\\\/\"]},{\"@type\":\"Person\",\"@id\":\"https:\\\/\\\/blogdofarnesio.com.br\\\/#\\\/schema\\\/person\\\/bb9b23ae3ad0609ce8df7b6c9e76824d\",\"name\":\"Farn\u00e9sio\",\"image\":{\"@type\":\"ImageObject\",\"inLanguage\":\"pt-BR\",\"@id\":\"https:\\\/\\\/secure.gravatar.com\\\/avatar\\\/986aa4c61ccdb66f8555bf88fc2a65609d00bcabd4d2d94377a727547345cbca?s=96&d=mm&r=g\",\"url\":\"https:\\\/\\\/secure.gravatar.com\\\/avatar\\\/986aa4c61ccdb66f8555bf88fc2a65609d00bcabd4d2d94377a727547345cbca?s=96&d=mm&r=g\",\"contentUrl\":\"https:\\\/\\\/secure.gravatar.com\\\/avatar\\\/986aa4c61ccdb66f8555bf88fc2a65609d00bcabd4d2d94377a727547345cbca?s=96&d=mm&r=g\",\"caption\":\"Farn\u00e9sio\"},\"description\":\"Radialista blogueiro, chegou a Petrolina\\\/Juazeiro em setembro de 1980, Farn\u00e9sio Silva \u00e9 de Arapiraca-Alagoas.\",\"sameAs\":[\"http:\\\/\\\/blogdofarnesio.com.br\",\"https:\\\/\\\/www.facebook.com\\\/?ref=tn_tnmn\",\"https:\\\/\\\/www.instagram.com\\\/?utm_source=pwa_homescreen\",\"https:\\\/\\\/youtube.com.br\\\/\"],\"url\":\"https:\\\/\\\/blogdofarnesio.com.br\\\/?author=2\"}]}<\/script>\n<!-- \/ Yoast SEO plugin. -->","yoast_head_json":{"title":"Maio da Diversidade: Prefeitura de Juazeiro inicia programa\u00e7\u00e3o neste s\u00e1bado - Blog do Farn\u00e9sio","robots":{"index":"index","follow":"follow","max-snippet":"max-snippet:-1","max-image-preview":"max-image-preview:large","max-video-preview":"max-video-preview:-1"},"canonical":"https:\/\/blogdofarnesio.com.br\/?p=312644","og_locale":"pt_BR","og_type":"article","og_title":"Maio da Diversidade: Prefeitura de Juazeiro inicia programa\u00e7\u00e3o neste s\u00e1bado - Blog do Farn\u00e9sio","og_description":"A Prefeitura de Juazeiro, atrav\u00e9s da Secretaria de Desenvolvimento Social, Mulher e Diversidade (Sedes), vai abrir a programa\u00e7\u00e3o do \u2018Maio da Diversidade \u2013 Juazeiro de todas as cores, de todos os amores, Juazeiro da diversidade\u2019. A campanha 2022, que marca a luta da popula\u00e7\u00e3o LGBTQIAP+ contra a homofobia, come\u00e7a com o lan\u00e7amento do Concurso de Beleza Victor Vict\u00f3ria, neste s\u00e1bado, \u00e0s 19h, na Pra\u00e7a de Alimenta\u00e7\u00e3o do Ju\u00e1 Garden Shopping. A diretora de Diversidade da Sedes, Eva Suene, fala sobre a programa\u00e7\u00e3o que, em 2022, ter\u00e1 como foco o combate a lgbtfobia, a inser\u00e7\u00e3o da popula\u00e7\u00e3o LGBT no mercado de trabalho e o fomento ao empreendedorismo. \u201cEm 2022, n\u00f3s buscamos refor\u00e7ar a import\u00e2ncia de combater a lgbtfobia institucional e tamb\u00e9m&hellip;","og_url":"https:\/\/blogdofarnesio.com.br\/?p=312644","og_site_name":"Blog do Farn\u00e9sio","article_publisher":"https:\/\/www.facebook.com\/BlogQuerSaberPolitica\/","article_author":"https:\/\/www.facebook.com\/?ref=tn_tnmn","article_published_time":"2022-05-07T13:32:28+00:00","og_image":[{"width":680,"height":351,"url":"https:\/\/blogdofarnesio.com.br\/wp-content\/uploads\/2022\/05\/OrgulhoLGBT_04-e1651923574958.jpg","type":"image\/jpeg"}],"author":"Farn\u00e9sio","twitter_card":"summary_large_image","twitter_misc":{"Escrito por":"Farn\u00e9sio","Est. tempo de leitura":"2 minutos"},"schema":{"@context":"https:\/\/schema.org","@graph":[{"@type":"Article","@id":"https:\/\/blogdofarnesio.com.br\/?p=312644#article","isPartOf":{"@id":"https:\/\/blogdofarnesio.com.br\/?p=312644"},"author":{"name":"Farn\u00e9sio","@id":"https:\/\/blogdofarnesio.com.br\/#\/schema\/person\/bb9b23ae3ad0609ce8df7b6c9e76824d"},"headline":"Maio da Diversidade: Prefeitura de Juazeiro inicia programa\u00e7\u00e3o neste s\u00e1bado","datePublished":"2022-05-07T13:32:28+00:00","mainEntityOfPage":{"@id":"https:\/\/blogdofarnesio.com.br\/?p=312644"},"wordCount":280,"commentCount":0,"publisher":{"@id":"https:\/\/blogdofarnesio.com.br\/#organization"},"image":{"@id":"https:\/\/blogdofarnesio.com.br\/?p=312644#primaryimage"},"thumbnailUrl":"https:\/\/blogdofarnesio.com.br\/wp-content\/uploads\/2022\/05\/OrgulhoLGBT_04-e1651923574958.jpg","articleSection":["Costumes"],"inLanguage":"pt-BR","potentialAction":[{"@type":"CommentAction","name":"Comment","target":["https:\/\/blogdofarnesio.com.br\/?p=312644#respond"]}]},{"@type":"WebPage","@id":"https:\/\/blogdofarnesio.com.br\/?p=312644","url":"https:\/\/blogdofarnesio.com.br\/?p=312644","name":"Maio da Diversidade: Prefeitura de Juazeiro inicia programa\u00e7\u00e3o neste s\u00e1bado - Blog do Farn\u00e9sio","isPartOf":{"@id":"https:\/\/blogdofarnesio.com.br\/#website"},"primaryImageOfPage":{"@id":"https:\/\/blogdofarnesio.com.br\/?p=312644#primaryimage"},"image":{"@id":"https:\/\/blogdofarnesio.com.br\/?p=312644#primaryimage"},"thumbnailUrl":"https:\/\/blogdofarnesio.com.br\/wp-content\/uploads\/2022\/05\/OrgulhoLGBT_04-e1651923574958.jpg","datePublished":"2022-05-07T13:32:28+00:00","breadcrumb":{"@id":"https:\/\/blogdofarnesio.com.br\/?p=312644#breadcrumb"},"inLanguage":"pt-BR","potentialAction":[{"@type":"ReadAction","target":["https:\/\/blogdofarnesio.com.br\/?p=312644"]}]},{"@type":"ImageObject","inLanguage":"pt-BR","@id":"https:\/\/blogdofarnesio.com.br\/?p=312644#primaryimage","url":"https:\/\/blogdofarnesio.com.br\/wp-content\/uploads\/2022\/05\/OrgulhoLGBT_04-e1651923574958.jpg","contentUrl":"https:\/\/blogdofarnesio.com.br\/wp-content\/uploads\/2022\/05\/OrgulhoLGBT_04-e1651923574958.jpg","width":680,"height":351},{"@type":"BreadcrumbList","@id":"https:\/\/blogdofarnesio.com.br\/?p=312644#breadcrumb","itemListElement":[{"@type":"ListItem","position":1,"name":"In\u00edcio","item":"https:\/\/blogdofarnesio.com.br\/"},{"@type":"ListItem","position":2,"name":"Maio da Diversidade: Prefeitura de Juazeiro inicia programa\u00e7\u00e3o neste s\u00e1bado"}]},{"@type":"WebSite","@id":"https:\/\/blogdofarnesio.com.br\/#website","url":"https:\/\/blogdofarnesio.com.br\/","name":"Blog do Farn\u00e9sio","description":"Quer Saber Pol\u00edtica?","publisher":{"@id":"https:\/\/blogdofarnesio.com.br\/#organization"},"potentialAction":[{"@type":"SearchAction","target":{"@type":"EntryPoint","urlTemplate":"https:\/\/blogdofarnesio.com.br\/?s={search_term_string}"},"query-input":{"@type":"PropertyValueSpecification","valueRequired":true,"valueName":"search_term_string"}}],"inLanguage":"pt-BR"},{"@type":"Organization","@id":"https:\/\/blogdofarnesio.com.br\/#organization","name":"Blog do Farn\u00e9sio","url":"https:\/\/blogdofarnesio.com.br\/","logo":{"@type":"ImageObject","inLanguage":"pt-BR","@id":"https:\/\/blogdofarnesio.com.br\/#\/schema\/logo\/image\/","url":"https:\/\/blogdofarnesio.com.br\/wp-content\/uploads\/2026\/03\/cropped-logo_new-1.png","contentUrl":"https:\/\/blogdofarnesio.com.br\/wp-content\/uploads\/2026\/03\/cropped-logo_new-1.png","width":881,"height":685,"caption":"Blog do Farn\u00e9sio"},"image":{"@id":"https:\/\/blogdofarnesio.com.br\/#\/schema\/logo\/image\/"},"sameAs":["https:\/\/www.facebook.com\/BlogQuerSaberPolitica\/"]},{"@type":"Person","@id":"https:\/\/blogdofarnesio.com.br\/#\/schema\/person\/bb9b23ae3ad0609ce8df7b6c9e76824d","name":"Farn\u00e9sio","image":{"@type":"ImageObject","inLanguage":"pt-BR","@id":"https:\/\/secure.gravatar.com\/avatar\/986aa4c61ccdb66f8555bf88fc2a65609d00bcabd4d2d94377a727547345cbca?s=96&d=mm&r=g","url":"https:\/\/secure.gravatar.com\/avatar\/986aa4c61ccdb66f8555bf88fc2a65609d00bcabd4d2d94377a727547345cbca?s=96&d=mm&r=g","contentUrl":"https:\/\/secure.gravatar.com\/avatar\/986aa4c61ccdb66f8555bf88fc2a65609d00bcabd4d2d94377a727547345cbca?s=96&d=mm&r=g","caption":"Farn\u00e9sio"},"description":"Radialista blogueiro, chegou a Petrolina\/Juazeiro em setembro de 1980, Farn\u00e9sio Silva \u00e9 de Arapiraca-Alagoas.","sameAs":["http:\/\/blogdofarnesio.com.br","https:\/\/www.facebook.com\/?ref=tn_tnmn","https:\/\/www.instagram.com\/?utm_source=pwa_homescreen","https:\/\/youtube.com.br\/"],"url":"https:\/\/blogdofarnesio.com.br\/?author=2"}]}},"_links":{"self":[{"href":"https:\/\/blogdofarnesio.com.br\/index.php?rest_route=\/wp\/v2\/posts\/312644","targetHints":{"allow":["GET"]}}],"collection":[{"href":"https:\/\/blogdofarnesio.com.br\/index.php?rest_route=\/wp\/v2\/posts"}],"about":[{"href":"https:\/\/blogdofarnesio.com.br\/index.php?rest_route=\/wp\/v2\/types\/post"}],"author":[{"embeddable":true,"href":"https:\/\/blogdofarnesio.com.br\/index.php?rest_route=\/wp\/v2\/users\/2"}],"replies":[{"embeddable":true,"href":"https:\/\/blogdofarnesio.com.br\/index.php?rest_route=%2Fwp%2Fv2%2Fcomments&post=312644"}],"version-history":[{"count":0,"href":"https:\/\/blogdofarnesio.com.br\/index.php?rest_route=\/wp\/v2\/posts\/312644\/revisions"}],"wp:featuredmedia":[{"embeddable":true,"href":"https:\/\/blogdofarnesio.com.br\/index.php?rest_route=\/wp\/v2\/media\/312645"}],"wp:attachment":[{"href":"https:\/\/blogdofarnesio.com.br\/index.php?rest_route=%2Fwp%2Fv2%2Fmedia&parent=312644"}],"wp:term":[{"taxonomy":"category","embeddable":true,"href":"https:\/\/blogdofarnesio.com.br\/index.php?rest_route=%2Fwp%2Fv2%2Fcategories&post=312644"},{"taxonomy":"post_tag","embeddable":true,"href":"https:\/\/blogdofarnesio.com.br\/index.php?rest_route=%2Fwp%2Fv2%2Ftags&post=312644"}],"curies":[{"name":"wp","href":"https:\/\/api.w.org\/{rel}","templated":true}]}}