{"id":312635,"date":"2022-05-07T09:30:53","date_gmt":"2022-05-07T12:30:53","guid":{"rendered":"https:\/\/blogdofarnesio.com.br\/?p=312635"},"modified":"2022-05-06T18:25:47","modified_gmt":"2022-05-06T21:25:47","slug":"projeto-re-habitar-ararinha-azul-do-nema-univasf-e-fade-ufpe-esta-com-inscricoes-abertas-para-cadastro-reserva-de-analistas-ambientais","status":"publish","type":"post","link":"https:\/\/blogdofarnesio.com.br\/?p=312635","title":{"rendered":"Projeto RE-Habitar Ararinha-azul do NEMA UNIVASF e FADE-UFPE est\u00e1 com inscri\u00e7\u00f5es abertas para cadastro reserva de analistas ambientais"},"content":{"rendered":"<p>Est\u00e3o abertas as inscri\u00e7\u00f5es para o Processo Seletivo de Cadastro Reserva para atua\u00e7\u00e3o<br \/>\nno Projeto RE-Habitar Ararinha-azul, executado pelo N\u00facleo de Ecologia e<br \/>\nMonitoramento Ambiental (NEMA) da Universidade Federal do Vale do S\u00e3o Francisco<br \/>\n(UNIVASF) juntamente com a Funda\u00e7\u00e3o de Apoio ao Desenvolvimento da Universidade<br \/>\nFederal de Pernambuco (FADE-UFPE). No total, s\u00e3o disponibilizadas duas vagas de<br \/>\nanalistas ambientais para execu\u00e7\u00e3o de atividades em campo, em Cura\u00e7\u00e1 (BA).<\/p>\n<p>As inscri\u00e7\u00f5es ocorrem at\u00e9 o dia 15 deste m\u00eas.<\/p>\n<p>Podem se candidatar profissionais com diploma ou certificado de gradua\u00e7\u00e3o em<br \/>\nEcologia, Agronomia, Engenharia Ambiental ou Engenharia Florestal em Institui\u00e7\u00e3o de<br \/>\nEnsino reconhecida pelo Minist\u00e9rio da Educa\u00e7\u00e3o. \u00c9 necess\u00e1rio ter disponibilidade para<br \/>\nviajar e embarcar, possuir CNH categoria \u201cB\u201d e residir em Cura\u00e7\u00e1 (BA). Os selecionados<br \/>\nser\u00e3o contratados pelo regime da Consolida\u00e7\u00e3o das Leis do Trabalho (CLT).<br \/>\nAs inscri\u00e7\u00f5es devem ser realizadas atrav\u00e9s de preenchimento de formul\u00e1rio eletr\u00f4nico<br \/>\nno link. Os interessados precisam informar o nome completo, e-mail, CPF, telefone e<br \/>\nselecionar o cargo \u201cAnalista Ambiental II ou III\u201d. Ao final, anexar a documenta\u00e7\u00e3o<br \/>\nsolicitada conforme Edital.<br \/>\nA convoca\u00e7\u00e3o para segunda etapa est\u00e1 prevista para o dia 16 de maio. O resultado<br \/>\nfinal ser\u00e1 divulgado no dia 26 de maio. Mais informa\u00e7\u00f5es podem ser encontradas<br \/>\nno\u00a0Edital\u00a0do\u00a0processo seletivo.<\/p>\n<p>https:\/\/docs.google.com\/forms\/d\/1CzYiVsWx5jUs-<br \/>\nILPfRlDIARXquxc7Xtu1NBXrSFHjX8\/viewform?edit_requested=true<\/p>\n<p>https:\/\/fade.org.br\/wp-content\/uploads\/2022\/05\/Edital-050_2022.pdf<\/p>\n","protected":false},"excerpt":{"rendered":"<p>Est\u00e3o abertas as inscri\u00e7\u00f5es para o Processo Seletivo de Cadastro Reserva para atua\u00e7\u00e3o no Projeto RE-Habitar Ararinha-azul, executado pelo N\u00facleo de Ecologia e Monitoramento Ambiental (NEMA) da Universidade Federal do Vale do S\u00e3o Francisco (UNIVASF) juntamente com a Funda\u00e7\u00e3o de Apoio ao Desenvolvimento da Universidade Federal de Pernambuco (FADE-UFPE). No total, s\u00e3o disponibilizadas duas vagas de analistas ambientais para execu\u00e7\u00e3o de atividades em campo, em Cura\u00e7\u00e1 (BA). As inscri\u00e7\u00f5es ocorrem at\u00e9 o dia 15 deste m\u00eas. Podem se candidatar profissionais com diploma ou certificado de gradua\u00e7\u00e3o em Ecologia, Agronomia, Engenharia Ambiental ou Engenharia Florestal em Institui\u00e7\u00e3o de Ensino reconhecida pelo Minist\u00e9rio da Educa\u00e7\u00e3o. \u00c9 necess\u00e1rio ter disponibilidade para viajar e embarcar, possuir CNH categoria \u201cB\u201d e residir em Cura\u00e7\u00e1 (BA).&hellip; <\/p>\n","protected":false},"author":2,"featured_media":312636,"comment_status":"open","ping_status":"open","sticky":false,"template":"","format":"standard","meta":{"_acf_changed":false,"footnotes":""},"categories":[29],"tags":[],"class_list":["post-312635","post","type-post","status-publish","format-standard","has-post-thumbnail","hentry","category-meio-ambiente"],"acf":[],"yoast_head":"<!-- This site is optimized with the Yoast SEO plugin v27.4 - https:\/\/yoast.com\/product\/yoast-seo-wordpress\/ -->\n<title>Projeto RE-Habitar Ararinha-azul do NEMA UNIVASF e FADE-UFPE est\u00e1 com inscri\u00e7\u00f5es abertas para cadastro reserva de analistas ambientais - Blog do Farn\u00e9sio<\/title>\n<meta name=\"robots\" content=\"index, follow, max-snippet:-1, max-image-preview:large, max-video-preview:-1\" \/>\n<link rel=\"canonical\" href=\"https:\/\/blogdofarnesio.com.br\/?p=312635\" \/>\n<meta property=\"og:locale\" content=\"pt_BR\" \/>\n<meta property=\"og:type\" content=\"article\" \/>\n<meta property=\"og:title\" content=\"Projeto RE-Habitar Ararinha-azul do NEMA UNIVASF e FADE-UFPE est\u00e1 com inscri\u00e7\u00f5es abertas para cadastro reserva de analistas ambientais - Blog do Farn\u00e9sio\" \/>\n<meta property=\"og:description\" content=\"Est\u00e3o abertas as inscri\u00e7\u00f5es para o Processo Seletivo de Cadastro Reserva para atua\u00e7\u00e3o no Projeto RE-Habitar Ararinha-azul, executado pelo N\u00facleo de Ecologia e Monitoramento Ambiental (NEMA) da Universidade Federal do Vale do S\u00e3o Francisco (UNIVASF) juntamente com a Funda\u00e7\u00e3o de Apoio ao Desenvolvimento da Universidade Federal de Pernambuco (FADE-UFPE). No total, s\u00e3o disponibilizadas duas vagas de analistas ambientais para execu\u00e7\u00e3o de atividades em campo, em Cura\u00e7\u00e1 (BA). As inscri\u00e7\u00f5es ocorrem at\u00e9 o dia 15 deste m\u00eas. Podem se candidatar profissionais com diploma ou certificado de gradua\u00e7\u00e3o em Ecologia, Agronomia, Engenharia Ambiental ou Engenharia Florestal em Institui\u00e7\u00e3o de Ensino reconhecida pelo Minist\u00e9rio da Educa\u00e7\u00e3o. \u00c9 necess\u00e1rio ter disponibilidade para viajar e embarcar, possuir CNH categoria \u201cB\u201d e residir em Cura\u00e7\u00e1 (BA).&hellip;\" \/>\n<meta property=\"og:url\" content=\"https:\/\/blogdofarnesio.com.br\/?p=312635\" \/>\n<meta property=\"og:site_name\" content=\"Blog do Farn\u00e9sio\" \/>\n<meta property=\"article:publisher\" content=\"https:\/\/www.facebook.com\/BlogQuerSaberPolitica\/\" \/>\n<meta property=\"article:author\" content=\"https:\/\/www.facebook.com\/?ref=tn_tnmn\" \/>\n<meta property=\"article:published_time\" content=\"2022-05-07T12:30:53+00:00\" \/>\n<meta property=\"og:image\" content=\"https:\/\/blogdofarnesio.com.br\/wp-content\/uploads\/2022\/05\/re-habitar-analista-ambiental-e1651872263562.jpeg\" \/>\n\t<meta property=\"og:image:width\" content=\"596\" \/>\n\t<meta property=\"og:image:height\" content=\"378\" \/>\n\t<meta property=\"og:image:type\" content=\"image\/jpeg\" \/>\n<meta name=\"author\" content=\"Farn\u00e9sio\" \/>\n<meta name=\"twitter:card\" content=\"summary_large_image\" \/>\n<meta name=\"twitter:label1\" content=\"Escrito por\" \/>\n\t<meta name=\"twitter:data1\" content=\"Farn\u00e9sio\" \/>\n\t<meta name=\"twitter:label2\" content=\"Est. tempo de leitura\" \/>\n\t<meta name=\"twitter:data2\" content=\"2 minutos\" \/>\n<script type=\"application\/ld+json\" class=\"yoast-schema-graph\">{\"@context\":\"https:\\\/\\\/schema.org\",\"@graph\":[{\"@type\":\"Article\",\"@id\":\"https:\\\/\\\/blogdofarnesio.com.br\\\/?p=312635#article\",\"isPartOf\":{\"@id\":\"https:\\\/\\\/blogdofarnesio.com.br\\\/?p=312635\"},\"author\":{\"name\":\"Farn\u00e9sio\",\"@id\":\"https:\\\/\\\/blogdofarnesio.com.br\\\/#\\\/schema\\\/person\\\/bb9b23ae3ad0609ce8df7b6c9e76824d\"},\"headline\":\"Projeto RE-Habitar Ararinha-azul do NEMA UNIVASF e FADE-UFPE est\u00e1 com inscri\u00e7\u00f5es abertas para cadastro reserva de analistas ambientais\",\"datePublished\":\"2022-05-07T12:30:53+00:00\",\"mainEntityOfPage\":{\"@id\":\"https:\\\/\\\/blogdofarnesio.com.br\\\/?p=312635\"},\"wordCount\":268,\"commentCount\":0,\"publisher\":{\"@id\":\"https:\\\/\\\/blogdofarnesio.com.br\\\/#organization\"},\"image\":{\"@id\":\"https:\\\/\\\/blogdofarnesio.com.br\\\/?p=312635#primaryimage\"},\"thumbnailUrl\":\"https:\\\/\\\/blogdofarnesio.com.br\\\/wp-content\\\/uploads\\\/2022\\\/05\\\/re-habitar-analista-ambiental-e1651872263562.jpeg\",\"articleSection\":[\"Meio Ambiente\"],\"inLanguage\":\"pt-BR\",\"potentialAction\":[{\"@type\":\"CommentAction\",\"name\":\"Comment\",\"target\":[\"https:\\\/\\\/blogdofarnesio.com.br\\\/?p=312635#respond\"]}]},{\"@type\":\"WebPage\",\"@id\":\"https:\\\/\\\/blogdofarnesio.com.br\\\/?p=312635\",\"url\":\"https:\\\/\\\/blogdofarnesio.com.br\\\/?p=312635\",\"name\":\"Projeto RE-Habitar Ararinha-azul do NEMA UNIVASF e FADE-UFPE est\u00e1 com inscri\u00e7\u00f5es abertas para cadastro reserva de analistas ambientais - Blog do Farn\u00e9sio\",\"isPartOf\":{\"@id\":\"https:\\\/\\\/blogdofarnesio.com.br\\\/#website\"},\"primaryImageOfPage\":{\"@id\":\"https:\\\/\\\/blogdofarnesio.com.br\\\/?p=312635#primaryimage\"},\"image\":{\"@id\":\"https:\\\/\\\/blogdofarnesio.com.br\\\/?p=312635#primaryimage\"},\"thumbnailUrl\":\"https:\\\/\\\/blogdofarnesio.com.br\\\/wp-content\\\/uploads\\\/2022\\\/05\\\/re-habitar-analista-ambiental-e1651872263562.jpeg\",\"datePublished\":\"2022-05-07T12:30:53+00:00\",\"breadcrumb\":{\"@id\":\"https:\\\/\\\/blogdofarnesio.com.br\\\/?p=312635#breadcrumb\"},\"inLanguage\":\"pt-BR\",\"potentialAction\":[{\"@type\":\"ReadAction\",\"target\":[\"https:\\\/\\\/blogdofarnesio.com.br\\\/?p=312635\"]}]},{\"@type\":\"ImageObject\",\"inLanguage\":\"pt-BR\",\"@id\":\"https:\\\/\\\/blogdofarnesio.com.br\\\/?p=312635#primaryimage\",\"url\":\"https:\\\/\\\/blogdofarnesio.com.br\\\/wp-content\\\/uploads\\\/2022\\\/05\\\/re-habitar-analista-ambiental-e1651872263562.jpeg\",\"contentUrl\":\"https:\\\/\\\/blogdofarnesio.com.br\\\/wp-content\\\/uploads\\\/2022\\\/05\\\/re-habitar-analista-ambiental-e1651872263562.jpeg\",\"width\":596,\"height\":378},{\"@type\":\"BreadcrumbList\",\"@id\":\"https:\\\/\\\/blogdofarnesio.com.br\\\/?p=312635#breadcrumb\",\"itemListElement\":[{\"@type\":\"ListItem\",\"position\":1,\"name\":\"In\u00edcio\",\"item\":\"https:\\\/\\\/blogdofarnesio.com.br\\\/\"},{\"@type\":\"ListItem\",\"position\":2,\"name\":\"Projeto RE-Habitar Ararinha-azul do NEMA UNIVASF e FADE-UFPE est\u00e1 com inscri\u00e7\u00f5es abertas para cadastro reserva de analistas ambientais\"}]},{\"@type\":\"WebSite\",\"@id\":\"https:\\\/\\\/blogdofarnesio.com.br\\\/#website\",\"url\":\"https:\\\/\\\/blogdofarnesio.com.br\\\/\",\"name\":\"Blog do Farn\u00e9sio\",\"description\":\"Quer Saber Pol\u00edtica?\",\"publisher\":{\"@id\":\"https:\\\/\\\/blogdofarnesio.com.br\\\/#organization\"},\"potentialAction\":[{\"@type\":\"SearchAction\",\"target\":{\"@type\":\"EntryPoint\",\"urlTemplate\":\"https:\\\/\\\/blogdofarnesio.com.br\\\/?s={search_term_string}\"},\"query-input\":{\"@type\":\"PropertyValueSpecification\",\"valueRequired\":true,\"valueName\":\"search_term_string\"}}],\"inLanguage\":\"pt-BR\"},{\"@type\":\"Organization\",\"@id\":\"https:\\\/\\\/blogdofarnesio.com.br\\\/#organization\",\"name\":\"Blog do Farn\u00e9sio\",\"url\":\"https:\\\/\\\/blogdofarnesio.com.br\\\/\",\"logo\":{\"@type\":\"ImageObject\",\"inLanguage\":\"pt-BR\",\"@id\":\"https:\\\/\\\/blogdofarnesio.com.br\\\/#\\\/schema\\\/logo\\\/image\\\/\",\"url\":\"https:\\\/\\\/blogdofarnesio.com.br\\\/wp-content\\\/uploads\\\/2026\\\/03\\\/cropped-logo_new-1.png\",\"contentUrl\":\"https:\\\/\\\/blogdofarnesio.com.br\\\/wp-content\\\/uploads\\\/2026\\\/03\\\/cropped-logo_new-1.png\",\"width\":881,\"height\":685,\"caption\":\"Blog do Farn\u00e9sio\"},\"image\":{\"@id\":\"https:\\\/\\\/blogdofarnesio.com.br\\\/#\\\/schema\\\/logo\\\/image\\\/\"},\"sameAs\":[\"https:\\\/\\\/www.facebook.com\\\/BlogQuerSaberPolitica\\\/\"]},{\"@type\":\"Person\",\"@id\":\"https:\\\/\\\/blogdofarnesio.com.br\\\/#\\\/schema\\\/person\\\/bb9b23ae3ad0609ce8df7b6c9e76824d\",\"name\":\"Farn\u00e9sio\",\"image\":{\"@type\":\"ImageObject\",\"inLanguage\":\"pt-BR\",\"@id\":\"https:\\\/\\\/secure.gravatar.com\\\/avatar\\\/986aa4c61ccdb66f8555bf88fc2a65609d00bcabd4d2d94377a727547345cbca?s=96&d=mm&r=g\",\"url\":\"https:\\\/\\\/secure.gravatar.com\\\/avatar\\\/986aa4c61ccdb66f8555bf88fc2a65609d00bcabd4d2d94377a727547345cbca?s=96&d=mm&r=g\",\"contentUrl\":\"https:\\\/\\\/secure.gravatar.com\\\/avatar\\\/986aa4c61ccdb66f8555bf88fc2a65609d00bcabd4d2d94377a727547345cbca?s=96&d=mm&r=g\",\"caption\":\"Farn\u00e9sio\"},\"description\":\"Radialista blogueiro, chegou a Petrolina\\\/Juazeiro em setembro de 1980, Farn\u00e9sio Silva \u00e9 de Arapiraca-Alagoas.\",\"sameAs\":[\"http:\\\/\\\/blogdofarnesio.com.br\",\"https:\\\/\\\/www.facebook.com\\\/?ref=tn_tnmn\",\"https:\\\/\\\/www.instagram.com\\\/?utm_source=pwa_homescreen\",\"https:\\\/\\\/youtube.com.br\\\/\"],\"url\":\"https:\\\/\\\/blogdofarnesio.com.br\\\/?author=2\"}]}<\/script>\n<!-- \/ Yoast SEO plugin. -->","yoast_head_json":{"title":"Projeto RE-Habitar Ararinha-azul do NEMA UNIVASF e FADE-UFPE est\u00e1 com inscri\u00e7\u00f5es abertas para cadastro reserva de analistas ambientais - Blog do Farn\u00e9sio","robots":{"index":"index","follow":"follow","max-snippet":"max-snippet:-1","max-image-preview":"max-image-preview:large","max-video-preview":"max-video-preview:-1"},"canonical":"https:\/\/blogdofarnesio.com.br\/?p=312635","og_locale":"pt_BR","og_type":"article","og_title":"Projeto RE-Habitar Ararinha-azul do NEMA UNIVASF e FADE-UFPE est\u00e1 com inscri\u00e7\u00f5es abertas para cadastro reserva de analistas ambientais - Blog do Farn\u00e9sio","og_description":"Est\u00e3o abertas as inscri\u00e7\u00f5es para o Processo Seletivo de Cadastro Reserva para atua\u00e7\u00e3o no Projeto RE-Habitar Ararinha-azul, executado pelo N\u00facleo de Ecologia e Monitoramento Ambiental (NEMA) da Universidade Federal do Vale do S\u00e3o Francisco (UNIVASF) juntamente com a Funda\u00e7\u00e3o de Apoio ao Desenvolvimento da Universidade Federal de Pernambuco (FADE-UFPE). No total, s\u00e3o disponibilizadas duas vagas de analistas ambientais para execu\u00e7\u00e3o de atividades em campo, em Cura\u00e7\u00e1 (BA). As inscri\u00e7\u00f5es ocorrem at\u00e9 o dia 15 deste m\u00eas. Podem se candidatar profissionais com diploma ou certificado de gradua\u00e7\u00e3o em Ecologia, Agronomia, Engenharia Ambiental ou Engenharia Florestal em Institui\u00e7\u00e3o de Ensino reconhecida pelo Minist\u00e9rio da Educa\u00e7\u00e3o. \u00c9 necess\u00e1rio ter disponibilidade para viajar e embarcar, possuir CNH categoria \u201cB\u201d e residir em Cura\u00e7\u00e1 (BA).&hellip;","og_url":"https:\/\/blogdofarnesio.com.br\/?p=312635","og_site_name":"Blog do Farn\u00e9sio","article_publisher":"https:\/\/www.facebook.com\/BlogQuerSaberPolitica\/","article_author":"https:\/\/www.facebook.com\/?ref=tn_tnmn","article_published_time":"2022-05-07T12:30:53+00:00","og_image":[{"width":596,"height":378,"url":"https:\/\/blogdofarnesio.com.br\/wp-content\/uploads\/2022\/05\/re-habitar-analista-ambiental-e1651872263562.jpeg","type":"image\/jpeg"}],"author":"Farn\u00e9sio","twitter_card":"summary_large_image","twitter_misc":{"Escrito por":"Farn\u00e9sio","Est. tempo de leitura":"2 minutos"},"schema":{"@context":"https:\/\/schema.org","@graph":[{"@type":"Article","@id":"https:\/\/blogdofarnesio.com.br\/?p=312635#article","isPartOf":{"@id":"https:\/\/blogdofarnesio.com.br\/?p=312635"},"author":{"name":"Farn\u00e9sio","@id":"https:\/\/blogdofarnesio.com.br\/#\/schema\/person\/bb9b23ae3ad0609ce8df7b6c9e76824d"},"headline":"Projeto RE-Habitar Ararinha-azul do NEMA UNIVASF e FADE-UFPE est\u00e1 com inscri\u00e7\u00f5es abertas para cadastro reserva de analistas ambientais","datePublished":"2022-05-07T12:30:53+00:00","mainEntityOfPage":{"@id":"https:\/\/blogdofarnesio.com.br\/?p=312635"},"wordCount":268,"commentCount":0,"publisher":{"@id":"https:\/\/blogdofarnesio.com.br\/#organization"},"image":{"@id":"https:\/\/blogdofarnesio.com.br\/?p=312635#primaryimage"},"thumbnailUrl":"https:\/\/blogdofarnesio.com.br\/wp-content\/uploads\/2022\/05\/re-habitar-analista-ambiental-e1651872263562.jpeg","articleSection":["Meio Ambiente"],"inLanguage":"pt-BR","potentialAction":[{"@type":"CommentAction","name":"Comment","target":["https:\/\/blogdofarnesio.com.br\/?p=312635#respond"]}]},{"@type":"WebPage","@id":"https:\/\/blogdofarnesio.com.br\/?p=312635","url":"https:\/\/blogdofarnesio.com.br\/?p=312635","name":"Projeto RE-Habitar Ararinha-azul do NEMA UNIVASF e FADE-UFPE est\u00e1 com inscri\u00e7\u00f5es abertas para cadastro reserva de analistas ambientais - Blog do Farn\u00e9sio","isPartOf":{"@id":"https:\/\/blogdofarnesio.com.br\/#website"},"primaryImageOfPage":{"@id":"https:\/\/blogdofarnesio.com.br\/?p=312635#primaryimage"},"image":{"@id":"https:\/\/blogdofarnesio.com.br\/?p=312635#primaryimage"},"thumbnailUrl":"https:\/\/blogdofarnesio.com.br\/wp-content\/uploads\/2022\/05\/re-habitar-analista-ambiental-e1651872263562.jpeg","datePublished":"2022-05-07T12:30:53+00:00","breadcrumb":{"@id":"https:\/\/blogdofarnesio.com.br\/?p=312635#breadcrumb"},"inLanguage":"pt-BR","potentialAction":[{"@type":"ReadAction","target":["https:\/\/blogdofarnesio.com.br\/?p=312635"]}]},{"@type":"ImageObject","inLanguage":"pt-BR","@id":"https:\/\/blogdofarnesio.com.br\/?p=312635#primaryimage","url":"https:\/\/blogdofarnesio.com.br\/wp-content\/uploads\/2022\/05\/re-habitar-analista-ambiental-e1651872263562.jpeg","contentUrl":"https:\/\/blogdofarnesio.com.br\/wp-content\/uploads\/2022\/05\/re-habitar-analista-ambiental-e1651872263562.jpeg","width":596,"height":378},{"@type":"BreadcrumbList","@id":"https:\/\/blogdofarnesio.com.br\/?p=312635#breadcrumb","itemListElement":[{"@type":"ListItem","position":1,"name":"In\u00edcio","item":"https:\/\/blogdofarnesio.com.br\/"},{"@type":"ListItem","position":2,"name":"Projeto RE-Habitar Ararinha-azul do NEMA UNIVASF e FADE-UFPE est\u00e1 com inscri\u00e7\u00f5es abertas para cadastro reserva de analistas ambientais"}]},{"@type":"WebSite","@id":"https:\/\/blogdofarnesio.com.br\/#website","url":"https:\/\/blogdofarnesio.com.br\/","name":"Blog do Farn\u00e9sio","description":"Quer Saber Pol\u00edtica?","publisher":{"@id":"https:\/\/blogdofarnesio.com.br\/#organization"},"potentialAction":[{"@type":"SearchAction","target":{"@type":"EntryPoint","urlTemplate":"https:\/\/blogdofarnesio.com.br\/?s={search_term_string}"},"query-input":{"@type":"PropertyValueSpecification","valueRequired":true,"valueName":"search_term_string"}}],"inLanguage":"pt-BR"},{"@type":"Organization","@id":"https:\/\/blogdofarnesio.com.br\/#organization","name":"Blog do Farn\u00e9sio","url":"https:\/\/blogdofarnesio.com.br\/","logo":{"@type":"ImageObject","inLanguage":"pt-BR","@id":"https:\/\/blogdofarnesio.com.br\/#\/schema\/logo\/image\/","url":"https:\/\/blogdofarnesio.com.br\/wp-content\/uploads\/2026\/03\/cropped-logo_new-1.png","contentUrl":"https:\/\/blogdofarnesio.com.br\/wp-content\/uploads\/2026\/03\/cropped-logo_new-1.png","width":881,"height":685,"caption":"Blog do Farn\u00e9sio"},"image":{"@id":"https:\/\/blogdofarnesio.com.br\/#\/schema\/logo\/image\/"},"sameAs":["https:\/\/www.facebook.com\/BlogQuerSaberPolitica\/"]},{"@type":"Person","@id":"https:\/\/blogdofarnesio.com.br\/#\/schema\/person\/bb9b23ae3ad0609ce8df7b6c9e76824d","name":"Farn\u00e9sio","image":{"@type":"ImageObject","inLanguage":"pt-BR","@id":"https:\/\/secure.gravatar.com\/avatar\/986aa4c61ccdb66f8555bf88fc2a65609d00bcabd4d2d94377a727547345cbca?s=96&d=mm&r=g","url":"https:\/\/secure.gravatar.com\/avatar\/986aa4c61ccdb66f8555bf88fc2a65609d00bcabd4d2d94377a727547345cbca?s=96&d=mm&r=g","contentUrl":"https:\/\/secure.gravatar.com\/avatar\/986aa4c61ccdb66f8555bf88fc2a65609d00bcabd4d2d94377a727547345cbca?s=96&d=mm&r=g","caption":"Farn\u00e9sio"},"description":"Radialista blogueiro, chegou a Petrolina\/Juazeiro em setembro de 1980, Farn\u00e9sio Silva \u00e9 de Arapiraca-Alagoas.","sameAs":["http:\/\/blogdofarnesio.com.br","https:\/\/www.facebook.com\/?ref=tn_tnmn","https:\/\/www.instagram.com\/?utm_source=pwa_homescreen","https:\/\/youtube.com.br\/"],"url":"https:\/\/blogdofarnesio.com.br\/?author=2"}]}},"_links":{"self":[{"href":"https:\/\/blogdofarnesio.com.br\/index.php?rest_route=\/wp\/v2\/posts\/312635","targetHints":{"allow":["GET"]}}],"collection":[{"href":"https:\/\/blogdofarnesio.com.br\/index.php?rest_route=\/wp\/v2\/posts"}],"about":[{"href":"https:\/\/blogdofarnesio.com.br\/index.php?rest_route=\/wp\/v2\/types\/post"}],"author":[{"embeddable":true,"href":"https:\/\/blogdofarnesio.com.br\/index.php?rest_route=\/wp\/v2\/users\/2"}],"replies":[{"embeddable":true,"href":"https:\/\/blogdofarnesio.com.br\/index.php?rest_route=%2Fwp%2Fv2%2Fcomments&post=312635"}],"version-history":[{"count":0,"href":"https:\/\/blogdofarnesio.com.br\/index.php?rest_route=\/wp\/v2\/posts\/312635\/revisions"}],"wp:featuredmedia":[{"embeddable":true,"href":"https:\/\/blogdofarnesio.com.br\/index.php?rest_route=\/wp\/v2\/media\/312636"}],"wp:attachment":[{"href":"https:\/\/blogdofarnesio.com.br\/index.php?rest_route=%2Fwp%2Fv2%2Fmedia&parent=312635"}],"wp:term":[{"taxonomy":"category","embeddable":true,"href":"https:\/\/blogdofarnesio.com.br\/index.php?rest_route=%2Fwp%2Fv2%2Fcategories&post=312635"},{"taxonomy":"post_tag","embeddable":true,"href":"https:\/\/blogdofarnesio.com.br\/index.php?rest_route=%2Fwp%2Fv2%2Ftags&post=312635"}],"curies":[{"name":"wp","href":"https:\/\/api.w.org\/{rel}","templated":true}]}}