{"id":312632,"date":"2022-05-07T09:00:13","date_gmt":"2022-05-07T12:00:13","guid":{"rendered":"https:\/\/blogdofarnesio.com.br\/?p=312632"},"modified":"2022-05-06T18:21:41","modified_gmt":"2022-05-06T21:21:41","slug":"prefeitura-de-petrolina-apresenta-plano-de-estrutura-para-o-sao-joao-2022","status":"publish","type":"post","link":"https:\/\/blogdofarnesio.com.br\/?p=312632","title":{"rendered":"Prefeitura de Petrolina apresenta plano de estrutura para o S\u00e3o Jo\u00e3o 2022"},"content":{"rendered":"<p style=\"font-weight: 400;\">Nesta sexta-feira (6), o secret\u00e1rio de Desenvolvimento Econ\u00f4mico e Turismo (SEDETUR) de Petrolina, Jorge Assun\u00e7\u00e3o, apresentou o plano de estrutura para o melhor S\u00e3o Jo\u00e3o do Brasil. O ciclo junino, que tem in\u00edcio no dia 20, contar\u00e1 com esquema especial nas \u00e1reas de transporte, infraestrutura e seguran\u00e7a, segmento mais abordado durante o encontro.<\/p>\n<p style=\"font-weight: 400;\">\n<p style=\"font-weight: 400;\">O secret\u00e1rio da SEDETUR ressaltou a import\u00e2ncia dos \u00f3rg\u00e3os respons\u00e1veis pela seguran\u00e7a p\u00fablica da festa trabalharem de forma integrada. \u201c<em>O apoio das for\u00e7as de seguran\u00e7a \u00e9 essencial. A sensibilidade da Pol\u00edcia Militar, dos Bombeiros, da Pol\u00edcia Civil, da PRF, da nossa Guarda Municipal, da AMMPLA, e de todas as secretarias municipais envolvidas \u00e9 muito importante. Com o apoio de todos, sem d\u00favida alguma vamos nos orgulhar de fazer, este ano, mais uma edi\u00e7\u00e3o do melhor e maior S\u00e3o Jo\u00e3o do Brasil&#8221;<\/em>, declarou Jorge Assun\u00e7\u00e3o.<\/p>\n<p style=\"font-weight: 400;\">\n<p style=\"font-weight: 400;\">Participaram da reuni\u00e3o os comandantes e majores do 2\u00b0 Biesp e 5\u00ba BPM, da Pol\u00edcia Militar; representantes da Pol\u00edcia Rodovi\u00e1ria Federal; Pol\u00edcia Civil; da Vara da Inf\u00e2ncia e Juventude; Vigil\u00e2ncia Sanit\u00e1ria; Guarda Civil Municipal; Disciplinamento Urbano; Ag\u00eancia Municipal de Meio Ambiente (AMMA); Associa\u00e7\u00e3o dos Barraqueiros e Ambulantes do Vale do S\u00e3o Francisco; Autarquia Municipal de Mobilidade (AMMPLA); Secretarias de Comunica\u00e7\u00e3o, Sa\u00fade, Educa\u00e7\u00e3o, Cultura e Esportes, Infraestrutura e Mobilidade; Desenvolvimento Social e Direitos Humanos.<\/p>\n<p style=\"font-weight: 400;\"><strong>\u00a0<\/strong><\/p>\n<p style=\"font-weight: 400;\">Fotos: Prefeitura de Petrolina<\/p>\n<p style=\"font-weight: 400;\">Luzete Nobre &#8211; Assessora de Desenvolvimento Econ\u00f4mico e Turismo<\/p>\n","protected":false},"excerpt":{"rendered":"<p>Nesta sexta-feira (6), o secret\u00e1rio de Desenvolvimento Econ\u00f4mico e Turismo (SEDETUR) de Petrolina, Jorge Assun\u00e7\u00e3o, apresentou o plano de estrutura para o melhor S\u00e3o Jo\u00e3o do Brasil. O ciclo junino, que tem in\u00edcio no dia 20, contar\u00e1 com esquema especial nas \u00e1reas de transporte, infraestrutura e seguran\u00e7a, segmento mais abordado durante o encontro. O secret\u00e1rio da SEDETUR ressaltou a import\u00e2ncia dos \u00f3rg\u00e3os respons\u00e1veis pela seguran\u00e7a p\u00fablica da festa trabalharem de forma integrada. \u201cO apoio das for\u00e7as de seguran\u00e7a \u00e9 essencial. A sensibilidade da Pol\u00edcia Militar, dos Bombeiros, da Pol\u00edcia Civil, da PRF, da nossa Guarda Municipal, da AMMPLA, e de todas as secretarias municipais envolvidas \u00e9 muito importante. Com o apoio de todos, sem d\u00favida alguma vamos nos orgulhar de&hellip; <\/p>\n","protected":false},"author":2,"featured_media":312633,"comment_status":"open","ping_status":"open","sticky":false,"template":"","format":"standard","meta":{"_acf_changed":false,"footnotes":""},"categories":[44],"tags":[],"class_list":["post-312632","post","type-post","status-publish","format-standard","has-post-thumbnail","hentry","category-administracao"],"acf":[],"yoast_head":"<!-- This site is optimized with the Yoast SEO plugin v27.4 - https:\/\/yoast.com\/product\/yoast-seo-wordpress\/ -->\n<title>Prefeitura de Petrolina apresenta plano de estrutura para o S\u00e3o Jo\u00e3o 2022 - Blog do Farn\u00e9sio<\/title>\n<meta name=\"robots\" content=\"index, follow, max-snippet:-1, max-image-preview:large, max-video-preview:-1\" \/>\n<link rel=\"canonical\" href=\"https:\/\/blogdofarnesio.com.br\/?p=312632\" \/>\n<meta property=\"og:locale\" content=\"pt_BR\" \/>\n<meta property=\"og:type\" content=\"article\" \/>\n<meta property=\"og:title\" content=\"Prefeitura de Petrolina apresenta plano de estrutura para o S\u00e3o Jo\u00e3o 2022 - Blog do Farn\u00e9sio\" \/>\n<meta property=\"og:description\" content=\"Nesta sexta-feira (6), o secret\u00e1rio de Desenvolvimento Econ\u00f4mico e Turismo (SEDETUR) de Petrolina, Jorge Assun\u00e7\u00e3o, apresentou o plano de estrutura para o melhor S\u00e3o Jo\u00e3o do Brasil. O ciclo junino, que tem in\u00edcio no dia 20, contar\u00e1 com esquema especial nas \u00e1reas de transporte, infraestrutura e seguran\u00e7a, segmento mais abordado durante o encontro. O secret\u00e1rio da SEDETUR ressaltou a import\u00e2ncia dos \u00f3rg\u00e3os respons\u00e1veis pela seguran\u00e7a p\u00fablica da festa trabalharem de forma integrada. \u201cO apoio das for\u00e7as de seguran\u00e7a \u00e9 essencial. A sensibilidade da Pol\u00edcia Militar, dos Bombeiros, da Pol\u00edcia Civil, da PRF, da nossa Guarda Municipal, da AMMPLA, e de todas as secretarias municipais envolvidas \u00e9 muito importante. Com o apoio de todos, sem d\u00favida alguma vamos nos orgulhar de&hellip;\" \/>\n<meta property=\"og:url\" content=\"https:\/\/blogdofarnesio.com.br\/?p=312632\" \/>\n<meta property=\"og:site_name\" content=\"Blog do Farn\u00e9sio\" \/>\n<meta property=\"article:publisher\" content=\"https:\/\/www.facebook.com\/BlogQuerSaberPolitica\/\" \/>\n<meta property=\"article:author\" content=\"https:\/\/www.facebook.com\/?ref=tn_tnmn\" \/>\n<meta property=\"article:published_time\" content=\"2022-05-07T12:00:13+00:00\" \/>\n<meta property=\"og:image\" content=\"https:\/\/blogdofarnesio.com.br\/wp-content\/uploads\/2022\/05\/REUNIAO-SAO-JOAO-PMP-3-e1651872073943.jpeg\" \/>\n\t<meta property=\"og:image:width\" content=\"600\" \/>\n\t<meta property=\"og:image:height\" content=\"367\" \/>\n\t<meta property=\"og:image:type\" content=\"image\/jpeg\" \/>\n<meta name=\"author\" content=\"Farn\u00e9sio\" \/>\n<meta name=\"twitter:card\" content=\"summary_large_image\" \/>\n<meta name=\"twitter:label1\" content=\"Escrito por\" \/>\n\t<meta name=\"twitter:data1\" content=\"Farn\u00e9sio\" \/>\n\t<meta name=\"twitter:label2\" content=\"Est. tempo de leitura\" \/>\n\t<meta name=\"twitter:data2\" content=\"2 minutos\" \/>\n<script type=\"application\/ld+json\" class=\"yoast-schema-graph\">{\"@context\":\"https:\\\/\\\/schema.org\",\"@graph\":[{\"@type\":\"Article\",\"@id\":\"https:\\\/\\\/blogdofarnesio.com.br\\\/?p=312632#article\",\"isPartOf\":{\"@id\":\"https:\\\/\\\/blogdofarnesio.com.br\\\/?p=312632\"},\"author\":{\"name\":\"Farn\u00e9sio\",\"@id\":\"https:\\\/\\\/blogdofarnesio.com.br\\\/#\\\/schema\\\/person\\\/bb9b23ae3ad0609ce8df7b6c9e76824d\"},\"headline\":\"Prefeitura de Petrolina apresenta plano de estrutura para o S\u00e3o Jo\u00e3o 2022\",\"datePublished\":\"2022-05-07T12:00:13+00:00\",\"mainEntityOfPage\":{\"@id\":\"https:\\\/\\\/blogdofarnesio.com.br\\\/?p=312632\"},\"wordCount\":267,\"commentCount\":0,\"publisher\":{\"@id\":\"https:\\\/\\\/blogdofarnesio.com.br\\\/#organization\"},\"image\":{\"@id\":\"https:\\\/\\\/blogdofarnesio.com.br\\\/?p=312632#primaryimage\"},\"thumbnailUrl\":\"https:\\\/\\\/blogdofarnesio.com.br\\\/wp-content\\\/uploads\\\/2022\\\/05\\\/REUNIAO-SAO-JOAO-PMP-3-e1651872073943.jpeg\",\"articleSection\":[\"Administra\u00e7\u00e3o\"],\"inLanguage\":\"pt-BR\",\"potentialAction\":[{\"@type\":\"CommentAction\",\"name\":\"Comment\",\"target\":[\"https:\\\/\\\/blogdofarnesio.com.br\\\/?p=312632#respond\"]}]},{\"@type\":\"WebPage\",\"@id\":\"https:\\\/\\\/blogdofarnesio.com.br\\\/?p=312632\",\"url\":\"https:\\\/\\\/blogdofarnesio.com.br\\\/?p=312632\",\"name\":\"Prefeitura de Petrolina apresenta plano de estrutura para o S\u00e3o Jo\u00e3o 2022 - Blog do Farn\u00e9sio\",\"isPartOf\":{\"@id\":\"https:\\\/\\\/blogdofarnesio.com.br\\\/#website\"},\"primaryImageOfPage\":{\"@id\":\"https:\\\/\\\/blogdofarnesio.com.br\\\/?p=312632#primaryimage\"},\"image\":{\"@id\":\"https:\\\/\\\/blogdofarnesio.com.br\\\/?p=312632#primaryimage\"},\"thumbnailUrl\":\"https:\\\/\\\/blogdofarnesio.com.br\\\/wp-content\\\/uploads\\\/2022\\\/05\\\/REUNIAO-SAO-JOAO-PMP-3-e1651872073943.jpeg\",\"datePublished\":\"2022-05-07T12:00:13+00:00\",\"breadcrumb\":{\"@id\":\"https:\\\/\\\/blogdofarnesio.com.br\\\/?p=312632#breadcrumb\"},\"inLanguage\":\"pt-BR\",\"potentialAction\":[{\"@type\":\"ReadAction\",\"target\":[\"https:\\\/\\\/blogdofarnesio.com.br\\\/?p=312632\"]}]},{\"@type\":\"ImageObject\",\"inLanguage\":\"pt-BR\",\"@id\":\"https:\\\/\\\/blogdofarnesio.com.br\\\/?p=312632#primaryimage\",\"url\":\"https:\\\/\\\/blogdofarnesio.com.br\\\/wp-content\\\/uploads\\\/2022\\\/05\\\/REUNIAO-SAO-JOAO-PMP-3-e1651872073943.jpeg\",\"contentUrl\":\"https:\\\/\\\/blogdofarnesio.com.br\\\/wp-content\\\/uploads\\\/2022\\\/05\\\/REUNIAO-SAO-JOAO-PMP-3-e1651872073943.jpeg\",\"width\":600,\"height\":367},{\"@type\":\"BreadcrumbList\",\"@id\":\"https:\\\/\\\/blogdofarnesio.com.br\\\/?p=312632#breadcrumb\",\"itemListElement\":[{\"@type\":\"ListItem\",\"position\":1,\"name\":\"In\u00edcio\",\"item\":\"https:\\\/\\\/blogdofarnesio.com.br\\\/\"},{\"@type\":\"ListItem\",\"position\":2,\"name\":\"Prefeitura de Petrolina apresenta plano de estrutura para o S\u00e3o Jo\u00e3o 2022\"}]},{\"@type\":\"WebSite\",\"@id\":\"https:\\\/\\\/blogdofarnesio.com.br\\\/#website\",\"url\":\"https:\\\/\\\/blogdofarnesio.com.br\\\/\",\"name\":\"Blog do Farn\u00e9sio\",\"description\":\"Quer Saber Pol\u00edtica?\",\"publisher\":{\"@id\":\"https:\\\/\\\/blogdofarnesio.com.br\\\/#organization\"},\"potentialAction\":[{\"@type\":\"SearchAction\",\"target\":{\"@type\":\"EntryPoint\",\"urlTemplate\":\"https:\\\/\\\/blogdofarnesio.com.br\\\/?s={search_term_string}\"},\"query-input\":{\"@type\":\"PropertyValueSpecification\",\"valueRequired\":true,\"valueName\":\"search_term_string\"}}],\"inLanguage\":\"pt-BR\"},{\"@type\":\"Organization\",\"@id\":\"https:\\\/\\\/blogdofarnesio.com.br\\\/#organization\",\"name\":\"Blog do Farn\u00e9sio\",\"url\":\"https:\\\/\\\/blogdofarnesio.com.br\\\/\",\"logo\":{\"@type\":\"ImageObject\",\"inLanguage\":\"pt-BR\",\"@id\":\"https:\\\/\\\/blogdofarnesio.com.br\\\/#\\\/schema\\\/logo\\\/image\\\/\",\"url\":\"https:\\\/\\\/blogdofarnesio.com.br\\\/wp-content\\\/uploads\\\/2026\\\/03\\\/cropped-logo_new-1.png\",\"contentUrl\":\"https:\\\/\\\/blogdofarnesio.com.br\\\/wp-content\\\/uploads\\\/2026\\\/03\\\/cropped-logo_new-1.png\",\"width\":881,\"height\":685,\"caption\":\"Blog do Farn\u00e9sio\"},\"image\":{\"@id\":\"https:\\\/\\\/blogdofarnesio.com.br\\\/#\\\/schema\\\/logo\\\/image\\\/\"},\"sameAs\":[\"https:\\\/\\\/www.facebook.com\\\/BlogQuerSaberPolitica\\\/\"]},{\"@type\":\"Person\",\"@id\":\"https:\\\/\\\/blogdofarnesio.com.br\\\/#\\\/schema\\\/person\\\/bb9b23ae3ad0609ce8df7b6c9e76824d\",\"name\":\"Farn\u00e9sio\",\"image\":{\"@type\":\"ImageObject\",\"inLanguage\":\"pt-BR\",\"@id\":\"https:\\\/\\\/secure.gravatar.com\\\/avatar\\\/986aa4c61ccdb66f8555bf88fc2a65609d00bcabd4d2d94377a727547345cbca?s=96&d=mm&r=g\",\"url\":\"https:\\\/\\\/secure.gravatar.com\\\/avatar\\\/986aa4c61ccdb66f8555bf88fc2a65609d00bcabd4d2d94377a727547345cbca?s=96&d=mm&r=g\",\"contentUrl\":\"https:\\\/\\\/secure.gravatar.com\\\/avatar\\\/986aa4c61ccdb66f8555bf88fc2a65609d00bcabd4d2d94377a727547345cbca?s=96&d=mm&r=g\",\"caption\":\"Farn\u00e9sio\"},\"description\":\"Radialista blogueiro, chegou a Petrolina\\\/Juazeiro em setembro de 1980, Farn\u00e9sio Silva \u00e9 de Arapiraca-Alagoas.\",\"sameAs\":[\"http:\\\/\\\/blogdofarnesio.com.br\",\"https:\\\/\\\/www.facebook.com\\\/?ref=tn_tnmn\",\"https:\\\/\\\/www.instagram.com\\\/?utm_source=pwa_homescreen\",\"https:\\\/\\\/youtube.com.br\\\/\"],\"url\":\"https:\\\/\\\/blogdofarnesio.com.br\\\/?author=2\"}]}<\/script>\n<!-- \/ Yoast SEO plugin. -->","yoast_head_json":{"title":"Prefeitura de Petrolina apresenta plano de estrutura para o S\u00e3o Jo\u00e3o 2022 - Blog do Farn\u00e9sio","robots":{"index":"index","follow":"follow","max-snippet":"max-snippet:-1","max-image-preview":"max-image-preview:large","max-video-preview":"max-video-preview:-1"},"canonical":"https:\/\/blogdofarnesio.com.br\/?p=312632","og_locale":"pt_BR","og_type":"article","og_title":"Prefeitura de Petrolina apresenta plano de estrutura para o S\u00e3o Jo\u00e3o 2022 - Blog do Farn\u00e9sio","og_description":"Nesta sexta-feira (6), o secret\u00e1rio de Desenvolvimento Econ\u00f4mico e Turismo (SEDETUR) de Petrolina, Jorge Assun\u00e7\u00e3o, apresentou o plano de estrutura para o melhor S\u00e3o Jo\u00e3o do Brasil. O ciclo junino, que tem in\u00edcio no dia 20, contar\u00e1 com esquema especial nas \u00e1reas de transporte, infraestrutura e seguran\u00e7a, segmento mais abordado durante o encontro. O secret\u00e1rio da SEDETUR ressaltou a import\u00e2ncia dos \u00f3rg\u00e3os respons\u00e1veis pela seguran\u00e7a p\u00fablica da festa trabalharem de forma integrada. \u201cO apoio das for\u00e7as de seguran\u00e7a \u00e9 essencial. A sensibilidade da Pol\u00edcia Militar, dos Bombeiros, da Pol\u00edcia Civil, da PRF, da nossa Guarda Municipal, da AMMPLA, e de todas as secretarias municipais envolvidas \u00e9 muito importante. Com o apoio de todos, sem d\u00favida alguma vamos nos orgulhar de&hellip;","og_url":"https:\/\/blogdofarnesio.com.br\/?p=312632","og_site_name":"Blog do Farn\u00e9sio","article_publisher":"https:\/\/www.facebook.com\/BlogQuerSaberPolitica\/","article_author":"https:\/\/www.facebook.com\/?ref=tn_tnmn","article_published_time":"2022-05-07T12:00:13+00:00","og_image":[{"width":600,"height":367,"url":"https:\/\/blogdofarnesio.com.br\/wp-content\/uploads\/2022\/05\/REUNIAO-SAO-JOAO-PMP-3-e1651872073943.jpeg","type":"image\/jpeg"}],"author":"Farn\u00e9sio","twitter_card":"summary_large_image","twitter_misc":{"Escrito por":"Farn\u00e9sio","Est. tempo de leitura":"2 minutos"},"schema":{"@context":"https:\/\/schema.org","@graph":[{"@type":"Article","@id":"https:\/\/blogdofarnesio.com.br\/?p=312632#article","isPartOf":{"@id":"https:\/\/blogdofarnesio.com.br\/?p=312632"},"author":{"name":"Farn\u00e9sio","@id":"https:\/\/blogdofarnesio.com.br\/#\/schema\/person\/bb9b23ae3ad0609ce8df7b6c9e76824d"},"headline":"Prefeitura de Petrolina apresenta plano de estrutura para o S\u00e3o Jo\u00e3o 2022","datePublished":"2022-05-07T12:00:13+00:00","mainEntityOfPage":{"@id":"https:\/\/blogdofarnesio.com.br\/?p=312632"},"wordCount":267,"commentCount":0,"publisher":{"@id":"https:\/\/blogdofarnesio.com.br\/#organization"},"image":{"@id":"https:\/\/blogdofarnesio.com.br\/?p=312632#primaryimage"},"thumbnailUrl":"https:\/\/blogdofarnesio.com.br\/wp-content\/uploads\/2022\/05\/REUNIAO-SAO-JOAO-PMP-3-e1651872073943.jpeg","articleSection":["Administra\u00e7\u00e3o"],"inLanguage":"pt-BR","potentialAction":[{"@type":"CommentAction","name":"Comment","target":["https:\/\/blogdofarnesio.com.br\/?p=312632#respond"]}]},{"@type":"WebPage","@id":"https:\/\/blogdofarnesio.com.br\/?p=312632","url":"https:\/\/blogdofarnesio.com.br\/?p=312632","name":"Prefeitura de Petrolina apresenta plano de estrutura para o S\u00e3o Jo\u00e3o 2022 - Blog do Farn\u00e9sio","isPartOf":{"@id":"https:\/\/blogdofarnesio.com.br\/#website"},"primaryImageOfPage":{"@id":"https:\/\/blogdofarnesio.com.br\/?p=312632#primaryimage"},"image":{"@id":"https:\/\/blogdofarnesio.com.br\/?p=312632#primaryimage"},"thumbnailUrl":"https:\/\/blogdofarnesio.com.br\/wp-content\/uploads\/2022\/05\/REUNIAO-SAO-JOAO-PMP-3-e1651872073943.jpeg","datePublished":"2022-05-07T12:00:13+00:00","breadcrumb":{"@id":"https:\/\/blogdofarnesio.com.br\/?p=312632#breadcrumb"},"inLanguage":"pt-BR","potentialAction":[{"@type":"ReadAction","target":["https:\/\/blogdofarnesio.com.br\/?p=312632"]}]},{"@type":"ImageObject","inLanguage":"pt-BR","@id":"https:\/\/blogdofarnesio.com.br\/?p=312632#primaryimage","url":"https:\/\/blogdofarnesio.com.br\/wp-content\/uploads\/2022\/05\/REUNIAO-SAO-JOAO-PMP-3-e1651872073943.jpeg","contentUrl":"https:\/\/blogdofarnesio.com.br\/wp-content\/uploads\/2022\/05\/REUNIAO-SAO-JOAO-PMP-3-e1651872073943.jpeg","width":600,"height":367},{"@type":"BreadcrumbList","@id":"https:\/\/blogdofarnesio.com.br\/?p=312632#breadcrumb","itemListElement":[{"@type":"ListItem","position":1,"name":"In\u00edcio","item":"https:\/\/blogdofarnesio.com.br\/"},{"@type":"ListItem","position":2,"name":"Prefeitura de Petrolina apresenta plano de estrutura para o S\u00e3o Jo\u00e3o 2022"}]},{"@type":"WebSite","@id":"https:\/\/blogdofarnesio.com.br\/#website","url":"https:\/\/blogdofarnesio.com.br\/","name":"Blog do Farn\u00e9sio","description":"Quer Saber Pol\u00edtica?","publisher":{"@id":"https:\/\/blogdofarnesio.com.br\/#organization"},"potentialAction":[{"@type":"SearchAction","target":{"@type":"EntryPoint","urlTemplate":"https:\/\/blogdofarnesio.com.br\/?s={search_term_string}"},"query-input":{"@type":"PropertyValueSpecification","valueRequired":true,"valueName":"search_term_string"}}],"inLanguage":"pt-BR"},{"@type":"Organization","@id":"https:\/\/blogdofarnesio.com.br\/#organization","name":"Blog do Farn\u00e9sio","url":"https:\/\/blogdofarnesio.com.br\/","logo":{"@type":"ImageObject","inLanguage":"pt-BR","@id":"https:\/\/blogdofarnesio.com.br\/#\/schema\/logo\/image\/","url":"https:\/\/blogdofarnesio.com.br\/wp-content\/uploads\/2026\/03\/cropped-logo_new-1.png","contentUrl":"https:\/\/blogdofarnesio.com.br\/wp-content\/uploads\/2026\/03\/cropped-logo_new-1.png","width":881,"height":685,"caption":"Blog do Farn\u00e9sio"},"image":{"@id":"https:\/\/blogdofarnesio.com.br\/#\/schema\/logo\/image\/"},"sameAs":["https:\/\/www.facebook.com\/BlogQuerSaberPolitica\/"]},{"@type":"Person","@id":"https:\/\/blogdofarnesio.com.br\/#\/schema\/person\/bb9b23ae3ad0609ce8df7b6c9e76824d","name":"Farn\u00e9sio","image":{"@type":"ImageObject","inLanguage":"pt-BR","@id":"https:\/\/secure.gravatar.com\/avatar\/986aa4c61ccdb66f8555bf88fc2a65609d00bcabd4d2d94377a727547345cbca?s=96&d=mm&r=g","url":"https:\/\/secure.gravatar.com\/avatar\/986aa4c61ccdb66f8555bf88fc2a65609d00bcabd4d2d94377a727547345cbca?s=96&d=mm&r=g","contentUrl":"https:\/\/secure.gravatar.com\/avatar\/986aa4c61ccdb66f8555bf88fc2a65609d00bcabd4d2d94377a727547345cbca?s=96&d=mm&r=g","caption":"Farn\u00e9sio"},"description":"Radialista blogueiro, chegou a Petrolina\/Juazeiro em setembro de 1980, Farn\u00e9sio Silva \u00e9 de Arapiraca-Alagoas.","sameAs":["http:\/\/blogdofarnesio.com.br","https:\/\/www.facebook.com\/?ref=tn_tnmn","https:\/\/www.instagram.com\/?utm_source=pwa_homescreen","https:\/\/youtube.com.br\/"],"url":"https:\/\/blogdofarnesio.com.br\/?author=2"}]}},"_links":{"self":[{"href":"https:\/\/blogdofarnesio.com.br\/index.php?rest_route=\/wp\/v2\/posts\/312632","targetHints":{"allow":["GET"]}}],"collection":[{"href":"https:\/\/blogdofarnesio.com.br\/index.php?rest_route=\/wp\/v2\/posts"}],"about":[{"href":"https:\/\/blogdofarnesio.com.br\/index.php?rest_route=\/wp\/v2\/types\/post"}],"author":[{"embeddable":true,"href":"https:\/\/blogdofarnesio.com.br\/index.php?rest_route=\/wp\/v2\/users\/2"}],"replies":[{"embeddable":true,"href":"https:\/\/blogdofarnesio.com.br\/index.php?rest_route=%2Fwp%2Fv2%2Fcomments&post=312632"}],"version-history":[{"count":0,"href":"https:\/\/blogdofarnesio.com.br\/index.php?rest_route=\/wp\/v2\/posts\/312632\/revisions"}],"wp:featuredmedia":[{"embeddable":true,"href":"https:\/\/blogdofarnesio.com.br\/index.php?rest_route=\/wp\/v2\/media\/312633"}],"wp:attachment":[{"href":"https:\/\/blogdofarnesio.com.br\/index.php?rest_route=%2Fwp%2Fv2%2Fmedia&parent=312632"}],"wp:term":[{"taxonomy":"category","embeddable":true,"href":"https:\/\/blogdofarnesio.com.br\/index.php?rest_route=%2Fwp%2Fv2%2Fcategories&post=312632"},{"taxonomy":"post_tag","embeddable":true,"href":"https:\/\/blogdofarnesio.com.br\/index.php?rest_route=%2Fwp%2Fv2%2Ftags&post=312632"}],"curies":[{"name":"wp","href":"https:\/\/api.w.org\/{rel}","templated":true}]}}