{"id":312537,"date":"2022-05-07T11:00:53","date_gmt":"2022-05-07T14:00:53","guid":{"rendered":"https:\/\/blogdofarnesio.com.br\/?p=312537"},"modified":"2022-05-07T08:36:45","modified_gmt":"2022-05-07T11:36:45","slug":"petrolina-sedia-5o-encontro-de-eja-e-define-propostas-para-melhorar-a-modalidade-de-ensino","status":"publish","type":"post","link":"https:\/\/blogdofarnesio.com.br\/?p=312537","title":{"rendered":"Petrolina sedia 5\u00ba Encontro de EJA e define propostas para melhorar a modalidade de ensino"},"content":{"rendered":"<p style=\"font-weight: 400;\">Com o tema \u201cEduca\u00e7\u00e3o, Trabalho e Capitalismo: Impactos, Lutas e Resist\u00eancias na EJA\u201d, o munic\u00edpio de Petrolina sediou, na quarta-feira (4), na Escola do Saber, o 5\u00ba Encontro de Educa\u00e7\u00e3o de Jovens e Adultos. O evento, que contou com a presen\u00e7a do secret\u00e1rio de Educa\u00e7\u00e3o, Cultura e Esportes, Pl\u00ednio Amorim, e equipe, reuniu tamb\u00e9m representantes das cidades de Afr\u00e2nio e Dormentes, e teve como objetivo discutir pol\u00edticas p\u00fablicas para melhorar o curr\u00edculo e inclus\u00e3o desse p\u00fablico no ambiente escolar.<\/p>\n<p style=\"font-weight: 400;\">Durante a programa\u00e7\u00e3o, os participantes puderam assistir uma palestra sobre o tema geral do evento, com a professora e mestra em Educa\u00e7\u00e3o, Alessandra Latorre. Na ocasi\u00e3o, foram formados grupos de trabalho a partir dos tr\u00eas eixos tem\u00e1ticos, para definir as propostas que ir\u00e3o para o Encontro Estadual, que ser\u00e1 realizado no m\u00eas de junho em Toritama. A secret\u00e1ria Executiva de Ensino de Petrolina, Isva Modesto, destaca a import\u00e2ncia do encontro por ter sido um espa\u00e7o de reflex\u00e3o e debate de propostas que contribu\u00edram para a garantia do direito \u00e0 educa\u00e7\u00e3o p\u00fablica, gratuita e de qualidade social voltada \u00e0 modalidade EJA.<\/p>\n<p style=\"font-weight: 400;\">\u201c<em>Estamos buscando ampliar, cada vez mais, os esfor\u00e7os sociais e pol\u00edticos na inten\u00e7\u00e3o de chegar at\u00e9 esse p\u00fablico e traz\u00ea-los para dentro das nossas Unidades Educacionais, promovendo assim a escolariza\u00e7\u00e3o dessa parcela da sociedade. Nosso objetivo \u00e9 dar oportunidade para essas pessoas que em algum momento da vida, tiveram que mudar o seu planejamento relativo \u00e0 educa\u00e7\u00e3o e que agora, por meio desse olhar diferenciado do prefeito Sim\u00e3o Durando, podem garantir a conclus\u00e3o dos seus estudos, pois entendemos que \u00e9 por meio da educa\u00e7\u00e3o que mudamos a vida das pess<\/em>oas\u201d, finalizou Isva.<\/p>\n<p style=\"font-weight: 400;\">_____________<\/p>\n<p style=\"font-weight: 400;\">Elaine Barbosa &#8211; Assessora de Imprensa da Secretaria de Educa\u00e7\u00e3o, Cultura e Esportes.<\/p>\n","protected":false},"excerpt":{"rendered":"<p>Com o tema \u201cEduca\u00e7\u00e3o, Trabalho e Capitalismo: Impactos, Lutas e Resist\u00eancias na EJA\u201d, o munic\u00edpio de Petrolina sediou, na quarta-feira (4), na Escola do Saber, o 5\u00ba Encontro de Educa\u00e7\u00e3o de Jovens e Adultos. O evento, que contou com a presen\u00e7a do secret\u00e1rio de Educa\u00e7\u00e3o, Cultura e Esportes, Pl\u00ednio Amorim, e equipe, reuniu tamb\u00e9m representantes das cidades de Afr\u00e2nio e Dormentes, e teve como objetivo discutir pol\u00edticas p\u00fablicas para melhorar o curr\u00edculo e inclus\u00e3o desse p\u00fablico no ambiente escolar. Durante a programa\u00e7\u00e3o, os participantes puderam assistir uma palestra sobre o tema geral do evento, com a professora e mestra em Educa\u00e7\u00e3o, Alessandra Latorre. Na ocasi\u00e3o, foram formados grupos de trabalho a partir dos tr\u00eas eixos tem\u00e1ticos, para definir as propostas&hellip; <\/p>\n","protected":false},"author":2,"featured_media":312538,"comment_status":"open","ping_status":"open","sticky":false,"template":"","format":"standard","meta":{"_acf_changed":false,"footnotes":""},"categories":[6],"tags":[],"class_list":["post-312537","post","type-post","status-publish","format-standard","has-post-thumbnail","hentry","category-educacao"],"acf":[],"yoast_head":"<!-- This site is optimized with the Yoast SEO plugin v27.4 - https:\/\/yoast.com\/product\/yoast-seo-wordpress\/ -->\n<title>Petrolina sedia 5\u00ba Encontro de EJA e define propostas para melhorar a modalidade de ensino - Blog do Farn\u00e9sio<\/title>\n<meta name=\"robots\" content=\"index, follow, max-snippet:-1, max-image-preview:large, max-video-preview:-1\" \/>\n<link rel=\"canonical\" href=\"https:\/\/blogdofarnesio.com.br\/?p=312537\" \/>\n<meta property=\"og:locale\" content=\"pt_BR\" \/>\n<meta property=\"og:type\" content=\"article\" \/>\n<meta property=\"og:title\" content=\"Petrolina sedia 5\u00ba Encontro de EJA e define propostas para melhorar a modalidade de ensino - Blog do Farn\u00e9sio\" \/>\n<meta property=\"og:description\" content=\"Com o tema \u201cEduca\u00e7\u00e3o, Trabalho e Capitalismo: Impactos, Lutas e Resist\u00eancias na EJA\u201d, o munic\u00edpio de Petrolina sediou, na quarta-feira (4), na Escola do Saber, o 5\u00ba Encontro de Educa\u00e7\u00e3o de Jovens e Adultos. O evento, que contou com a presen\u00e7a do secret\u00e1rio de Educa\u00e7\u00e3o, Cultura e Esportes, Pl\u00ednio Amorim, e equipe, reuniu tamb\u00e9m representantes das cidades de Afr\u00e2nio e Dormentes, e teve como objetivo discutir pol\u00edticas p\u00fablicas para melhorar o curr\u00edculo e inclus\u00e3o desse p\u00fablico no ambiente escolar. Durante a programa\u00e7\u00e3o, os participantes puderam assistir uma palestra sobre o tema geral do evento, com a professora e mestra em Educa\u00e7\u00e3o, Alessandra Latorre. Na ocasi\u00e3o, foram formados grupos de trabalho a partir dos tr\u00eas eixos tem\u00e1ticos, para definir as propostas&hellip;\" \/>\n<meta property=\"og:url\" content=\"https:\/\/blogdofarnesio.com.br\/?p=312537\" \/>\n<meta property=\"og:site_name\" content=\"Blog do Farn\u00e9sio\" \/>\n<meta property=\"article:publisher\" content=\"https:\/\/www.facebook.com\/BlogQuerSaberPolitica\/\" \/>\n<meta property=\"article:author\" content=\"https:\/\/www.facebook.com\/?ref=tn_tnmn\" \/>\n<meta property=\"article:published_time\" content=\"2022-05-07T14:00:53+00:00\" \/>\n<meta property=\"og:image\" content=\"https:\/\/blogdofarnesio.com.br\/wp-content\/uploads\/2022\/05\/eja2.jpeg\" \/>\n\t<meta property=\"og:image:width\" content=\"1280\" \/>\n\t<meta property=\"og:image:height\" content=\"960\" \/>\n\t<meta property=\"og:image:type\" content=\"image\/jpeg\" \/>\n<meta name=\"author\" content=\"Farn\u00e9sio\" \/>\n<meta name=\"twitter:card\" content=\"summary_large_image\" \/>\n<meta name=\"twitter:label1\" content=\"Escrito por\" \/>\n\t<meta name=\"twitter:data1\" content=\"Farn\u00e9sio\" \/>\n\t<meta name=\"twitter:label2\" content=\"Est. tempo de leitura\" \/>\n\t<meta name=\"twitter:data2\" content=\"2 minutos\" \/>\n<script type=\"application\/ld+json\" class=\"yoast-schema-graph\">{\"@context\":\"https:\\\/\\\/schema.org\",\"@graph\":[{\"@type\":\"Article\",\"@id\":\"https:\\\/\\\/blogdofarnesio.com.br\\\/?p=312537#article\",\"isPartOf\":{\"@id\":\"https:\\\/\\\/blogdofarnesio.com.br\\\/?p=312537\"},\"author\":{\"name\":\"Farn\u00e9sio\",\"@id\":\"https:\\\/\\\/blogdofarnesio.com.br\\\/#\\\/schema\\\/person\\\/bb9b23ae3ad0609ce8df7b6c9e76824d\"},\"headline\":\"Petrolina sedia 5\u00ba Encontro de EJA e define propostas para melhorar a modalidade de ensino\",\"datePublished\":\"2022-05-07T14:00:53+00:00\",\"mainEntityOfPage\":{\"@id\":\"https:\\\/\\\/blogdofarnesio.com.br\\\/?p=312537\"},\"wordCount\":331,\"commentCount\":0,\"publisher\":{\"@id\":\"https:\\\/\\\/blogdofarnesio.com.br\\\/#organization\"},\"image\":{\"@id\":\"https:\\\/\\\/blogdofarnesio.com.br\\\/?p=312537#primaryimage\"},\"thumbnailUrl\":\"https:\\\/\\\/blogdofarnesio.com.br\\\/wp-content\\\/uploads\\\/2022\\\/05\\\/eja2.jpeg\",\"articleSection\":[\"Educa\u00e7\u00e3o\"],\"inLanguage\":\"pt-BR\",\"potentialAction\":[{\"@type\":\"CommentAction\",\"name\":\"Comment\",\"target\":[\"https:\\\/\\\/blogdofarnesio.com.br\\\/?p=312537#respond\"]}]},{\"@type\":\"WebPage\",\"@id\":\"https:\\\/\\\/blogdofarnesio.com.br\\\/?p=312537\",\"url\":\"https:\\\/\\\/blogdofarnesio.com.br\\\/?p=312537\",\"name\":\"Petrolina sedia 5\u00ba Encontro de EJA e define propostas para melhorar a modalidade de ensino - Blog do Farn\u00e9sio\",\"isPartOf\":{\"@id\":\"https:\\\/\\\/blogdofarnesio.com.br\\\/#website\"},\"primaryImageOfPage\":{\"@id\":\"https:\\\/\\\/blogdofarnesio.com.br\\\/?p=312537#primaryimage\"},\"image\":{\"@id\":\"https:\\\/\\\/blogdofarnesio.com.br\\\/?p=312537#primaryimage\"},\"thumbnailUrl\":\"https:\\\/\\\/blogdofarnesio.com.br\\\/wp-content\\\/uploads\\\/2022\\\/05\\\/eja2.jpeg\",\"datePublished\":\"2022-05-07T14:00:53+00:00\",\"breadcrumb\":{\"@id\":\"https:\\\/\\\/blogdofarnesio.com.br\\\/?p=312537#breadcrumb\"},\"inLanguage\":\"pt-BR\",\"potentialAction\":[{\"@type\":\"ReadAction\",\"target\":[\"https:\\\/\\\/blogdofarnesio.com.br\\\/?p=312537\"]}]},{\"@type\":\"ImageObject\",\"inLanguage\":\"pt-BR\",\"@id\":\"https:\\\/\\\/blogdofarnesio.com.br\\\/?p=312537#primaryimage\",\"url\":\"https:\\\/\\\/blogdofarnesio.com.br\\\/wp-content\\\/uploads\\\/2022\\\/05\\\/eja2.jpeg\",\"contentUrl\":\"https:\\\/\\\/blogdofarnesio.com.br\\\/wp-content\\\/uploads\\\/2022\\\/05\\\/eja2.jpeg\",\"width\":1280,\"height\":960},{\"@type\":\"BreadcrumbList\",\"@id\":\"https:\\\/\\\/blogdofarnesio.com.br\\\/?p=312537#breadcrumb\",\"itemListElement\":[{\"@type\":\"ListItem\",\"position\":1,\"name\":\"In\u00edcio\",\"item\":\"https:\\\/\\\/blogdofarnesio.com.br\\\/\"},{\"@type\":\"ListItem\",\"position\":2,\"name\":\"Petrolina sedia 5\u00ba Encontro de EJA e define propostas para melhorar a modalidade de ensino\"}]},{\"@type\":\"WebSite\",\"@id\":\"https:\\\/\\\/blogdofarnesio.com.br\\\/#website\",\"url\":\"https:\\\/\\\/blogdofarnesio.com.br\\\/\",\"name\":\"Blog do Farn\u00e9sio\",\"description\":\"Quer Saber Pol\u00edtica?\",\"publisher\":{\"@id\":\"https:\\\/\\\/blogdofarnesio.com.br\\\/#organization\"},\"potentialAction\":[{\"@type\":\"SearchAction\",\"target\":{\"@type\":\"EntryPoint\",\"urlTemplate\":\"https:\\\/\\\/blogdofarnesio.com.br\\\/?s={search_term_string}\"},\"query-input\":{\"@type\":\"PropertyValueSpecification\",\"valueRequired\":true,\"valueName\":\"search_term_string\"}}],\"inLanguage\":\"pt-BR\"},{\"@type\":\"Organization\",\"@id\":\"https:\\\/\\\/blogdofarnesio.com.br\\\/#organization\",\"name\":\"Blog do Farn\u00e9sio\",\"url\":\"https:\\\/\\\/blogdofarnesio.com.br\\\/\",\"logo\":{\"@type\":\"ImageObject\",\"inLanguage\":\"pt-BR\",\"@id\":\"https:\\\/\\\/blogdofarnesio.com.br\\\/#\\\/schema\\\/logo\\\/image\\\/\",\"url\":\"https:\\\/\\\/blogdofarnesio.com.br\\\/wp-content\\\/uploads\\\/2026\\\/03\\\/cropped-logo_new-1.png\",\"contentUrl\":\"https:\\\/\\\/blogdofarnesio.com.br\\\/wp-content\\\/uploads\\\/2026\\\/03\\\/cropped-logo_new-1.png\",\"width\":881,\"height\":685,\"caption\":\"Blog do Farn\u00e9sio\"},\"image\":{\"@id\":\"https:\\\/\\\/blogdofarnesio.com.br\\\/#\\\/schema\\\/logo\\\/image\\\/\"},\"sameAs\":[\"https:\\\/\\\/www.facebook.com\\\/BlogQuerSaberPolitica\\\/\"]},{\"@type\":\"Person\",\"@id\":\"https:\\\/\\\/blogdofarnesio.com.br\\\/#\\\/schema\\\/person\\\/bb9b23ae3ad0609ce8df7b6c9e76824d\",\"name\":\"Farn\u00e9sio\",\"image\":{\"@type\":\"ImageObject\",\"inLanguage\":\"pt-BR\",\"@id\":\"https:\\\/\\\/secure.gravatar.com\\\/avatar\\\/986aa4c61ccdb66f8555bf88fc2a65609d00bcabd4d2d94377a727547345cbca?s=96&d=mm&r=g\",\"url\":\"https:\\\/\\\/secure.gravatar.com\\\/avatar\\\/986aa4c61ccdb66f8555bf88fc2a65609d00bcabd4d2d94377a727547345cbca?s=96&d=mm&r=g\",\"contentUrl\":\"https:\\\/\\\/secure.gravatar.com\\\/avatar\\\/986aa4c61ccdb66f8555bf88fc2a65609d00bcabd4d2d94377a727547345cbca?s=96&d=mm&r=g\",\"caption\":\"Farn\u00e9sio\"},\"description\":\"Radialista blogueiro, chegou a Petrolina\\\/Juazeiro em setembro de 1980, Farn\u00e9sio Silva \u00e9 de Arapiraca-Alagoas.\",\"sameAs\":[\"http:\\\/\\\/blogdofarnesio.com.br\",\"https:\\\/\\\/www.facebook.com\\\/?ref=tn_tnmn\",\"https:\\\/\\\/www.instagram.com\\\/?utm_source=pwa_homescreen\",\"https:\\\/\\\/youtube.com.br\\\/\"],\"url\":\"https:\\\/\\\/blogdofarnesio.com.br\\\/?author=2\"}]}<\/script>\n<!-- \/ Yoast SEO plugin. -->","yoast_head_json":{"title":"Petrolina sedia 5\u00ba Encontro de EJA e define propostas para melhorar a modalidade de ensino - Blog do Farn\u00e9sio","robots":{"index":"index","follow":"follow","max-snippet":"max-snippet:-1","max-image-preview":"max-image-preview:large","max-video-preview":"max-video-preview:-1"},"canonical":"https:\/\/blogdofarnesio.com.br\/?p=312537","og_locale":"pt_BR","og_type":"article","og_title":"Petrolina sedia 5\u00ba Encontro de EJA e define propostas para melhorar a modalidade de ensino - Blog do Farn\u00e9sio","og_description":"Com o tema \u201cEduca\u00e7\u00e3o, Trabalho e Capitalismo: Impactos, Lutas e Resist\u00eancias na EJA\u201d, o munic\u00edpio de Petrolina sediou, na quarta-feira (4), na Escola do Saber, o 5\u00ba Encontro de Educa\u00e7\u00e3o de Jovens e Adultos. O evento, que contou com a presen\u00e7a do secret\u00e1rio de Educa\u00e7\u00e3o, Cultura e Esportes, Pl\u00ednio Amorim, e equipe, reuniu tamb\u00e9m representantes das cidades de Afr\u00e2nio e Dormentes, e teve como objetivo discutir pol\u00edticas p\u00fablicas para melhorar o curr\u00edculo e inclus\u00e3o desse p\u00fablico no ambiente escolar. Durante a programa\u00e7\u00e3o, os participantes puderam assistir uma palestra sobre o tema geral do evento, com a professora e mestra em Educa\u00e7\u00e3o, Alessandra Latorre. Na ocasi\u00e3o, foram formados grupos de trabalho a partir dos tr\u00eas eixos tem\u00e1ticos, para definir as propostas&hellip;","og_url":"https:\/\/blogdofarnesio.com.br\/?p=312537","og_site_name":"Blog do Farn\u00e9sio","article_publisher":"https:\/\/www.facebook.com\/BlogQuerSaberPolitica\/","article_author":"https:\/\/www.facebook.com\/?ref=tn_tnmn","article_published_time":"2022-05-07T14:00:53+00:00","og_image":[{"width":1280,"height":960,"url":"https:\/\/blogdofarnesio.com.br\/wp-content\/uploads\/2022\/05\/eja2.jpeg","type":"image\/jpeg"}],"author":"Farn\u00e9sio","twitter_card":"summary_large_image","twitter_misc":{"Escrito por":"Farn\u00e9sio","Est. tempo de leitura":"2 minutos"},"schema":{"@context":"https:\/\/schema.org","@graph":[{"@type":"Article","@id":"https:\/\/blogdofarnesio.com.br\/?p=312537#article","isPartOf":{"@id":"https:\/\/blogdofarnesio.com.br\/?p=312537"},"author":{"name":"Farn\u00e9sio","@id":"https:\/\/blogdofarnesio.com.br\/#\/schema\/person\/bb9b23ae3ad0609ce8df7b6c9e76824d"},"headline":"Petrolina sedia 5\u00ba Encontro de EJA e define propostas para melhorar a modalidade de ensino","datePublished":"2022-05-07T14:00:53+00:00","mainEntityOfPage":{"@id":"https:\/\/blogdofarnesio.com.br\/?p=312537"},"wordCount":331,"commentCount":0,"publisher":{"@id":"https:\/\/blogdofarnesio.com.br\/#organization"},"image":{"@id":"https:\/\/blogdofarnesio.com.br\/?p=312537#primaryimage"},"thumbnailUrl":"https:\/\/blogdofarnesio.com.br\/wp-content\/uploads\/2022\/05\/eja2.jpeg","articleSection":["Educa\u00e7\u00e3o"],"inLanguage":"pt-BR","potentialAction":[{"@type":"CommentAction","name":"Comment","target":["https:\/\/blogdofarnesio.com.br\/?p=312537#respond"]}]},{"@type":"WebPage","@id":"https:\/\/blogdofarnesio.com.br\/?p=312537","url":"https:\/\/blogdofarnesio.com.br\/?p=312537","name":"Petrolina sedia 5\u00ba Encontro de EJA e define propostas para melhorar a modalidade de ensino - Blog do Farn\u00e9sio","isPartOf":{"@id":"https:\/\/blogdofarnesio.com.br\/#website"},"primaryImageOfPage":{"@id":"https:\/\/blogdofarnesio.com.br\/?p=312537#primaryimage"},"image":{"@id":"https:\/\/blogdofarnesio.com.br\/?p=312537#primaryimage"},"thumbnailUrl":"https:\/\/blogdofarnesio.com.br\/wp-content\/uploads\/2022\/05\/eja2.jpeg","datePublished":"2022-05-07T14:00:53+00:00","breadcrumb":{"@id":"https:\/\/blogdofarnesio.com.br\/?p=312537#breadcrumb"},"inLanguage":"pt-BR","potentialAction":[{"@type":"ReadAction","target":["https:\/\/blogdofarnesio.com.br\/?p=312537"]}]},{"@type":"ImageObject","inLanguage":"pt-BR","@id":"https:\/\/blogdofarnesio.com.br\/?p=312537#primaryimage","url":"https:\/\/blogdofarnesio.com.br\/wp-content\/uploads\/2022\/05\/eja2.jpeg","contentUrl":"https:\/\/blogdofarnesio.com.br\/wp-content\/uploads\/2022\/05\/eja2.jpeg","width":1280,"height":960},{"@type":"BreadcrumbList","@id":"https:\/\/blogdofarnesio.com.br\/?p=312537#breadcrumb","itemListElement":[{"@type":"ListItem","position":1,"name":"In\u00edcio","item":"https:\/\/blogdofarnesio.com.br\/"},{"@type":"ListItem","position":2,"name":"Petrolina sedia 5\u00ba Encontro de EJA e define propostas para melhorar a modalidade de ensino"}]},{"@type":"WebSite","@id":"https:\/\/blogdofarnesio.com.br\/#website","url":"https:\/\/blogdofarnesio.com.br\/","name":"Blog do Farn\u00e9sio","description":"Quer Saber Pol\u00edtica?","publisher":{"@id":"https:\/\/blogdofarnesio.com.br\/#organization"},"potentialAction":[{"@type":"SearchAction","target":{"@type":"EntryPoint","urlTemplate":"https:\/\/blogdofarnesio.com.br\/?s={search_term_string}"},"query-input":{"@type":"PropertyValueSpecification","valueRequired":true,"valueName":"search_term_string"}}],"inLanguage":"pt-BR"},{"@type":"Organization","@id":"https:\/\/blogdofarnesio.com.br\/#organization","name":"Blog do Farn\u00e9sio","url":"https:\/\/blogdofarnesio.com.br\/","logo":{"@type":"ImageObject","inLanguage":"pt-BR","@id":"https:\/\/blogdofarnesio.com.br\/#\/schema\/logo\/image\/","url":"https:\/\/blogdofarnesio.com.br\/wp-content\/uploads\/2026\/03\/cropped-logo_new-1.png","contentUrl":"https:\/\/blogdofarnesio.com.br\/wp-content\/uploads\/2026\/03\/cropped-logo_new-1.png","width":881,"height":685,"caption":"Blog do Farn\u00e9sio"},"image":{"@id":"https:\/\/blogdofarnesio.com.br\/#\/schema\/logo\/image\/"},"sameAs":["https:\/\/www.facebook.com\/BlogQuerSaberPolitica\/"]},{"@type":"Person","@id":"https:\/\/blogdofarnesio.com.br\/#\/schema\/person\/bb9b23ae3ad0609ce8df7b6c9e76824d","name":"Farn\u00e9sio","image":{"@type":"ImageObject","inLanguage":"pt-BR","@id":"https:\/\/secure.gravatar.com\/avatar\/986aa4c61ccdb66f8555bf88fc2a65609d00bcabd4d2d94377a727547345cbca?s=96&d=mm&r=g","url":"https:\/\/secure.gravatar.com\/avatar\/986aa4c61ccdb66f8555bf88fc2a65609d00bcabd4d2d94377a727547345cbca?s=96&d=mm&r=g","contentUrl":"https:\/\/secure.gravatar.com\/avatar\/986aa4c61ccdb66f8555bf88fc2a65609d00bcabd4d2d94377a727547345cbca?s=96&d=mm&r=g","caption":"Farn\u00e9sio"},"description":"Radialista blogueiro, chegou a Petrolina\/Juazeiro em setembro de 1980, Farn\u00e9sio Silva \u00e9 de Arapiraca-Alagoas.","sameAs":["http:\/\/blogdofarnesio.com.br","https:\/\/www.facebook.com\/?ref=tn_tnmn","https:\/\/www.instagram.com\/?utm_source=pwa_homescreen","https:\/\/youtube.com.br\/"],"url":"https:\/\/blogdofarnesio.com.br\/?author=2"}]}},"_links":{"self":[{"href":"https:\/\/blogdofarnesio.com.br\/index.php?rest_route=\/wp\/v2\/posts\/312537","targetHints":{"allow":["GET"]}}],"collection":[{"href":"https:\/\/blogdofarnesio.com.br\/index.php?rest_route=\/wp\/v2\/posts"}],"about":[{"href":"https:\/\/blogdofarnesio.com.br\/index.php?rest_route=\/wp\/v2\/types\/post"}],"author":[{"embeddable":true,"href":"https:\/\/blogdofarnesio.com.br\/index.php?rest_route=\/wp\/v2\/users\/2"}],"replies":[{"embeddable":true,"href":"https:\/\/blogdofarnesio.com.br\/index.php?rest_route=%2Fwp%2Fv2%2Fcomments&post=312537"}],"version-history":[{"count":0,"href":"https:\/\/blogdofarnesio.com.br\/index.php?rest_route=\/wp\/v2\/posts\/312537\/revisions"}],"wp:featuredmedia":[{"embeddable":true,"href":"https:\/\/blogdofarnesio.com.br\/index.php?rest_route=\/wp\/v2\/media\/312538"}],"wp:attachment":[{"href":"https:\/\/blogdofarnesio.com.br\/index.php?rest_route=%2Fwp%2Fv2%2Fmedia&parent=312537"}],"wp:term":[{"taxonomy":"category","embeddable":true,"href":"https:\/\/blogdofarnesio.com.br\/index.php?rest_route=%2Fwp%2Fv2%2Fcategories&post=312537"},{"taxonomy":"post_tag","embeddable":true,"href":"https:\/\/blogdofarnesio.com.br\/index.php?rest_route=%2Fwp%2Fv2%2Ftags&post=312537"}],"curies":[{"name":"wp","href":"https:\/\/api.w.org\/{rel}","templated":true}]}}