{"id":312359,"date":"2022-05-04T15:03:50","date_gmt":"2022-05-04T18:03:50","guid":{"rendered":"https:\/\/blogdofarnesio.com.br\/?p=312359"},"modified":"2022-05-04T11:07:23","modified_gmt":"2022-05-04T14:07:23","slug":"pmba-deflagra-4a-edicao-da-operacao-forca-total-nos-53-municipios-da-regiao-norte","status":"publish","type":"post","link":"https:\/\/blogdofarnesio.com.br\/?p=312359","title":{"rendered":"PMBA DEFLAGRA 4\u00aa EDI\u00c7\u00c3O DA \u201cOPERA\u00c7\u00c3O FOR\u00c7A TOTAL\u201d NOS 53 MUNIC\u00cdPIOS DA REGI\u00c3O NORTE"},"content":{"rendered":"<p>A Pol\u00edcia Militar da Bahia (PMBA), atrav\u00e9s do Comando de Policiamento da Regi\u00e3o Norte (CPR-N), deflagrou na segunda-feira (02), a 4\u00aa edi\u00e7\u00e3o da OPERA\u00c7\u00c3O FOR\u00c7A TOTAL, com o objetivo aumentar a sensa\u00e7\u00e3o de seguran\u00e7a da popula\u00e7\u00e3o da Regi\u00e3o Norte, bem como preservar a ordem p\u00fablica e a incolumidade das pessoas e do patrim\u00f4nio atrav\u00e9s de a\u00e7\u00f5es ostensivas e preventivas.<br \/>\nForam estabelecidos Pontos de Abordagem Policial (PAP), simult\u00e2neos, espalhados nos cinquenta e tr\u00eas (53) munic\u00edpios situados na \u00e1rea de atua\u00e7\u00e3o do CPR-N, no per\u00edodo compreendido entre 07h00 \u00e0s 22h00, com emprego de quinhentos e oitenta e tr\u00eas (583) Policiais Militares do servi\u00e7o Operacional e Administrativo.<br \/>\nCoordenada pelo Tenente-Coronel PM Brand\u00e3o J\u00fanior, Subcomandante do CPR-N, a supracitada Opera\u00e7\u00e3o contou com a participa\u00e7\u00e3o das Unidades Operacionais subordinadas a este Comando, sendo estas: 6\u00ba e 20\u00ba Batalh\u00f5es de Pol\u00edcia Militar (BPM); 24\u00aa, 25\u00aa, 45\u00aa, 54\u00aa, 73\u00aa, 74\u00aa, 75\u00aa, 76\u00aa, 91\u00aa, 96\u00aa Companhias Independentes de Pol\u00edcia Militar (CIPM) e a Companhia Independente de Policiamento T\u00e1tico (CIPT-N), com a supervis\u00e3o dos Subcomandantes e demais Oficiais, no terreno, a fim de orientar, corrigir e motivar o efetivo de servi\u00e7o. Sendo refor\u00e7ada pelo Efetivo Policial Militar administrativo, inclusive, do CPR-N, CPM-Alfredo Vianna e 3\u00ba BEIC.<br \/>\nAs Guarni\u00e7\u00f5es Policiais Militares, empregadas de forma motorizada e a p\u00e9 nos grandes Centros Comerciais, Pra\u00e7as P\u00fablicas, Residenciais, Feiras de Agroneg\u00f3cios e nas vias de grande circula\u00e7\u00e3o de transeuntes, atuaram buscando a antecipa\u00e7\u00e3o e preven\u00e7\u00e3o de crimes contra a vida e contra o patrim\u00f4nio, estabelecendo a ordem p\u00fablica e assegurando a paz social em todos os munic\u00edpios do Sert\u00e3o norte-baiano.<br \/>\nA supracitada Opera\u00e7\u00e3o ocorreu em todo Estado da Bahia, com grande sucesso, alcan\u00e7ado excelentes resultados na sua produtividade, refor\u00e7ando o compromisso de todos os Policiais Militares da PMBA: servir e proteger \u00e0 sociedade com excel\u00eancia.<br \/>\nDestarte, o Coronel PM Valter Ara\u00fajo agradece o empenho de todo efetivo da Regi\u00e3o Norte que com qualidade elevada cumpriram a miss\u00e3o com grande \u00eaxito.<\/p>\n<p>Fonte: CPRN \/ ASCOM<\/p>\n","protected":false},"excerpt":{"rendered":"<p>A Pol\u00edcia Militar da Bahia (PMBA), atrav\u00e9s do Comando de Policiamento da Regi\u00e3o Norte (CPR-N), deflagrou na segunda-feira (02), a 4\u00aa edi\u00e7\u00e3o da OPERA\u00c7\u00c3O FOR\u00c7A TOTAL, com o objetivo aumentar a sensa\u00e7\u00e3o de seguran\u00e7a da popula\u00e7\u00e3o da Regi\u00e3o Norte, bem como preservar a ordem p\u00fablica e a incolumidade das pessoas e do patrim\u00f4nio atrav\u00e9s de a\u00e7\u00f5es ostensivas e preventivas. Foram estabelecidos Pontos de Abordagem Policial (PAP), simult\u00e2neos, espalhados nos cinquenta e tr\u00eas (53) munic\u00edpios situados na \u00e1rea de atua\u00e7\u00e3o do CPR-N, no per\u00edodo compreendido entre 07h00 \u00e0s 22h00, com emprego de quinhentos e oitenta e tr\u00eas (583) Policiais Militares do servi\u00e7o Operacional e Administrativo. Coordenada pelo Tenente-Coronel PM Brand\u00e3o J\u00fanior, Subcomandante do CPR-N, a supracitada Opera\u00e7\u00e3o contou com a participa\u00e7\u00e3o&hellip; <\/p>\n","protected":false},"author":2,"featured_media":307539,"comment_status":"open","ping_status":"open","sticky":false,"template":"","format":"standard","meta":{"_acf_changed":false,"footnotes":""},"categories":[5],"tags":[],"class_list":["post-312359","post","type-post","status-publish","format-standard","has-post-thumbnail","hentry","category-seguranca"],"acf":[],"yoast_head":"<!-- This site is optimized with the Yoast SEO plugin v27.4 - https:\/\/yoast.com\/product\/yoast-seo-wordpress\/ -->\n<title>PMBA DEFLAGRA 4\u00aa EDI\u00c7\u00c3O DA \u201cOPERA\u00c7\u00c3O FOR\u00c7A TOTAL\u201d NOS 53 MUNIC\u00cdPIOS DA REGI\u00c3O NORTE - Blog do Farn\u00e9sio<\/title>\n<meta name=\"robots\" content=\"index, follow, max-snippet:-1, max-image-preview:large, max-video-preview:-1\" \/>\n<link rel=\"canonical\" href=\"https:\/\/blogdofarnesio.com.br\/?p=312359\" \/>\n<meta property=\"og:locale\" content=\"pt_BR\" \/>\n<meta property=\"og:type\" content=\"article\" \/>\n<meta property=\"og:title\" content=\"PMBA DEFLAGRA 4\u00aa EDI\u00c7\u00c3O DA \u201cOPERA\u00c7\u00c3O FOR\u00c7A TOTAL\u201d NOS 53 MUNIC\u00cdPIOS DA REGI\u00c3O NORTE - Blog do Farn\u00e9sio\" \/>\n<meta property=\"og:description\" content=\"A Pol\u00edcia Militar da Bahia (PMBA), atrav\u00e9s do Comando de Policiamento da Regi\u00e3o Norte (CPR-N), deflagrou na segunda-feira (02), a 4\u00aa edi\u00e7\u00e3o da OPERA\u00c7\u00c3O FOR\u00c7A TOTAL, com o objetivo aumentar a sensa\u00e7\u00e3o de seguran\u00e7a da popula\u00e7\u00e3o da Regi\u00e3o Norte, bem como preservar a ordem p\u00fablica e a incolumidade das pessoas e do patrim\u00f4nio atrav\u00e9s de a\u00e7\u00f5es ostensivas e preventivas. Foram estabelecidos Pontos de Abordagem Policial (PAP), simult\u00e2neos, espalhados nos cinquenta e tr\u00eas (53) munic\u00edpios situados na \u00e1rea de atua\u00e7\u00e3o do CPR-N, no per\u00edodo compreendido entre 07h00 \u00e0s 22h00, com emprego de quinhentos e oitenta e tr\u00eas (583) Policiais Militares do servi\u00e7o Operacional e Administrativo. Coordenada pelo Tenente-Coronel PM Brand\u00e3o J\u00fanior, Subcomandante do CPR-N, a supracitada Opera\u00e7\u00e3o contou com a participa\u00e7\u00e3o&hellip;\" \/>\n<meta property=\"og:url\" content=\"https:\/\/blogdofarnesio.com.br\/?p=312359\" \/>\n<meta property=\"og:site_name\" content=\"Blog do Farn\u00e9sio\" \/>\n<meta property=\"article:publisher\" content=\"https:\/\/www.facebook.com\/BlogQuerSaberPolitica\/\" \/>\n<meta property=\"article:author\" content=\"https:\/\/www.facebook.com\/?ref=tn_tnmn\" \/>\n<meta property=\"article:published_time\" content=\"2022-05-04T18:03:50+00:00\" \/>\n<meta property=\"og:image\" content=\"https:\/\/blogdofarnesio.com.br\/wp-content\/uploads\/2022\/02\/blogqsppmba-jua-2-e1646095744389.jpg\" \/>\n\t<meta property=\"og:image:width\" content=\"680\" \/>\n\t<meta property=\"og:image:height\" content=\"510\" \/>\n\t<meta property=\"og:image:type\" content=\"image\/jpeg\" \/>\n<meta name=\"author\" content=\"Farn\u00e9sio\" \/>\n<meta name=\"twitter:card\" content=\"summary_large_image\" \/>\n<meta name=\"twitter:label1\" content=\"Escrito por\" \/>\n\t<meta name=\"twitter:data1\" content=\"Farn\u00e9sio\" \/>\n\t<meta name=\"twitter:label2\" content=\"Est. tempo de leitura\" \/>\n\t<meta name=\"twitter:data2\" content=\"2 minutos\" \/>\n<script type=\"application\/ld+json\" class=\"yoast-schema-graph\">{\"@context\":\"https:\\\/\\\/schema.org\",\"@graph\":[{\"@type\":\"Article\",\"@id\":\"https:\\\/\\\/blogdofarnesio.com.br\\\/?p=312359#article\",\"isPartOf\":{\"@id\":\"https:\\\/\\\/blogdofarnesio.com.br\\\/?p=312359\"},\"author\":{\"name\":\"Farn\u00e9sio\",\"@id\":\"https:\\\/\\\/blogdofarnesio.com.br\\\/#\\\/schema\\\/person\\\/bb9b23ae3ad0609ce8df7b6c9e76824d\"},\"headline\":\"PMBA DEFLAGRA 4\u00aa EDI\u00c7\u00c3O DA \u201cOPERA\u00c7\u00c3O FOR\u00c7A TOTAL\u201d NOS 53 MUNIC\u00cdPIOS DA REGI\u00c3O NORTE\",\"datePublished\":\"2022-05-04T18:03:50+00:00\",\"mainEntityOfPage\":{\"@id\":\"https:\\\/\\\/blogdofarnesio.com.br\\\/?p=312359\"},\"wordCount\":369,\"commentCount\":0,\"publisher\":{\"@id\":\"https:\\\/\\\/blogdofarnesio.com.br\\\/#organization\"},\"image\":{\"@id\":\"https:\\\/\\\/blogdofarnesio.com.br\\\/?p=312359#primaryimage\"},\"thumbnailUrl\":\"https:\\\/\\\/blogdofarnesio.com.br\\\/wp-content\\\/uploads\\\/2022\\\/02\\\/blogqsppmba-jua-2-e1646095744389.jpg\",\"articleSection\":[\"Seguran\u00e7a\"],\"inLanguage\":\"pt-BR\",\"potentialAction\":[{\"@type\":\"CommentAction\",\"name\":\"Comment\",\"target\":[\"https:\\\/\\\/blogdofarnesio.com.br\\\/?p=312359#respond\"]}]},{\"@type\":\"WebPage\",\"@id\":\"https:\\\/\\\/blogdofarnesio.com.br\\\/?p=312359\",\"url\":\"https:\\\/\\\/blogdofarnesio.com.br\\\/?p=312359\",\"name\":\"PMBA DEFLAGRA 4\u00aa EDI\u00c7\u00c3O DA \u201cOPERA\u00c7\u00c3O FOR\u00c7A TOTAL\u201d NOS 53 MUNIC\u00cdPIOS DA REGI\u00c3O NORTE - Blog do Farn\u00e9sio\",\"isPartOf\":{\"@id\":\"https:\\\/\\\/blogdofarnesio.com.br\\\/#website\"},\"primaryImageOfPage\":{\"@id\":\"https:\\\/\\\/blogdofarnesio.com.br\\\/?p=312359#primaryimage\"},\"image\":{\"@id\":\"https:\\\/\\\/blogdofarnesio.com.br\\\/?p=312359#primaryimage\"},\"thumbnailUrl\":\"https:\\\/\\\/blogdofarnesio.com.br\\\/wp-content\\\/uploads\\\/2022\\\/02\\\/blogqsppmba-jua-2-e1646095744389.jpg\",\"datePublished\":\"2022-05-04T18:03:50+00:00\",\"breadcrumb\":{\"@id\":\"https:\\\/\\\/blogdofarnesio.com.br\\\/?p=312359#breadcrumb\"},\"inLanguage\":\"pt-BR\",\"potentialAction\":[{\"@type\":\"ReadAction\",\"target\":[\"https:\\\/\\\/blogdofarnesio.com.br\\\/?p=312359\"]}]},{\"@type\":\"ImageObject\",\"inLanguage\":\"pt-BR\",\"@id\":\"https:\\\/\\\/blogdofarnesio.com.br\\\/?p=312359#primaryimage\",\"url\":\"https:\\\/\\\/blogdofarnesio.com.br\\\/wp-content\\\/uploads\\\/2022\\\/02\\\/blogqsppmba-jua-2-e1646095744389.jpg\",\"contentUrl\":\"https:\\\/\\\/blogdofarnesio.com.br\\\/wp-content\\\/uploads\\\/2022\\\/02\\\/blogqsppmba-jua-2-e1646095744389.jpg\",\"width\":680,\"height\":510},{\"@type\":\"BreadcrumbList\",\"@id\":\"https:\\\/\\\/blogdofarnesio.com.br\\\/?p=312359#breadcrumb\",\"itemListElement\":[{\"@type\":\"ListItem\",\"position\":1,\"name\":\"In\u00edcio\",\"item\":\"https:\\\/\\\/blogdofarnesio.com.br\\\/\"},{\"@type\":\"ListItem\",\"position\":2,\"name\":\"PMBA DEFLAGRA 4\u00aa EDI\u00c7\u00c3O DA \u201cOPERA\u00c7\u00c3O FOR\u00c7A TOTAL\u201d NOS 53 MUNIC\u00cdPIOS DA REGI\u00c3O NORTE\"}]},{\"@type\":\"WebSite\",\"@id\":\"https:\\\/\\\/blogdofarnesio.com.br\\\/#website\",\"url\":\"https:\\\/\\\/blogdofarnesio.com.br\\\/\",\"name\":\"Blog do Farn\u00e9sio\",\"description\":\"Quer Saber Pol\u00edtica?\",\"publisher\":{\"@id\":\"https:\\\/\\\/blogdofarnesio.com.br\\\/#organization\"},\"potentialAction\":[{\"@type\":\"SearchAction\",\"target\":{\"@type\":\"EntryPoint\",\"urlTemplate\":\"https:\\\/\\\/blogdofarnesio.com.br\\\/?s={search_term_string}\"},\"query-input\":{\"@type\":\"PropertyValueSpecification\",\"valueRequired\":true,\"valueName\":\"search_term_string\"}}],\"inLanguage\":\"pt-BR\"},{\"@type\":\"Organization\",\"@id\":\"https:\\\/\\\/blogdofarnesio.com.br\\\/#organization\",\"name\":\"Blog do Farn\u00e9sio\",\"url\":\"https:\\\/\\\/blogdofarnesio.com.br\\\/\",\"logo\":{\"@type\":\"ImageObject\",\"inLanguage\":\"pt-BR\",\"@id\":\"https:\\\/\\\/blogdofarnesio.com.br\\\/#\\\/schema\\\/logo\\\/image\\\/\",\"url\":\"https:\\\/\\\/blogdofarnesio.com.br\\\/wp-content\\\/uploads\\\/2026\\\/03\\\/cropped-logo_new-1.png\",\"contentUrl\":\"https:\\\/\\\/blogdofarnesio.com.br\\\/wp-content\\\/uploads\\\/2026\\\/03\\\/cropped-logo_new-1.png\",\"width\":881,\"height\":685,\"caption\":\"Blog do Farn\u00e9sio\"},\"image\":{\"@id\":\"https:\\\/\\\/blogdofarnesio.com.br\\\/#\\\/schema\\\/logo\\\/image\\\/\"},\"sameAs\":[\"https:\\\/\\\/www.facebook.com\\\/BlogQuerSaberPolitica\\\/\"]},{\"@type\":\"Person\",\"@id\":\"https:\\\/\\\/blogdofarnesio.com.br\\\/#\\\/schema\\\/person\\\/bb9b23ae3ad0609ce8df7b6c9e76824d\",\"name\":\"Farn\u00e9sio\",\"image\":{\"@type\":\"ImageObject\",\"inLanguage\":\"pt-BR\",\"@id\":\"https:\\\/\\\/secure.gravatar.com\\\/avatar\\\/986aa4c61ccdb66f8555bf88fc2a65609d00bcabd4d2d94377a727547345cbca?s=96&d=mm&r=g\",\"url\":\"https:\\\/\\\/secure.gravatar.com\\\/avatar\\\/986aa4c61ccdb66f8555bf88fc2a65609d00bcabd4d2d94377a727547345cbca?s=96&d=mm&r=g\",\"contentUrl\":\"https:\\\/\\\/secure.gravatar.com\\\/avatar\\\/986aa4c61ccdb66f8555bf88fc2a65609d00bcabd4d2d94377a727547345cbca?s=96&d=mm&r=g\",\"caption\":\"Farn\u00e9sio\"},\"description\":\"Radialista blogueiro, chegou a Petrolina\\\/Juazeiro em setembro de 1980, Farn\u00e9sio Silva \u00e9 de Arapiraca-Alagoas.\",\"sameAs\":[\"http:\\\/\\\/blogdofarnesio.com.br\",\"https:\\\/\\\/www.facebook.com\\\/?ref=tn_tnmn\",\"https:\\\/\\\/www.instagram.com\\\/?utm_source=pwa_homescreen\",\"https:\\\/\\\/youtube.com.br\\\/\"],\"url\":\"https:\\\/\\\/blogdofarnesio.com.br\\\/?author=2\"}]}<\/script>\n<!-- \/ Yoast SEO plugin. -->","yoast_head_json":{"title":"PMBA DEFLAGRA 4\u00aa EDI\u00c7\u00c3O DA \u201cOPERA\u00c7\u00c3O FOR\u00c7A TOTAL\u201d NOS 53 MUNIC\u00cdPIOS DA REGI\u00c3O NORTE - Blog do Farn\u00e9sio","robots":{"index":"index","follow":"follow","max-snippet":"max-snippet:-1","max-image-preview":"max-image-preview:large","max-video-preview":"max-video-preview:-1"},"canonical":"https:\/\/blogdofarnesio.com.br\/?p=312359","og_locale":"pt_BR","og_type":"article","og_title":"PMBA DEFLAGRA 4\u00aa EDI\u00c7\u00c3O DA \u201cOPERA\u00c7\u00c3O FOR\u00c7A TOTAL\u201d NOS 53 MUNIC\u00cdPIOS DA REGI\u00c3O NORTE - Blog do Farn\u00e9sio","og_description":"A Pol\u00edcia Militar da Bahia (PMBA), atrav\u00e9s do Comando de Policiamento da Regi\u00e3o Norte (CPR-N), deflagrou na segunda-feira (02), a 4\u00aa edi\u00e7\u00e3o da OPERA\u00c7\u00c3O FOR\u00c7A TOTAL, com o objetivo aumentar a sensa\u00e7\u00e3o de seguran\u00e7a da popula\u00e7\u00e3o da Regi\u00e3o Norte, bem como preservar a ordem p\u00fablica e a incolumidade das pessoas e do patrim\u00f4nio atrav\u00e9s de a\u00e7\u00f5es ostensivas e preventivas. Foram estabelecidos Pontos de Abordagem Policial (PAP), simult\u00e2neos, espalhados nos cinquenta e tr\u00eas (53) munic\u00edpios situados na \u00e1rea de atua\u00e7\u00e3o do CPR-N, no per\u00edodo compreendido entre 07h00 \u00e0s 22h00, com emprego de quinhentos e oitenta e tr\u00eas (583) Policiais Militares do servi\u00e7o Operacional e Administrativo. Coordenada pelo Tenente-Coronel PM Brand\u00e3o J\u00fanior, Subcomandante do CPR-N, a supracitada Opera\u00e7\u00e3o contou com a participa\u00e7\u00e3o&hellip;","og_url":"https:\/\/blogdofarnesio.com.br\/?p=312359","og_site_name":"Blog do Farn\u00e9sio","article_publisher":"https:\/\/www.facebook.com\/BlogQuerSaberPolitica\/","article_author":"https:\/\/www.facebook.com\/?ref=tn_tnmn","article_published_time":"2022-05-04T18:03:50+00:00","og_image":[{"width":680,"height":510,"url":"https:\/\/blogdofarnesio.com.br\/wp-content\/uploads\/2022\/02\/blogqsppmba-jua-2-e1646095744389.jpg","type":"image\/jpeg"}],"author":"Farn\u00e9sio","twitter_card":"summary_large_image","twitter_misc":{"Escrito por":"Farn\u00e9sio","Est. tempo de leitura":"2 minutos"},"schema":{"@context":"https:\/\/schema.org","@graph":[{"@type":"Article","@id":"https:\/\/blogdofarnesio.com.br\/?p=312359#article","isPartOf":{"@id":"https:\/\/blogdofarnesio.com.br\/?p=312359"},"author":{"name":"Farn\u00e9sio","@id":"https:\/\/blogdofarnesio.com.br\/#\/schema\/person\/bb9b23ae3ad0609ce8df7b6c9e76824d"},"headline":"PMBA DEFLAGRA 4\u00aa EDI\u00c7\u00c3O DA \u201cOPERA\u00c7\u00c3O FOR\u00c7A TOTAL\u201d NOS 53 MUNIC\u00cdPIOS DA REGI\u00c3O NORTE","datePublished":"2022-05-04T18:03:50+00:00","mainEntityOfPage":{"@id":"https:\/\/blogdofarnesio.com.br\/?p=312359"},"wordCount":369,"commentCount":0,"publisher":{"@id":"https:\/\/blogdofarnesio.com.br\/#organization"},"image":{"@id":"https:\/\/blogdofarnesio.com.br\/?p=312359#primaryimage"},"thumbnailUrl":"https:\/\/blogdofarnesio.com.br\/wp-content\/uploads\/2022\/02\/blogqsppmba-jua-2-e1646095744389.jpg","articleSection":["Seguran\u00e7a"],"inLanguage":"pt-BR","potentialAction":[{"@type":"CommentAction","name":"Comment","target":["https:\/\/blogdofarnesio.com.br\/?p=312359#respond"]}]},{"@type":"WebPage","@id":"https:\/\/blogdofarnesio.com.br\/?p=312359","url":"https:\/\/blogdofarnesio.com.br\/?p=312359","name":"PMBA DEFLAGRA 4\u00aa EDI\u00c7\u00c3O DA \u201cOPERA\u00c7\u00c3O FOR\u00c7A TOTAL\u201d NOS 53 MUNIC\u00cdPIOS DA REGI\u00c3O NORTE - Blog do Farn\u00e9sio","isPartOf":{"@id":"https:\/\/blogdofarnesio.com.br\/#website"},"primaryImageOfPage":{"@id":"https:\/\/blogdofarnesio.com.br\/?p=312359#primaryimage"},"image":{"@id":"https:\/\/blogdofarnesio.com.br\/?p=312359#primaryimage"},"thumbnailUrl":"https:\/\/blogdofarnesio.com.br\/wp-content\/uploads\/2022\/02\/blogqsppmba-jua-2-e1646095744389.jpg","datePublished":"2022-05-04T18:03:50+00:00","breadcrumb":{"@id":"https:\/\/blogdofarnesio.com.br\/?p=312359#breadcrumb"},"inLanguage":"pt-BR","potentialAction":[{"@type":"ReadAction","target":["https:\/\/blogdofarnesio.com.br\/?p=312359"]}]},{"@type":"ImageObject","inLanguage":"pt-BR","@id":"https:\/\/blogdofarnesio.com.br\/?p=312359#primaryimage","url":"https:\/\/blogdofarnesio.com.br\/wp-content\/uploads\/2022\/02\/blogqsppmba-jua-2-e1646095744389.jpg","contentUrl":"https:\/\/blogdofarnesio.com.br\/wp-content\/uploads\/2022\/02\/blogqsppmba-jua-2-e1646095744389.jpg","width":680,"height":510},{"@type":"BreadcrumbList","@id":"https:\/\/blogdofarnesio.com.br\/?p=312359#breadcrumb","itemListElement":[{"@type":"ListItem","position":1,"name":"In\u00edcio","item":"https:\/\/blogdofarnesio.com.br\/"},{"@type":"ListItem","position":2,"name":"PMBA DEFLAGRA 4\u00aa EDI\u00c7\u00c3O DA \u201cOPERA\u00c7\u00c3O FOR\u00c7A TOTAL\u201d NOS 53 MUNIC\u00cdPIOS DA REGI\u00c3O NORTE"}]},{"@type":"WebSite","@id":"https:\/\/blogdofarnesio.com.br\/#website","url":"https:\/\/blogdofarnesio.com.br\/","name":"Blog do Farn\u00e9sio","description":"Quer Saber Pol\u00edtica?","publisher":{"@id":"https:\/\/blogdofarnesio.com.br\/#organization"},"potentialAction":[{"@type":"SearchAction","target":{"@type":"EntryPoint","urlTemplate":"https:\/\/blogdofarnesio.com.br\/?s={search_term_string}"},"query-input":{"@type":"PropertyValueSpecification","valueRequired":true,"valueName":"search_term_string"}}],"inLanguage":"pt-BR"},{"@type":"Organization","@id":"https:\/\/blogdofarnesio.com.br\/#organization","name":"Blog do Farn\u00e9sio","url":"https:\/\/blogdofarnesio.com.br\/","logo":{"@type":"ImageObject","inLanguage":"pt-BR","@id":"https:\/\/blogdofarnesio.com.br\/#\/schema\/logo\/image\/","url":"https:\/\/blogdofarnesio.com.br\/wp-content\/uploads\/2026\/03\/cropped-logo_new-1.png","contentUrl":"https:\/\/blogdofarnesio.com.br\/wp-content\/uploads\/2026\/03\/cropped-logo_new-1.png","width":881,"height":685,"caption":"Blog do Farn\u00e9sio"},"image":{"@id":"https:\/\/blogdofarnesio.com.br\/#\/schema\/logo\/image\/"},"sameAs":["https:\/\/www.facebook.com\/BlogQuerSaberPolitica\/"]},{"@type":"Person","@id":"https:\/\/blogdofarnesio.com.br\/#\/schema\/person\/bb9b23ae3ad0609ce8df7b6c9e76824d","name":"Farn\u00e9sio","image":{"@type":"ImageObject","inLanguage":"pt-BR","@id":"https:\/\/secure.gravatar.com\/avatar\/986aa4c61ccdb66f8555bf88fc2a65609d00bcabd4d2d94377a727547345cbca?s=96&d=mm&r=g","url":"https:\/\/secure.gravatar.com\/avatar\/986aa4c61ccdb66f8555bf88fc2a65609d00bcabd4d2d94377a727547345cbca?s=96&d=mm&r=g","contentUrl":"https:\/\/secure.gravatar.com\/avatar\/986aa4c61ccdb66f8555bf88fc2a65609d00bcabd4d2d94377a727547345cbca?s=96&d=mm&r=g","caption":"Farn\u00e9sio"},"description":"Radialista blogueiro, chegou a Petrolina\/Juazeiro em setembro de 1980, Farn\u00e9sio Silva \u00e9 de Arapiraca-Alagoas.","sameAs":["http:\/\/blogdofarnesio.com.br","https:\/\/www.facebook.com\/?ref=tn_tnmn","https:\/\/www.instagram.com\/?utm_source=pwa_homescreen","https:\/\/youtube.com.br\/"],"url":"https:\/\/blogdofarnesio.com.br\/?author=2"}]}},"_links":{"self":[{"href":"https:\/\/blogdofarnesio.com.br\/index.php?rest_route=\/wp\/v2\/posts\/312359","targetHints":{"allow":["GET"]}}],"collection":[{"href":"https:\/\/blogdofarnesio.com.br\/index.php?rest_route=\/wp\/v2\/posts"}],"about":[{"href":"https:\/\/blogdofarnesio.com.br\/index.php?rest_route=\/wp\/v2\/types\/post"}],"author":[{"embeddable":true,"href":"https:\/\/blogdofarnesio.com.br\/index.php?rest_route=\/wp\/v2\/users\/2"}],"replies":[{"embeddable":true,"href":"https:\/\/blogdofarnesio.com.br\/index.php?rest_route=%2Fwp%2Fv2%2Fcomments&post=312359"}],"version-history":[{"count":0,"href":"https:\/\/blogdofarnesio.com.br\/index.php?rest_route=\/wp\/v2\/posts\/312359\/revisions"}],"wp:featuredmedia":[{"embeddable":true,"href":"https:\/\/blogdofarnesio.com.br\/index.php?rest_route=\/wp\/v2\/media\/307539"}],"wp:attachment":[{"href":"https:\/\/blogdofarnesio.com.br\/index.php?rest_route=%2Fwp%2Fv2%2Fmedia&parent=312359"}],"wp:term":[{"taxonomy":"category","embeddable":true,"href":"https:\/\/blogdofarnesio.com.br\/index.php?rest_route=%2Fwp%2Fv2%2Fcategories&post=312359"},{"taxonomy":"post_tag","embeddable":true,"href":"https:\/\/blogdofarnesio.com.br\/index.php?rest_route=%2Fwp%2Fv2%2Ftags&post=312359"}],"curies":[{"name":"wp","href":"https:\/\/api.w.org\/{rel}","templated":true}]}}