{"id":312298,"date":"2022-05-09T09:43:42","date_gmt":"2022-05-09T12:43:42","guid":{"rendered":"https:\/\/blogdofarnesio.com.br\/?p=312298"},"modified":"2022-05-03T08:58:02","modified_gmt":"2022-05-03T11:58:02","slug":"prefeitura-de-juazeiro-lanca-programacao-da-12a-semana-do-bebe-com-o-tema-inclusao-e-afetividade-o-olhar-atencioso-na-primeira-infancia","status":"publish","type":"post","link":"https:\/\/blogdofarnesio.com.br\/?p=312298","title":{"rendered":"Prefeitura de Juazeiro lan\u00e7a programa\u00e7\u00e3o da 12\u00aa Semana do Beb\u00ea com o tema \u201cInclus\u00e3o e Afetividade: O olhar atencioso na primeira inf\u00e2ncia\u201d"},"content":{"rendered":"<p style=\"font-weight: 400;\">A Prefeitura de Juazeiro divulgou a programa\u00e7\u00e3o da 12\u00aa edi\u00e7\u00e3o da Semana do Beb\u00ea, um evento que tem como proposta discutir pol\u00edticas p\u00fablicas para a primeira inf\u00e2ncia. A Semana do Beb\u00ea \u00e9 uma a\u00e7\u00e3o estrat\u00e9gica para o \u2018Selo Unicef\u2019, articulado pelas Secretarias de Sa\u00fade, Educa\u00e7\u00e3o e Juventude e Desenvolvimento Social, Mulher e Diversidade. O tema deste ano \u00e9 \u201cInclus\u00e3o e Afetividade: O olhar atencioso na primeira inf\u00e2ncia\u201d.<\/p>\n<p style=\"font-weight: 400;\">De acordo com a coordenadora da Comiss\u00e3o\u00a0Intersetorial da Semana do Beb\u00ea 2022, Anne Azevedo, a programa\u00e7\u00e3o levanta uma discuss\u00e3o importante para o p\u00fablico infantil. \u201cA Semana do Beb\u00ea \u00e9 uma estrat\u00e9gia importante para nosso munic\u00edpio e tem como objetivo levar discuss\u00f5es pertinentes sobre a primeira inf\u00e2ncia e o desenvolvimento infantil com a comunidade em geral e profissionais de sa\u00fade, educa\u00e7\u00e3o e assist\u00eancia social\u201d, disse Anne.<\/p>\n<p style=\"font-weight: 400;\">A programa\u00e7\u00e3o iniciou oficialmente no domingo (8) com a entrega da chave para o primeiro beb\u00ea nascido na Maternidade de Juazeiro. \u201c\u00c9 importante frisar que todo beb\u00ea j\u00e1 nasce como um ser de direito, e por isso entregamos a chave do beb\u00ea \u00e0 primeira crian\u00e7a a nascer nesse per\u00edodo\u201d, destacou Anne Azevedo. Na segunda-feira (9) haver\u00e1 a mesa de abertura da 12\u00aa Semana do Beb\u00ea na C\u00e2mara de Vereadores, a partir das 9h, onde haver\u00e1 uma palestra que discutir\u00e1 a tem\u00e1tica da inclus\u00e3o e da afetividade na primeira inf\u00e2ncia.<\/p>\n<p style=\"font-weight: 400;\">De 9 a 13 de maio haver\u00e1 programa\u00e7\u00e3o nas escolas municipais de educa\u00e7\u00e3o infantil (EMEIs), nos Centros de Refer\u00eancia de Assist\u00eancia Social (Cras), Casas de Acolhimento e nas Unidades B\u00e1sicas de Sa\u00fade (UBSs), com orienta\u00e7\u00f5es de sa\u00fade bucal, discuss\u00f5es sobre a import\u00e2ncia do afeto e ludicidade para o desenvolvimento da primeira inf\u00e2ncia, alimenta\u00e7\u00e3o saud\u00e1vel, pr\u00e9-natal, aleitamento materno, entre outros.<\/p>\n<p style=\"font-weight: 400;\">A 12\u00aa Semana do Beb\u00ea encerrar\u00e1 com um evento cultural na sexta-feira (13), na Orla Nova, das 16h \u00e0s 19h, e contar\u00e1 com premia\u00e7\u00e3o do show de talentos \u201cBrincando eu me desenvolvo\u201d, que est\u00e1 sendo realizado nas escolas, apresenta\u00e7\u00f5es art\u00edsticas, conta\u00e7\u00e3o de hist\u00f3rias, exposi\u00e7\u00e3o de desenhos produzidos pelas crian\u00e7as e muito mais. A programa\u00e7\u00e3o \u00e9 aberta ao p\u00fablico.<\/p>\n<p style=\"font-weight: 400;\">\n<p style=\"font-weight: 400;\">Texto: Amanda Franco \u2013 Ascom Sesau PMJ<\/p>\n","protected":false},"excerpt":{"rendered":"<p>A Prefeitura de Juazeiro divulgou a programa\u00e7\u00e3o da 12\u00aa edi\u00e7\u00e3o da Semana do Beb\u00ea, um evento que tem como proposta discutir pol\u00edticas p\u00fablicas para a primeira inf\u00e2ncia. A Semana do Beb\u00ea \u00e9 uma a\u00e7\u00e3o estrat\u00e9gica para o \u2018Selo Unicef\u2019, articulado pelas Secretarias de Sa\u00fade, Educa\u00e7\u00e3o e Juventude e Desenvolvimento Social, Mulher e Diversidade. O tema deste ano \u00e9 \u201cInclus\u00e3o e Afetividade: O olhar atencioso na primeira inf\u00e2ncia\u201d. De acordo com a coordenadora da Comiss\u00e3o\u00a0Intersetorial da Semana do Beb\u00ea 2022, Anne Azevedo, a programa\u00e7\u00e3o levanta uma discuss\u00e3o importante para o p\u00fablico infantil. \u201cA Semana do Beb\u00ea \u00e9 uma estrat\u00e9gia importante para nosso munic\u00edpio e tem como objetivo levar discuss\u00f5es pertinentes sobre a primeira inf\u00e2ncia e o desenvolvimento infantil com a comunidade&hellip; <\/p>\n","protected":false},"author":2,"featured_media":227584,"comment_status":"open","ping_status":"open","sticky":false,"template":"","format":"standard","meta":{"_acf_changed":false,"footnotes":""},"categories":[43],"tags":[],"class_list":["post-312298","post","type-post","status-publish","format-standard","has-post-thumbnail","hentry","category-sem-categoria"],"acf":[],"yoast_head":"<!-- This site is optimized with the Yoast SEO plugin v27.4 - https:\/\/yoast.com\/product\/yoast-seo-wordpress\/ -->\n<title>Prefeitura de Juazeiro lan\u00e7a programa\u00e7\u00e3o da 12\u00aa Semana do Beb\u00ea com o tema \u201cInclus\u00e3o e Afetividade: O olhar atencioso na primeira inf\u00e2ncia\u201d - Blog do Farn\u00e9sio<\/title>\n<meta name=\"robots\" content=\"index, follow, max-snippet:-1, max-image-preview:large, max-video-preview:-1\" \/>\n<link rel=\"canonical\" href=\"https:\/\/blogdofarnesio.com.br\/?p=312298\" \/>\n<meta property=\"og:locale\" content=\"pt_BR\" \/>\n<meta property=\"og:type\" content=\"article\" \/>\n<meta property=\"og:title\" content=\"Prefeitura de Juazeiro lan\u00e7a programa\u00e7\u00e3o da 12\u00aa Semana do Beb\u00ea com o tema \u201cInclus\u00e3o e Afetividade: O olhar atencioso na primeira inf\u00e2ncia\u201d - Blog do Farn\u00e9sio\" \/>\n<meta property=\"og:description\" content=\"A Prefeitura de Juazeiro divulgou a programa\u00e7\u00e3o da 12\u00aa edi\u00e7\u00e3o da Semana do Beb\u00ea, um evento que tem como proposta discutir pol\u00edticas p\u00fablicas para a primeira inf\u00e2ncia. A Semana do Beb\u00ea \u00e9 uma a\u00e7\u00e3o estrat\u00e9gica para o \u2018Selo Unicef\u2019, articulado pelas Secretarias de Sa\u00fade, Educa\u00e7\u00e3o e Juventude e Desenvolvimento Social, Mulher e Diversidade. O tema deste ano \u00e9 \u201cInclus\u00e3o e Afetividade: O olhar atencioso na primeira inf\u00e2ncia\u201d. De acordo com a coordenadora da Comiss\u00e3o\u00a0Intersetorial da Semana do Beb\u00ea 2022, Anne Azevedo, a programa\u00e7\u00e3o levanta uma discuss\u00e3o importante para o p\u00fablico infantil. \u201cA Semana do Beb\u00ea \u00e9 uma estrat\u00e9gia importante para nosso munic\u00edpio e tem como objetivo levar discuss\u00f5es pertinentes sobre a primeira inf\u00e2ncia e o desenvolvimento infantil com a comunidade&hellip;\" \/>\n<meta property=\"og:url\" content=\"https:\/\/blogdofarnesio.com.br\/?p=312298\" \/>\n<meta property=\"og:site_name\" content=\"Blog do Farn\u00e9sio\" \/>\n<meta property=\"article:publisher\" content=\"https:\/\/www.facebook.com\/BlogQuerSaberPolitica\/\" \/>\n<meta property=\"article:author\" content=\"https:\/\/www.facebook.com\/?ref=tn_tnmn\" \/>\n<meta property=\"article:published_time\" content=\"2022-05-09T12:43:42+00:00\" \/>\n<meta property=\"og:image\" content=\"https:\/\/blogdofarnesio.com.br\/wp-content\/uploads\/2019\/05\/blogqsp-Semana-do-Beb\u00ea-2019-e1589380208417.jpg\" \/>\n\t<meta property=\"og:image:width\" content=\"480\" \/>\n\t<meta property=\"og:image:height\" content=\"222\" \/>\n\t<meta property=\"og:image:type\" content=\"image\/jpeg\" \/>\n<meta name=\"author\" content=\"Farn\u00e9sio\" \/>\n<meta name=\"twitter:card\" content=\"summary_large_image\" \/>\n<meta name=\"twitter:label1\" content=\"Escrito por\" \/>\n\t<meta name=\"twitter:data1\" content=\"Farn\u00e9sio\" \/>\n\t<meta name=\"twitter:label2\" content=\"Est. tempo de leitura\" \/>\n\t<meta name=\"twitter:data2\" content=\"2 minutos\" \/>\n<script type=\"application\/ld+json\" class=\"yoast-schema-graph\">{\"@context\":\"https:\\\/\\\/schema.org\",\"@graph\":[{\"@type\":\"Article\",\"@id\":\"https:\\\/\\\/blogdofarnesio.com.br\\\/?p=312298#article\",\"isPartOf\":{\"@id\":\"https:\\\/\\\/blogdofarnesio.com.br\\\/?p=312298\"},\"author\":{\"name\":\"Farn\u00e9sio\",\"@id\":\"https:\\\/\\\/blogdofarnesio.com.br\\\/#\\\/schema\\\/person\\\/bb9b23ae3ad0609ce8df7b6c9e76824d\"},\"headline\":\"Prefeitura de Juazeiro lan\u00e7a programa\u00e7\u00e3o da 12\u00aa Semana do Beb\u00ea com o tema \u201cInclus\u00e3o e Afetividade: O olhar atencioso na primeira inf\u00e2ncia\u201d\",\"datePublished\":\"2022-05-09T12:43:42+00:00\",\"mainEntityOfPage\":{\"@id\":\"https:\\\/\\\/blogdofarnesio.com.br\\\/?p=312298\"},\"wordCount\":407,\"commentCount\":0,\"publisher\":{\"@id\":\"https:\\\/\\\/blogdofarnesio.com.br\\\/#organization\"},\"image\":{\"@id\":\"https:\\\/\\\/blogdofarnesio.com.br\\\/?p=312298#primaryimage\"},\"thumbnailUrl\":\"https:\\\/\\\/blogdofarnesio.com.br\\\/wp-content\\\/uploads\\\/2019\\\/05\\\/blogqsp-Semana-do-Beb\u00ea-2019-e1589380208417.jpg\",\"inLanguage\":\"pt-BR\",\"potentialAction\":[{\"@type\":\"CommentAction\",\"name\":\"Comment\",\"target\":[\"https:\\\/\\\/blogdofarnesio.com.br\\\/?p=312298#respond\"]}]},{\"@type\":\"WebPage\",\"@id\":\"https:\\\/\\\/blogdofarnesio.com.br\\\/?p=312298\",\"url\":\"https:\\\/\\\/blogdofarnesio.com.br\\\/?p=312298\",\"name\":\"Prefeitura de Juazeiro lan\u00e7a programa\u00e7\u00e3o da 12\u00aa Semana do Beb\u00ea com o tema \u201cInclus\u00e3o e Afetividade: O olhar atencioso na primeira inf\u00e2ncia\u201d - Blog do Farn\u00e9sio\",\"isPartOf\":{\"@id\":\"https:\\\/\\\/blogdofarnesio.com.br\\\/#website\"},\"primaryImageOfPage\":{\"@id\":\"https:\\\/\\\/blogdofarnesio.com.br\\\/?p=312298#primaryimage\"},\"image\":{\"@id\":\"https:\\\/\\\/blogdofarnesio.com.br\\\/?p=312298#primaryimage\"},\"thumbnailUrl\":\"https:\\\/\\\/blogdofarnesio.com.br\\\/wp-content\\\/uploads\\\/2019\\\/05\\\/blogqsp-Semana-do-Beb\u00ea-2019-e1589380208417.jpg\",\"datePublished\":\"2022-05-09T12:43:42+00:00\",\"breadcrumb\":{\"@id\":\"https:\\\/\\\/blogdofarnesio.com.br\\\/?p=312298#breadcrumb\"},\"inLanguage\":\"pt-BR\",\"potentialAction\":[{\"@type\":\"ReadAction\",\"target\":[\"https:\\\/\\\/blogdofarnesio.com.br\\\/?p=312298\"]}]},{\"@type\":\"ImageObject\",\"inLanguage\":\"pt-BR\",\"@id\":\"https:\\\/\\\/blogdofarnesio.com.br\\\/?p=312298#primaryimage\",\"url\":\"https:\\\/\\\/blogdofarnesio.com.br\\\/wp-content\\\/uploads\\\/2019\\\/05\\\/blogqsp-Semana-do-Beb\u00ea-2019-e1589380208417.jpg\",\"contentUrl\":\"https:\\\/\\\/blogdofarnesio.com.br\\\/wp-content\\\/uploads\\\/2019\\\/05\\\/blogqsp-Semana-do-Beb\u00ea-2019-e1589380208417.jpg\",\"width\":480,\"height\":222},{\"@type\":\"BreadcrumbList\",\"@id\":\"https:\\\/\\\/blogdofarnesio.com.br\\\/?p=312298#breadcrumb\",\"itemListElement\":[{\"@type\":\"ListItem\",\"position\":1,\"name\":\"In\u00edcio\",\"item\":\"https:\\\/\\\/blogdofarnesio.com.br\\\/\"},{\"@type\":\"ListItem\",\"position\":2,\"name\":\"Prefeitura de Juazeiro lan\u00e7a programa\u00e7\u00e3o da 12\u00aa Semana do Beb\u00ea com o tema \u201cInclus\u00e3o e Afetividade: O olhar atencioso na primeira inf\u00e2ncia\u201d\"}]},{\"@type\":\"WebSite\",\"@id\":\"https:\\\/\\\/blogdofarnesio.com.br\\\/#website\",\"url\":\"https:\\\/\\\/blogdofarnesio.com.br\\\/\",\"name\":\"Blog do Farn\u00e9sio\",\"description\":\"Quer Saber Pol\u00edtica?\",\"publisher\":{\"@id\":\"https:\\\/\\\/blogdofarnesio.com.br\\\/#organization\"},\"potentialAction\":[{\"@type\":\"SearchAction\",\"target\":{\"@type\":\"EntryPoint\",\"urlTemplate\":\"https:\\\/\\\/blogdofarnesio.com.br\\\/?s={search_term_string}\"},\"query-input\":{\"@type\":\"PropertyValueSpecification\",\"valueRequired\":true,\"valueName\":\"search_term_string\"}}],\"inLanguage\":\"pt-BR\"},{\"@type\":\"Organization\",\"@id\":\"https:\\\/\\\/blogdofarnesio.com.br\\\/#organization\",\"name\":\"Blog do Farn\u00e9sio\",\"url\":\"https:\\\/\\\/blogdofarnesio.com.br\\\/\",\"logo\":{\"@type\":\"ImageObject\",\"inLanguage\":\"pt-BR\",\"@id\":\"https:\\\/\\\/blogdofarnesio.com.br\\\/#\\\/schema\\\/logo\\\/image\\\/\",\"url\":\"https:\\\/\\\/blogdofarnesio.com.br\\\/wp-content\\\/uploads\\\/2026\\\/03\\\/cropped-logo_new-1.png\",\"contentUrl\":\"https:\\\/\\\/blogdofarnesio.com.br\\\/wp-content\\\/uploads\\\/2026\\\/03\\\/cropped-logo_new-1.png\",\"width\":881,\"height\":685,\"caption\":\"Blog do Farn\u00e9sio\"},\"image\":{\"@id\":\"https:\\\/\\\/blogdofarnesio.com.br\\\/#\\\/schema\\\/logo\\\/image\\\/\"},\"sameAs\":[\"https:\\\/\\\/www.facebook.com\\\/BlogQuerSaberPolitica\\\/\"]},{\"@type\":\"Person\",\"@id\":\"https:\\\/\\\/blogdofarnesio.com.br\\\/#\\\/schema\\\/person\\\/bb9b23ae3ad0609ce8df7b6c9e76824d\",\"name\":\"Farn\u00e9sio\",\"image\":{\"@type\":\"ImageObject\",\"inLanguage\":\"pt-BR\",\"@id\":\"https:\\\/\\\/secure.gravatar.com\\\/avatar\\\/986aa4c61ccdb66f8555bf88fc2a65609d00bcabd4d2d94377a727547345cbca?s=96&d=mm&r=g\",\"url\":\"https:\\\/\\\/secure.gravatar.com\\\/avatar\\\/986aa4c61ccdb66f8555bf88fc2a65609d00bcabd4d2d94377a727547345cbca?s=96&d=mm&r=g\",\"contentUrl\":\"https:\\\/\\\/secure.gravatar.com\\\/avatar\\\/986aa4c61ccdb66f8555bf88fc2a65609d00bcabd4d2d94377a727547345cbca?s=96&d=mm&r=g\",\"caption\":\"Farn\u00e9sio\"},\"description\":\"Radialista blogueiro, chegou a Petrolina\\\/Juazeiro em setembro de 1980, Farn\u00e9sio Silva \u00e9 de Arapiraca-Alagoas.\",\"sameAs\":[\"http:\\\/\\\/blogdofarnesio.com.br\",\"https:\\\/\\\/www.facebook.com\\\/?ref=tn_tnmn\",\"https:\\\/\\\/www.instagram.com\\\/?utm_source=pwa_homescreen\",\"https:\\\/\\\/youtube.com.br\\\/\"],\"url\":\"https:\\\/\\\/blogdofarnesio.com.br\\\/?author=2\"}]}<\/script>\n<!-- \/ Yoast SEO plugin. -->","yoast_head_json":{"title":"Prefeitura de Juazeiro lan\u00e7a programa\u00e7\u00e3o da 12\u00aa Semana do Beb\u00ea com o tema \u201cInclus\u00e3o e Afetividade: O olhar atencioso na primeira inf\u00e2ncia\u201d - Blog do Farn\u00e9sio","robots":{"index":"index","follow":"follow","max-snippet":"max-snippet:-1","max-image-preview":"max-image-preview:large","max-video-preview":"max-video-preview:-1"},"canonical":"https:\/\/blogdofarnesio.com.br\/?p=312298","og_locale":"pt_BR","og_type":"article","og_title":"Prefeitura de Juazeiro lan\u00e7a programa\u00e7\u00e3o da 12\u00aa Semana do Beb\u00ea com o tema \u201cInclus\u00e3o e Afetividade: O olhar atencioso na primeira inf\u00e2ncia\u201d - Blog do Farn\u00e9sio","og_description":"A Prefeitura de Juazeiro divulgou a programa\u00e7\u00e3o da 12\u00aa edi\u00e7\u00e3o da Semana do Beb\u00ea, um evento que tem como proposta discutir pol\u00edticas p\u00fablicas para a primeira inf\u00e2ncia. A Semana do Beb\u00ea \u00e9 uma a\u00e7\u00e3o estrat\u00e9gica para o \u2018Selo Unicef\u2019, articulado pelas Secretarias de Sa\u00fade, Educa\u00e7\u00e3o e Juventude e Desenvolvimento Social, Mulher e Diversidade. O tema deste ano \u00e9 \u201cInclus\u00e3o e Afetividade: O olhar atencioso na primeira inf\u00e2ncia\u201d. De acordo com a coordenadora da Comiss\u00e3o\u00a0Intersetorial da Semana do Beb\u00ea 2022, Anne Azevedo, a programa\u00e7\u00e3o levanta uma discuss\u00e3o importante para o p\u00fablico infantil. \u201cA Semana do Beb\u00ea \u00e9 uma estrat\u00e9gia importante para nosso munic\u00edpio e tem como objetivo levar discuss\u00f5es pertinentes sobre a primeira inf\u00e2ncia e o desenvolvimento infantil com a comunidade&hellip;","og_url":"https:\/\/blogdofarnesio.com.br\/?p=312298","og_site_name":"Blog do Farn\u00e9sio","article_publisher":"https:\/\/www.facebook.com\/BlogQuerSaberPolitica\/","article_author":"https:\/\/www.facebook.com\/?ref=tn_tnmn","article_published_time":"2022-05-09T12:43:42+00:00","og_image":[{"width":480,"height":222,"url":"https:\/\/blogdofarnesio.com.br\/wp-content\/uploads\/2019\/05\/blogqsp-Semana-do-Beb\u00ea-2019-e1589380208417.jpg","type":"image\/jpeg"}],"author":"Farn\u00e9sio","twitter_card":"summary_large_image","twitter_misc":{"Escrito por":"Farn\u00e9sio","Est. tempo de leitura":"2 minutos"},"schema":{"@context":"https:\/\/schema.org","@graph":[{"@type":"Article","@id":"https:\/\/blogdofarnesio.com.br\/?p=312298#article","isPartOf":{"@id":"https:\/\/blogdofarnesio.com.br\/?p=312298"},"author":{"name":"Farn\u00e9sio","@id":"https:\/\/blogdofarnesio.com.br\/#\/schema\/person\/bb9b23ae3ad0609ce8df7b6c9e76824d"},"headline":"Prefeitura de Juazeiro lan\u00e7a programa\u00e7\u00e3o da 12\u00aa Semana do Beb\u00ea com o tema \u201cInclus\u00e3o e Afetividade: O olhar atencioso na primeira inf\u00e2ncia\u201d","datePublished":"2022-05-09T12:43:42+00:00","mainEntityOfPage":{"@id":"https:\/\/blogdofarnesio.com.br\/?p=312298"},"wordCount":407,"commentCount":0,"publisher":{"@id":"https:\/\/blogdofarnesio.com.br\/#organization"},"image":{"@id":"https:\/\/blogdofarnesio.com.br\/?p=312298#primaryimage"},"thumbnailUrl":"https:\/\/blogdofarnesio.com.br\/wp-content\/uploads\/2019\/05\/blogqsp-Semana-do-Beb\u00ea-2019-e1589380208417.jpg","inLanguage":"pt-BR","potentialAction":[{"@type":"CommentAction","name":"Comment","target":["https:\/\/blogdofarnesio.com.br\/?p=312298#respond"]}]},{"@type":"WebPage","@id":"https:\/\/blogdofarnesio.com.br\/?p=312298","url":"https:\/\/blogdofarnesio.com.br\/?p=312298","name":"Prefeitura de Juazeiro lan\u00e7a programa\u00e7\u00e3o da 12\u00aa Semana do Beb\u00ea com o tema \u201cInclus\u00e3o e Afetividade: O olhar atencioso na primeira inf\u00e2ncia\u201d - Blog do Farn\u00e9sio","isPartOf":{"@id":"https:\/\/blogdofarnesio.com.br\/#website"},"primaryImageOfPage":{"@id":"https:\/\/blogdofarnesio.com.br\/?p=312298#primaryimage"},"image":{"@id":"https:\/\/blogdofarnesio.com.br\/?p=312298#primaryimage"},"thumbnailUrl":"https:\/\/blogdofarnesio.com.br\/wp-content\/uploads\/2019\/05\/blogqsp-Semana-do-Beb\u00ea-2019-e1589380208417.jpg","datePublished":"2022-05-09T12:43:42+00:00","breadcrumb":{"@id":"https:\/\/blogdofarnesio.com.br\/?p=312298#breadcrumb"},"inLanguage":"pt-BR","potentialAction":[{"@type":"ReadAction","target":["https:\/\/blogdofarnesio.com.br\/?p=312298"]}]},{"@type":"ImageObject","inLanguage":"pt-BR","@id":"https:\/\/blogdofarnesio.com.br\/?p=312298#primaryimage","url":"https:\/\/blogdofarnesio.com.br\/wp-content\/uploads\/2019\/05\/blogqsp-Semana-do-Beb\u00ea-2019-e1589380208417.jpg","contentUrl":"https:\/\/blogdofarnesio.com.br\/wp-content\/uploads\/2019\/05\/blogqsp-Semana-do-Beb\u00ea-2019-e1589380208417.jpg","width":480,"height":222},{"@type":"BreadcrumbList","@id":"https:\/\/blogdofarnesio.com.br\/?p=312298#breadcrumb","itemListElement":[{"@type":"ListItem","position":1,"name":"In\u00edcio","item":"https:\/\/blogdofarnesio.com.br\/"},{"@type":"ListItem","position":2,"name":"Prefeitura de Juazeiro lan\u00e7a programa\u00e7\u00e3o da 12\u00aa Semana do Beb\u00ea com o tema \u201cInclus\u00e3o e Afetividade: O olhar atencioso na primeira inf\u00e2ncia\u201d"}]},{"@type":"WebSite","@id":"https:\/\/blogdofarnesio.com.br\/#website","url":"https:\/\/blogdofarnesio.com.br\/","name":"Blog do Farn\u00e9sio","description":"Quer Saber Pol\u00edtica?","publisher":{"@id":"https:\/\/blogdofarnesio.com.br\/#organization"},"potentialAction":[{"@type":"SearchAction","target":{"@type":"EntryPoint","urlTemplate":"https:\/\/blogdofarnesio.com.br\/?s={search_term_string}"},"query-input":{"@type":"PropertyValueSpecification","valueRequired":true,"valueName":"search_term_string"}}],"inLanguage":"pt-BR"},{"@type":"Organization","@id":"https:\/\/blogdofarnesio.com.br\/#organization","name":"Blog do Farn\u00e9sio","url":"https:\/\/blogdofarnesio.com.br\/","logo":{"@type":"ImageObject","inLanguage":"pt-BR","@id":"https:\/\/blogdofarnesio.com.br\/#\/schema\/logo\/image\/","url":"https:\/\/blogdofarnesio.com.br\/wp-content\/uploads\/2026\/03\/cropped-logo_new-1.png","contentUrl":"https:\/\/blogdofarnesio.com.br\/wp-content\/uploads\/2026\/03\/cropped-logo_new-1.png","width":881,"height":685,"caption":"Blog do Farn\u00e9sio"},"image":{"@id":"https:\/\/blogdofarnesio.com.br\/#\/schema\/logo\/image\/"},"sameAs":["https:\/\/www.facebook.com\/BlogQuerSaberPolitica\/"]},{"@type":"Person","@id":"https:\/\/blogdofarnesio.com.br\/#\/schema\/person\/bb9b23ae3ad0609ce8df7b6c9e76824d","name":"Farn\u00e9sio","image":{"@type":"ImageObject","inLanguage":"pt-BR","@id":"https:\/\/secure.gravatar.com\/avatar\/986aa4c61ccdb66f8555bf88fc2a65609d00bcabd4d2d94377a727547345cbca?s=96&d=mm&r=g","url":"https:\/\/secure.gravatar.com\/avatar\/986aa4c61ccdb66f8555bf88fc2a65609d00bcabd4d2d94377a727547345cbca?s=96&d=mm&r=g","contentUrl":"https:\/\/secure.gravatar.com\/avatar\/986aa4c61ccdb66f8555bf88fc2a65609d00bcabd4d2d94377a727547345cbca?s=96&d=mm&r=g","caption":"Farn\u00e9sio"},"description":"Radialista blogueiro, chegou a Petrolina\/Juazeiro em setembro de 1980, Farn\u00e9sio Silva \u00e9 de Arapiraca-Alagoas.","sameAs":["http:\/\/blogdofarnesio.com.br","https:\/\/www.facebook.com\/?ref=tn_tnmn","https:\/\/www.instagram.com\/?utm_source=pwa_homescreen","https:\/\/youtube.com.br\/"],"url":"https:\/\/blogdofarnesio.com.br\/?author=2"}]}},"_links":{"self":[{"href":"https:\/\/blogdofarnesio.com.br\/index.php?rest_route=\/wp\/v2\/posts\/312298","targetHints":{"allow":["GET"]}}],"collection":[{"href":"https:\/\/blogdofarnesio.com.br\/index.php?rest_route=\/wp\/v2\/posts"}],"about":[{"href":"https:\/\/blogdofarnesio.com.br\/index.php?rest_route=\/wp\/v2\/types\/post"}],"author":[{"embeddable":true,"href":"https:\/\/blogdofarnesio.com.br\/index.php?rest_route=\/wp\/v2\/users\/2"}],"replies":[{"embeddable":true,"href":"https:\/\/blogdofarnesio.com.br\/index.php?rest_route=%2Fwp%2Fv2%2Fcomments&post=312298"}],"version-history":[{"count":0,"href":"https:\/\/blogdofarnesio.com.br\/index.php?rest_route=\/wp\/v2\/posts\/312298\/revisions"}],"wp:featuredmedia":[{"embeddable":true,"href":"https:\/\/blogdofarnesio.com.br\/index.php?rest_route=\/wp\/v2\/media\/227584"}],"wp:attachment":[{"href":"https:\/\/blogdofarnesio.com.br\/index.php?rest_route=%2Fwp%2Fv2%2Fmedia&parent=312298"}],"wp:term":[{"taxonomy":"category","embeddable":true,"href":"https:\/\/blogdofarnesio.com.br\/index.php?rest_route=%2Fwp%2Fv2%2Fcategories&post=312298"},{"taxonomy":"post_tag","embeddable":true,"href":"https:\/\/blogdofarnesio.com.br\/index.php?rest_route=%2Fwp%2Fv2%2Ftags&post=312298"}],"curies":[{"name":"wp","href":"https:\/\/api.w.org\/{rel}","templated":true}]}}