{"id":311485,"date":"2022-04-22T11:03:12","date_gmt":"2022-04-22T14:03:12","guid":{"rendered":"https:\/\/blogdofarnesio.com.br\/?p=311485"},"modified":"2022-04-21T18:45:30","modified_gmt":"2022-04-21T21:45:30","slug":"18a-corrida-tiradentinhos-e-exemplo-de-incentivo-ao-esporte-em-juazeiro","status":"publish","type":"post","link":"https:\/\/blogdofarnesio.com.br\/?p=311485","title":{"rendered":"18\u00aa Corrida Tiradentinhos em Juazeiro \u00e9 exemplo de incentivo ao esporte"},"content":{"rendered":"<p style=\"font-weight: 400;\">Uma grande brincadeira. Foi assim o clima da 18\u00aa Corrida Tiradentinhos, promovida pela Prefeitura de Juazeiro, atrav\u00e9s da Secretaria de Cultura, Turismo e Esportes (Seculte), e pela Associa\u00e7\u00e3o de Moradores da Rua Tiradentes, no bairro Santo Ant\u00f4nio. O evento, realizado nesta quinta-feira (21), deu um grande exemplo de incentivo \u00e0 pr\u00e1tica esportiva, com a participa\u00e7\u00e3o de 280 meninos e meninas, de 7 a 14 anos.<\/p>\n<p style=\"font-weight: 400;\">Divididas nas categorias 100m (7 a 8 anos), 200m (9 a 10 anos), 400m (11 a 12 anos) e 1.500m (13 a 14 anos), as crian\u00e7as e adolescentes percorreram a Rua Tiradentes e tamb\u00e9m trechos da orla da cidade e da Avenida Raul Alves sob o olhar da prefeita Suzana Ramos, que esteve presente na competi\u00e7\u00e3o. \u201c\u00c9 muito gratificante ver as crian\u00e7as aqui participando e ver o empenho dos pais, incentivando seus filhos.<\/p>\n<p style=\"font-weight: 400;\"><img loading=\"lazy\" decoding=\"async\" class=\"aligncenter wp-image-311487 size-full\" src=\"https:\/\/blogdofarnesio.com.br\/wp-content\/uploads\/2022\/04\/corrida-tiradentinhos-21.05.2022-36-e1650577377879.jpg\" alt=\"\" width=\"620\" height=\"413\" \/>Depois de tanto tempo de pandemia, agora estamos retomando as atividades esportivas e enquanto eu estiver prefeita vou continuar trabalhando pelo esporte, pela cultura e por tudo o que pudermos fazer para melhorar a vida da nossa popula\u00e7\u00e3o\u201d, declarou a prefeita.<\/p>\n<p style=\"font-weight: 400;\">O secret\u00e1rio de Cultura, Turismo e Esportes, S\u00e9rgio Fernandes, aproveitou a premia\u00e7\u00e3o do evento para agradecer a dedica\u00e7\u00e3o dos participantes e de todos os envolvidos na organiza\u00e7\u00e3o do evento. \u201cEu quero agradecer \u00e0 prefeita Suzana Ramos, \u00e0 toda equipe da Superintend\u00eancia de Esportes, \u00e0 Associa\u00e7\u00e3o de Moradores aqui da Rua Tiradentes, aos participantes, pais, professores e vereadores aqui presentes, que contribu\u00edram para o sucesso desse grande evento de incentivo ao esporte\u201d, disse o gestor.<\/p>\n<p style=\"font-weight: 400;\">A presidente da Associa\u00e7\u00e3o de Moradores da Rua Tiradentes, \u00c2ngela Vieira, lembrou a import\u00e2ncia da Tiradentinhos para os moradores do bairro. \u201cEu cresci aqui na Rua Tiradentes vendo essa corrida acontecer. Mesmo antes da parceria com a prefeitura, a gente j\u00e1 fazia a nossa divers\u00e3o, mas hoje eu s\u00f3 tenho a agradecer todo o apoio. O evento foi lindo, bem organizado e sabemos que houve muito esfor\u00e7o de todos para que ele fosse realizado. S\u00f3 temos a agradecer a todos que participaram\u201d, disse.<\/p>\n<p style=\"font-weight: 400;\"><strong>Campe\u00f5es<\/strong><\/p>\n<p style=\"font-weight: 400;\">Vencedor da prova masculina na categoria de 11 a 12 anos, Daniel Ara\u00fajo Costa (12 anos), j\u00e1 \u00e9 um veterano na prova, mas pela primeira vez ganhou o t\u00edtulo. \u201cEssa \u00e9 a minha terceira Corrida Tiradentinhos e estou muito feliz com a vit\u00f3ria. Treinei muito, me dediquei bastante e agora consegui\u201d, declarou Daniel, ap\u00f3s percorrer 400km.<\/p>\n<p style=\"font-weight: 400;\">J\u00e1 a tricampe\u00e3 Arielly da Silva Santana (13 anos), vencedora na categoria 13 a 14 anos, falou sobre a alegria de ser campe\u00e3 da corrida pela terceira vez. \u201cEu estou muito feliz, agora sou tricampe\u00e3 nessa prova e foi muito bom conquistar essa vit\u00f3ria\u201d, comemorou.<\/p>\n<p style=\"font-weight: 400;\">Os vencedores foram premiados com brindes, trof\u00e9us e medalhas.<\/p>\n<p style=\"font-weight: 400;\"><strong>Resultado completo<\/strong><\/p>\n<p style=\"font-weight: 400;\"><strong>Categoria 7 a 8 anos \u2013 100m<\/strong><\/p>\n<p style=\"font-weight: 400;\"><strong>Feminino<\/strong><\/p>\n<ol>\n<li style=\"font-weight: 400;\">Meury Misl\u00e2nia<\/li>\n<li style=\"font-weight: 400;\">Maely Luma<\/li>\n<li style=\"font-weight: 400;\">Pietra Maria<\/li>\n<\/ol>\n<p style=\"font-weight: 400;\"><strong>Masculino<\/strong><\/p>\n<ol>\n<li style=\"font-weight: 400;\">Jonathas Siqueira<\/li>\n<li style=\"font-weight: 400;\">Samuel Castro<\/li>\n<li style=\"font-weight: 400;\">Davi Guilherme<\/li>\n<\/ol>\n<p style=\"font-weight: 400;\"><strong>Categoria 9 a 10 anos \u2013 200m<\/strong><\/p>\n<p style=\"font-weight: 400;\"><strong>Feminino<\/strong><\/p>\n<ol>\n<li style=\"font-weight: 400;\">Rilari Suany<\/li>\n<li style=\"font-weight: 400;\">Lara Rafaela<\/li>\n<li style=\"font-weight: 400;\">Larissa Jacobina<\/li>\n<\/ol>\n<p style=\"font-weight: 400;\"><strong>Masculino<\/strong><\/p>\n<ol>\n<li style=\"font-weight: 400;\">Pedro Henrique<\/li>\n<li style=\"font-weight: 400;\">Ryan Felipe Rodrigues<\/li>\n<li style=\"font-weight: 400;\">Luis Miguel<\/li>\n<\/ol>\n<p style=\"font-weight: 400;\"><strong>Categoria 11 a 12 anos \u2013 400m<\/strong><\/p>\n<p style=\"font-weight: 400;\"><strong>Feminino<\/strong><\/p>\n<ol>\n<li style=\"font-weight: 400;\">Dezir\u00e9 da Silva Santana<\/li>\n<li style=\"font-weight: 400;\">Alice Sofia de Souza<\/li>\n<li style=\"font-weight: 400;\">Mirelly Alves<\/li>\n<\/ol>\n<p style=\"font-weight: 400;\"><strong>Masculino<\/strong><\/p>\n<ol>\n<li style=\"font-weight: 400;\">Daniel de Ara\u00fajo Costa<\/li>\n<li style=\"font-weight: 400;\">Carlos Henrique<\/li>\n<li style=\"font-weight: 400;\">Cau\u00e3 de Souza<\/li>\n<\/ol>\n<p style=\"font-weight: 400;\"><strong>Categoria 13 a 15 anos \u2013 1.500m<\/strong><\/p>\n<p style=\"font-weight: 400;\"><strong>Feminino<\/strong><\/p>\n<ol>\n<li style=\"font-weight: 400;\">Arielly da Silva Santana<\/li>\n<li style=\"font-weight: 400;\">Geovana Nascimento<\/li>\n<li style=\"font-weight: 400;\">Nat\u00e1lia Batista Barbosa<\/li>\n<\/ol>\n<p style=\"font-weight: 400;\"><strong>Masculino<\/strong><\/p>\n<ol>\n<li style=\"font-weight: 400;\">Marcos Vin\u00edcius<\/li>\n<li style=\"font-weight: 400;\">Rosevan Ara\u00fajo<\/li>\n<li style=\"font-weight: 400;\">Jos\u00e9 Mikael<\/li>\n<\/ol>\n<p style=\"font-weight: 400;\">Texto: Eneida Trindade \u2013 Assessora de Imprensa da Seculte<\/p>\n<p style=\"font-weight: 400;\">Fotos: Marcel Cordeiro<\/p>\n","protected":false},"excerpt":{"rendered":"<p>Uma grande brincadeira. Foi assim o clima da 18\u00aa Corrida Tiradentinhos, promovida pela Prefeitura de Juazeiro, atrav\u00e9s da Secretaria de Cultura, Turismo e Esportes (Seculte), e pela Associa\u00e7\u00e3o de Moradores da Rua Tiradentes, no bairro Santo Ant\u00f4nio. O evento, realizado nesta quinta-feira (21), deu um grande exemplo de incentivo \u00e0 pr\u00e1tica esportiva, com a participa\u00e7\u00e3o de 280 meninos e meninas, de 7 a 14 anos. Divididas nas categorias 100m (7 a 8 anos), 200m (9 a 10 anos), 400m (11 a 12 anos) e 1.500m (13 a 14 anos), as crian\u00e7as e adolescentes percorreram a Rua Tiradentes e tamb\u00e9m trechos da orla da cidade e da Avenida Raul Alves sob o olhar da prefeita Suzana Ramos, que esteve presente na&hellip; <\/p>\n","protected":false},"author":2,"featured_media":311486,"comment_status":"open","ping_status":"open","sticky":false,"template":"","format":"standard","meta":{"_acf_changed":false,"footnotes":""},"categories":[8],"tags":[],"class_list":["post-311485","post","type-post","status-publish","format-standard","has-post-thumbnail","hentry","category-esportes"],"acf":[],"yoast_head":"<!-- This site is optimized with the Yoast SEO plugin v27.4 - https:\/\/yoast.com\/product\/yoast-seo-wordpress\/ -->\n<title>18\u00aa Corrida Tiradentinhos em Juazeiro \u00e9 exemplo de incentivo ao esporte - Blog do Farn\u00e9sio<\/title>\n<meta name=\"robots\" content=\"index, follow, max-snippet:-1, max-image-preview:large, max-video-preview:-1\" \/>\n<link rel=\"canonical\" href=\"https:\/\/blogdofarnesio.com.br\/?p=311485\" \/>\n<meta property=\"og:locale\" content=\"pt_BR\" \/>\n<meta property=\"og:type\" content=\"article\" \/>\n<meta property=\"og:title\" content=\"18\u00aa Corrida Tiradentinhos em Juazeiro \u00e9 exemplo de incentivo ao esporte - Blog do Farn\u00e9sio\" \/>\n<meta property=\"og:description\" content=\"Uma grande brincadeira. Foi assim o clima da 18\u00aa Corrida Tiradentinhos, promovida pela Prefeitura de Juazeiro, atrav\u00e9s da Secretaria de Cultura, Turismo e Esportes (Seculte), e pela Associa\u00e7\u00e3o de Moradores da Rua Tiradentes, no bairro Santo Ant\u00f4nio. O evento, realizado nesta quinta-feira (21), deu um grande exemplo de incentivo \u00e0 pr\u00e1tica esportiva, com a participa\u00e7\u00e3o de 280 meninos e meninas, de 7 a 14 anos. Divididas nas categorias 100m (7 a 8 anos), 200m (9 a 10 anos), 400m (11 a 12 anos) e 1.500m (13 a 14 anos), as crian\u00e7as e adolescentes percorreram a Rua Tiradentes e tamb\u00e9m trechos da orla da cidade e da Avenida Raul Alves sob o olhar da prefeita Suzana Ramos, que esteve presente na&hellip;\" \/>\n<meta property=\"og:url\" content=\"https:\/\/blogdofarnesio.com.br\/?p=311485\" \/>\n<meta property=\"og:site_name\" content=\"Blog do Farn\u00e9sio\" \/>\n<meta property=\"article:publisher\" content=\"https:\/\/www.facebook.com\/BlogQuerSaberPolitica\/\" \/>\n<meta property=\"article:author\" content=\"https:\/\/www.facebook.com\/?ref=tn_tnmn\" \/>\n<meta property=\"article:published_time\" content=\"2022-04-22T14:03:12+00:00\" \/>\n<meta property=\"og:image\" content=\"https:\/\/blogdofarnesio.com.br\/wp-content\/uploads\/2022\/04\/corrida-tiradentinhos-21.05.2022-07-e1650577341164.jpg\" \/>\n\t<meta property=\"og:image:width\" content=\"620\" \/>\n\t<meta property=\"og:image:height\" content=\"413\" \/>\n\t<meta property=\"og:image:type\" content=\"image\/jpeg\" \/>\n<meta name=\"author\" content=\"Farn\u00e9sio\" \/>\n<meta name=\"twitter:card\" content=\"summary_large_image\" \/>\n<meta name=\"twitter:label1\" content=\"Escrito por\" \/>\n\t<meta name=\"twitter:data1\" content=\"Farn\u00e9sio\" \/>\n\t<meta name=\"twitter:label2\" content=\"Est. tempo de leitura\" \/>\n\t<meta name=\"twitter:data2\" content=\"4 minutos\" \/>\n<script type=\"application\/ld+json\" class=\"yoast-schema-graph\">{\"@context\":\"https:\\\/\\\/schema.org\",\"@graph\":[{\"@type\":\"Article\",\"@id\":\"https:\\\/\\\/blogdofarnesio.com.br\\\/?p=311485#article\",\"isPartOf\":{\"@id\":\"https:\\\/\\\/blogdofarnesio.com.br\\\/?p=311485\"},\"author\":{\"name\":\"Farn\u00e9sio\",\"@id\":\"https:\\\/\\\/blogdofarnesio.com.br\\\/#\\\/schema\\\/person\\\/bb9b23ae3ad0609ce8df7b6c9e76824d\"},\"headline\":\"18\u00aa Corrida Tiradentinhos em Juazeiro \u00e9 exemplo de incentivo ao esporte\",\"datePublished\":\"2022-04-22T14:03:12+00:00\",\"mainEntityOfPage\":{\"@id\":\"https:\\\/\\\/blogdofarnesio.com.br\\\/?p=311485\"},\"wordCount\":560,\"commentCount\":0,\"publisher\":{\"@id\":\"https:\\\/\\\/blogdofarnesio.com.br\\\/#organization\"},\"image\":{\"@id\":\"https:\\\/\\\/blogdofarnesio.com.br\\\/?p=311485#primaryimage\"},\"thumbnailUrl\":\"https:\\\/\\\/blogdofarnesio.com.br\\\/wp-content\\\/uploads\\\/2022\\\/04\\\/corrida-tiradentinhos-21.05.2022-07-e1650577341164.jpg\",\"articleSection\":[\"Esportes\"],\"inLanguage\":\"pt-BR\",\"potentialAction\":[{\"@type\":\"CommentAction\",\"name\":\"Comment\",\"target\":[\"https:\\\/\\\/blogdofarnesio.com.br\\\/?p=311485#respond\"]}]},{\"@type\":\"WebPage\",\"@id\":\"https:\\\/\\\/blogdofarnesio.com.br\\\/?p=311485\",\"url\":\"https:\\\/\\\/blogdofarnesio.com.br\\\/?p=311485\",\"name\":\"18\u00aa Corrida Tiradentinhos em Juazeiro \u00e9 exemplo de incentivo ao esporte - Blog do Farn\u00e9sio\",\"isPartOf\":{\"@id\":\"https:\\\/\\\/blogdofarnesio.com.br\\\/#website\"},\"primaryImageOfPage\":{\"@id\":\"https:\\\/\\\/blogdofarnesio.com.br\\\/?p=311485#primaryimage\"},\"image\":{\"@id\":\"https:\\\/\\\/blogdofarnesio.com.br\\\/?p=311485#primaryimage\"},\"thumbnailUrl\":\"https:\\\/\\\/blogdofarnesio.com.br\\\/wp-content\\\/uploads\\\/2022\\\/04\\\/corrida-tiradentinhos-21.05.2022-07-e1650577341164.jpg\",\"datePublished\":\"2022-04-22T14:03:12+00:00\",\"breadcrumb\":{\"@id\":\"https:\\\/\\\/blogdofarnesio.com.br\\\/?p=311485#breadcrumb\"},\"inLanguage\":\"pt-BR\",\"potentialAction\":[{\"@type\":\"ReadAction\",\"target\":[\"https:\\\/\\\/blogdofarnesio.com.br\\\/?p=311485\"]}]},{\"@type\":\"ImageObject\",\"inLanguage\":\"pt-BR\",\"@id\":\"https:\\\/\\\/blogdofarnesio.com.br\\\/?p=311485#primaryimage\",\"url\":\"https:\\\/\\\/blogdofarnesio.com.br\\\/wp-content\\\/uploads\\\/2022\\\/04\\\/corrida-tiradentinhos-21.05.2022-07-e1650577341164.jpg\",\"contentUrl\":\"https:\\\/\\\/blogdofarnesio.com.br\\\/wp-content\\\/uploads\\\/2022\\\/04\\\/corrida-tiradentinhos-21.05.2022-07-e1650577341164.jpg\",\"width\":620,\"height\":413},{\"@type\":\"BreadcrumbList\",\"@id\":\"https:\\\/\\\/blogdofarnesio.com.br\\\/?p=311485#breadcrumb\",\"itemListElement\":[{\"@type\":\"ListItem\",\"position\":1,\"name\":\"In\u00edcio\",\"item\":\"https:\\\/\\\/blogdofarnesio.com.br\\\/\"},{\"@type\":\"ListItem\",\"position\":2,\"name\":\"18\u00aa Corrida Tiradentinhos em Juazeiro \u00e9 exemplo de incentivo ao esporte\"}]},{\"@type\":\"WebSite\",\"@id\":\"https:\\\/\\\/blogdofarnesio.com.br\\\/#website\",\"url\":\"https:\\\/\\\/blogdofarnesio.com.br\\\/\",\"name\":\"Blog do Farn\u00e9sio\",\"description\":\"Quer Saber Pol\u00edtica?\",\"publisher\":{\"@id\":\"https:\\\/\\\/blogdofarnesio.com.br\\\/#organization\"},\"potentialAction\":[{\"@type\":\"SearchAction\",\"target\":{\"@type\":\"EntryPoint\",\"urlTemplate\":\"https:\\\/\\\/blogdofarnesio.com.br\\\/?s={search_term_string}\"},\"query-input\":{\"@type\":\"PropertyValueSpecification\",\"valueRequired\":true,\"valueName\":\"search_term_string\"}}],\"inLanguage\":\"pt-BR\"},{\"@type\":\"Organization\",\"@id\":\"https:\\\/\\\/blogdofarnesio.com.br\\\/#organization\",\"name\":\"Blog do Farn\u00e9sio\",\"url\":\"https:\\\/\\\/blogdofarnesio.com.br\\\/\",\"logo\":{\"@type\":\"ImageObject\",\"inLanguage\":\"pt-BR\",\"@id\":\"https:\\\/\\\/blogdofarnesio.com.br\\\/#\\\/schema\\\/logo\\\/image\\\/\",\"url\":\"https:\\\/\\\/blogdofarnesio.com.br\\\/wp-content\\\/uploads\\\/2026\\\/03\\\/cropped-logo_new-1.png\",\"contentUrl\":\"https:\\\/\\\/blogdofarnesio.com.br\\\/wp-content\\\/uploads\\\/2026\\\/03\\\/cropped-logo_new-1.png\",\"width\":881,\"height\":685,\"caption\":\"Blog do Farn\u00e9sio\"},\"image\":{\"@id\":\"https:\\\/\\\/blogdofarnesio.com.br\\\/#\\\/schema\\\/logo\\\/image\\\/\"},\"sameAs\":[\"https:\\\/\\\/www.facebook.com\\\/BlogQuerSaberPolitica\\\/\"]},{\"@type\":\"Person\",\"@id\":\"https:\\\/\\\/blogdofarnesio.com.br\\\/#\\\/schema\\\/person\\\/bb9b23ae3ad0609ce8df7b6c9e76824d\",\"name\":\"Farn\u00e9sio\",\"image\":{\"@type\":\"ImageObject\",\"inLanguage\":\"pt-BR\",\"@id\":\"https:\\\/\\\/secure.gravatar.com\\\/avatar\\\/986aa4c61ccdb66f8555bf88fc2a65609d00bcabd4d2d94377a727547345cbca?s=96&d=mm&r=g\",\"url\":\"https:\\\/\\\/secure.gravatar.com\\\/avatar\\\/986aa4c61ccdb66f8555bf88fc2a65609d00bcabd4d2d94377a727547345cbca?s=96&d=mm&r=g\",\"contentUrl\":\"https:\\\/\\\/secure.gravatar.com\\\/avatar\\\/986aa4c61ccdb66f8555bf88fc2a65609d00bcabd4d2d94377a727547345cbca?s=96&d=mm&r=g\",\"caption\":\"Farn\u00e9sio\"},\"description\":\"Radialista blogueiro, chegou a Petrolina\\\/Juazeiro em setembro de 1980, Farn\u00e9sio Silva \u00e9 de Arapiraca-Alagoas.\",\"sameAs\":[\"http:\\\/\\\/blogdofarnesio.com.br\",\"https:\\\/\\\/www.facebook.com\\\/?ref=tn_tnmn\",\"https:\\\/\\\/www.instagram.com\\\/?utm_source=pwa_homescreen\",\"https:\\\/\\\/youtube.com.br\\\/\"],\"url\":\"https:\\\/\\\/blogdofarnesio.com.br\\\/?author=2\"}]}<\/script>\n<!-- \/ Yoast SEO plugin. -->","yoast_head_json":{"title":"18\u00aa Corrida Tiradentinhos em Juazeiro \u00e9 exemplo de incentivo ao esporte - Blog do Farn\u00e9sio","robots":{"index":"index","follow":"follow","max-snippet":"max-snippet:-1","max-image-preview":"max-image-preview:large","max-video-preview":"max-video-preview:-1"},"canonical":"https:\/\/blogdofarnesio.com.br\/?p=311485","og_locale":"pt_BR","og_type":"article","og_title":"18\u00aa Corrida Tiradentinhos em Juazeiro \u00e9 exemplo de incentivo ao esporte - Blog do Farn\u00e9sio","og_description":"Uma grande brincadeira. Foi assim o clima da 18\u00aa Corrida Tiradentinhos, promovida pela Prefeitura de Juazeiro, atrav\u00e9s da Secretaria de Cultura, Turismo e Esportes (Seculte), e pela Associa\u00e7\u00e3o de Moradores da Rua Tiradentes, no bairro Santo Ant\u00f4nio. O evento, realizado nesta quinta-feira (21), deu um grande exemplo de incentivo \u00e0 pr\u00e1tica esportiva, com a participa\u00e7\u00e3o de 280 meninos e meninas, de 7 a 14 anos. Divididas nas categorias 100m (7 a 8 anos), 200m (9 a 10 anos), 400m (11 a 12 anos) e 1.500m (13 a 14 anos), as crian\u00e7as e adolescentes percorreram a Rua Tiradentes e tamb\u00e9m trechos da orla da cidade e da Avenida Raul Alves sob o olhar da prefeita Suzana Ramos, que esteve presente na&hellip;","og_url":"https:\/\/blogdofarnesio.com.br\/?p=311485","og_site_name":"Blog do Farn\u00e9sio","article_publisher":"https:\/\/www.facebook.com\/BlogQuerSaberPolitica\/","article_author":"https:\/\/www.facebook.com\/?ref=tn_tnmn","article_published_time":"2022-04-22T14:03:12+00:00","og_image":[{"width":620,"height":413,"url":"https:\/\/blogdofarnesio.com.br\/wp-content\/uploads\/2022\/04\/corrida-tiradentinhos-21.05.2022-07-e1650577341164.jpg","type":"image\/jpeg"}],"author":"Farn\u00e9sio","twitter_card":"summary_large_image","twitter_misc":{"Escrito por":"Farn\u00e9sio","Est. tempo de leitura":"4 minutos"},"schema":{"@context":"https:\/\/schema.org","@graph":[{"@type":"Article","@id":"https:\/\/blogdofarnesio.com.br\/?p=311485#article","isPartOf":{"@id":"https:\/\/blogdofarnesio.com.br\/?p=311485"},"author":{"name":"Farn\u00e9sio","@id":"https:\/\/blogdofarnesio.com.br\/#\/schema\/person\/bb9b23ae3ad0609ce8df7b6c9e76824d"},"headline":"18\u00aa Corrida Tiradentinhos em Juazeiro \u00e9 exemplo de incentivo ao esporte","datePublished":"2022-04-22T14:03:12+00:00","mainEntityOfPage":{"@id":"https:\/\/blogdofarnesio.com.br\/?p=311485"},"wordCount":560,"commentCount":0,"publisher":{"@id":"https:\/\/blogdofarnesio.com.br\/#organization"},"image":{"@id":"https:\/\/blogdofarnesio.com.br\/?p=311485#primaryimage"},"thumbnailUrl":"https:\/\/blogdofarnesio.com.br\/wp-content\/uploads\/2022\/04\/corrida-tiradentinhos-21.05.2022-07-e1650577341164.jpg","articleSection":["Esportes"],"inLanguage":"pt-BR","potentialAction":[{"@type":"CommentAction","name":"Comment","target":["https:\/\/blogdofarnesio.com.br\/?p=311485#respond"]}]},{"@type":"WebPage","@id":"https:\/\/blogdofarnesio.com.br\/?p=311485","url":"https:\/\/blogdofarnesio.com.br\/?p=311485","name":"18\u00aa Corrida Tiradentinhos em Juazeiro \u00e9 exemplo de incentivo ao esporte - Blog do Farn\u00e9sio","isPartOf":{"@id":"https:\/\/blogdofarnesio.com.br\/#website"},"primaryImageOfPage":{"@id":"https:\/\/blogdofarnesio.com.br\/?p=311485#primaryimage"},"image":{"@id":"https:\/\/blogdofarnesio.com.br\/?p=311485#primaryimage"},"thumbnailUrl":"https:\/\/blogdofarnesio.com.br\/wp-content\/uploads\/2022\/04\/corrida-tiradentinhos-21.05.2022-07-e1650577341164.jpg","datePublished":"2022-04-22T14:03:12+00:00","breadcrumb":{"@id":"https:\/\/blogdofarnesio.com.br\/?p=311485#breadcrumb"},"inLanguage":"pt-BR","potentialAction":[{"@type":"ReadAction","target":["https:\/\/blogdofarnesio.com.br\/?p=311485"]}]},{"@type":"ImageObject","inLanguage":"pt-BR","@id":"https:\/\/blogdofarnesio.com.br\/?p=311485#primaryimage","url":"https:\/\/blogdofarnesio.com.br\/wp-content\/uploads\/2022\/04\/corrida-tiradentinhos-21.05.2022-07-e1650577341164.jpg","contentUrl":"https:\/\/blogdofarnesio.com.br\/wp-content\/uploads\/2022\/04\/corrida-tiradentinhos-21.05.2022-07-e1650577341164.jpg","width":620,"height":413},{"@type":"BreadcrumbList","@id":"https:\/\/blogdofarnesio.com.br\/?p=311485#breadcrumb","itemListElement":[{"@type":"ListItem","position":1,"name":"In\u00edcio","item":"https:\/\/blogdofarnesio.com.br\/"},{"@type":"ListItem","position":2,"name":"18\u00aa Corrida Tiradentinhos em Juazeiro \u00e9 exemplo de incentivo ao esporte"}]},{"@type":"WebSite","@id":"https:\/\/blogdofarnesio.com.br\/#website","url":"https:\/\/blogdofarnesio.com.br\/","name":"Blog do Farn\u00e9sio","description":"Quer Saber Pol\u00edtica?","publisher":{"@id":"https:\/\/blogdofarnesio.com.br\/#organization"},"potentialAction":[{"@type":"SearchAction","target":{"@type":"EntryPoint","urlTemplate":"https:\/\/blogdofarnesio.com.br\/?s={search_term_string}"},"query-input":{"@type":"PropertyValueSpecification","valueRequired":true,"valueName":"search_term_string"}}],"inLanguage":"pt-BR"},{"@type":"Organization","@id":"https:\/\/blogdofarnesio.com.br\/#organization","name":"Blog do Farn\u00e9sio","url":"https:\/\/blogdofarnesio.com.br\/","logo":{"@type":"ImageObject","inLanguage":"pt-BR","@id":"https:\/\/blogdofarnesio.com.br\/#\/schema\/logo\/image\/","url":"https:\/\/blogdofarnesio.com.br\/wp-content\/uploads\/2026\/03\/cropped-logo_new-1.png","contentUrl":"https:\/\/blogdofarnesio.com.br\/wp-content\/uploads\/2026\/03\/cropped-logo_new-1.png","width":881,"height":685,"caption":"Blog do Farn\u00e9sio"},"image":{"@id":"https:\/\/blogdofarnesio.com.br\/#\/schema\/logo\/image\/"},"sameAs":["https:\/\/www.facebook.com\/BlogQuerSaberPolitica\/"]},{"@type":"Person","@id":"https:\/\/blogdofarnesio.com.br\/#\/schema\/person\/bb9b23ae3ad0609ce8df7b6c9e76824d","name":"Farn\u00e9sio","image":{"@type":"ImageObject","inLanguage":"pt-BR","@id":"https:\/\/secure.gravatar.com\/avatar\/986aa4c61ccdb66f8555bf88fc2a65609d00bcabd4d2d94377a727547345cbca?s=96&d=mm&r=g","url":"https:\/\/secure.gravatar.com\/avatar\/986aa4c61ccdb66f8555bf88fc2a65609d00bcabd4d2d94377a727547345cbca?s=96&d=mm&r=g","contentUrl":"https:\/\/secure.gravatar.com\/avatar\/986aa4c61ccdb66f8555bf88fc2a65609d00bcabd4d2d94377a727547345cbca?s=96&d=mm&r=g","caption":"Farn\u00e9sio"},"description":"Radialista blogueiro, chegou a Petrolina\/Juazeiro em setembro de 1980, Farn\u00e9sio Silva \u00e9 de Arapiraca-Alagoas.","sameAs":["http:\/\/blogdofarnesio.com.br","https:\/\/www.facebook.com\/?ref=tn_tnmn","https:\/\/www.instagram.com\/?utm_source=pwa_homescreen","https:\/\/youtube.com.br\/"],"url":"https:\/\/blogdofarnesio.com.br\/?author=2"}]}},"_links":{"self":[{"href":"https:\/\/blogdofarnesio.com.br\/index.php?rest_route=\/wp\/v2\/posts\/311485","targetHints":{"allow":["GET"]}}],"collection":[{"href":"https:\/\/blogdofarnesio.com.br\/index.php?rest_route=\/wp\/v2\/posts"}],"about":[{"href":"https:\/\/blogdofarnesio.com.br\/index.php?rest_route=\/wp\/v2\/types\/post"}],"author":[{"embeddable":true,"href":"https:\/\/blogdofarnesio.com.br\/index.php?rest_route=\/wp\/v2\/users\/2"}],"replies":[{"embeddable":true,"href":"https:\/\/blogdofarnesio.com.br\/index.php?rest_route=%2Fwp%2Fv2%2Fcomments&post=311485"}],"version-history":[{"count":0,"href":"https:\/\/blogdofarnesio.com.br\/index.php?rest_route=\/wp\/v2\/posts\/311485\/revisions"}],"wp:featuredmedia":[{"embeddable":true,"href":"https:\/\/blogdofarnesio.com.br\/index.php?rest_route=\/wp\/v2\/media\/311486"}],"wp:attachment":[{"href":"https:\/\/blogdofarnesio.com.br\/index.php?rest_route=%2Fwp%2Fv2%2Fmedia&parent=311485"}],"wp:term":[{"taxonomy":"category","embeddable":true,"href":"https:\/\/blogdofarnesio.com.br\/index.php?rest_route=%2Fwp%2Fv2%2Fcategories&post=311485"},{"taxonomy":"post_tag","embeddable":true,"href":"https:\/\/blogdofarnesio.com.br\/index.php?rest_route=%2Fwp%2Fv2%2Ftags&post=311485"}],"curies":[{"name":"wp","href":"https:\/\/api.w.org\/{rel}","templated":true}]}}