{"id":311411,"date":"2022-04-21T16:00:30","date_gmt":"2022-04-21T19:00:30","guid":{"rendered":"https:\/\/blogdofarnesio.com.br\/?p=311411"},"modified":"2022-04-21T12:20:25","modified_gmt":"2022-04-21T15:20:25","slug":"eleicoes-2022-pe-miguel-mostra-forca-no-sertao-do-araripe","status":"publish","type":"post","link":"https:\/\/blogdofarnesio.com.br\/?p=311411","title":{"rendered":"Elei\u00e7\u00f5es 2022 PE: Miguel mostra for\u00e7a no Sert\u00e3o do Araripe"},"content":{"rendered":"<p style=\"font-weight: 400;\">Em visita ao Araripe nesta quarta-feira (20), o pr\u00e9-candidato ao governo do estado, Miguel Coelho, fortaleceu seu arco de alian\u00e7as e demonstrou a unidade do Sert\u00e3o em torno de seu nome. Na passagem por Santa Filomena, ele arrastou uma multid\u00e3o ao lado do prefeito Gildevan e vereadores. A mesma cena se repetiu em Trindade, onde Miguel e a prefeita Helbinha participaram de eventos com grande presen\u00e7a de p\u00fablico.<\/p>\n<p style=\"font-weight: 400;\">O pr\u00e9-candidato tamb\u00e9m esteve em Ouricuri e Santa Cruz. Nessas duas cidades, o pr\u00e9-candidato recebeu apoios importantes de vereadores, ex-prefeitos e lideran\u00e7as pol\u00edticas do Sert\u00e3o do Araripe. A agenda continua na regi\u00e3o continua nesta quinta. Miguel deve atrair novas ades\u00f5es nos munic\u00edpios de Ipubi, Exu, Moreil\u00e2ndia e Bodoc\u00f3, concluindo o giro pelo Araripe.<\/p>\n<p style=\"font-weight: 400;\">Em entrevista \u00e0 r\u00e1dio Arari FM, o pr\u00e9-candidato fez um balan\u00e7o do primeiro dia e celebrou a parceria com o prefeito de Araripina, Raimundo Pimentel, o vice-prefeito Evilasio Mateus e a pr\u00e9-candidata a deputada estadual, Socorro Pimentel. \u201cAraripina \u00e9 testemunha do trabalho do deputado Fernando Filho com o prefeito Pimentel, o vice-prefeito Evilasio e todo o grupo de vereadores. Esse apoio se traduz em compromisso pol\u00edtico e investimentos\u201d, disse Miguel, destacando a for\u00e7a pol\u00edtica que est\u00e1 unindo todo o Sert\u00e3o.<\/p>\n<p style=\"font-weight: 400;\">\u201cEsta \u00e9 uma oportunidade \u00fanica. Quando foi a \u00faltima vez que o Sert\u00e3o conseguiu projetar uma lideran\u00e7a para poder disputar o governo do estado? E agora a gente tem essa oportunidade, atrav\u00e9s da nossa unidade, mas acima de tudo da nossa for\u00e7a e capacidade de representar o Sert\u00e3o, de fazer um governo que seja n\u00e3o s\u00f3 do sertanejo, mas que seja de todo Pernambuco. \u00c9 chegada a hora de unir Pernambuco\u201d, ressaltou Miguel Coelho.<\/p>\n<p style=\"font-weight: 400;\">Na entrevista, ele reafirmou o compromisso de trabalhar pela constru\u00e7\u00e3o da PE-630, de Araripina at\u00e9 Petrolina, melhorando a log\u00edstica e o transporte nos polos econ\u00f4micos da regi\u00e3o. \u201cA PE-630 tem papel econ\u00f4mico e social de integra\u00e7\u00e3o muito forte. A gente precisa fazer essa obra em duas etapas: de Trindade at\u00e9 Santa Filomena, para atender o polo gesseiro e da cer\u00e2mica, e depois de Santa Filomena at\u00e9 Petrolina\u201d, concluiu.<\/p>\n<p style=\"font-weight: 400;\">\n<p style=\"font-weight: 400;\">Fotos: Jonas Santos<\/p>\n","protected":false},"excerpt":{"rendered":"<p>Em visita ao Araripe nesta quarta-feira (20), o pr\u00e9-candidato ao governo do estado, Miguel Coelho, fortaleceu seu arco de alian\u00e7as e demonstrou a unidade do Sert\u00e3o em torno de seu nome. Na passagem por Santa Filomena, ele arrastou uma multid\u00e3o ao lado do prefeito Gildevan e vereadores. A mesma cena se repetiu em Trindade, onde Miguel e a prefeita Helbinha participaram de eventos com grande presen\u00e7a de p\u00fablico. O pr\u00e9-candidato tamb\u00e9m esteve em Ouricuri e Santa Cruz. Nessas duas cidades, o pr\u00e9-candidato recebeu apoios importantes de vereadores, ex-prefeitos e lideran\u00e7as pol\u00edticas do Sert\u00e3o do Araripe. A agenda continua na regi\u00e3o continua nesta quinta. Miguel deve atrair novas ades\u00f5es nos munic\u00edpios de Ipubi, Exu, Moreil\u00e2ndia e Bodoc\u00f3, concluindo o giro pelo&hellip; <\/p>\n","protected":false},"author":2,"featured_media":311412,"comment_status":"open","ping_status":"open","sticky":false,"template":"","format":"standard","meta":{"_acf_changed":false,"footnotes":""},"categories":[34],"tags":[],"class_list":["post-311411","post","type-post","status-publish","format-standard","has-post-thumbnail","hentry","category-eleicoes"],"acf":[],"yoast_head":"<!-- This site is optimized with the Yoast SEO plugin v27.4 - https:\/\/yoast.com\/product\/yoast-seo-wordpress\/ -->\n<title>Elei\u00e7\u00f5es 2022 PE: Miguel mostra for\u00e7a no Sert\u00e3o do Araripe - Blog do Farn\u00e9sio<\/title>\n<meta name=\"robots\" content=\"index, follow, max-snippet:-1, max-image-preview:large, max-video-preview:-1\" \/>\n<link rel=\"canonical\" href=\"https:\/\/blogdofarnesio.com.br\/?p=311411\" \/>\n<meta property=\"og:locale\" content=\"pt_BR\" \/>\n<meta property=\"og:type\" content=\"article\" \/>\n<meta property=\"og:title\" content=\"Elei\u00e7\u00f5es 2022 PE: Miguel mostra for\u00e7a no Sert\u00e3o do Araripe - Blog do Farn\u00e9sio\" \/>\n<meta property=\"og:description\" content=\"Em visita ao Araripe nesta quarta-feira (20), o pr\u00e9-candidato ao governo do estado, Miguel Coelho, fortaleceu seu arco de alian\u00e7as e demonstrou a unidade do Sert\u00e3o em torno de seu nome. Na passagem por Santa Filomena, ele arrastou uma multid\u00e3o ao lado do prefeito Gildevan e vereadores. A mesma cena se repetiu em Trindade, onde Miguel e a prefeita Helbinha participaram de eventos com grande presen\u00e7a de p\u00fablico. O pr\u00e9-candidato tamb\u00e9m esteve em Ouricuri e Santa Cruz. Nessas duas cidades, o pr\u00e9-candidato recebeu apoios importantes de vereadores, ex-prefeitos e lideran\u00e7as pol\u00edticas do Sert\u00e3o do Araripe. A agenda continua na regi\u00e3o continua nesta quinta. Miguel deve atrair novas ades\u00f5es nos munic\u00edpios de Ipubi, Exu, Moreil\u00e2ndia e Bodoc\u00f3, concluindo o giro pelo&hellip;\" \/>\n<meta property=\"og:url\" content=\"https:\/\/blogdofarnesio.com.br\/?p=311411\" \/>\n<meta property=\"og:site_name\" content=\"Blog do Farn\u00e9sio\" \/>\n<meta property=\"article:publisher\" content=\"https:\/\/www.facebook.com\/BlogQuerSaberPolitica\/\" \/>\n<meta property=\"article:author\" content=\"https:\/\/www.facebook.com\/?ref=tn_tnmn\" \/>\n<meta property=\"article:published_time\" content=\"2022-04-21T19:00:30+00:00\" \/>\n<meta property=\"og:image\" content=\"https:\/\/blogdofarnesio.com.br\/wp-content\/uploads\/2022\/04\/blogqspmiguel-Eventos-no-Araripe-e1650554376789.jpeg\" \/>\n\t<meta property=\"og:image:width\" content=\"480\" \/>\n\t<meta property=\"og:image:height\" content=\"480\" \/>\n\t<meta property=\"og:image:type\" content=\"image\/jpeg\" \/>\n<meta name=\"author\" content=\"Farn\u00e9sio\" \/>\n<meta name=\"twitter:card\" content=\"summary_large_image\" \/>\n<meta name=\"twitter:label1\" content=\"Escrito por\" \/>\n\t<meta name=\"twitter:data1\" content=\"Farn\u00e9sio\" \/>\n\t<meta name=\"twitter:label2\" content=\"Est. tempo de leitura\" \/>\n\t<meta name=\"twitter:data2\" content=\"2 minutos\" \/>\n<script type=\"application\/ld+json\" class=\"yoast-schema-graph\">{\"@context\":\"https:\\\/\\\/schema.org\",\"@graph\":[{\"@type\":\"Article\",\"@id\":\"https:\\\/\\\/blogdofarnesio.com.br\\\/?p=311411#article\",\"isPartOf\":{\"@id\":\"https:\\\/\\\/blogdofarnesio.com.br\\\/?p=311411\"},\"author\":{\"name\":\"Farn\u00e9sio\",\"@id\":\"https:\\\/\\\/blogdofarnesio.com.br\\\/#\\\/schema\\\/person\\\/bb9b23ae3ad0609ce8df7b6c9e76824d\"},\"headline\":\"Elei\u00e7\u00f5es 2022 PE: Miguel mostra for\u00e7a no Sert\u00e3o do Araripe\",\"datePublished\":\"2022-04-21T19:00:30+00:00\",\"mainEntityOfPage\":{\"@id\":\"https:\\\/\\\/blogdofarnesio.com.br\\\/?p=311411\"},\"wordCount\":390,\"commentCount\":0,\"publisher\":{\"@id\":\"https:\\\/\\\/blogdofarnesio.com.br\\\/#organization\"},\"image\":{\"@id\":\"https:\\\/\\\/blogdofarnesio.com.br\\\/?p=311411#primaryimage\"},\"thumbnailUrl\":\"https:\\\/\\\/blogdofarnesio.com.br\\\/wp-content\\\/uploads\\\/2022\\\/04\\\/blogqspmiguel-Eventos-no-Araripe-e1650554376789.jpeg\",\"articleSection\":[\"Elei\u00e7\u00f5es\"],\"inLanguage\":\"pt-BR\",\"potentialAction\":[{\"@type\":\"CommentAction\",\"name\":\"Comment\",\"target\":[\"https:\\\/\\\/blogdofarnesio.com.br\\\/?p=311411#respond\"]}]},{\"@type\":\"WebPage\",\"@id\":\"https:\\\/\\\/blogdofarnesio.com.br\\\/?p=311411\",\"url\":\"https:\\\/\\\/blogdofarnesio.com.br\\\/?p=311411\",\"name\":\"Elei\u00e7\u00f5es 2022 PE: Miguel mostra for\u00e7a no Sert\u00e3o do Araripe - Blog do Farn\u00e9sio\",\"isPartOf\":{\"@id\":\"https:\\\/\\\/blogdofarnesio.com.br\\\/#website\"},\"primaryImageOfPage\":{\"@id\":\"https:\\\/\\\/blogdofarnesio.com.br\\\/?p=311411#primaryimage\"},\"image\":{\"@id\":\"https:\\\/\\\/blogdofarnesio.com.br\\\/?p=311411#primaryimage\"},\"thumbnailUrl\":\"https:\\\/\\\/blogdofarnesio.com.br\\\/wp-content\\\/uploads\\\/2022\\\/04\\\/blogqspmiguel-Eventos-no-Araripe-e1650554376789.jpeg\",\"datePublished\":\"2022-04-21T19:00:30+00:00\",\"breadcrumb\":{\"@id\":\"https:\\\/\\\/blogdofarnesio.com.br\\\/?p=311411#breadcrumb\"},\"inLanguage\":\"pt-BR\",\"potentialAction\":[{\"@type\":\"ReadAction\",\"target\":[\"https:\\\/\\\/blogdofarnesio.com.br\\\/?p=311411\"]}]},{\"@type\":\"ImageObject\",\"inLanguage\":\"pt-BR\",\"@id\":\"https:\\\/\\\/blogdofarnesio.com.br\\\/?p=311411#primaryimage\",\"url\":\"https:\\\/\\\/blogdofarnesio.com.br\\\/wp-content\\\/uploads\\\/2022\\\/04\\\/blogqspmiguel-Eventos-no-Araripe-e1650554376789.jpeg\",\"contentUrl\":\"https:\\\/\\\/blogdofarnesio.com.br\\\/wp-content\\\/uploads\\\/2022\\\/04\\\/blogqspmiguel-Eventos-no-Araripe-e1650554376789.jpeg\",\"width\":480,\"height\":480},{\"@type\":\"BreadcrumbList\",\"@id\":\"https:\\\/\\\/blogdofarnesio.com.br\\\/?p=311411#breadcrumb\",\"itemListElement\":[{\"@type\":\"ListItem\",\"position\":1,\"name\":\"In\u00edcio\",\"item\":\"https:\\\/\\\/blogdofarnesio.com.br\\\/\"},{\"@type\":\"ListItem\",\"position\":2,\"name\":\"Elei\u00e7\u00f5es 2022 PE: Miguel mostra for\u00e7a no Sert\u00e3o do Araripe\"}]},{\"@type\":\"WebSite\",\"@id\":\"https:\\\/\\\/blogdofarnesio.com.br\\\/#website\",\"url\":\"https:\\\/\\\/blogdofarnesio.com.br\\\/\",\"name\":\"Blog do Farn\u00e9sio\",\"description\":\"Quer Saber Pol\u00edtica?\",\"publisher\":{\"@id\":\"https:\\\/\\\/blogdofarnesio.com.br\\\/#organization\"},\"potentialAction\":[{\"@type\":\"SearchAction\",\"target\":{\"@type\":\"EntryPoint\",\"urlTemplate\":\"https:\\\/\\\/blogdofarnesio.com.br\\\/?s={search_term_string}\"},\"query-input\":{\"@type\":\"PropertyValueSpecification\",\"valueRequired\":true,\"valueName\":\"search_term_string\"}}],\"inLanguage\":\"pt-BR\"},{\"@type\":\"Organization\",\"@id\":\"https:\\\/\\\/blogdofarnesio.com.br\\\/#organization\",\"name\":\"Blog do Farn\u00e9sio\",\"url\":\"https:\\\/\\\/blogdofarnesio.com.br\\\/\",\"logo\":{\"@type\":\"ImageObject\",\"inLanguage\":\"pt-BR\",\"@id\":\"https:\\\/\\\/blogdofarnesio.com.br\\\/#\\\/schema\\\/logo\\\/image\\\/\",\"url\":\"https:\\\/\\\/blogdofarnesio.com.br\\\/wp-content\\\/uploads\\\/2026\\\/03\\\/cropped-logo_new-1.png\",\"contentUrl\":\"https:\\\/\\\/blogdofarnesio.com.br\\\/wp-content\\\/uploads\\\/2026\\\/03\\\/cropped-logo_new-1.png\",\"width\":881,\"height\":685,\"caption\":\"Blog do Farn\u00e9sio\"},\"image\":{\"@id\":\"https:\\\/\\\/blogdofarnesio.com.br\\\/#\\\/schema\\\/logo\\\/image\\\/\"},\"sameAs\":[\"https:\\\/\\\/www.facebook.com\\\/BlogQuerSaberPolitica\\\/\"]},{\"@type\":\"Person\",\"@id\":\"https:\\\/\\\/blogdofarnesio.com.br\\\/#\\\/schema\\\/person\\\/bb9b23ae3ad0609ce8df7b6c9e76824d\",\"name\":\"Farn\u00e9sio\",\"image\":{\"@type\":\"ImageObject\",\"inLanguage\":\"pt-BR\",\"@id\":\"https:\\\/\\\/secure.gravatar.com\\\/avatar\\\/986aa4c61ccdb66f8555bf88fc2a65609d00bcabd4d2d94377a727547345cbca?s=96&d=mm&r=g\",\"url\":\"https:\\\/\\\/secure.gravatar.com\\\/avatar\\\/986aa4c61ccdb66f8555bf88fc2a65609d00bcabd4d2d94377a727547345cbca?s=96&d=mm&r=g\",\"contentUrl\":\"https:\\\/\\\/secure.gravatar.com\\\/avatar\\\/986aa4c61ccdb66f8555bf88fc2a65609d00bcabd4d2d94377a727547345cbca?s=96&d=mm&r=g\",\"caption\":\"Farn\u00e9sio\"},\"description\":\"Radialista blogueiro, chegou a Petrolina\\\/Juazeiro em setembro de 1980, Farn\u00e9sio Silva \u00e9 de Arapiraca-Alagoas.\",\"sameAs\":[\"http:\\\/\\\/blogdofarnesio.com.br\",\"https:\\\/\\\/www.facebook.com\\\/?ref=tn_tnmn\",\"https:\\\/\\\/www.instagram.com\\\/?utm_source=pwa_homescreen\",\"https:\\\/\\\/youtube.com.br\\\/\"],\"url\":\"https:\\\/\\\/blogdofarnesio.com.br\\\/?author=2\"}]}<\/script>\n<!-- \/ Yoast SEO plugin. -->","yoast_head_json":{"title":"Elei\u00e7\u00f5es 2022 PE: Miguel mostra for\u00e7a no Sert\u00e3o do Araripe - Blog do Farn\u00e9sio","robots":{"index":"index","follow":"follow","max-snippet":"max-snippet:-1","max-image-preview":"max-image-preview:large","max-video-preview":"max-video-preview:-1"},"canonical":"https:\/\/blogdofarnesio.com.br\/?p=311411","og_locale":"pt_BR","og_type":"article","og_title":"Elei\u00e7\u00f5es 2022 PE: Miguel mostra for\u00e7a no Sert\u00e3o do Araripe - Blog do Farn\u00e9sio","og_description":"Em visita ao Araripe nesta quarta-feira (20), o pr\u00e9-candidato ao governo do estado, Miguel Coelho, fortaleceu seu arco de alian\u00e7as e demonstrou a unidade do Sert\u00e3o em torno de seu nome. Na passagem por Santa Filomena, ele arrastou uma multid\u00e3o ao lado do prefeito Gildevan e vereadores. A mesma cena se repetiu em Trindade, onde Miguel e a prefeita Helbinha participaram de eventos com grande presen\u00e7a de p\u00fablico. O pr\u00e9-candidato tamb\u00e9m esteve em Ouricuri e Santa Cruz. Nessas duas cidades, o pr\u00e9-candidato recebeu apoios importantes de vereadores, ex-prefeitos e lideran\u00e7as pol\u00edticas do Sert\u00e3o do Araripe. A agenda continua na regi\u00e3o continua nesta quinta. Miguel deve atrair novas ades\u00f5es nos munic\u00edpios de Ipubi, Exu, Moreil\u00e2ndia e Bodoc\u00f3, concluindo o giro pelo&hellip;","og_url":"https:\/\/blogdofarnesio.com.br\/?p=311411","og_site_name":"Blog do Farn\u00e9sio","article_publisher":"https:\/\/www.facebook.com\/BlogQuerSaberPolitica\/","article_author":"https:\/\/www.facebook.com\/?ref=tn_tnmn","article_published_time":"2022-04-21T19:00:30+00:00","og_image":[{"width":480,"height":480,"url":"https:\/\/blogdofarnesio.com.br\/wp-content\/uploads\/2022\/04\/blogqspmiguel-Eventos-no-Araripe-e1650554376789.jpeg","type":"image\/jpeg"}],"author":"Farn\u00e9sio","twitter_card":"summary_large_image","twitter_misc":{"Escrito por":"Farn\u00e9sio","Est. tempo de leitura":"2 minutos"},"schema":{"@context":"https:\/\/schema.org","@graph":[{"@type":"Article","@id":"https:\/\/blogdofarnesio.com.br\/?p=311411#article","isPartOf":{"@id":"https:\/\/blogdofarnesio.com.br\/?p=311411"},"author":{"name":"Farn\u00e9sio","@id":"https:\/\/blogdofarnesio.com.br\/#\/schema\/person\/bb9b23ae3ad0609ce8df7b6c9e76824d"},"headline":"Elei\u00e7\u00f5es 2022 PE: Miguel mostra for\u00e7a no Sert\u00e3o do Araripe","datePublished":"2022-04-21T19:00:30+00:00","mainEntityOfPage":{"@id":"https:\/\/blogdofarnesio.com.br\/?p=311411"},"wordCount":390,"commentCount":0,"publisher":{"@id":"https:\/\/blogdofarnesio.com.br\/#organization"},"image":{"@id":"https:\/\/blogdofarnesio.com.br\/?p=311411#primaryimage"},"thumbnailUrl":"https:\/\/blogdofarnesio.com.br\/wp-content\/uploads\/2022\/04\/blogqspmiguel-Eventos-no-Araripe-e1650554376789.jpeg","articleSection":["Elei\u00e7\u00f5es"],"inLanguage":"pt-BR","potentialAction":[{"@type":"CommentAction","name":"Comment","target":["https:\/\/blogdofarnesio.com.br\/?p=311411#respond"]}]},{"@type":"WebPage","@id":"https:\/\/blogdofarnesio.com.br\/?p=311411","url":"https:\/\/blogdofarnesio.com.br\/?p=311411","name":"Elei\u00e7\u00f5es 2022 PE: Miguel mostra for\u00e7a no Sert\u00e3o do Araripe - Blog do Farn\u00e9sio","isPartOf":{"@id":"https:\/\/blogdofarnesio.com.br\/#website"},"primaryImageOfPage":{"@id":"https:\/\/blogdofarnesio.com.br\/?p=311411#primaryimage"},"image":{"@id":"https:\/\/blogdofarnesio.com.br\/?p=311411#primaryimage"},"thumbnailUrl":"https:\/\/blogdofarnesio.com.br\/wp-content\/uploads\/2022\/04\/blogqspmiguel-Eventos-no-Araripe-e1650554376789.jpeg","datePublished":"2022-04-21T19:00:30+00:00","breadcrumb":{"@id":"https:\/\/blogdofarnesio.com.br\/?p=311411#breadcrumb"},"inLanguage":"pt-BR","potentialAction":[{"@type":"ReadAction","target":["https:\/\/blogdofarnesio.com.br\/?p=311411"]}]},{"@type":"ImageObject","inLanguage":"pt-BR","@id":"https:\/\/blogdofarnesio.com.br\/?p=311411#primaryimage","url":"https:\/\/blogdofarnesio.com.br\/wp-content\/uploads\/2022\/04\/blogqspmiguel-Eventos-no-Araripe-e1650554376789.jpeg","contentUrl":"https:\/\/blogdofarnesio.com.br\/wp-content\/uploads\/2022\/04\/blogqspmiguel-Eventos-no-Araripe-e1650554376789.jpeg","width":480,"height":480},{"@type":"BreadcrumbList","@id":"https:\/\/blogdofarnesio.com.br\/?p=311411#breadcrumb","itemListElement":[{"@type":"ListItem","position":1,"name":"In\u00edcio","item":"https:\/\/blogdofarnesio.com.br\/"},{"@type":"ListItem","position":2,"name":"Elei\u00e7\u00f5es 2022 PE: Miguel mostra for\u00e7a no Sert\u00e3o do Araripe"}]},{"@type":"WebSite","@id":"https:\/\/blogdofarnesio.com.br\/#website","url":"https:\/\/blogdofarnesio.com.br\/","name":"Blog do Farn\u00e9sio","description":"Quer Saber Pol\u00edtica?","publisher":{"@id":"https:\/\/blogdofarnesio.com.br\/#organization"},"potentialAction":[{"@type":"SearchAction","target":{"@type":"EntryPoint","urlTemplate":"https:\/\/blogdofarnesio.com.br\/?s={search_term_string}"},"query-input":{"@type":"PropertyValueSpecification","valueRequired":true,"valueName":"search_term_string"}}],"inLanguage":"pt-BR"},{"@type":"Organization","@id":"https:\/\/blogdofarnesio.com.br\/#organization","name":"Blog do Farn\u00e9sio","url":"https:\/\/blogdofarnesio.com.br\/","logo":{"@type":"ImageObject","inLanguage":"pt-BR","@id":"https:\/\/blogdofarnesio.com.br\/#\/schema\/logo\/image\/","url":"https:\/\/blogdofarnesio.com.br\/wp-content\/uploads\/2026\/03\/cropped-logo_new-1.png","contentUrl":"https:\/\/blogdofarnesio.com.br\/wp-content\/uploads\/2026\/03\/cropped-logo_new-1.png","width":881,"height":685,"caption":"Blog do Farn\u00e9sio"},"image":{"@id":"https:\/\/blogdofarnesio.com.br\/#\/schema\/logo\/image\/"},"sameAs":["https:\/\/www.facebook.com\/BlogQuerSaberPolitica\/"]},{"@type":"Person","@id":"https:\/\/blogdofarnesio.com.br\/#\/schema\/person\/bb9b23ae3ad0609ce8df7b6c9e76824d","name":"Farn\u00e9sio","image":{"@type":"ImageObject","inLanguage":"pt-BR","@id":"https:\/\/secure.gravatar.com\/avatar\/986aa4c61ccdb66f8555bf88fc2a65609d00bcabd4d2d94377a727547345cbca?s=96&d=mm&r=g","url":"https:\/\/secure.gravatar.com\/avatar\/986aa4c61ccdb66f8555bf88fc2a65609d00bcabd4d2d94377a727547345cbca?s=96&d=mm&r=g","contentUrl":"https:\/\/secure.gravatar.com\/avatar\/986aa4c61ccdb66f8555bf88fc2a65609d00bcabd4d2d94377a727547345cbca?s=96&d=mm&r=g","caption":"Farn\u00e9sio"},"description":"Radialista blogueiro, chegou a Petrolina\/Juazeiro em setembro de 1980, Farn\u00e9sio Silva \u00e9 de Arapiraca-Alagoas.","sameAs":["http:\/\/blogdofarnesio.com.br","https:\/\/www.facebook.com\/?ref=tn_tnmn","https:\/\/www.instagram.com\/?utm_source=pwa_homescreen","https:\/\/youtube.com.br\/"],"url":"https:\/\/blogdofarnesio.com.br\/?author=2"}]}},"_links":{"self":[{"href":"https:\/\/blogdofarnesio.com.br\/index.php?rest_route=\/wp\/v2\/posts\/311411","targetHints":{"allow":["GET"]}}],"collection":[{"href":"https:\/\/blogdofarnesio.com.br\/index.php?rest_route=\/wp\/v2\/posts"}],"about":[{"href":"https:\/\/blogdofarnesio.com.br\/index.php?rest_route=\/wp\/v2\/types\/post"}],"author":[{"embeddable":true,"href":"https:\/\/blogdofarnesio.com.br\/index.php?rest_route=\/wp\/v2\/users\/2"}],"replies":[{"embeddable":true,"href":"https:\/\/blogdofarnesio.com.br\/index.php?rest_route=%2Fwp%2Fv2%2Fcomments&post=311411"}],"version-history":[{"count":0,"href":"https:\/\/blogdofarnesio.com.br\/index.php?rest_route=\/wp\/v2\/posts\/311411\/revisions"}],"wp:featuredmedia":[{"embeddable":true,"href":"https:\/\/blogdofarnesio.com.br\/index.php?rest_route=\/wp\/v2\/media\/311412"}],"wp:attachment":[{"href":"https:\/\/blogdofarnesio.com.br\/index.php?rest_route=%2Fwp%2Fv2%2Fmedia&parent=311411"}],"wp:term":[{"taxonomy":"category","embeddable":true,"href":"https:\/\/blogdofarnesio.com.br\/index.php?rest_route=%2Fwp%2Fv2%2Fcategories&post=311411"},{"taxonomy":"post_tag","embeddable":true,"href":"https:\/\/blogdofarnesio.com.br\/index.php?rest_route=%2Fwp%2Fv2%2Ftags&post=311411"}],"curies":[{"name":"wp","href":"https:\/\/api.w.org\/{rel}","templated":true}]}}