{"id":311365,"date":"2022-04-21T14:00:06","date_gmt":"2022-04-21T17:00:06","guid":{"rendered":"https:\/\/blogdofarnesio.com.br\/?p=311365"},"modified":"2022-04-20T22:04:03","modified_gmt":"2022-04-21T01:04:03","slug":"abril-marrom-prefeitura-de-petrolina-alerta-sobre-doencas-que-podem-levar-a-cegueira","status":"publish","type":"post","link":"https:\/\/blogdofarnesio.com.br\/?p=311365","title":{"rendered":"Abril Marrom: Prefeitura de Petrolina alerta sobre doen\u00e7as que podem levar \u00e0 cegueira"},"content":{"rendered":"<p style=\"font-weight: 400;\">O m\u00eas de abril \u00e9 destinado \u00e0 conscientiza\u00e7\u00e3o sobre a cegueira, intitulado como \u201cAbril Marrom\u201d. Durante o per\u00edodo, s\u00e3o desenvolvidas a\u00e7\u00f5es com foco na preven\u00e7\u00e3o, combate e reabilita\u00e7\u00e3o dos diversos tipos de cegueira. Diante disso, a Prefeitura de Petrolina faz um alerta de como prevenir precocemente essas doen\u00e7as.<\/p>\n<p style=\"font-weight: 400;\">Entre as patologias mais comuns causadoras de cegueira est\u00e3o a degenera\u00e7\u00e3o macular, a catarata, a retinopatia diab\u00e9tica e o glaucoma. Existem doen\u00e7as consideradas revers\u00edveis e irrevers\u00edveis, por\u00e9m, mesmo no segundo caso, o tratamento adequado pode postergar a evolu\u00e7\u00e3o da patologia. Para evitar o agravamento, \u00e9 necess\u00e1rio realizar consultas anualmente.<\/p>\n<p style=\"font-weight: 400;\">\u201cConsultar o oftalmologista \u00e9 a melhor forma de prevenir doen\u00e7as que podem causar a cegueira. O diagn\u00f3stico precoce e o tratamento adequado s\u00e3o fundamentais para que o paciente possa manter, como tamb\u00e9m adquirir, a boa vis\u00e3o ao longo da vida.<\/p>\n<p style=\"font-weight: 400;\">Por isso, a Secretaria de Sa\u00fade vem buscando ampliar, no pr\u00f3prio munic\u00edpio, a oferta de consultas, exames e cirurgias oftalmol\u00f3gicas, no intuito da plena garantia do acesso ao usu\u00e1rio do SUS, que antes, era submetido ao Tratamento Fora do Domic\u00edlio (TFD), atrav\u00e9s de viagens \u00e0 capital, Recife, e sobretudo, n\u00e3o formar as longas filas de espera para o atendimento e realiza\u00e7\u00e3o de procedimentos nesta especialidade\u201d, destaca a secret\u00e1ria executiva de Gest\u00e3o em Sa\u00fade do SUS, C\u00e1ssia Guimar\u00e3es.<\/p>\n<p style=\"font-weight: 400;\">A Secretaria de Sa\u00fade oferece consultas oftalmol\u00f3gicas, exames complementares e procedimentos cir\u00fargicos. Para a popula\u00e7\u00e3o ter acesso ao atendimento, \u00e9 necess\u00e1rio procurar uma Unidade B\u00e1sica de Sa\u00fade para ser avaliado por um profissional m\u00e9dico, e dependendo da necessidade ser\u00e1 encaminhado ao especialista.<\/p>\n<p style=\"font-weight: 400;\">\u2014\u2014\u2014\u2014\u2014\u2014\u2014\u2014\u2014<\/p>\n<p style=\"font-weight: 400;\">Texto: Jhulyenne Souza \u2013 Assessora de Comunica\u00e7\u00e3o da Secretaria de Sa\u00fade<\/p>\n","protected":false},"excerpt":{"rendered":"<p>O m\u00eas de abril \u00e9 destinado \u00e0 conscientiza\u00e7\u00e3o sobre a cegueira, intitulado como \u201cAbril Marrom\u201d. Durante o per\u00edodo, s\u00e3o desenvolvidas a\u00e7\u00f5es com foco na preven\u00e7\u00e3o, combate e reabilita\u00e7\u00e3o dos diversos tipos de cegueira. Diante disso, a Prefeitura de Petrolina faz um alerta de como prevenir precocemente essas doen\u00e7as. Entre as patologias mais comuns causadoras de cegueira est\u00e3o a degenera\u00e7\u00e3o macular, a catarata, a retinopatia diab\u00e9tica e o glaucoma. Existem doen\u00e7as consideradas revers\u00edveis e irrevers\u00edveis, por\u00e9m, mesmo no segundo caso, o tratamento adequado pode postergar a evolu\u00e7\u00e3o da patologia. Para evitar o agravamento, \u00e9 necess\u00e1rio realizar consultas anualmente. \u201cConsultar o oftalmologista \u00e9 a melhor forma de prevenir doen\u00e7as que podem causar a cegueira. O diagn\u00f3stico precoce e o tratamento adequado s\u00e3o&hellip; <\/p>\n","protected":false},"author":2,"featured_media":311366,"comment_status":"open","ping_status":"open","sticky":false,"template":"","format":"standard","meta":{"_acf_changed":false,"footnotes":""},"categories":[4],"tags":[],"class_list":["post-311365","post","type-post","status-publish","format-standard","has-post-thumbnail","hentry","category-saude"],"acf":[],"yoast_head":"<!-- This site is optimized with the Yoast SEO plugin v27.4 - https:\/\/yoast.com\/product\/yoast-seo-wordpress\/ -->\n<title>Abril Marrom: Prefeitura de Petrolina alerta sobre doen\u00e7as que podem levar \u00e0 cegueira - Blog do Farn\u00e9sio<\/title>\n<meta name=\"robots\" content=\"index, follow, max-snippet:-1, max-image-preview:large, max-video-preview:-1\" \/>\n<link rel=\"canonical\" href=\"https:\/\/blogdofarnesio.com.br\/?p=311365\" \/>\n<meta property=\"og:locale\" content=\"pt_BR\" \/>\n<meta property=\"og:type\" content=\"article\" \/>\n<meta property=\"og:title\" content=\"Abril Marrom: Prefeitura de Petrolina alerta sobre doen\u00e7as que podem levar \u00e0 cegueira - Blog do Farn\u00e9sio\" \/>\n<meta property=\"og:description\" content=\"O m\u00eas de abril \u00e9 destinado \u00e0 conscientiza\u00e7\u00e3o sobre a cegueira, intitulado como \u201cAbril Marrom\u201d. Durante o per\u00edodo, s\u00e3o desenvolvidas a\u00e7\u00f5es com foco na preven\u00e7\u00e3o, combate e reabilita\u00e7\u00e3o dos diversos tipos de cegueira. Diante disso, a Prefeitura de Petrolina faz um alerta de como prevenir precocemente essas doen\u00e7as. Entre as patologias mais comuns causadoras de cegueira est\u00e3o a degenera\u00e7\u00e3o macular, a catarata, a retinopatia diab\u00e9tica e o glaucoma. Existem doen\u00e7as consideradas revers\u00edveis e irrevers\u00edveis, por\u00e9m, mesmo no segundo caso, o tratamento adequado pode postergar a evolu\u00e7\u00e3o da patologia. Para evitar o agravamento, \u00e9 necess\u00e1rio realizar consultas anualmente. \u201cConsultar o oftalmologista \u00e9 a melhor forma de prevenir doen\u00e7as que podem causar a cegueira. O diagn\u00f3stico precoce e o tratamento adequado s\u00e3o&hellip;\" \/>\n<meta property=\"og:url\" content=\"https:\/\/blogdofarnesio.com.br\/?p=311365\" \/>\n<meta property=\"og:site_name\" content=\"Blog do Farn\u00e9sio\" \/>\n<meta property=\"article:publisher\" content=\"https:\/\/www.facebook.com\/BlogQuerSaberPolitica\/\" \/>\n<meta property=\"article:author\" content=\"https:\/\/www.facebook.com\/?ref=tn_tnmn\" \/>\n<meta property=\"article:published_time\" content=\"2022-04-21T17:00:06+00:00\" \/>\n<meta property=\"og:image\" content=\"https:\/\/blogdofarnesio.com.br\/wp-content\/uploads\/2022\/04\/Abril-Marrom-Prefeitura-de-Petrolina-alerta-sobre-doencas-que-podem-levar-a-cegueira-2-e1650487201994.jpeg\" \/>\n\t<meta property=\"og:image:width\" content=\"600\" \/>\n\t<meta property=\"og:image:height\" content=\"400\" \/>\n\t<meta property=\"og:image:type\" content=\"image\/jpeg\" \/>\n<meta name=\"author\" content=\"Farn\u00e9sio\" \/>\n<meta name=\"twitter:card\" content=\"summary_large_image\" \/>\n<meta name=\"twitter:label1\" content=\"Escrito por\" \/>\n\t<meta name=\"twitter:data1\" content=\"Farn\u00e9sio\" \/>\n\t<meta name=\"twitter:label2\" content=\"Est. tempo de leitura\" \/>\n\t<meta name=\"twitter:data2\" content=\"2 minutos\" \/>\n<script type=\"application\/ld+json\" class=\"yoast-schema-graph\">{\"@context\":\"https:\\\/\\\/schema.org\",\"@graph\":[{\"@type\":\"Article\",\"@id\":\"https:\\\/\\\/blogdofarnesio.com.br\\\/?p=311365#article\",\"isPartOf\":{\"@id\":\"https:\\\/\\\/blogdofarnesio.com.br\\\/?p=311365\"},\"author\":{\"name\":\"Farn\u00e9sio\",\"@id\":\"https:\\\/\\\/blogdofarnesio.com.br\\\/#\\\/schema\\\/person\\\/bb9b23ae3ad0609ce8df7b6c9e76824d\"},\"headline\":\"Abril Marrom: Prefeitura de Petrolina alerta sobre doen\u00e7as que podem levar \u00e0 cegueira\",\"datePublished\":\"2022-04-21T17:00:06+00:00\",\"mainEntityOfPage\":{\"@id\":\"https:\\\/\\\/blogdofarnesio.com.br\\\/?p=311365\"},\"wordCount\":319,\"commentCount\":0,\"publisher\":{\"@id\":\"https:\\\/\\\/blogdofarnesio.com.br\\\/#organization\"},\"image\":{\"@id\":\"https:\\\/\\\/blogdofarnesio.com.br\\\/?p=311365#primaryimage\"},\"thumbnailUrl\":\"https:\\\/\\\/blogdofarnesio.com.br\\\/wp-content\\\/uploads\\\/2022\\\/04\\\/Abril-Marrom-Prefeitura-de-Petrolina-alerta-sobre-doencas-que-podem-levar-a-cegueira-2-e1650487201994.jpeg\",\"articleSection\":[\"Sa\u00fade\"],\"inLanguage\":\"pt-BR\",\"potentialAction\":[{\"@type\":\"CommentAction\",\"name\":\"Comment\",\"target\":[\"https:\\\/\\\/blogdofarnesio.com.br\\\/?p=311365#respond\"]}]},{\"@type\":\"WebPage\",\"@id\":\"https:\\\/\\\/blogdofarnesio.com.br\\\/?p=311365\",\"url\":\"https:\\\/\\\/blogdofarnesio.com.br\\\/?p=311365\",\"name\":\"Abril Marrom: Prefeitura de Petrolina alerta sobre doen\u00e7as que podem levar \u00e0 cegueira - Blog do Farn\u00e9sio\",\"isPartOf\":{\"@id\":\"https:\\\/\\\/blogdofarnesio.com.br\\\/#website\"},\"primaryImageOfPage\":{\"@id\":\"https:\\\/\\\/blogdofarnesio.com.br\\\/?p=311365#primaryimage\"},\"image\":{\"@id\":\"https:\\\/\\\/blogdofarnesio.com.br\\\/?p=311365#primaryimage\"},\"thumbnailUrl\":\"https:\\\/\\\/blogdofarnesio.com.br\\\/wp-content\\\/uploads\\\/2022\\\/04\\\/Abril-Marrom-Prefeitura-de-Petrolina-alerta-sobre-doencas-que-podem-levar-a-cegueira-2-e1650487201994.jpeg\",\"datePublished\":\"2022-04-21T17:00:06+00:00\",\"breadcrumb\":{\"@id\":\"https:\\\/\\\/blogdofarnesio.com.br\\\/?p=311365#breadcrumb\"},\"inLanguage\":\"pt-BR\",\"potentialAction\":[{\"@type\":\"ReadAction\",\"target\":[\"https:\\\/\\\/blogdofarnesio.com.br\\\/?p=311365\"]}]},{\"@type\":\"ImageObject\",\"inLanguage\":\"pt-BR\",\"@id\":\"https:\\\/\\\/blogdofarnesio.com.br\\\/?p=311365#primaryimage\",\"url\":\"https:\\\/\\\/blogdofarnesio.com.br\\\/wp-content\\\/uploads\\\/2022\\\/04\\\/Abril-Marrom-Prefeitura-de-Petrolina-alerta-sobre-doencas-que-podem-levar-a-cegueira-2-e1650487201994.jpeg\",\"contentUrl\":\"https:\\\/\\\/blogdofarnesio.com.br\\\/wp-content\\\/uploads\\\/2022\\\/04\\\/Abril-Marrom-Prefeitura-de-Petrolina-alerta-sobre-doencas-que-podem-levar-a-cegueira-2-e1650487201994.jpeg\",\"width\":600,\"height\":400},{\"@type\":\"BreadcrumbList\",\"@id\":\"https:\\\/\\\/blogdofarnesio.com.br\\\/?p=311365#breadcrumb\",\"itemListElement\":[{\"@type\":\"ListItem\",\"position\":1,\"name\":\"In\u00edcio\",\"item\":\"https:\\\/\\\/blogdofarnesio.com.br\\\/\"},{\"@type\":\"ListItem\",\"position\":2,\"name\":\"Abril Marrom: Prefeitura de Petrolina alerta sobre doen\u00e7as que podem levar \u00e0 cegueira\"}]},{\"@type\":\"WebSite\",\"@id\":\"https:\\\/\\\/blogdofarnesio.com.br\\\/#website\",\"url\":\"https:\\\/\\\/blogdofarnesio.com.br\\\/\",\"name\":\"Blog do Farn\u00e9sio\",\"description\":\"Quer Saber Pol\u00edtica?\",\"publisher\":{\"@id\":\"https:\\\/\\\/blogdofarnesio.com.br\\\/#organization\"},\"potentialAction\":[{\"@type\":\"SearchAction\",\"target\":{\"@type\":\"EntryPoint\",\"urlTemplate\":\"https:\\\/\\\/blogdofarnesio.com.br\\\/?s={search_term_string}\"},\"query-input\":{\"@type\":\"PropertyValueSpecification\",\"valueRequired\":true,\"valueName\":\"search_term_string\"}}],\"inLanguage\":\"pt-BR\"},{\"@type\":\"Organization\",\"@id\":\"https:\\\/\\\/blogdofarnesio.com.br\\\/#organization\",\"name\":\"Blog do Farn\u00e9sio\",\"url\":\"https:\\\/\\\/blogdofarnesio.com.br\\\/\",\"logo\":{\"@type\":\"ImageObject\",\"inLanguage\":\"pt-BR\",\"@id\":\"https:\\\/\\\/blogdofarnesio.com.br\\\/#\\\/schema\\\/logo\\\/image\\\/\",\"url\":\"https:\\\/\\\/blogdofarnesio.com.br\\\/wp-content\\\/uploads\\\/2026\\\/03\\\/cropped-logo_new-1.png\",\"contentUrl\":\"https:\\\/\\\/blogdofarnesio.com.br\\\/wp-content\\\/uploads\\\/2026\\\/03\\\/cropped-logo_new-1.png\",\"width\":881,\"height\":685,\"caption\":\"Blog do Farn\u00e9sio\"},\"image\":{\"@id\":\"https:\\\/\\\/blogdofarnesio.com.br\\\/#\\\/schema\\\/logo\\\/image\\\/\"},\"sameAs\":[\"https:\\\/\\\/www.facebook.com\\\/BlogQuerSaberPolitica\\\/\"]},{\"@type\":\"Person\",\"@id\":\"https:\\\/\\\/blogdofarnesio.com.br\\\/#\\\/schema\\\/person\\\/bb9b23ae3ad0609ce8df7b6c9e76824d\",\"name\":\"Farn\u00e9sio\",\"image\":{\"@type\":\"ImageObject\",\"inLanguage\":\"pt-BR\",\"@id\":\"https:\\\/\\\/secure.gravatar.com\\\/avatar\\\/986aa4c61ccdb66f8555bf88fc2a65609d00bcabd4d2d94377a727547345cbca?s=96&d=mm&r=g\",\"url\":\"https:\\\/\\\/secure.gravatar.com\\\/avatar\\\/986aa4c61ccdb66f8555bf88fc2a65609d00bcabd4d2d94377a727547345cbca?s=96&d=mm&r=g\",\"contentUrl\":\"https:\\\/\\\/secure.gravatar.com\\\/avatar\\\/986aa4c61ccdb66f8555bf88fc2a65609d00bcabd4d2d94377a727547345cbca?s=96&d=mm&r=g\",\"caption\":\"Farn\u00e9sio\"},\"description\":\"Radialista blogueiro, chegou a Petrolina\\\/Juazeiro em setembro de 1980, Farn\u00e9sio Silva \u00e9 de Arapiraca-Alagoas.\",\"sameAs\":[\"http:\\\/\\\/blogdofarnesio.com.br\",\"https:\\\/\\\/www.facebook.com\\\/?ref=tn_tnmn\",\"https:\\\/\\\/www.instagram.com\\\/?utm_source=pwa_homescreen\",\"https:\\\/\\\/youtube.com.br\\\/\"],\"url\":\"https:\\\/\\\/blogdofarnesio.com.br\\\/?author=2\"}]}<\/script>\n<!-- \/ Yoast SEO plugin. -->","yoast_head_json":{"title":"Abril Marrom: Prefeitura de Petrolina alerta sobre doen\u00e7as que podem levar \u00e0 cegueira - Blog do Farn\u00e9sio","robots":{"index":"index","follow":"follow","max-snippet":"max-snippet:-1","max-image-preview":"max-image-preview:large","max-video-preview":"max-video-preview:-1"},"canonical":"https:\/\/blogdofarnesio.com.br\/?p=311365","og_locale":"pt_BR","og_type":"article","og_title":"Abril Marrom: Prefeitura de Petrolina alerta sobre doen\u00e7as que podem levar \u00e0 cegueira - Blog do Farn\u00e9sio","og_description":"O m\u00eas de abril \u00e9 destinado \u00e0 conscientiza\u00e7\u00e3o sobre a cegueira, intitulado como \u201cAbril Marrom\u201d. Durante o per\u00edodo, s\u00e3o desenvolvidas a\u00e7\u00f5es com foco na preven\u00e7\u00e3o, combate e reabilita\u00e7\u00e3o dos diversos tipos de cegueira. Diante disso, a Prefeitura de Petrolina faz um alerta de como prevenir precocemente essas doen\u00e7as. Entre as patologias mais comuns causadoras de cegueira est\u00e3o a degenera\u00e7\u00e3o macular, a catarata, a retinopatia diab\u00e9tica e o glaucoma. Existem doen\u00e7as consideradas revers\u00edveis e irrevers\u00edveis, por\u00e9m, mesmo no segundo caso, o tratamento adequado pode postergar a evolu\u00e7\u00e3o da patologia. Para evitar o agravamento, \u00e9 necess\u00e1rio realizar consultas anualmente. \u201cConsultar o oftalmologista \u00e9 a melhor forma de prevenir doen\u00e7as que podem causar a cegueira. O diagn\u00f3stico precoce e o tratamento adequado s\u00e3o&hellip;","og_url":"https:\/\/blogdofarnesio.com.br\/?p=311365","og_site_name":"Blog do Farn\u00e9sio","article_publisher":"https:\/\/www.facebook.com\/BlogQuerSaberPolitica\/","article_author":"https:\/\/www.facebook.com\/?ref=tn_tnmn","article_published_time":"2022-04-21T17:00:06+00:00","og_image":[{"width":600,"height":400,"url":"https:\/\/blogdofarnesio.com.br\/wp-content\/uploads\/2022\/04\/Abril-Marrom-Prefeitura-de-Petrolina-alerta-sobre-doencas-que-podem-levar-a-cegueira-2-e1650487201994.jpeg","type":"image\/jpeg"}],"author":"Farn\u00e9sio","twitter_card":"summary_large_image","twitter_misc":{"Escrito por":"Farn\u00e9sio","Est. tempo de leitura":"2 minutos"},"schema":{"@context":"https:\/\/schema.org","@graph":[{"@type":"Article","@id":"https:\/\/blogdofarnesio.com.br\/?p=311365#article","isPartOf":{"@id":"https:\/\/blogdofarnesio.com.br\/?p=311365"},"author":{"name":"Farn\u00e9sio","@id":"https:\/\/blogdofarnesio.com.br\/#\/schema\/person\/bb9b23ae3ad0609ce8df7b6c9e76824d"},"headline":"Abril Marrom: Prefeitura de Petrolina alerta sobre doen\u00e7as que podem levar \u00e0 cegueira","datePublished":"2022-04-21T17:00:06+00:00","mainEntityOfPage":{"@id":"https:\/\/blogdofarnesio.com.br\/?p=311365"},"wordCount":319,"commentCount":0,"publisher":{"@id":"https:\/\/blogdofarnesio.com.br\/#organization"},"image":{"@id":"https:\/\/blogdofarnesio.com.br\/?p=311365#primaryimage"},"thumbnailUrl":"https:\/\/blogdofarnesio.com.br\/wp-content\/uploads\/2022\/04\/Abril-Marrom-Prefeitura-de-Petrolina-alerta-sobre-doencas-que-podem-levar-a-cegueira-2-e1650487201994.jpeg","articleSection":["Sa\u00fade"],"inLanguage":"pt-BR","potentialAction":[{"@type":"CommentAction","name":"Comment","target":["https:\/\/blogdofarnesio.com.br\/?p=311365#respond"]}]},{"@type":"WebPage","@id":"https:\/\/blogdofarnesio.com.br\/?p=311365","url":"https:\/\/blogdofarnesio.com.br\/?p=311365","name":"Abril Marrom: Prefeitura de Petrolina alerta sobre doen\u00e7as que podem levar \u00e0 cegueira - Blog do Farn\u00e9sio","isPartOf":{"@id":"https:\/\/blogdofarnesio.com.br\/#website"},"primaryImageOfPage":{"@id":"https:\/\/blogdofarnesio.com.br\/?p=311365#primaryimage"},"image":{"@id":"https:\/\/blogdofarnesio.com.br\/?p=311365#primaryimage"},"thumbnailUrl":"https:\/\/blogdofarnesio.com.br\/wp-content\/uploads\/2022\/04\/Abril-Marrom-Prefeitura-de-Petrolina-alerta-sobre-doencas-que-podem-levar-a-cegueira-2-e1650487201994.jpeg","datePublished":"2022-04-21T17:00:06+00:00","breadcrumb":{"@id":"https:\/\/blogdofarnesio.com.br\/?p=311365#breadcrumb"},"inLanguage":"pt-BR","potentialAction":[{"@type":"ReadAction","target":["https:\/\/blogdofarnesio.com.br\/?p=311365"]}]},{"@type":"ImageObject","inLanguage":"pt-BR","@id":"https:\/\/blogdofarnesio.com.br\/?p=311365#primaryimage","url":"https:\/\/blogdofarnesio.com.br\/wp-content\/uploads\/2022\/04\/Abril-Marrom-Prefeitura-de-Petrolina-alerta-sobre-doencas-que-podem-levar-a-cegueira-2-e1650487201994.jpeg","contentUrl":"https:\/\/blogdofarnesio.com.br\/wp-content\/uploads\/2022\/04\/Abril-Marrom-Prefeitura-de-Petrolina-alerta-sobre-doencas-que-podem-levar-a-cegueira-2-e1650487201994.jpeg","width":600,"height":400},{"@type":"BreadcrumbList","@id":"https:\/\/blogdofarnesio.com.br\/?p=311365#breadcrumb","itemListElement":[{"@type":"ListItem","position":1,"name":"In\u00edcio","item":"https:\/\/blogdofarnesio.com.br\/"},{"@type":"ListItem","position":2,"name":"Abril Marrom: Prefeitura de Petrolina alerta sobre doen\u00e7as que podem levar \u00e0 cegueira"}]},{"@type":"WebSite","@id":"https:\/\/blogdofarnesio.com.br\/#website","url":"https:\/\/blogdofarnesio.com.br\/","name":"Blog do Farn\u00e9sio","description":"Quer Saber Pol\u00edtica?","publisher":{"@id":"https:\/\/blogdofarnesio.com.br\/#organization"},"potentialAction":[{"@type":"SearchAction","target":{"@type":"EntryPoint","urlTemplate":"https:\/\/blogdofarnesio.com.br\/?s={search_term_string}"},"query-input":{"@type":"PropertyValueSpecification","valueRequired":true,"valueName":"search_term_string"}}],"inLanguage":"pt-BR"},{"@type":"Organization","@id":"https:\/\/blogdofarnesio.com.br\/#organization","name":"Blog do Farn\u00e9sio","url":"https:\/\/blogdofarnesio.com.br\/","logo":{"@type":"ImageObject","inLanguage":"pt-BR","@id":"https:\/\/blogdofarnesio.com.br\/#\/schema\/logo\/image\/","url":"https:\/\/blogdofarnesio.com.br\/wp-content\/uploads\/2026\/03\/cropped-logo_new-1.png","contentUrl":"https:\/\/blogdofarnesio.com.br\/wp-content\/uploads\/2026\/03\/cropped-logo_new-1.png","width":881,"height":685,"caption":"Blog do Farn\u00e9sio"},"image":{"@id":"https:\/\/blogdofarnesio.com.br\/#\/schema\/logo\/image\/"},"sameAs":["https:\/\/www.facebook.com\/BlogQuerSaberPolitica\/"]},{"@type":"Person","@id":"https:\/\/blogdofarnesio.com.br\/#\/schema\/person\/bb9b23ae3ad0609ce8df7b6c9e76824d","name":"Farn\u00e9sio","image":{"@type":"ImageObject","inLanguage":"pt-BR","@id":"https:\/\/secure.gravatar.com\/avatar\/986aa4c61ccdb66f8555bf88fc2a65609d00bcabd4d2d94377a727547345cbca?s=96&d=mm&r=g","url":"https:\/\/secure.gravatar.com\/avatar\/986aa4c61ccdb66f8555bf88fc2a65609d00bcabd4d2d94377a727547345cbca?s=96&d=mm&r=g","contentUrl":"https:\/\/secure.gravatar.com\/avatar\/986aa4c61ccdb66f8555bf88fc2a65609d00bcabd4d2d94377a727547345cbca?s=96&d=mm&r=g","caption":"Farn\u00e9sio"},"description":"Radialista blogueiro, chegou a Petrolina\/Juazeiro em setembro de 1980, Farn\u00e9sio Silva \u00e9 de Arapiraca-Alagoas.","sameAs":["http:\/\/blogdofarnesio.com.br","https:\/\/www.facebook.com\/?ref=tn_tnmn","https:\/\/www.instagram.com\/?utm_source=pwa_homescreen","https:\/\/youtube.com.br\/"],"url":"https:\/\/blogdofarnesio.com.br\/?author=2"}]}},"_links":{"self":[{"href":"https:\/\/blogdofarnesio.com.br\/index.php?rest_route=\/wp\/v2\/posts\/311365","targetHints":{"allow":["GET"]}}],"collection":[{"href":"https:\/\/blogdofarnesio.com.br\/index.php?rest_route=\/wp\/v2\/posts"}],"about":[{"href":"https:\/\/blogdofarnesio.com.br\/index.php?rest_route=\/wp\/v2\/types\/post"}],"author":[{"embeddable":true,"href":"https:\/\/blogdofarnesio.com.br\/index.php?rest_route=\/wp\/v2\/users\/2"}],"replies":[{"embeddable":true,"href":"https:\/\/blogdofarnesio.com.br\/index.php?rest_route=%2Fwp%2Fv2%2Fcomments&post=311365"}],"version-history":[{"count":0,"href":"https:\/\/blogdofarnesio.com.br\/index.php?rest_route=\/wp\/v2\/posts\/311365\/revisions"}],"wp:featuredmedia":[{"embeddable":true,"href":"https:\/\/blogdofarnesio.com.br\/index.php?rest_route=\/wp\/v2\/media\/311366"}],"wp:attachment":[{"href":"https:\/\/blogdofarnesio.com.br\/index.php?rest_route=%2Fwp%2Fv2%2Fmedia&parent=311365"}],"wp:term":[{"taxonomy":"category","embeddable":true,"href":"https:\/\/blogdofarnesio.com.br\/index.php?rest_route=%2Fwp%2Fv2%2Fcategories&post=311365"},{"taxonomy":"post_tag","embeddable":true,"href":"https:\/\/blogdofarnesio.com.br\/index.php?rest_route=%2Fwp%2Fv2%2Ftags&post=311365"}],"curies":[{"name":"wp","href":"https:\/\/api.w.org\/{rel}","templated":true}]}}