{"id":310777,"date":"2022-04-11T12:32:56","date_gmt":"2022-04-11T15:32:56","guid":{"rendered":"https:\/\/blogdofarnesio.com.br\/?p=310777"},"modified":"2022-04-11T11:07:26","modified_gmt":"2022-04-11T14:07:26","slug":"eleicoes-2022-pe-miguel-coelho-afirma-que-o-psb-transformou-a-compesa-em-sinonimo-de-ineficiencia","status":"publish","type":"post","link":"https:\/\/blogdofarnesio.com.br\/?p=310777","title":{"rendered":"Elei\u00e7\u00f5es 2022 PE: Miguel Coelho afirma que o PSB transformou a Compesa em sin\u00f4nimo de inefici\u00eancia"},"content":{"rendered":"<p>Alvo constante de cr\u00edticas da popula\u00e7\u00e3o, o servi\u00e7o oferecido pela Compesa tem sido questionado tamb\u00e9m pelo pr\u00e9-candidato a governador Miguel Coelho (UB). Neste domingo (10), em visita a Orob\u00f3, o ex-prefeito de Petrolina voltou a defender uma reestrutura\u00e7\u00e3o da empresa que permita ampliar os investimentos em saneamento e na universaliza\u00e7\u00e3o do abastecimento de \u00e1gua.<\/p>\n<p>Miguel afirmou que \u00e9 necess\u00e1rio fazer um debate s\u00e9rio sobre o papel e o modelo de gest\u00e3o da companhia estadual. O pr\u00e9-candidato disse que o PSB fracassou na gest\u00e3o da Compesa e a popula\u00e7\u00e3o n\u00e3o pode continuar sendo penalizada. \u201cEsse governo transformou a empresa em sin\u00f4nimo de inefici\u00eancia. Aqui no Agreste mesmo, tem cidade que passa meses sem \u00e1gua, mas n\u00e3o se deixa de cobrar um m\u00eas a conta\u201d, reclamou.<\/p>\n<p>O pr\u00e9-candidato ressaltou o esfor\u00e7o dos servidores da Compesa em manter a companhia de p\u00e9 apesar do uso da institui\u00e7\u00e3o como espa\u00e7o para abrigar aliados do PSB em cargos comissionados. \u201cA Compesa precisa deixar de ser cabide de emprego, os servidores tem de ser respeitados e a prioridade precisa ser colocar \u00e1gua nas casas dos pernambucanos.\u201d<\/p>\n<p>Segundo dados do Trata Brasil, apenas 32% de Pernambuco tem tratamento de esgoto. Outro indicador alarmante \u00e9 sobre o abastecimento. No \u00faltimo levantamento do IBGE, Pernambuco \u00e9 considerado o pior estado do Brasil no servi\u00e7o, com apenas 52% da popula\u00e7\u00e3o com \u00e1gua regularmente nas torneiras.<\/p>\n<p>&nbsp;<\/p>\n<p>Fotos: Jonas Santos<\/p>\n<p><strong>Assessoria de Imprensa de Miguel Coelho<\/strong><\/p>\n","protected":false},"excerpt":{"rendered":"<p>Alvo constante de cr\u00edticas da popula\u00e7\u00e3o, o servi\u00e7o oferecido pela Compesa tem sido questionado tamb\u00e9m pelo pr\u00e9-candidato a governador Miguel Coelho (UB). Neste domingo (10), em visita a Orob\u00f3, o ex-prefeito de Petrolina voltou a defender uma reestrutura\u00e7\u00e3o da empresa que permita ampliar os investimentos em saneamento e na universaliza\u00e7\u00e3o do abastecimento de \u00e1gua. Miguel afirmou que \u00e9 necess\u00e1rio fazer um debate s\u00e9rio sobre o papel e o modelo de gest\u00e3o da companhia estadual. O pr\u00e9-candidato disse que o PSB fracassou na gest\u00e3o da Compesa e a popula\u00e7\u00e3o n\u00e3o pode continuar sendo penalizada. \u201cEsse governo transformou a empresa em sin\u00f4nimo de inefici\u00eancia. Aqui no Agreste mesmo, tem cidade que passa meses sem \u00e1gua, mas n\u00e3o se deixa de cobrar um&hellip; <\/p>\n","protected":false},"author":2,"featured_media":310779,"comment_status":"open","ping_status":"open","sticky":false,"template":"","format":"standard","meta":{"_acf_changed":false,"footnotes":""},"categories":[34],"tags":[],"class_list":["post-310777","post","type-post","status-publish","format-standard","has-post-thumbnail","hentry","category-eleicoes"],"acf":[],"yoast_head":"<!-- This site is optimized with the Yoast SEO plugin v27.4 - https:\/\/yoast.com\/product\/yoast-seo-wordpress\/ -->\n<title>Elei\u00e7\u00f5es 2022 PE: Miguel Coelho afirma que o PSB transformou a Compesa em sin\u00f4nimo de inefici\u00eancia - Blog do Farn\u00e9sio<\/title>\n<meta name=\"robots\" content=\"index, follow, max-snippet:-1, max-image-preview:large, max-video-preview:-1\" \/>\n<link rel=\"canonical\" href=\"https:\/\/blogdofarnesio.com.br\/?p=310777\" \/>\n<meta property=\"og:locale\" content=\"pt_BR\" \/>\n<meta property=\"og:type\" content=\"article\" \/>\n<meta property=\"og:title\" content=\"Elei\u00e7\u00f5es 2022 PE: Miguel Coelho afirma que o PSB transformou a Compesa em sin\u00f4nimo de inefici\u00eancia - Blog do Farn\u00e9sio\" \/>\n<meta property=\"og:description\" content=\"Alvo constante de cr\u00edticas da popula\u00e7\u00e3o, o servi\u00e7o oferecido pela Compesa tem sido questionado tamb\u00e9m pelo pr\u00e9-candidato a governador Miguel Coelho (UB). Neste domingo (10), em visita a Orob\u00f3, o ex-prefeito de Petrolina voltou a defender uma reestrutura\u00e7\u00e3o da empresa que permita ampliar os investimentos em saneamento e na universaliza\u00e7\u00e3o do abastecimento de \u00e1gua. Miguel afirmou que \u00e9 necess\u00e1rio fazer um debate s\u00e9rio sobre o papel e o modelo de gest\u00e3o da companhia estadual. O pr\u00e9-candidato disse que o PSB fracassou na gest\u00e3o da Compesa e a popula\u00e7\u00e3o n\u00e3o pode continuar sendo penalizada. \u201cEsse governo transformou a empresa em sin\u00f4nimo de inefici\u00eancia. Aqui no Agreste mesmo, tem cidade que passa meses sem \u00e1gua, mas n\u00e3o se deixa de cobrar um&hellip;\" \/>\n<meta property=\"og:url\" content=\"https:\/\/blogdofarnesio.com.br\/?p=310777\" \/>\n<meta property=\"og:site_name\" content=\"Blog do Farn\u00e9sio\" \/>\n<meta property=\"article:publisher\" content=\"https:\/\/www.facebook.com\/BlogQuerSaberPolitica\/\" \/>\n<meta property=\"article:author\" content=\"https:\/\/www.facebook.com\/?ref=tn_tnmn\" \/>\n<meta property=\"article:published_time\" content=\"2022-04-11T15:32:56+00:00\" \/>\n<meta property=\"og:image\" content=\"https:\/\/blogdofarnesio.com.br\/wp-content\/uploads\/2022\/04\/logqspmiguel-Em-Orobo-e1649685893693.jpeg\" \/>\n\t<meta property=\"og:image:width\" content=\"600\" \/>\n\t<meta property=\"og:image:height\" content=\"400\" \/>\n\t<meta property=\"og:image:type\" content=\"image\/jpeg\" \/>\n<meta name=\"author\" content=\"Farn\u00e9sio\" \/>\n<meta name=\"twitter:card\" content=\"summary_large_image\" \/>\n<meta name=\"twitter:label1\" content=\"Escrito por\" \/>\n\t<meta name=\"twitter:data1\" content=\"Farn\u00e9sio\" \/>\n\t<meta name=\"twitter:label2\" content=\"Est. tempo de leitura\" \/>\n\t<meta name=\"twitter:data2\" content=\"2 minutos\" \/>\n<script type=\"application\/ld+json\" class=\"yoast-schema-graph\">{\"@context\":\"https:\\\/\\\/schema.org\",\"@graph\":[{\"@type\":\"Article\",\"@id\":\"https:\\\/\\\/blogdofarnesio.com.br\\\/?p=310777#article\",\"isPartOf\":{\"@id\":\"https:\\\/\\\/blogdofarnesio.com.br\\\/?p=310777\"},\"author\":{\"name\":\"Farn\u00e9sio\",\"@id\":\"https:\\\/\\\/blogdofarnesio.com.br\\\/#\\\/schema\\\/person\\\/bb9b23ae3ad0609ce8df7b6c9e76824d\"},\"headline\":\"Elei\u00e7\u00f5es 2022 PE: Miguel Coelho afirma que o PSB transformou a Compesa em sin\u00f4nimo de inefici\u00eancia\",\"datePublished\":\"2022-04-11T15:32:56+00:00\",\"mainEntityOfPage\":{\"@id\":\"https:\\\/\\\/blogdofarnesio.com.br\\\/?p=310777\"},\"wordCount\":271,\"commentCount\":0,\"publisher\":{\"@id\":\"https:\\\/\\\/blogdofarnesio.com.br\\\/#organization\"},\"image\":{\"@id\":\"https:\\\/\\\/blogdofarnesio.com.br\\\/?p=310777#primaryimage\"},\"thumbnailUrl\":\"https:\\\/\\\/blogdofarnesio.com.br\\\/wp-content\\\/uploads\\\/2022\\\/04\\\/logqspmiguel-Em-Orobo-e1649685893693.jpeg\",\"articleSection\":[\"Elei\u00e7\u00f5es\"],\"inLanguage\":\"pt-BR\",\"potentialAction\":[{\"@type\":\"CommentAction\",\"name\":\"Comment\",\"target\":[\"https:\\\/\\\/blogdofarnesio.com.br\\\/?p=310777#respond\"]}]},{\"@type\":\"WebPage\",\"@id\":\"https:\\\/\\\/blogdofarnesio.com.br\\\/?p=310777\",\"url\":\"https:\\\/\\\/blogdofarnesio.com.br\\\/?p=310777\",\"name\":\"Elei\u00e7\u00f5es 2022 PE: Miguel Coelho afirma que o PSB transformou a Compesa em sin\u00f4nimo de inefici\u00eancia - Blog do Farn\u00e9sio\",\"isPartOf\":{\"@id\":\"https:\\\/\\\/blogdofarnesio.com.br\\\/#website\"},\"primaryImageOfPage\":{\"@id\":\"https:\\\/\\\/blogdofarnesio.com.br\\\/?p=310777#primaryimage\"},\"image\":{\"@id\":\"https:\\\/\\\/blogdofarnesio.com.br\\\/?p=310777#primaryimage\"},\"thumbnailUrl\":\"https:\\\/\\\/blogdofarnesio.com.br\\\/wp-content\\\/uploads\\\/2022\\\/04\\\/logqspmiguel-Em-Orobo-e1649685893693.jpeg\",\"datePublished\":\"2022-04-11T15:32:56+00:00\",\"breadcrumb\":{\"@id\":\"https:\\\/\\\/blogdofarnesio.com.br\\\/?p=310777#breadcrumb\"},\"inLanguage\":\"pt-BR\",\"potentialAction\":[{\"@type\":\"ReadAction\",\"target\":[\"https:\\\/\\\/blogdofarnesio.com.br\\\/?p=310777\"]}]},{\"@type\":\"ImageObject\",\"inLanguage\":\"pt-BR\",\"@id\":\"https:\\\/\\\/blogdofarnesio.com.br\\\/?p=310777#primaryimage\",\"url\":\"https:\\\/\\\/blogdofarnesio.com.br\\\/wp-content\\\/uploads\\\/2022\\\/04\\\/logqspmiguel-Em-Orobo-e1649685893693.jpeg\",\"contentUrl\":\"https:\\\/\\\/blogdofarnesio.com.br\\\/wp-content\\\/uploads\\\/2022\\\/04\\\/logqspmiguel-Em-Orobo-e1649685893693.jpeg\",\"width\":600,\"height\":400},{\"@type\":\"BreadcrumbList\",\"@id\":\"https:\\\/\\\/blogdofarnesio.com.br\\\/?p=310777#breadcrumb\",\"itemListElement\":[{\"@type\":\"ListItem\",\"position\":1,\"name\":\"In\u00edcio\",\"item\":\"https:\\\/\\\/blogdofarnesio.com.br\\\/\"},{\"@type\":\"ListItem\",\"position\":2,\"name\":\"Elei\u00e7\u00f5es 2022 PE: Miguel Coelho afirma que o PSB transformou a Compesa em sin\u00f4nimo de inefici\u00eancia\"}]},{\"@type\":\"WebSite\",\"@id\":\"https:\\\/\\\/blogdofarnesio.com.br\\\/#website\",\"url\":\"https:\\\/\\\/blogdofarnesio.com.br\\\/\",\"name\":\"Blog do Farn\u00e9sio\",\"description\":\"Quer Saber Pol\u00edtica?\",\"publisher\":{\"@id\":\"https:\\\/\\\/blogdofarnesio.com.br\\\/#organization\"},\"potentialAction\":[{\"@type\":\"SearchAction\",\"target\":{\"@type\":\"EntryPoint\",\"urlTemplate\":\"https:\\\/\\\/blogdofarnesio.com.br\\\/?s={search_term_string}\"},\"query-input\":{\"@type\":\"PropertyValueSpecification\",\"valueRequired\":true,\"valueName\":\"search_term_string\"}}],\"inLanguage\":\"pt-BR\"},{\"@type\":\"Organization\",\"@id\":\"https:\\\/\\\/blogdofarnesio.com.br\\\/#organization\",\"name\":\"Blog do Farn\u00e9sio\",\"url\":\"https:\\\/\\\/blogdofarnesio.com.br\\\/\",\"logo\":{\"@type\":\"ImageObject\",\"inLanguage\":\"pt-BR\",\"@id\":\"https:\\\/\\\/blogdofarnesio.com.br\\\/#\\\/schema\\\/logo\\\/image\\\/\",\"url\":\"https:\\\/\\\/blogdofarnesio.com.br\\\/wp-content\\\/uploads\\\/2026\\\/03\\\/cropped-logo_new-1.png\",\"contentUrl\":\"https:\\\/\\\/blogdofarnesio.com.br\\\/wp-content\\\/uploads\\\/2026\\\/03\\\/cropped-logo_new-1.png\",\"width\":881,\"height\":685,\"caption\":\"Blog do Farn\u00e9sio\"},\"image\":{\"@id\":\"https:\\\/\\\/blogdofarnesio.com.br\\\/#\\\/schema\\\/logo\\\/image\\\/\"},\"sameAs\":[\"https:\\\/\\\/www.facebook.com\\\/BlogQuerSaberPolitica\\\/\"]},{\"@type\":\"Person\",\"@id\":\"https:\\\/\\\/blogdofarnesio.com.br\\\/#\\\/schema\\\/person\\\/bb9b23ae3ad0609ce8df7b6c9e76824d\",\"name\":\"Farn\u00e9sio\",\"image\":{\"@type\":\"ImageObject\",\"inLanguage\":\"pt-BR\",\"@id\":\"https:\\\/\\\/secure.gravatar.com\\\/avatar\\\/986aa4c61ccdb66f8555bf88fc2a65609d00bcabd4d2d94377a727547345cbca?s=96&d=mm&r=g\",\"url\":\"https:\\\/\\\/secure.gravatar.com\\\/avatar\\\/986aa4c61ccdb66f8555bf88fc2a65609d00bcabd4d2d94377a727547345cbca?s=96&d=mm&r=g\",\"contentUrl\":\"https:\\\/\\\/secure.gravatar.com\\\/avatar\\\/986aa4c61ccdb66f8555bf88fc2a65609d00bcabd4d2d94377a727547345cbca?s=96&d=mm&r=g\",\"caption\":\"Farn\u00e9sio\"},\"description\":\"Radialista blogueiro, chegou a Petrolina\\\/Juazeiro em setembro de 1980, Farn\u00e9sio Silva \u00e9 de Arapiraca-Alagoas.\",\"sameAs\":[\"http:\\\/\\\/blogdofarnesio.com.br\",\"https:\\\/\\\/www.facebook.com\\\/?ref=tn_tnmn\",\"https:\\\/\\\/www.instagram.com\\\/?utm_source=pwa_homescreen\",\"https:\\\/\\\/youtube.com.br\\\/\"],\"url\":\"https:\\\/\\\/blogdofarnesio.com.br\\\/?author=2\"}]}<\/script>\n<!-- \/ Yoast SEO plugin. -->","yoast_head_json":{"title":"Elei\u00e7\u00f5es 2022 PE: Miguel Coelho afirma que o PSB transformou a Compesa em sin\u00f4nimo de inefici\u00eancia - Blog do Farn\u00e9sio","robots":{"index":"index","follow":"follow","max-snippet":"max-snippet:-1","max-image-preview":"max-image-preview:large","max-video-preview":"max-video-preview:-1"},"canonical":"https:\/\/blogdofarnesio.com.br\/?p=310777","og_locale":"pt_BR","og_type":"article","og_title":"Elei\u00e7\u00f5es 2022 PE: Miguel Coelho afirma que o PSB transformou a Compesa em sin\u00f4nimo de inefici\u00eancia - Blog do Farn\u00e9sio","og_description":"Alvo constante de cr\u00edticas da popula\u00e7\u00e3o, o servi\u00e7o oferecido pela Compesa tem sido questionado tamb\u00e9m pelo pr\u00e9-candidato a governador Miguel Coelho (UB). Neste domingo (10), em visita a Orob\u00f3, o ex-prefeito de Petrolina voltou a defender uma reestrutura\u00e7\u00e3o da empresa que permita ampliar os investimentos em saneamento e na universaliza\u00e7\u00e3o do abastecimento de \u00e1gua. Miguel afirmou que \u00e9 necess\u00e1rio fazer um debate s\u00e9rio sobre o papel e o modelo de gest\u00e3o da companhia estadual. O pr\u00e9-candidato disse que o PSB fracassou na gest\u00e3o da Compesa e a popula\u00e7\u00e3o n\u00e3o pode continuar sendo penalizada. \u201cEsse governo transformou a empresa em sin\u00f4nimo de inefici\u00eancia. Aqui no Agreste mesmo, tem cidade que passa meses sem \u00e1gua, mas n\u00e3o se deixa de cobrar um&hellip;","og_url":"https:\/\/blogdofarnesio.com.br\/?p=310777","og_site_name":"Blog do Farn\u00e9sio","article_publisher":"https:\/\/www.facebook.com\/BlogQuerSaberPolitica\/","article_author":"https:\/\/www.facebook.com\/?ref=tn_tnmn","article_published_time":"2022-04-11T15:32:56+00:00","og_image":[{"width":600,"height":400,"url":"https:\/\/blogdofarnesio.com.br\/wp-content\/uploads\/2022\/04\/logqspmiguel-Em-Orobo-e1649685893693.jpeg","type":"image\/jpeg"}],"author":"Farn\u00e9sio","twitter_card":"summary_large_image","twitter_misc":{"Escrito por":"Farn\u00e9sio","Est. tempo de leitura":"2 minutos"},"schema":{"@context":"https:\/\/schema.org","@graph":[{"@type":"Article","@id":"https:\/\/blogdofarnesio.com.br\/?p=310777#article","isPartOf":{"@id":"https:\/\/blogdofarnesio.com.br\/?p=310777"},"author":{"name":"Farn\u00e9sio","@id":"https:\/\/blogdofarnesio.com.br\/#\/schema\/person\/bb9b23ae3ad0609ce8df7b6c9e76824d"},"headline":"Elei\u00e7\u00f5es 2022 PE: Miguel Coelho afirma que o PSB transformou a Compesa em sin\u00f4nimo de inefici\u00eancia","datePublished":"2022-04-11T15:32:56+00:00","mainEntityOfPage":{"@id":"https:\/\/blogdofarnesio.com.br\/?p=310777"},"wordCount":271,"commentCount":0,"publisher":{"@id":"https:\/\/blogdofarnesio.com.br\/#organization"},"image":{"@id":"https:\/\/blogdofarnesio.com.br\/?p=310777#primaryimage"},"thumbnailUrl":"https:\/\/blogdofarnesio.com.br\/wp-content\/uploads\/2022\/04\/logqspmiguel-Em-Orobo-e1649685893693.jpeg","articleSection":["Elei\u00e7\u00f5es"],"inLanguage":"pt-BR","potentialAction":[{"@type":"CommentAction","name":"Comment","target":["https:\/\/blogdofarnesio.com.br\/?p=310777#respond"]}]},{"@type":"WebPage","@id":"https:\/\/blogdofarnesio.com.br\/?p=310777","url":"https:\/\/blogdofarnesio.com.br\/?p=310777","name":"Elei\u00e7\u00f5es 2022 PE: Miguel Coelho afirma que o PSB transformou a Compesa em sin\u00f4nimo de inefici\u00eancia - Blog do Farn\u00e9sio","isPartOf":{"@id":"https:\/\/blogdofarnesio.com.br\/#website"},"primaryImageOfPage":{"@id":"https:\/\/blogdofarnesio.com.br\/?p=310777#primaryimage"},"image":{"@id":"https:\/\/blogdofarnesio.com.br\/?p=310777#primaryimage"},"thumbnailUrl":"https:\/\/blogdofarnesio.com.br\/wp-content\/uploads\/2022\/04\/logqspmiguel-Em-Orobo-e1649685893693.jpeg","datePublished":"2022-04-11T15:32:56+00:00","breadcrumb":{"@id":"https:\/\/blogdofarnesio.com.br\/?p=310777#breadcrumb"},"inLanguage":"pt-BR","potentialAction":[{"@type":"ReadAction","target":["https:\/\/blogdofarnesio.com.br\/?p=310777"]}]},{"@type":"ImageObject","inLanguage":"pt-BR","@id":"https:\/\/blogdofarnesio.com.br\/?p=310777#primaryimage","url":"https:\/\/blogdofarnesio.com.br\/wp-content\/uploads\/2022\/04\/logqspmiguel-Em-Orobo-e1649685893693.jpeg","contentUrl":"https:\/\/blogdofarnesio.com.br\/wp-content\/uploads\/2022\/04\/logqspmiguel-Em-Orobo-e1649685893693.jpeg","width":600,"height":400},{"@type":"BreadcrumbList","@id":"https:\/\/blogdofarnesio.com.br\/?p=310777#breadcrumb","itemListElement":[{"@type":"ListItem","position":1,"name":"In\u00edcio","item":"https:\/\/blogdofarnesio.com.br\/"},{"@type":"ListItem","position":2,"name":"Elei\u00e7\u00f5es 2022 PE: Miguel Coelho afirma que o PSB transformou a Compesa em sin\u00f4nimo de inefici\u00eancia"}]},{"@type":"WebSite","@id":"https:\/\/blogdofarnesio.com.br\/#website","url":"https:\/\/blogdofarnesio.com.br\/","name":"Blog do Farn\u00e9sio","description":"Quer Saber Pol\u00edtica?","publisher":{"@id":"https:\/\/blogdofarnesio.com.br\/#organization"},"potentialAction":[{"@type":"SearchAction","target":{"@type":"EntryPoint","urlTemplate":"https:\/\/blogdofarnesio.com.br\/?s={search_term_string}"},"query-input":{"@type":"PropertyValueSpecification","valueRequired":true,"valueName":"search_term_string"}}],"inLanguage":"pt-BR"},{"@type":"Organization","@id":"https:\/\/blogdofarnesio.com.br\/#organization","name":"Blog do Farn\u00e9sio","url":"https:\/\/blogdofarnesio.com.br\/","logo":{"@type":"ImageObject","inLanguage":"pt-BR","@id":"https:\/\/blogdofarnesio.com.br\/#\/schema\/logo\/image\/","url":"https:\/\/blogdofarnesio.com.br\/wp-content\/uploads\/2026\/03\/cropped-logo_new-1.png","contentUrl":"https:\/\/blogdofarnesio.com.br\/wp-content\/uploads\/2026\/03\/cropped-logo_new-1.png","width":881,"height":685,"caption":"Blog do Farn\u00e9sio"},"image":{"@id":"https:\/\/blogdofarnesio.com.br\/#\/schema\/logo\/image\/"},"sameAs":["https:\/\/www.facebook.com\/BlogQuerSaberPolitica\/"]},{"@type":"Person","@id":"https:\/\/blogdofarnesio.com.br\/#\/schema\/person\/bb9b23ae3ad0609ce8df7b6c9e76824d","name":"Farn\u00e9sio","image":{"@type":"ImageObject","inLanguage":"pt-BR","@id":"https:\/\/secure.gravatar.com\/avatar\/986aa4c61ccdb66f8555bf88fc2a65609d00bcabd4d2d94377a727547345cbca?s=96&d=mm&r=g","url":"https:\/\/secure.gravatar.com\/avatar\/986aa4c61ccdb66f8555bf88fc2a65609d00bcabd4d2d94377a727547345cbca?s=96&d=mm&r=g","contentUrl":"https:\/\/secure.gravatar.com\/avatar\/986aa4c61ccdb66f8555bf88fc2a65609d00bcabd4d2d94377a727547345cbca?s=96&d=mm&r=g","caption":"Farn\u00e9sio"},"description":"Radialista blogueiro, chegou a Petrolina\/Juazeiro em setembro de 1980, Farn\u00e9sio Silva \u00e9 de Arapiraca-Alagoas.","sameAs":["http:\/\/blogdofarnesio.com.br","https:\/\/www.facebook.com\/?ref=tn_tnmn","https:\/\/www.instagram.com\/?utm_source=pwa_homescreen","https:\/\/youtube.com.br\/"],"url":"https:\/\/blogdofarnesio.com.br\/?author=2"}]}},"_links":{"self":[{"href":"https:\/\/blogdofarnesio.com.br\/index.php?rest_route=\/wp\/v2\/posts\/310777","targetHints":{"allow":["GET"]}}],"collection":[{"href":"https:\/\/blogdofarnesio.com.br\/index.php?rest_route=\/wp\/v2\/posts"}],"about":[{"href":"https:\/\/blogdofarnesio.com.br\/index.php?rest_route=\/wp\/v2\/types\/post"}],"author":[{"embeddable":true,"href":"https:\/\/blogdofarnesio.com.br\/index.php?rest_route=\/wp\/v2\/users\/2"}],"replies":[{"embeddable":true,"href":"https:\/\/blogdofarnesio.com.br\/index.php?rest_route=%2Fwp%2Fv2%2Fcomments&post=310777"}],"version-history":[{"count":0,"href":"https:\/\/blogdofarnesio.com.br\/index.php?rest_route=\/wp\/v2\/posts\/310777\/revisions"}],"wp:featuredmedia":[{"embeddable":true,"href":"https:\/\/blogdofarnesio.com.br\/index.php?rest_route=\/wp\/v2\/media\/310779"}],"wp:attachment":[{"href":"https:\/\/blogdofarnesio.com.br\/index.php?rest_route=%2Fwp%2Fv2%2Fmedia&parent=310777"}],"wp:term":[{"taxonomy":"category","embeddable":true,"href":"https:\/\/blogdofarnesio.com.br\/index.php?rest_route=%2Fwp%2Fv2%2Fcategories&post=310777"},{"taxonomy":"post_tag","embeddable":true,"href":"https:\/\/blogdofarnesio.com.br\/index.php?rest_route=%2Fwp%2Fv2%2Ftags&post=310777"}],"curies":[{"name":"wp","href":"https:\/\/api.w.org\/{rel}","templated":true}]}}