{"id":310763,"date":"2022-04-11T12:06:32","date_gmt":"2022-04-11T15:06:32","guid":{"rendered":"https:\/\/blogdofarnesio.com.br\/?p=310763"},"modified":"2022-04-11T09:10:43","modified_gmt":"2022-04-11T12:10:43","slug":"governo-municipal-promove-recuperacao-de-area-de-nascente-em-comunidade-do-distrito-de-pinhoes","status":"publish","type":"post","link":"https:\/\/blogdofarnesio.com.br\/?p=310763","title":{"rendered":"Governo municipal promove recupera\u00e7\u00e3o de \u00e1rea de nascente em comunidade do distrito de Pinh\u00f5es"},"content":{"rendered":"<p style=\"font-weight: 400;\">A Prefeitura de Juazeiro, atrav\u00e9s da Secretaria de Meio Ambiente e Ordenamento Urbano (Semaurb), realizou mais uma etapa do programa \u2018Meio Ambiente em A\u00e7\u00e3o\u2019 e do projeto \u2018Ju\u00e1 Arborizado\u2019, desta vez no distrito de Pinh\u00f5es, zona rural do munic\u00edpio.<\/p>\n<p style=\"font-weight: 400;\">100 mudas de \u00e1rvores de esp\u00e9cies nativas da caatinga, doadas pela empresa Agrovale, foram plantadas numa \u00e1rea de nascente que estava degradada, localizada numa fazenda do distrito.<\/p>\n<p style=\"font-weight: 400;\">A atividade foi acompanhada por um engenheiro agr\u00f4nomo, engenheiro de minas, engenheira florestal, bi\u00f3loga e gestora ambiental, e teve a participa\u00e7\u00e3o de um morador da comunidade e de um estudante universit\u00e1rio que se interessou pelo projeto.<\/p>\n<p style=\"font-weight: 400;\">A \u00e1rea foi escolhida para a atividade ap\u00f3s um estudo t\u00e9cnico realizado pela equipe de meio ambiente da Semaurb. \u201cO local foi escolhido ap\u00f3s o propriet\u00e1rio da fazenda tomar conhecimento do projeto \u2018Ju\u00e1 Arborizado\u2019. Ele entrou em contato com a Semaurb e solicitou acompanhamento t\u00e9cnico e um m\u00e9todo adequado para fazer o plantio de mudas numa \u00e1rea de nascente, demonstrando ter uma preocupa\u00e7\u00e3o ambiental em querer plantar \u00e1rvores que fizessem parte do bioma da Caatinga.<\/p>\n<p style=\"font-weight: 400;\">O que para n\u00f3s foi uma satisfa\u00e7\u00e3o promover esse acompanhamento. Estamos \u00e0 disposi\u00e7\u00e3o de outros produtores que tamb\u00e9m desejam recuperar \u00e1reas degradadas\u201d, explicou o diretor de meio ambiente da Semaub, Alexandre Batista.<\/p>\n<p style=\"font-weight: 400;\"><strong>Como solicitar o plantio de mudas em \u00e1reas degradadas<\/strong><\/p>\n<p style=\"font-weight: 400;\">As pessoas interessadas em recuperar \u00e1reas de nascente devem entrar em contato com o setor de Meio Ambiente da Semaurb, pelo telefone (74) 3612-3576 (Whatsapp) ou pelo e-mail\u00a0<a href=\"mailto:diretorialicenciamento.semaurb@juazeiro.ba.gov.br\">diretorialicenciamento.semaurb@juazeiro.ba.gov.br<\/a>\u00a0e realizar um cadastro. Posteriormente, a equipe ir\u00e1 elaborar um projeto t\u00e9cnico espec\u00edfico para a \u00e1rea. O servi\u00e7o \u00e9 gratuito.<\/p>\n<p style=\"font-weight: 400;\">\n<p style=\"font-weight: 400;\">Texto: Ed\u00edsia Santos \u2013 Ascom\/Semaurb\/PMJ<\/p>\n<p style=\"font-weight: 400;\">\n","protected":false},"excerpt":{"rendered":"<p>A Prefeitura de Juazeiro, atrav\u00e9s da Secretaria de Meio Ambiente e Ordenamento Urbano (Semaurb), realizou mais uma etapa do programa \u2018Meio Ambiente em A\u00e7\u00e3o\u2019 e do projeto \u2018Ju\u00e1 Arborizado\u2019, desta vez no distrito de Pinh\u00f5es, zona rural do munic\u00edpio. 100 mudas de \u00e1rvores de esp\u00e9cies nativas da caatinga, doadas pela empresa Agrovale, foram plantadas numa \u00e1rea de nascente que estava degradada, localizada numa fazenda do distrito. A atividade foi acompanhada por um engenheiro agr\u00f4nomo, engenheiro de minas, engenheira florestal, bi\u00f3loga e gestora ambiental, e teve a participa\u00e7\u00e3o de um morador da comunidade e de um estudante universit\u00e1rio que se interessou pelo projeto. A \u00e1rea foi escolhida para a atividade ap\u00f3s um estudo t\u00e9cnico realizado pela equipe de meio ambiente da&hellip; <\/p>\n","protected":false},"author":2,"featured_media":310764,"comment_status":"open","ping_status":"open","sticky":false,"template":"","format":"standard","meta":{"_acf_changed":false,"footnotes":""},"categories":[29],"tags":[],"class_list":["post-310763","post","type-post","status-publish","format-standard","has-post-thumbnail","hentry","category-meio-ambiente"],"acf":[],"yoast_head":"<!-- This site is optimized with the Yoast SEO plugin v27.4 - https:\/\/yoast.com\/product\/yoast-seo-wordpress\/ -->\n<title>Governo municipal promove recupera\u00e7\u00e3o de \u00e1rea de nascente em comunidade do distrito de Pinh\u00f5es - Blog do Farn\u00e9sio<\/title>\n<meta name=\"robots\" content=\"index, follow, max-snippet:-1, max-image-preview:large, max-video-preview:-1\" \/>\n<link rel=\"canonical\" href=\"https:\/\/blogdofarnesio.com.br\/?p=310763\" \/>\n<meta property=\"og:locale\" content=\"pt_BR\" \/>\n<meta property=\"og:type\" content=\"article\" \/>\n<meta property=\"og:title\" content=\"Governo municipal promove recupera\u00e7\u00e3o de \u00e1rea de nascente em comunidade do distrito de Pinh\u00f5es - Blog do Farn\u00e9sio\" \/>\n<meta property=\"og:description\" content=\"A Prefeitura de Juazeiro, atrav\u00e9s da Secretaria de Meio Ambiente e Ordenamento Urbano (Semaurb), realizou mais uma etapa do programa \u2018Meio Ambiente em A\u00e7\u00e3o\u2019 e do projeto \u2018Ju\u00e1 Arborizado\u2019, desta vez no distrito de Pinh\u00f5es, zona rural do munic\u00edpio. 100 mudas de \u00e1rvores de esp\u00e9cies nativas da caatinga, doadas pela empresa Agrovale, foram plantadas numa \u00e1rea de nascente que estava degradada, localizada numa fazenda do distrito. A atividade foi acompanhada por um engenheiro agr\u00f4nomo, engenheiro de minas, engenheira florestal, bi\u00f3loga e gestora ambiental, e teve a participa\u00e7\u00e3o de um morador da comunidade e de um estudante universit\u00e1rio que se interessou pelo projeto. A \u00e1rea foi escolhida para a atividade ap\u00f3s um estudo t\u00e9cnico realizado pela equipe de meio ambiente da&hellip;\" \/>\n<meta property=\"og:url\" content=\"https:\/\/blogdofarnesio.com.br\/?p=310763\" \/>\n<meta property=\"og:site_name\" content=\"Blog do Farn\u00e9sio\" \/>\n<meta property=\"article:publisher\" content=\"https:\/\/www.facebook.com\/BlogQuerSaberPolitica\/\" \/>\n<meta property=\"article:author\" content=\"https:\/\/www.facebook.com\/?ref=tn_tnmn\" \/>\n<meta property=\"article:published_time\" content=\"2022-04-11T15:06:32+00:00\" \/>\n<meta property=\"og:image\" content=\"https:\/\/blogdofarnesio.com.br\/wp-content\/uploads\/2022\/04\/Plantio-Pinhoes-6.jpeg\" \/>\n\t<meta property=\"og:image:width\" content=\"572\" \/>\n\t<meta property=\"og:image:height\" content=\"497\" \/>\n\t<meta property=\"og:image:type\" content=\"image\/jpeg\" \/>\n<meta name=\"author\" content=\"Farn\u00e9sio\" \/>\n<meta name=\"twitter:card\" content=\"summary_large_image\" \/>\n<meta name=\"twitter:label1\" content=\"Escrito por\" \/>\n\t<meta name=\"twitter:data1\" content=\"Farn\u00e9sio\" \/>\n\t<meta name=\"twitter:label2\" content=\"Est. tempo de leitura\" \/>\n\t<meta name=\"twitter:data2\" content=\"1 minuto\" \/>\n<script type=\"application\/ld+json\" class=\"yoast-schema-graph\">{\"@context\":\"https:\\\/\\\/schema.org\",\"@graph\":[{\"@type\":\"Article\",\"@id\":\"https:\\\/\\\/blogdofarnesio.com.br\\\/?p=310763#article\",\"isPartOf\":{\"@id\":\"https:\\\/\\\/blogdofarnesio.com.br\\\/?p=310763\"},\"author\":{\"name\":\"Farn\u00e9sio\",\"@id\":\"https:\\\/\\\/blogdofarnesio.com.br\\\/#\\\/schema\\\/person\\\/bb9b23ae3ad0609ce8df7b6c9e76824d\"},\"headline\":\"Governo municipal promove recupera\u00e7\u00e3o de \u00e1rea de nascente em comunidade do distrito de Pinh\u00f5es\",\"datePublished\":\"2022-04-11T15:06:32+00:00\",\"mainEntityOfPage\":{\"@id\":\"https:\\\/\\\/blogdofarnesio.com.br\\\/?p=310763\"},\"wordCount\":314,\"commentCount\":0,\"publisher\":{\"@id\":\"https:\\\/\\\/blogdofarnesio.com.br\\\/#organization\"},\"image\":{\"@id\":\"https:\\\/\\\/blogdofarnesio.com.br\\\/?p=310763#primaryimage\"},\"thumbnailUrl\":\"https:\\\/\\\/blogdofarnesio.com.br\\\/wp-content\\\/uploads\\\/2022\\\/04\\\/Plantio-Pinhoes-6.jpeg\",\"articleSection\":[\"Meio Ambiente\"],\"inLanguage\":\"pt-BR\",\"potentialAction\":[{\"@type\":\"CommentAction\",\"name\":\"Comment\",\"target\":[\"https:\\\/\\\/blogdofarnesio.com.br\\\/?p=310763#respond\"]}]},{\"@type\":\"WebPage\",\"@id\":\"https:\\\/\\\/blogdofarnesio.com.br\\\/?p=310763\",\"url\":\"https:\\\/\\\/blogdofarnesio.com.br\\\/?p=310763\",\"name\":\"Governo municipal promove recupera\u00e7\u00e3o de \u00e1rea de nascente em comunidade do distrito de Pinh\u00f5es - Blog do Farn\u00e9sio\",\"isPartOf\":{\"@id\":\"https:\\\/\\\/blogdofarnesio.com.br\\\/#website\"},\"primaryImageOfPage\":{\"@id\":\"https:\\\/\\\/blogdofarnesio.com.br\\\/?p=310763#primaryimage\"},\"image\":{\"@id\":\"https:\\\/\\\/blogdofarnesio.com.br\\\/?p=310763#primaryimage\"},\"thumbnailUrl\":\"https:\\\/\\\/blogdofarnesio.com.br\\\/wp-content\\\/uploads\\\/2022\\\/04\\\/Plantio-Pinhoes-6.jpeg\",\"datePublished\":\"2022-04-11T15:06:32+00:00\",\"breadcrumb\":{\"@id\":\"https:\\\/\\\/blogdofarnesio.com.br\\\/?p=310763#breadcrumb\"},\"inLanguage\":\"pt-BR\",\"potentialAction\":[{\"@type\":\"ReadAction\",\"target\":[\"https:\\\/\\\/blogdofarnesio.com.br\\\/?p=310763\"]}]},{\"@type\":\"ImageObject\",\"inLanguage\":\"pt-BR\",\"@id\":\"https:\\\/\\\/blogdofarnesio.com.br\\\/?p=310763#primaryimage\",\"url\":\"https:\\\/\\\/blogdofarnesio.com.br\\\/wp-content\\\/uploads\\\/2022\\\/04\\\/Plantio-Pinhoes-6.jpeg\",\"contentUrl\":\"https:\\\/\\\/blogdofarnesio.com.br\\\/wp-content\\\/uploads\\\/2022\\\/04\\\/Plantio-Pinhoes-6.jpeg\",\"width\":572,\"height\":497},{\"@type\":\"BreadcrumbList\",\"@id\":\"https:\\\/\\\/blogdofarnesio.com.br\\\/?p=310763#breadcrumb\",\"itemListElement\":[{\"@type\":\"ListItem\",\"position\":1,\"name\":\"In\u00edcio\",\"item\":\"https:\\\/\\\/blogdofarnesio.com.br\\\/\"},{\"@type\":\"ListItem\",\"position\":2,\"name\":\"Governo municipal promove recupera\u00e7\u00e3o de \u00e1rea de nascente em comunidade do distrito de Pinh\u00f5es\"}]},{\"@type\":\"WebSite\",\"@id\":\"https:\\\/\\\/blogdofarnesio.com.br\\\/#website\",\"url\":\"https:\\\/\\\/blogdofarnesio.com.br\\\/\",\"name\":\"Blog do Farn\u00e9sio\",\"description\":\"Quer Saber Pol\u00edtica?\",\"publisher\":{\"@id\":\"https:\\\/\\\/blogdofarnesio.com.br\\\/#organization\"},\"potentialAction\":[{\"@type\":\"SearchAction\",\"target\":{\"@type\":\"EntryPoint\",\"urlTemplate\":\"https:\\\/\\\/blogdofarnesio.com.br\\\/?s={search_term_string}\"},\"query-input\":{\"@type\":\"PropertyValueSpecification\",\"valueRequired\":true,\"valueName\":\"search_term_string\"}}],\"inLanguage\":\"pt-BR\"},{\"@type\":\"Organization\",\"@id\":\"https:\\\/\\\/blogdofarnesio.com.br\\\/#organization\",\"name\":\"Blog do Farn\u00e9sio\",\"url\":\"https:\\\/\\\/blogdofarnesio.com.br\\\/\",\"logo\":{\"@type\":\"ImageObject\",\"inLanguage\":\"pt-BR\",\"@id\":\"https:\\\/\\\/blogdofarnesio.com.br\\\/#\\\/schema\\\/logo\\\/image\\\/\",\"url\":\"https:\\\/\\\/blogdofarnesio.com.br\\\/wp-content\\\/uploads\\\/2026\\\/03\\\/cropped-logo_new-1.png\",\"contentUrl\":\"https:\\\/\\\/blogdofarnesio.com.br\\\/wp-content\\\/uploads\\\/2026\\\/03\\\/cropped-logo_new-1.png\",\"width\":881,\"height\":685,\"caption\":\"Blog do Farn\u00e9sio\"},\"image\":{\"@id\":\"https:\\\/\\\/blogdofarnesio.com.br\\\/#\\\/schema\\\/logo\\\/image\\\/\"},\"sameAs\":[\"https:\\\/\\\/www.facebook.com\\\/BlogQuerSaberPolitica\\\/\"]},{\"@type\":\"Person\",\"@id\":\"https:\\\/\\\/blogdofarnesio.com.br\\\/#\\\/schema\\\/person\\\/bb9b23ae3ad0609ce8df7b6c9e76824d\",\"name\":\"Farn\u00e9sio\",\"image\":{\"@type\":\"ImageObject\",\"inLanguage\":\"pt-BR\",\"@id\":\"https:\\\/\\\/secure.gravatar.com\\\/avatar\\\/986aa4c61ccdb66f8555bf88fc2a65609d00bcabd4d2d94377a727547345cbca?s=96&d=mm&r=g\",\"url\":\"https:\\\/\\\/secure.gravatar.com\\\/avatar\\\/986aa4c61ccdb66f8555bf88fc2a65609d00bcabd4d2d94377a727547345cbca?s=96&d=mm&r=g\",\"contentUrl\":\"https:\\\/\\\/secure.gravatar.com\\\/avatar\\\/986aa4c61ccdb66f8555bf88fc2a65609d00bcabd4d2d94377a727547345cbca?s=96&d=mm&r=g\",\"caption\":\"Farn\u00e9sio\"},\"description\":\"Radialista blogueiro, chegou a Petrolina\\\/Juazeiro em setembro de 1980, Farn\u00e9sio Silva \u00e9 de Arapiraca-Alagoas.\",\"sameAs\":[\"http:\\\/\\\/blogdofarnesio.com.br\",\"https:\\\/\\\/www.facebook.com\\\/?ref=tn_tnmn\",\"https:\\\/\\\/www.instagram.com\\\/?utm_source=pwa_homescreen\",\"https:\\\/\\\/youtube.com.br\\\/\"],\"url\":\"https:\\\/\\\/blogdofarnesio.com.br\\\/?author=2\"}]}<\/script>\n<!-- \/ Yoast SEO plugin. -->","yoast_head_json":{"title":"Governo municipal promove recupera\u00e7\u00e3o de \u00e1rea de nascente em comunidade do distrito de Pinh\u00f5es - Blog do Farn\u00e9sio","robots":{"index":"index","follow":"follow","max-snippet":"max-snippet:-1","max-image-preview":"max-image-preview:large","max-video-preview":"max-video-preview:-1"},"canonical":"https:\/\/blogdofarnesio.com.br\/?p=310763","og_locale":"pt_BR","og_type":"article","og_title":"Governo municipal promove recupera\u00e7\u00e3o de \u00e1rea de nascente em comunidade do distrito de Pinh\u00f5es - Blog do Farn\u00e9sio","og_description":"A Prefeitura de Juazeiro, atrav\u00e9s da Secretaria de Meio Ambiente e Ordenamento Urbano (Semaurb), realizou mais uma etapa do programa \u2018Meio Ambiente em A\u00e7\u00e3o\u2019 e do projeto \u2018Ju\u00e1 Arborizado\u2019, desta vez no distrito de Pinh\u00f5es, zona rural do munic\u00edpio. 100 mudas de \u00e1rvores de esp\u00e9cies nativas da caatinga, doadas pela empresa Agrovale, foram plantadas numa \u00e1rea de nascente que estava degradada, localizada numa fazenda do distrito. A atividade foi acompanhada por um engenheiro agr\u00f4nomo, engenheiro de minas, engenheira florestal, bi\u00f3loga e gestora ambiental, e teve a participa\u00e7\u00e3o de um morador da comunidade e de um estudante universit\u00e1rio que se interessou pelo projeto. A \u00e1rea foi escolhida para a atividade ap\u00f3s um estudo t\u00e9cnico realizado pela equipe de meio ambiente da&hellip;","og_url":"https:\/\/blogdofarnesio.com.br\/?p=310763","og_site_name":"Blog do Farn\u00e9sio","article_publisher":"https:\/\/www.facebook.com\/BlogQuerSaberPolitica\/","article_author":"https:\/\/www.facebook.com\/?ref=tn_tnmn","article_published_time":"2022-04-11T15:06:32+00:00","og_image":[{"width":572,"height":497,"url":"https:\/\/blogdofarnesio.com.br\/wp-content\/uploads\/2022\/04\/Plantio-Pinhoes-6.jpeg","type":"image\/jpeg"}],"author":"Farn\u00e9sio","twitter_card":"summary_large_image","twitter_misc":{"Escrito por":"Farn\u00e9sio","Est. tempo de leitura":"1 minuto"},"schema":{"@context":"https:\/\/schema.org","@graph":[{"@type":"Article","@id":"https:\/\/blogdofarnesio.com.br\/?p=310763#article","isPartOf":{"@id":"https:\/\/blogdofarnesio.com.br\/?p=310763"},"author":{"name":"Farn\u00e9sio","@id":"https:\/\/blogdofarnesio.com.br\/#\/schema\/person\/bb9b23ae3ad0609ce8df7b6c9e76824d"},"headline":"Governo municipal promove recupera\u00e7\u00e3o de \u00e1rea de nascente em comunidade do distrito de Pinh\u00f5es","datePublished":"2022-04-11T15:06:32+00:00","mainEntityOfPage":{"@id":"https:\/\/blogdofarnesio.com.br\/?p=310763"},"wordCount":314,"commentCount":0,"publisher":{"@id":"https:\/\/blogdofarnesio.com.br\/#organization"},"image":{"@id":"https:\/\/blogdofarnesio.com.br\/?p=310763#primaryimage"},"thumbnailUrl":"https:\/\/blogdofarnesio.com.br\/wp-content\/uploads\/2022\/04\/Plantio-Pinhoes-6.jpeg","articleSection":["Meio Ambiente"],"inLanguage":"pt-BR","potentialAction":[{"@type":"CommentAction","name":"Comment","target":["https:\/\/blogdofarnesio.com.br\/?p=310763#respond"]}]},{"@type":"WebPage","@id":"https:\/\/blogdofarnesio.com.br\/?p=310763","url":"https:\/\/blogdofarnesio.com.br\/?p=310763","name":"Governo municipal promove recupera\u00e7\u00e3o de \u00e1rea de nascente em comunidade do distrito de Pinh\u00f5es - Blog do Farn\u00e9sio","isPartOf":{"@id":"https:\/\/blogdofarnesio.com.br\/#website"},"primaryImageOfPage":{"@id":"https:\/\/blogdofarnesio.com.br\/?p=310763#primaryimage"},"image":{"@id":"https:\/\/blogdofarnesio.com.br\/?p=310763#primaryimage"},"thumbnailUrl":"https:\/\/blogdofarnesio.com.br\/wp-content\/uploads\/2022\/04\/Plantio-Pinhoes-6.jpeg","datePublished":"2022-04-11T15:06:32+00:00","breadcrumb":{"@id":"https:\/\/blogdofarnesio.com.br\/?p=310763#breadcrumb"},"inLanguage":"pt-BR","potentialAction":[{"@type":"ReadAction","target":["https:\/\/blogdofarnesio.com.br\/?p=310763"]}]},{"@type":"ImageObject","inLanguage":"pt-BR","@id":"https:\/\/blogdofarnesio.com.br\/?p=310763#primaryimage","url":"https:\/\/blogdofarnesio.com.br\/wp-content\/uploads\/2022\/04\/Plantio-Pinhoes-6.jpeg","contentUrl":"https:\/\/blogdofarnesio.com.br\/wp-content\/uploads\/2022\/04\/Plantio-Pinhoes-6.jpeg","width":572,"height":497},{"@type":"BreadcrumbList","@id":"https:\/\/blogdofarnesio.com.br\/?p=310763#breadcrumb","itemListElement":[{"@type":"ListItem","position":1,"name":"In\u00edcio","item":"https:\/\/blogdofarnesio.com.br\/"},{"@type":"ListItem","position":2,"name":"Governo municipal promove recupera\u00e7\u00e3o de \u00e1rea de nascente em comunidade do distrito de Pinh\u00f5es"}]},{"@type":"WebSite","@id":"https:\/\/blogdofarnesio.com.br\/#website","url":"https:\/\/blogdofarnesio.com.br\/","name":"Blog do Farn\u00e9sio","description":"Quer Saber Pol\u00edtica?","publisher":{"@id":"https:\/\/blogdofarnesio.com.br\/#organization"},"potentialAction":[{"@type":"SearchAction","target":{"@type":"EntryPoint","urlTemplate":"https:\/\/blogdofarnesio.com.br\/?s={search_term_string}"},"query-input":{"@type":"PropertyValueSpecification","valueRequired":true,"valueName":"search_term_string"}}],"inLanguage":"pt-BR"},{"@type":"Organization","@id":"https:\/\/blogdofarnesio.com.br\/#organization","name":"Blog do Farn\u00e9sio","url":"https:\/\/blogdofarnesio.com.br\/","logo":{"@type":"ImageObject","inLanguage":"pt-BR","@id":"https:\/\/blogdofarnesio.com.br\/#\/schema\/logo\/image\/","url":"https:\/\/blogdofarnesio.com.br\/wp-content\/uploads\/2026\/03\/cropped-logo_new-1.png","contentUrl":"https:\/\/blogdofarnesio.com.br\/wp-content\/uploads\/2026\/03\/cropped-logo_new-1.png","width":881,"height":685,"caption":"Blog do Farn\u00e9sio"},"image":{"@id":"https:\/\/blogdofarnesio.com.br\/#\/schema\/logo\/image\/"},"sameAs":["https:\/\/www.facebook.com\/BlogQuerSaberPolitica\/"]},{"@type":"Person","@id":"https:\/\/blogdofarnesio.com.br\/#\/schema\/person\/bb9b23ae3ad0609ce8df7b6c9e76824d","name":"Farn\u00e9sio","image":{"@type":"ImageObject","inLanguage":"pt-BR","@id":"https:\/\/secure.gravatar.com\/avatar\/986aa4c61ccdb66f8555bf88fc2a65609d00bcabd4d2d94377a727547345cbca?s=96&d=mm&r=g","url":"https:\/\/secure.gravatar.com\/avatar\/986aa4c61ccdb66f8555bf88fc2a65609d00bcabd4d2d94377a727547345cbca?s=96&d=mm&r=g","contentUrl":"https:\/\/secure.gravatar.com\/avatar\/986aa4c61ccdb66f8555bf88fc2a65609d00bcabd4d2d94377a727547345cbca?s=96&d=mm&r=g","caption":"Farn\u00e9sio"},"description":"Radialista blogueiro, chegou a Petrolina\/Juazeiro em setembro de 1980, Farn\u00e9sio Silva \u00e9 de Arapiraca-Alagoas.","sameAs":["http:\/\/blogdofarnesio.com.br","https:\/\/www.facebook.com\/?ref=tn_tnmn","https:\/\/www.instagram.com\/?utm_source=pwa_homescreen","https:\/\/youtube.com.br\/"],"url":"https:\/\/blogdofarnesio.com.br\/?author=2"}]}},"_links":{"self":[{"href":"https:\/\/blogdofarnesio.com.br\/index.php?rest_route=\/wp\/v2\/posts\/310763","targetHints":{"allow":["GET"]}}],"collection":[{"href":"https:\/\/blogdofarnesio.com.br\/index.php?rest_route=\/wp\/v2\/posts"}],"about":[{"href":"https:\/\/blogdofarnesio.com.br\/index.php?rest_route=\/wp\/v2\/types\/post"}],"author":[{"embeddable":true,"href":"https:\/\/blogdofarnesio.com.br\/index.php?rest_route=\/wp\/v2\/users\/2"}],"replies":[{"embeddable":true,"href":"https:\/\/blogdofarnesio.com.br\/index.php?rest_route=%2Fwp%2Fv2%2Fcomments&post=310763"}],"version-history":[{"count":0,"href":"https:\/\/blogdofarnesio.com.br\/index.php?rest_route=\/wp\/v2\/posts\/310763\/revisions"}],"wp:featuredmedia":[{"embeddable":true,"href":"https:\/\/blogdofarnesio.com.br\/index.php?rest_route=\/wp\/v2\/media\/310764"}],"wp:attachment":[{"href":"https:\/\/blogdofarnesio.com.br\/index.php?rest_route=%2Fwp%2Fv2%2Fmedia&parent=310763"}],"wp:term":[{"taxonomy":"category","embeddable":true,"href":"https:\/\/blogdofarnesio.com.br\/index.php?rest_route=%2Fwp%2Fv2%2Fcategories&post=310763"},{"taxonomy":"post_tag","embeddable":true,"href":"https:\/\/blogdofarnesio.com.br\/index.php?rest_route=%2Fwp%2Fv2%2Ftags&post=310763"}],"curies":[{"name":"wp","href":"https:\/\/api.w.org\/{rel}","templated":true}]}}