{"id":310761,"date":"2022-04-11T11:04:03","date_gmt":"2022-04-11T14:04:03","guid":{"rendered":"https:\/\/blogdofarnesio.com.br\/?p=310761"},"modified":"2022-04-11T09:05:29","modified_gmt":"2022-04-11T12:05:29","slug":"o-perigo-para-idosos-e-a-sublinhagem-da-covid-19-no-brasil","status":"publish","type":"post","link":"https:\/\/blogdofarnesio.com.br\/?p=310761","title":{"rendered":"O PERIGO PARA IDOSOS E A SUBLINHAGEM DA COVID 19 NO BRASIL"},"content":{"rendered":"<p>At\u00e9 o momento, a pandemia do novo coronav\u00edrus j\u00e1 deixou\u00a0<strong>498.154.313\u00a0<\/strong>contaminados e\u00a0<strong>6.176.420\u00a0<\/strong>mortos no mundo. No Brasil s\u00e3o\u00a0<strong>30.146.769\u00a0<\/strong>contaminados e\u00a0<strong>661.475\u00a0<\/strong>mortos. Os dados s\u00e3o da Universidade Johns Hopkins.<\/p>\n<p>O n\u00famero de doses de vacina aplicadas no planeta chegou a\u00a0<strong>11,4 bilh\u00f5es<\/strong>. No Brasil s\u00e3o\u00a0<strong>420.939.302\u00a0<\/strong>de unidades administradas. Os dados s\u00e3o da Bloomberg (mundial) e de VEJA (nacional).<\/p>\n<p><strong>IDOSOS EM PERIGO<\/strong><\/p>\n<p>Estudo realizado por pesquisadores do Hospital Albert Einstein, em S\u00e3o Paulo, e da Universidade Federal de S\u00e3o Paulo revelou quais s\u00e3o os principais fatores que\u00a0<a href=\"http:\/\/r.emailabril.com.br\/mk\/cl\/f\/RATy-br_gpGIwtFKbn-chlyzlOQpkk5FToNygA7iHrmnNzylaLkiZfGzeego_FqbiDIOHlyMYPn9EnavtFCAwWiIkolM38guidoV-m_rJOEa4JSMIj2oQtZLS66jQ6PNo81s555CtneoIreeqxa37y6rhPS1PpYDojQsMeMlI6mrDRakH9ecUEkeO_C1-v-ZTV_LsC_mxlghGJSPBiLaC6FOs9KuXKTtdKFie02mPb2Vzot1hrRsDrP6C8amixZZ4MK28-9x8CUwmgvSfcxdyt2B\" target=\"_blank\" rel=\"noopener\" data-saferedirecturl=\"https:\/\/www.google.com\/url?q=http:\/\/r.emailabril.com.br\/mk\/cl\/f\/RATy-br_gpGIwtFKbn-chlyzlOQpkk5FToNygA7iHrmnNzylaLkiZfGzeego_FqbiDIOHlyMYPn9EnavtFCAwWiIkolM38guidoV-m_rJOEa4JSMIj2oQtZLS66jQ6PNo81s555CtneoIreeqxa37y6rhPS1PpYDojQsMeMlI6mrDRakH9ecUEkeO_C1-v-ZTV_LsC_mxlghGJSPBiLaC6FOs9KuXKTtdKFie02mPb2Vzot1hrRsDrP6C8amixZZ4MK28-9x8CUwmgvSfcxdyt2B&amp;source=gmail&amp;ust=1649764345065000&amp;usg=AOvVaw1hJWH6j0GRAoG5sJ5wnulx\"><strong>predisp\u00f5em idosos<\/strong><\/a>\u00a0\u00e0 morte por Covid-19. S\u00e3o eles: n\u00edveis de vitamina D no sangue menores que 40ng\/mL, anemia, prote\u00edna C-reativa (marcador de inflama\u00e7\u00e3o) maior que 80ng\/mL e comprometimento pulmonar maior que 50% na tomografia. A pesquisa contou com a participa\u00e7\u00e3o de 201 pacientes e foi publicada na revista cient\u00edfica\u00a0<em>BMC Geriatrics<\/em>.<\/p>\n<p>Assim como nos EUA e na Europa, a sublinhagem BA.2 da variante \u00f4micron\u00a0<a href=\"http:\/\/r.emailabril.com.br\/mk\/cl\/f\/DL64Ebid5-VfYc5iFh2LjWe9DCU7ywAJiTzF4CrYPOP99VxED5uX5VJDPHBN4m6MyFgPCFEKUIZQ-iYnL7untoJ2-n9JZTAEIAL5slxNEGhkIA2qTlnka5d0ouYFZR2Dd2POwzY8mUA3PdGw-GChEUYC-NxCJwc3D7d8WfKm-aGsJ-uC7bsnHenCnhBReL7-Ci_k7It3yyti6p5xV-sW4_dyhAqo3O3Ev9v94c96l-3_6zn17GHQHN5IoucEGvNjNHilXfI9CVkcIJ18jHwvmI6ujo4N\" target=\"_blank\" rel=\"noopener\" data-saferedirecturl=\"https:\/\/www.google.com\/url?q=http:\/\/r.emailabril.com.br\/mk\/cl\/f\/DL64Ebid5-VfYc5iFh2LjWe9DCU7ywAJiTzF4CrYPOP99VxED5uX5VJDPHBN4m6MyFgPCFEKUIZQ-iYnL7untoJ2-n9JZTAEIAL5slxNEGhkIA2qTlnka5d0ouYFZR2Dd2POwzY8mUA3PdGw-GChEUYC-NxCJwc3D7d8WfKm-aGsJ-uC7bsnHenCnhBReL7-Ci_k7It3yyti6p5xV-sW4_dyhAqo3O3Ev9v94c96l-3_6zn17GHQHN5IoucEGvNjNHilXfI9CVkcIJ18jHwvmI6ujo4N&amp;source=gmail&amp;ust=1649764345065000&amp;usg=AOvVaw2nOxkslD9CHPt7xOerS2On\"><strong>cresce no Brasil<\/strong><\/a>. Segundo boletim da Rede Gen\u00f4mica Fiocruz, que monitora as linhagens do coronav\u00edrus em circula\u00e7\u00e3o do pa\u00eds, a sublinhagem foi respons\u00e1vel por 3,4% dos resultados positivos em an\u00e1lises dos genomas em mar\u00e7o. Em fevereiro, o \u00edndice era de 1,1%. A cepa original \u00f4micron \u00e9 predominante e substituiu rapidamente a delta por ser mais transmiss\u00edvel. A an\u00e1lise da Fiocruz refere-se ao per\u00edodo de 18 a 31 de mar\u00e7o.<\/p>\n","protected":false},"excerpt":{"rendered":"<p>At\u00e9 o momento, a pandemia do novo coronav\u00edrus j\u00e1 deixou\u00a0498.154.313\u00a0contaminados e\u00a06.176.420\u00a0mortos no mundo. No Brasil s\u00e3o\u00a030.146.769\u00a0contaminados e\u00a0661.475\u00a0mortos. Os dados s\u00e3o da Universidade Johns Hopkins. O n\u00famero de doses de vacina aplicadas no planeta chegou a\u00a011,4 bilh\u00f5es. No Brasil s\u00e3o\u00a0420.939.302\u00a0de unidades administradas. Os dados s\u00e3o da Bloomberg (mundial) e de VEJA (nacional). IDOSOS EM PERIGO Estudo realizado por pesquisadores do Hospital Albert Einstein, em S\u00e3o Paulo, e da Universidade Federal de S\u00e3o Paulo revelou quais s\u00e3o os principais fatores que\u00a0predisp\u00f5em idosos\u00a0\u00e0 morte por Covid-19. S\u00e3o eles: n\u00edveis de vitamina D no sangue menores que 40ng\/mL, anemia, prote\u00edna C-reativa (marcador de inflama\u00e7\u00e3o) maior que 80ng\/mL e comprometimento pulmonar maior que 50% na tomografia. A pesquisa contou com a participa\u00e7\u00e3o de 201 pacientes&hellip; <\/p>\n","protected":false},"author":2,"featured_media":303779,"comment_status":"open","ping_status":"open","sticky":false,"template":"","format":"standard","meta":{"_acf_changed":false,"footnotes":""},"categories":[4],"tags":[],"class_list":["post-310761","post","type-post","status-publish","format-standard","has-post-thumbnail","hentry","category-saude"],"acf":[],"yoast_head":"<!-- This site is optimized with the Yoast SEO plugin v27.4 - https:\/\/yoast.com\/product\/yoast-seo-wordpress\/ -->\n<title>O PERIGO PARA IDOSOS E A SUBLINHAGEM DA COVID 19 NO BRASIL - Blog do Farn\u00e9sio<\/title>\n<meta name=\"robots\" content=\"index, follow, max-snippet:-1, max-image-preview:large, max-video-preview:-1\" \/>\n<link rel=\"canonical\" href=\"https:\/\/blogdofarnesio.com.br\/?p=310761\" \/>\n<meta property=\"og:locale\" content=\"pt_BR\" \/>\n<meta property=\"og:type\" content=\"article\" \/>\n<meta property=\"og:title\" content=\"O PERIGO PARA IDOSOS E A SUBLINHAGEM DA COVID 19 NO BRASIL - Blog do Farn\u00e9sio\" \/>\n<meta property=\"og:description\" content=\"At\u00e9 o momento, a pandemia do novo coronav\u00edrus j\u00e1 deixou\u00a0498.154.313\u00a0contaminados e\u00a06.176.420\u00a0mortos no mundo. No Brasil s\u00e3o\u00a030.146.769\u00a0contaminados e\u00a0661.475\u00a0mortos. Os dados s\u00e3o da Universidade Johns Hopkins. O n\u00famero de doses de vacina aplicadas no planeta chegou a\u00a011,4 bilh\u00f5es. No Brasil s\u00e3o\u00a0420.939.302\u00a0de unidades administradas. Os dados s\u00e3o da Bloomberg (mundial) e de VEJA (nacional). IDOSOS EM PERIGO Estudo realizado por pesquisadores do Hospital Albert Einstein, em S\u00e3o Paulo, e da Universidade Federal de S\u00e3o Paulo revelou quais s\u00e3o os principais fatores que\u00a0predisp\u00f5em idosos\u00a0\u00e0 morte por Covid-19. S\u00e3o eles: n\u00edveis de vitamina D no sangue menores que 40ng\/mL, anemia, prote\u00edna C-reativa (marcador de inflama\u00e7\u00e3o) maior que 80ng\/mL e comprometimento pulmonar maior que 50% na tomografia. A pesquisa contou com a participa\u00e7\u00e3o de 201 pacientes&hellip;\" \/>\n<meta property=\"og:url\" content=\"https:\/\/blogdofarnesio.com.br\/?p=310761\" \/>\n<meta property=\"og:site_name\" content=\"Blog do Farn\u00e9sio\" \/>\n<meta property=\"article:publisher\" content=\"https:\/\/www.facebook.com\/BlogQuerSaberPolitica\/\" \/>\n<meta property=\"article:author\" content=\"https:\/\/www.facebook.com\/?ref=tn_tnmn\" \/>\n<meta property=\"article:published_time\" content=\"2022-04-11T14:04:03+00:00\" \/>\n<meta property=\"og:image\" content=\"https:\/\/blogdofarnesio.com.br\/wp-content\/uploads\/2022\/01\/blogqspcorona-omicron.jpeg\" \/>\n\t<meta property=\"og:image:width\" content=\"500\" \/>\n\t<meta property=\"og:image:height\" content=\"323\" \/>\n\t<meta property=\"og:image:type\" content=\"image\/jpeg\" \/>\n<meta name=\"author\" content=\"Farn\u00e9sio\" \/>\n<meta name=\"twitter:card\" content=\"summary_large_image\" \/>\n<meta name=\"twitter:label1\" content=\"Escrito por\" \/>\n\t<meta name=\"twitter:data1\" content=\"Farn\u00e9sio\" \/>\n\t<meta name=\"twitter:label2\" content=\"Est. tempo de leitura\" \/>\n\t<meta name=\"twitter:data2\" content=\"2 minutos\" \/>\n<script type=\"application\/ld+json\" class=\"yoast-schema-graph\">{\"@context\":\"https:\\\/\\\/schema.org\",\"@graph\":[{\"@type\":\"Article\",\"@id\":\"https:\\\/\\\/blogdofarnesio.com.br\\\/?p=310761#article\",\"isPartOf\":{\"@id\":\"https:\\\/\\\/blogdofarnesio.com.br\\\/?p=310761\"},\"author\":{\"name\":\"Farn\u00e9sio\",\"@id\":\"https:\\\/\\\/blogdofarnesio.com.br\\\/#\\\/schema\\\/person\\\/bb9b23ae3ad0609ce8df7b6c9e76824d\"},\"headline\":\"O PERIGO PARA IDOSOS E A SUBLINHAGEM DA COVID 19 NO BRASIL\",\"datePublished\":\"2022-04-11T14:04:03+00:00\",\"mainEntityOfPage\":{\"@id\":\"https:\\\/\\\/blogdofarnesio.com.br\\\/?p=310761\"},\"wordCount\":250,\"commentCount\":0,\"publisher\":{\"@id\":\"https:\\\/\\\/blogdofarnesio.com.br\\\/#organization\"},\"image\":{\"@id\":\"https:\\\/\\\/blogdofarnesio.com.br\\\/?p=310761#primaryimage\"},\"thumbnailUrl\":\"https:\\\/\\\/blogdofarnesio.com.br\\\/wp-content\\\/uploads\\\/2022\\\/01\\\/blogqspcorona-omicron.jpeg\",\"articleSection\":[\"Sa\u00fade\"],\"inLanguage\":\"pt-BR\",\"potentialAction\":[{\"@type\":\"CommentAction\",\"name\":\"Comment\",\"target\":[\"https:\\\/\\\/blogdofarnesio.com.br\\\/?p=310761#respond\"]}]},{\"@type\":\"WebPage\",\"@id\":\"https:\\\/\\\/blogdofarnesio.com.br\\\/?p=310761\",\"url\":\"https:\\\/\\\/blogdofarnesio.com.br\\\/?p=310761\",\"name\":\"O PERIGO PARA IDOSOS E A SUBLINHAGEM DA COVID 19 NO BRASIL - Blog do Farn\u00e9sio\",\"isPartOf\":{\"@id\":\"https:\\\/\\\/blogdofarnesio.com.br\\\/#website\"},\"primaryImageOfPage\":{\"@id\":\"https:\\\/\\\/blogdofarnesio.com.br\\\/?p=310761#primaryimage\"},\"image\":{\"@id\":\"https:\\\/\\\/blogdofarnesio.com.br\\\/?p=310761#primaryimage\"},\"thumbnailUrl\":\"https:\\\/\\\/blogdofarnesio.com.br\\\/wp-content\\\/uploads\\\/2022\\\/01\\\/blogqspcorona-omicron.jpeg\",\"datePublished\":\"2022-04-11T14:04:03+00:00\",\"breadcrumb\":{\"@id\":\"https:\\\/\\\/blogdofarnesio.com.br\\\/?p=310761#breadcrumb\"},\"inLanguage\":\"pt-BR\",\"potentialAction\":[{\"@type\":\"ReadAction\",\"target\":[\"https:\\\/\\\/blogdofarnesio.com.br\\\/?p=310761\"]}]},{\"@type\":\"ImageObject\",\"inLanguage\":\"pt-BR\",\"@id\":\"https:\\\/\\\/blogdofarnesio.com.br\\\/?p=310761#primaryimage\",\"url\":\"https:\\\/\\\/blogdofarnesio.com.br\\\/wp-content\\\/uploads\\\/2022\\\/01\\\/blogqspcorona-omicron.jpeg\",\"contentUrl\":\"https:\\\/\\\/blogdofarnesio.com.br\\\/wp-content\\\/uploads\\\/2022\\\/01\\\/blogqspcorona-omicron.jpeg\",\"width\":500,\"height\":323,\"caption\":\"An illustration picture taken in London on December 2, 2021 shows four syringes and a screen displaying the word 'Omicron', the name of the new covid 19 variant, and an illustration of the virus. (Photo by Justin TALLIS \\\/ AFP)\"},{\"@type\":\"BreadcrumbList\",\"@id\":\"https:\\\/\\\/blogdofarnesio.com.br\\\/?p=310761#breadcrumb\",\"itemListElement\":[{\"@type\":\"ListItem\",\"position\":1,\"name\":\"In\u00edcio\",\"item\":\"https:\\\/\\\/blogdofarnesio.com.br\\\/\"},{\"@type\":\"ListItem\",\"position\":2,\"name\":\"O PERIGO PARA IDOSOS E A SUBLINHAGEM DA COVID 19 NO BRASIL\"}]},{\"@type\":\"WebSite\",\"@id\":\"https:\\\/\\\/blogdofarnesio.com.br\\\/#website\",\"url\":\"https:\\\/\\\/blogdofarnesio.com.br\\\/\",\"name\":\"Blog do Farn\u00e9sio\",\"description\":\"Quer Saber Pol\u00edtica?\",\"publisher\":{\"@id\":\"https:\\\/\\\/blogdofarnesio.com.br\\\/#organization\"},\"potentialAction\":[{\"@type\":\"SearchAction\",\"target\":{\"@type\":\"EntryPoint\",\"urlTemplate\":\"https:\\\/\\\/blogdofarnesio.com.br\\\/?s={search_term_string}\"},\"query-input\":{\"@type\":\"PropertyValueSpecification\",\"valueRequired\":true,\"valueName\":\"search_term_string\"}}],\"inLanguage\":\"pt-BR\"},{\"@type\":\"Organization\",\"@id\":\"https:\\\/\\\/blogdofarnesio.com.br\\\/#organization\",\"name\":\"Blog do Farn\u00e9sio\",\"url\":\"https:\\\/\\\/blogdofarnesio.com.br\\\/\",\"logo\":{\"@type\":\"ImageObject\",\"inLanguage\":\"pt-BR\",\"@id\":\"https:\\\/\\\/blogdofarnesio.com.br\\\/#\\\/schema\\\/logo\\\/image\\\/\",\"url\":\"https:\\\/\\\/blogdofarnesio.com.br\\\/wp-content\\\/uploads\\\/2026\\\/03\\\/cropped-logo_new-1.png\",\"contentUrl\":\"https:\\\/\\\/blogdofarnesio.com.br\\\/wp-content\\\/uploads\\\/2026\\\/03\\\/cropped-logo_new-1.png\",\"width\":881,\"height\":685,\"caption\":\"Blog do Farn\u00e9sio\"},\"image\":{\"@id\":\"https:\\\/\\\/blogdofarnesio.com.br\\\/#\\\/schema\\\/logo\\\/image\\\/\"},\"sameAs\":[\"https:\\\/\\\/www.facebook.com\\\/BlogQuerSaberPolitica\\\/\"]},{\"@type\":\"Person\",\"@id\":\"https:\\\/\\\/blogdofarnesio.com.br\\\/#\\\/schema\\\/person\\\/bb9b23ae3ad0609ce8df7b6c9e76824d\",\"name\":\"Farn\u00e9sio\",\"image\":{\"@type\":\"ImageObject\",\"inLanguage\":\"pt-BR\",\"@id\":\"https:\\\/\\\/secure.gravatar.com\\\/avatar\\\/986aa4c61ccdb66f8555bf88fc2a65609d00bcabd4d2d94377a727547345cbca?s=96&d=mm&r=g\",\"url\":\"https:\\\/\\\/secure.gravatar.com\\\/avatar\\\/986aa4c61ccdb66f8555bf88fc2a65609d00bcabd4d2d94377a727547345cbca?s=96&d=mm&r=g\",\"contentUrl\":\"https:\\\/\\\/secure.gravatar.com\\\/avatar\\\/986aa4c61ccdb66f8555bf88fc2a65609d00bcabd4d2d94377a727547345cbca?s=96&d=mm&r=g\",\"caption\":\"Farn\u00e9sio\"},\"description\":\"Radialista blogueiro, chegou a Petrolina\\\/Juazeiro em setembro de 1980, Farn\u00e9sio Silva \u00e9 de Arapiraca-Alagoas.\",\"sameAs\":[\"http:\\\/\\\/blogdofarnesio.com.br\",\"https:\\\/\\\/www.facebook.com\\\/?ref=tn_tnmn\",\"https:\\\/\\\/www.instagram.com\\\/?utm_source=pwa_homescreen\",\"https:\\\/\\\/youtube.com.br\\\/\"],\"url\":\"https:\\\/\\\/blogdofarnesio.com.br\\\/?author=2\"}]}<\/script>\n<!-- \/ Yoast SEO plugin. -->","yoast_head_json":{"title":"O PERIGO PARA IDOSOS E A SUBLINHAGEM DA COVID 19 NO BRASIL - Blog do Farn\u00e9sio","robots":{"index":"index","follow":"follow","max-snippet":"max-snippet:-1","max-image-preview":"max-image-preview:large","max-video-preview":"max-video-preview:-1"},"canonical":"https:\/\/blogdofarnesio.com.br\/?p=310761","og_locale":"pt_BR","og_type":"article","og_title":"O PERIGO PARA IDOSOS E A SUBLINHAGEM DA COVID 19 NO BRASIL - Blog do Farn\u00e9sio","og_description":"At\u00e9 o momento, a pandemia do novo coronav\u00edrus j\u00e1 deixou\u00a0498.154.313\u00a0contaminados e\u00a06.176.420\u00a0mortos no mundo. No Brasil s\u00e3o\u00a030.146.769\u00a0contaminados e\u00a0661.475\u00a0mortos. Os dados s\u00e3o da Universidade Johns Hopkins. O n\u00famero de doses de vacina aplicadas no planeta chegou a\u00a011,4 bilh\u00f5es. No Brasil s\u00e3o\u00a0420.939.302\u00a0de unidades administradas. Os dados s\u00e3o da Bloomberg (mundial) e de VEJA (nacional). IDOSOS EM PERIGO Estudo realizado por pesquisadores do Hospital Albert Einstein, em S\u00e3o Paulo, e da Universidade Federal de S\u00e3o Paulo revelou quais s\u00e3o os principais fatores que\u00a0predisp\u00f5em idosos\u00a0\u00e0 morte por Covid-19. S\u00e3o eles: n\u00edveis de vitamina D no sangue menores que 40ng\/mL, anemia, prote\u00edna C-reativa (marcador de inflama\u00e7\u00e3o) maior que 80ng\/mL e comprometimento pulmonar maior que 50% na tomografia. A pesquisa contou com a participa\u00e7\u00e3o de 201 pacientes&hellip;","og_url":"https:\/\/blogdofarnesio.com.br\/?p=310761","og_site_name":"Blog do Farn\u00e9sio","article_publisher":"https:\/\/www.facebook.com\/BlogQuerSaberPolitica\/","article_author":"https:\/\/www.facebook.com\/?ref=tn_tnmn","article_published_time":"2022-04-11T14:04:03+00:00","og_image":[{"width":500,"height":323,"url":"https:\/\/blogdofarnesio.com.br\/wp-content\/uploads\/2022\/01\/blogqspcorona-omicron.jpeg","type":"image\/jpeg"}],"author":"Farn\u00e9sio","twitter_card":"summary_large_image","twitter_misc":{"Escrito por":"Farn\u00e9sio","Est. tempo de leitura":"2 minutos"},"schema":{"@context":"https:\/\/schema.org","@graph":[{"@type":"Article","@id":"https:\/\/blogdofarnesio.com.br\/?p=310761#article","isPartOf":{"@id":"https:\/\/blogdofarnesio.com.br\/?p=310761"},"author":{"name":"Farn\u00e9sio","@id":"https:\/\/blogdofarnesio.com.br\/#\/schema\/person\/bb9b23ae3ad0609ce8df7b6c9e76824d"},"headline":"O PERIGO PARA IDOSOS E A SUBLINHAGEM DA COVID 19 NO BRASIL","datePublished":"2022-04-11T14:04:03+00:00","mainEntityOfPage":{"@id":"https:\/\/blogdofarnesio.com.br\/?p=310761"},"wordCount":250,"commentCount":0,"publisher":{"@id":"https:\/\/blogdofarnesio.com.br\/#organization"},"image":{"@id":"https:\/\/blogdofarnesio.com.br\/?p=310761#primaryimage"},"thumbnailUrl":"https:\/\/blogdofarnesio.com.br\/wp-content\/uploads\/2022\/01\/blogqspcorona-omicron.jpeg","articleSection":["Sa\u00fade"],"inLanguage":"pt-BR","potentialAction":[{"@type":"CommentAction","name":"Comment","target":["https:\/\/blogdofarnesio.com.br\/?p=310761#respond"]}]},{"@type":"WebPage","@id":"https:\/\/blogdofarnesio.com.br\/?p=310761","url":"https:\/\/blogdofarnesio.com.br\/?p=310761","name":"O PERIGO PARA IDOSOS E A SUBLINHAGEM DA COVID 19 NO BRASIL - Blog do Farn\u00e9sio","isPartOf":{"@id":"https:\/\/blogdofarnesio.com.br\/#website"},"primaryImageOfPage":{"@id":"https:\/\/blogdofarnesio.com.br\/?p=310761#primaryimage"},"image":{"@id":"https:\/\/blogdofarnesio.com.br\/?p=310761#primaryimage"},"thumbnailUrl":"https:\/\/blogdofarnesio.com.br\/wp-content\/uploads\/2022\/01\/blogqspcorona-omicron.jpeg","datePublished":"2022-04-11T14:04:03+00:00","breadcrumb":{"@id":"https:\/\/blogdofarnesio.com.br\/?p=310761#breadcrumb"},"inLanguage":"pt-BR","potentialAction":[{"@type":"ReadAction","target":["https:\/\/blogdofarnesio.com.br\/?p=310761"]}]},{"@type":"ImageObject","inLanguage":"pt-BR","@id":"https:\/\/blogdofarnesio.com.br\/?p=310761#primaryimage","url":"https:\/\/blogdofarnesio.com.br\/wp-content\/uploads\/2022\/01\/blogqspcorona-omicron.jpeg","contentUrl":"https:\/\/blogdofarnesio.com.br\/wp-content\/uploads\/2022\/01\/blogqspcorona-omicron.jpeg","width":500,"height":323,"caption":"An illustration picture taken in London on December 2, 2021 shows four syringes and a screen displaying the word 'Omicron', the name of the new covid 19 variant, and an illustration of the virus. (Photo by Justin TALLIS \/ AFP)"},{"@type":"BreadcrumbList","@id":"https:\/\/blogdofarnesio.com.br\/?p=310761#breadcrumb","itemListElement":[{"@type":"ListItem","position":1,"name":"In\u00edcio","item":"https:\/\/blogdofarnesio.com.br\/"},{"@type":"ListItem","position":2,"name":"O PERIGO PARA IDOSOS E A SUBLINHAGEM DA COVID 19 NO BRASIL"}]},{"@type":"WebSite","@id":"https:\/\/blogdofarnesio.com.br\/#website","url":"https:\/\/blogdofarnesio.com.br\/","name":"Blog do Farn\u00e9sio","description":"Quer Saber Pol\u00edtica?","publisher":{"@id":"https:\/\/blogdofarnesio.com.br\/#organization"},"potentialAction":[{"@type":"SearchAction","target":{"@type":"EntryPoint","urlTemplate":"https:\/\/blogdofarnesio.com.br\/?s={search_term_string}"},"query-input":{"@type":"PropertyValueSpecification","valueRequired":true,"valueName":"search_term_string"}}],"inLanguage":"pt-BR"},{"@type":"Organization","@id":"https:\/\/blogdofarnesio.com.br\/#organization","name":"Blog do Farn\u00e9sio","url":"https:\/\/blogdofarnesio.com.br\/","logo":{"@type":"ImageObject","inLanguage":"pt-BR","@id":"https:\/\/blogdofarnesio.com.br\/#\/schema\/logo\/image\/","url":"https:\/\/blogdofarnesio.com.br\/wp-content\/uploads\/2026\/03\/cropped-logo_new-1.png","contentUrl":"https:\/\/blogdofarnesio.com.br\/wp-content\/uploads\/2026\/03\/cropped-logo_new-1.png","width":881,"height":685,"caption":"Blog do Farn\u00e9sio"},"image":{"@id":"https:\/\/blogdofarnesio.com.br\/#\/schema\/logo\/image\/"},"sameAs":["https:\/\/www.facebook.com\/BlogQuerSaberPolitica\/"]},{"@type":"Person","@id":"https:\/\/blogdofarnesio.com.br\/#\/schema\/person\/bb9b23ae3ad0609ce8df7b6c9e76824d","name":"Farn\u00e9sio","image":{"@type":"ImageObject","inLanguage":"pt-BR","@id":"https:\/\/secure.gravatar.com\/avatar\/986aa4c61ccdb66f8555bf88fc2a65609d00bcabd4d2d94377a727547345cbca?s=96&d=mm&r=g","url":"https:\/\/secure.gravatar.com\/avatar\/986aa4c61ccdb66f8555bf88fc2a65609d00bcabd4d2d94377a727547345cbca?s=96&d=mm&r=g","contentUrl":"https:\/\/secure.gravatar.com\/avatar\/986aa4c61ccdb66f8555bf88fc2a65609d00bcabd4d2d94377a727547345cbca?s=96&d=mm&r=g","caption":"Farn\u00e9sio"},"description":"Radialista blogueiro, chegou a Petrolina\/Juazeiro em setembro de 1980, Farn\u00e9sio Silva \u00e9 de Arapiraca-Alagoas.","sameAs":["http:\/\/blogdofarnesio.com.br","https:\/\/www.facebook.com\/?ref=tn_tnmn","https:\/\/www.instagram.com\/?utm_source=pwa_homescreen","https:\/\/youtube.com.br\/"],"url":"https:\/\/blogdofarnesio.com.br\/?author=2"}]}},"_links":{"self":[{"href":"https:\/\/blogdofarnesio.com.br\/index.php?rest_route=\/wp\/v2\/posts\/310761","targetHints":{"allow":["GET"]}}],"collection":[{"href":"https:\/\/blogdofarnesio.com.br\/index.php?rest_route=\/wp\/v2\/posts"}],"about":[{"href":"https:\/\/blogdofarnesio.com.br\/index.php?rest_route=\/wp\/v2\/types\/post"}],"author":[{"embeddable":true,"href":"https:\/\/blogdofarnesio.com.br\/index.php?rest_route=\/wp\/v2\/users\/2"}],"replies":[{"embeddable":true,"href":"https:\/\/blogdofarnesio.com.br\/index.php?rest_route=%2Fwp%2Fv2%2Fcomments&post=310761"}],"version-history":[{"count":0,"href":"https:\/\/blogdofarnesio.com.br\/index.php?rest_route=\/wp\/v2\/posts\/310761\/revisions"}],"wp:featuredmedia":[{"embeddable":true,"href":"https:\/\/blogdofarnesio.com.br\/index.php?rest_route=\/wp\/v2\/media\/303779"}],"wp:attachment":[{"href":"https:\/\/blogdofarnesio.com.br\/index.php?rest_route=%2Fwp%2Fv2%2Fmedia&parent=310761"}],"wp:term":[{"taxonomy":"category","embeddable":true,"href":"https:\/\/blogdofarnesio.com.br\/index.php?rest_route=%2Fwp%2Fv2%2Fcategories&post=310761"},{"taxonomy":"post_tag","embeddable":true,"href":"https:\/\/blogdofarnesio.com.br\/index.php?rest_route=%2Fwp%2Fv2%2Ftags&post=310761"}],"curies":[{"name":"wp","href":"https:\/\/api.w.org\/{rel}","templated":true}]}}