{"id":310483,"date":"2022-04-06T15:02:53","date_gmt":"2022-04-06T18:02:53","guid":{"rendered":"https:\/\/blogdofarnesio.com.br\/?p=310483"},"modified":"2022-04-06T11:56:51","modified_gmt":"2022-04-06T14:56:51","slug":"hoje-e-dia-estadual-do-radio-em-pernambuco","status":"publish","type":"post","link":"https:\/\/blogdofarnesio.com.br\/?p=310483","title":{"rendered":"Hoje \u00e9 Dia Estadual do R\u00e1dio em Pernambuco"},"content":{"rendered":"<p>Hoje \u00e9 o Dia Estadual do R\u00e1dio,\u00a0 refer\u00eancia \u00e0 primeira transmiss\u00e3o do ve\u00edculo,\u00a0 em Pernambuco, dia 6 de abril de 1919. O reconhecimento nasceu em 2020, ap\u00f3s promulga\u00e7\u00e3o pela Assembleia Legislativa de Pernambuco (Alepe) incluindo o dia no calend\u00e1rio oficial de eventos e datas comemorativas do Estado, previsto na lei 16.241\/2017. A proposi\u00e7\u00e3o nasceu de provoca\u00e7\u00e3o da ASSERPE.<\/p>\n<p>\u00c9 a partir de nosso estado que fazemos o Brasil ouvir um fato t\u00e9cnica e documentalmente comprovado: o r\u00e1dio nasceu em Pernambuco.<\/p>\n<p>E para os poucos que duvidavam, estamos mais fortes.<\/p>\n<p>Brinco que r\u00e1dio \u00e9 o \u201cL\u00e1zaro da comunica\u00e7\u00e3o\u201d.\u00a0 Tentaram mat\u00e1-lo em alguns momentos da hist\u00f3ria, como na chegada da TV, da Internet e agora das redes sociais. Ele sempre \u201clevanta e anda\u201d mais forte.<\/p>\n<p>Inclusive, o r\u00e1dio agrega valor \u00e0s redes. Com ele nas multiplataformas n\u00e3o tem fake news.<\/p>\n<p>O r\u00e1dio \u00e9 o ve\u00edculo mais afetivo. Todos temos uma hist\u00f3ria com ele. Uma m\u00fasica que tocou no r\u00e1dio na nossa inf\u00e2ncia,\u00a0 por exemplo, nos remete ao passado.\u00a0 D\u00e1 pra sentir o \u201ccheiro da saudade\u201d. \u00c9 o ve\u00edculo mais cantado tamb\u00e9m por isso. Quantas m\u00fasicas falam do r\u00e1dio e de sua rela\u00e7\u00e3o \u00fanica com o povo brasileiro e sua variedade cultural. \u201cAlgu\u00e9m est\u00e1 chorando com o r\u00e1dio ligado\u201d.<\/p>\n<p>Salva vidas do lado de dentro e do lado de fora da sintonia. Quantos profissionais costumam dizer que \u201cdevem a vida\u201d e o que s\u00e3o ao r\u00e1dio.\u00a0 E para dar um exemplo recente,\u00a0 quantas vidas salvou agora na pandemia, nos ajudando a retomar a vida com um grau de normalidade ap\u00f3s meses de desafios.<\/p>\n<p>\u00c9 imbat\u00edvel na presta\u00e7\u00e3o de servi\u00e7o, no di\u00e1logo permanente com a popula\u00e7\u00e3o de todas as classes e faixas et\u00e1rias. Informa com agilidade, em cima da not\u00edcia, ajuda a formar opini\u00e3o com respeito \u00e0s regras do jogo e imparcialidade como nas elei\u00e7\u00f5es que se avizinham,\u00a0 vive de m\u00e3os dadas com a democracia.<\/p>\n<p>Cresceu 43% em credibilidade e est\u00e1 presente na vida de mais de 80% da nossa popula\u00e7\u00e3o.\u00a0 Em algumas regi\u00f5es,\u00a0 praticamente nove em cada dez brasileiros escutam r\u00e1dio com alguma frequ\u00eancia,\u00a0 com mais de quatro horas di\u00e1rias dedicadas a esse ve\u00edculo.<\/p>\n<p>Em Pernambuco, por sua forca e tradi\u00e7\u00e3o,\u00a0 tem alma e aura pr\u00f3prias.\u00a0 Temos um dos melhores p\u00f3los de radiodifus\u00e3o do pa\u00eds.\u00a0 Fazemos r\u00e1dio sem dever nada a nenhum estado da federa\u00e7\u00e3o.\u00a0 Ao contr\u00e1rio,\u00a0 Pernambuco se coloca como um estado de ponta na produ\u00e7\u00e3o de conte\u00fado e ensina com maestria como fazer um r\u00e1dio de qualidade.<\/p>\n<p>Viva o r\u00e1dio de Pernambuco e seu dia! Nosso orgulho na informa\u00e7\u00e3o,\u00a0 presta\u00e7\u00e3o de servi\u00e7o, na hora do gol, na m\u00fasica que toca o cora\u00e7\u00e3o, ao ser o grande companheiro dos pernambucanos!<\/p>\n<div class=\"sharedaddy sd-sharing-enabled\"><\/div>\n","protected":false},"excerpt":{"rendered":"<p>Hoje \u00e9 o Dia Estadual do R\u00e1dio,\u00a0 refer\u00eancia \u00e0 primeira transmiss\u00e3o do ve\u00edculo,\u00a0 em Pernambuco, dia 6 de abril de 1919. O reconhecimento nasceu em 2020, ap\u00f3s promulga\u00e7\u00e3o pela Assembleia Legislativa de Pernambuco (Alepe) incluindo o dia no calend\u00e1rio oficial de eventos e datas comemorativas do Estado, previsto na lei 16.241\/2017. A proposi\u00e7\u00e3o nasceu de provoca\u00e7\u00e3o da ASSERPE. \u00c9 a partir de nosso estado que fazemos o Brasil ouvir um fato t\u00e9cnica e documentalmente comprovado: o r\u00e1dio nasceu em Pernambuco. E para os poucos que duvidavam, estamos mais fortes. Brinco que r\u00e1dio \u00e9 o \u201cL\u00e1zaro da comunica\u00e7\u00e3o\u201d.\u00a0 Tentaram mat\u00e1-lo em alguns momentos da hist\u00f3ria, como na chegada da TV, da Internet e agora das redes sociais. Ele sempre \u201clevanta e&hellip; <\/p>\n","protected":false},"author":2,"featured_media":194294,"comment_status":"open","ping_status":"open","sticky":false,"template":"","format":"standard","meta":{"_acf_changed":false,"footnotes":""},"categories":[12],"tags":[],"class_list":["post-310483","post","type-post","status-publish","format-standard","has-post-thumbnail","hentry","category-confraternizacoes"],"acf":[],"yoast_head":"<!-- This site is optimized with the Yoast SEO plugin v27.4 - https:\/\/yoast.com\/product\/yoast-seo-wordpress\/ -->\n<title>Hoje \u00e9 Dia Estadual do R\u00e1dio em Pernambuco - Blog do Farn\u00e9sio<\/title>\n<meta name=\"robots\" content=\"index, follow, max-snippet:-1, max-image-preview:large, max-video-preview:-1\" \/>\n<link rel=\"canonical\" href=\"https:\/\/blogdofarnesio.com.br\/?p=310483\" \/>\n<meta property=\"og:locale\" content=\"pt_BR\" \/>\n<meta property=\"og:type\" content=\"article\" \/>\n<meta property=\"og:title\" content=\"Hoje \u00e9 Dia Estadual do R\u00e1dio em Pernambuco - Blog do Farn\u00e9sio\" \/>\n<meta property=\"og:description\" content=\"Hoje \u00e9 o Dia Estadual do R\u00e1dio,\u00a0 refer\u00eancia \u00e0 primeira transmiss\u00e3o do ve\u00edculo,\u00a0 em Pernambuco, dia 6 de abril de 1919. O reconhecimento nasceu em 2020, ap\u00f3s promulga\u00e7\u00e3o pela Assembleia Legislativa de Pernambuco (Alepe) incluindo o dia no calend\u00e1rio oficial de eventos e datas comemorativas do Estado, previsto na lei 16.241\/2017. A proposi\u00e7\u00e3o nasceu de provoca\u00e7\u00e3o da ASSERPE. \u00c9 a partir de nosso estado que fazemos o Brasil ouvir um fato t\u00e9cnica e documentalmente comprovado: o r\u00e1dio nasceu em Pernambuco. E para os poucos que duvidavam, estamos mais fortes. Brinco que r\u00e1dio \u00e9 o \u201cL\u00e1zaro da comunica\u00e7\u00e3o\u201d.\u00a0 Tentaram mat\u00e1-lo em alguns momentos da hist\u00f3ria, como na chegada da TV, da Internet e agora das redes sociais. Ele sempre \u201clevanta e&hellip;\" \/>\n<meta property=\"og:url\" content=\"https:\/\/blogdofarnesio.com.br\/?p=310483\" \/>\n<meta property=\"og:site_name\" content=\"Blog do Farn\u00e9sio\" \/>\n<meta property=\"article:publisher\" content=\"https:\/\/www.facebook.com\/BlogQuerSaberPolitica\/\" \/>\n<meta property=\"article:author\" content=\"https:\/\/www.facebook.com\/?ref=tn_tnmn\" \/>\n<meta property=\"article:published_time\" content=\"2022-04-06T18:02:53+00:00\" \/>\n<meta property=\"og:image\" content=\"https:\/\/blogdofarnesio.com.br\/wp-content\/uploads\/2018\/04\/blogqspradio_radios.jpg\" \/>\n\t<meta property=\"og:image:width\" content=\"340\" \/>\n\t<meta property=\"og:image:height\" content=\"200\" \/>\n\t<meta property=\"og:image:type\" content=\"image\/jpeg\" \/>\n<meta name=\"author\" content=\"Farn\u00e9sio\" \/>\n<meta name=\"twitter:card\" content=\"summary_large_image\" \/>\n<meta name=\"twitter:label1\" content=\"Escrito por\" \/>\n\t<meta name=\"twitter:data1\" content=\"Farn\u00e9sio\" \/>\n\t<meta name=\"twitter:label2\" content=\"Est. tempo de leitura\" \/>\n\t<meta name=\"twitter:data2\" content=\"2 minutos\" \/>\n<script type=\"application\/ld+json\" class=\"yoast-schema-graph\">{\"@context\":\"https:\\\/\\\/schema.org\",\"@graph\":[{\"@type\":\"Article\",\"@id\":\"https:\\\/\\\/blogdofarnesio.com.br\\\/?p=310483#article\",\"isPartOf\":{\"@id\":\"https:\\\/\\\/blogdofarnesio.com.br\\\/?p=310483\"},\"author\":{\"name\":\"Farn\u00e9sio\",\"@id\":\"https:\\\/\\\/blogdofarnesio.com.br\\\/#\\\/schema\\\/person\\\/bb9b23ae3ad0609ce8df7b6c9e76824d\"},\"headline\":\"Hoje \u00e9 Dia Estadual do R\u00e1dio em Pernambuco\",\"datePublished\":\"2022-04-06T18:02:53+00:00\",\"mainEntityOfPage\":{\"@id\":\"https:\\\/\\\/blogdofarnesio.com.br\\\/?p=310483\"},\"wordCount\":500,\"commentCount\":0,\"publisher\":{\"@id\":\"https:\\\/\\\/blogdofarnesio.com.br\\\/#organization\"},\"image\":{\"@id\":\"https:\\\/\\\/blogdofarnesio.com.br\\\/?p=310483#primaryimage\"},\"thumbnailUrl\":\"https:\\\/\\\/blogdofarnesio.com.br\\\/wp-content\\\/uploads\\\/2018\\\/04\\\/blogqspradio_radios.jpg\",\"articleSection\":[\"Confraterniza\u00e7\u00f5es\"],\"inLanguage\":\"pt-BR\",\"potentialAction\":[{\"@type\":\"CommentAction\",\"name\":\"Comment\",\"target\":[\"https:\\\/\\\/blogdofarnesio.com.br\\\/?p=310483#respond\"]}]},{\"@type\":\"WebPage\",\"@id\":\"https:\\\/\\\/blogdofarnesio.com.br\\\/?p=310483\",\"url\":\"https:\\\/\\\/blogdofarnesio.com.br\\\/?p=310483\",\"name\":\"Hoje \u00e9 Dia Estadual do R\u00e1dio em Pernambuco - Blog do Farn\u00e9sio\",\"isPartOf\":{\"@id\":\"https:\\\/\\\/blogdofarnesio.com.br\\\/#website\"},\"primaryImageOfPage\":{\"@id\":\"https:\\\/\\\/blogdofarnesio.com.br\\\/?p=310483#primaryimage\"},\"image\":{\"@id\":\"https:\\\/\\\/blogdofarnesio.com.br\\\/?p=310483#primaryimage\"},\"thumbnailUrl\":\"https:\\\/\\\/blogdofarnesio.com.br\\\/wp-content\\\/uploads\\\/2018\\\/04\\\/blogqspradio_radios.jpg\",\"datePublished\":\"2022-04-06T18:02:53+00:00\",\"breadcrumb\":{\"@id\":\"https:\\\/\\\/blogdofarnesio.com.br\\\/?p=310483#breadcrumb\"},\"inLanguage\":\"pt-BR\",\"potentialAction\":[{\"@type\":\"ReadAction\",\"target\":[\"https:\\\/\\\/blogdofarnesio.com.br\\\/?p=310483\"]}]},{\"@type\":\"ImageObject\",\"inLanguage\":\"pt-BR\",\"@id\":\"https:\\\/\\\/blogdofarnesio.com.br\\\/?p=310483#primaryimage\",\"url\":\"https:\\\/\\\/blogdofarnesio.com.br\\\/wp-content\\\/uploads\\\/2018\\\/04\\\/blogqspradio_radios.jpg\",\"contentUrl\":\"https:\\\/\\\/blogdofarnesio.com.br\\\/wp-content\\\/uploads\\\/2018\\\/04\\\/blogqspradio_radios.jpg\",\"width\":340,\"height\":200},{\"@type\":\"BreadcrumbList\",\"@id\":\"https:\\\/\\\/blogdofarnesio.com.br\\\/?p=310483#breadcrumb\",\"itemListElement\":[{\"@type\":\"ListItem\",\"position\":1,\"name\":\"In\u00edcio\",\"item\":\"https:\\\/\\\/blogdofarnesio.com.br\\\/\"},{\"@type\":\"ListItem\",\"position\":2,\"name\":\"Hoje \u00e9 Dia Estadual do R\u00e1dio em Pernambuco\"}]},{\"@type\":\"WebSite\",\"@id\":\"https:\\\/\\\/blogdofarnesio.com.br\\\/#website\",\"url\":\"https:\\\/\\\/blogdofarnesio.com.br\\\/\",\"name\":\"Blog do Farn\u00e9sio\",\"description\":\"Quer Saber Pol\u00edtica?\",\"publisher\":{\"@id\":\"https:\\\/\\\/blogdofarnesio.com.br\\\/#organization\"},\"potentialAction\":[{\"@type\":\"SearchAction\",\"target\":{\"@type\":\"EntryPoint\",\"urlTemplate\":\"https:\\\/\\\/blogdofarnesio.com.br\\\/?s={search_term_string}\"},\"query-input\":{\"@type\":\"PropertyValueSpecification\",\"valueRequired\":true,\"valueName\":\"search_term_string\"}}],\"inLanguage\":\"pt-BR\"},{\"@type\":\"Organization\",\"@id\":\"https:\\\/\\\/blogdofarnesio.com.br\\\/#organization\",\"name\":\"Blog do Farn\u00e9sio\",\"url\":\"https:\\\/\\\/blogdofarnesio.com.br\\\/\",\"logo\":{\"@type\":\"ImageObject\",\"inLanguage\":\"pt-BR\",\"@id\":\"https:\\\/\\\/blogdofarnesio.com.br\\\/#\\\/schema\\\/logo\\\/image\\\/\",\"url\":\"https:\\\/\\\/blogdofarnesio.com.br\\\/wp-content\\\/uploads\\\/2026\\\/03\\\/cropped-logo_new-1.png\",\"contentUrl\":\"https:\\\/\\\/blogdofarnesio.com.br\\\/wp-content\\\/uploads\\\/2026\\\/03\\\/cropped-logo_new-1.png\",\"width\":881,\"height\":685,\"caption\":\"Blog do Farn\u00e9sio\"},\"image\":{\"@id\":\"https:\\\/\\\/blogdofarnesio.com.br\\\/#\\\/schema\\\/logo\\\/image\\\/\"},\"sameAs\":[\"https:\\\/\\\/www.facebook.com\\\/BlogQuerSaberPolitica\\\/\"]},{\"@type\":\"Person\",\"@id\":\"https:\\\/\\\/blogdofarnesio.com.br\\\/#\\\/schema\\\/person\\\/bb9b23ae3ad0609ce8df7b6c9e76824d\",\"name\":\"Farn\u00e9sio\",\"image\":{\"@type\":\"ImageObject\",\"inLanguage\":\"pt-BR\",\"@id\":\"https:\\\/\\\/secure.gravatar.com\\\/avatar\\\/986aa4c61ccdb66f8555bf88fc2a65609d00bcabd4d2d94377a727547345cbca?s=96&d=mm&r=g\",\"url\":\"https:\\\/\\\/secure.gravatar.com\\\/avatar\\\/986aa4c61ccdb66f8555bf88fc2a65609d00bcabd4d2d94377a727547345cbca?s=96&d=mm&r=g\",\"contentUrl\":\"https:\\\/\\\/secure.gravatar.com\\\/avatar\\\/986aa4c61ccdb66f8555bf88fc2a65609d00bcabd4d2d94377a727547345cbca?s=96&d=mm&r=g\",\"caption\":\"Farn\u00e9sio\"},\"description\":\"Radialista blogueiro, chegou a Petrolina\\\/Juazeiro em setembro de 1980, Farn\u00e9sio Silva \u00e9 de Arapiraca-Alagoas.\",\"sameAs\":[\"http:\\\/\\\/blogdofarnesio.com.br\",\"https:\\\/\\\/www.facebook.com\\\/?ref=tn_tnmn\",\"https:\\\/\\\/www.instagram.com\\\/?utm_source=pwa_homescreen\",\"https:\\\/\\\/youtube.com.br\\\/\"],\"url\":\"https:\\\/\\\/blogdofarnesio.com.br\\\/?author=2\"}]}<\/script>\n<!-- \/ Yoast SEO plugin. -->","yoast_head_json":{"title":"Hoje \u00e9 Dia Estadual do R\u00e1dio em Pernambuco - Blog do Farn\u00e9sio","robots":{"index":"index","follow":"follow","max-snippet":"max-snippet:-1","max-image-preview":"max-image-preview:large","max-video-preview":"max-video-preview:-1"},"canonical":"https:\/\/blogdofarnesio.com.br\/?p=310483","og_locale":"pt_BR","og_type":"article","og_title":"Hoje \u00e9 Dia Estadual do R\u00e1dio em Pernambuco - Blog do Farn\u00e9sio","og_description":"Hoje \u00e9 o Dia Estadual do R\u00e1dio,\u00a0 refer\u00eancia \u00e0 primeira transmiss\u00e3o do ve\u00edculo,\u00a0 em Pernambuco, dia 6 de abril de 1919. O reconhecimento nasceu em 2020, ap\u00f3s promulga\u00e7\u00e3o pela Assembleia Legislativa de Pernambuco (Alepe) incluindo o dia no calend\u00e1rio oficial de eventos e datas comemorativas do Estado, previsto na lei 16.241\/2017. A proposi\u00e7\u00e3o nasceu de provoca\u00e7\u00e3o da ASSERPE. \u00c9 a partir de nosso estado que fazemos o Brasil ouvir um fato t\u00e9cnica e documentalmente comprovado: o r\u00e1dio nasceu em Pernambuco. E para os poucos que duvidavam, estamos mais fortes. Brinco que r\u00e1dio \u00e9 o \u201cL\u00e1zaro da comunica\u00e7\u00e3o\u201d.\u00a0 Tentaram mat\u00e1-lo em alguns momentos da hist\u00f3ria, como na chegada da TV, da Internet e agora das redes sociais. Ele sempre \u201clevanta e&hellip;","og_url":"https:\/\/blogdofarnesio.com.br\/?p=310483","og_site_name":"Blog do Farn\u00e9sio","article_publisher":"https:\/\/www.facebook.com\/BlogQuerSaberPolitica\/","article_author":"https:\/\/www.facebook.com\/?ref=tn_tnmn","article_published_time":"2022-04-06T18:02:53+00:00","og_image":[{"width":340,"height":200,"url":"https:\/\/blogdofarnesio.com.br\/wp-content\/uploads\/2018\/04\/blogqspradio_radios.jpg","type":"image\/jpeg"}],"author":"Farn\u00e9sio","twitter_card":"summary_large_image","twitter_misc":{"Escrito por":"Farn\u00e9sio","Est. tempo de leitura":"2 minutos"},"schema":{"@context":"https:\/\/schema.org","@graph":[{"@type":"Article","@id":"https:\/\/blogdofarnesio.com.br\/?p=310483#article","isPartOf":{"@id":"https:\/\/blogdofarnesio.com.br\/?p=310483"},"author":{"name":"Farn\u00e9sio","@id":"https:\/\/blogdofarnesio.com.br\/#\/schema\/person\/bb9b23ae3ad0609ce8df7b6c9e76824d"},"headline":"Hoje \u00e9 Dia Estadual do R\u00e1dio em Pernambuco","datePublished":"2022-04-06T18:02:53+00:00","mainEntityOfPage":{"@id":"https:\/\/blogdofarnesio.com.br\/?p=310483"},"wordCount":500,"commentCount":0,"publisher":{"@id":"https:\/\/blogdofarnesio.com.br\/#organization"},"image":{"@id":"https:\/\/blogdofarnesio.com.br\/?p=310483#primaryimage"},"thumbnailUrl":"https:\/\/blogdofarnesio.com.br\/wp-content\/uploads\/2018\/04\/blogqspradio_radios.jpg","articleSection":["Confraterniza\u00e7\u00f5es"],"inLanguage":"pt-BR","potentialAction":[{"@type":"CommentAction","name":"Comment","target":["https:\/\/blogdofarnesio.com.br\/?p=310483#respond"]}]},{"@type":"WebPage","@id":"https:\/\/blogdofarnesio.com.br\/?p=310483","url":"https:\/\/blogdofarnesio.com.br\/?p=310483","name":"Hoje \u00e9 Dia Estadual do R\u00e1dio em Pernambuco - Blog do Farn\u00e9sio","isPartOf":{"@id":"https:\/\/blogdofarnesio.com.br\/#website"},"primaryImageOfPage":{"@id":"https:\/\/blogdofarnesio.com.br\/?p=310483#primaryimage"},"image":{"@id":"https:\/\/blogdofarnesio.com.br\/?p=310483#primaryimage"},"thumbnailUrl":"https:\/\/blogdofarnesio.com.br\/wp-content\/uploads\/2018\/04\/blogqspradio_radios.jpg","datePublished":"2022-04-06T18:02:53+00:00","breadcrumb":{"@id":"https:\/\/blogdofarnesio.com.br\/?p=310483#breadcrumb"},"inLanguage":"pt-BR","potentialAction":[{"@type":"ReadAction","target":["https:\/\/blogdofarnesio.com.br\/?p=310483"]}]},{"@type":"ImageObject","inLanguage":"pt-BR","@id":"https:\/\/blogdofarnesio.com.br\/?p=310483#primaryimage","url":"https:\/\/blogdofarnesio.com.br\/wp-content\/uploads\/2018\/04\/blogqspradio_radios.jpg","contentUrl":"https:\/\/blogdofarnesio.com.br\/wp-content\/uploads\/2018\/04\/blogqspradio_radios.jpg","width":340,"height":200},{"@type":"BreadcrumbList","@id":"https:\/\/blogdofarnesio.com.br\/?p=310483#breadcrumb","itemListElement":[{"@type":"ListItem","position":1,"name":"In\u00edcio","item":"https:\/\/blogdofarnesio.com.br\/"},{"@type":"ListItem","position":2,"name":"Hoje \u00e9 Dia Estadual do R\u00e1dio em Pernambuco"}]},{"@type":"WebSite","@id":"https:\/\/blogdofarnesio.com.br\/#website","url":"https:\/\/blogdofarnesio.com.br\/","name":"Blog do Farn\u00e9sio","description":"Quer Saber Pol\u00edtica?","publisher":{"@id":"https:\/\/blogdofarnesio.com.br\/#organization"},"potentialAction":[{"@type":"SearchAction","target":{"@type":"EntryPoint","urlTemplate":"https:\/\/blogdofarnesio.com.br\/?s={search_term_string}"},"query-input":{"@type":"PropertyValueSpecification","valueRequired":true,"valueName":"search_term_string"}}],"inLanguage":"pt-BR"},{"@type":"Organization","@id":"https:\/\/blogdofarnesio.com.br\/#organization","name":"Blog do Farn\u00e9sio","url":"https:\/\/blogdofarnesio.com.br\/","logo":{"@type":"ImageObject","inLanguage":"pt-BR","@id":"https:\/\/blogdofarnesio.com.br\/#\/schema\/logo\/image\/","url":"https:\/\/blogdofarnesio.com.br\/wp-content\/uploads\/2026\/03\/cropped-logo_new-1.png","contentUrl":"https:\/\/blogdofarnesio.com.br\/wp-content\/uploads\/2026\/03\/cropped-logo_new-1.png","width":881,"height":685,"caption":"Blog do Farn\u00e9sio"},"image":{"@id":"https:\/\/blogdofarnesio.com.br\/#\/schema\/logo\/image\/"},"sameAs":["https:\/\/www.facebook.com\/BlogQuerSaberPolitica\/"]},{"@type":"Person","@id":"https:\/\/blogdofarnesio.com.br\/#\/schema\/person\/bb9b23ae3ad0609ce8df7b6c9e76824d","name":"Farn\u00e9sio","image":{"@type":"ImageObject","inLanguage":"pt-BR","@id":"https:\/\/secure.gravatar.com\/avatar\/986aa4c61ccdb66f8555bf88fc2a65609d00bcabd4d2d94377a727547345cbca?s=96&d=mm&r=g","url":"https:\/\/secure.gravatar.com\/avatar\/986aa4c61ccdb66f8555bf88fc2a65609d00bcabd4d2d94377a727547345cbca?s=96&d=mm&r=g","contentUrl":"https:\/\/secure.gravatar.com\/avatar\/986aa4c61ccdb66f8555bf88fc2a65609d00bcabd4d2d94377a727547345cbca?s=96&d=mm&r=g","caption":"Farn\u00e9sio"},"description":"Radialista blogueiro, chegou a Petrolina\/Juazeiro em setembro de 1980, Farn\u00e9sio Silva \u00e9 de Arapiraca-Alagoas.","sameAs":["http:\/\/blogdofarnesio.com.br","https:\/\/www.facebook.com\/?ref=tn_tnmn","https:\/\/www.instagram.com\/?utm_source=pwa_homescreen","https:\/\/youtube.com.br\/"],"url":"https:\/\/blogdofarnesio.com.br\/?author=2"}]}},"_links":{"self":[{"href":"https:\/\/blogdofarnesio.com.br\/index.php?rest_route=\/wp\/v2\/posts\/310483","targetHints":{"allow":["GET"]}}],"collection":[{"href":"https:\/\/blogdofarnesio.com.br\/index.php?rest_route=\/wp\/v2\/posts"}],"about":[{"href":"https:\/\/blogdofarnesio.com.br\/index.php?rest_route=\/wp\/v2\/types\/post"}],"author":[{"embeddable":true,"href":"https:\/\/blogdofarnesio.com.br\/index.php?rest_route=\/wp\/v2\/users\/2"}],"replies":[{"embeddable":true,"href":"https:\/\/blogdofarnesio.com.br\/index.php?rest_route=%2Fwp%2Fv2%2Fcomments&post=310483"}],"version-history":[{"count":0,"href":"https:\/\/blogdofarnesio.com.br\/index.php?rest_route=\/wp\/v2\/posts\/310483\/revisions"}],"wp:featuredmedia":[{"embeddable":true,"href":"https:\/\/blogdofarnesio.com.br\/index.php?rest_route=\/wp\/v2\/media\/194294"}],"wp:attachment":[{"href":"https:\/\/blogdofarnesio.com.br\/index.php?rest_route=%2Fwp%2Fv2%2Fmedia&parent=310483"}],"wp:term":[{"taxonomy":"category","embeddable":true,"href":"https:\/\/blogdofarnesio.com.br\/index.php?rest_route=%2Fwp%2Fv2%2Fcategories&post=310483"},{"taxonomy":"post_tag","embeddable":true,"href":"https:\/\/blogdofarnesio.com.br\/index.php?rest_route=%2Fwp%2Fv2%2Ftags&post=310483"}],"curies":[{"name":"wp","href":"https:\/\/api.w.org\/{rel}","templated":true}]}}