{"id":310472,"date":"2022-04-06T14:00:11","date_gmt":"2022-04-06T17:00:11","guid":{"rendered":"https:\/\/blogdofarnesio.com.br\/?p=310472"},"modified":"2022-04-06T11:26:14","modified_gmt":"2022-04-06T14:26:14","slug":"social-ate-voce-distrito-de-juremal-vai-receber-servicos-de-cidadania-e-saude-oferecidos-pela-prefeitura-de-juazeiro-nesta-sexta-feira-2","status":"publish","type":"post","link":"https:\/\/blogdofarnesio.com.br\/?p=310472","title":{"rendered":"\u2018Social at\u00e9 Voc\u00ea\u2019: distrito de Juremal vai receber servi\u00e7os de cidadania e sa\u00fade oferecidos pela Prefeitura de Juazeiro nesta sexta-feira"},"content":{"rendered":"<p style=\"font-weight: 400;\">O projeto \u2018Social at\u00e9 Voc\u00ea\u2019, da Prefeitura de Juazeiro, continua na estrada e vai estar no distrito de Juremal, nesta sexta-feira (08). A iniciativa leva o atendimento da Secretaria de Desenvolvimento Social, Mulher e Diversidade (Sedes) e da Secretaria de Sa\u00fade (Sesau) para o interior do munic\u00edpio, de forma itinerante. A comunidade ser\u00e1 atendida das 9h \u00e0s 13h, no Teatro Jos\u00e9 Guilherme Cunha.<\/p>\n<p style=\"font-weight: 400;\">A gest\u00e3o municipal tem assegurado iniciativas que tornem efetivo e cont\u00ednuo, o atendimento de programas, servi\u00e7os, benef\u00edcios e campanhas socioassistenciais, de forma itinerante, para o interior do munic\u00edpio, levando atendimento \u00e0s localidades de dif\u00edcil acesso ou que n\u00e3o possuem um Centro de Refer\u00eancia de Assist\u00eancia Social pr\u00f3ximo.<\/p>\n<p style=\"font-weight: 400;\">Entre os servi\u00e7os oferecidos, est\u00e3o o atendimento do Cadastro \u00danico, atendimento do Centro de Refer\u00eancia da Assist\u00eancia Social (CRAS), do Centro de Refer\u00eancia Especializado em Assist\u00eancia Social (CREAS), do Centro de Refer\u00eancia Especializado para Pessoas em Situa\u00e7\u00e3o de Rua (Centro POP), das Diretorias de Habita\u00e7\u00e3o e Diversidade, do Centro Integrado de Atendimento \u00e0 Mulher (CIAM) e atividades do programa Crian\u00e7a Feliz, al\u00e9m da oferta de testes r\u00e1pidos para HIV e s\u00edfilis, aferi\u00e7\u00e3o de press\u00e3o arterial, medi\u00e7\u00e3o glic\u00eamica e distribui\u00e7\u00e3o de preservativos.<\/p>\n<p style=\"font-weight: 400;\">\u2013<\/p>\n<p style=\"font-weight: 400;\">Texto: Camila Santana \u2013 estagi\u00e1ria da Ascom\/PMJ<\/p>\n","protected":false},"excerpt":{"rendered":"<p>O projeto \u2018Social at\u00e9 Voc\u00ea\u2019, da Prefeitura de Juazeiro, continua na estrada e vai estar no distrito de Juremal, nesta sexta-feira (08). A iniciativa leva o atendimento da Secretaria de Desenvolvimento Social, Mulher e Diversidade (Sedes) e da Secretaria de Sa\u00fade (Sesau) para o interior do munic\u00edpio, de forma itinerante. A comunidade ser\u00e1 atendida das 9h \u00e0s 13h, no Teatro Jos\u00e9 Guilherme Cunha. A gest\u00e3o municipal tem assegurado iniciativas que tornem efetivo e cont\u00ednuo, o atendimento de programas, servi\u00e7os, benef\u00edcios e campanhas socioassistenciais, de forma itinerante, para o interior do munic\u00edpio, levando atendimento \u00e0s localidades de dif\u00edcil acesso ou que n\u00e3o possuem um Centro de Refer\u00eancia de Assist\u00eancia Social pr\u00f3ximo. Entre os servi\u00e7os oferecidos, est\u00e3o o atendimento do Cadastro \u00danico,&hellip; <\/p>\n","protected":false},"author":2,"featured_media":310470,"comment_status":"open","ping_status":"open","sticky":false,"template":"","format":"standard","meta":{"_acf_changed":false,"footnotes":""},"categories":[22],"tags":[],"class_list":["post-310472","post","type-post","status-publish","format-standard","has-post-thumbnail","hentry","category-acao-social"],"acf":[],"yoast_head":"<!-- This site is optimized with the Yoast SEO plugin v27.4 - https:\/\/yoast.com\/product\/yoast-seo-wordpress\/ -->\n<title>\u2018Social at\u00e9 Voc\u00ea\u2019: distrito de Juremal vai receber servi\u00e7os de cidadania e sa\u00fade oferecidos pela Prefeitura de Juazeiro nesta sexta-feira - Blog do Farn\u00e9sio<\/title>\n<meta name=\"robots\" content=\"index, follow, max-snippet:-1, max-image-preview:large, max-video-preview:-1\" \/>\n<link rel=\"canonical\" href=\"https:\/\/blogdofarnesio.com.br\/?p=310472\" \/>\n<meta property=\"og:locale\" content=\"pt_BR\" \/>\n<meta property=\"og:type\" content=\"article\" \/>\n<meta property=\"og:title\" content=\"\u2018Social at\u00e9 Voc\u00ea\u2019: distrito de Juremal vai receber servi\u00e7os de cidadania e sa\u00fade oferecidos pela Prefeitura de Juazeiro nesta sexta-feira - Blog do Farn\u00e9sio\" \/>\n<meta property=\"og:description\" content=\"O projeto \u2018Social at\u00e9 Voc\u00ea\u2019, da Prefeitura de Juazeiro, continua na estrada e vai estar no distrito de Juremal, nesta sexta-feira (08). A iniciativa leva o atendimento da Secretaria de Desenvolvimento Social, Mulher e Diversidade (Sedes) e da Secretaria de Sa\u00fade (Sesau) para o interior do munic\u00edpio, de forma itinerante. A comunidade ser\u00e1 atendida das 9h \u00e0s 13h, no Teatro Jos\u00e9 Guilherme Cunha. A gest\u00e3o municipal tem assegurado iniciativas que tornem efetivo e cont\u00ednuo, o atendimento de programas, servi\u00e7os, benef\u00edcios e campanhas socioassistenciais, de forma itinerante, para o interior do munic\u00edpio, levando atendimento \u00e0s localidades de dif\u00edcil acesso ou que n\u00e3o possuem um Centro de Refer\u00eancia de Assist\u00eancia Social pr\u00f3ximo. Entre os servi\u00e7os oferecidos, est\u00e3o o atendimento do Cadastro \u00danico,&hellip;\" \/>\n<meta property=\"og:url\" content=\"https:\/\/blogdofarnesio.com.br\/?p=310472\" \/>\n<meta property=\"og:site_name\" content=\"Blog do Farn\u00e9sio\" \/>\n<meta property=\"article:publisher\" content=\"https:\/\/www.facebook.com\/BlogQuerSaberPolitica\/\" \/>\n<meta property=\"article:author\" content=\"https:\/\/www.facebook.com\/?ref=tn_tnmn\" \/>\n<meta property=\"article:published_time\" content=\"2022-04-06T17:00:11+00:00\" \/>\n<meta property=\"og:image\" content=\"https:\/\/blogdofarnesio.com.br\/wp-content\/uploads\/2022\/04\/Social-ate-vc-Juremal-e1649255047541.jpg\" \/>\n\t<meta property=\"og:image:width\" content=\"624\" \/>\n\t<meta property=\"og:image:height\" content=\"442\" \/>\n\t<meta property=\"og:image:type\" content=\"image\/jpeg\" \/>\n<meta name=\"author\" content=\"Farn\u00e9sio\" \/>\n<meta name=\"twitter:card\" content=\"summary_large_image\" \/>\n<meta name=\"twitter:label1\" content=\"Escrito por\" \/>\n\t<meta name=\"twitter:data1\" content=\"Farn\u00e9sio\" \/>\n\t<meta name=\"twitter:label2\" content=\"Est. tempo de leitura\" \/>\n\t<meta name=\"twitter:data2\" content=\"1 minuto\" \/>\n<script type=\"application\/ld+json\" class=\"yoast-schema-graph\">{\"@context\":\"https:\\\/\\\/schema.org\",\"@graph\":[{\"@type\":\"Article\",\"@id\":\"https:\\\/\\\/blogdofarnesio.com.br\\\/?p=310472#article\",\"isPartOf\":{\"@id\":\"https:\\\/\\\/blogdofarnesio.com.br\\\/?p=310472\"},\"author\":{\"name\":\"Farn\u00e9sio\",\"@id\":\"https:\\\/\\\/blogdofarnesio.com.br\\\/#\\\/schema\\\/person\\\/bb9b23ae3ad0609ce8df7b6c9e76824d\"},\"headline\":\"\u2018Social at\u00e9 Voc\u00ea\u2019: distrito de Juremal vai receber servi\u00e7os de cidadania e sa\u00fade oferecidos pela Prefeitura de Juazeiro nesta sexta-feira\",\"datePublished\":\"2022-04-06T17:00:11+00:00\",\"mainEntityOfPage\":{\"@id\":\"https:\\\/\\\/blogdofarnesio.com.br\\\/?p=310472\"},\"wordCount\":249,\"commentCount\":0,\"publisher\":{\"@id\":\"https:\\\/\\\/blogdofarnesio.com.br\\\/#organization\"},\"image\":{\"@id\":\"https:\\\/\\\/blogdofarnesio.com.br\\\/?p=310472#primaryimage\"},\"thumbnailUrl\":\"https:\\\/\\\/blogdofarnesio.com.br\\\/wp-content\\\/uploads\\\/2022\\\/04\\\/Social-ate-vc-Juremal-e1649255047541.jpg\",\"articleSection\":[\"A\u00e7\u00e3o Social\"],\"inLanguage\":\"pt-BR\",\"potentialAction\":[{\"@type\":\"CommentAction\",\"name\":\"Comment\",\"target\":[\"https:\\\/\\\/blogdofarnesio.com.br\\\/?p=310472#respond\"]}]},{\"@type\":\"WebPage\",\"@id\":\"https:\\\/\\\/blogdofarnesio.com.br\\\/?p=310472\",\"url\":\"https:\\\/\\\/blogdofarnesio.com.br\\\/?p=310472\",\"name\":\"\u2018Social at\u00e9 Voc\u00ea\u2019: distrito de Juremal vai receber servi\u00e7os de cidadania e sa\u00fade oferecidos pela Prefeitura de Juazeiro nesta sexta-feira - Blog do Farn\u00e9sio\",\"isPartOf\":{\"@id\":\"https:\\\/\\\/blogdofarnesio.com.br\\\/#website\"},\"primaryImageOfPage\":{\"@id\":\"https:\\\/\\\/blogdofarnesio.com.br\\\/?p=310472#primaryimage\"},\"image\":{\"@id\":\"https:\\\/\\\/blogdofarnesio.com.br\\\/?p=310472#primaryimage\"},\"thumbnailUrl\":\"https:\\\/\\\/blogdofarnesio.com.br\\\/wp-content\\\/uploads\\\/2022\\\/04\\\/Social-ate-vc-Juremal-e1649255047541.jpg\",\"datePublished\":\"2022-04-06T17:00:11+00:00\",\"breadcrumb\":{\"@id\":\"https:\\\/\\\/blogdofarnesio.com.br\\\/?p=310472#breadcrumb\"},\"inLanguage\":\"pt-BR\",\"potentialAction\":[{\"@type\":\"ReadAction\",\"target\":[\"https:\\\/\\\/blogdofarnesio.com.br\\\/?p=310472\"]}]},{\"@type\":\"ImageObject\",\"inLanguage\":\"pt-BR\",\"@id\":\"https:\\\/\\\/blogdofarnesio.com.br\\\/?p=310472#primaryimage\",\"url\":\"https:\\\/\\\/blogdofarnesio.com.br\\\/wp-content\\\/uploads\\\/2022\\\/04\\\/Social-ate-vc-Juremal-e1649255047541.jpg\",\"contentUrl\":\"https:\\\/\\\/blogdofarnesio.com.br\\\/wp-content\\\/uploads\\\/2022\\\/04\\\/Social-ate-vc-Juremal-e1649255047541.jpg\",\"width\":624,\"height\":442},{\"@type\":\"BreadcrumbList\",\"@id\":\"https:\\\/\\\/blogdofarnesio.com.br\\\/?p=310472#breadcrumb\",\"itemListElement\":[{\"@type\":\"ListItem\",\"position\":1,\"name\":\"In\u00edcio\",\"item\":\"https:\\\/\\\/blogdofarnesio.com.br\\\/\"},{\"@type\":\"ListItem\",\"position\":2,\"name\":\"\u2018Social at\u00e9 Voc\u00ea\u2019: distrito de Juremal vai receber servi\u00e7os de cidadania e sa\u00fade oferecidos pela Prefeitura de Juazeiro nesta sexta-feira\"}]},{\"@type\":\"WebSite\",\"@id\":\"https:\\\/\\\/blogdofarnesio.com.br\\\/#website\",\"url\":\"https:\\\/\\\/blogdofarnesio.com.br\\\/\",\"name\":\"Blog do Farn\u00e9sio\",\"description\":\"Quer Saber Pol\u00edtica?\",\"publisher\":{\"@id\":\"https:\\\/\\\/blogdofarnesio.com.br\\\/#organization\"},\"potentialAction\":[{\"@type\":\"SearchAction\",\"target\":{\"@type\":\"EntryPoint\",\"urlTemplate\":\"https:\\\/\\\/blogdofarnesio.com.br\\\/?s={search_term_string}\"},\"query-input\":{\"@type\":\"PropertyValueSpecification\",\"valueRequired\":true,\"valueName\":\"search_term_string\"}}],\"inLanguage\":\"pt-BR\"},{\"@type\":\"Organization\",\"@id\":\"https:\\\/\\\/blogdofarnesio.com.br\\\/#organization\",\"name\":\"Blog do Farn\u00e9sio\",\"url\":\"https:\\\/\\\/blogdofarnesio.com.br\\\/\",\"logo\":{\"@type\":\"ImageObject\",\"inLanguage\":\"pt-BR\",\"@id\":\"https:\\\/\\\/blogdofarnesio.com.br\\\/#\\\/schema\\\/logo\\\/image\\\/\",\"url\":\"https:\\\/\\\/blogdofarnesio.com.br\\\/wp-content\\\/uploads\\\/2026\\\/03\\\/cropped-logo_new-1.png\",\"contentUrl\":\"https:\\\/\\\/blogdofarnesio.com.br\\\/wp-content\\\/uploads\\\/2026\\\/03\\\/cropped-logo_new-1.png\",\"width\":881,\"height\":685,\"caption\":\"Blog do Farn\u00e9sio\"},\"image\":{\"@id\":\"https:\\\/\\\/blogdofarnesio.com.br\\\/#\\\/schema\\\/logo\\\/image\\\/\"},\"sameAs\":[\"https:\\\/\\\/www.facebook.com\\\/BlogQuerSaberPolitica\\\/\"]},{\"@type\":\"Person\",\"@id\":\"https:\\\/\\\/blogdofarnesio.com.br\\\/#\\\/schema\\\/person\\\/bb9b23ae3ad0609ce8df7b6c9e76824d\",\"name\":\"Farn\u00e9sio\",\"image\":{\"@type\":\"ImageObject\",\"inLanguage\":\"pt-BR\",\"@id\":\"https:\\\/\\\/secure.gravatar.com\\\/avatar\\\/986aa4c61ccdb66f8555bf88fc2a65609d00bcabd4d2d94377a727547345cbca?s=96&d=mm&r=g\",\"url\":\"https:\\\/\\\/secure.gravatar.com\\\/avatar\\\/986aa4c61ccdb66f8555bf88fc2a65609d00bcabd4d2d94377a727547345cbca?s=96&d=mm&r=g\",\"contentUrl\":\"https:\\\/\\\/secure.gravatar.com\\\/avatar\\\/986aa4c61ccdb66f8555bf88fc2a65609d00bcabd4d2d94377a727547345cbca?s=96&d=mm&r=g\",\"caption\":\"Farn\u00e9sio\"},\"description\":\"Radialista blogueiro, chegou a Petrolina\\\/Juazeiro em setembro de 1980, Farn\u00e9sio Silva \u00e9 de Arapiraca-Alagoas.\",\"sameAs\":[\"http:\\\/\\\/blogdofarnesio.com.br\",\"https:\\\/\\\/www.facebook.com\\\/?ref=tn_tnmn\",\"https:\\\/\\\/www.instagram.com\\\/?utm_source=pwa_homescreen\",\"https:\\\/\\\/youtube.com.br\\\/\"],\"url\":\"https:\\\/\\\/blogdofarnesio.com.br\\\/?author=2\"}]}<\/script>\n<!-- \/ Yoast SEO plugin. -->","yoast_head_json":{"title":"\u2018Social at\u00e9 Voc\u00ea\u2019: distrito de Juremal vai receber servi\u00e7os de cidadania e sa\u00fade oferecidos pela Prefeitura de Juazeiro nesta sexta-feira - Blog do Farn\u00e9sio","robots":{"index":"index","follow":"follow","max-snippet":"max-snippet:-1","max-image-preview":"max-image-preview:large","max-video-preview":"max-video-preview:-1"},"canonical":"https:\/\/blogdofarnesio.com.br\/?p=310472","og_locale":"pt_BR","og_type":"article","og_title":"\u2018Social at\u00e9 Voc\u00ea\u2019: distrito de Juremal vai receber servi\u00e7os de cidadania e sa\u00fade oferecidos pela Prefeitura de Juazeiro nesta sexta-feira - Blog do Farn\u00e9sio","og_description":"O projeto \u2018Social at\u00e9 Voc\u00ea\u2019, da Prefeitura de Juazeiro, continua na estrada e vai estar no distrito de Juremal, nesta sexta-feira (08). A iniciativa leva o atendimento da Secretaria de Desenvolvimento Social, Mulher e Diversidade (Sedes) e da Secretaria de Sa\u00fade (Sesau) para o interior do munic\u00edpio, de forma itinerante. A comunidade ser\u00e1 atendida das 9h \u00e0s 13h, no Teatro Jos\u00e9 Guilherme Cunha. A gest\u00e3o municipal tem assegurado iniciativas que tornem efetivo e cont\u00ednuo, o atendimento de programas, servi\u00e7os, benef\u00edcios e campanhas socioassistenciais, de forma itinerante, para o interior do munic\u00edpio, levando atendimento \u00e0s localidades de dif\u00edcil acesso ou que n\u00e3o possuem um Centro de Refer\u00eancia de Assist\u00eancia Social pr\u00f3ximo. Entre os servi\u00e7os oferecidos, est\u00e3o o atendimento do Cadastro \u00danico,&hellip;","og_url":"https:\/\/blogdofarnesio.com.br\/?p=310472","og_site_name":"Blog do Farn\u00e9sio","article_publisher":"https:\/\/www.facebook.com\/BlogQuerSaberPolitica\/","article_author":"https:\/\/www.facebook.com\/?ref=tn_tnmn","article_published_time":"2022-04-06T17:00:11+00:00","og_image":[{"width":624,"height":442,"url":"https:\/\/blogdofarnesio.com.br\/wp-content\/uploads\/2022\/04\/Social-ate-vc-Juremal-e1649255047541.jpg","type":"image\/jpeg"}],"author":"Farn\u00e9sio","twitter_card":"summary_large_image","twitter_misc":{"Escrito por":"Farn\u00e9sio","Est. tempo de leitura":"1 minuto"},"schema":{"@context":"https:\/\/schema.org","@graph":[{"@type":"Article","@id":"https:\/\/blogdofarnesio.com.br\/?p=310472#article","isPartOf":{"@id":"https:\/\/blogdofarnesio.com.br\/?p=310472"},"author":{"name":"Farn\u00e9sio","@id":"https:\/\/blogdofarnesio.com.br\/#\/schema\/person\/bb9b23ae3ad0609ce8df7b6c9e76824d"},"headline":"\u2018Social at\u00e9 Voc\u00ea\u2019: distrito de Juremal vai receber servi\u00e7os de cidadania e sa\u00fade oferecidos pela Prefeitura de Juazeiro nesta sexta-feira","datePublished":"2022-04-06T17:00:11+00:00","mainEntityOfPage":{"@id":"https:\/\/blogdofarnesio.com.br\/?p=310472"},"wordCount":249,"commentCount":0,"publisher":{"@id":"https:\/\/blogdofarnesio.com.br\/#organization"},"image":{"@id":"https:\/\/blogdofarnesio.com.br\/?p=310472#primaryimage"},"thumbnailUrl":"https:\/\/blogdofarnesio.com.br\/wp-content\/uploads\/2022\/04\/Social-ate-vc-Juremal-e1649255047541.jpg","articleSection":["A\u00e7\u00e3o Social"],"inLanguage":"pt-BR","potentialAction":[{"@type":"CommentAction","name":"Comment","target":["https:\/\/blogdofarnesio.com.br\/?p=310472#respond"]}]},{"@type":"WebPage","@id":"https:\/\/blogdofarnesio.com.br\/?p=310472","url":"https:\/\/blogdofarnesio.com.br\/?p=310472","name":"\u2018Social at\u00e9 Voc\u00ea\u2019: distrito de Juremal vai receber servi\u00e7os de cidadania e sa\u00fade oferecidos pela Prefeitura de Juazeiro nesta sexta-feira - Blog do Farn\u00e9sio","isPartOf":{"@id":"https:\/\/blogdofarnesio.com.br\/#website"},"primaryImageOfPage":{"@id":"https:\/\/blogdofarnesio.com.br\/?p=310472#primaryimage"},"image":{"@id":"https:\/\/blogdofarnesio.com.br\/?p=310472#primaryimage"},"thumbnailUrl":"https:\/\/blogdofarnesio.com.br\/wp-content\/uploads\/2022\/04\/Social-ate-vc-Juremal-e1649255047541.jpg","datePublished":"2022-04-06T17:00:11+00:00","breadcrumb":{"@id":"https:\/\/blogdofarnesio.com.br\/?p=310472#breadcrumb"},"inLanguage":"pt-BR","potentialAction":[{"@type":"ReadAction","target":["https:\/\/blogdofarnesio.com.br\/?p=310472"]}]},{"@type":"ImageObject","inLanguage":"pt-BR","@id":"https:\/\/blogdofarnesio.com.br\/?p=310472#primaryimage","url":"https:\/\/blogdofarnesio.com.br\/wp-content\/uploads\/2022\/04\/Social-ate-vc-Juremal-e1649255047541.jpg","contentUrl":"https:\/\/blogdofarnesio.com.br\/wp-content\/uploads\/2022\/04\/Social-ate-vc-Juremal-e1649255047541.jpg","width":624,"height":442},{"@type":"BreadcrumbList","@id":"https:\/\/blogdofarnesio.com.br\/?p=310472#breadcrumb","itemListElement":[{"@type":"ListItem","position":1,"name":"In\u00edcio","item":"https:\/\/blogdofarnesio.com.br\/"},{"@type":"ListItem","position":2,"name":"\u2018Social at\u00e9 Voc\u00ea\u2019: distrito de Juremal vai receber servi\u00e7os de cidadania e sa\u00fade oferecidos pela Prefeitura de Juazeiro nesta sexta-feira"}]},{"@type":"WebSite","@id":"https:\/\/blogdofarnesio.com.br\/#website","url":"https:\/\/blogdofarnesio.com.br\/","name":"Blog do Farn\u00e9sio","description":"Quer Saber Pol\u00edtica?","publisher":{"@id":"https:\/\/blogdofarnesio.com.br\/#organization"},"potentialAction":[{"@type":"SearchAction","target":{"@type":"EntryPoint","urlTemplate":"https:\/\/blogdofarnesio.com.br\/?s={search_term_string}"},"query-input":{"@type":"PropertyValueSpecification","valueRequired":true,"valueName":"search_term_string"}}],"inLanguage":"pt-BR"},{"@type":"Organization","@id":"https:\/\/blogdofarnesio.com.br\/#organization","name":"Blog do Farn\u00e9sio","url":"https:\/\/blogdofarnesio.com.br\/","logo":{"@type":"ImageObject","inLanguage":"pt-BR","@id":"https:\/\/blogdofarnesio.com.br\/#\/schema\/logo\/image\/","url":"https:\/\/blogdofarnesio.com.br\/wp-content\/uploads\/2026\/03\/cropped-logo_new-1.png","contentUrl":"https:\/\/blogdofarnesio.com.br\/wp-content\/uploads\/2026\/03\/cropped-logo_new-1.png","width":881,"height":685,"caption":"Blog do Farn\u00e9sio"},"image":{"@id":"https:\/\/blogdofarnesio.com.br\/#\/schema\/logo\/image\/"},"sameAs":["https:\/\/www.facebook.com\/BlogQuerSaberPolitica\/"]},{"@type":"Person","@id":"https:\/\/blogdofarnesio.com.br\/#\/schema\/person\/bb9b23ae3ad0609ce8df7b6c9e76824d","name":"Farn\u00e9sio","image":{"@type":"ImageObject","inLanguage":"pt-BR","@id":"https:\/\/secure.gravatar.com\/avatar\/986aa4c61ccdb66f8555bf88fc2a65609d00bcabd4d2d94377a727547345cbca?s=96&d=mm&r=g","url":"https:\/\/secure.gravatar.com\/avatar\/986aa4c61ccdb66f8555bf88fc2a65609d00bcabd4d2d94377a727547345cbca?s=96&d=mm&r=g","contentUrl":"https:\/\/secure.gravatar.com\/avatar\/986aa4c61ccdb66f8555bf88fc2a65609d00bcabd4d2d94377a727547345cbca?s=96&d=mm&r=g","caption":"Farn\u00e9sio"},"description":"Radialista blogueiro, chegou a Petrolina\/Juazeiro em setembro de 1980, Farn\u00e9sio Silva \u00e9 de Arapiraca-Alagoas.","sameAs":["http:\/\/blogdofarnesio.com.br","https:\/\/www.facebook.com\/?ref=tn_tnmn","https:\/\/www.instagram.com\/?utm_source=pwa_homescreen","https:\/\/youtube.com.br\/"],"url":"https:\/\/blogdofarnesio.com.br\/?author=2"}]}},"_links":{"self":[{"href":"https:\/\/blogdofarnesio.com.br\/index.php?rest_route=\/wp\/v2\/posts\/310472","targetHints":{"allow":["GET"]}}],"collection":[{"href":"https:\/\/blogdofarnesio.com.br\/index.php?rest_route=\/wp\/v2\/posts"}],"about":[{"href":"https:\/\/blogdofarnesio.com.br\/index.php?rest_route=\/wp\/v2\/types\/post"}],"author":[{"embeddable":true,"href":"https:\/\/blogdofarnesio.com.br\/index.php?rest_route=\/wp\/v2\/users\/2"}],"replies":[{"embeddable":true,"href":"https:\/\/blogdofarnesio.com.br\/index.php?rest_route=%2Fwp%2Fv2%2Fcomments&post=310472"}],"version-history":[{"count":0,"href":"https:\/\/blogdofarnesio.com.br\/index.php?rest_route=\/wp\/v2\/posts\/310472\/revisions"}],"wp:featuredmedia":[{"embeddable":true,"href":"https:\/\/blogdofarnesio.com.br\/index.php?rest_route=\/wp\/v2\/media\/310470"}],"wp:attachment":[{"href":"https:\/\/blogdofarnesio.com.br\/index.php?rest_route=%2Fwp%2Fv2%2Fmedia&parent=310472"}],"wp:term":[{"taxonomy":"category","embeddable":true,"href":"https:\/\/blogdofarnesio.com.br\/index.php?rest_route=%2Fwp%2Fv2%2Fcategories&post=310472"},{"taxonomy":"post_tag","embeddable":true,"href":"https:\/\/blogdofarnesio.com.br\/index.php?rest_route=%2Fwp%2Fv2%2Ftags&post=310472"}],"curies":[{"name":"wp","href":"https:\/\/api.w.org\/{rel}","templated":true}]}}