{"id":310454,"date":"2022-04-06T13:00:52","date_gmt":"2022-04-06T16:00:52","guid":{"rendered":"https:\/\/blogdofarnesio.com.br\/?p=310454"},"modified":"2022-04-06T10:20:36","modified_gmt":"2022-04-06T13:20:36","slug":"empresas-de-consorcios-em-petrolina-sao-autuadas-e-multadas-pelo-prodecon-por-propaganda-enganosa","status":"publish","type":"post","link":"https:\/\/blogdofarnesio.com.br\/?p=310454","title":{"rendered":"Empresas de cons\u00f3rcios em Petrolina s\u00e3o autuadas e multadas pelo Prodecon por propaganda enganosa"},"content":{"rendered":"<p style=\"font-weight: 400;\">O Prodecon de Petrolina montou uma verdadeira for\u00e7a-tarefa para coibir a propaganda enganosa por parte de empresas revendedoras de cons\u00f3rcios na cidade. A a\u00e7\u00e3o conjunta com o Conselho Regional de Corretores de Im\u00f3veis (CRECI), resultou na autua\u00e7\u00e3o de cinco empresas que foram multadas por propaganda enganosa e advertidas tamb\u00e9m por exerc\u00edcio ilegal da profiss\u00e3o.<\/p>\n<p style=\"font-weight: 400;\">Segundo den\u00fancias registradas no Prodecon, algumas empresas de cons\u00f3rcios estariam prometendo contempla\u00e7\u00e3o imediata, o que n\u00e3o acontece na pr\u00e1tica. H\u00e1 ainda den\u00fancias de vendedores de cons\u00f3rcio, que estariam atraindo clientes com propaganda de im\u00f3veis sob a falsa promessa de que estariam adquirindo casas quando na verdade, trata-se de cartas de cr\u00e9dito.<\/p>\n<p style=\"font-weight: 400;\">O diretor do Prodecon, H\u00e9lder Gomes, lembra que quando se trata de cons\u00f3rcio, as contempla\u00e7\u00f5es s\u00e3o imprevis\u00edveis. \u201cRecebemos v\u00e1rias den\u00fancias de pessoas que est\u00e3o sendo atra\u00eddas pelos vendedores com a falsa promessa de contempla\u00e7\u00e3o imediata. Al\u00e9m disso, h\u00e1 tamb\u00e9m vendedores de cons\u00f3rcios fazendo publicidade de im\u00f3veis como se estivessem vendendo casas, quando na verdade eles est\u00e3o vendendo uma carta de cr\u00e9dito e n\u00e3o um im\u00f3vel, isso se configura propaganda enganosa\u201d disse.<\/p>\n<p style=\"font-weight: 400;\">O agente fiscal do Creci, Rodrigo Jambeiro Pinto, destaca que o Creci advertiu os vendedores sobre o exerc\u00edcio ilegal da profiss\u00e3o, uma vez que, somente corretores credenciados podem efetuar a venda de im\u00f3veis.<\/p>\n<p style=\"font-weight: 400;\">Durante a a\u00e7\u00e3o, cinco empresas foram notificadas e quatro delas multadas em R$ 10 mil. As empresas t\u00eam 20 dias para apresentar impugna\u00e7\u00e3o.<\/p>\n<p style=\"font-weight: 400;\"><strong>Propaganda enganosa:<\/strong><\/p>\n<p style=\"font-weight: 400;\">O C\u00f3digo de Defesa do Consumidor (CDC) expressa que s\u00e3o direitos b\u00e1sicos do consumidor a informa\u00e7\u00e3o adequada e clara sobre o servi\u00e7o contratado, com suas corretas especifica\u00e7\u00f5es e os riscos que apresentem, assim como a prote\u00e7\u00e3o contra a publicidade enganosa e abusiva. Os consumidores que registrarem alguma situa\u00e7\u00e3o abusiva podem entrar em contato com o Prodecon atrav\u00e9s do n\u00famero 3861-3066 (WhatsApp).<\/p>\n<p style=\"font-weight: 400;\">Magn\u00f3lia Costa: Assessora de Comunica\u00e7\u00e3o &#8211; Programa Municipal de Defesa do Consumidor (Prodecon<\/p>\n","protected":false},"excerpt":{"rendered":"<p>O Prodecon de Petrolina montou uma verdadeira for\u00e7a-tarefa para coibir a propaganda enganosa por parte de empresas revendedoras de cons\u00f3rcios na cidade. A a\u00e7\u00e3o conjunta com o Conselho Regional de Corretores de Im\u00f3veis (CRECI), resultou na autua\u00e7\u00e3o de cinco empresas que foram multadas por propaganda enganosa e advertidas tamb\u00e9m por exerc\u00edcio ilegal da profiss\u00e3o. Segundo den\u00fancias registradas no Prodecon, algumas empresas de cons\u00f3rcios estariam prometendo contempla\u00e7\u00e3o imediata, o que n\u00e3o acontece na pr\u00e1tica. H\u00e1 ainda den\u00fancias de vendedores de cons\u00f3rcio, que estariam atraindo clientes com propaganda de im\u00f3veis sob a falsa promessa de que estariam adquirindo casas quando na verdade, trata-se de cartas de cr\u00e9dito. O diretor do Prodecon, H\u00e9lder Gomes, lembra que quando se trata de cons\u00f3rcio, as contempla\u00e7\u00f5es&hellip; <\/p>\n","protected":false},"author":2,"featured_media":310455,"comment_status":"open","ping_status":"open","sticky":false,"template":"","format":"standard","meta":{"_acf_changed":false,"footnotes":""},"categories":[20],"tags":[],"class_list":["post-310454","post","type-post","status-publish","format-standard","has-post-thumbnail","hentry","category-economia"],"acf":[],"yoast_head":"<!-- This site is optimized with the Yoast SEO plugin v27.4 - https:\/\/yoast.com\/product\/yoast-seo-wordpress\/ -->\n<title>Empresas de cons\u00f3rcios em Petrolina s\u00e3o autuadas e multadas pelo Prodecon por propaganda enganosa - Blog do Farn\u00e9sio<\/title>\n<meta name=\"robots\" content=\"index, follow, max-snippet:-1, max-image-preview:large, max-video-preview:-1\" \/>\n<link rel=\"canonical\" href=\"https:\/\/blogdofarnesio.com.br\/?p=310454\" \/>\n<meta property=\"og:locale\" content=\"pt_BR\" \/>\n<meta property=\"og:type\" content=\"article\" \/>\n<meta property=\"og:title\" content=\"Empresas de cons\u00f3rcios em Petrolina s\u00e3o autuadas e multadas pelo Prodecon por propaganda enganosa - Blog do Farn\u00e9sio\" \/>\n<meta property=\"og:description\" content=\"O Prodecon de Petrolina montou uma verdadeira for\u00e7a-tarefa para coibir a propaganda enganosa por parte de empresas revendedoras de cons\u00f3rcios na cidade. A a\u00e7\u00e3o conjunta com o Conselho Regional de Corretores de Im\u00f3veis (CRECI), resultou na autua\u00e7\u00e3o de cinco empresas que foram multadas por propaganda enganosa e advertidas tamb\u00e9m por exerc\u00edcio ilegal da profiss\u00e3o. Segundo den\u00fancias registradas no Prodecon, algumas empresas de cons\u00f3rcios estariam prometendo contempla\u00e7\u00e3o imediata, o que n\u00e3o acontece na pr\u00e1tica. H\u00e1 ainda den\u00fancias de vendedores de cons\u00f3rcio, que estariam atraindo clientes com propaganda de im\u00f3veis sob a falsa promessa de que estariam adquirindo casas quando na verdade, trata-se de cartas de cr\u00e9dito. O diretor do Prodecon, H\u00e9lder Gomes, lembra que quando se trata de cons\u00f3rcio, as contempla\u00e7\u00f5es&hellip;\" \/>\n<meta property=\"og:url\" content=\"https:\/\/blogdofarnesio.com.br\/?p=310454\" \/>\n<meta property=\"og:site_name\" content=\"Blog do Farn\u00e9sio\" \/>\n<meta property=\"article:publisher\" content=\"https:\/\/www.facebook.com\/BlogQuerSaberPolitica\/\" \/>\n<meta property=\"article:author\" content=\"https:\/\/www.facebook.com\/?ref=tn_tnmn\" \/>\n<meta property=\"article:published_time\" content=\"2022-04-06T16:00:52+00:00\" \/>\n<meta property=\"og:image\" content=\"https:\/\/blogdofarnesio.com.br\/wp-content\/uploads\/2022\/04\/blogqspfraude-consorcio.jpg\" \/>\n\t<meta property=\"og:image:width\" content=\"604\" \/>\n\t<meta property=\"og:image:height\" content=\"363\" \/>\n\t<meta property=\"og:image:type\" content=\"image\/jpeg\" \/>\n<meta name=\"author\" content=\"Farn\u00e9sio\" \/>\n<meta name=\"twitter:card\" content=\"summary_large_image\" \/>\n<meta name=\"twitter:label1\" content=\"Escrito por\" \/>\n\t<meta name=\"twitter:data1\" content=\"Farn\u00e9sio\" \/>\n\t<meta name=\"twitter:label2\" content=\"Est. tempo de leitura\" \/>\n\t<meta name=\"twitter:data2\" content=\"2 minutos\" \/>\n<script type=\"application\/ld+json\" class=\"yoast-schema-graph\">{\"@context\":\"https:\\\/\\\/schema.org\",\"@graph\":[{\"@type\":\"Article\",\"@id\":\"https:\\\/\\\/blogdofarnesio.com.br\\\/?p=310454#article\",\"isPartOf\":{\"@id\":\"https:\\\/\\\/blogdofarnesio.com.br\\\/?p=310454\"},\"author\":{\"name\":\"Farn\u00e9sio\",\"@id\":\"https:\\\/\\\/blogdofarnesio.com.br\\\/#\\\/schema\\\/person\\\/bb9b23ae3ad0609ce8df7b6c9e76824d\"},\"headline\":\"Empresas de cons\u00f3rcios em Petrolina s\u00e3o autuadas e multadas pelo Prodecon por propaganda enganosa\",\"datePublished\":\"2022-04-06T16:00:52+00:00\",\"mainEntityOfPage\":{\"@id\":\"https:\\\/\\\/blogdofarnesio.com.br\\\/?p=310454\"},\"wordCount\":375,\"commentCount\":0,\"publisher\":{\"@id\":\"https:\\\/\\\/blogdofarnesio.com.br\\\/#organization\"},\"image\":{\"@id\":\"https:\\\/\\\/blogdofarnesio.com.br\\\/?p=310454#primaryimage\"},\"thumbnailUrl\":\"https:\\\/\\\/blogdofarnesio.com.br\\\/wp-content\\\/uploads\\\/2022\\\/04\\\/blogqspfraude-consorcio.jpg\",\"articleSection\":[\"Economia\"],\"inLanguage\":\"pt-BR\",\"potentialAction\":[{\"@type\":\"CommentAction\",\"name\":\"Comment\",\"target\":[\"https:\\\/\\\/blogdofarnesio.com.br\\\/?p=310454#respond\"]}]},{\"@type\":\"WebPage\",\"@id\":\"https:\\\/\\\/blogdofarnesio.com.br\\\/?p=310454\",\"url\":\"https:\\\/\\\/blogdofarnesio.com.br\\\/?p=310454\",\"name\":\"Empresas de cons\u00f3rcios em Petrolina s\u00e3o autuadas e multadas pelo Prodecon por propaganda enganosa - Blog do Farn\u00e9sio\",\"isPartOf\":{\"@id\":\"https:\\\/\\\/blogdofarnesio.com.br\\\/#website\"},\"primaryImageOfPage\":{\"@id\":\"https:\\\/\\\/blogdofarnesio.com.br\\\/?p=310454#primaryimage\"},\"image\":{\"@id\":\"https:\\\/\\\/blogdofarnesio.com.br\\\/?p=310454#primaryimage\"},\"thumbnailUrl\":\"https:\\\/\\\/blogdofarnesio.com.br\\\/wp-content\\\/uploads\\\/2022\\\/04\\\/blogqspfraude-consorcio.jpg\",\"datePublished\":\"2022-04-06T16:00:52+00:00\",\"breadcrumb\":{\"@id\":\"https:\\\/\\\/blogdofarnesio.com.br\\\/?p=310454#breadcrumb\"},\"inLanguage\":\"pt-BR\",\"potentialAction\":[{\"@type\":\"ReadAction\",\"target\":[\"https:\\\/\\\/blogdofarnesio.com.br\\\/?p=310454\"]}]},{\"@type\":\"ImageObject\",\"inLanguage\":\"pt-BR\",\"@id\":\"https:\\\/\\\/blogdofarnesio.com.br\\\/?p=310454#primaryimage\",\"url\":\"https:\\\/\\\/blogdofarnesio.com.br\\\/wp-content\\\/uploads\\\/2022\\\/04\\\/blogqspfraude-consorcio.jpg\",\"contentUrl\":\"https:\\\/\\\/blogdofarnesio.com.br\\\/wp-content\\\/uploads\\\/2022\\\/04\\\/blogqspfraude-consorcio.jpg\",\"width\":604,\"height\":363},{\"@type\":\"BreadcrumbList\",\"@id\":\"https:\\\/\\\/blogdofarnesio.com.br\\\/?p=310454#breadcrumb\",\"itemListElement\":[{\"@type\":\"ListItem\",\"position\":1,\"name\":\"In\u00edcio\",\"item\":\"https:\\\/\\\/blogdofarnesio.com.br\\\/\"},{\"@type\":\"ListItem\",\"position\":2,\"name\":\"Empresas de cons\u00f3rcios em Petrolina s\u00e3o autuadas e multadas pelo Prodecon por propaganda enganosa\"}]},{\"@type\":\"WebSite\",\"@id\":\"https:\\\/\\\/blogdofarnesio.com.br\\\/#website\",\"url\":\"https:\\\/\\\/blogdofarnesio.com.br\\\/\",\"name\":\"Blog do Farn\u00e9sio\",\"description\":\"Quer Saber Pol\u00edtica?\",\"publisher\":{\"@id\":\"https:\\\/\\\/blogdofarnesio.com.br\\\/#organization\"},\"potentialAction\":[{\"@type\":\"SearchAction\",\"target\":{\"@type\":\"EntryPoint\",\"urlTemplate\":\"https:\\\/\\\/blogdofarnesio.com.br\\\/?s={search_term_string}\"},\"query-input\":{\"@type\":\"PropertyValueSpecification\",\"valueRequired\":true,\"valueName\":\"search_term_string\"}}],\"inLanguage\":\"pt-BR\"},{\"@type\":\"Organization\",\"@id\":\"https:\\\/\\\/blogdofarnesio.com.br\\\/#organization\",\"name\":\"Blog do Farn\u00e9sio\",\"url\":\"https:\\\/\\\/blogdofarnesio.com.br\\\/\",\"logo\":{\"@type\":\"ImageObject\",\"inLanguage\":\"pt-BR\",\"@id\":\"https:\\\/\\\/blogdofarnesio.com.br\\\/#\\\/schema\\\/logo\\\/image\\\/\",\"url\":\"https:\\\/\\\/blogdofarnesio.com.br\\\/wp-content\\\/uploads\\\/2026\\\/03\\\/cropped-logo_new-1.png\",\"contentUrl\":\"https:\\\/\\\/blogdofarnesio.com.br\\\/wp-content\\\/uploads\\\/2026\\\/03\\\/cropped-logo_new-1.png\",\"width\":881,\"height\":685,\"caption\":\"Blog do Farn\u00e9sio\"},\"image\":{\"@id\":\"https:\\\/\\\/blogdofarnesio.com.br\\\/#\\\/schema\\\/logo\\\/image\\\/\"},\"sameAs\":[\"https:\\\/\\\/www.facebook.com\\\/BlogQuerSaberPolitica\\\/\"]},{\"@type\":\"Person\",\"@id\":\"https:\\\/\\\/blogdofarnesio.com.br\\\/#\\\/schema\\\/person\\\/bb9b23ae3ad0609ce8df7b6c9e76824d\",\"name\":\"Farn\u00e9sio\",\"image\":{\"@type\":\"ImageObject\",\"inLanguage\":\"pt-BR\",\"@id\":\"https:\\\/\\\/secure.gravatar.com\\\/avatar\\\/986aa4c61ccdb66f8555bf88fc2a65609d00bcabd4d2d94377a727547345cbca?s=96&d=mm&r=g\",\"url\":\"https:\\\/\\\/secure.gravatar.com\\\/avatar\\\/986aa4c61ccdb66f8555bf88fc2a65609d00bcabd4d2d94377a727547345cbca?s=96&d=mm&r=g\",\"contentUrl\":\"https:\\\/\\\/secure.gravatar.com\\\/avatar\\\/986aa4c61ccdb66f8555bf88fc2a65609d00bcabd4d2d94377a727547345cbca?s=96&d=mm&r=g\",\"caption\":\"Farn\u00e9sio\"},\"description\":\"Radialista blogueiro, chegou a Petrolina\\\/Juazeiro em setembro de 1980, Farn\u00e9sio Silva \u00e9 de Arapiraca-Alagoas.\",\"sameAs\":[\"http:\\\/\\\/blogdofarnesio.com.br\",\"https:\\\/\\\/www.facebook.com\\\/?ref=tn_tnmn\",\"https:\\\/\\\/www.instagram.com\\\/?utm_source=pwa_homescreen\",\"https:\\\/\\\/youtube.com.br\\\/\"],\"url\":\"https:\\\/\\\/blogdofarnesio.com.br\\\/?author=2\"}]}<\/script>\n<!-- \/ Yoast SEO plugin. -->","yoast_head_json":{"title":"Empresas de cons\u00f3rcios em Petrolina s\u00e3o autuadas e multadas pelo Prodecon por propaganda enganosa - Blog do Farn\u00e9sio","robots":{"index":"index","follow":"follow","max-snippet":"max-snippet:-1","max-image-preview":"max-image-preview:large","max-video-preview":"max-video-preview:-1"},"canonical":"https:\/\/blogdofarnesio.com.br\/?p=310454","og_locale":"pt_BR","og_type":"article","og_title":"Empresas de cons\u00f3rcios em Petrolina s\u00e3o autuadas e multadas pelo Prodecon por propaganda enganosa - Blog do Farn\u00e9sio","og_description":"O Prodecon de Petrolina montou uma verdadeira for\u00e7a-tarefa para coibir a propaganda enganosa por parte de empresas revendedoras de cons\u00f3rcios na cidade. A a\u00e7\u00e3o conjunta com o Conselho Regional de Corretores de Im\u00f3veis (CRECI), resultou na autua\u00e7\u00e3o de cinco empresas que foram multadas por propaganda enganosa e advertidas tamb\u00e9m por exerc\u00edcio ilegal da profiss\u00e3o. Segundo den\u00fancias registradas no Prodecon, algumas empresas de cons\u00f3rcios estariam prometendo contempla\u00e7\u00e3o imediata, o que n\u00e3o acontece na pr\u00e1tica. H\u00e1 ainda den\u00fancias de vendedores de cons\u00f3rcio, que estariam atraindo clientes com propaganda de im\u00f3veis sob a falsa promessa de que estariam adquirindo casas quando na verdade, trata-se de cartas de cr\u00e9dito. O diretor do Prodecon, H\u00e9lder Gomes, lembra que quando se trata de cons\u00f3rcio, as contempla\u00e7\u00f5es&hellip;","og_url":"https:\/\/blogdofarnesio.com.br\/?p=310454","og_site_name":"Blog do Farn\u00e9sio","article_publisher":"https:\/\/www.facebook.com\/BlogQuerSaberPolitica\/","article_author":"https:\/\/www.facebook.com\/?ref=tn_tnmn","article_published_time":"2022-04-06T16:00:52+00:00","og_image":[{"width":604,"height":363,"url":"https:\/\/blogdofarnesio.com.br\/wp-content\/uploads\/2022\/04\/blogqspfraude-consorcio.jpg","type":"image\/jpeg"}],"author":"Farn\u00e9sio","twitter_card":"summary_large_image","twitter_misc":{"Escrito por":"Farn\u00e9sio","Est. tempo de leitura":"2 minutos"},"schema":{"@context":"https:\/\/schema.org","@graph":[{"@type":"Article","@id":"https:\/\/blogdofarnesio.com.br\/?p=310454#article","isPartOf":{"@id":"https:\/\/blogdofarnesio.com.br\/?p=310454"},"author":{"name":"Farn\u00e9sio","@id":"https:\/\/blogdofarnesio.com.br\/#\/schema\/person\/bb9b23ae3ad0609ce8df7b6c9e76824d"},"headline":"Empresas de cons\u00f3rcios em Petrolina s\u00e3o autuadas e multadas pelo Prodecon por propaganda enganosa","datePublished":"2022-04-06T16:00:52+00:00","mainEntityOfPage":{"@id":"https:\/\/blogdofarnesio.com.br\/?p=310454"},"wordCount":375,"commentCount":0,"publisher":{"@id":"https:\/\/blogdofarnesio.com.br\/#organization"},"image":{"@id":"https:\/\/blogdofarnesio.com.br\/?p=310454#primaryimage"},"thumbnailUrl":"https:\/\/blogdofarnesio.com.br\/wp-content\/uploads\/2022\/04\/blogqspfraude-consorcio.jpg","articleSection":["Economia"],"inLanguage":"pt-BR","potentialAction":[{"@type":"CommentAction","name":"Comment","target":["https:\/\/blogdofarnesio.com.br\/?p=310454#respond"]}]},{"@type":"WebPage","@id":"https:\/\/blogdofarnesio.com.br\/?p=310454","url":"https:\/\/blogdofarnesio.com.br\/?p=310454","name":"Empresas de cons\u00f3rcios em Petrolina s\u00e3o autuadas e multadas pelo Prodecon por propaganda enganosa - Blog do Farn\u00e9sio","isPartOf":{"@id":"https:\/\/blogdofarnesio.com.br\/#website"},"primaryImageOfPage":{"@id":"https:\/\/blogdofarnesio.com.br\/?p=310454#primaryimage"},"image":{"@id":"https:\/\/blogdofarnesio.com.br\/?p=310454#primaryimage"},"thumbnailUrl":"https:\/\/blogdofarnesio.com.br\/wp-content\/uploads\/2022\/04\/blogqspfraude-consorcio.jpg","datePublished":"2022-04-06T16:00:52+00:00","breadcrumb":{"@id":"https:\/\/blogdofarnesio.com.br\/?p=310454#breadcrumb"},"inLanguage":"pt-BR","potentialAction":[{"@type":"ReadAction","target":["https:\/\/blogdofarnesio.com.br\/?p=310454"]}]},{"@type":"ImageObject","inLanguage":"pt-BR","@id":"https:\/\/blogdofarnesio.com.br\/?p=310454#primaryimage","url":"https:\/\/blogdofarnesio.com.br\/wp-content\/uploads\/2022\/04\/blogqspfraude-consorcio.jpg","contentUrl":"https:\/\/blogdofarnesio.com.br\/wp-content\/uploads\/2022\/04\/blogqspfraude-consorcio.jpg","width":604,"height":363},{"@type":"BreadcrumbList","@id":"https:\/\/blogdofarnesio.com.br\/?p=310454#breadcrumb","itemListElement":[{"@type":"ListItem","position":1,"name":"In\u00edcio","item":"https:\/\/blogdofarnesio.com.br\/"},{"@type":"ListItem","position":2,"name":"Empresas de cons\u00f3rcios em Petrolina s\u00e3o autuadas e multadas pelo Prodecon por propaganda enganosa"}]},{"@type":"WebSite","@id":"https:\/\/blogdofarnesio.com.br\/#website","url":"https:\/\/blogdofarnesio.com.br\/","name":"Blog do Farn\u00e9sio","description":"Quer Saber Pol\u00edtica?","publisher":{"@id":"https:\/\/blogdofarnesio.com.br\/#organization"},"potentialAction":[{"@type":"SearchAction","target":{"@type":"EntryPoint","urlTemplate":"https:\/\/blogdofarnesio.com.br\/?s={search_term_string}"},"query-input":{"@type":"PropertyValueSpecification","valueRequired":true,"valueName":"search_term_string"}}],"inLanguage":"pt-BR"},{"@type":"Organization","@id":"https:\/\/blogdofarnesio.com.br\/#organization","name":"Blog do Farn\u00e9sio","url":"https:\/\/blogdofarnesio.com.br\/","logo":{"@type":"ImageObject","inLanguage":"pt-BR","@id":"https:\/\/blogdofarnesio.com.br\/#\/schema\/logo\/image\/","url":"https:\/\/blogdofarnesio.com.br\/wp-content\/uploads\/2026\/03\/cropped-logo_new-1.png","contentUrl":"https:\/\/blogdofarnesio.com.br\/wp-content\/uploads\/2026\/03\/cropped-logo_new-1.png","width":881,"height":685,"caption":"Blog do Farn\u00e9sio"},"image":{"@id":"https:\/\/blogdofarnesio.com.br\/#\/schema\/logo\/image\/"},"sameAs":["https:\/\/www.facebook.com\/BlogQuerSaberPolitica\/"]},{"@type":"Person","@id":"https:\/\/blogdofarnesio.com.br\/#\/schema\/person\/bb9b23ae3ad0609ce8df7b6c9e76824d","name":"Farn\u00e9sio","image":{"@type":"ImageObject","inLanguage":"pt-BR","@id":"https:\/\/secure.gravatar.com\/avatar\/986aa4c61ccdb66f8555bf88fc2a65609d00bcabd4d2d94377a727547345cbca?s=96&d=mm&r=g","url":"https:\/\/secure.gravatar.com\/avatar\/986aa4c61ccdb66f8555bf88fc2a65609d00bcabd4d2d94377a727547345cbca?s=96&d=mm&r=g","contentUrl":"https:\/\/secure.gravatar.com\/avatar\/986aa4c61ccdb66f8555bf88fc2a65609d00bcabd4d2d94377a727547345cbca?s=96&d=mm&r=g","caption":"Farn\u00e9sio"},"description":"Radialista blogueiro, chegou a Petrolina\/Juazeiro em setembro de 1980, Farn\u00e9sio Silva \u00e9 de Arapiraca-Alagoas.","sameAs":["http:\/\/blogdofarnesio.com.br","https:\/\/www.facebook.com\/?ref=tn_tnmn","https:\/\/www.instagram.com\/?utm_source=pwa_homescreen","https:\/\/youtube.com.br\/"],"url":"https:\/\/blogdofarnesio.com.br\/?author=2"}]}},"_links":{"self":[{"href":"https:\/\/blogdofarnesio.com.br\/index.php?rest_route=\/wp\/v2\/posts\/310454","targetHints":{"allow":["GET"]}}],"collection":[{"href":"https:\/\/blogdofarnesio.com.br\/index.php?rest_route=\/wp\/v2\/posts"}],"about":[{"href":"https:\/\/blogdofarnesio.com.br\/index.php?rest_route=\/wp\/v2\/types\/post"}],"author":[{"embeddable":true,"href":"https:\/\/blogdofarnesio.com.br\/index.php?rest_route=\/wp\/v2\/users\/2"}],"replies":[{"embeddable":true,"href":"https:\/\/blogdofarnesio.com.br\/index.php?rest_route=%2Fwp%2Fv2%2Fcomments&post=310454"}],"version-history":[{"count":0,"href":"https:\/\/blogdofarnesio.com.br\/index.php?rest_route=\/wp\/v2\/posts\/310454\/revisions"}],"wp:featuredmedia":[{"embeddable":true,"href":"https:\/\/blogdofarnesio.com.br\/index.php?rest_route=\/wp\/v2\/media\/310455"}],"wp:attachment":[{"href":"https:\/\/blogdofarnesio.com.br\/index.php?rest_route=%2Fwp%2Fv2%2Fmedia&parent=310454"}],"wp:term":[{"taxonomy":"category","embeddable":true,"href":"https:\/\/blogdofarnesio.com.br\/index.php?rest_route=%2Fwp%2Fv2%2Fcategories&post=310454"},{"taxonomy":"post_tag","embeddable":true,"href":"https:\/\/blogdofarnesio.com.br\/index.php?rest_route=%2Fwp%2Fv2%2Ftags&post=310454"}],"curies":[{"name":"wp","href":"https:\/\/api.w.org\/{rel}","templated":true}]}}