{"id":310426,"date":"2022-04-06T12:05:15","date_gmt":"2022-04-06T15:05:15","guid":{"rendered":"https:\/\/blogdofarnesio.com.br\/?p=310426"},"modified":"2022-04-05T18:52:50","modified_gmt":"2022-04-05T21:52:50","slug":"projeto-executado-pelo-nema-ira-recuperar-vegetacao-da-caatinga-antecedendo-o-retorno-das-ararinhas-azuis-a-natureza","status":"publish","type":"post","link":"https:\/\/blogdofarnesio.com.br\/?p=310426","title":{"rendered":"Projeto executado pelo NEMA ir\u00e1 recuperar vegeta\u00e7\u00e3o da Caatinga antecedendo o retorno das ararinhas-azuis \u00e0 natureza"},"content":{"rendered":"<p>Ap\u00f3s mais de 20 anos sem ser vista na natureza, a ararinha-azul (Cyanopsitta spixii) em<br \/>\nbreve ter\u00e1 condi\u00e7\u00f5es de voltar a voar livremente na Caatinga. O projeto RE-Habitar<br \/>\nArarinha Azul, executado pelo N\u00facleo de Ecologia e Monitoramento Ambiental (NEMA)<br \/>\nda Universidade Federal do Vale do S\u00e3o Francisco (UNIVASF), vai recuperar \u00e1reas<br \/>\ndegradadas da Caatinga.<\/p>\n<p>Concomitantemente, o Instituto Chico Mendes (ICMBio) e a<br \/>\nAssocia\u00e7\u00e3o para a Conserva\u00e7\u00e3o dos Psitac\u00eddeos Amea\u00e7ados (ACTP) cuidam das aves<br \/>\nque foram repatriadas e ainda est\u00e3o no Centro de Reprodu\u00e7\u00e3o em uma propriedade<br \/>\nprivada nas Unidades de Conserva\u00e7\u00e3o da ararinha-azul em Cura\u00e7\u00e1 (BA).<\/p>\n<p>As atividades do NEMA j\u00e1 iniciaram e a previs\u00e3o \u00e9 recuperar cerca de 100 hectares de mata ciliar e<br \/>\n100 hectares de savana est\u00e9pica em menos de tr\u00eas anos.<\/p>\n<p>Por meio do projeto RE-Habitar, executado em parceria com a Funda\u00e7\u00e3o de Apoio ao<br \/>\nDesenvolvimento da Universidade Federal de Pernambuco (FADE-UFPE), o NEMA ir\u00e1<br \/>\nrecuperar a vegeta\u00e7\u00e3o em \u00e1reas priorit\u00e1rias localizadas no interior e entorno do<br \/>\nRef\u00fagio de Vida Silvestre e da \u00c1rea de Prote\u00e7\u00e3o Ambiental (APA), em Cura\u00e7\u00e1 (BA),<br \/>\nh\u00e1bitat das aves.<\/p>\n<p>Ser\u00e3o executados m\u00e9todos de recupera\u00e7\u00e3o como semeadura direta e<br \/>\nplantio de mudas nos locais selecionados com objetivo de conduzir as \u00e1reas<br \/>\ndegradadas para uma situa\u00e7\u00e3o mais adequada para a sobreviv\u00eancia das ararinhas-<br \/>\nazuis.<\/p>\n<p>Para o ec\u00f3logo do NEMA, F\u00e1bio Socolowski, o envolvimento da popula\u00e7\u00e3o local ser\u00e1<br \/>\nfundamental para a preserva\u00e7\u00e3o da vegeta\u00e7\u00e3o e da ararinha-azul, que \u00e9 uma ave<br \/>\nexclusiva da Caatinga. \u201cO projeto tem dura\u00e7\u00e3o de tr\u00eas anos, ent\u00e3o n\u00f3s vamos deixar<br \/>\numa semente.<\/p>\n<p>Por\u00e9m, caber\u00e1 a cada morador que receber a nossa visita e<br \/>\ntrocar\u00a0conhecimentos\u00a0conosco, a compreens\u00e3o da import\u00e2ncia n\u00e3o s\u00f3 da<br \/>\nrecupera\u00e7\u00e3o\u00a0dos ambientes degradados, mas da preserva\u00e7\u00e3o daquilo<br \/>\nque\u00a0ainda\u00a0existe\u201d, explica.<\/p>\n<p>Al\u00e9m da recupera\u00e7\u00e3o, diversas a\u00e7\u00f5es ser\u00e3o realizadas para reconstituir e preservar o<br \/>\nambiente, como a implanta\u00e7\u00e3o de tecnologias sociais para reten\u00e7\u00e3o do maior<br \/>\nquantitativo poss\u00edvel de \u00e1gua que normalmente se perde por conta da baixa cobertura<br \/>\nvegetal nas \u00e1reas degradadas. Ser\u00e3o constru\u00eddas barragens subterr\u00e2neas, barragens<br \/>\nsucessivas e cord\u00f5es em contorno para aumentar a disponibilidade de \u00e1gua. Dessa<br \/>\nmaneira, al\u00e9m de contribuir para um ambiente mais favor\u00e1vel para as esp\u00e9cies<br \/>\nvegetais, tamb\u00e9m viabiliza uma atividade agr\u00edcola sustent\u00e1vel para a comunidade<br \/>\nlocal.<br \/>\nRE-Habitar Ararinha Azul \u2013 Projeto executado pelo NEMA UNIVASF e a FADE-UFPE,<br \/>\naprovado na chamada do GEF-Terrestre, em seu componente para recupera\u00e7\u00e3o de<br \/>\n\u00e1reas degradadas da Caatinga. A iniciativa \u00e9 financiada pelo Fundo Brasileiro para a<\/p>\n<p>Biodiversidade (FUNBIO) e Instituto Chico Mendes de Conserva\u00e7\u00e3o da Biodiversidade<br \/>\n(ICMBio), vinculado ao o Minist\u00e9rio do Meio Ambiente (MMA).<br \/>\nO NEMA trabalha com recupera\u00e7\u00e3o de \u00e1reas degradadas desde 2014 com a\u00e7\u00f5es<br \/>\ndiretamente relacionadas \u00e0 vegeta\u00e7\u00e3o, como tamb\u00e9m aos recursos h\u00eddricos,<br \/>\nelaborando novos modelos e aprimorando v\u00e1rias t\u00e9cnicas.<\/p>\n<p>Karen Lima<\/p>\n","protected":false},"excerpt":{"rendered":"<p>Ap\u00f3s mais de 20 anos sem ser vista na natureza, a ararinha-azul (Cyanopsitta spixii) em breve ter\u00e1 condi\u00e7\u00f5es de voltar a voar livremente na Caatinga. O projeto RE-Habitar Ararinha Azul, executado pelo N\u00facleo de Ecologia e Monitoramento Ambiental (NEMA) da Universidade Federal do Vale do S\u00e3o Francisco (UNIVASF), vai recuperar \u00e1reas degradadas da Caatinga. Concomitantemente, o Instituto Chico Mendes (ICMBio) e a Associa\u00e7\u00e3o para a Conserva\u00e7\u00e3o dos Psitac\u00eddeos Amea\u00e7ados (ACTP) cuidam das aves que foram repatriadas e ainda est\u00e3o no Centro de Reprodu\u00e7\u00e3o em uma propriedade privada nas Unidades de Conserva\u00e7\u00e3o da ararinha-azul em Cura\u00e7\u00e1 (BA). As atividades do NEMA j\u00e1 iniciaram e a previs\u00e3o \u00e9 recuperar cerca de 100 hectares de mata ciliar e 100 hectares de savana est\u00e9pica&hellip; <\/p>\n","protected":false},"author":2,"featured_media":310427,"comment_status":"open","ping_status":"open","sticky":false,"template":"","format":"standard","meta":{"_acf_changed":false,"footnotes":""},"categories":[29],"tags":[],"class_list":["post-310426","post","type-post","status-publish","format-standard","has-post-thumbnail","hentry","category-meio-ambiente"],"acf":[],"yoast_head":"<!-- This site is optimized with the Yoast SEO plugin v27.4 - https:\/\/yoast.com\/product\/yoast-seo-wordpress\/ -->\n<title>Projeto executado pelo NEMA ir\u00e1 recuperar vegeta\u00e7\u00e3o da Caatinga antecedendo o retorno das ararinhas-azuis \u00e0 natureza - Blog do Farn\u00e9sio<\/title>\n<meta name=\"robots\" content=\"index, follow, max-snippet:-1, max-image-preview:large, max-video-preview:-1\" \/>\n<link rel=\"canonical\" href=\"https:\/\/blogdofarnesio.com.br\/?p=310426\" \/>\n<meta property=\"og:locale\" content=\"pt_BR\" \/>\n<meta property=\"og:type\" content=\"article\" \/>\n<meta property=\"og:title\" content=\"Projeto executado pelo NEMA ir\u00e1 recuperar vegeta\u00e7\u00e3o da Caatinga antecedendo o retorno das ararinhas-azuis \u00e0 natureza - Blog do Farn\u00e9sio\" \/>\n<meta property=\"og:description\" content=\"Ap\u00f3s mais de 20 anos sem ser vista na natureza, a ararinha-azul (Cyanopsitta spixii) em breve ter\u00e1 condi\u00e7\u00f5es de voltar a voar livremente na Caatinga. O projeto RE-Habitar Ararinha Azul, executado pelo N\u00facleo de Ecologia e Monitoramento Ambiental (NEMA) da Universidade Federal do Vale do S\u00e3o Francisco (UNIVASF), vai recuperar \u00e1reas degradadas da Caatinga. Concomitantemente, o Instituto Chico Mendes (ICMBio) e a Associa\u00e7\u00e3o para a Conserva\u00e7\u00e3o dos Psitac\u00eddeos Amea\u00e7ados (ACTP) cuidam das aves que foram repatriadas e ainda est\u00e3o no Centro de Reprodu\u00e7\u00e3o em uma propriedade privada nas Unidades de Conserva\u00e7\u00e3o da ararinha-azul em Cura\u00e7\u00e1 (BA). As atividades do NEMA j\u00e1 iniciaram e a previs\u00e3o \u00e9 recuperar cerca de 100 hectares de mata ciliar e 100 hectares de savana est\u00e9pica&hellip;\" \/>\n<meta property=\"og:url\" content=\"https:\/\/blogdofarnesio.com.br\/?p=310426\" \/>\n<meta property=\"og:site_name\" content=\"Blog do Farn\u00e9sio\" \/>\n<meta property=\"article:publisher\" content=\"https:\/\/www.facebook.com\/BlogQuerSaberPolitica\/\" \/>\n<meta property=\"article:author\" content=\"https:\/\/www.facebook.com\/?ref=tn_tnmn\" \/>\n<meta property=\"article:published_time\" content=\"2022-04-06T15:05:15+00:00\" \/>\n<meta property=\"og:image\" content=\"https:\/\/blogdofarnesio.com.br\/wp-content\/uploads\/2022\/04\/blogqspararinha-Foto-Divulgacao-Association-for-the-Conservation-of-Threatened-Parrots-1-e1649195101125.jpg\" \/>\n\t<meta property=\"og:image:width\" content=\"720\" \/>\n\t<meta property=\"og:image:height\" content=\"498\" \/>\n\t<meta property=\"og:image:type\" content=\"image\/jpeg\" \/>\n<meta name=\"author\" content=\"Farn\u00e9sio\" \/>\n<meta name=\"twitter:card\" content=\"summary_large_image\" \/>\n<meta name=\"twitter:label1\" content=\"Escrito por\" \/>\n\t<meta name=\"twitter:data1\" content=\"Farn\u00e9sio\" \/>\n\t<meta name=\"twitter:label2\" content=\"Est. tempo de leitura\" \/>\n\t<meta name=\"twitter:data2\" content=\"3 minutos\" \/>\n<script type=\"application\/ld+json\" class=\"yoast-schema-graph\">{\"@context\":\"https:\\\/\\\/schema.org\",\"@graph\":[{\"@type\":\"Article\",\"@id\":\"https:\\\/\\\/blogdofarnesio.com.br\\\/?p=310426#article\",\"isPartOf\":{\"@id\":\"https:\\\/\\\/blogdofarnesio.com.br\\\/?p=310426\"},\"author\":{\"name\":\"Farn\u00e9sio\",\"@id\":\"https:\\\/\\\/blogdofarnesio.com.br\\\/#\\\/schema\\\/person\\\/bb9b23ae3ad0609ce8df7b6c9e76824d\"},\"headline\":\"Projeto executado pelo NEMA ir\u00e1 recuperar vegeta\u00e7\u00e3o da Caatinga antecedendo o retorno das ararinhas-azuis \u00e0 natureza\",\"datePublished\":\"2022-04-06T15:05:15+00:00\",\"mainEntityOfPage\":{\"@id\":\"https:\\\/\\\/blogdofarnesio.com.br\\\/?p=310426\"},\"wordCount\":525,\"commentCount\":0,\"publisher\":{\"@id\":\"https:\\\/\\\/blogdofarnesio.com.br\\\/#organization\"},\"image\":{\"@id\":\"https:\\\/\\\/blogdofarnesio.com.br\\\/?p=310426#primaryimage\"},\"thumbnailUrl\":\"https:\\\/\\\/blogdofarnesio.com.br\\\/wp-content\\\/uploads\\\/2022\\\/04\\\/blogqspararinha-Foto-Divulgacao-Association-for-the-Conservation-of-Threatened-Parrots-1-e1649195101125.jpg\",\"articleSection\":[\"Meio Ambiente\"],\"inLanguage\":\"pt-BR\",\"potentialAction\":[{\"@type\":\"CommentAction\",\"name\":\"Comment\",\"target\":[\"https:\\\/\\\/blogdofarnesio.com.br\\\/?p=310426#respond\"]}]},{\"@type\":\"WebPage\",\"@id\":\"https:\\\/\\\/blogdofarnesio.com.br\\\/?p=310426\",\"url\":\"https:\\\/\\\/blogdofarnesio.com.br\\\/?p=310426\",\"name\":\"Projeto executado pelo NEMA ir\u00e1 recuperar vegeta\u00e7\u00e3o da Caatinga antecedendo o retorno das ararinhas-azuis \u00e0 natureza - Blog do Farn\u00e9sio\",\"isPartOf\":{\"@id\":\"https:\\\/\\\/blogdofarnesio.com.br\\\/#website\"},\"primaryImageOfPage\":{\"@id\":\"https:\\\/\\\/blogdofarnesio.com.br\\\/?p=310426#primaryimage\"},\"image\":{\"@id\":\"https:\\\/\\\/blogdofarnesio.com.br\\\/?p=310426#primaryimage\"},\"thumbnailUrl\":\"https:\\\/\\\/blogdofarnesio.com.br\\\/wp-content\\\/uploads\\\/2022\\\/04\\\/blogqspararinha-Foto-Divulgacao-Association-for-the-Conservation-of-Threatened-Parrots-1-e1649195101125.jpg\",\"datePublished\":\"2022-04-06T15:05:15+00:00\",\"breadcrumb\":{\"@id\":\"https:\\\/\\\/blogdofarnesio.com.br\\\/?p=310426#breadcrumb\"},\"inLanguage\":\"pt-BR\",\"potentialAction\":[{\"@type\":\"ReadAction\",\"target\":[\"https:\\\/\\\/blogdofarnesio.com.br\\\/?p=310426\"]}]},{\"@type\":\"ImageObject\",\"inLanguage\":\"pt-BR\",\"@id\":\"https:\\\/\\\/blogdofarnesio.com.br\\\/?p=310426#primaryimage\",\"url\":\"https:\\\/\\\/blogdofarnesio.com.br\\\/wp-content\\\/uploads\\\/2022\\\/04\\\/blogqspararinha-Foto-Divulgacao-Association-for-the-Conservation-of-Threatened-Parrots-1-e1649195101125.jpg\",\"contentUrl\":\"https:\\\/\\\/blogdofarnesio.com.br\\\/wp-content\\\/uploads\\\/2022\\\/04\\\/blogqspararinha-Foto-Divulgacao-Association-for-the-Conservation-of-Threatened-Parrots-1-e1649195101125.jpg\",\"width\":720,\"height\":498},{\"@type\":\"BreadcrumbList\",\"@id\":\"https:\\\/\\\/blogdofarnesio.com.br\\\/?p=310426#breadcrumb\",\"itemListElement\":[{\"@type\":\"ListItem\",\"position\":1,\"name\":\"In\u00edcio\",\"item\":\"https:\\\/\\\/blogdofarnesio.com.br\\\/\"},{\"@type\":\"ListItem\",\"position\":2,\"name\":\"Projeto executado pelo NEMA ir\u00e1 recuperar vegeta\u00e7\u00e3o da Caatinga antecedendo o retorno das ararinhas-azuis \u00e0 natureza\"}]},{\"@type\":\"WebSite\",\"@id\":\"https:\\\/\\\/blogdofarnesio.com.br\\\/#website\",\"url\":\"https:\\\/\\\/blogdofarnesio.com.br\\\/\",\"name\":\"Blog do Farn\u00e9sio\",\"description\":\"Quer Saber Pol\u00edtica?\",\"publisher\":{\"@id\":\"https:\\\/\\\/blogdofarnesio.com.br\\\/#organization\"},\"potentialAction\":[{\"@type\":\"SearchAction\",\"target\":{\"@type\":\"EntryPoint\",\"urlTemplate\":\"https:\\\/\\\/blogdofarnesio.com.br\\\/?s={search_term_string}\"},\"query-input\":{\"@type\":\"PropertyValueSpecification\",\"valueRequired\":true,\"valueName\":\"search_term_string\"}}],\"inLanguage\":\"pt-BR\"},{\"@type\":\"Organization\",\"@id\":\"https:\\\/\\\/blogdofarnesio.com.br\\\/#organization\",\"name\":\"Blog do Farn\u00e9sio\",\"url\":\"https:\\\/\\\/blogdofarnesio.com.br\\\/\",\"logo\":{\"@type\":\"ImageObject\",\"inLanguage\":\"pt-BR\",\"@id\":\"https:\\\/\\\/blogdofarnesio.com.br\\\/#\\\/schema\\\/logo\\\/image\\\/\",\"url\":\"https:\\\/\\\/blogdofarnesio.com.br\\\/wp-content\\\/uploads\\\/2026\\\/03\\\/cropped-logo_new-1.png\",\"contentUrl\":\"https:\\\/\\\/blogdofarnesio.com.br\\\/wp-content\\\/uploads\\\/2026\\\/03\\\/cropped-logo_new-1.png\",\"width\":881,\"height\":685,\"caption\":\"Blog do Farn\u00e9sio\"},\"image\":{\"@id\":\"https:\\\/\\\/blogdofarnesio.com.br\\\/#\\\/schema\\\/logo\\\/image\\\/\"},\"sameAs\":[\"https:\\\/\\\/www.facebook.com\\\/BlogQuerSaberPolitica\\\/\"]},{\"@type\":\"Person\",\"@id\":\"https:\\\/\\\/blogdofarnesio.com.br\\\/#\\\/schema\\\/person\\\/bb9b23ae3ad0609ce8df7b6c9e76824d\",\"name\":\"Farn\u00e9sio\",\"image\":{\"@type\":\"ImageObject\",\"inLanguage\":\"pt-BR\",\"@id\":\"https:\\\/\\\/secure.gravatar.com\\\/avatar\\\/986aa4c61ccdb66f8555bf88fc2a65609d00bcabd4d2d94377a727547345cbca?s=96&d=mm&r=g\",\"url\":\"https:\\\/\\\/secure.gravatar.com\\\/avatar\\\/986aa4c61ccdb66f8555bf88fc2a65609d00bcabd4d2d94377a727547345cbca?s=96&d=mm&r=g\",\"contentUrl\":\"https:\\\/\\\/secure.gravatar.com\\\/avatar\\\/986aa4c61ccdb66f8555bf88fc2a65609d00bcabd4d2d94377a727547345cbca?s=96&d=mm&r=g\",\"caption\":\"Farn\u00e9sio\"},\"description\":\"Radialista blogueiro, chegou a Petrolina\\\/Juazeiro em setembro de 1980, Farn\u00e9sio Silva \u00e9 de Arapiraca-Alagoas.\",\"sameAs\":[\"http:\\\/\\\/blogdofarnesio.com.br\",\"https:\\\/\\\/www.facebook.com\\\/?ref=tn_tnmn\",\"https:\\\/\\\/www.instagram.com\\\/?utm_source=pwa_homescreen\",\"https:\\\/\\\/youtube.com.br\\\/\"],\"url\":\"https:\\\/\\\/blogdofarnesio.com.br\\\/?author=2\"}]}<\/script>\n<!-- \/ Yoast SEO plugin. -->","yoast_head_json":{"title":"Projeto executado pelo NEMA ir\u00e1 recuperar vegeta\u00e7\u00e3o da Caatinga antecedendo o retorno das ararinhas-azuis \u00e0 natureza - Blog do Farn\u00e9sio","robots":{"index":"index","follow":"follow","max-snippet":"max-snippet:-1","max-image-preview":"max-image-preview:large","max-video-preview":"max-video-preview:-1"},"canonical":"https:\/\/blogdofarnesio.com.br\/?p=310426","og_locale":"pt_BR","og_type":"article","og_title":"Projeto executado pelo NEMA ir\u00e1 recuperar vegeta\u00e7\u00e3o da Caatinga antecedendo o retorno das ararinhas-azuis \u00e0 natureza - Blog do Farn\u00e9sio","og_description":"Ap\u00f3s mais de 20 anos sem ser vista na natureza, a ararinha-azul (Cyanopsitta spixii) em breve ter\u00e1 condi\u00e7\u00f5es de voltar a voar livremente na Caatinga. O projeto RE-Habitar Ararinha Azul, executado pelo N\u00facleo de Ecologia e Monitoramento Ambiental (NEMA) da Universidade Federal do Vale do S\u00e3o Francisco (UNIVASF), vai recuperar \u00e1reas degradadas da Caatinga. Concomitantemente, o Instituto Chico Mendes (ICMBio) e a Associa\u00e7\u00e3o para a Conserva\u00e7\u00e3o dos Psitac\u00eddeos Amea\u00e7ados (ACTP) cuidam das aves que foram repatriadas e ainda est\u00e3o no Centro de Reprodu\u00e7\u00e3o em uma propriedade privada nas Unidades de Conserva\u00e7\u00e3o da ararinha-azul em Cura\u00e7\u00e1 (BA). As atividades do NEMA j\u00e1 iniciaram e a previs\u00e3o \u00e9 recuperar cerca de 100 hectares de mata ciliar e 100 hectares de savana est\u00e9pica&hellip;","og_url":"https:\/\/blogdofarnesio.com.br\/?p=310426","og_site_name":"Blog do Farn\u00e9sio","article_publisher":"https:\/\/www.facebook.com\/BlogQuerSaberPolitica\/","article_author":"https:\/\/www.facebook.com\/?ref=tn_tnmn","article_published_time":"2022-04-06T15:05:15+00:00","og_image":[{"width":720,"height":498,"url":"https:\/\/blogdofarnesio.com.br\/wp-content\/uploads\/2022\/04\/blogqspararinha-Foto-Divulgacao-Association-for-the-Conservation-of-Threatened-Parrots-1-e1649195101125.jpg","type":"image\/jpeg"}],"author":"Farn\u00e9sio","twitter_card":"summary_large_image","twitter_misc":{"Escrito por":"Farn\u00e9sio","Est. tempo de leitura":"3 minutos"},"schema":{"@context":"https:\/\/schema.org","@graph":[{"@type":"Article","@id":"https:\/\/blogdofarnesio.com.br\/?p=310426#article","isPartOf":{"@id":"https:\/\/blogdofarnesio.com.br\/?p=310426"},"author":{"name":"Farn\u00e9sio","@id":"https:\/\/blogdofarnesio.com.br\/#\/schema\/person\/bb9b23ae3ad0609ce8df7b6c9e76824d"},"headline":"Projeto executado pelo NEMA ir\u00e1 recuperar vegeta\u00e7\u00e3o da Caatinga antecedendo o retorno das ararinhas-azuis \u00e0 natureza","datePublished":"2022-04-06T15:05:15+00:00","mainEntityOfPage":{"@id":"https:\/\/blogdofarnesio.com.br\/?p=310426"},"wordCount":525,"commentCount":0,"publisher":{"@id":"https:\/\/blogdofarnesio.com.br\/#organization"},"image":{"@id":"https:\/\/blogdofarnesio.com.br\/?p=310426#primaryimage"},"thumbnailUrl":"https:\/\/blogdofarnesio.com.br\/wp-content\/uploads\/2022\/04\/blogqspararinha-Foto-Divulgacao-Association-for-the-Conservation-of-Threatened-Parrots-1-e1649195101125.jpg","articleSection":["Meio Ambiente"],"inLanguage":"pt-BR","potentialAction":[{"@type":"CommentAction","name":"Comment","target":["https:\/\/blogdofarnesio.com.br\/?p=310426#respond"]}]},{"@type":"WebPage","@id":"https:\/\/blogdofarnesio.com.br\/?p=310426","url":"https:\/\/blogdofarnesio.com.br\/?p=310426","name":"Projeto executado pelo NEMA ir\u00e1 recuperar vegeta\u00e7\u00e3o da Caatinga antecedendo o retorno das ararinhas-azuis \u00e0 natureza - Blog do Farn\u00e9sio","isPartOf":{"@id":"https:\/\/blogdofarnesio.com.br\/#website"},"primaryImageOfPage":{"@id":"https:\/\/blogdofarnesio.com.br\/?p=310426#primaryimage"},"image":{"@id":"https:\/\/blogdofarnesio.com.br\/?p=310426#primaryimage"},"thumbnailUrl":"https:\/\/blogdofarnesio.com.br\/wp-content\/uploads\/2022\/04\/blogqspararinha-Foto-Divulgacao-Association-for-the-Conservation-of-Threatened-Parrots-1-e1649195101125.jpg","datePublished":"2022-04-06T15:05:15+00:00","breadcrumb":{"@id":"https:\/\/blogdofarnesio.com.br\/?p=310426#breadcrumb"},"inLanguage":"pt-BR","potentialAction":[{"@type":"ReadAction","target":["https:\/\/blogdofarnesio.com.br\/?p=310426"]}]},{"@type":"ImageObject","inLanguage":"pt-BR","@id":"https:\/\/blogdofarnesio.com.br\/?p=310426#primaryimage","url":"https:\/\/blogdofarnesio.com.br\/wp-content\/uploads\/2022\/04\/blogqspararinha-Foto-Divulgacao-Association-for-the-Conservation-of-Threatened-Parrots-1-e1649195101125.jpg","contentUrl":"https:\/\/blogdofarnesio.com.br\/wp-content\/uploads\/2022\/04\/blogqspararinha-Foto-Divulgacao-Association-for-the-Conservation-of-Threatened-Parrots-1-e1649195101125.jpg","width":720,"height":498},{"@type":"BreadcrumbList","@id":"https:\/\/blogdofarnesio.com.br\/?p=310426#breadcrumb","itemListElement":[{"@type":"ListItem","position":1,"name":"In\u00edcio","item":"https:\/\/blogdofarnesio.com.br\/"},{"@type":"ListItem","position":2,"name":"Projeto executado pelo NEMA ir\u00e1 recuperar vegeta\u00e7\u00e3o da Caatinga antecedendo o retorno das ararinhas-azuis \u00e0 natureza"}]},{"@type":"WebSite","@id":"https:\/\/blogdofarnesio.com.br\/#website","url":"https:\/\/blogdofarnesio.com.br\/","name":"Blog do Farn\u00e9sio","description":"Quer Saber Pol\u00edtica?","publisher":{"@id":"https:\/\/blogdofarnesio.com.br\/#organization"},"potentialAction":[{"@type":"SearchAction","target":{"@type":"EntryPoint","urlTemplate":"https:\/\/blogdofarnesio.com.br\/?s={search_term_string}"},"query-input":{"@type":"PropertyValueSpecification","valueRequired":true,"valueName":"search_term_string"}}],"inLanguage":"pt-BR"},{"@type":"Organization","@id":"https:\/\/blogdofarnesio.com.br\/#organization","name":"Blog do Farn\u00e9sio","url":"https:\/\/blogdofarnesio.com.br\/","logo":{"@type":"ImageObject","inLanguage":"pt-BR","@id":"https:\/\/blogdofarnesio.com.br\/#\/schema\/logo\/image\/","url":"https:\/\/blogdofarnesio.com.br\/wp-content\/uploads\/2026\/03\/cropped-logo_new-1.png","contentUrl":"https:\/\/blogdofarnesio.com.br\/wp-content\/uploads\/2026\/03\/cropped-logo_new-1.png","width":881,"height":685,"caption":"Blog do Farn\u00e9sio"},"image":{"@id":"https:\/\/blogdofarnesio.com.br\/#\/schema\/logo\/image\/"},"sameAs":["https:\/\/www.facebook.com\/BlogQuerSaberPolitica\/"]},{"@type":"Person","@id":"https:\/\/blogdofarnesio.com.br\/#\/schema\/person\/bb9b23ae3ad0609ce8df7b6c9e76824d","name":"Farn\u00e9sio","image":{"@type":"ImageObject","inLanguage":"pt-BR","@id":"https:\/\/secure.gravatar.com\/avatar\/986aa4c61ccdb66f8555bf88fc2a65609d00bcabd4d2d94377a727547345cbca?s=96&d=mm&r=g","url":"https:\/\/secure.gravatar.com\/avatar\/986aa4c61ccdb66f8555bf88fc2a65609d00bcabd4d2d94377a727547345cbca?s=96&d=mm&r=g","contentUrl":"https:\/\/secure.gravatar.com\/avatar\/986aa4c61ccdb66f8555bf88fc2a65609d00bcabd4d2d94377a727547345cbca?s=96&d=mm&r=g","caption":"Farn\u00e9sio"},"description":"Radialista blogueiro, chegou a Petrolina\/Juazeiro em setembro de 1980, Farn\u00e9sio Silva \u00e9 de Arapiraca-Alagoas.","sameAs":["http:\/\/blogdofarnesio.com.br","https:\/\/www.facebook.com\/?ref=tn_tnmn","https:\/\/www.instagram.com\/?utm_source=pwa_homescreen","https:\/\/youtube.com.br\/"],"url":"https:\/\/blogdofarnesio.com.br\/?author=2"}]}},"_links":{"self":[{"href":"https:\/\/blogdofarnesio.com.br\/index.php?rest_route=\/wp\/v2\/posts\/310426","targetHints":{"allow":["GET"]}}],"collection":[{"href":"https:\/\/blogdofarnesio.com.br\/index.php?rest_route=\/wp\/v2\/posts"}],"about":[{"href":"https:\/\/blogdofarnesio.com.br\/index.php?rest_route=\/wp\/v2\/types\/post"}],"author":[{"embeddable":true,"href":"https:\/\/blogdofarnesio.com.br\/index.php?rest_route=\/wp\/v2\/users\/2"}],"replies":[{"embeddable":true,"href":"https:\/\/blogdofarnesio.com.br\/index.php?rest_route=%2Fwp%2Fv2%2Fcomments&post=310426"}],"version-history":[{"count":0,"href":"https:\/\/blogdofarnesio.com.br\/index.php?rest_route=\/wp\/v2\/posts\/310426\/revisions"}],"wp:featuredmedia":[{"embeddable":true,"href":"https:\/\/blogdofarnesio.com.br\/index.php?rest_route=\/wp\/v2\/media\/310427"}],"wp:attachment":[{"href":"https:\/\/blogdofarnesio.com.br\/index.php?rest_route=%2Fwp%2Fv2%2Fmedia&parent=310426"}],"wp:term":[{"taxonomy":"category","embeddable":true,"href":"https:\/\/blogdofarnesio.com.br\/index.php?rest_route=%2Fwp%2Fv2%2Fcategories&post=310426"},{"taxonomy":"post_tag","embeddable":true,"href":"https:\/\/blogdofarnesio.com.br\/index.php?rest_route=%2Fwp%2Fv2%2Ftags&post=310426"}],"curies":[{"name":"wp","href":"https:\/\/api.w.org\/{rel}","templated":true}]}}