{"id":310363,"date":"2022-04-07T07:42:19","date_gmt":"2022-04-07T10:42:19","guid":{"rendered":"https:\/\/blogdofarnesio.com.br\/?p=310363"},"modified":"2022-04-06T17:31:44","modified_gmt":"2022-04-06T20:31:44","slug":"escola-do-saber-ja-garantiu-a-formacao-de-mais-de-5-mil-profissionais-da-educacao-em-petrolina","status":"publish","type":"post","link":"https:\/\/blogdofarnesio.com.br\/?p=310363","title":{"rendered":"Escola do Saber j\u00e1 garantiu a forma\u00e7\u00e3o de mais de 5 mil profissionais da Educa\u00e7\u00e3o em Petrolina"},"content":{"rendered":"<p>Com a evolu\u00e7\u00e3o da tecnologia, o processo de ensino-aprendizagem n\u00e3o se resume somente em ter um professor em sala de aula. \u00c9 necess\u00e1rio que o profissional se mantenha atualizado, como forma de adquirir novos conhecimentos em rela\u00e7\u00e3o \u00e0s pr\u00e1ticas pedag\u00f3gicas e tend\u00eancias de ensino.<\/p>\n<p>Nesse sentido, a Prefeitura de Petrolina, por meio da Secretaria de Educa\u00e7\u00e3o, Cultura e Esportes, vem ofertando aos profissionais de educa\u00e7\u00e3o da rede municipal, forma\u00e7\u00f5es continuadas, atrav\u00e9s da Escola do Saber. O objetivo \u00e9 aperfei\u00e7oar a pr\u00e1tica docente e o desenvolvimento da educa\u00e7\u00e3o no munic\u00edpio.<\/p>\n<p>Desde a sua inaugura\u00e7\u00e3o, em setembro de 2021, a Escola j\u00e1 realizou a forma\u00e7\u00e3o de mais de 5 mil profissionais da Educa\u00e7\u00e3o, beneficiando professores, gestores, coordenadores, secret\u00e1rios, assistentes de Educa\u00e7\u00e3o Especializada, merendeiras, auxiliares de servi\u00e7os gerais, dentre outros. Localizada no bairro da Vila Moc\u00f3, a Escola do Saber foi idealizada para propiciar novos conhecimentos aos educadores em um espa\u00e7o confort\u00e1vel e amplo. O centro de capacita\u00e7\u00e3o oferta o ano inteiro, desde cursos de aperfei\u00e7oamento a forma\u00e7\u00f5es continuadas; semin\u00e1rios, palestras, confer\u00eancias e rodas de conversa.<\/p>\n<p>A secret\u00e1ria Executiva de Ensino, Isva Modesto, destaca que a Escola do Saber \u00e9 uma usina de conhecimento para os profissionais da rede municipal de ensino e tem como vis\u00e3o, uma pol\u00edtica de forma\u00e7\u00e3o que seja refer\u00eancia nacional, atrav\u00e9s de pr\u00e1ticas pedag\u00f3gicas exitosas.<\/p>\n<p>\u201c<em>H\u00e1 pilares muito importantes na \u00e1rea de educa\u00e7\u00e3o e um deles \u00e9 o da forma\u00e7\u00e3o. Com essa pr\u00e1tica, os professores e demais profissionais se mant\u00eam atualizados com rela\u00e7\u00e3o \u00e0s novidades da sua \u00e1rea de atua\u00e7\u00e3o, as tecnologias educacionais e as novas metodologias de ensino que podem ser aplicadas em sala de aula e na Escola<\/em>\u201d, explicou Isva.<\/p>\n<p>O professor da Escola Joaquim Francisco da Costa, no povoado de Ponta da Serra, Lucivaldo Passos, participa ativamente dos cursos de forma\u00e7\u00e3o ofertados na Escola do Saber e destaca que tem aprendido a fazer uma gest\u00e3o melhor de suas turmas de alunos, al\u00e9m de aprender novas pr\u00e1ticas educacionais. \u201c<em>Atrav\u00e9s do Centro de Forma\u00e7\u00e3o melhoramos bastante a forma com a qual passamos o conte\u00fado para os estudantes, al\u00e9m de ter um engajamento melhor com a turma. As aulas est\u00e3o mais atrativas, os alunos ficaram bem mais participativos<\/em>\u201d, finalizou Lucivaldo.<\/p>\n<p>&nbsp;<\/p>\n<p>Elaine Barbosa &#8211; Assessora de Imprensa da Secretaria de Educa\u00e7\u00e3o, Cultura e Esportes.<\/p>\n","protected":false},"excerpt":{"rendered":"<p>Com a evolu\u00e7\u00e3o da tecnologia, o processo de ensino-aprendizagem n\u00e3o se resume somente em ter um professor em sala de aula. \u00c9 necess\u00e1rio que o profissional se mantenha atualizado, como forma de adquirir novos conhecimentos em rela\u00e7\u00e3o \u00e0s pr\u00e1ticas pedag\u00f3gicas e tend\u00eancias de ensino. Nesse sentido, a Prefeitura de Petrolina, por meio da Secretaria de Educa\u00e7\u00e3o, Cultura e Esportes, vem ofertando aos profissionais de educa\u00e7\u00e3o da rede municipal, forma\u00e7\u00f5es continuadas, atrav\u00e9s da Escola do Saber. O objetivo \u00e9 aperfei\u00e7oar a pr\u00e1tica docente e o desenvolvimento da educa\u00e7\u00e3o no munic\u00edpio. Desde a sua inaugura\u00e7\u00e3o, em setembro de 2021, a Escola j\u00e1 realizou a forma\u00e7\u00e3o de mais de 5 mil profissionais da Educa\u00e7\u00e3o, beneficiando professores, gestores, coordenadores, secret\u00e1rios, assistentes de Educa\u00e7\u00e3o Especializada,&hellip; <\/p>\n","protected":false},"author":2,"featured_media":310364,"comment_status":"open","ping_status":"open","sticky":false,"template":"","format":"standard","meta":{"_acf_changed":false,"footnotes":""},"categories":[6],"tags":[],"class_list":["post-310363","post","type-post","status-publish","format-standard","has-post-thumbnail","hentry","category-educacao"],"acf":[],"yoast_head":"<!-- This site is optimized with the Yoast SEO plugin v27.4 - https:\/\/yoast.com\/product\/yoast-seo-wordpress\/ -->\n<title>Escola do Saber j\u00e1 garantiu a forma\u00e7\u00e3o de mais de 5 mil profissionais da Educa\u00e7\u00e3o em Petrolina - Blog do Farn\u00e9sio<\/title>\n<meta name=\"robots\" content=\"index, follow, max-snippet:-1, max-image-preview:large, max-video-preview:-1\" \/>\n<link rel=\"canonical\" href=\"https:\/\/blogdofarnesio.com.br\/?p=310363\" \/>\n<meta property=\"og:locale\" content=\"pt_BR\" \/>\n<meta property=\"og:type\" content=\"article\" \/>\n<meta property=\"og:title\" content=\"Escola do Saber j\u00e1 garantiu a forma\u00e7\u00e3o de mais de 5 mil profissionais da Educa\u00e7\u00e3o em Petrolina - Blog do Farn\u00e9sio\" \/>\n<meta property=\"og:description\" content=\"Com a evolu\u00e7\u00e3o da tecnologia, o processo de ensino-aprendizagem n\u00e3o se resume somente em ter um professor em sala de aula. \u00c9 necess\u00e1rio que o profissional se mantenha atualizado, como forma de adquirir novos conhecimentos em rela\u00e7\u00e3o \u00e0s pr\u00e1ticas pedag\u00f3gicas e tend\u00eancias de ensino. Nesse sentido, a Prefeitura de Petrolina, por meio da Secretaria de Educa\u00e7\u00e3o, Cultura e Esportes, vem ofertando aos profissionais de educa\u00e7\u00e3o da rede municipal, forma\u00e7\u00f5es continuadas, atrav\u00e9s da Escola do Saber. O objetivo \u00e9 aperfei\u00e7oar a pr\u00e1tica docente e o desenvolvimento da educa\u00e7\u00e3o no munic\u00edpio. Desde a sua inaugura\u00e7\u00e3o, em setembro de 2021, a Escola j\u00e1 realizou a forma\u00e7\u00e3o de mais de 5 mil profissionais da Educa\u00e7\u00e3o, beneficiando professores, gestores, coordenadores, secret\u00e1rios, assistentes de Educa\u00e7\u00e3o Especializada,&hellip;\" \/>\n<meta property=\"og:url\" content=\"https:\/\/blogdofarnesio.com.br\/?p=310363\" \/>\n<meta property=\"og:site_name\" content=\"Blog do Farn\u00e9sio\" \/>\n<meta property=\"article:publisher\" content=\"https:\/\/www.facebook.com\/BlogQuerSaberPolitica\/\" \/>\n<meta property=\"article:author\" content=\"https:\/\/www.facebook.com\/?ref=tn_tnmn\" \/>\n<meta property=\"article:published_time\" content=\"2022-04-07T10:42:19+00:00\" \/>\n<meta property=\"og:image\" content=\"https:\/\/blogdofarnesio.com.br\/wp-content\/uploads\/2022\/04\/Escola-de-Formacao2-e1649175521166.jpeg\" \/>\n\t<meta property=\"og:image:width\" content=\"624\" \/>\n\t<meta property=\"og:image:height\" content=\"468\" \/>\n\t<meta property=\"og:image:type\" content=\"image\/jpeg\" \/>\n<meta name=\"author\" content=\"Farn\u00e9sio\" \/>\n<meta name=\"twitter:card\" content=\"summary_large_image\" \/>\n<meta name=\"twitter:label1\" content=\"Escrito por\" \/>\n\t<meta name=\"twitter:data1\" content=\"Farn\u00e9sio\" \/>\n\t<meta name=\"twitter:label2\" content=\"Est. tempo de leitura\" \/>\n\t<meta name=\"twitter:data2\" content=\"3 minutos\" \/>\n<script type=\"application\/ld+json\" class=\"yoast-schema-graph\">{\"@context\":\"https:\\\/\\\/schema.org\",\"@graph\":[{\"@type\":\"Article\",\"@id\":\"https:\\\/\\\/blogdofarnesio.com.br\\\/?p=310363#article\",\"isPartOf\":{\"@id\":\"https:\\\/\\\/blogdofarnesio.com.br\\\/?p=310363\"},\"author\":{\"name\":\"Farn\u00e9sio\",\"@id\":\"https:\\\/\\\/blogdofarnesio.com.br\\\/#\\\/schema\\\/person\\\/bb9b23ae3ad0609ce8df7b6c9e76824d\"},\"headline\":\"Escola do Saber j\u00e1 garantiu a forma\u00e7\u00e3o de mais de 5 mil profissionais da Educa\u00e7\u00e3o em Petrolina\",\"datePublished\":\"2022-04-07T10:42:19+00:00\",\"mainEntityOfPage\":{\"@id\":\"https:\\\/\\\/blogdofarnesio.com.br\\\/?p=310363\"},\"wordCount\":439,\"commentCount\":0,\"publisher\":{\"@id\":\"https:\\\/\\\/blogdofarnesio.com.br\\\/#organization\"},\"image\":{\"@id\":\"https:\\\/\\\/blogdofarnesio.com.br\\\/?p=310363#primaryimage\"},\"thumbnailUrl\":\"https:\\\/\\\/blogdofarnesio.com.br\\\/wp-content\\\/uploads\\\/2022\\\/04\\\/Escola-de-Formacao2-e1649175521166.jpeg\",\"articleSection\":[\"Educa\u00e7\u00e3o\"],\"inLanguage\":\"pt-BR\",\"potentialAction\":[{\"@type\":\"CommentAction\",\"name\":\"Comment\",\"target\":[\"https:\\\/\\\/blogdofarnesio.com.br\\\/?p=310363#respond\"]}]},{\"@type\":\"WebPage\",\"@id\":\"https:\\\/\\\/blogdofarnesio.com.br\\\/?p=310363\",\"url\":\"https:\\\/\\\/blogdofarnesio.com.br\\\/?p=310363\",\"name\":\"Escola do Saber j\u00e1 garantiu a forma\u00e7\u00e3o de mais de 5 mil profissionais da Educa\u00e7\u00e3o em Petrolina - Blog do Farn\u00e9sio\",\"isPartOf\":{\"@id\":\"https:\\\/\\\/blogdofarnesio.com.br\\\/#website\"},\"primaryImageOfPage\":{\"@id\":\"https:\\\/\\\/blogdofarnesio.com.br\\\/?p=310363#primaryimage\"},\"image\":{\"@id\":\"https:\\\/\\\/blogdofarnesio.com.br\\\/?p=310363#primaryimage\"},\"thumbnailUrl\":\"https:\\\/\\\/blogdofarnesio.com.br\\\/wp-content\\\/uploads\\\/2022\\\/04\\\/Escola-de-Formacao2-e1649175521166.jpeg\",\"datePublished\":\"2022-04-07T10:42:19+00:00\",\"breadcrumb\":{\"@id\":\"https:\\\/\\\/blogdofarnesio.com.br\\\/?p=310363#breadcrumb\"},\"inLanguage\":\"pt-BR\",\"potentialAction\":[{\"@type\":\"ReadAction\",\"target\":[\"https:\\\/\\\/blogdofarnesio.com.br\\\/?p=310363\"]}]},{\"@type\":\"ImageObject\",\"inLanguage\":\"pt-BR\",\"@id\":\"https:\\\/\\\/blogdofarnesio.com.br\\\/?p=310363#primaryimage\",\"url\":\"https:\\\/\\\/blogdofarnesio.com.br\\\/wp-content\\\/uploads\\\/2022\\\/04\\\/Escola-de-Formacao2-e1649175521166.jpeg\",\"contentUrl\":\"https:\\\/\\\/blogdofarnesio.com.br\\\/wp-content\\\/uploads\\\/2022\\\/04\\\/Escola-de-Formacao2-e1649175521166.jpeg\",\"width\":624,\"height\":468},{\"@type\":\"BreadcrumbList\",\"@id\":\"https:\\\/\\\/blogdofarnesio.com.br\\\/?p=310363#breadcrumb\",\"itemListElement\":[{\"@type\":\"ListItem\",\"position\":1,\"name\":\"In\u00edcio\",\"item\":\"https:\\\/\\\/blogdofarnesio.com.br\\\/\"},{\"@type\":\"ListItem\",\"position\":2,\"name\":\"Escola do Saber j\u00e1 garantiu a forma\u00e7\u00e3o de mais de 5 mil profissionais da Educa\u00e7\u00e3o em Petrolina\"}]},{\"@type\":\"WebSite\",\"@id\":\"https:\\\/\\\/blogdofarnesio.com.br\\\/#website\",\"url\":\"https:\\\/\\\/blogdofarnesio.com.br\\\/\",\"name\":\"Blog do Farn\u00e9sio\",\"description\":\"Quer Saber Pol\u00edtica?\",\"publisher\":{\"@id\":\"https:\\\/\\\/blogdofarnesio.com.br\\\/#organization\"},\"potentialAction\":[{\"@type\":\"SearchAction\",\"target\":{\"@type\":\"EntryPoint\",\"urlTemplate\":\"https:\\\/\\\/blogdofarnesio.com.br\\\/?s={search_term_string}\"},\"query-input\":{\"@type\":\"PropertyValueSpecification\",\"valueRequired\":true,\"valueName\":\"search_term_string\"}}],\"inLanguage\":\"pt-BR\"},{\"@type\":\"Organization\",\"@id\":\"https:\\\/\\\/blogdofarnesio.com.br\\\/#organization\",\"name\":\"Blog do Farn\u00e9sio\",\"url\":\"https:\\\/\\\/blogdofarnesio.com.br\\\/\",\"logo\":{\"@type\":\"ImageObject\",\"inLanguage\":\"pt-BR\",\"@id\":\"https:\\\/\\\/blogdofarnesio.com.br\\\/#\\\/schema\\\/logo\\\/image\\\/\",\"url\":\"https:\\\/\\\/blogdofarnesio.com.br\\\/wp-content\\\/uploads\\\/2026\\\/03\\\/cropped-logo_new-1.png\",\"contentUrl\":\"https:\\\/\\\/blogdofarnesio.com.br\\\/wp-content\\\/uploads\\\/2026\\\/03\\\/cropped-logo_new-1.png\",\"width\":881,\"height\":685,\"caption\":\"Blog do Farn\u00e9sio\"},\"image\":{\"@id\":\"https:\\\/\\\/blogdofarnesio.com.br\\\/#\\\/schema\\\/logo\\\/image\\\/\"},\"sameAs\":[\"https:\\\/\\\/www.facebook.com\\\/BlogQuerSaberPolitica\\\/\"]},{\"@type\":\"Person\",\"@id\":\"https:\\\/\\\/blogdofarnesio.com.br\\\/#\\\/schema\\\/person\\\/bb9b23ae3ad0609ce8df7b6c9e76824d\",\"name\":\"Farn\u00e9sio\",\"image\":{\"@type\":\"ImageObject\",\"inLanguage\":\"pt-BR\",\"@id\":\"https:\\\/\\\/secure.gravatar.com\\\/avatar\\\/986aa4c61ccdb66f8555bf88fc2a65609d00bcabd4d2d94377a727547345cbca?s=96&d=mm&r=g\",\"url\":\"https:\\\/\\\/secure.gravatar.com\\\/avatar\\\/986aa4c61ccdb66f8555bf88fc2a65609d00bcabd4d2d94377a727547345cbca?s=96&d=mm&r=g\",\"contentUrl\":\"https:\\\/\\\/secure.gravatar.com\\\/avatar\\\/986aa4c61ccdb66f8555bf88fc2a65609d00bcabd4d2d94377a727547345cbca?s=96&d=mm&r=g\",\"caption\":\"Farn\u00e9sio\"},\"description\":\"Radialista blogueiro, chegou a Petrolina\\\/Juazeiro em setembro de 1980, Farn\u00e9sio Silva \u00e9 de Arapiraca-Alagoas.\",\"sameAs\":[\"http:\\\/\\\/blogdofarnesio.com.br\",\"https:\\\/\\\/www.facebook.com\\\/?ref=tn_tnmn\",\"https:\\\/\\\/www.instagram.com\\\/?utm_source=pwa_homescreen\",\"https:\\\/\\\/youtube.com.br\\\/\"],\"url\":\"https:\\\/\\\/blogdofarnesio.com.br\\\/?author=2\"}]}<\/script>\n<!-- \/ Yoast SEO plugin. -->","yoast_head_json":{"title":"Escola do Saber j\u00e1 garantiu a forma\u00e7\u00e3o de mais de 5 mil profissionais da Educa\u00e7\u00e3o em Petrolina - Blog do Farn\u00e9sio","robots":{"index":"index","follow":"follow","max-snippet":"max-snippet:-1","max-image-preview":"max-image-preview:large","max-video-preview":"max-video-preview:-1"},"canonical":"https:\/\/blogdofarnesio.com.br\/?p=310363","og_locale":"pt_BR","og_type":"article","og_title":"Escola do Saber j\u00e1 garantiu a forma\u00e7\u00e3o de mais de 5 mil profissionais da Educa\u00e7\u00e3o em Petrolina - Blog do Farn\u00e9sio","og_description":"Com a evolu\u00e7\u00e3o da tecnologia, o processo de ensino-aprendizagem n\u00e3o se resume somente em ter um professor em sala de aula. \u00c9 necess\u00e1rio que o profissional se mantenha atualizado, como forma de adquirir novos conhecimentos em rela\u00e7\u00e3o \u00e0s pr\u00e1ticas pedag\u00f3gicas e tend\u00eancias de ensino. Nesse sentido, a Prefeitura de Petrolina, por meio da Secretaria de Educa\u00e7\u00e3o, Cultura e Esportes, vem ofertando aos profissionais de educa\u00e7\u00e3o da rede municipal, forma\u00e7\u00f5es continuadas, atrav\u00e9s da Escola do Saber. O objetivo \u00e9 aperfei\u00e7oar a pr\u00e1tica docente e o desenvolvimento da educa\u00e7\u00e3o no munic\u00edpio. Desde a sua inaugura\u00e7\u00e3o, em setembro de 2021, a Escola j\u00e1 realizou a forma\u00e7\u00e3o de mais de 5 mil profissionais da Educa\u00e7\u00e3o, beneficiando professores, gestores, coordenadores, secret\u00e1rios, assistentes de Educa\u00e7\u00e3o Especializada,&hellip;","og_url":"https:\/\/blogdofarnesio.com.br\/?p=310363","og_site_name":"Blog do Farn\u00e9sio","article_publisher":"https:\/\/www.facebook.com\/BlogQuerSaberPolitica\/","article_author":"https:\/\/www.facebook.com\/?ref=tn_tnmn","article_published_time":"2022-04-07T10:42:19+00:00","og_image":[{"width":624,"height":468,"url":"https:\/\/blogdofarnesio.com.br\/wp-content\/uploads\/2022\/04\/Escola-de-Formacao2-e1649175521166.jpeg","type":"image\/jpeg"}],"author":"Farn\u00e9sio","twitter_card":"summary_large_image","twitter_misc":{"Escrito por":"Farn\u00e9sio","Est. tempo de leitura":"3 minutos"},"schema":{"@context":"https:\/\/schema.org","@graph":[{"@type":"Article","@id":"https:\/\/blogdofarnesio.com.br\/?p=310363#article","isPartOf":{"@id":"https:\/\/blogdofarnesio.com.br\/?p=310363"},"author":{"name":"Farn\u00e9sio","@id":"https:\/\/blogdofarnesio.com.br\/#\/schema\/person\/bb9b23ae3ad0609ce8df7b6c9e76824d"},"headline":"Escola do Saber j\u00e1 garantiu a forma\u00e7\u00e3o de mais de 5 mil profissionais da Educa\u00e7\u00e3o em Petrolina","datePublished":"2022-04-07T10:42:19+00:00","mainEntityOfPage":{"@id":"https:\/\/blogdofarnesio.com.br\/?p=310363"},"wordCount":439,"commentCount":0,"publisher":{"@id":"https:\/\/blogdofarnesio.com.br\/#organization"},"image":{"@id":"https:\/\/blogdofarnesio.com.br\/?p=310363#primaryimage"},"thumbnailUrl":"https:\/\/blogdofarnesio.com.br\/wp-content\/uploads\/2022\/04\/Escola-de-Formacao2-e1649175521166.jpeg","articleSection":["Educa\u00e7\u00e3o"],"inLanguage":"pt-BR","potentialAction":[{"@type":"CommentAction","name":"Comment","target":["https:\/\/blogdofarnesio.com.br\/?p=310363#respond"]}]},{"@type":"WebPage","@id":"https:\/\/blogdofarnesio.com.br\/?p=310363","url":"https:\/\/blogdofarnesio.com.br\/?p=310363","name":"Escola do Saber j\u00e1 garantiu a forma\u00e7\u00e3o de mais de 5 mil profissionais da Educa\u00e7\u00e3o em Petrolina - Blog do Farn\u00e9sio","isPartOf":{"@id":"https:\/\/blogdofarnesio.com.br\/#website"},"primaryImageOfPage":{"@id":"https:\/\/blogdofarnesio.com.br\/?p=310363#primaryimage"},"image":{"@id":"https:\/\/blogdofarnesio.com.br\/?p=310363#primaryimage"},"thumbnailUrl":"https:\/\/blogdofarnesio.com.br\/wp-content\/uploads\/2022\/04\/Escola-de-Formacao2-e1649175521166.jpeg","datePublished":"2022-04-07T10:42:19+00:00","breadcrumb":{"@id":"https:\/\/blogdofarnesio.com.br\/?p=310363#breadcrumb"},"inLanguage":"pt-BR","potentialAction":[{"@type":"ReadAction","target":["https:\/\/blogdofarnesio.com.br\/?p=310363"]}]},{"@type":"ImageObject","inLanguage":"pt-BR","@id":"https:\/\/blogdofarnesio.com.br\/?p=310363#primaryimage","url":"https:\/\/blogdofarnesio.com.br\/wp-content\/uploads\/2022\/04\/Escola-de-Formacao2-e1649175521166.jpeg","contentUrl":"https:\/\/blogdofarnesio.com.br\/wp-content\/uploads\/2022\/04\/Escola-de-Formacao2-e1649175521166.jpeg","width":624,"height":468},{"@type":"BreadcrumbList","@id":"https:\/\/blogdofarnesio.com.br\/?p=310363#breadcrumb","itemListElement":[{"@type":"ListItem","position":1,"name":"In\u00edcio","item":"https:\/\/blogdofarnesio.com.br\/"},{"@type":"ListItem","position":2,"name":"Escola do Saber j\u00e1 garantiu a forma\u00e7\u00e3o de mais de 5 mil profissionais da Educa\u00e7\u00e3o em Petrolina"}]},{"@type":"WebSite","@id":"https:\/\/blogdofarnesio.com.br\/#website","url":"https:\/\/blogdofarnesio.com.br\/","name":"Blog do Farn\u00e9sio","description":"Quer Saber Pol\u00edtica?","publisher":{"@id":"https:\/\/blogdofarnesio.com.br\/#organization"},"potentialAction":[{"@type":"SearchAction","target":{"@type":"EntryPoint","urlTemplate":"https:\/\/blogdofarnesio.com.br\/?s={search_term_string}"},"query-input":{"@type":"PropertyValueSpecification","valueRequired":true,"valueName":"search_term_string"}}],"inLanguage":"pt-BR"},{"@type":"Organization","@id":"https:\/\/blogdofarnesio.com.br\/#organization","name":"Blog do Farn\u00e9sio","url":"https:\/\/blogdofarnesio.com.br\/","logo":{"@type":"ImageObject","inLanguage":"pt-BR","@id":"https:\/\/blogdofarnesio.com.br\/#\/schema\/logo\/image\/","url":"https:\/\/blogdofarnesio.com.br\/wp-content\/uploads\/2026\/03\/cropped-logo_new-1.png","contentUrl":"https:\/\/blogdofarnesio.com.br\/wp-content\/uploads\/2026\/03\/cropped-logo_new-1.png","width":881,"height":685,"caption":"Blog do Farn\u00e9sio"},"image":{"@id":"https:\/\/blogdofarnesio.com.br\/#\/schema\/logo\/image\/"},"sameAs":["https:\/\/www.facebook.com\/BlogQuerSaberPolitica\/"]},{"@type":"Person","@id":"https:\/\/blogdofarnesio.com.br\/#\/schema\/person\/bb9b23ae3ad0609ce8df7b6c9e76824d","name":"Farn\u00e9sio","image":{"@type":"ImageObject","inLanguage":"pt-BR","@id":"https:\/\/secure.gravatar.com\/avatar\/986aa4c61ccdb66f8555bf88fc2a65609d00bcabd4d2d94377a727547345cbca?s=96&d=mm&r=g","url":"https:\/\/secure.gravatar.com\/avatar\/986aa4c61ccdb66f8555bf88fc2a65609d00bcabd4d2d94377a727547345cbca?s=96&d=mm&r=g","contentUrl":"https:\/\/secure.gravatar.com\/avatar\/986aa4c61ccdb66f8555bf88fc2a65609d00bcabd4d2d94377a727547345cbca?s=96&d=mm&r=g","caption":"Farn\u00e9sio"},"description":"Radialista blogueiro, chegou a Petrolina\/Juazeiro em setembro de 1980, Farn\u00e9sio Silva \u00e9 de Arapiraca-Alagoas.","sameAs":["http:\/\/blogdofarnesio.com.br","https:\/\/www.facebook.com\/?ref=tn_tnmn","https:\/\/www.instagram.com\/?utm_source=pwa_homescreen","https:\/\/youtube.com.br\/"],"url":"https:\/\/blogdofarnesio.com.br\/?author=2"}]}},"_links":{"self":[{"href":"https:\/\/blogdofarnesio.com.br\/index.php?rest_route=\/wp\/v2\/posts\/310363","targetHints":{"allow":["GET"]}}],"collection":[{"href":"https:\/\/blogdofarnesio.com.br\/index.php?rest_route=\/wp\/v2\/posts"}],"about":[{"href":"https:\/\/blogdofarnesio.com.br\/index.php?rest_route=\/wp\/v2\/types\/post"}],"author":[{"embeddable":true,"href":"https:\/\/blogdofarnesio.com.br\/index.php?rest_route=\/wp\/v2\/users\/2"}],"replies":[{"embeddable":true,"href":"https:\/\/blogdofarnesio.com.br\/index.php?rest_route=%2Fwp%2Fv2%2Fcomments&post=310363"}],"version-history":[{"count":0,"href":"https:\/\/blogdofarnesio.com.br\/index.php?rest_route=\/wp\/v2\/posts\/310363\/revisions"}],"wp:featuredmedia":[{"embeddable":true,"href":"https:\/\/blogdofarnesio.com.br\/index.php?rest_route=\/wp\/v2\/media\/310364"}],"wp:attachment":[{"href":"https:\/\/blogdofarnesio.com.br\/index.php?rest_route=%2Fwp%2Fv2%2Fmedia&parent=310363"}],"wp:term":[{"taxonomy":"category","embeddable":true,"href":"https:\/\/blogdofarnesio.com.br\/index.php?rest_route=%2Fwp%2Fv2%2Fcategories&post=310363"},{"taxonomy":"post_tag","embeddable":true,"href":"https:\/\/blogdofarnesio.com.br\/index.php?rest_route=%2Fwp%2Fv2%2Ftags&post=310363"}],"curies":[{"name":"wp","href":"https:\/\/api.w.org\/{rel}","templated":true}]}}