{"id":310331,"date":"2022-04-05T14:43:45","date_gmt":"2022-04-05T17:43:45","guid":{"rendered":"https:\/\/blogdofarnesio.com.br\/?p=310331"},"modified":"2022-04-05T09:29:08","modified_gmt":"2022-04-05T12:29:08","slug":"finalizado-com-sucesso-o-primeiro-curso-de-direcao-de-veiculos-de-emergencia-para-guardas-civis-de-juazeiro","status":"publish","type":"post","link":"https:\/\/blogdofarnesio.com.br\/?p=310331","title":{"rendered":"Finalizado com sucesso o primeiro curso de dire\u00e7\u00e3o de ve\u00edculos de emerg\u00eancia para guardas civis de Juazeiro"},"content":{"rendered":"<p dir=\"ltr\">A Guarda Civil Municipal (GCM) de Juazeiro concluiu com sucesso, neste domingo (3), o curso de capacita\u00e7\u00e3o para seu efetivo sobre dire\u00e7\u00e3o de ve\u00edculos de emerg\u00eancia. A capacita\u00e7\u00e3o &#8211; te\u00f3rica e pr\u00e1tica &#8211; foi iniciada no \u00faltimo s\u00e1bado (2), com turmas envolvendo guardas de Juazeiro e outras cidades da regi\u00e3o, como Uau\u00e1, Senhor do Bonfim e Petrolina, al\u00e9m da equipe da Ronda Maria da Penha (da Pol\u00edcia Militar). Essa \u00e9 a primeira vez que a Guarda Civil de Juazeiro recebe este tipo de capacita\u00e7\u00e3o.<\/p>\n<p dir=\"ltr\">Durante os dois dias, os guardas aprenderam quest\u00f5es sobre dire\u00e7\u00e3o defensiva, legisla\u00e7\u00e3o e outras quest\u00f5es que envolvem a condu\u00e7\u00e3o de viaturas de emerg\u00eancia, al\u00e9m da parte pr\u00e1tica. A capacita\u00e7\u00e3o est\u00e1 dentro do objetivo da Prefeitura de Juazeiro, atrav\u00e9s da Companhia de Seguran\u00e7a, Tr\u00e2nsito e Transporte (CSTT) de capacitar a Guarda Municipal para qualificar os servi\u00e7os realizados pelo setor na cidade. O curso foi ministrado pelo capit\u00e3o da Pol\u00edcia Militar da Bahia, Alden Jos\u00e9 L\u00e1zaro da Silva.<\/p>\n<p dir=\"ltr\">O diretor-presidente da CSTT, Ten\u00f3rio Filho, destaca que a gest\u00e3o municipal tem o compromisso de continuar refor\u00e7ando as melhorias em prol da Guarda Civil. \u201cA gest\u00e3o Suzana Ramos tem um compromisso com a seguran\u00e7a p\u00fablica do munic\u00edpio e n\u00e3o tem medido esfor\u00e7os para amparar a GCM e refor\u00e7ar as a\u00e7\u00f5es em prol da corpora\u00e7\u00e3o, que desenvolve um trabalho importante no dia a dia da cidade. Estamos buscando novos investimentos e o objetivo \u00e9 refor\u00e7ar a estrutura e o trabalho di\u00e1rio das equipes\u201d, enfatizou.<\/p>\n<p dir=\"ltr\">O comandante da GCM de Juazeiro, Gilson Santos, falou sobre a import\u00e2ncia do curso para a corpora\u00e7\u00e3o. \u201cO investimento em qualifica\u00e7\u00e3o \u00e9 extremamente importante, por isso, estamos capacitando nosso efetivo com esse treinamento especializado para habilitar o condutor a se proteger sem colocar em risco os demais usu\u00e1rios da via, reduzindo os sinistros que envolvem esses agentes e demais personagens do tr\u00e2nsito. Esse treinamento vai refor\u00e7ar o trabalho do nosso efetivo nas a\u00e7\u00f5es de rotina\u201d, falou Gilson.<\/p>\n<p dir=\"ltr\">Treinamento<\/p>\n<p dir=\"ltr\">O treinamento \u00e9 uma exig\u00eancia do C\u00f3digo de Tr\u00e2nsito Brasileiro, que determina que todos os motoristas de ve\u00edculos de emerg\u00eancia tenham curso de especializa\u00e7\u00e3o. Durante o curso, os guardas aprenderam sobre a condu\u00e7\u00e3o de viaturas de emerg\u00eancia, tanto no conceito te\u00f3rico quanto pr\u00e1tico, com a preserva\u00e7\u00e3o do ve\u00edculo, sem deixar de oferecer seguran\u00e7a para as pessoas que est\u00e3o utilizando a via p\u00fablica, al\u00e9m de preservar a pr\u00f3pria vida durante a presta\u00e7\u00e3o do atendimento. No curso pr\u00e1tico, foi ensinado como realizar manobras, t\u00e9cnicas de frenagem em diversas velocidades, simula\u00e7\u00e3o com animais, crian\u00e7as e pedestres para evitar acidentes, entre outros.<\/p>\n<p dir=\"ltr\">Ascom\/PMJ<\/p>\n<p dir=\"ltr\">Fotos: Luan Medrado\/PMJ<\/p>\n","protected":false},"excerpt":{"rendered":"<p>A Guarda Civil Municipal (GCM) de Juazeiro concluiu com sucesso, neste domingo (3), o curso de capacita\u00e7\u00e3o para seu efetivo sobre dire\u00e7\u00e3o de ve\u00edculos de emerg\u00eancia. A capacita\u00e7\u00e3o &#8211; te\u00f3rica e pr\u00e1tica &#8211; foi iniciada no \u00faltimo s\u00e1bado (2), com turmas envolvendo guardas de Juazeiro e outras cidades da regi\u00e3o, como Uau\u00e1, Senhor do Bonfim e Petrolina, al\u00e9m da equipe da Ronda Maria da Penha (da Pol\u00edcia Militar). Essa \u00e9 a primeira vez que a Guarda Civil de Juazeiro recebe este tipo de capacita\u00e7\u00e3o. Durante os dois dias, os guardas aprenderam quest\u00f5es sobre dire\u00e7\u00e3o defensiva, legisla\u00e7\u00e3o e outras quest\u00f5es que envolvem a condu\u00e7\u00e3o de viaturas de emerg\u00eancia, al\u00e9m da parte pr\u00e1tica. A capacita\u00e7\u00e3o est\u00e1 dentro do objetivo da Prefeitura de&hellip; <\/p>\n","protected":false},"author":2,"featured_media":282441,"comment_status":"open","ping_status":"open","sticky":false,"template":"","format":"standard","meta":{"_acf_changed":false,"footnotes":""},"categories":[5],"tags":[],"class_list":["post-310331","post","type-post","status-publish","format-standard","has-post-thumbnail","hentry","category-seguranca"],"acf":[],"yoast_head":"<!-- This site is optimized with the Yoast SEO plugin v27.4 - https:\/\/yoast.com\/product\/yoast-seo-wordpress\/ -->\n<title>Finalizado com sucesso o primeiro curso de dire\u00e7\u00e3o de ve\u00edculos de emerg\u00eancia para guardas civis de Juazeiro - Blog do Farn\u00e9sio<\/title>\n<meta name=\"robots\" content=\"index, follow, max-snippet:-1, max-image-preview:large, max-video-preview:-1\" \/>\n<link rel=\"canonical\" href=\"https:\/\/blogdofarnesio.com.br\/?p=310331\" \/>\n<meta property=\"og:locale\" content=\"pt_BR\" \/>\n<meta property=\"og:type\" content=\"article\" \/>\n<meta property=\"og:title\" content=\"Finalizado com sucesso o primeiro curso de dire\u00e7\u00e3o de ve\u00edculos de emerg\u00eancia para guardas civis de Juazeiro - Blog do Farn\u00e9sio\" \/>\n<meta property=\"og:description\" content=\"A Guarda Civil Municipal (GCM) de Juazeiro concluiu com sucesso, neste domingo (3), o curso de capacita\u00e7\u00e3o para seu efetivo sobre dire\u00e7\u00e3o de ve\u00edculos de emerg\u00eancia. A capacita\u00e7\u00e3o &#8211; te\u00f3rica e pr\u00e1tica &#8211; foi iniciada no \u00faltimo s\u00e1bado (2), com turmas envolvendo guardas de Juazeiro e outras cidades da regi\u00e3o, como Uau\u00e1, Senhor do Bonfim e Petrolina, al\u00e9m da equipe da Ronda Maria da Penha (da Pol\u00edcia Militar). Essa \u00e9 a primeira vez que a Guarda Civil de Juazeiro recebe este tipo de capacita\u00e7\u00e3o. Durante os dois dias, os guardas aprenderam quest\u00f5es sobre dire\u00e7\u00e3o defensiva, legisla\u00e7\u00e3o e outras quest\u00f5es que envolvem a condu\u00e7\u00e3o de viaturas de emerg\u00eancia, al\u00e9m da parte pr\u00e1tica. A capacita\u00e7\u00e3o est\u00e1 dentro do objetivo da Prefeitura de&hellip;\" \/>\n<meta property=\"og:url\" content=\"https:\/\/blogdofarnesio.com.br\/?p=310331\" \/>\n<meta property=\"og:site_name\" content=\"Blog do Farn\u00e9sio\" \/>\n<meta property=\"article:publisher\" content=\"https:\/\/www.facebook.com\/BlogQuerSaberPolitica\/\" \/>\n<meta property=\"article:author\" content=\"https:\/\/www.facebook.com\/?ref=tn_tnmn\" \/>\n<meta property=\"article:published_time\" content=\"2022-04-05T17:43:45+00:00\" \/>\n<meta property=\"og:image\" content=\"https:\/\/blogdofarnesio.com.br\/wp-content\/uploads\/2021\/04\/blogqspjua-gcm-Guarda-Municipal-Foto-Marcel-Cordeiro-PMJ-e1617650491422.jpg\" \/>\n\t<meta property=\"og:image:width\" content=\"648\" \/>\n\t<meta property=\"og:image:height\" content=\"432\" \/>\n\t<meta property=\"og:image:type\" content=\"image\/jpeg\" \/>\n<meta name=\"author\" content=\"Farn\u00e9sio\" \/>\n<meta name=\"twitter:card\" content=\"summary_large_image\" \/>\n<meta name=\"twitter:label1\" content=\"Escrito por\" \/>\n\t<meta name=\"twitter:data1\" content=\"Farn\u00e9sio\" \/>\n\t<meta name=\"twitter:label2\" content=\"Est. tempo de leitura\" \/>\n\t<meta name=\"twitter:data2\" content=\"3 minutos\" \/>\n<script type=\"application\/ld+json\" class=\"yoast-schema-graph\">{\"@context\":\"https:\\\/\\\/schema.org\",\"@graph\":[{\"@type\":\"Article\",\"@id\":\"https:\\\/\\\/blogdofarnesio.com.br\\\/?p=310331#article\",\"isPartOf\":{\"@id\":\"https:\\\/\\\/blogdofarnesio.com.br\\\/?p=310331\"},\"author\":{\"name\":\"Farn\u00e9sio\",\"@id\":\"https:\\\/\\\/blogdofarnesio.com.br\\\/#\\\/schema\\\/person\\\/bb9b23ae3ad0609ce8df7b6c9e76824d\"},\"headline\":\"Finalizado com sucesso o primeiro curso de dire\u00e7\u00e3o de ve\u00edculos de emerg\u00eancia para guardas civis de Juazeiro\",\"datePublished\":\"2022-04-05T17:43:45+00:00\",\"mainEntityOfPage\":{\"@id\":\"https:\\\/\\\/blogdofarnesio.com.br\\\/?p=310331\"},\"wordCount\":510,\"commentCount\":0,\"publisher\":{\"@id\":\"https:\\\/\\\/blogdofarnesio.com.br\\\/#organization\"},\"image\":{\"@id\":\"https:\\\/\\\/blogdofarnesio.com.br\\\/?p=310331#primaryimage\"},\"thumbnailUrl\":\"https:\\\/\\\/blogdofarnesio.com.br\\\/wp-content\\\/uploads\\\/2021\\\/04\\\/blogqspjua-gcm-Guarda-Municipal-Foto-Marcel-Cordeiro-PMJ-e1617650491422.jpg\",\"articleSection\":[\"Seguran\u00e7a\"],\"inLanguage\":\"pt-BR\",\"potentialAction\":[{\"@type\":\"CommentAction\",\"name\":\"Comment\",\"target\":[\"https:\\\/\\\/blogdofarnesio.com.br\\\/?p=310331#respond\"]}]},{\"@type\":\"WebPage\",\"@id\":\"https:\\\/\\\/blogdofarnesio.com.br\\\/?p=310331\",\"url\":\"https:\\\/\\\/blogdofarnesio.com.br\\\/?p=310331\",\"name\":\"Finalizado com sucesso o primeiro curso de dire\u00e7\u00e3o de ve\u00edculos de emerg\u00eancia para guardas civis de Juazeiro - Blog do Farn\u00e9sio\",\"isPartOf\":{\"@id\":\"https:\\\/\\\/blogdofarnesio.com.br\\\/#website\"},\"primaryImageOfPage\":{\"@id\":\"https:\\\/\\\/blogdofarnesio.com.br\\\/?p=310331#primaryimage\"},\"image\":{\"@id\":\"https:\\\/\\\/blogdofarnesio.com.br\\\/?p=310331#primaryimage\"},\"thumbnailUrl\":\"https:\\\/\\\/blogdofarnesio.com.br\\\/wp-content\\\/uploads\\\/2021\\\/04\\\/blogqspjua-gcm-Guarda-Municipal-Foto-Marcel-Cordeiro-PMJ-e1617650491422.jpg\",\"datePublished\":\"2022-04-05T17:43:45+00:00\",\"breadcrumb\":{\"@id\":\"https:\\\/\\\/blogdofarnesio.com.br\\\/?p=310331#breadcrumb\"},\"inLanguage\":\"pt-BR\",\"potentialAction\":[{\"@type\":\"ReadAction\",\"target\":[\"https:\\\/\\\/blogdofarnesio.com.br\\\/?p=310331\"]}]},{\"@type\":\"ImageObject\",\"inLanguage\":\"pt-BR\",\"@id\":\"https:\\\/\\\/blogdofarnesio.com.br\\\/?p=310331#primaryimage\",\"url\":\"https:\\\/\\\/blogdofarnesio.com.br\\\/wp-content\\\/uploads\\\/2021\\\/04\\\/blogqspjua-gcm-Guarda-Municipal-Foto-Marcel-Cordeiro-PMJ-e1617650491422.jpg\",\"contentUrl\":\"https:\\\/\\\/blogdofarnesio.com.br\\\/wp-content\\\/uploads\\\/2021\\\/04\\\/blogqspjua-gcm-Guarda-Municipal-Foto-Marcel-Cordeiro-PMJ-e1617650491422.jpg\",\"width\":648,\"height\":432},{\"@type\":\"BreadcrumbList\",\"@id\":\"https:\\\/\\\/blogdofarnesio.com.br\\\/?p=310331#breadcrumb\",\"itemListElement\":[{\"@type\":\"ListItem\",\"position\":1,\"name\":\"In\u00edcio\",\"item\":\"https:\\\/\\\/blogdofarnesio.com.br\\\/\"},{\"@type\":\"ListItem\",\"position\":2,\"name\":\"Finalizado com sucesso o primeiro curso de dire\u00e7\u00e3o de ve\u00edculos de emerg\u00eancia para guardas civis de Juazeiro\"}]},{\"@type\":\"WebSite\",\"@id\":\"https:\\\/\\\/blogdofarnesio.com.br\\\/#website\",\"url\":\"https:\\\/\\\/blogdofarnesio.com.br\\\/\",\"name\":\"Blog do Farn\u00e9sio\",\"description\":\"Quer Saber Pol\u00edtica?\",\"publisher\":{\"@id\":\"https:\\\/\\\/blogdofarnesio.com.br\\\/#organization\"},\"potentialAction\":[{\"@type\":\"SearchAction\",\"target\":{\"@type\":\"EntryPoint\",\"urlTemplate\":\"https:\\\/\\\/blogdofarnesio.com.br\\\/?s={search_term_string}\"},\"query-input\":{\"@type\":\"PropertyValueSpecification\",\"valueRequired\":true,\"valueName\":\"search_term_string\"}}],\"inLanguage\":\"pt-BR\"},{\"@type\":\"Organization\",\"@id\":\"https:\\\/\\\/blogdofarnesio.com.br\\\/#organization\",\"name\":\"Blog do Farn\u00e9sio\",\"url\":\"https:\\\/\\\/blogdofarnesio.com.br\\\/\",\"logo\":{\"@type\":\"ImageObject\",\"inLanguage\":\"pt-BR\",\"@id\":\"https:\\\/\\\/blogdofarnesio.com.br\\\/#\\\/schema\\\/logo\\\/image\\\/\",\"url\":\"https:\\\/\\\/blogdofarnesio.com.br\\\/wp-content\\\/uploads\\\/2026\\\/03\\\/cropped-logo_new-1.png\",\"contentUrl\":\"https:\\\/\\\/blogdofarnesio.com.br\\\/wp-content\\\/uploads\\\/2026\\\/03\\\/cropped-logo_new-1.png\",\"width\":881,\"height\":685,\"caption\":\"Blog do Farn\u00e9sio\"},\"image\":{\"@id\":\"https:\\\/\\\/blogdofarnesio.com.br\\\/#\\\/schema\\\/logo\\\/image\\\/\"},\"sameAs\":[\"https:\\\/\\\/www.facebook.com\\\/BlogQuerSaberPolitica\\\/\"]},{\"@type\":\"Person\",\"@id\":\"https:\\\/\\\/blogdofarnesio.com.br\\\/#\\\/schema\\\/person\\\/bb9b23ae3ad0609ce8df7b6c9e76824d\",\"name\":\"Farn\u00e9sio\",\"image\":{\"@type\":\"ImageObject\",\"inLanguage\":\"pt-BR\",\"@id\":\"https:\\\/\\\/secure.gravatar.com\\\/avatar\\\/986aa4c61ccdb66f8555bf88fc2a65609d00bcabd4d2d94377a727547345cbca?s=96&d=mm&r=g\",\"url\":\"https:\\\/\\\/secure.gravatar.com\\\/avatar\\\/986aa4c61ccdb66f8555bf88fc2a65609d00bcabd4d2d94377a727547345cbca?s=96&d=mm&r=g\",\"contentUrl\":\"https:\\\/\\\/secure.gravatar.com\\\/avatar\\\/986aa4c61ccdb66f8555bf88fc2a65609d00bcabd4d2d94377a727547345cbca?s=96&d=mm&r=g\",\"caption\":\"Farn\u00e9sio\"},\"description\":\"Radialista blogueiro, chegou a Petrolina\\\/Juazeiro em setembro de 1980, Farn\u00e9sio Silva \u00e9 de Arapiraca-Alagoas.\",\"sameAs\":[\"http:\\\/\\\/blogdofarnesio.com.br\",\"https:\\\/\\\/www.facebook.com\\\/?ref=tn_tnmn\",\"https:\\\/\\\/www.instagram.com\\\/?utm_source=pwa_homescreen\",\"https:\\\/\\\/youtube.com.br\\\/\"],\"url\":\"https:\\\/\\\/blogdofarnesio.com.br\\\/?author=2\"}]}<\/script>\n<!-- \/ Yoast SEO plugin. -->","yoast_head_json":{"title":"Finalizado com sucesso o primeiro curso de dire\u00e7\u00e3o de ve\u00edculos de emerg\u00eancia para guardas civis de Juazeiro - Blog do Farn\u00e9sio","robots":{"index":"index","follow":"follow","max-snippet":"max-snippet:-1","max-image-preview":"max-image-preview:large","max-video-preview":"max-video-preview:-1"},"canonical":"https:\/\/blogdofarnesio.com.br\/?p=310331","og_locale":"pt_BR","og_type":"article","og_title":"Finalizado com sucesso o primeiro curso de dire\u00e7\u00e3o de ve\u00edculos de emerg\u00eancia para guardas civis de Juazeiro - Blog do Farn\u00e9sio","og_description":"A Guarda Civil Municipal (GCM) de Juazeiro concluiu com sucesso, neste domingo (3), o curso de capacita\u00e7\u00e3o para seu efetivo sobre dire\u00e7\u00e3o de ve\u00edculos de emerg\u00eancia. A capacita\u00e7\u00e3o &#8211; te\u00f3rica e pr\u00e1tica &#8211; foi iniciada no \u00faltimo s\u00e1bado (2), com turmas envolvendo guardas de Juazeiro e outras cidades da regi\u00e3o, como Uau\u00e1, Senhor do Bonfim e Petrolina, al\u00e9m da equipe da Ronda Maria da Penha (da Pol\u00edcia Militar). Essa \u00e9 a primeira vez que a Guarda Civil de Juazeiro recebe este tipo de capacita\u00e7\u00e3o. Durante os dois dias, os guardas aprenderam quest\u00f5es sobre dire\u00e7\u00e3o defensiva, legisla\u00e7\u00e3o e outras quest\u00f5es que envolvem a condu\u00e7\u00e3o de viaturas de emerg\u00eancia, al\u00e9m da parte pr\u00e1tica. A capacita\u00e7\u00e3o est\u00e1 dentro do objetivo da Prefeitura de&hellip;","og_url":"https:\/\/blogdofarnesio.com.br\/?p=310331","og_site_name":"Blog do Farn\u00e9sio","article_publisher":"https:\/\/www.facebook.com\/BlogQuerSaberPolitica\/","article_author":"https:\/\/www.facebook.com\/?ref=tn_tnmn","article_published_time":"2022-04-05T17:43:45+00:00","og_image":[{"width":648,"height":432,"url":"https:\/\/blogdofarnesio.com.br\/wp-content\/uploads\/2021\/04\/blogqspjua-gcm-Guarda-Municipal-Foto-Marcel-Cordeiro-PMJ-e1617650491422.jpg","type":"image\/jpeg"}],"author":"Farn\u00e9sio","twitter_card":"summary_large_image","twitter_misc":{"Escrito por":"Farn\u00e9sio","Est. tempo de leitura":"3 minutos"},"schema":{"@context":"https:\/\/schema.org","@graph":[{"@type":"Article","@id":"https:\/\/blogdofarnesio.com.br\/?p=310331#article","isPartOf":{"@id":"https:\/\/blogdofarnesio.com.br\/?p=310331"},"author":{"name":"Farn\u00e9sio","@id":"https:\/\/blogdofarnesio.com.br\/#\/schema\/person\/bb9b23ae3ad0609ce8df7b6c9e76824d"},"headline":"Finalizado com sucesso o primeiro curso de dire\u00e7\u00e3o de ve\u00edculos de emerg\u00eancia para guardas civis de Juazeiro","datePublished":"2022-04-05T17:43:45+00:00","mainEntityOfPage":{"@id":"https:\/\/blogdofarnesio.com.br\/?p=310331"},"wordCount":510,"commentCount":0,"publisher":{"@id":"https:\/\/blogdofarnesio.com.br\/#organization"},"image":{"@id":"https:\/\/blogdofarnesio.com.br\/?p=310331#primaryimage"},"thumbnailUrl":"https:\/\/blogdofarnesio.com.br\/wp-content\/uploads\/2021\/04\/blogqspjua-gcm-Guarda-Municipal-Foto-Marcel-Cordeiro-PMJ-e1617650491422.jpg","articleSection":["Seguran\u00e7a"],"inLanguage":"pt-BR","potentialAction":[{"@type":"CommentAction","name":"Comment","target":["https:\/\/blogdofarnesio.com.br\/?p=310331#respond"]}]},{"@type":"WebPage","@id":"https:\/\/blogdofarnesio.com.br\/?p=310331","url":"https:\/\/blogdofarnesio.com.br\/?p=310331","name":"Finalizado com sucesso o primeiro curso de dire\u00e7\u00e3o de ve\u00edculos de emerg\u00eancia para guardas civis de Juazeiro - Blog do Farn\u00e9sio","isPartOf":{"@id":"https:\/\/blogdofarnesio.com.br\/#website"},"primaryImageOfPage":{"@id":"https:\/\/blogdofarnesio.com.br\/?p=310331#primaryimage"},"image":{"@id":"https:\/\/blogdofarnesio.com.br\/?p=310331#primaryimage"},"thumbnailUrl":"https:\/\/blogdofarnesio.com.br\/wp-content\/uploads\/2021\/04\/blogqspjua-gcm-Guarda-Municipal-Foto-Marcel-Cordeiro-PMJ-e1617650491422.jpg","datePublished":"2022-04-05T17:43:45+00:00","breadcrumb":{"@id":"https:\/\/blogdofarnesio.com.br\/?p=310331#breadcrumb"},"inLanguage":"pt-BR","potentialAction":[{"@type":"ReadAction","target":["https:\/\/blogdofarnesio.com.br\/?p=310331"]}]},{"@type":"ImageObject","inLanguage":"pt-BR","@id":"https:\/\/blogdofarnesio.com.br\/?p=310331#primaryimage","url":"https:\/\/blogdofarnesio.com.br\/wp-content\/uploads\/2021\/04\/blogqspjua-gcm-Guarda-Municipal-Foto-Marcel-Cordeiro-PMJ-e1617650491422.jpg","contentUrl":"https:\/\/blogdofarnesio.com.br\/wp-content\/uploads\/2021\/04\/blogqspjua-gcm-Guarda-Municipal-Foto-Marcel-Cordeiro-PMJ-e1617650491422.jpg","width":648,"height":432},{"@type":"BreadcrumbList","@id":"https:\/\/blogdofarnesio.com.br\/?p=310331#breadcrumb","itemListElement":[{"@type":"ListItem","position":1,"name":"In\u00edcio","item":"https:\/\/blogdofarnesio.com.br\/"},{"@type":"ListItem","position":2,"name":"Finalizado com sucesso o primeiro curso de dire\u00e7\u00e3o de ve\u00edculos de emerg\u00eancia para guardas civis de Juazeiro"}]},{"@type":"WebSite","@id":"https:\/\/blogdofarnesio.com.br\/#website","url":"https:\/\/blogdofarnesio.com.br\/","name":"Blog do Farn\u00e9sio","description":"Quer Saber Pol\u00edtica?","publisher":{"@id":"https:\/\/blogdofarnesio.com.br\/#organization"},"potentialAction":[{"@type":"SearchAction","target":{"@type":"EntryPoint","urlTemplate":"https:\/\/blogdofarnesio.com.br\/?s={search_term_string}"},"query-input":{"@type":"PropertyValueSpecification","valueRequired":true,"valueName":"search_term_string"}}],"inLanguage":"pt-BR"},{"@type":"Organization","@id":"https:\/\/blogdofarnesio.com.br\/#organization","name":"Blog do Farn\u00e9sio","url":"https:\/\/blogdofarnesio.com.br\/","logo":{"@type":"ImageObject","inLanguage":"pt-BR","@id":"https:\/\/blogdofarnesio.com.br\/#\/schema\/logo\/image\/","url":"https:\/\/blogdofarnesio.com.br\/wp-content\/uploads\/2026\/03\/cropped-logo_new-1.png","contentUrl":"https:\/\/blogdofarnesio.com.br\/wp-content\/uploads\/2026\/03\/cropped-logo_new-1.png","width":881,"height":685,"caption":"Blog do Farn\u00e9sio"},"image":{"@id":"https:\/\/blogdofarnesio.com.br\/#\/schema\/logo\/image\/"},"sameAs":["https:\/\/www.facebook.com\/BlogQuerSaberPolitica\/"]},{"@type":"Person","@id":"https:\/\/blogdofarnesio.com.br\/#\/schema\/person\/bb9b23ae3ad0609ce8df7b6c9e76824d","name":"Farn\u00e9sio","image":{"@type":"ImageObject","inLanguage":"pt-BR","@id":"https:\/\/secure.gravatar.com\/avatar\/986aa4c61ccdb66f8555bf88fc2a65609d00bcabd4d2d94377a727547345cbca?s=96&d=mm&r=g","url":"https:\/\/secure.gravatar.com\/avatar\/986aa4c61ccdb66f8555bf88fc2a65609d00bcabd4d2d94377a727547345cbca?s=96&d=mm&r=g","contentUrl":"https:\/\/secure.gravatar.com\/avatar\/986aa4c61ccdb66f8555bf88fc2a65609d00bcabd4d2d94377a727547345cbca?s=96&d=mm&r=g","caption":"Farn\u00e9sio"},"description":"Radialista blogueiro, chegou a Petrolina\/Juazeiro em setembro de 1980, Farn\u00e9sio Silva \u00e9 de Arapiraca-Alagoas.","sameAs":["http:\/\/blogdofarnesio.com.br","https:\/\/www.facebook.com\/?ref=tn_tnmn","https:\/\/www.instagram.com\/?utm_source=pwa_homescreen","https:\/\/youtube.com.br\/"],"url":"https:\/\/blogdofarnesio.com.br\/?author=2"}]}},"_links":{"self":[{"href":"https:\/\/blogdofarnesio.com.br\/index.php?rest_route=\/wp\/v2\/posts\/310331","targetHints":{"allow":["GET"]}}],"collection":[{"href":"https:\/\/blogdofarnesio.com.br\/index.php?rest_route=\/wp\/v2\/posts"}],"about":[{"href":"https:\/\/blogdofarnesio.com.br\/index.php?rest_route=\/wp\/v2\/types\/post"}],"author":[{"embeddable":true,"href":"https:\/\/blogdofarnesio.com.br\/index.php?rest_route=\/wp\/v2\/users\/2"}],"replies":[{"embeddable":true,"href":"https:\/\/blogdofarnesio.com.br\/index.php?rest_route=%2Fwp%2Fv2%2Fcomments&post=310331"}],"version-history":[{"count":0,"href":"https:\/\/blogdofarnesio.com.br\/index.php?rest_route=\/wp\/v2\/posts\/310331\/revisions"}],"wp:featuredmedia":[{"embeddable":true,"href":"https:\/\/blogdofarnesio.com.br\/index.php?rest_route=\/wp\/v2\/media\/282441"}],"wp:attachment":[{"href":"https:\/\/blogdofarnesio.com.br\/index.php?rest_route=%2Fwp%2Fv2%2Fmedia&parent=310331"}],"wp:term":[{"taxonomy":"category","embeddable":true,"href":"https:\/\/blogdofarnesio.com.br\/index.php?rest_route=%2Fwp%2Fv2%2Fcategories&post=310331"},{"taxonomy":"post_tag","embeddable":true,"href":"https:\/\/blogdofarnesio.com.br\/index.php?rest_route=%2Fwp%2Fv2%2Ftags&post=310331"}],"curies":[{"name":"wp","href":"https:\/\/api.w.org\/{rel}","templated":true}]}}