{"id":310256,"date":"2022-04-04T14:21:35","date_gmt":"2022-04-04T17:21:35","guid":{"rendered":"https:\/\/blogdofarnesio.com.br\/?p=310256"},"modified":"2022-04-04T12:51:36","modified_gmt":"2022-04-04T15:51:36","slug":"mocao-de-repudio-e-abaixo-assinado-da-aplb-juazeiro-pede-exoneracao-da-secretaria-normeide-almeida","status":"publish","type":"post","link":"https:\/\/blogdofarnesio.com.br\/?p=310256","title":{"rendered":"Mo\u00e7\u00e3o de rep\u00fadio e abaixo assinado da APLB\/Juazeiro pede exonera\u00e7\u00e3o da secret\u00e1ria Normeide Almeida"},"content":{"rendered":"<p style=\"font-weight: 400;\">Revoltados e com os contracheques em m\u00e3os, os trabalhadores em educa\u00e7\u00e3o da rede municipal de ensino de Juazeiro participaram de mais uma assembleia realizada no audit\u00f3rio da APLB Sindicato na \u00faltima sexta-feira (01). No comprovante de pagamento do sal\u00e1rio mensal, a aus\u00eancia do valor da reg\u00eancia, direito conquistado pela categoria h\u00e1 muitos anos. Essa foi a demonstra\u00e7\u00e3o dada pela gest\u00e3o Suzana Ramos de como o projeto de lei aprovado pelos vereadores de forma rel\u00e2mpago no \u00faltimo dia 25\/03 vai afetar a vida de milhares de profissionais.<\/p>\n<p style=\"font-weight: 400;\">Professora do munic\u00edpio h\u00e1 23 anos, Maria \u00c2ngela Torres viu sua renda cair em mais de R$ 900 com a retirada da reg\u00eancia. \u201cEstamos desmotivados e o que e pior, sem perspectiva de que haja uma melhora. O or\u00e7amento caiu bastante o que atrapalha qualquer pensamento em fazer planos\u201d, desabou desanimada a professora que n\u00e3o se conforma em ainda ter que ouvir do governo municipal que o aumento foi de 26,51%.<\/p>\n<p style=\"font-weight: 400;\">Um abaixo assinado foi passado entre os professores pedindo a exonera\u00e7\u00e3o da secret\u00e1ria de educa\u00e7\u00e3o Normeide Almeida e, junto com uma mo\u00e7\u00e3o de rep\u00fadio lan\u00e7ada, mostram a firmeza do pensamento que \u00e9 comum a todos os profissionais: o desejo de serem respeitados e valorizados.<\/p>\n<p style=\"font-weight: 400;\">Para o diretor da APLB Sindicato em Juazeiro, Gilmar Nery, o momento \u00e9 de luto para a educa\u00e7\u00e3o e a categoria n\u00e3o deve deixar a luta fraquejar. \u201cTomamos a decis\u00e3o de retornar para reorganizar a luta, principalmente porque estamos vendo ataques diretos \u00e0 educa\u00e7\u00e3o. Deixamos aqui tamb\u00e9m, nosso rep\u00fadio ao prefeito de Feira de Santana que agiu com for\u00e7a policial contra os professores. Vivemos hoje um momento de ditadura com governos que n\u00e3o respeitam os trabalhadores.<\/p>\n<p style=\"font-weight: 400;\">Professor merece respeito e o munic\u00edpio de Juazeiro n\u00e3o respeita. O governo municipal est\u00e1 tentando convencer a sociedade que os professores est\u00e3o errados e n\u00e3o \u00e9 verdade. A revolta \u00e9 grande na rede toda e se n\u00e3o continuarmos juntos enfraquecemos. Aprovamos um abaixo assinado e uma nota de rep\u00fadio \u00e0 secret\u00e1ria Normeide Almeida por atacar seus colegas e retirar seus direitos\u201d, afirmou.<\/p>\n<p style=\"font-weight: 400;\">A APLB Sindicato acredita que o reflexo de tudo que est\u00e1 acontecendo j\u00e1 est\u00e1 no bolso do trabalhador, mas a hora agora \u00e9 de come\u00e7ar a trabalhar juridicamente e mostrar tudo que h\u00e1 de erado na gest\u00e3o da prefeita Suzana Ramos.<\/p>\n<p style=\"font-weight: 400;\">\u201cQueria dizer que o TCM deveria estar preocupado com a EPIC, com as reformas, com o fato de a prefeita estar preocupada em juntar dinheiro para eleger o filho. N\u00e3o houve discuss\u00e3o do \u00faltimo projeto que foi feito \u00e0s escondidas porque sabiam que n\u00e3o \u00edamos aceitar. Estamos aqui para discutir os problemas da educa\u00e7\u00e3o sempre deliberando em conjunto.\u00a0Na pr\u00f3xima semana vamos distribuir a agenda de lutas\u201d, informou Gilmar Nery.<\/p>\n<p style=\"font-weight: 400;\">O advogado da APLB Josenildo Barros explicou que a entidade APLB vai ser citada para se defender no prazo de 15 dias. \u201cA greve foi legal e o TJ precisa saber dos fatos. Vamos apresentar \u00e0 defesa da APLB essa liminar para que seja revogada. Com rela\u00e7\u00e3o aos direitos suprimidos vamos analisar os casos e se for comum a todos entramos com uma medida coletiva, sen\u00e3o ser\u00e1 feito de forma individual\u201d.<\/p>\n","protected":false},"excerpt":{"rendered":"<p>Revoltados e com os contracheques em m\u00e3os, os trabalhadores em educa\u00e7\u00e3o da rede municipal de ensino de Juazeiro participaram de mais uma assembleia realizada no audit\u00f3rio da APLB Sindicato na \u00faltima sexta-feira (01). No comprovante de pagamento do sal\u00e1rio mensal, a aus\u00eancia do valor da reg\u00eancia, direito conquistado pela categoria h\u00e1 muitos anos. Essa foi a demonstra\u00e7\u00e3o dada pela gest\u00e3o Suzana Ramos de como o projeto de lei aprovado pelos vereadores de forma rel\u00e2mpago no \u00faltimo dia 25\/03 vai afetar a vida de milhares de profissionais. Professora do munic\u00edpio h\u00e1 23 anos, Maria \u00c2ngela Torres viu sua renda cair em mais de R$ 900 com a retirada da reg\u00eancia. \u201cEstamos desmotivados e o que e pior, sem perspectiva de que&hellip; <\/p>\n","protected":false},"author":2,"featured_media":310257,"comment_status":"open","ping_status":"open","sticky":false,"template":"","format":"standard","meta":{"_acf_changed":false,"footnotes":""},"categories":[1],"tags":[],"class_list":["post-310256","post","type-post","status-publish","format-standard","has-post-thumbnail","hentry","category-politica"],"acf":[],"yoast_head":"<!-- This site is optimized with the Yoast SEO plugin v27.4 - https:\/\/yoast.com\/product\/yoast-seo-wordpress\/ -->\n<title>Mo\u00e7\u00e3o de rep\u00fadio e abaixo assinado da APLB\/Juazeiro pede exonera\u00e7\u00e3o da secret\u00e1ria Normeide Almeida - Blog do Farn\u00e9sio<\/title>\n<meta name=\"robots\" content=\"index, follow, max-snippet:-1, max-image-preview:large, max-video-preview:-1\" \/>\n<link rel=\"canonical\" href=\"https:\/\/blogdofarnesio.com.br\/?p=310256\" \/>\n<meta property=\"og:locale\" content=\"pt_BR\" \/>\n<meta property=\"og:type\" content=\"article\" \/>\n<meta property=\"og:title\" content=\"Mo\u00e7\u00e3o de rep\u00fadio e abaixo assinado da APLB\/Juazeiro pede exonera\u00e7\u00e3o da secret\u00e1ria Normeide Almeida - Blog do Farn\u00e9sio\" \/>\n<meta property=\"og:description\" content=\"Revoltados e com os contracheques em m\u00e3os, os trabalhadores em educa\u00e7\u00e3o da rede municipal de ensino de Juazeiro participaram de mais uma assembleia realizada no audit\u00f3rio da APLB Sindicato na \u00faltima sexta-feira (01). No comprovante de pagamento do sal\u00e1rio mensal, a aus\u00eancia do valor da reg\u00eancia, direito conquistado pela categoria h\u00e1 muitos anos. Essa foi a demonstra\u00e7\u00e3o dada pela gest\u00e3o Suzana Ramos de como o projeto de lei aprovado pelos vereadores de forma rel\u00e2mpago no \u00faltimo dia 25\/03 vai afetar a vida de milhares de profissionais. Professora do munic\u00edpio h\u00e1 23 anos, Maria \u00c2ngela Torres viu sua renda cair em mais de R$ 900 com a retirada da reg\u00eancia. \u201cEstamos desmotivados e o que e pior, sem perspectiva de que&hellip;\" \/>\n<meta property=\"og:url\" content=\"https:\/\/blogdofarnesio.com.br\/?p=310256\" \/>\n<meta property=\"og:site_name\" content=\"Blog do Farn\u00e9sio\" \/>\n<meta property=\"article:publisher\" content=\"https:\/\/www.facebook.com\/BlogQuerSaberPolitica\/\" \/>\n<meta property=\"article:author\" content=\"https:\/\/www.facebook.com\/?ref=tn_tnmn\" \/>\n<meta property=\"article:published_time\" content=\"2022-04-04T17:21:35+00:00\" \/>\n<meta property=\"og:image\" content=\"https:\/\/blogdofarnesio.com.br\/wp-content\/uploads\/2022\/04\/Mocao-de-repudio-e-abaixo-assinado-pedindo-exoneracao-da-secretaria-Normeide-Almeida-marcam-assembleia-na-APLB-Sindicato-e1649087361767.jpg\" \/>\n\t<meta property=\"og:image:width\" content=\"624\" \/>\n\t<meta property=\"og:image:height\" content=\"411\" \/>\n\t<meta property=\"og:image:type\" content=\"image\/jpeg\" \/>\n<meta name=\"author\" content=\"Farn\u00e9sio\" \/>\n<meta name=\"twitter:card\" content=\"summary_large_image\" \/>\n<meta name=\"twitter:label1\" content=\"Escrito por\" \/>\n\t<meta name=\"twitter:data1\" content=\"Farn\u00e9sio\" \/>\n\t<meta name=\"twitter:label2\" content=\"Est. tempo de leitura\" \/>\n\t<meta name=\"twitter:data2\" content=\"3 minutos\" \/>\n<script type=\"application\/ld+json\" class=\"yoast-schema-graph\">{\"@context\":\"https:\\\/\\\/schema.org\",\"@graph\":[{\"@type\":\"Article\",\"@id\":\"https:\\\/\\\/blogdofarnesio.com.br\\\/?p=310256#article\",\"isPartOf\":{\"@id\":\"https:\\\/\\\/blogdofarnesio.com.br\\\/?p=310256\"},\"author\":{\"name\":\"Farn\u00e9sio\",\"@id\":\"https:\\\/\\\/blogdofarnesio.com.br\\\/#\\\/schema\\\/person\\\/bb9b23ae3ad0609ce8df7b6c9e76824d\"},\"headline\":\"Mo\u00e7\u00e3o de rep\u00fadio e abaixo assinado da APLB\\\/Juazeiro pede exonera\u00e7\u00e3o da secret\u00e1ria Normeide Almeida\",\"datePublished\":\"2022-04-04T17:21:35+00:00\",\"mainEntityOfPage\":{\"@id\":\"https:\\\/\\\/blogdofarnesio.com.br\\\/?p=310256\"},\"wordCount\":569,\"commentCount\":0,\"publisher\":{\"@id\":\"https:\\\/\\\/blogdofarnesio.com.br\\\/#organization\"},\"image\":{\"@id\":\"https:\\\/\\\/blogdofarnesio.com.br\\\/?p=310256#primaryimage\"},\"thumbnailUrl\":\"https:\\\/\\\/blogdofarnesio.com.br\\\/wp-content\\\/uploads\\\/2022\\\/04\\\/Mocao-de-repudio-e-abaixo-assinado-pedindo-exoneracao-da-secretaria-Normeide-Almeida-marcam-assembleia-na-APLB-Sindicato-e1649087361767.jpg\",\"articleSection\":[\"Pol\u00edtica\"],\"inLanguage\":\"pt-BR\",\"potentialAction\":[{\"@type\":\"CommentAction\",\"name\":\"Comment\",\"target\":[\"https:\\\/\\\/blogdofarnesio.com.br\\\/?p=310256#respond\"]}]},{\"@type\":\"WebPage\",\"@id\":\"https:\\\/\\\/blogdofarnesio.com.br\\\/?p=310256\",\"url\":\"https:\\\/\\\/blogdofarnesio.com.br\\\/?p=310256\",\"name\":\"Mo\u00e7\u00e3o de rep\u00fadio e abaixo assinado da APLB\\\/Juazeiro pede exonera\u00e7\u00e3o da secret\u00e1ria Normeide Almeida - Blog do Farn\u00e9sio\",\"isPartOf\":{\"@id\":\"https:\\\/\\\/blogdofarnesio.com.br\\\/#website\"},\"primaryImageOfPage\":{\"@id\":\"https:\\\/\\\/blogdofarnesio.com.br\\\/?p=310256#primaryimage\"},\"image\":{\"@id\":\"https:\\\/\\\/blogdofarnesio.com.br\\\/?p=310256#primaryimage\"},\"thumbnailUrl\":\"https:\\\/\\\/blogdofarnesio.com.br\\\/wp-content\\\/uploads\\\/2022\\\/04\\\/Mocao-de-repudio-e-abaixo-assinado-pedindo-exoneracao-da-secretaria-Normeide-Almeida-marcam-assembleia-na-APLB-Sindicato-e1649087361767.jpg\",\"datePublished\":\"2022-04-04T17:21:35+00:00\",\"breadcrumb\":{\"@id\":\"https:\\\/\\\/blogdofarnesio.com.br\\\/?p=310256#breadcrumb\"},\"inLanguage\":\"pt-BR\",\"potentialAction\":[{\"@type\":\"ReadAction\",\"target\":[\"https:\\\/\\\/blogdofarnesio.com.br\\\/?p=310256\"]}]},{\"@type\":\"ImageObject\",\"inLanguage\":\"pt-BR\",\"@id\":\"https:\\\/\\\/blogdofarnesio.com.br\\\/?p=310256#primaryimage\",\"url\":\"https:\\\/\\\/blogdofarnesio.com.br\\\/wp-content\\\/uploads\\\/2022\\\/04\\\/Mocao-de-repudio-e-abaixo-assinado-pedindo-exoneracao-da-secretaria-Normeide-Almeida-marcam-assembleia-na-APLB-Sindicato-e1649087361767.jpg\",\"contentUrl\":\"https:\\\/\\\/blogdofarnesio.com.br\\\/wp-content\\\/uploads\\\/2022\\\/04\\\/Mocao-de-repudio-e-abaixo-assinado-pedindo-exoneracao-da-secretaria-Normeide-Almeida-marcam-assembleia-na-APLB-Sindicato-e1649087361767.jpg\",\"width\":624,\"height\":411},{\"@type\":\"BreadcrumbList\",\"@id\":\"https:\\\/\\\/blogdofarnesio.com.br\\\/?p=310256#breadcrumb\",\"itemListElement\":[{\"@type\":\"ListItem\",\"position\":1,\"name\":\"In\u00edcio\",\"item\":\"https:\\\/\\\/blogdofarnesio.com.br\\\/\"},{\"@type\":\"ListItem\",\"position\":2,\"name\":\"Mo\u00e7\u00e3o de rep\u00fadio e abaixo assinado da APLB\\\/Juazeiro pede exonera\u00e7\u00e3o da secret\u00e1ria Normeide Almeida\"}]},{\"@type\":\"WebSite\",\"@id\":\"https:\\\/\\\/blogdofarnesio.com.br\\\/#website\",\"url\":\"https:\\\/\\\/blogdofarnesio.com.br\\\/\",\"name\":\"Blog do Farn\u00e9sio\",\"description\":\"Quer Saber Pol\u00edtica?\",\"publisher\":{\"@id\":\"https:\\\/\\\/blogdofarnesio.com.br\\\/#organization\"},\"potentialAction\":[{\"@type\":\"SearchAction\",\"target\":{\"@type\":\"EntryPoint\",\"urlTemplate\":\"https:\\\/\\\/blogdofarnesio.com.br\\\/?s={search_term_string}\"},\"query-input\":{\"@type\":\"PropertyValueSpecification\",\"valueRequired\":true,\"valueName\":\"search_term_string\"}}],\"inLanguage\":\"pt-BR\"},{\"@type\":\"Organization\",\"@id\":\"https:\\\/\\\/blogdofarnesio.com.br\\\/#organization\",\"name\":\"Blog do Farn\u00e9sio\",\"url\":\"https:\\\/\\\/blogdofarnesio.com.br\\\/\",\"logo\":{\"@type\":\"ImageObject\",\"inLanguage\":\"pt-BR\",\"@id\":\"https:\\\/\\\/blogdofarnesio.com.br\\\/#\\\/schema\\\/logo\\\/image\\\/\",\"url\":\"https:\\\/\\\/blogdofarnesio.com.br\\\/wp-content\\\/uploads\\\/2026\\\/03\\\/cropped-logo_new-1.png\",\"contentUrl\":\"https:\\\/\\\/blogdofarnesio.com.br\\\/wp-content\\\/uploads\\\/2026\\\/03\\\/cropped-logo_new-1.png\",\"width\":881,\"height\":685,\"caption\":\"Blog do Farn\u00e9sio\"},\"image\":{\"@id\":\"https:\\\/\\\/blogdofarnesio.com.br\\\/#\\\/schema\\\/logo\\\/image\\\/\"},\"sameAs\":[\"https:\\\/\\\/www.facebook.com\\\/BlogQuerSaberPolitica\\\/\"]},{\"@type\":\"Person\",\"@id\":\"https:\\\/\\\/blogdofarnesio.com.br\\\/#\\\/schema\\\/person\\\/bb9b23ae3ad0609ce8df7b6c9e76824d\",\"name\":\"Farn\u00e9sio\",\"image\":{\"@type\":\"ImageObject\",\"inLanguage\":\"pt-BR\",\"@id\":\"https:\\\/\\\/secure.gravatar.com\\\/avatar\\\/986aa4c61ccdb66f8555bf88fc2a65609d00bcabd4d2d94377a727547345cbca?s=96&d=mm&r=g\",\"url\":\"https:\\\/\\\/secure.gravatar.com\\\/avatar\\\/986aa4c61ccdb66f8555bf88fc2a65609d00bcabd4d2d94377a727547345cbca?s=96&d=mm&r=g\",\"contentUrl\":\"https:\\\/\\\/secure.gravatar.com\\\/avatar\\\/986aa4c61ccdb66f8555bf88fc2a65609d00bcabd4d2d94377a727547345cbca?s=96&d=mm&r=g\",\"caption\":\"Farn\u00e9sio\"},\"description\":\"Radialista blogueiro, chegou a Petrolina\\\/Juazeiro em setembro de 1980, Farn\u00e9sio Silva \u00e9 de Arapiraca-Alagoas.\",\"sameAs\":[\"http:\\\/\\\/blogdofarnesio.com.br\",\"https:\\\/\\\/www.facebook.com\\\/?ref=tn_tnmn\",\"https:\\\/\\\/www.instagram.com\\\/?utm_source=pwa_homescreen\",\"https:\\\/\\\/youtube.com.br\\\/\"],\"url\":\"https:\\\/\\\/blogdofarnesio.com.br\\\/?author=2\"}]}<\/script>\n<!-- \/ Yoast SEO plugin. -->","yoast_head_json":{"title":"Mo\u00e7\u00e3o de rep\u00fadio e abaixo assinado da APLB\/Juazeiro pede exonera\u00e7\u00e3o da secret\u00e1ria Normeide Almeida - Blog do Farn\u00e9sio","robots":{"index":"index","follow":"follow","max-snippet":"max-snippet:-1","max-image-preview":"max-image-preview:large","max-video-preview":"max-video-preview:-1"},"canonical":"https:\/\/blogdofarnesio.com.br\/?p=310256","og_locale":"pt_BR","og_type":"article","og_title":"Mo\u00e7\u00e3o de rep\u00fadio e abaixo assinado da APLB\/Juazeiro pede exonera\u00e7\u00e3o da secret\u00e1ria Normeide Almeida - Blog do Farn\u00e9sio","og_description":"Revoltados e com os contracheques em m\u00e3os, os trabalhadores em educa\u00e7\u00e3o da rede municipal de ensino de Juazeiro participaram de mais uma assembleia realizada no audit\u00f3rio da APLB Sindicato na \u00faltima sexta-feira (01). No comprovante de pagamento do sal\u00e1rio mensal, a aus\u00eancia do valor da reg\u00eancia, direito conquistado pela categoria h\u00e1 muitos anos. Essa foi a demonstra\u00e7\u00e3o dada pela gest\u00e3o Suzana Ramos de como o projeto de lei aprovado pelos vereadores de forma rel\u00e2mpago no \u00faltimo dia 25\/03 vai afetar a vida de milhares de profissionais. Professora do munic\u00edpio h\u00e1 23 anos, Maria \u00c2ngela Torres viu sua renda cair em mais de R$ 900 com a retirada da reg\u00eancia. \u201cEstamos desmotivados e o que e pior, sem perspectiva de que&hellip;","og_url":"https:\/\/blogdofarnesio.com.br\/?p=310256","og_site_name":"Blog do Farn\u00e9sio","article_publisher":"https:\/\/www.facebook.com\/BlogQuerSaberPolitica\/","article_author":"https:\/\/www.facebook.com\/?ref=tn_tnmn","article_published_time":"2022-04-04T17:21:35+00:00","og_image":[{"width":624,"height":411,"url":"https:\/\/blogdofarnesio.com.br\/wp-content\/uploads\/2022\/04\/Mocao-de-repudio-e-abaixo-assinado-pedindo-exoneracao-da-secretaria-Normeide-Almeida-marcam-assembleia-na-APLB-Sindicato-e1649087361767.jpg","type":"image\/jpeg"}],"author":"Farn\u00e9sio","twitter_card":"summary_large_image","twitter_misc":{"Escrito por":"Farn\u00e9sio","Est. tempo de leitura":"3 minutos"},"schema":{"@context":"https:\/\/schema.org","@graph":[{"@type":"Article","@id":"https:\/\/blogdofarnesio.com.br\/?p=310256#article","isPartOf":{"@id":"https:\/\/blogdofarnesio.com.br\/?p=310256"},"author":{"name":"Farn\u00e9sio","@id":"https:\/\/blogdofarnesio.com.br\/#\/schema\/person\/bb9b23ae3ad0609ce8df7b6c9e76824d"},"headline":"Mo\u00e7\u00e3o de rep\u00fadio e abaixo assinado da APLB\/Juazeiro pede exonera\u00e7\u00e3o da secret\u00e1ria Normeide Almeida","datePublished":"2022-04-04T17:21:35+00:00","mainEntityOfPage":{"@id":"https:\/\/blogdofarnesio.com.br\/?p=310256"},"wordCount":569,"commentCount":0,"publisher":{"@id":"https:\/\/blogdofarnesio.com.br\/#organization"},"image":{"@id":"https:\/\/blogdofarnesio.com.br\/?p=310256#primaryimage"},"thumbnailUrl":"https:\/\/blogdofarnesio.com.br\/wp-content\/uploads\/2022\/04\/Mocao-de-repudio-e-abaixo-assinado-pedindo-exoneracao-da-secretaria-Normeide-Almeida-marcam-assembleia-na-APLB-Sindicato-e1649087361767.jpg","articleSection":["Pol\u00edtica"],"inLanguage":"pt-BR","potentialAction":[{"@type":"CommentAction","name":"Comment","target":["https:\/\/blogdofarnesio.com.br\/?p=310256#respond"]}]},{"@type":"WebPage","@id":"https:\/\/blogdofarnesio.com.br\/?p=310256","url":"https:\/\/blogdofarnesio.com.br\/?p=310256","name":"Mo\u00e7\u00e3o de rep\u00fadio e abaixo assinado da APLB\/Juazeiro pede exonera\u00e7\u00e3o da secret\u00e1ria Normeide Almeida - Blog do Farn\u00e9sio","isPartOf":{"@id":"https:\/\/blogdofarnesio.com.br\/#website"},"primaryImageOfPage":{"@id":"https:\/\/blogdofarnesio.com.br\/?p=310256#primaryimage"},"image":{"@id":"https:\/\/blogdofarnesio.com.br\/?p=310256#primaryimage"},"thumbnailUrl":"https:\/\/blogdofarnesio.com.br\/wp-content\/uploads\/2022\/04\/Mocao-de-repudio-e-abaixo-assinado-pedindo-exoneracao-da-secretaria-Normeide-Almeida-marcam-assembleia-na-APLB-Sindicato-e1649087361767.jpg","datePublished":"2022-04-04T17:21:35+00:00","breadcrumb":{"@id":"https:\/\/blogdofarnesio.com.br\/?p=310256#breadcrumb"},"inLanguage":"pt-BR","potentialAction":[{"@type":"ReadAction","target":["https:\/\/blogdofarnesio.com.br\/?p=310256"]}]},{"@type":"ImageObject","inLanguage":"pt-BR","@id":"https:\/\/blogdofarnesio.com.br\/?p=310256#primaryimage","url":"https:\/\/blogdofarnesio.com.br\/wp-content\/uploads\/2022\/04\/Mocao-de-repudio-e-abaixo-assinado-pedindo-exoneracao-da-secretaria-Normeide-Almeida-marcam-assembleia-na-APLB-Sindicato-e1649087361767.jpg","contentUrl":"https:\/\/blogdofarnesio.com.br\/wp-content\/uploads\/2022\/04\/Mocao-de-repudio-e-abaixo-assinado-pedindo-exoneracao-da-secretaria-Normeide-Almeida-marcam-assembleia-na-APLB-Sindicato-e1649087361767.jpg","width":624,"height":411},{"@type":"BreadcrumbList","@id":"https:\/\/blogdofarnesio.com.br\/?p=310256#breadcrumb","itemListElement":[{"@type":"ListItem","position":1,"name":"In\u00edcio","item":"https:\/\/blogdofarnesio.com.br\/"},{"@type":"ListItem","position":2,"name":"Mo\u00e7\u00e3o de rep\u00fadio e abaixo assinado da APLB\/Juazeiro pede exonera\u00e7\u00e3o da secret\u00e1ria Normeide Almeida"}]},{"@type":"WebSite","@id":"https:\/\/blogdofarnesio.com.br\/#website","url":"https:\/\/blogdofarnesio.com.br\/","name":"Blog do Farn\u00e9sio","description":"Quer Saber Pol\u00edtica?","publisher":{"@id":"https:\/\/blogdofarnesio.com.br\/#organization"},"potentialAction":[{"@type":"SearchAction","target":{"@type":"EntryPoint","urlTemplate":"https:\/\/blogdofarnesio.com.br\/?s={search_term_string}"},"query-input":{"@type":"PropertyValueSpecification","valueRequired":true,"valueName":"search_term_string"}}],"inLanguage":"pt-BR"},{"@type":"Organization","@id":"https:\/\/blogdofarnesio.com.br\/#organization","name":"Blog do Farn\u00e9sio","url":"https:\/\/blogdofarnesio.com.br\/","logo":{"@type":"ImageObject","inLanguage":"pt-BR","@id":"https:\/\/blogdofarnesio.com.br\/#\/schema\/logo\/image\/","url":"https:\/\/blogdofarnesio.com.br\/wp-content\/uploads\/2026\/03\/cropped-logo_new-1.png","contentUrl":"https:\/\/blogdofarnesio.com.br\/wp-content\/uploads\/2026\/03\/cropped-logo_new-1.png","width":881,"height":685,"caption":"Blog do Farn\u00e9sio"},"image":{"@id":"https:\/\/blogdofarnesio.com.br\/#\/schema\/logo\/image\/"},"sameAs":["https:\/\/www.facebook.com\/BlogQuerSaberPolitica\/"]},{"@type":"Person","@id":"https:\/\/blogdofarnesio.com.br\/#\/schema\/person\/bb9b23ae3ad0609ce8df7b6c9e76824d","name":"Farn\u00e9sio","image":{"@type":"ImageObject","inLanguage":"pt-BR","@id":"https:\/\/secure.gravatar.com\/avatar\/986aa4c61ccdb66f8555bf88fc2a65609d00bcabd4d2d94377a727547345cbca?s=96&d=mm&r=g","url":"https:\/\/secure.gravatar.com\/avatar\/986aa4c61ccdb66f8555bf88fc2a65609d00bcabd4d2d94377a727547345cbca?s=96&d=mm&r=g","contentUrl":"https:\/\/secure.gravatar.com\/avatar\/986aa4c61ccdb66f8555bf88fc2a65609d00bcabd4d2d94377a727547345cbca?s=96&d=mm&r=g","caption":"Farn\u00e9sio"},"description":"Radialista blogueiro, chegou a Petrolina\/Juazeiro em setembro de 1980, Farn\u00e9sio Silva \u00e9 de Arapiraca-Alagoas.","sameAs":["http:\/\/blogdofarnesio.com.br","https:\/\/www.facebook.com\/?ref=tn_tnmn","https:\/\/www.instagram.com\/?utm_source=pwa_homescreen","https:\/\/youtube.com.br\/"],"url":"https:\/\/blogdofarnesio.com.br\/?author=2"}]}},"_links":{"self":[{"href":"https:\/\/blogdofarnesio.com.br\/index.php?rest_route=\/wp\/v2\/posts\/310256","targetHints":{"allow":["GET"]}}],"collection":[{"href":"https:\/\/blogdofarnesio.com.br\/index.php?rest_route=\/wp\/v2\/posts"}],"about":[{"href":"https:\/\/blogdofarnesio.com.br\/index.php?rest_route=\/wp\/v2\/types\/post"}],"author":[{"embeddable":true,"href":"https:\/\/blogdofarnesio.com.br\/index.php?rest_route=\/wp\/v2\/users\/2"}],"replies":[{"embeddable":true,"href":"https:\/\/blogdofarnesio.com.br\/index.php?rest_route=%2Fwp%2Fv2%2Fcomments&post=310256"}],"version-history":[{"count":0,"href":"https:\/\/blogdofarnesio.com.br\/index.php?rest_route=\/wp\/v2\/posts\/310256\/revisions"}],"wp:featuredmedia":[{"embeddable":true,"href":"https:\/\/blogdofarnesio.com.br\/index.php?rest_route=\/wp\/v2\/media\/310257"}],"wp:attachment":[{"href":"https:\/\/blogdofarnesio.com.br\/index.php?rest_route=%2Fwp%2Fv2%2Fmedia&parent=310256"}],"wp:term":[{"taxonomy":"category","embeddable":true,"href":"https:\/\/blogdofarnesio.com.br\/index.php?rest_route=%2Fwp%2Fv2%2Fcategories&post=310256"},{"taxonomy":"post_tag","embeddable":true,"href":"https:\/\/blogdofarnesio.com.br\/index.php?rest_route=%2Fwp%2Fv2%2Ftags&post=310256"}],"curies":[{"name":"wp","href":"https:\/\/api.w.org\/{rel}","templated":true}]}}