{"id":310254,"date":"2022-04-04T14:42:28","date_gmt":"2022-04-04T17:42:28","guid":{"rendered":"https:\/\/blogdofarnesio.com.br\/?p=310254"},"modified":"2022-04-04T12:46:22","modified_gmt":"2022-04-04T15:46:22","slug":"centro-de-vida-e-saude-sera-inaugurado-em-antigo-posto-de-apoio-policial-em-juazeiro-ba","status":"publish","type":"post","link":"https:\/\/blogdofarnesio.com.br\/?p=310254","title":{"rendered":"Centro de vida e sa\u00fade ser\u00e1 inaugurado em antigo posto de apoio policial, em Juazeiro (BA)"},"content":{"rendered":"<p>No pr\u00f3ximo dia 9 de abril, o Centro de Esperan\u00e7a Vida e Sa\u00fade (CEVS) ser\u00e1 inaugurado onde antes era um antigo posto de apoio da Pol\u00edcia Militar. Para celebrar a inaugura\u00e7\u00e3o, a Ag\u00eancia Adventista de Desenvolvimento e Recursos Assistenciais (ADRA) de Juazeiro vai promover uma a\u00e7\u00e3o social com atendimentos gratuitos na \u00e1rea da sa\u00fade, jur\u00eddica e est\u00e9tica.<\/p>\n<p>Al\u00e9m de profissionais volunt\u00e1rios, o\u00a0SESC\/PE tamb\u00e9m estar\u00e1 presente e ofertar\u00e1 servi\u00e7os de aferi\u00e7\u00e3o de press\u00e3o, teste de glicemia, bioimped\u00e2ncia e nutri\u00e7\u00e3o.<\/p>\n<p>O centro de sa\u00fade vai funcionar na Av. Cristalina, Bairro Malhada da Areia, prestando atendimento peri\u00f3dico de sa\u00fade preventiva no combate a drogas l\u00edcitas e il\u00edcitas, orienta\u00e7\u00f5es jur\u00eddicas, al\u00e9m do cadastro e acompanhamento das fam\u00edlias da comunidade para distribui\u00e7\u00e3o de cesta b\u00e1sica e sop\u00f5es.<\/p>\n<p>Na oportunidade, estar\u00e3o presentes a prefeita de Juazeiro, Suzana Ramos, o secret\u00e1rio municipal de sa\u00fade, Dr. Fernando Costa, representantes da Pol\u00edcia Militar e l\u00edderes da Igreja Adventista para a regi\u00e3o norte da Bahia.<\/p>\n<p><strong>Mais informa\u00e7\u00f5es, fotos e v\u00eddeos no link:\u00a0<\/strong><\/p>\n<p><a href=\"https:\/\/drive.google.com\/file\/d\/1TKRRSZtNX0XuDHN5kpW2jbhtWAuQvK8\/view?usp=sharing\" data-saferedirecturl=\"https:\/\/www.google.com\/url?q=https:\/\/drive.google.com\/file\/d\/1TKRRSZtNX0XuDHN5kpW2jbhtWAuQvK8\/view?usp%3Dsharing&amp;source=gmail&amp;ust=1649173189732000&amp;usg=AOvVaw2tY9TI5as3jR9aSeF3NxKm\">https:\/\/drive.google.com\/file\/d\/1TKRRSZtNX0XuDHN5kpW2jbhtWAuQvK8\/view?usp=sharing<\/a>\u00a0Sara Verneque<\/p>\n<p>ASCOM\u00a0da sede administrativa da Igreja Adventista para regi\u00e3o norte da Bahia.<\/p>\n<p style=\"font-weight: 400;\">&#8230;<\/p>\n","protected":false},"excerpt":{"rendered":"<p>No pr\u00f3ximo dia 9 de abril, o Centro de Esperan\u00e7a Vida e Sa\u00fade (CEVS) ser\u00e1 inaugurado onde antes era um antigo posto de apoio da Pol\u00edcia Militar. Para celebrar a inaugura\u00e7\u00e3o, a Ag\u00eancia Adventista de Desenvolvimento e Recursos Assistenciais (ADRA) de Juazeiro vai promover uma a\u00e7\u00e3o social com atendimentos gratuitos na \u00e1rea da sa\u00fade, jur\u00eddica e est\u00e9tica. Al\u00e9m de profissionais volunt\u00e1rios, o\u00a0SESC\/PE tamb\u00e9m estar\u00e1 presente e ofertar\u00e1 servi\u00e7os de aferi\u00e7\u00e3o de press\u00e3o, teste de glicemia, bioimped\u00e2ncia e nutri\u00e7\u00e3o. O centro de sa\u00fade vai funcionar na Av. Cristalina, Bairro Malhada da Areia, prestando atendimento peri\u00f3dico de sa\u00fade preventiva no combate a drogas l\u00edcitas e il\u00edcitas, orienta\u00e7\u00f5es jur\u00eddicas, al\u00e9m do cadastro e acompanhamento das fam\u00edlias da comunidade para distribui\u00e7\u00e3o de cesta b\u00e1sica&hellip; <\/p>\n","protected":false},"author":2,"featured_media":76558,"comment_status":"open","ping_status":"open","sticky":false,"template":"","format":"standard","meta":{"_acf_changed":false,"footnotes":""},"categories":[22],"tags":[],"class_list":["post-310254","post","type-post","status-publish","format-standard","has-post-thumbnail","hentry","category-acao-social"],"acf":[],"yoast_head":"<!-- This site is optimized with the Yoast SEO plugin v27.4 - https:\/\/yoast.com\/product\/yoast-seo-wordpress\/ -->\n<title>Centro de vida e sa\u00fade ser\u00e1 inaugurado em antigo posto de apoio policial, em Juazeiro (BA) - Blog do Farn\u00e9sio<\/title>\n<meta name=\"robots\" content=\"index, follow, max-snippet:-1, max-image-preview:large, max-video-preview:-1\" \/>\n<link rel=\"canonical\" href=\"https:\/\/blogdofarnesio.com.br\/?p=310254\" \/>\n<meta property=\"og:locale\" content=\"pt_BR\" \/>\n<meta property=\"og:type\" content=\"article\" \/>\n<meta property=\"og:title\" content=\"Centro de vida e sa\u00fade ser\u00e1 inaugurado em antigo posto de apoio policial, em Juazeiro (BA) - Blog do Farn\u00e9sio\" \/>\n<meta property=\"og:description\" content=\"No pr\u00f3ximo dia 9 de abril, o Centro de Esperan\u00e7a Vida e Sa\u00fade (CEVS) ser\u00e1 inaugurado onde antes era um antigo posto de apoio da Pol\u00edcia Militar. Para celebrar a inaugura\u00e7\u00e3o, a Ag\u00eancia Adventista de Desenvolvimento e Recursos Assistenciais (ADRA) de Juazeiro vai promover uma a\u00e7\u00e3o social com atendimentos gratuitos na \u00e1rea da sa\u00fade, jur\u00eddica e est\u00e9tica. Al\u00e9m de profissionais volunt\u00e1rios, o\u00a0SESC\/PE tamb\u00e9m estar\u00e1 presente e ofertar\u00e1 servi\u00e7os de aferi\u00e7\u00e3o de press\u00e3o, teste de glicemia, bioimped\u00e2ncia e nutri\u00e7\u00e3o. O centro de sa\u00fade vai funcionar na Av. Cristalina, Bairro Malhada da Areia, prestando atendimento peri\u00f3dico de sa\u00fade preventiva no combate a drogas l\u00edcitas e il\u00edcitas, orienta\u00e7\u00f5es jur\u00eddicas, al\u00e9m do cadastro e acompanhamento das fam\u00edlias da comunidade para distribui\u00e7\u00e3o de cesta b\u00e1sica&hellip;\" \/>\n<meta property=\"og:url\" content=\"https:\/\/blogdofarnesio.com.br\/?p=310254\" \/>\n<meta property=\"og:site_name\" content=\"Blog do Farn\u00e9sio\" \/>\n<meta property=\"article:publisher\" content=\"https:\/\/www.facebook.com\/BlogQuerSaberPolitica\/\" \/>\n<meta property=\"article:author\" content=\"https:\/\/www.facebook.com\/?ref=tn_tnmn\" \/>\n<meta property=\"article:published_time\" content=\"2022-04-04T17:42:28+00:00\" \/>\n<meta property=\"og:image\" content=\"https:\/\/blogdofarnesio.com.br\/wp-content\/uploads\/2014\/03\/Sa\u00fade-Mental-2.jpg\" \/>\n\t<meta property=\"og:image:width\" content=\"400\" \/>\n\t<meta property=\"og:image:height\" content=\"317\" \/>\n\t<meta property=\"og:image:type\" content=\"image\/jpeg\" \/>\n<meta name=\"author\" content=\"Farn\u00e9sio\" \/>\n<meta name=\"twitter:card\" content=\"summary_large_image\" \/>\n<meta name=\"twitter:label1\" content=\"Escrito por\" \/>\n\t<meta name=\"twitter:data1\" content=\"Farn\u00e9sio\" \/>\n\t<meta name=\"twitter:label2\" content=\"Est. tempo de leitura\" \/>\n\t<meta name=\"twitter:data2\" content=\"1 minuto\" \/>\n<script type=\"application\/ld+json\" class=\"yoast-schema-graph\">{\"@context\":\"https:\\\/\\\/schema.org\",\"@graph\":[{\"@type\":\"Article\",\"@id\":\"https:\\\/\\\/blogdofarnesio.com.br\\\/?p=310254#article\",\"isPartOf\":{\"@id\":\"https:\\\/\\\/blogdofarnesio.com.br\\\/?p=310254\"},\"author\":{\"name\":\"Farn\u00e9sio\",\"@id\":\"https:\\\/\\\/blogdofarnesio.com.br\\\/#\\\/schema\\\/person\\\/bb9b23ae3ad0609ce8df7b6c9e76824d\"},\"headline\":\"Centro de vida e sa\u00fade ser\u00e1 inaugurado em antigo posto de apoio policial, em Juazeiro (BA)\",\"datePublished\":\"2022-04-04T17:42:28+00:00\",\"mainEntityOfPage\":{\"@id\":\"https:\\\/\\\/blogdofarnesio.com.br\\\/?p=310254\"},\"wordCount\":246,\"commentCount\":0,\"publisher\":{\"@id\":\"https:\\\/\\\/blogdofarnesio.com.br\\\/#organization\"},\"image\":{\"@id\":\"https:\\\/\\\/blogdofarnesio.com.br\\\/?p=310254#primaryimage\"},\"thumbnailUrl\":\"https:\\\/\\\/blogdofarnesio.com.br\\\/wp-content\\\/uploads\\\/2014\\\/03\\\/Sa\u00fade-Mental-2.jpg\",\"articleSection\":[\"A\u00e7\u00e3o Social\"],\"inLanguage\":\"pt-BR\",\"potentialAction\":[{\"@type\":\"CommentAction\",\"name\":\"Comment\",\"target\":[\"https:\\\/\\\/blogdofarnesio.com.br\\\/?p=310254#respond\"]}]},{\"@type\":\"WebPage\",\"@id\":\"https:\\\/\\\/blogdofarnesio.com.br\\\/?p=310254\",\"url\":\"https:\\\/\\\/blogdofarnesio.com.br\\\/?p=310254\",\"name\":\"Centro de vida e sa\u00fade ser\u00e1 inaugurado em antigo posto de apoio policial, em Juazeiro (BA) - Blog do Farn\u00e9sio\",\"isPartOf\":{\"@id\":\"https:\\\/\\\/blogdofarnesio.com.br\\\/#website\"},\"primaryImageOfPage\":{\"@id\":\"https:\\\/\\\/blogdofarnesio.com.br\\\/?p=310254#primaryimage\"},\"image\":{\"@id\":\"https:\\\/\\\/blogdofarnesio.com.br\\\/?p=310254#primaryimage\"},\"thumbnailUrl\":\"https:\\\/\\\/blogdofarnesio.com.br\\\/wp-content\\\/uploads\\\/2014\\\/03\\\/Sa\u00fade-Mental-2.jpg\",\"datePublished\":\"2022-04-04T17:42:28+00:00\",\"breadcrumb\":{\"@id\":\"https:\\\/\\\/blogdofarnesio.com.br\\\/?p=310254#breadcrumb\"},\"inLanguage\":\"pt-BR\",\"potentialAction\":[{\"@type\":\"ReadAction\",\"target\":[\"https:\\\/\\\/blogdofarnesio.com.br\\\/?p=310254\"]}]},{\"@type\":\"ImageObject\",\"inLanguage\":\"pt-BR\",\"@id\":\"https:\\\/\\\/blogdofarnesio.com.br\\\/?p=310254#primaryimage\",\"url\":\"https:\\\/\\\/blogdofarnesio.com.br\\\/wp-content\\\/uploads\\\/2014\\\/03\\\/Sa\u00fade-Mental-2.jpg\",\"contentUrl\":\"https:\\\/\\\/blogdofarnesio.com.br\\\/wp-content\\\/uploads\\\/2014\\\/03\\\/Sa\u00fade-Mental-2.jpg\",\"width\":400,\"height\":317},{\"@type\":\"BreadcrumbList\",\"@id\":\"https:\\\/\\\/blogdofarnesio.com.br\\\/?p=310254#breadcrumb\",\"itemListElement\":[{\"@type\":\"ListItem\",\"position\":1,\"name\":\"In\u00edcio\",\"item\":\"https:\\\/\\\/blogdofarnesio.com.br\\\/\"},{\"@type\":\"ListItem\",\"position\":2,\"name\":\"Centro de vida e sa\u00fade ser\u00e1 inaugurado em antigo posto de apoio policial, em Juazeiro (BA)\"}]},{\"@type\":\"WebSite\",\"@id\":\"https:\\\/\\\/blogdofarnesio.com.br\\\/#website\",\"url\":\"https:\\\/\\\/blogdofarnesio.com.br\\\/\",\"name\":\"Blog do Farn\u00e9sio\",\"description\":\"Quer Saber Pol\u00edtica?\",\"publisher\":{\"@id\":\"https:\\\/\\\/blogdofarnesio.com.br\\\/#organization\"},\"potentialAction\":[{\"@type\":\"SearchAction\",\"target\":{\"@type\":\"EntryPoint\",\"urlTemplate\":\"https:\\\/\\\/blogdofarnesio.com.br\\\/?s={search_term_string}\"},\"query-input\":{\"@type\":\"PropertyValueSpecification\",\"valueRequired\":true,\"valueName\":\"search_term_string\"}}],\"inLanguage\":\"pt-BR\"},{\"@type\":\"Organization\",\"@id\":\"https:\\\/\\\/blogdofarnesio.com.br\\\/#organization\",\"name\":\"Blog do Farn\u00e9sio\",\"url\":\"https:\\\/\\\/blogdofarnesio.com.br\\\/\",\"logo\":{\"@type\":\"ImageObject\",\"inLanguage\":\"pt-BR\",\"@id\":\"https:\\\/\\\/blogdofarnesio.com.br\\\/#\\\/schema\\\/logo\\\/image\\\/\",\"url\":\"https:\\\/\\\/blogdofarnesio.com.br\\\/wp-content\\\/uploads\\\/2026\\\/03\\\/cropped-logo_new-1.png\",\"contentUrl\":\"https:\\\/\\\/blogdofarnesio.com.br\\\/wp-content\\\/uploads\\\/2026\\\/03\\\/cropped-logo_new-1.png\",\"width\":881,\"height\":685,\"caption\":\"Blog do Farn\u00e9sio\"},\"image\":{\"@id\":\"https:\\\/\\\/blogdofarnesio.com.br\\\/#\\\/schema\\\/logo\\\/image\\\/\"},\"sameAs\":[\"https:\\\/\\\/www.facebook.com\\\/BlogQuerSaberPolitica\\\/\"]},{\"@type\":\"Person\",\"@id\":\"https:\\\/\\\/blogdofarnesio.com.br\\\/#\\\/schema\\\/person\\\/bb9b23ae3ad0609ce8df7b6c9e76824d\",\"name\":\"Farn\u00e9sio\",\"image\":{\"@type\":\"ImageObject\",\"inLanguage\":\"pt-BR\",\"@id\":\"https:\\\/\\\/secure.gravatar.com\\\/avatar\\\/986aa4c61ccdb66f8555bf88fc2a65609d00bcabd4d2d94377a727547345cbca?s=96&d=mm&r=g\",\"url\":\"https:\\\/\\\/secure.gravatar.com\\\/avatar\\\/986aa4c61ccdb66f8555bf88fc2a65609d00bcabd4d2d94377a727547345cbca?s=96&d=mm&r=g\",\"contentUrl\":\"https:\\\/\\\/secure.gravatar.com\\\/avatar\\\/986aa4c61ccdb66f8555bf88fc2a65609d00bcabd4d2d94377a727547345cbca?s=96&d=mm&r=g\",\"caption\":\"Farn\u00e9sio\"},\"description\":\"Radialista blogueiro, chegou a Petrolina\\\/Juazeiro em setembro de 1980, Farn\u00e9sio Silva \u00e9 de Arapiraca-Alagoas.\",\"sameAs\":[\"http:\\\/\\\/blogdofarnesio.com.br\",\"https:\\\/\\\/www.facebook.com\\\/?ref=tn_tnmn\",\"https:\\\/\\\/www.instagram.com\\\/?utm_source=pwa_homescreen\",\"https:\\\/\\\/youtube.com.br\\\/\"],\"url\":\"https:\\\/\\\/blogdofarnesio.com.br\\\/?author=2\"}]}<\/script>\n<!-- \/ Yoast SEO plugin. -->","yoast_head_json":{"title":"Centro de vida e sa\u00fade ser\u00e1 inaugurado em antigo posto de apoio policial, em Juazeiro (BA) - Blog do Farn\u00e9sio","robots":{"index":"index","follow":"follow","max-snippet":"max-snippet:-1","max-image-preview":"max-image-preview:large","max-video-preview":"max-video-preview:-1"},"canonical":"https:\/\/blogdofarnesio.com.br\/?p=310254","og_locale":"pt_BR","og_type":"article","og_title":"Centro de vida e sa\u00fade ser\u00e1 inaugurado em antigo posto de apoio policial, em Juazeiro (BA) - Blog do Farn\u00e9sio","og_description":"No pr\u00f3ximo dia 9 de abril, o Centro de Esperan\u00e7a Vida e Sa\u00fade (CEVS) ser\u00e1 inaugurado onde antes era um antigo posto de apoio da Pol\u00edcia Militar. Para celebrar a inaugura\u00e7\u00e3o, a Ag\u00eancia Adventista de Desenvolvimento e Recursos Assistenciais (ADRA) de Juazeiro vai promover uma a\u00e7\u00e3o social com atendimentos gratuitos na \u00e1rea da sa\u00fade, jur\u00eddica e est\u00e9tica. Al\u00e9m de profissionais volunt\u00e1rios, o\u00a0SESC\/PE tamb\u00e9m estar\u00e1 presente e ofertar\u00e1 servi\u00e7os de aferi\u00e7\u00e3o de press\u00e3o, teste de glicemia, bioimped\u00e2ncia e nutri\u00e7\u00e3o. O centro de sa\u00fade vai funcionar na Av. Cristalina, Bairro Malhada da Areia, prestando atendimento peri\u00f3dico de sa\u00fade preventiva no combate a drogas l\u00edcitas e il\u00edcitas, orienta\u00e7\u00f5es jur\u00eddicas, al\u00e9m do cadastro e acompanhamento das fam\u00edlias da comunidade para distribui\u00e7\u00e3o de cesta b\u00e1sica&hellip;","og_url":"https:\/\/blogdofarnesio.com.br\/?p=310254","og_site_name":"Blog do Farn\u00e9sio","article_publisher":"https:\/\/www.facebook.com\/BlogQuerSaberPolitica\/","article_author":"https:\/\/www.facebook.com\/?ref=tn_tnmn","article_published_time":"2022-04-04T17:42:28+00:00","og_image":[{"width":400,"height":317,"url":"https:\/\/blogdofarnesio.com.br\/wp-content\/uploads\/2014\/03\/Sa\u00fade-Mental-2.jpg","type":"image\/jpeg"}],"author":"Farn\u00e9sio","twitter_card":"summary_large_image","twitter_misc":{"Escrito por":"Farn\u00e9sio","Est. tempo de leitura":"1 minuto"},"schema":{"@context":"https:\/\/schema.org","@graph":[{"@type":"Article","@id":"https:\/\/blogdofarnesio.com.br\/?p=310254#article","isPartOf":{"@id":"https:\/\/blogdofarnesio.com.br\/?p=310254"},"author":{"name":"Farn\u00e9sio","@id":"https:\/\/blogdofarnesio.com.br\/#\/schema\/person\/bb9b23ae3ad0609ce8df7b6c9e76824d"},"headline":"Centro de vida e sa\u00fade ser\u00e1 inaugurado em antigo posto de apoio policial, em Juazeiro (BA)","datePublished":"2022-04-04T17:42:28+00:00","mainEntityOfPage":{"@id":"https:\/\/blogdofarnesio.com.br\/?p=310254"},"wordCount":246,"commentCount":0,"publisher":{"@id":"https:\/\/blogdofarnesio.com.br\/#organization"},"image":{"@id":"https:\/\/blogdofarnesio.com.br\/?p=310254#primaryimage"},"thumbnailUrl":"https:\/\/blogdofarnesio.com.br\/wp-content\/uploads\/2014\/03\/Sa\u00fade-Mental-2.jpg","articleSection":["A\u00e7\u00e3o Social"],"inLanguage":"pt-BR","potentialAction":[{"@type":"CommentAction","name":"Comment","target":["https:\/\/blogdofarnesio.com.br\/?p=310254#respond"]}]},{"@type":"WebPage","@id":"https:\/\/blogdofarnesio.com.br\/?p=310254","url":"https:\/\/blogdofarnesio.com.br\/?p=310254","name":"Centro de vida e sa\u00fade ser\u00e1 inaugurado em antigo posto de apoio policial, em Juazeiro (BA) - Blog do Farn\u00e9sio","isPartOf":{"@id":"https:\/\/blogdofarnesio.com.br\/#website"},"primaryImageOfPage":{"@id":"https:\/\/blogdofarnesio.com.br\/?p=310254#primaryimage"},"image":{"@id":"https:\/\/blogdofarnesio.com.br\/?p=310254#primaryimage"},"thumbnailUrl":"https:\/\/blogdofarnesio.com.br\/wp-content\/uploads\/2014\/03\/Sa\u00fade-Mental-2.jpg","datePublished":"2022-04-04T17:42:28+00:00","breadcrumb":{"@id":"https:\/\/blogdofarnesio.com.br\/?p=310254#breadcrumb"},"inLanguage":"pt-BR","potentialAction":[{"@type":"ReadAction","target":["https:\/\/blogdofarnesio.com.br\/?p=310254"]}]},{"@type":"ImageObject","inLanguage":"pt-BR","@id":"https:\/\/blogdofarnesio.com.br\/?p=310254#primaryimage","url":"https:\/\/blogdofarnesio.com.br\/wp-content\/uploads\/2014\/03\/Sa\u00fade-Mental-2.jpg","contentUrl":"https:\/\/blogdofarnesio.com.br\/wp-content\/uploads\/2014\/03\/Sa\u00fade-Mental-2.jpg","width":400,"height":317},{"@type":"BreadcrumbList","@id":"https:\/\/blogdofarnesio.com.br\/?p=310254#breadcrumb","itemListElement":[{"@type":"ListItem","position":1,"name":"In\u00edcio","item":"https:\/\/blogdofarnesio.com.br\/"},{"@type":"ListItem","position":2,"name":"Centro de vida e sa\u00fade ser\u00e1 inaugurado em antigo posto de apoio policial, em Juazeiro (BA)"}]},{"@type":"WebSite","@id":"https:\/\/blogdofarnesio.com.br\/#website","url":"https:\/\/blogdofarnesio.com.br\/","name":"Blog do Farn\u00e9sio","description":"Quer Saber Pol\u00edtica?","publisher":{"@id":"https:\/\/blogdofarnesio.com.br\/#organization"},"potentialAction":[{"@type":"SearchAction","target":{"@type":"EntryPoint","urlTemplate":"https:\/\/blogdofarnesio.com.br\/?s={search_term_string}"},"query-input":{"@type":"PropertyValueSpecification","valueRequired":true,"valueName":"search_term_string"}}],"inLanguage":"pt-BR"},{"@type":"Organization","@id":"https:\/\/blogdofarnesio.com.br\/#organization","name":"Blog do Farn\u00e9sio","url":"https:\/\/blogdofarnesio.com.br\/","logo":{"@type":"ImageObject","inLanguage":"pt-BR","@id":"https:\/\/blogdofarnesio.com.br\/#\/schema\/logo\/image\/","url":"https:\/\/blogdofarnesio.com.br\/wp-content\/uploads\/2026\/03\/cropped-logo_new-1.png","contentUrl":"https:\/\/blogdofarnesio.com.br\/wp-content\/uploads\/2026\/03\/cropped-logo_new-1.png","width":881,"height":685,"caption":"Blog do Farn\u00e9sio"},"image":{"@id":"https:\/\/blogdofarnesio.com.br\/#\/schema\/logo\/image\/"},"sameAs":["https:\/\/www.facebook.com\/BlogQuerSaberPolitica\/"]},{"@type":"Person","@id":"https:\/\/blogdofarnesio.com.br\/#\/schema\/person\/bb9b23ae3ad0609ce8df7b6c9e76824d","name":"Farn\u00e9sio","image":{"@type":"ImageObject","inLanguage":"pt-BR","@id":"https:\/\/secure.gravatar.com\/avatar\/986aa4c61ccdb66f8555bf88fc2a65609d00bcabd4d2d94377a727547345cbca?s=96&d=mm&r=g","url":"https:\/\/secure.gravatar.com\/avatar\/986aa4c61ccdb66f8555bf88fc2a65609d00bcabd4d2d94377a727547345cbca?s=96&d=mm&r=g","contentUrl":"https:\/\/secure.gravatar.com\/avatar\/986aa4c61ccdb66f8555bf88fc2a65609d00bcabd4d2d94377a727547345cbca?s=96&d=mm&r=g","caption":"Farn\u00e9sio"},"description":"Radialista blogueiro, chegou a Petrolina\/Juazeiro em setembro de 1980, Farn\u00e9sio Silva \u00e9 de Arapiraca-Alagoas.","sameAs":["http:\/\/blogdofarnesio.com.br","https:\/\/www.facebook.com\/?ref=tn_tnmn","https:\/\/www.instagram.com\/?utm_source=pwa_homescreen","https:\/\/youtube.com.br\/"],"url":"https:\/\/blogdofarnesio.com.br\/?author=2"}]}},"_links":{"self":[{"href":"https:\/\/blogdofarnesio.com.br\/index.php?rest_route=\/wp\/v2\/posts\/310254","targetHints":{"allow":["GET"]}}],"collection":[{"href":"https:\/\/blogdofarnesio.com.br\/index.php?rest_route=\/wp\/v2\/posts"}],"about":[{"href":"https:\/\/blogdofarnesio.com.br\/index.php?rest_route=\/wp\/v2\/types\/post"}],"author":[{"embeddable":true,"href":"https:\/\/blogdofarnesio.com.br\/index.php?rest_route=\/wp\/v2\/users\/2"}],"replies":[{"embeddable":true,"href":"https:\/\/blogdofarnesio.com.br\/index.php?rest_route=%2Fwp%2Fv2%2Fcomments&post=310254"}],"version-history":[{"count":0,"href":"https:\/\/blogdofarnesio.com.br\/index.php?rest_route=\/wp\/v2\/posts\/310254\/revisions"}],"wp:featuredmedia":[{"embeddable":true,"href":"https:\/\/blogdofarnesio.com.br\/index.php?rest_route=\/wp\/v2\/media\/76558"}],"wp:attachment":[{"href":"https:\/\/blogdofarnesio.com.br\/index.php?rest_route=%2Fwp%2Fv2%2Fmedia&parent=310254"}],"wp:term":[{"taxonomy":"category","embeddable":true,"href":"https:\/\/blogdofarnesio.com.br\/index.php?rest_route=%2Fwp%2Fv2%2Fcategories&post=310254"},{"taxonomy":"post_tag","embeddable":true,"href":"https:\/\/blogdofarnesio.com.br\/index.php?rest_route=%2Fwp%2Fv2%2Ftags&post=310254"}],"curies":[{"name":"wp","href":"https:\/\/api.w.org\/{rel}","templated":true}]}}