{"id":310248,"date":"2022-04-04T12:37:49","date_gmt":"2022-04-04T15:37:49","guid":{"rendered":"https:\/\/blogdofarnesio.com.br\/?p=310248"},"modified":"2022-04-04T12:37:49","modified_gmt":"2022-04-04T15:37:49","slug":"vera-de-maria-maga-foi-a-vencedora-da-segunda-temporada-do-programa-assista-aos-videos-das-apresentacoes-que-encerraram-o-reality-show","status":"publish","type":"post","link":"https:\/\/blogdofarnesio.com.br\/?p=310248","title":{"rendered":"Vera de Maria Maga foi a vencedora da segunda temporada do programa; assista aos v\u00eddeos das apresenta\u00e7\u00f5es que encerraram o reality show!"},"content":{"rendered":"<div class=\"row content-head non-featured \">\n<div class=\"title\">\n<h1 class=\"content-head__title\">Final do &#8216;The Voice +&#8217;: Faf\u00e1 de Bel\u00e9m \u00e9 comparada a personagem de &#8216;Game Of Thrones&#8217;, Toni estreia com p\u00e9 quente e muito mais<\/h1>\n<\/div>\n<div class=\"medium-centered subtitle\">\n<h2 class=\"content-head__subtitle\"><span style=\"font-size: 16px;\">Por Gshow \u2014 Rio de Janeiro<\/span><\/h2>\n<\/div>\n<\/div>\n<hr class=\"content__divider \" \/>\n<div class=\"mc-article-body\">\n<article>\n<div class=\"row medium-uncollapsed content-media content-photo\" data-block-type=\"backstage-photo\" data-block-id=\"0\">\n<div class=\"column medium-22 large-20 medium-centered content-media__container\">\n<div class=\"content-media-container glb-skeleton-box\">\n<figure class=\"content-media-figure\"><img decoding=\"async\" class=\"i-amphtml-fill-content i-amphtml-replaced-content\" src=\"https:\/\/s2.glbimg.com\/XxzPQoBYq8_XAuR1dvXnf0ekWhQ=\/0x0:800x400\/1008x0\/smart\/filters:strip_icc()\/i.s3.glbimg.com\/v1\/AUTH_e84042ef78cb4708aeebdf1c68c6cbd6\/internal_photos\/bs\/2022\/q\/6\/yrSBpNTraTrZrH1las0A\/fafa-game-of-thrones-1-.jpg\" srcset=\"\" alt=\"Faf\u00e1 de Bel\u00e9m \u00e9 comparada a Danerys de Game Of Throne \u2014 Foto: Camilla Maia \/ Gshow e Reprodu\u00e7\u00e3o \/ Instagram\" \/><\/figure>\n<\/div>\n<p class=\"content-media__description \">Faf\u00e1 de Bel\u00e9m \u00e9 comparada a Danerys de Game Of Throne \u2014 Foto: Camilla Maia \/ Gshow e Reprodu\u00e7\u00e3o \/ Instagram<\/p>\n<\/div>\n<\/div>\n<div class=\"mc-column mc-side-item__container\" data-block-type=\"ads\" data-block-id=\"1\">\n<div class=\"mc-side-item mc-side-item--right content-ads content-ads--side-ad\"><\/div>\n<\/div>\n<div class=\"mc-column content-text active-extra-styles \" data-block-type=\"unstyled\" data-block-weight=\"52\" data-block-id=\"2\">\n<p class=\"content-text__container \" data-track-category=\"Link no Texto\" data-track-links=\"\">Foram 10 semanas, mais de\u00a0<a href=\"https:\/\/gshow.globo.com\/realities\/the-voice-mais\/playlists\/\">130 apresenta\u00e7\u00f5es<\/a>, muitas\u00a0<a href=\"https:\/\/gshow.globo.com\/realities\/the-voice-mais\/2022\/noticia\/the-voice-sem-peguei-fase-top-dos-tops-comeca-com-disputas-acirradas-acompanhe.ghtml\">risadas<\/a>,\u00a0<a href=\"https:\/\/gshow.globo.com\/realities\/the-voice-mais\/2022\/noticia\/the-voice-fafa-de-belem-chora-ao-lembrar-do-inicio-da-carreira-tenho-orgulho-do-que-eu-construi.ghtml\">l\u00e1grimas<\/a>\u00a0e uma certeza: como canta Milton Nascimento, os\u00a0<span class=\"highlight highlighted\">&#8220;sonhos n\u00e3o envelhecem&#8221;<\/span>. A segunda temporada de\u00a0<a href=\"https:\/\/gshow.globo.com\/realities\/the-voice-mais\/\">The Voice\u00a0<\/a>+, programa dedicado a talentos com mais de 60 anos, chegou ao fim no \u00faltimo domingo, 3\/4, com a vit\u00f3ria de\u00a0<a href=\"http:\/\/gshow.globo.com\/artistas\/vera-de-maria-maga\">Vera de Maria Maga<\/a>.<\/p>\n<\/div>\n<div class=\"wall protected-content\">\n<div class=\"show-multicontent-block\">\n<div class=\"show-multicontent-block-container\" data-track-category=\"multicontent\" data-track-action=\"show-multicontent-block\" data-track-scroll=\"view | 'The Voice +': Vera de Maria Maga, do Time Toni Garrido, \u00e9 a vencedora da 2\u00aa temporada | \" data-block-type=\"mini-post\" data-block-id=\"3\">\n<div class=\"show-multicontent-block mc-column\" data-track-action=\"Click\">\n<div class=\"show-multicontent-block__thumbnail-wrapper\" data-track-click=\"click midia | 'The Voice +': Vera de Maria Maga, do Time Toni Garrido, \u00e9 a vencedora da 2\u00aa temporada | \">\n<div class=\"style__Wrapper-sc-jfshyc-0 jLuEuT\">\n<div class=\"style__Layout-sc-jfshyc-1 style__Responsive-sc-jfshyc-3 hNmmBf\">\n<div class=\"style__Container-sc-jfshyc-4 gHwGQt\">\n<div class=\"style__Content-sc-jfshyc-5 cMKmwG\"><\/div>\n<p><img loading=\"lazy\" decoding=\"async\" class=\"style__Img-sc-jfshyc-6 fKxker\" src=\"https:\/\/s2.glbimg.com\/u4wYaZ7w5yUTiIm3_y0szaIKN04=\/320x182\/middle\/smart\/i.s3.glbimg.com\/v1\/AUTH_e84042ef78cb4708aeebdf1c68c6cbd6\/internal_photos\/bs\/2022\/u\/n\/xJl6joQ1GxpBBlhuyMIA\/whatsapp-image-2022-04-03-at-15.45.56-1-.jpeg\" sizes=\"auto, 322px\" srcset=\"https:\/\/s2.glbimg.com\/u4wYaZ7w5yUTiIm3_y0szaIKN04=\/320x182\/middle\/smart\/i.s3.glbimg.com\/v1\/AUTH_e84042ef78cb4708aeebdf1c68c6cbd6\/internal_photos\/bs\/2022\/u\/n\/xJl6joQ1GxpBBlhuyMIA\/whatsapp-image-2022-04-03-at-15.45.56-1-.jpeg 1080w\" alt=\"'The Voice +': Vera de Maria Maga, do Time Toni Garrido, \u00e9 a vencedora da 2\u00aa temporada\" width=\"320\" height=\"182\" \/><\/div>\n<\/div>\n<\/div>\n<\/div>\n<div class=\"show-multicontent-block__content\">\n<p class=\"show-multicontent-block__title\" data-track-click=\"click titulo | 'The Voice +': Vera de Maria Maga, do Time Toni Garrido, \u00e9 a vencedora da 2\u00aa temporada | \">&#8216;The Voice +&#8217;: Vera de Maria Maga, do Time Toni Garrido, \u00e9 a vencedora da 2\u00aa temporada<\/p>\n<\/div>\n<\/div>\n<\/div>\n<\/div>\n<div class=\"mc-column content-text active-extra-styles \" data-block-type=\"unstyled\" data-block-weight=\"46\" data-block-id=\"5\">\n<p class=\"content-text__container \" data-track-category=\"Link no Texto\" data-track-links=\"\">Pela primeira vez, a\u00a0<strong>Semifinal<\/strong>\u00a0e a\u00a0<strong>Final<\/strong>\u00a0da competi\u00e7\u00e3o foram disputadas no mesmo programa. A tarde de gala do\u00a0<a href=\"https:\/\/gshow.globo.com\/realities\/the-voice-mais\/\">The Voice\u00a0<\/a>+ contou com apresenta\u00e7\u00f5es \u00e0 altura dos grandes talentos que abrilhantaram a disputa, looks arrasadores e, como n\u00e3o poderia deixar de ser, muita emo\u00e7\u00e3o!<\/p>\n<\/div>\n<div class=\"row medium-uncollapsed content-media content-photo\" data-block-type=\"backstage-photo\" data-block-id=\"6\">\n<div class=\"column medium-22 large-20 medium-centered content-media__container\">\n<div class=\"content-media-container glb-skeleton-box\">\n<figure class=\"content-media-figure\"><img decoding=\"async\" class=\"i-amphtml-fill-content i-amphtml-replaced-content\" src=\"https:\/\/s2.glbimg.com\/fB0oc4FWP_1r7LYhJdqSGAF6Pfg=\/0x0:7360x4912\/1008x0\/smart\/filters:strip_icc()\/i.s3.glbimg.com\/v1\/AUTH_e84042ef78cb4708aeebdf1c68c6cbd6\/internal_photos\/bs\/2022\/V\/t\/05IoQnS8mHA54sLaYo7w\/voc-6302-1-.jpg\" srcset=\"\" alt=\"T\u00e9cnicos e apresentadores na final do The Voice + \u2014 Foto: Camilla Maia\/Gshow\" \/><\/figure>\n<\/div>\n<p class=\"content-media__description \">T\u00e9cnicos e apresentadores na final do The Voice + \u2014 Foto: Camilla Maia\/Gshow<\/p>\n<\/div>\n<\/div>\n<div class=\"mc-column content-text active-extra-styles \" data-block-type=\"unstyled\" data-block-weight=\"4\" data-block-id=\"7\">\n<p class=\"content-text__container \" data-track-category=\"Link no Texto\" data-track-links=\"\"><strong>Vem de melhores momentos!<\/strong><\/p>\n<\/div>\n<div id=\"multicontent-playlist\" class=\"multicontent-playlist\">\n<div class=\"show-multicontent-playlist-new\">\n<div class=\"show-multicontent-playlist-new-container\" data-track-category=\"multicontent\" data-track-scroll=\"view\" data-block-type=\"playlist\" data-block-id=\"8\">\n<div class=\"show-multicontent-playlist-new mc-column\" data-track-action=\"click\">\n<div class=\"trilho__actions show-multicontent-playlist-new__trilho__actions\">\n<div class=\"trilho__title show-multicontent-playlist-new__trilho__title\">V\u00eddeos do epis\u00f3dio de &#8216;The Voice +&#8217; de domingo, 03 de abril de 2022<\/div>\n<\/div>\n<div class=\"swiper swiper-initialized swiper-horizontal swiper-pointer-events swiper-free-mode\">\n<div class=\"swiper-wrapper\">\n<div class=\"swiper-slide swiper-slide-active\">\n<div class=\"style__Wrapper-sc-1dirmr0-0 iWVFDU\">\n<div class=\"style__Layout-sc-1dirmr0-1 style__Responsive-sc-1dirmr0-3 cdnmwx\">\n<div class=\"style__Container-sc-1dirmr0-4 crnHeL\">\n<div class=\"style__Content-sc-1dirmr0-5 caIHuf\">\n<div class=\"show-multicontent-playlist-new__container__body\">\n<div class=\"show-multicontent-playlist-new__container__body__title\">\n<div class=\"style__Circle-sc-1swgsiw-0 kVomyc video-circle-style\"><\/div>\n<div class=\"style__Container-sc-nrcnfj-0 dFBWXG\">\n<div class=\"style__Text-sc-nrcnfj-1 bQJCwT\" data-testid=\"test-background-color\"><span class=\"highlight-line border-bottom\" data-index=\"0\">Ludmilla fala sobre o <\/span><span class=\"highlight-line corner corner-normal corner-top\" data-index=\"1\">seu time<\/span><\/div>\n<\/div>\n<\/div>\n<\/div>\n<\/div>\n<p><img loading=\"lazy\" decoding=\"async\" class=\"style__Img-sc-1dirmr0-6 iHYchV\" src=\"https:\/\/s2.glbimg.com\/xPpyHcIlew7ugUNklHxb087JlOY=\/427x240\/s01.video.glbimg.com\/deo\/vi\/64\/91\/10449164\" width=\"300\" height=\"300\" \/><\/div>\n<\/div>\n<\/div>\n<\/div>\n<div class=\"swiper-slide swiper-slide-next\">\n<div class=\"style__Wrapper-sc-1dirmr0-0 iWVFDU\">\n<div class=\"style__Layout-sc-1dirmr0-1 style__Responsive-sc-1dirmr0-3 cdnmwx\">\n<div class=\"style__Container-sc-1dirmr0-4 crnHeL\">\n<div class=\"style__Content-sc-1dirmr0-5 caIHuf\">\n<div class=\"show-multicontent-playlist-new__container__body\">\n<div class=\"show-multicontent-playlist-new__container__body__title\">\n<div class=\"style__Circle-sc-1swgsiw-0 kVomyc video-circle-style\"><\/div>\n<div class=\"style__Container-sc-nrcnfj-0 dFBWXG\">\n<div class=\"style__Text-sc-nrcnfj-1 bQJCwT\" data-testid=\"test-background-color\"><span class=\"highlight-line border-bottom\" data-index=\"0\">O time Ludmilla canta <\/span><span class=\"highlight-line\" data-index=\"1\">&#8216;\u00c9 Preciso Saber Viver&#8217;<\/span><\/div>\n<\/div>\n<\/div>\n<\/div>\n<\/div>\n<p><img loading=\"lazy\" decoding=\"async\" class=\"style__Img-sc-1dirmr0-6 iHYchV\" src=\"https:\/\/s2.glbimg.com\/KldhbNRF2TA4PzM61una4Loo8Z8=\/427x240\/s04.video.glbimg.com\/deo\/vi\/67\/91\/10449167\" width=\"300\" height=\"300\" \/><\/div>\n<\/div>\n<\/div>\n<\/div>\n<div class=\"swiper-slide\">\n<div class=\"style__Wrapper-sc-1dirmr0-0 iWVFDU\">\n<div class=\"style__Layout-sc-1dirmr0-1 style__Responsive-sc-1dirmr0-3 cdnmwx\">\n<div class=\"style__Container-sc-1dirmr0-4 crnHeL\">\n<div class=\"style__Content-sc-1dirmr0-5 caIHuf\">\n<div class=\"show-multicontent-playlist-new__container__body\">\n<div class=\"show-multicontent-playlist-new__container__body__title\">\n<div class=\"style__Circle-sc-1swgsiw-0 kVomyc video-circle-style\"><\/div>\n<div class=\"style__Container-sc-nrcnfj-0 dFBWXG\">\n<div class=\"style__Text-sc-nrcnfj-1 bQJCwT\" data-testid=\"test-background-color\"><span class=\"highlight-line border-bottom\" data-index=\"0\">Ludmilla decide quem <\/span><span class=\"highlight-line corner corner-normal corner-top\" data-index=\"1\">ir\u00e1 para a final<\/span><\/div>\n<\/div>\n<\/div>\n<\/div>\n<\/div>\n<p><img loading=\"lazy\" decoding=\"async\" class=\"style__Img-sc-1dirmr0-6 iHYchV\" src=\"https:\/\/s2.glbimg.com\/nRLlcBtSF5LJt1jvyIwZTP-7PRU=\/427x240\/s02.video.glbimg.com\/deo\/vi\/69\/91\/10449169\" width=\"300\" height=\"300\" \/><\/div>\n<\/div>\n<\/div>\n<\/div>\n<div class=\"swiper-slide\">\n<div class=\"style__Wrapper-sc-1dirmr0-0 iWVFDU\">\n<div class=\"style__Layout-sc-1dirmr0-1 style__Responsive-sc-1dirmr0-3 cdnmwx\">\n<div class=\"style__Container-sc-1dirmr0-4 crnHeL\">\n<div class=\"style__Content-sc-1dirmr0-5 caIHuf\">\n<div class=\"show-multicontent-playlist-new__container__body\">\n<div class=\"show-multicontent-playlist-new__container__body__title\">\n<div class=\"style__Circle-sc-1swgsiw-0 kVomyc video-circle-style\"><\/div>\n<div class=\"style__Container-sc-nrcnfj-0 dFBWXG\">\n<div class=\"style__Text-sc-nrcnfj-1 bQJCwT\" data-testid=\"test-background-color\"><span class=\"highlight-line border-bottom\" data-index=\"0\">Toni Garrido canta &#8216;S\u00f3 <\/span><span class=\"highlight-line corner corner-normal corner-top\" data-index=\"1\">a Lua&#8217;<\/span><\/div>\n<\/div>\n<\/div>\n<\/div>\n<\/div>\n<p><img loading=\"lazy\" decoding=\"async\" class=\"style__Img-sc-1dirmr0-6 iHYchV\" src=\"https:\/\/s2.glbimg.com\/yR0B74Zl2f3NE3pfjACZ3FPEDlE=\/427x240\/s04.video.glbimg.com\/deo\/vi\/71\/91\/10449171\" width=\"300\" height=\"300\" \/><\/div>\n<\/div>\n<\/div>\n<\/div>\n<div class=\"swiper-slide\">\n<div class=\"style__Wrapper-sc-1dirmr0-0 iWVFDU\">\n<div class=\"style__Layout-sc-1dirmr0-1 style__Responsive-sc-1dirmr0-3 cdnmwx\">\n<div class=\"style__Container-sc-1dirmr0-4 crnHeL\">\n<div class=\"style__Content-sc-1dirmr0-5 caIHuf\">\n<div class=\"show-multicontent-playlist-new__container__body\">\n<div class=\"show-multicontent-playlist-new__container__body__title\">\n<div class=\"style__Circle-sc-1swgsiw-0 kVomyc video-circle-style\"><\/div>\n<div class=\"style__Container-sc-nrcnfj-0 dFBWXG\">\n<div class=\"style__Text-sc-nrcnfj-1 bQJCwT\" data-testid=\"test-background-color\"><span class=\"highlight-line border-bottom\" data-index=\"0\">Os participantes <\/span><span class=\"highlight-line corner corner-normal corner-top\" data-index=\"1\">respondem <\/span><span class=\"highlight-line border-top\" data-index=\"2\">curiosidades<\/span><\/div>\n<\/div>\n<\/div>\n<\/div>\n<\/div>\n<p><img loading=\"lazy\" decoding=\"async\" class=\"style__Img-sc-1dirmr0-6 iHYchV\" src=\"https:\/\/s2.glbimg.com\/KNyOB8cIFqpTaiaggFcCqRVy99w=\/427x240\/s01.video.glbimg.com\/deo\/vi\/72\/91\/10449172\" width=\"300\" height=\"300\" \/><\/div>\n<\/div>\n<\/div>\n<\/div>\n<div class=\"swiper-slide\">\n<div class=\"style__Wrapper-sc-1dirmr0-0 iWVFDU\">\n<div class=\"style__Layout-sc-1dirmr0-1 style__Responsive-sc-1dirmr0-3 cdnmwx\">\n<div class=\"style__Container-sc-1dirmr0-4 crnHeL\">\n<div class=\"style__Content-sc-1dirmr0-5 caIHuf\">\n<div class=\"show-multicontent-playlist-new__container__body\">\n<div class=\"show-multicontent-playlist-new__container__body__title\">\n<div class=\"style__Circle-sc-1swgsiw-0 kVomyc video-circle-style\"><\/div>\n<div class=\"style__Container-sc-nrcnfj-0 dFBWXG\">\n<div class=\"style__Text-sc-nrcnfj-1 bQJCwT\" data-testid=\"test-background-color\"><span class=\"highlight-line border-bottom\" data-index=\"0\">Faf\u00e1 de Bel\u00e9m fala <\/span><span class=\"highlight-line corner corner-mini corner-top\" data-index=\"1\">sobre o seu time<\/span><\/div>\n<\/div>\n<\/div>\n<\/div>\n<\/div>\n<p><img loading=\"lazy\" decoding=\"async\" class=\"style__Img-sc-1dirmr0-6 iHYchV\" src=\"https:\/\/s2.glbimg.com\/xDjSDiXrZvatRpAiVv99fIYn8No=\/427x240\/s02.video.glbimg.com\/deo\/vi\/73\/91\/10449173\" width=\"300\" height=\"300\" \/><\/div>\n<\/div>\n<\/div>\n<\/div>\n<div class=\"swiper-slide\"><a class=\"playlist-thumb-container\" href=\"https:\/\/gshow.globo.com\/realities\/the-voice-mais\/2022\/episodio\/2022\/04\/03\/videos-do-episodio-de-the-voice-de-domingo-03-de-abril-de-2022.ghtml\" data-track-click=\"posicao 6\">Mais v\u00eddeos da playlist<\/a><\/div>\n<\/div>\n<\/div>\n<\/div>\n<\/div>\n<\/div>\n<\/div>\n<div class=\"content-ads content-ads--reveal\" data-block-type=\"ads\" data-block-id=\"9\"><\/div>\n<div class=\"mc-column content-text active-extra-styles\" data-block-type=\"raw\" data-block-weight=\"8\" data-block-id=\"10\">\n<p class=\"content-text__container\">\n<div class=\"content-intertitle\">\n<h2><strong>?\u00a0<\/strong><a href=\"http:\/\/gshow.globo.com\/artistas\/vera-de-maria-maga\"><strong>Vera de Maria Maga<\/strong><\/a><strong> \u00e9 a campe\u00e3&#8230;<\/strong><\/h2>\n<\/div>\n<\/div>\n<div class=\"bs-video-block mc-column  content-media content-video\" data-block-type=\"backstage-video\" data-block-id=\"11\">\n<div class=\"content-media__container\">\n<div class=\"content-video__bigger-player-description-fixer\">\n<article class=\"content-video\">\n<section class=\"content-video__video-container\">\n<div class=\"content-video__video\">\n<div id=\"wp3-player-2\" class=\"clappr-player video-rec-after-end--enabled clappr-detach--is-detached clappr-detach--is-detached__visible\" tabindex=\"9999\" data-player=\"\">\n<div class=\"container master-container pointer-enabled chromecast-playback-overlay--hidden\" data-container=\"\" data-pip=\"\">\n<div class=\"id-playback\" data-id-playback=\"\"><video id=\"c75\" src=\"blob:https:\/\/gshow.globo.com\/e2149f0a-df3f-4dab-99a1-0999f6a3f315\" poster=\"https:\/\/s04.video.glbimg.com\/x720\/10449227.jpg\" preload=\"none\" muted=\"true\" width=\"300\" height=\"150\" data-html5-video=\"\" data-mce-fragment=\"1\"><\/video><\/div>\n<\/div>\n<\/div>\n<\/div>\n<\/section>\n<\/article>\n<\/div>\n<p class=\"content-media__description\">Vera de Maria Maga vence o &#8216;The Voice +&#8217;<\/p>\n<\/div>\n<\/div>\n<div class=\"mc-column content-text active-extra-styles \" data-block-type=\"unstyled\" data-block-weight=\"49\" data-block-id=\"12\">\n<p class=\"content-text__container \" data-track-category=\"Link no Texto\" data-track-links=\"\">N\u00e3o h\u00e1 momento melhor do que a premia\u00e7\u00e3o da grande campe\u00e3 da temporada, n\u00e3o \u00e9 verdade?\u00a0<a href=\"http:\/\/gshow.globo.com\/artistas\/vera-de-maria-maga\">Vera de Maria Maga<\/a>\u00a0conquistou o p\u00fablico do\u00a0<a href=\"https:\/\/gshow.globo.com\/realities\/the-voice-mais\/\">The Voice\u00a0<\/a>+ com sua voz forte e cheia de personalidade. A pernambucana entregou TU-DO cantando &#8220;\u00cdndia&#8221; , sucesso na voz de Gal Costa.<\/p>\n<\/div>\n<div class=\"mc-column content-text active-extra-styles \" data-block-type=\"unstyled\" data-block-weight=\"26\" data-block-id=\"13\">\n<p class=\"content-text__container \" data-track-category=\"Link no Texto\" data-track-links=\"\">Vera disputou a final com\u00a0<a href=\"http:\/\/gshow.globo.com\/artistas\/dionisya-moreira\">Dionisya Moreira<\/a>,\u00a0<a href=\"http:\/\/gshow.globo.com\/artistas\/marcilia-de-queiroz-pinheiro\">Marc\u00edlia de Queiroz Pinheiro<\/a>\u00a0e\u00a0<a href=\"http:\/\/gshow.globo.com\/artistas\/mauricio-gasperini\">Maur\u00edcio Gasperini<\/a>\u00a0e conquistou a prefer\u00eancia do p\u00fablico com 34,86 % dos votos.<\/p>\n<\/div>\n<div class=\"show-multicontent-block\">\n<div class=\"show-multicontent-block-container\" data-track-category=\"multicontent\" data-track-action=\"show-multicontent-block\" data-track-scroll=\"view | 'The Voice +': Vera de Maria Maga, do Time Toni Garrido, \u00e9 a vencedora da 2\u00aa temporada | \" data-block-type=\"mini-post\" data-block-id=\"14\">\n<div class=\"show-multicontent-block mc-column\" data-track-action=\"Click\">\n<div class=\"show-multicontent-block__thumbnail-wrapper\" data-track-click=\"click midia | 'The Voice +': Vera de Maria Maga, do Time Toni Garrido, \u00e9 a vencedora da 2\u00aa temporada | \">\n<div class=\"style__Wrapper-sc-jfshyc-0 jLuEuT\">\n<div class=\"style__Layout-sc-jfshyc-1 style__Responsive-sc-jfshyc-3 hNmmBf\">\n<div class=\"style__Container-sc-jfshyc-4 gHwGQt\">\n<div class=\"style__Content-sc-jfshyc-5 cMKmwG\"><\/div>\n<p><img loading=\"lazy\" decoding=\"async\" class=\"style__Img-sc-jfshyc-6 fKxker\" src=\"https:\/\/s2.glbimg.com\/u4wYaZ7w5yUTiIm3_y0szaIKN04=\/320x182\/middle\/smart\/i.s3.glbimg.com\/v1\/AUTH_e84042ef78cb4708aeebdf1c68c6cbd6\/internal_photos\/bs\/2022\/u\/n\/xJl6joQ1GxpBBlhuyMIA\/whatsapp-image-2022-04-03-at-15.45.56-1-.jpeg\" sizes=\"auto, 322px\" srcset=\"https:\/\/s2.glbimg.com\/u4wYaZ7w5yUTiIm3_y0szaIKN04=\/320x182\/middle\/smart\/i.s3.glbimg.com\/v1\/AUTH_e84042ef78cb4708aeebdf1c68c6cbd6\/internal_photos\/bs\/2022\/u\/n\/xJl6joQ1GxpBBlhuyMIA\/whatsapp-image-2022-04-03-at-15.45.56-1-.jpeg 1080w\" alt=\"'The Voice +': Vera de Maria Maga, do Time Toni Garrido, \u00e9 a vencedora da 2\u00aa temporada\" width=\"320\" height=\"182\" \/><\/div>\n<\/div>\n<\/div>\n<\/div>\n<div class=\"show-multicontent-block__content\">\n<p class=\"show-multicontent-block__title\" data-track-click=\"click titulo | 'The Voice +': Vera de Maria Maga, do Time Toni Garrido, \u00e9 a vencedora da 2\u00aa temporada | \">&#8216;The Voice +&#8217;: Vera de Maria Maga, do Time Toni Garrido, \u00e9 a vencedora da 2\u00aa temporada<\/p>\n<\/div>\n<\/div>\n<\/div>\n<\/div>\n<div class=\"mc-column content-text active-extra-styles\" data-block-type=\"raw\" data-block-weight=\"8\" data-block-id=\"16\">\n<div class=\"content-intertitle\">\n<h2>? &#8230; e\u00a0<a href=\"http:\/\/gshow.globo.com\/artistas\/toni-garrido\">Toni Garrido<\/a> estudou direitinho!<\/h2>\n<\/div>\n<\/div>\n<div class=\"row medium-uncollapsed content-media content-photo\" data-block-type=\"backstage-photo\" data-block-id=\"17\">\n<div class=\"mc-column content-media__container\">\n<div class=\"content-media-container glb-skeleton-box\">\n<figure class=\"content-media-figure\"><img decoding=\"async\" class=\"i-amphtml-fill-content i-amphtml-replaced-content\" src=\"https:\/\/s2.glbimg.com\/CaY966udi5Q5ogLkxoVVTeOQoNE=\/0x0:4911x3799\/984x0\/smart\/filters:strip_icc()\/i.s3.glbimg.com\/v1\/AUTH_e84042ef78cb4708aeebdf1c68c6cbd6\/internal_photos\/bs\/2022\/i\/f\/QxgGkBSBO5o4NX7ulSrw\/vc2-65402.jpg\" sizes=\"(max-width: 1366px) 648px, 100vw\" srcset=\"https:\/\/s2.glbimg.com\/2sM2cPBHORtxhsEHM4mwmRQKUzA=\/0x0:4911x3799\/1000x0\/smart\/filters:strip_icc()\/i.s3.glbimg.com\/v1\/AUTH_e84042ef78cb4708aeebdf1c68c6cbd6\/internal_photos\/bs\/2022\/i\/f\/QxgGkBSBO5o4NX7ulSrw\/vc2-65402.jpg 1000w, https:\/\/s2.glbimg.com\/CaY966udi5Q5ogLkxoVVTeOQoNE=\/0x0:4911x3799\/984x0\/smart\/filters:strip_icc()\/i.s3.glbimg.com\/v1\/AUTH_e84042ef78cb4708aeebdf1c68c6cbd6\/internal_photos\/bs\/2022\/i\/f\/QxgGkBSBO5o4NX7ulSrw\/vc2-65402.jpg 984w, https:\/\/s2.glbimg.com\/iwVdMB1wqFPBgF7UCGl7jFq-Yoo=\/0x0:4911x3799\/640x0\/smart\/filters:strip_icc()\/i.s3.glbimg.com\/v1\/AUTH_e84042ef78cb4708aeebdf1c68c6cbd6\/internal_photos\/bs\/2022\/i\/f\/QxgGkBSBO5o4NX7ulSrw\/vc2-65402.jpg 640w, https:\/\/s2.glbimg.com\/Xc0RthOGeLktVbIa6r0mmZ53fRI=\/0x0:4911x3799\/600x0\/smart\/filters:strip_icc()\/i.s3.glbimg.com\/v1\/AUTH_e84042ef78cb4708aeebdf1c68c6cbd6\/internal_photos\/bs\/2022\/i\/f\/QxgGkBSBO5o4NX7ulSrw\/vc2-65402.jpg 600w\" alt=\"Do Time Toni, Vera de Maria Maga \u00e9 a campe\u00e3o do The Voice + \u2014 Foto: Camilla Maia \/ Gshow\" \/><\/figure>\n<\/div>\n<p class=\"content-media__description \">Do Time Toni, Vera de Maria Maga \u00e9 a campe\u00e3o do The Voice + \u2014 Foto: Camilla Maia \/ Gshow<\/p>\n<\/div>\n<\/div>\n<div class=\"mc-column content-text active-extra-styles \" data-block-type=\"unstyled\" data-block-weight=\"78\" data-block-id=\"18\">\n<p class=\"content-text__container \" data-track-category=\"Link no Texto\" data-track-links=\"\">Assim como\u00a0<a href=\"http:\/\/gshow.globo.com\/artistas\/fafa-de-belem\">Faf\u00e1 de Bel\u00e9m<\/a>,\u00a0<a href=\"http:\/\/gshow.globo.com\/artistas\/toni-garrido\">Toni Garrido<\/a>\u00a0tamb\u00e9m fez sua estreia na fam\u00edlia\u00a0<a href=\"https:\/\/gshow.globo.com\/realities\/the-voice-mais\/2022\/\">The Voice\u00a0<\/a>.Logo de in\u00edcio, o cantor da banda Cidade Negra deixou claro que queria sair vencedor dessa disputa. E ele se inspirou no maior! Ainda na fase de\u00a0<strong>Tira-Teima<\/strong>, Toni disse que estava estudando as t\u00e9cnicas do\u00a0<a href=\"http:\/\/gshow.globo.com\/artistas\/michel-telo\">Michel Tel\u00f3<\/a>\u00a0em casa para tentar\u00a0<a href=\"https:\/\/gshow.globo.com\/realities\/the-voice-mais\/2022\/noticia\/the-voice-toni-estuda-estrategia-de-telo-participante-erra-letra-e-brown-fala-sobre-maturidade-no-ultimo-dia-de-tira-teima.ghtml\">repetir o sucesso do t\u00e9cnico hexacampe\u00e3o de outras vers\u00f5es do\u00a0<strong>The Voice<\/strong><\/a>. E n\u00e3o \u00e9 que deu certo? Parab\u00e9ns, Toni!<\/p>\n<\/div>\n<div class=\"mc-column content-text active-extra-styles\" data-block-type=\"raw\" data-block-weight=\"9\" data-block-id=\"19\">\n<p class=\"content-text__container\">\n<div class=\"content-intertitle\">\n<h2>?\u00a0<a href=\"http:\/\/gshow.globo.com\/artistas\/fafa-de-belem\">Faf\u00e1 de Bel\u00e9m<\/a>\u00a0abalou tamb\u00e9m a internet<\/h2>\n<\/div>\n<p>&nbsp;<\/p>\n<\/div>\n<div class=\"row medium-uncollapsed content-media content-photo\" data-block-type=\"backstage-photo\" data-block-id=\"20\">\n<div class=\"mc-column content-media__container\">\n<div class=\"content-media-container glb-skeleton-box\">\n<figure class=\"content-media-figure\"><img decoding=\"async\" class=\"i-amphtml-fill-content i-amphtml-replaced-content\" src=\"https:\/\/s2.glbimg.com\/YGWk3LCNeXY-Glwas0l0eIqLViA=\/0x0:408x542\/984x0\/smart\/filters:strip_icc()\/i.s3.glbimg.com\/v1\/AUTH_e84042ef78cb4708aeebdf1c68c6cbd6\/internal_photos\/bs\/2022\/U\/D\/t4U5kSRH2zJFYtiYnVFQ\/fafa1.jpg\" sizes=\"(max-width: 1366px) 648px, 100vw\" srcset=\"https:\/\/s2.glbimg.com\/UTmN6dGRGQ1qtO_viqXNhgXoesM=\/0x0:408x542\/1000x0\/smart\/filters:strip_icc()\/i.s3.glbimg.com\/v1\/AUTH_e84042ef78cb4708aeebdf1c68c6cbd6\/internal_photos\/bs\/2022\/U\/D\/t4U5kSRH2zJFYtiYnVFQ\/fafa1.jpg 1000w, https:\/\/s2.glbimg.com\/YGWk3LCNeXY-Glwas0l0eIqLViA=\/0x0:408x542\/984x0\/smart\/filters:strip_icc()\/i.s3.glbimg.com\/v1\/AUTH_e84042ef78cb4708aeebdf1c68c6cbd6\/internal_photos\/bs\/2022\/U\/D\/t4U5kSRH2zJFYtiYnVFQ\/fafa1.jpg 984w, https:\/\/s2.glbimg.com\/a6iOcIjZmeGkDdGNCN-mgo8PmXw=\/0x0:408x542\/640x0\/smart\/filters:strip_icc()\/i.s3.glbimg.com\/v1\/AUTH_e84042ef78cb4708aeebdf1c68c6cbd6\/internal_photos\/bs\/2022\/U\/D\/t4U5kSRH2zJFYtiYnVFQ\/fafa1.jpg 640w, https:\/\/s2.glbimg.com\/bTB2HhCqszkj0bmM0nIVWV7Jmv4=\/0x0:408x542\/600x0\/smart\/filters:strip_icc()\/i.s3.glbimg.com\/v1\/AUTH_e84042ef78cb4708aeebdf1c68c6cbd6\/internal_photos\/bs\/2022\/U\/D\/t4U5kSRH2zJFYtiYnVFQ\/fafa1.jpg 600w\" alt=\"Faf\u00e1 de Bel\u00e9m na Final do The Voice + \u2014 Foto: Camilla Maia \/ Gshow\" \/><\/figure>\n<\/div>\n<p class=\"content-media__description \">Faf\u00e1 de Bel\u00e9m na Final do The Voice + \u2014 Foto: Camilla Maia \/ Gshow<\/p>\n<\/div>\n<\/div>\n<div class=\"content-ads content-ads--reveal\" data-block-type=\"ads\" data-block-id=\"21\"><\/div>\n<div class=\"mc-column content-text active-extra-styles \" data-block-type=\"unstyled\" data-block-weight=\"47\" data-block-id=\"22\">\n<p class=\"content-text__container \" data-track-category=\"Link no Texto\" data-track-links=\"\">Lenda da m\u00fasica popular brasileira, dona da risada mais contagiante da TV brasileira, ela \u00e9 puro estilo!\u00a0<a href=\"http:\/\/gshow.globo.com\/artistas\/fafa-de-belem\">Faf\u00e1 de Bel\u00e9m<\/a>\u00a0arrasou nos looks do in\u00edcio ao fim desta segunda temporada de\u00a0<a href=\"https:\/\/gshow.globo.com\/realities\/the-voice-mais\/\">The Voice\u00a0<\/a>+. Na estreia, seu visual\u00a0<em>all white<\/em>\u00a0rendeu\u00a0<a href=\"https:\/\/gshow.globo.com\/realities\/the-voice-mais\/2022\/noticia\/estreia-do-the-voice-teve-fafa-de-belem-comparada-a-heroina-de-hq-choro-de-toni-garrido-e-forro-dos-tecnicos.ghtml\">compara\u00e7\u00f5es com a hero\u00edna Tempestade<\/a>.<\/p>\n<\/div>\n<div class=\"mc-column content-text active-extra-styles \" data-block-type=\"unstyled\" data-block-weight=\"21\" data-block-id=\"23\">\n<p class=\"content-text__container \" data-track-category=\"Link no Texto\" data-track-links=\"\">No \u00faltimo programa da temporada, Faf\u00e1 apostou em um vestido preto e capa com cristais Swarovski. Ela avisou: &#8220;Beyonc\u00e9, se cuide!&#8221;<\/p>\n<\/div>\n<div class=\"mc-column content-text active-extra-styles \" data-block-type=\"unstyled\" data-block-weight=\"29\" data-block-id=\"24\">\n<p class=\"content-text__container \" data-track-category=\"Link no Texto\" data-track-links=\"\">A internet amou o look, que rendeu compara\u00e7\u00f5es com a Daenerys, de &#8220;Game Of Thrones&#8221;, a Rainha M\u00e1, da &#8220;Branca de Neve&#8221;, e at\u00e9 com a cantora Lu\u00edsa Sonza!<\/p>\n<\/div>\n<div class=\"mc-column content-text active-extra-styles \" data-block-type=\"unstyled\" data-block-weight=\"3\" data-block-id=\"25\">\n<p class=\"content-text__container \" data-track-category=\"Link no Texto\" data-track-links=\"\"><strong>Ela \u00e9 poderosa!<\/strong><\/p>\n<\/div>\n<div class=\"show-multicontent-block\">\n<div class=\"show-multicontent-block-container\" data-track-category=\"multicontent\" data-track-action=\"show-multicontent-block\" data-track-scroll=\"view | Faf\u00e1 de Bel\u00e9m aposta em vestido preto e capa com cristais Swarovski para Final do \u2018The Voice +\u2019: \u2018Beyonc\u00e9, se cuide\u2019; veja os looks | \" data-block-type=\"mini-post\" data-block-id=\"26\">\n<div class=\"show-multicontent-block mc-column\" data-track-action=\"Click\">\n<div class=\"show-multicontent-block__thumbnail-wrapper\" data-track-click=\"click midia | Faf\u00e1 de Bel\u00e9m aposta em vestido preto e capa com cristais Swarovski para Final do \u2018The Voice +\u2019: \u2018Beyonc\u00e9, se cuide\u2019; veja os looks | \">\n<div class=\"style__Wrapper-sc-jfshyc-0 jLuEuT\">\n<div class=\"style__Layout-sc-jfshyc-1 style__Responsive-sc-jfshyc-3 hNmmBf\">\n<div class=\"style__Container-sc-jfshyc-4 gHwGQt\">\n<div class=\"style__Content-sc-jfshyc-5 cMKmwG\"><\/div>\n<p><img loading=\"lazy\" decoding=\"async\" class=\"style__Img-sc-jfshyc-6 fKxker\" src=\"https:\/\/s2.glbimg.com\/jJchPsQbNOFPlRKsnfHsX-VDMeQ=\/320x182\/middle\/smart\/i.s3.glbimg.com\/v1\/AUTH_e84042ef78cb4708aeebdf1c68c6cbd6\/internal_photos\/bs\/2022\/V\/3\/eqUODTQzufI5J1EoqUMQ\/fafa-horizontal.jpg\" sizes=\"auto, 322px\" srcset=\"https:\/\/s2.glbimg.com\/jJchPsQbNOFPlRKsnfHsX-VDMeQ=\/320x182\/middle\/smart\/i.s3.glbimg.com\/v1\/AUTH_e84042ef78cb4708aeebdf1c68c6cbd6\/internal_photos\/bs\/2022\/V\/3\/eqUODTQzufI5J1EoqUMQ\/fafa-horizontal.jpg 1080w\" alt=\"Faf\u00e1 de Bel\u00e9m aposta em vestido preto e capa com cristais Swarovski para Final do \u2018The Voice +\u2019: \u2018Beyonc\u00e9, se cuide\u2019; veja os looks\" width=\"320\" height=\"182\" \/><\/div>\n<\/div>\n<\/div>\n<\/div>\n<div class=\"show-multicontent-block__content\">\n<p class=\"show-multicontent-block__title\" data-track-click=\"click titulo | Faf\u00e1 de Bel\u00e9m aposta em vestido preto e capa com cristais Swarovski para Final do \u2018The Voice +\u2019: \u2018Beyonc\u00e9, se cuide\u2019; veja os looks | \">Faf\u00e1 de Bel\u00e9m aposta em vestido preto e capa com cristais Swarovski para Final do \u2018The Voice +\u2019: \u2018Beyonc\u00e9, se cuide\u2019;<\/p>\n<\/div>\n<\/div>\n<\/div>\n<\/div>\n<div class=\"mc-column content-text active-extra-styles\" data-block-type=\"raw\" data-block-weight=\"5\" data-block-id=\"38\">\n<div class=\"content-intertitle\">\n<h2>? Brown \u00e9 pura emo\u00e7\u00e3o!<\/h2>\n<\/div>\n<\/div>\n<div class=\"row medium-uncollapsed content-media content-photo\" data-block-type=\"backstage-photo\" data-block-id=\"39\">\n<div class=\"mc-column content-media__container\">\n<div class=\"content-media-container glb-skeleton-box\">\n<figure class=\"content-media-figure\"><img decoding=\"async\" class=\"i-amphtml-fill-content i-amphtml-replaced-content\" src=\"https:\/\/s2.glbimg.com\/CuMMzo4zSBUl4CqWjoUjsELqU44=\/0x0:1366x768\/984x0\/smart\/filters:strip_icc()\/i.s3.glbimg.com\/v1\/AUTH_e84042ef78cb4708aeebdf1c68c6cbd6\/internal_photos\/bs\/2022\/G\/H\/gRYBCATaGA2HrUnIXAsQ\/carlinhos-brown-chora.jpg\" sizes=\"(max-width: 1366px) 648px, 100vw\" srcset=\"https:\/\/s2.glbimg.com\/vRh6WIk5VZ_x0Cof1GlYyqLzAdM=\/0x0:1366x768\/1000x0\/smart\/filters:strip_icc()\/i.s3.glbimg.com\/v1\/AUTH_e84042ef78cb4708aeebdf1c68c6cbd6\/internal_photos\/bs\/2022\/G\/H\/gRYBCATaGA2HrUnIXAsQ\/carlinhos-brown-chora.jpg 1000w, https:\/\/s2.glbimg.com\/CuMMzo4zSBUl4CqWjoUjsELqU44=\/0x0:1366x768\/984x0\/smart\/filters:strip_icc()\/i.s3.glbimg.com\/v1\/AUTH_e84042ef78cb4708aeebdf1c68c6cbd6\/internal_photos\/bs\/2022\/G\/H\/gRYBCATaGA2HrUnIXAsQ\/carlinhos-brown-chora.jpg 984w, https:\/\/s2.glbimg.com\/La1x6OtY6t4Lc6uXz3fIJFaP-uA=\/0x0:1366x768\/640x0\/smart\/filters:strip_icc()\/i.s3.glbimg.com\/v1\/AUTH_e84042ef78cb4708aeebdf1c68c6cbd6\/internal_photos\/bs\/2022\/G\/H\/gRYBCATaGA2HrUnIXAsQ\/carlinhos-brown-chora.jpg 640w, https:\/\/s2.glbimg.com\/hpYXpYXqthoIZmUaU0jQOkzSDAo=\/0x0:1366x768\/600x0\/smart\/filters:strip_icc()\/i.s3.glbimg.com\/v1\/AUTH_e84042ef78cb4708aeebdf1c68c6cbd6\/internal_photos\/bs\/2022\/G\/H\/gRYBCATaGA2HrUnIXAsQ\/carlinhos-brown-chora.jpg 600w\" alt=\"Carlinhos Brown se emociona ao falar dos pais na Final do The Voice + \u2014 Foto: Globo\" \/><\/figure>\n<\/div>\n<p class=\"content-media__description \">Carlinhos Brown se emociona ao falar dos pais na Final do The Voice + \u2014 Foto: Globo<\/p>\n<\/div>\n<\/div>\n<div class=\"mc-column content-text active-extra-styles \" data-block-type=\"unstyled\" data-block-weight=\"42\" data-block-id=\"41\">\n<p class=\"content-text__container \" data-track-category=\"Link no Texto\" data-track-links=\"\"><a href=\"http:\/\/gshow.globo.com\/artistas\/carlinhos-brown\">Carlinhos Brown<\/a>\u00a0se emocionou muito ao falar sobre seus pais, Renato Freitas e Madalena Santos. Antes de selecionar o finalista de seu time, Brown falou sobre a import\u00e2ncia de um programa como\u00a0<a href=\"https:\/\/gshow.globo.com\/realities\/the-voice-mais\/\">The Voice\u00a0<\/a>+ valorizar os talentos da terceira idade.<\/p>\n<\/div>\n<div class=\"mc-column content-text active-extra-styles quote\">\n<div class=\"quote__image\"><\/div>\n<div class=\"quote__caption\">Meu pai tem isquemia e que por mais que muitas vezes ele possa n\u00e3o lembrar&#8230; Eu te amo, meu pai. Ou\u00e7a, minha m\u00e3e, eu te amo<\/div>\n<div class=\"quote__author\">\u2014 Carlinhos Brown<\/div>\n<\/div>\n<div class=\"mc-column content-text active-extra-styles \" data-block-type=\"unstyled\" data-block-weight=\"50\" data-block-id=\"42\">\n<p class=\"content-text__container \" data-track-category=\"Link no Texto\" data-track-links=\"\">Brown tamb\u00e9m usou belas palavras para falar dos semifinalistas do seu time: &#8220;Deus me deu a oportunidade de que a gente se encontrasse em um momento como esse de dificuldades no mundo, mas n\u00e3o nas nossas almas. Cantar assim \u00e9 verdadeiramente lembrar o que \u00e9 o cora\u00e7\u00e3o do ser humano.&#8221;<\/p>\n<\/div>\n<div class=\"mc-column content-text active-extra-styles\" data-block-type=\"raw\" data-block-weight=\"4\" data-block-id=\"43\">\n<div class=\"content-intertitle\">\n<h2>Algu\u00e9m j\u00e1 com saudade?<\/h2>\n<\/div>\n<\/div>\n<div class=\"mc-column content-text active-extra-styles \" data-block-type=\"unstyled\" data-block-weight=\"10\" data-block-id=\"44\">\n<p class=\"content-text__container \" data-track-category=\"Link no Texto\" data-track-links=\"\">Confira os bastidores do \u00faltimo programa da temporada ?<\/p>\n<\/div>\n<div class=\"show-multicontent-block\">\n<div class=\"show-multicontent-block-container\" data-track-category=\"multicontent\" data-track-action=\"show-multicontent-block\" data-track-scroll=\"view | 'The Voice +': Thais Fersoza mostra bastidores da Final e invade camarim de Faf\u00e1, Toni, Brown, Ludmilla e Andr\u00e9 Marques | \" data-block-type=\"mini-post\" data-block-id=\"46\">\n<div class=\"show-multicontent-block mc-column\" data-track-action=\"Click\">\n<div class=\"show-multicontent-block__thumbnail-wrapper\" data-track-click=\"click midia | 'The Voice +': Thais Fersoza mostra bastidores da Final e invade camarim de Faf\u00e1, Toni, Brown, Ludmilla e Andr\u00e9 Marques | \">\n<div class=\"style__Wrapper-sc-jfshyc-0 jLuEuT\">\n<div class=\"style__Layout-sc-jfshyc-1 style__Responsive-sc-jfshyc-3 hNmmBf\">\n<div class=\"style__Container-sc-jfshyc-4 gHwGQt\">\n<div class=\"style__Content-sc-jfshyc-5 cMKmwG\"><\/div>\n<p><img loading=\"lazy\" decoding=\"async\" class=\"style__Img-sc-jfshyc-6 fKxker\" src=\"https:\/\/s2.glbimg.com\/yVT1nKoRq66owgWglKwm_F_qgRE=\/320x182\/middle\/smart\/thumbor.globoi.com\/unsafe\/fit-in\/620x360\/s02.video.glbimg.com\/deo\/vi\/93\/87\/10448793\" sizes=\"auto, 322px\" srcset=\"https:\/\/s2.glbimg.com\/yVT1nKoRq66owgWglKwm_F_qgRE=\/320x182\/middle\/smart\/thumbor.globoi.com\/unsafe\/fit-in\/620x360\/s02.video.glbimg.com\/deo\/vi\/93\/87\/10448793 1080w\" alt=\"'The Voice +': Thais Fersoza mostra bastidores da Final e invade camarim de Faf\u00e1, Toni, Brown, Ludmilla e Andr\u00e9 Marques\" width=\"320\" height=\"182\" \/><\/div>\n<\/div>\n<\/div>\n<\/div>\n<div class=\"show-multicontent-block__content\">\n<p class=\"show-multicontent-block__title\" data-track-click=\"click titulo | 'The Voice +': Thais Fersoza mostra bastidores da Final e invade camarim de Faf\u00e1, Toni, Brown, Ludmilla e Andr\u00e9 Marques | \">&#8216;The Voice +&#8217;: Thais Fersoza mostra bastidores da Final e invade camarim de Faf\u00e1, Toni, Brown, Ludmilla e Andr\u00e9 Marques<\/p>\n<\/div>\n<\/div>\n<\/div>\n<\/div>\n<div id=\"multicontent-playlist\" class=\"multicontent-playlist\">\n<div class=\"show-multicontent-playlist-new\">\n<div class=\"show-multicontent-playlist-new-container\" data-track-category=\"multicontent\" data-track-scroll=\"view\" data-block-type=\"playlist\" data-block-id=\"48\">\n<div class=\"show-multicontent-playlist-new mc-column\" data-track-action=\"click\">\n<div class=\"swiper swiper-initialized swiper-horizontal swiper-pointer-events swiper-free-mode\">\n<div class=\"swiper-wrapper\">\n<div class=\"swiper-slide swiper-slide-active\">\n<div class=\"style__Wrapper-sc-1dirmr0-0 iWVFDU\">\n<div class=\"style__Layout-sc-1dirmr0-1 style__Responsive-sc-1dirmr0-3 cdnmwx\">\n<div class=\"style__Container-sc-1dirmr0-4 crnHeL\">\n<div class=\"style__Content-sc-1dirmr0-5 caIHuf\">\n<div class=\"show-multicontent-playlist-new__container__body\">\n<div class=\"show-multicontent-playlist-new__container__body__title\">\n<div class=\"style__Container-sc-nrcnfj-0 dFBWXG\">\n<div class=\"style__Text-sc-nrcnfj-1 bQJCwT\" data-testid=\"test-background-color\"><span class=\"highlight-line border-bottom\" data-index=\"0\">Ludmilla fala sobre o <\/span><span class=\"highlight-line corner corner-normal corner-top\" data-index=\"1\">seu time<\/span><\/div>\n<\/div>\n<\/div>\n<\/div>\n<\/div>\n<p><img loading=\"lazy\" decoding=\"async\" class=\"style__Img-sc-1dirmr0-6 iHYchV\" src=\"https:\/\/s2.glbimg.com\/xPpyHcIlew7ugUNklHxb087JlOY=\/427x240\/s01.video.glbimg.com\/deo\/vi\/64\/91\/10449164\" width=\"300\" height=\"300\" \/><\/div>\n<\/div>\n<\/div>\n<\/div>\n<div class=\"swiper-slide swiper-slide-next\">\n<div class=\"style__Wrapper-sc-1dirmr0-0 iWVFDU\">\n<div class=\"style__Layout-sc-1dirmr0-1 style__Responsive-sc-1dirmr0-3 cdnmwx\">\n<div class=\"style__Container-sc-1dirmr0-4 crnHeL\">\n<div class=\"style__Content-sc-1dirmr0-5 caIHuf\">\n<div class=\"show-multicontent-playlist-new__container__body\">\n<div class=\"show-multicontent-playlist-new__container__body__title\">\n<div class=\"style__Circle-sc-1swgsiw-0 kVomyc video-circle-style\"><\/div>\n<div class=\"style__Container-sc-nrcnfj-0 dFBWXG\">\n<div class=\"style__Text-sc-nrcnfj-1 bQJCwT\" data-testid=\"test-background-color\"><span class=\"highlight-line border-bottom\" data-index=\"0\">O time Ludmilla canta <\/span><span class=\"highlight-line\" data-index=\"1\">&#8216;\u00c9 Preciso Saber Viver&#8217;<\/span><\/div>\n<\/div>\n<\/div>\n<\/div>\n<\/div>\n<p><img loading=\"lazy\" decoding=\"async\" class=\"style__Img-sc-1dirmr0-6 iHYchV\" src=\"https:\/\/s2.glbimg.com\/KldhbNRF2TA4PzM61una4Loo8Z8=\/427x240\/s04.video.glbimg.com\/deo\/vi\/67\/91\/10449167\" width=\"300\" height=\"300\" \/><\/div>\n<\/div>\n<\/div>\n<\/div>\n<div class=\"swiper-slide\">\n<div class=\"style__Wrapper-sc-1dirmr0-0 iWVFDU\">\n<div class=\"style__Layout-sc-1dirmr0-1 style__Responsive-sc-1dirmr0-3 cdnmwx\">\n<div class=\"style__Container-sc-1dirmr0-4 crnHeL\">\n<div class=\"style__Content-sc-1dirmr0-5 caIHuf\">\n<div class=\"show-multicontent-playlist-new__container__body\">\n<div class=\"show-multicontent-playlist-new__container__body__title\">\n<div class=\"style__Circle-sc-1swgsiw-0 kVomyc video-circle-style\"><\/div>\n<div class=\"style__Container-sc-nrcnfj-0 dFBWXG\">\n<div class=\"style__Text-sc-nrcnfj-1 bQJCwT\" data-testid=\"test-background-color\"><span class=\"highlight-line border-bottom\" data-index=\"0\">Ludmilla decide quem <\/span><span class=\"highlight-line corner corner-normal corner-top\" data-index=\"1\">ir\u00e1 para a final<\/span><\/div>\n<\/div>\n<\/div>\n<\/div>\n<\/div>\n<p><img loading=\"lazy\" decoding=\"async\" class=\"style__Img-sc-1dirmr0-6 iHYchV\" src=\"https:\/\/s2.glbimg.com\/nRLlcBtSF5LJt1jvyIwZTP-7PRU=\/427x240\/s02.video.glbimg.com\/deo\/vi\/69\/91\/10449169\" width=\"300\" height=\"300\" \/><\/div>\n<\/div>\n<\/div>\n<\/div>\n<div class=\"swiper-slide\">\n<div class=\"style__Wrapper-sc-1dirmr0-0 iWVFDU\">\n<div class=\"style__Layout-sc-1dirmr0-1 style__Responsive-sc-1dirmr0-3 cdnmwx\">\n<div class=\"style__Container-sc-1dirmr0-4 crnHeL\">\n<div class=\"style__Content-sc-1dirmr0-5 caIHuf\">\n<div class=\"show-multicontent-playlist-new__container__body\">\n<div class=\"show-multicontent-playlist-new__container__body__title\">\n<div class=\"style__Circle-sc-1swgsiw-0 kVomyc video-circle-style\"><\/div>\n<div class=\"style__Container-sc-nrcnfj-0 dFBWXG\">\n<div class=\"style__Text-sc-nrcnfj-1 bQJCwT\" data-testid=\"test-background-color\"><span class=\"highlight-line border-bottom\" data-index=\"0\">Toni Garrido canta &#8216;S\u00f3 <\/span><span class=\"highlight-line corner corner-normal corner-top\" data-index=\"1\">a Lua&#8217;<\/span><\/div>\n<\/div>\n<\/div>\n<\/div>\n<\/div>\n<p><img loading=\"lazy\" decoding=\"async\" class=\"style__Img-sc-1dirmr0-6 iHYchV\" src=\"https:\/\/s2.glbimg.com\/yR0B74Zl2f3NE3pfjACZ3FPEDlE=\/427x240\/s04.video.glbimg.com\/deo\/vi\/71\/91\/10449171\" width=\"300\" height=\"300\" \/><\/div>\n<\/div>\n<\/div>\n<\/div>\n<div class=\"swiper-slide\">\n<div class=\"style__Wrapper-sc-1dirmr0-0 iWVFDU\">\n<div class=\"style__Layout-sc-1dirmr0-1 style__Responsive-sc-1dirmr0-3 cdnmwx\">\n<div class=\"style__Container-sc-1dirmr0-4 crnHeL\">\n<div class=\"style__Content-sc-1dirmr0-5 caIHuf\">\n<div class=\"show-multicontent-playlist-new__container__body\">\n<div class=\"show-multicontent-playlist-new__container__body__title\">\n<div class=\"style__Circle-sc-1swgsiw-0 kVomyc video-circle-style\"><\/div>\n<div class=\"style__Container-sc-nrcnfj-0 dFBWXG\">\n<div class=\"style__Text-sc-nrcnfj-1 bQJCwT\" data-testid=\"test-background-color\"><span class=\"highlight-line border-bottom\" data-index=\"0\">Os participantes <\/span><span class=\"highlight-line corner corner-normal corner-top\" data-index=\"1\">respondem <\/span><span class=\"highlight-line border-top\" data-index=\"2\">curiosidades<\/span><\/div>\n<\/div>\n<\/div>\n<\/div>\n<\/div>\n<p><img loading=\"lazy\" decoding=\"async\" class=\"style__Img-sc-1dirmr0-6 iHYchV\" src=\"https:\/\/s2.glbimg.com\/KNyOB8cIFqpTaiaggFcCqRVy99w=\/427x240\/s01.video.glbimg.com\/deo\/vi\/72\/91\/10449172\" width=\"300\" height=\"300\" \/><\/div>\n<\/div>\n<\/div>\n<\/div>\n<div class=\"swiper-slide\">\n<div class=\"style__Wrapper-sc-1dirmr0-0 iWVFDU\">\n<div class=\"style__Layout-sc-1dirmr0-1 style__Responsive-sc-1dirmr0-3 cdnmwx\">\n<div class=\"style__Container-sc-1dirmr0-4 crnHeL\">\n<div class=\"style__Content-sc-1dirmr0-5 caIHuf\">\n<div class=\"show-multicontent-playlist-new__container__body\">\n<div class=\"show-multicontent-playlist-new__container__body__title\">\n<div class=\"style__Circle-sc-1swgsiw-0 kVomyc video-circle-style\"><\/div>\n<div class=\"style__Container-sc-nrcnfj-0 dFBWXG\">\n<div class=\"style__Text-sc-nrcnfj-1 bQJCwT\" data-testid=\"test-background-color\"><span class=\"highlight-line border-bottom\" data-index=\"0\">Faf\u00e1 de Bel\u00e9m fala <\/span><span class=\"highlight-line corner corner-mini corner-top\" data-index=\"1\">sobre o seu time<\/span><\/div>\n<\/div>\n<\/div>\n<\/div>\n<\/div>\n<p><img loading=\"lazy\" decoding=\"async\" class=\"style__Img-sc-1dirmr0-6 iHYchV\" src=\"https:\/\/s2.glbimg.com\/xDjSDiXrZvatRpAiVv99fIYn8No=\/427x240\/s02.video.glbimg.com\/deo\/vi\/73\/91\/10449173\" width=\"300\" height=\"300\" \/><\/div>\n<\/div>\n<\/div>\n<\/div>\n<div class=\"swiper-slide\"><a class=\"playlist-thumb-container\" href=\"https:\/\/gshow.globo.com\/realities\/the-voice-mais\/2022\/episodio\/2022\/04\/03\/videos-do-episodio-de-the-voice-de-domingo-03-de-abril-de-2022.ghtml\" data-track-click=\"posicao 6\">Mais v\u00eddeos da playlist<\/a><\/div>\n<\/div>\n<\/div>\n<\/div>\n<\/div>\n<\/div>\n<\/div>\n<div class=\"content-ads content-ads--reveal\" data-block-type=\"ads\" data-block-id=\"49\"><\/div>\n<div data-track-category=\"multicontent\" data-track-action=\"ultimo chunk conteudo\" data-track-noninteraction=\"false\" data-track-scroll=\"view\">\n<div id=\"block-mais-lidas-new\">\n<div id=\"block-mais-lidas-new-container\" data-track-category=\"multicontent | mais lidas\" data-block-type=\"mais-lidas\" data-block-id=\"50\">\n<div class=\"mc-column\">\n<div class=\"trilho__actions trilho-actions\"><\/div>\n<\/div>\n<\/div>\n<\/div>\n<\/div>\n<\/div>\n<\/article>\n<\/div>\n","protected":false},"excerpt":{"rendered":"<p>Final do &#8216;The Voice +&#8217;: Faf\u00e1 de Bel\u00e9m \u00e9 comparada a personagem de &#8216;Game Of Thrones&#8217;, Toni estreia com p\u00e9 quente e muito mais Por Gshow \u2014 Rio de Janeiro Faf\u00e1 de Bel\u00e9m \u00e9 comparada a Danerys de Game Of Throne \u2014 Foto: Camilla Maia \/ Gshow e Reprodu\u00e7\u00e3o \/ Instagram Foram 10 semanas, mais de\u00a0130 apresenta\u00e7\u00f5es, muitas\u00a0risadas,\u00a0l\u00e1grimas\u00a0e uma certeza: como canta Milton Nascimento, os\u00a0&#8220;sonhos n\u00e3o envelhecem&#8221;. A segunda temporada de\u00a0The Voice\u00a0+, programa dedicado a talentos com mais de 60 anos, chegou ao fim no \u00faltimo domingo, 3\/4, com a vit\u00f3ria de\u00a0Vera de Maria Maga. &#8216;The Voice +&#8217;: Vera de Maria Maga, do Time Toni Garrido, \u00e9 a vencedora da 2\u00aa temporada Pela primeira vez, a\u00a0Semifinal\u00a0e a\u00a0Final\u00a0da competi\u00e7\u00e3o foram disputadas&hellip; <\/p>\n","protected":false},"author":2,"featured_media":310178,"comment_status":"open","ping_status":"open","sticky":false,"template":"","format":"standard","meta":{"_acf_changed":false,"footnotes":""},"categories":[43],"tags":[],"class_list":["post-310248","post","type-post","status-publish","format-standard","has-post-thumbnail","hentry","category-sem-categoria"],"acf":[],"yoast_head":"<!-- This site is optimized with the Yoast SEO plugin v27.4 - https:\/\/yoast.com\/product\/yoast-seo-wordpress\/ -->\n<title>Vera de Maria Maga foi a vencedora da segunda temporada do programa; assista aos v\u00eddeos das apresenta\u00e7\u00f5es que encerraram o reality show! - Blog do Farn\u00e9sio<\/title>\n<meta name=\"robots\" content=\"index, follow, max-snippet:-1, max-image-preview:large, max-video-preview:-1\" \/>\n<link rel=\"canonical\" href=\"https:\/\/blogdofarnesio.com.br\/?p=310248\" \/>\n<meta property=\"og:locale\" content=\"pt_BR\" \/>\n<meta property=\"og:type\" content=\"article\" \/>\n<meta property=\"og:title\" content=\"Vera de Maria Maga foi a vencedora da segunda temporada do programa; assista aos v\u00eddeos das apresenta\u00e7\u00f5es que encerraram o reality show! - Blog do Farn\u00e9sio\" \/>\n<meta property=\"og:description\" content=\"Final do &#8216;The Voice +&#8217;: Faf\u00e1 de Bel\u00e9m \u00e9 comparada a personagem de &#8216;Game Of Thrones&#8217;, Toni estreia com p\u00e9 quente e muito mais Por Gshow \u2014 Rio de Janeiro Faf\u00e1 de Bel\u00e9m \u00e9 comparada a Danerys de Game Of Throne \u2014 Foto: Camilla Maia \/ Gshow e Reprodu\u00e7\u00e3o \/ Instagram Foram 10 semanas, mais de\u00a0130 apresenta\u00e7\u00f5es, muitas\u00a0risadas,\u00a0l\u00e1grimas\u00a0e uma certeza: como canta Milton Nascimento, os\u00a0&#8220;sonhos n\u00e3o envelhecem&#8221;. A segunda temporada de\u00a0The Voice\u00a0+, programa dedicado a talentos com mais de 60 anos, chegou ao fim no \u00faltimo domingo, 3\/4, com a vit\u00f3ria de\u00a0Vera de Maria Maga. &#8216;The Voice +&#8217;: Vera de Maria Maga, do Time Toni Garrido, \u00e9 a vencedora da 2\u00aa temporada Pela primeira vez, a\u00a0Semifinal\u00a0e a\u00a0Final\u00a0da competi\u00e7\u00e3o foram disputadas&hellip;\" \/>\n<meta property=\"og:url\" content=\"https:\/\/blogdofarnesio.com.br\/?p=310248\" \/>\n<meta property=\"og:site_name\" content=\"Blog do Farn\u00e9sio\" \/>\n<meta property=\"article:publisher\" content=\"https:\/\/www.facebook.com\/BlogQuerSaberPolitica\/\" \/>\n<meta property=\"article:author\" content=\"https:\/\/www.facebook.com\/?ref=tn_tnmn\" \/>\n<meta property=\"article:published_time\" content=\"2022-04-04T15:37:49+00:00\" \/>\n<meta property=\"og:image\" content=\"https:\/\/blogdofarnesio.com.br\/wp-content\/uploads\/2022\/04\/blogqspveramariamaga.jpg\" \/>\n\t<meta property=\"og:image:width\" content=\"450\" \/>\n\t<meta property=\"og:image:height\" content=\"297\" \/>\n\t<meta property=\"og:image:type\" content=\"image\/jpeg\" \/>\n<meta name=\"author\" content=\"Farn\u00e9sio\" \/>\n<meta name=\"twitter:card\" content=\"summary_large_image\" \/>\n<meta name=\"twitter:label1\" content=\"Escrito por\" \/>\n\t<meta name=\"twitter:data1\" content=\"Farn\u00e9sio\" \/>\n\t<meta name=\"twitter:label2\" content=\"Est. tempo de leitura\" \/>\n\t<meta name=\"twitter:data2\" content=\"9 minutos\" \/>\n<script type=\"application\/ld+json\" class=\"yoast-schema-graph\">{\"@context\":\"https:\\\/\\\/schema.org\",\"@graph\":[{\"@type\":\"Article\",\"@id\":\"https:\\\/\\\/blogdofarnesio.com.br\\\/?p=310248#article\",\"isPartOf\":{\"@id\":\"https:\\\/\\\/blogdofarnesio.com.br\\\/?p=310248\"},\"author\":{\"name\":\"Farn\u00e9sio\",\"@id\":\"https:\\\/\\\/blogdofarnesio.com.br\\\/#\\\/schema\\\/person\\\/bb9b23ae3ad0609ce8df7b6c9e76824d\"},\"headline\":\"Vera de Maria Maga foi a vencedora da segunda temporada do programa; assista aos v\u00eddeos das apresenta\u00e7\u00f5es que encerraram o reality show!\",\"datePublished\":\"2022-04-04T15:37:49+00:00\",\"mainEntityOfPage\":{\"@id\":\"https:\\\/\\\/blogdofarnesio.com.br\\\/?p=310248\"},\"wordCount\":835,\"commentCount\":0,\"publisher\":{\"@id\":\"https:\\\/\\\/blogdofarnesio.com.br\\\/#organization\"},\"image\":{\"@id\":\"https:\\\/\\\/blogdofarnesio.com.br\\\/?p=310248#primaryimage\"},\"thumbnailUrl\":\"https:\\\/\\\/blogdofarnesio.com.br\\\/wp-content\\\/uploads\\\/2022\\\/04\\\/blogqspveramariamaga.jpg\",\"inLanguage\":\"pt-BR\",\"potentialAction\":[{\"@type\":\"CommentAction\",\"name\":\"Comment\",\"target\":[\"https:\\\/\\\/blogdofarnesio.com.br\\\/?p=310248#respond\"]}]},{\"@type\":\"WebPage\",\"@id\":\"https:\\\/\\\/blogdofarnesio.com.br\\\/?p=310248\",\"url\":\"https:\\\/\\\/blogdofarnesio.com.br\\\/?p=310248\",\"name\":\"Vera de Maria Maga foi a vencedora da segunda temporada do programa; assista aos v\u00eddeos das apresenta\u00e7\u00f5es que encerraram o reality show! - Blog do Farn\u00e9sio\",\"isPartOf\":{\"@id\":\"https:\\\/\\\/blogdofarnesio.com.br\\\/#website\"},\"primaryImageOfPage\":{\"@id\":\"https:\\\/\\\/blogdofarnesio.com.br\\\/?p=310248#primaryimage\"},\"image\":{\"@id\":\"https:\\\/\\\/blogdofarnesio.com.br\\\/?p=310248#primaryimage\"},\"thumbnailUrl\":\"https:\\\/\\\/blogdofarnesio.com.br\\\/wp-content\\\/uploads\\\/2022\\\/04\\\/blogqspveramariamaga.jpg\",\"datePublished\":\"2022-04-04T15:37:49+00:00\",\"breadcrumb\":{\"@id\":\"https:\\\/\\\/blogdofarnesio.com.br\\\/?p=310248#breadcrumb\"},\"inLanguage\":\"pt-BR\",\"potentialAction\":[{\"@type\":\"ReadAction\",\"target\":[\"https:\\\/\\\/blogdofarnesio.com.br\\\/?p=310248\"]}]},{\"@type\":\"ImageObject\",\"inLanguage\":\"pt-BR\",\"@id\":\"https:\\\/\\\/blogdofarnesio.com.br\\\/?p=310248#primaryimage\",\"url\":\"https:\\\/\\\/blogdofarnesio.com.br\\\/wp-content\\\/uploads\\\/2022\\\/04\\\/blogqspveramariamaga.jpg\",\"contentUrl\":\"https:\\\/\\\/blogdofarnesio.com.br\\\/wp-content\\\/uploads\\\/2022\\\/04\\\/blogqspveramariamaga.jpg\",\"width\":450,\"height\":297},{\"@type\":\"BreadcrumbList\",\"@id\":\"https:\\\/\\\/blogdofarnesio.com.br\\\/?p=310248#breadcrumb\",\"itemListElement\":[{\"@type\":\"ListItem\",\"position\":1,\"name\":\"In\u00edcio\",\"item\":\"https:\\\/\\\/blogdofarnesio.com.br\\\/\"},{\"@type\":\"ListItem\",\"position\":2,\"name\":\"Vera de Maria Maga foi a vencedora da segunda temporada do programa; assista aos v\u00eddeos das apresenta\u00e7\u00f5es que encerraram o reality show!\"}]},{\"@type\":\"WebSite\",\"@id\":\"https:\\\/\\\/blogdofarnesio.com.br\\\/#website\",\"url\":\"https:\\\/\\\/blogdofarnesio.com.br\\\/\",\"name\":\"Blog do Farn\u00e9sio\",\"description\":\"Quer Saber Pol\u00edtica?\",\"publisher\":{\"@id\":\"https:\\\/\\\/blogdofarnesio.com.br\\\/#organization\"},\"potentialAction\":[{\"@type\":\"SearchAction\",\"target\":{\"@type\":\"EntryPoint\",\"urlTemplate\":\"https:\\\/\\\/blogdofarnesio.com.br\\\/?s={search_term_string}\"},\"query-input\":{\"@type\":\"PropertyValueSpecification\",\"valueRequired\":true,\"valueName\":\"search_term_string\"}}],\"inLanguage\":\"pt-BR\"},{\"@type\":\"Organization\",\"@id\":\"https:\\\/\\\/blogdofarnesio.com.br\\\/#organization\",\"name\":\"Blog do Farn\u00e9sio\",\"url\":\"https:\\\/\\\/blogdofarnesio.com.br\\\/\",\"logo\":{\"@type\":\"ImageObject\",\"inLanguage\":\"pt-BR\",\"@id\":\"https:\\\/\\\/blogdofarnesio.com.br\\\/#\\\/schema\\\/logo\\\/image\\\/\",\"url\":\"https:\\\/\\\/blogdofarnesio.com.br\\\/wp-content\\\/uploads\\\/2026\\\/03\\\/cropped-logo_new-1.png\",\"contentUrl\":\"https:\\\/\\\/blogdofarnesio.com.br\\\/wp-content\\\/uploads\\\/2026\\\/03\\\/cropped-logo_new-1.png\",\"width\":881,\"height\":685,\"caption\":\"Blog do Farn\u00e9sio\"},\"image\":{\"@id\":\"https:\\\/\\\/blogdofarnesio.com.br\\\/#\\\/schema\\\/logo\\\/image\\\/\"},\"sameAs\":[\"https:\\\/\\\/www.facebook.com\\\/BlogQuerSaberPolitica\\\/\"]},{\"@type\":\"Person\",\"@id\":\"https:\\\/\\\/blogdofarnesio.com.br\\\/#\\\/schema\\\/person\\\/bb9b23ae3ad0609ce8df7b6c9e76824d\",\"name\":\"Farn\u00e9sio\",\"image\":{\"@type\":\"ImageObject\",\"inLanguage\":\"pt-BR\",\"@id\":\"https:\\\/\\\/secure.gravatar.com\\\/avatar\\\/986aa4c61ccdb66f8555bf88fc2a65609d00bcabd4d2d94377a727547345cbca?s=96&d=mm&r=g\",\"url\":\"https:\\\/\\\/secure.gravatar.com\\\/avatar\\\/986aa4c61ccdb66f8555bf88fc2a65609d00bcabd4d2d94377a727547345cbca?s=96&d=mm&r=g\",\"contentUrl\":\"https:\\\/\\\/secure.gravatar.com\\\/avatar\\\/986aa4c61ccdb66f8555bf88fc2a65609d00bcabd4d2d94377a727547345cbca?s=96&d=mm&r=g\",\"caption\":\"Farn\u00e9sio\"},\"description\":\"Radialista blogueiro, chegou a Petrolina\\\/Juazeiro em setembro de 1980, Farn\u00e9sio Silva \u00e9 de Arapiraca-Alagoas.\",\"sameAs\":[\"http:\\\/\\\/blogdofarnesio.com.br\",\"https:\\\/\\\/www.facebook.com\\\/?ref=tn_tnmn\",\"https:\\\/\\\/www.instagram.com\\\/?utm_source=pwa_homescreen\",\"https:\\\/\\\/youtube.com.br\\\/\"],\"url\":\"https:\\\/\\\/blogdofarnesio.com.br\\\/?author=2\"}]}<\/script>\n<!-- \/ Yoast SEO plugin. -->","yoast_head_json":{"title":"Vera de Maria Maga foi a vencedora da segunda temporada do programa; assista aos v\u00eddeos das apresenta\u00e7\u00f5es que encerraram o reality show! - Blog do Farn\u00e9sio","robots":{"index":"index","follow":"follow","max-snippet":"max-snippet:-1","max-image-preview":"max-image-preview:large","max-video-preview":"max-video-preview:-1"},"canonical":"https:\/\/blogdofarnesio.com.br\/?p=310248","og_locale":"pt_BR","og_type":"article","og_title":"Vera de Maria Maga foi a vencedora da segunda temporada do programa; assista aos v\u00eddeos das apresenta\u00e7\u00f5es que encerraram o reality show! - Blog do Farn\u00e9sio","og_description":"Final do &#8216;The Voice +&#8217;: Faf\u00e1 de Bel\u00e9m \u00e9 comparada a personagem de &#8216;Game Of Thrones&#8217;, Toni estreia com p\u00e9 quente e muito mais Por Gshow \u2014 Rio de Janeiro Faf\u00e1 de Bel\u00e9m \u00e9 comparada a Danerys de Game Of Throne \u2014 Foto: Camilla Maia \/ Gshow e Reprodu\u00e7\u00e3o \/ Instagram Foram 10 semanas, mais de\u00a0130 apresenta\u00e7\u00f5es, muitas\u00a0risadas,\u00a0l\u00e1grimas\u00a0e uma certeza: como canta Milton Nascimento, os\u00a0&#8220;sonhos n\u00e3o envelhecem&#8221;. A segunda temporada de\u00a0The Voice\u00a0+, programa dedicado a talentos com mais de 60 anos, chegou ao fim no \u00faltimo domingo, 3\/4, com a vit\u00f3ria de\u00a0Vera de Maria Maga. &#8216;The Voice +&#8217;: Vera de Maria Maga, do Time Toni Garrido, \u00e9 a vencedora da 2\u00aa temporada Pela primeira vez, a\u00a0Semifinal\u00a0e a\u00a0Final\u00a0da competi\u00e7\u00e3o foram disputadas&hellip;","og_url":"https:\/\/blogdofarnesio.com.br\/?p=310248","og_site_name":"Blog do Farn\u00e9sio","article_publisher":"https:\/\/www.facebook.com\/BlogQuerSaberPolitica\/","article_author":"https:\/\/www.facebook.com\/?ref=tn_tnmn","article_published_time":"2022-04-04T15:37:49+00:00","og_image":[{"width":450,"height":297,"url":"https:\/\/blogdofarnesio.com.br\/wp-content\/uploads\/2022\/04\/blogqspveramariamaga.jpg","type":"image\/jpeg"}],"author":"Farn\u00e9sio","twitter_card":"summary_large_image","twitter_misc":{"Escrito por":"Farn\u00e9sio","Est. tempo de leitura":"9 minutos"},"schema":{"@context":"https:\/\/schema.org","@graph":[{"@type":"Article","@id":"https:\/\/blogdofarnesio.com.br\/?p=310248#article","isPartOf":{"@id":"https:\/\/blogdofarnesio.com.br\/?p=310248"},"author":{"name":"Farn\u00e9sio","@id":"https:\/\/blogdofarnesio.com.br\/#\/schema\/person\/bb9b23ae3ad0609ce8df7b6c9e76824d"},"headline":"Vera de Maria Maga foi a vencedora da segunda temporada do programa; assista aos v\u00eddeos das apresenta\u00e7\u00f5es que encerraram o reality show!","datePublished":"2022-04-04T15:37:49+00:00","mainEntityOfPage":{"@id":"https:\/\/blogdofarnesio.com.br\/?p=310248"},"wordCount":835,"commentCount":0,"publisher":{"@id":"https:\/\/blogdofarnesio.com.br\/#organization"},"image":{"@id":"https:\/\/blogdofarnesio.com.br\/?p=310248#primaryimage"},"thumbnailUrl":"https:\/\/blogdofarnesio.com.br\/wp-content\/uploads\/2022\/04\/blogqspveramariamaga.jpg","inLanguage":"pt-BR","potentialAction":[{"@type":"CommentAction","name":"Comment","target":["https:\/\/blogdofarnesio.com.br\/?p=310248#respond"]}]},{"@type":"WebPage","@id":"https:\/\/blogdofarnesio.com.br\/?p=310248","url":"https:\/\/blogdofarnesio.com.br\/?p=310248","name":"Vera de Maria Maga foi a vencedora da segunda temporada do programa; assista aos v\u00eddeos das apresenta\u00e7\u00f5es que encerraram o reality show! - Blog do Farn\u00e9sio","isPartOf":{"@id":"https:\/\/blogdofarnesio.com.br\/#website"},"primaryImageOfPage":{"@id":"https:\/\/blogdofarnesio.com.br\/?p=310248#primaryimage"},"image":{"@id":"https:\/\/blogdofarnesio.com.br\/?p=310248#primaryimage"},"thumbnailUrl":"https:\/\/blogdofarnesio.com.br\/wp-content\/uploads\/2022\/04\/blogqspveramariamaga.jpg","datePublished":"2022-04-04T15:37:49+00:00","breadcrumb":{"@id":"https:\/\/blogdofarnesio.com.br\/?p=310248#breadcrumb"},"inLanguage":"pt-BR","potentialAction":[{"@type":"ReadAction","target":["https:\/\/blogdofarnesio.com.br\/?p=310248"]}]},{"@type":"ImageObject","inLanguage":"pt-BR","@id":"https:\/\/blogdofarnesio.com.br\/?p=310248#primaryimage","url":"https:\/\/blogdofarnesio.com.br\/wp-content\/uploads\/2022\/04\/blogqspveramariamaga.jpg","contentUrl":"https:\/\/blogdofarnesio.com.br\/wp-content\/uploads\/2022\/04\/blogqspveramariamaga.jpg","width":450,"height":297},{"@type":"BreadcrumbList","@id":"https:\/\/blogdofarnesio.com.br\/?p=310248#breadcrumb","itemListElement":[{"@type":"ListItem","position":1,"name":"In\u00edcio","item":"https:\/\/blogdofarnesio.com.br\/"},{"@type":"ListItem","position":2,"name":"Vera de Maria Maga foi a vencedora da segunda temporada do programa; assista aos v\u00eddeos das apresenta\u00e7\u00f5es que encerraram o reality show!"}]},{"@type":"WebSite","@id":"https:\/\/blogdofarnesio.com.br\/#website","url":"https:\/\/blogdofarnesio.com.br\/","name":"Blog do Farn\u00e9sio","description":"Quer Saber Pol\u00edtica?","publisher":{"@id":"https:\/\/blogdofarnesio.com.br\/#organization"},"potentialAction":[{"@type":"SearchAction","target":{"@type":"EntryPoint","urlTemplate":"https:\/\/blogdofarnesio.com.br\/?s={search_term_string}"},"query-input":{"@type":"PropertyValueSpecification","valueRequired":true,"valueName":"search_term_string"}}],"inLanguage":"pt-BR"},{"@type":"Organization","@id":"https:\/\/blogdofarnesio.com.br\/#organization","name":"Blog do Farn\u00e9sio","url":"https:\/\/blogdofarnesio.com.br\/","logo":{"@type":"ImageObject","inLanguage":"pt-BR","@id":"https:\/\/blogdofarnesio.com.br\/#\/schema\/logo\/image\/","url":"https:\/\/blogdofarnesio.com.br\/wp-content\/uploads\/2026\/03\/cropped-logo_new-1.png","contentUrl":"https:\/\/blogdofarnesio.com.br\/wp-content\/uploads\/2026\/03\/cropped-logo_new-1.png","width":881,"height":685,"caption":"Blog do Farn\u00e9sio"},"image":{"@id":"https:\/\/blogdofarnesio.com.br\/#\/schema\/logo\/image\/"},"sameAs":["https:\/\/www.facebook.com\/BlogQuerSaberPolitica\/"]},{"@type":"Person","@id":"https:\/\/blogdofarnesio.com.br\/#\/schema\/person\/bb9b23ae3ad0609ce8df7b6c9e76824d","name":"Farn\u00e9sio","image":{"@type":"ImageObject","inLanguage":"pt-BR","@id":"https:\/\/secure.gravatar.com\/avatar\/986aa4c61ccdb66f8555bf88fc2a65609d00bcabd4d2d94377a727547345cbca?s=96&d=mm&r=g","url":"https:\/\/secure.gravatar.com\/avatar\/986aa4c61ccdb66f8555bf88fc2a65609d00bcabd4d2d94377a727547345cbca?s=96&d=mm&r=g","contentUrl":"https:\/\/secure.gravatar.com\/avatar\/986aa4c61ccdb66f8555bf88fc2a65609d00bcabd4d2d94377a727547345cbca?s=96&d=mm&r=g","caption":"Farn\u00e9sio"},"description":"Radialista blogueiro, chegou a Petrolina\/Juazeiro em setembro de 1980, Farn\u00e9sio Silva \u00e9 de Arapiraca-Alagoas.","sameAs":["http:\/\/blogdofarnesio.com.br","https:\/\/www.facebook.com\/?ref=tn_tnmn","https:\/\/www.instagram.com\/?utm_source=pwa_homescreen","https:\/\/youtube.com.br\/"],"url":"https:\/\/blogdofarnesio.com.br\/?author=2"}]}},"_links":{"self":[{"href":"https:\/\/blogdofarnesio.com.br\/index.php?rest_route=\/wp\/v2\/posts\/310248","targetHints":{"allow":["GET"]}}],"collection":[{"href":"https:\/\/blogdofarnesio.com.br\/index.php?rest_route=\/wp\/v2\/posts"}],"about":[{"href":"https:\/\/blogdofarnesio.com.br\/index.php?rest_route=\/wp\/v2\/types\/post"}],"author":[{"embeddable":true,"href":"https:\/\/blogdofarnesio.com.br\/index.php?rest_route=\/wp\/v2\/users\/2"}],"replies":[{"embeddable":true,"href":"https:\/\/blogdofarnesio.com.br\/index.php?rest_route=%2Fwp%2Fv2%2Fcomments&post=310248"}],"version-history":[{"count":0,"href":"https:\/\/blogdofarnesio.com.br\/index.php?rest_route=\/wp\/v2\/posts\/310248\/revisions"}],"wp:featuredmedia":[{"embeddable":true,"href":"https:\/\/blogdofarnesio.com.br\/index.php?rest_route=\/wp\/v2\/media\/310178"}],"wp:attachment":[{"href":"https:\/\/blogdofarnesio.com.br\/index.php?rest_route=%2Fwp%2Fv2%2Fmedia&parent=310248"}],"wp:term":[{"taxonomy":"category","embeddable":true,"href":"https:\/\/blogdofarnesio.com.br\/index.php?rest_route=%2Fwp%2Fv2%2Fcategories&post=310248"},{"taxonomy":"post_tag","embeddable":true,"href":"https:\/\/blogdofarnesio.com.br\/index.php?rest_route=%2Fwp%2Fv2%2Ftags&post=310248"}],"curies":[{"name":"wp","href":"https:\/\/api.w.org\/{rel}","templated":true}]}}