{"id":310235,"date":"2022-04-04T11:34:44","date_gmt":"2022-04-04T14:34:44","guid":{"rendered":"https:\/\/blogdofarnesio.com.br\/?p=310235"},"modified":"2022-04-04T08:29:16","modified_gmt":"2022-04-04T11:29:16","slug":"a-mulher-de-jorge-de-altinho-tem-razao","status":"publish","type":"post","link":"https:\/\/blogdofarnesio.com.br\/?p=310235","title":{"rendered":"A mulher de Jorge de Altinho tem raz\u00e3o"},"content":{"rendered":"<p><b><i>&#8220;Caruaru,\u00a0 Petrolina e Arcoverde descaracterizam o S\u00e3o Jo\u00e3o e empobrecem nossa maior festa&#8221;<\/i><\/b><\/p>\n<p>A esposa de Jorge de Altinho fez um desabafo contra a ex-prefeita de Caruaru Raquel Lyra. Segundo ela, antes de deixar o governo, deixou mais uma vez a tradi\u00e7\u00e3o junina na m\u00e3o.<\/p>\n<p>A prefeita da Capital do Forr\u00f3,\u00a0 de Onildo Almeida, Ful\u00f4 de Mandacaru, Azul\u00e3o, deixou de fora nomes como Jorge de Altinho e Petr\u00facio Amorim para chamar Cl\u00e1udia Leite e DJ Alok,\u00a0 pra dar dois exemplos.<\/p>\n<p>Em Petrolina,\u00a0 a festa dar\u00e1 destaque ao sertanejo pop. Miguel Coelho chamou nomes como Zez\u00e9 di Camargo e Luciano, Gustavo Lima, Wesley Safad\u00e3o, que consegue a proeza de tocar um ritmo que cada vez mais se distancia do forr\u00f3 nordestino.<\/p>\n<p>Na mesma vibe, Arcoverde. Alok, L\u00e9o Santana,\u00a0 Priscila Sena, Maiara e Mara\u00edsa. N\u00e3o faz muito tempo,\u00a0 a principal atra\u00e7\u00e3o na era Madalena Brito foi Anita. Wellington Maciel faz o mesmo caminho.<\/p>\n<p>Nada contra os artistas, que poderiam preencher a grade em in\u00fameros outros eventos no calend\u00e1rio dessas cidades.\u00a0 Mas o mercado da m\u00fasica,\u00a0 o neg\u00f3cio,\u00a0 o business, os empres\u00e1rios e os prefeitos marionetes n\u00e3o negociam com a tradi\u00e7\u00e3o da \u00fanica festa com nossa identidade.<\/p>\n<p>O turista vem conhecer o S\u00e3o Jo\u00e3o e v\u00ea mais do mesmo. O pior \u00e9 o estrago cultural, na nossa identidade.<\/p>\n<p>Salvo exce\u00e7\u00f5es,\u00a0 n\u00e3o se formam mais forrozeiros como antigamente.\u00a0 A gera\u00e7\u00e3o de Santana, Elba, Alceu, Maciel Melo, Jorge de Altinho, Petr\u00facio Amorim, n\u00e3o se renova com a mesma velocidade.<\/p>\n<p>Aos poucos, os jovens n\u00e3o veem nossos artistas no palco, na TV, no r\u00e1dio,\u00a0 com a mesma intensidade.\u00a0 V\u00e3o se inspirar em artistas que n\u00e3o tem identidade com nosso ch\u00e3o. Isso \u00e9 muito mais profundo que se imagina. Gonzag\u00e3o e Dominguinhos devem estar se revirando embaixo da terra. J\u00e1 dizia o movimento: devolvam o nosso S\u00e3o Jo\u00e3o. Veja abaixo o desabafo de Juliana Souza:<\/p>\n<p><iframe id=\"instagram-embed-0\" class=\"instagram-media instagram-media-rendered\" src=\"https:\/\/www.instagram.com\/tv\/Cb3kP_GJ_rw\/embed\/?cr=1&amp;v=14&amp;wp=485&amp;rd=https%3A%2F%2Fnilljunior.com.br&amp;rp=%2F#%7B%22ci%22%3A0%2C%22os%22%3A5578.5%2C%22ls%22%3A4286.5%2C%22le%22%3A4333.799999952316%7D\" height=\"509\" frameborder=\"0\" scrolling=\"no\" allowfullscreen=\"allowfullscreen\" data-instgrm-payload-id=\"instagram-media-payload-0\" data-mce-fragment=\"1\"><\/iframe><\/p>\n","protected":false},"excerpt":{"rendered":"<p>&#8220;Caruaru,\u00a0 Petrolina e Arcoverde descaracterizam o S\u00e3o Jo\u00e3o e empobrecem nossa maior festa&#8221; A esposa de Jorge de Altinho fez um desabafo contra a ex-prefeita de Caruaru Raquel Lyra. Segundo ela, antes de deixar o governo, deixou mais uma vez a tradi\u00e7\u00e3o junina na m\u00e3o. A prefeita da Capital do Forr\u00f3,\u00a0 de Onildo Almeida, Ful\u00f4 de Mandacaru, Azul\u00e3o, deixou de fora nomes como Jorge de Altinho e Petr\u00facio Amorim para chamar Cl\u00e1udia Leite e DJ Alok,\u00a0 pra dar dois exemplos. Em Petrolina,\u00a0 a festa dar\u00e1 destaque ao sertanejo pop. Miguel Coelho chamou nomes como Zez\u00e9 di Camargo e Luciano, Gustavo Lima, Wesley Safad\u00e3o, que consegue a proeza de tocar um ritmo que cada vez mais se distancia do forr\u00f3 nordestino.&hellip; <\/p>\n","protected":false},"author":2,"featured_media":310236,"comment_status":"open","ping_status":"open","sticky":false,"template":"","format":"standard","meta":{"_acf_changed":false,"footnotes":""},"categories":[30],"tags":[],"class_list":["post-310235","post","type-post","status-publish","format-standard","has-post-thumbnail","hentry","category-artigo"],"acf":[],"yoast_head":"<!-- This site is optimized with the Yoast SEO plugin v27.4 - https:\/\/yoast.com\/product\/yoast-seo-wordpress\/ -->\n<title>A mulher de Jorge de Altinho tem raz\u00e3o - Blog do Farn\u00e9sio<\/title>\n<meta name=\"robots\" content=\"index, follow, max-snippet:-1, max-image-preview:large, max-video-preview:-1\" \/>\n<link rel=\"canonical\" href=\"https:\/\/blogdofarnesio.com.br\/?p=310235\" \/>\n<meta property=\"og:locale\" content=\"pt_BR\" \/>\n<meta property=\"og:type\" content=\"article\" \/>\n<meta property=\"og:title\" content=\"A mulher de Jorge de Altinho tem raz\u00e3o - Blog do Farn\u00e9sio\" \/>\n<meta property=\"og:description\" content=\"&#8220;Caruaru,\u00a0 Petrolina e Arcoverde descaracterizam o S\u00e3o Jo\u00e3o e empobrecem nossa maior festa&#8221; A esposa de Jorge de Altinho fez um desabafo contra a ex-prefeita de Caruaru Raquel Lyra. Segundo ela, antes de deixar o governo, deixou mais uma vez a tradi\u00e7\u00e3o junina na m\u00e3o. A prefeita da Capital do Forr\u00f3,\u00a0 de Onildo Almeida, Ful\u00f4 de Mandacaru, Azul\u00e3o, deixou de fora nomes como Jorge de Altinho e Petr\u00facio Amorim para chamar Cl\u00e1udia Leite e DJ Alok,\u00a0 pra dar dois exemplos. Em Petrolina,\u00a0 a festa dar\u00e1 destaque ao sertanejo pop. Miguel Coelho chamou nomes como Zez\u00e9 di Camargo e Luciano, Gustavo Lima, Wesley Safad\u00e3o, que consegue a proeza de tocar um ritmo que cada vez mais se distancia do forr\u00f3 nordestino.&hellip;\" \/>\n<meta property=\"og:url\" content=\"https:\/\/blogdofarnesio.com.br\/?p=310235\" \/>\n<meta property=\"og:site_name\" content=\"Blog do Farn\u00e9sio\" \/>\n<meta property=\"article:publisher\" content=\"https:\/\/www.facebook.com\/BlogQuerSaberPolitica\/\" \/>\n<meta property=\"article:author\" content=\"https:\/\/www.facebook.com\/?ref=tn_tnmn\" \/>\n<meta property=\"article:published_time\" content=\"2022-04-04T14:34:44+00:00\" \/>\n<meta property=\"og:image\" content=\"https:\/\/blogdofarnesio.com.br\/wp-content\/uploads\/2022\/04\/blogqspjorge-de-altinho-esposaJulianaSouza-e1649016912979.jpg\" \/>\n\t<meta property=\"og:image:width\" content=\"635\" \/>\n\t<meta property=\"og:image:height\" content=\"403\" \/>\n\t<meta property=\"og:image:type\" content=\"image\/jpeg\" \/>\n<meta name=\"author\" content=\"Farn\u00e9sio\" \/>\n<meta name=\"twitter:card\" content=\"summary_large_image\" \/>\n<meta name=\"twitter:label1\" content=\"Escrito por\" \/>\n\t<meta name=\"twitter:data1\" content=\"Farn\u00e9sio\" \/>\n\t<meta name=\"twitter:label2\" content=\"Est. tempo de leitura\" \/>\n\t<meta name=\"twitter:data2\" content=\"2 minutos\" \/>\n<script type=\"application\/ld+json\" class=\"yoast-schema-graph\">{\"@context\":\"https:\\\/\\\/schema.org\",\"@graph\":[{\"@type\":\"Article\",\"@id\":\"https:\\\/\\\/blogdofarnesio.com.br\\\/?p=310235#article\",\"isPartOf\":{\"@id\":\"https:\\\/\\\/blogdofarnesio.com.br\\\/?p=310235\"},\"author\":{\"name\":\"Farn\u00e9sio\",\"@id\":\"https:\\\/\\\/blogdofarnesio.com.br\\\/#\\\/schema\\\/person\\\/bb9b23ae3ad0609ce8df7b6c9e76824d\"},\"headline\":\"A mulher de Jorge de Altinho tem raz\u00e3o\",\"datePublished\":\"2022-04-04T14:34:44+00:00\",\"mainEntityOfPage\":{\"@id\":\"https:\\\/\\\/blogdofarnesio.com.br\\\/?p=310235\"},\"wordCount\":349,\"commentCount\":0,\"publisher\":{\"@id\":\"https:\\\/\\\/blogdofarnesio.com.br\\\/#organization\"},\"image\":{\"@id\":\"https:\\\/\\\/blogdofarnesio.com.br\\\/?p=310235#primaryimage\"},\"thumbnailUrl\":\"https:\\\/\\\/blogdofarnesio.com.br\\\/wp-content\\\/uploads\\\/2022\\\/04\\\/blogqspjorge-de-altinho-esposaJulianaSouza-e1649016912979.jpg\",\"articleSection\":[\"Artigo\"],\"inLanguage\":\"pt-BR\",\"potentialAction\":[{\"@type\":\"CommentAction\",\"name\":\"Comment\",\"target\":[\"https:\\\/\\\/blogdofarnesio.com.br\\\/?p=310235#respond\"]}]},{\"@type\":\"WebPage\",\"@id\":\"https:\\\/\\\/blogdofarnesio.com.br\\\/?p=310235\",\"url\":\"https:\\\/\\\/blogdofarnesio.com.br\\\/?p=310235\",\"name\":\"A mulher de Jorge de Altinho tem raz\u00e3o - Blog do Farn\u00e9sio\",\"isPartOf\":{\"@id\":\"https:\\\/\\\/blogdofarnesio.com.br\\\/#website\"},\"primaryImageOfPage\":{\"@id\":\"https:\\\/\\\/blogdofarnesio.com.br\\\/?p=310235#primaryimage\"},\"image\":{\"@id\":\"https:\\\/\\\/blogdofarnesio.com.br\\\/?p=310235#primaryimage\"},\"thumbnailUrl\":\"https:\\\/\\\/blogdofarnesio.com.br\\\/wp-content\\\/uploads\\\/2022\\\/04\\\/blogqspjorge-de-altinho-esposaJulianaSouza-e1649016912979.jpg\",\"datePublished\":\"2022-04-04T14:34:44+00:00\",\"breadcrumb\":{\"@id\":\"https:\\\/\\\/blogdofarnesio.com.br\\\/?p=310235#breadcrumb\"},\"inLanguage\":\"pt-BR\",\"potentialAction\":[{\"@type\":\"ReadAction\",\"target\":[\"https:\\\/\\\/blogdofarnesio.com.br\\\/?p=310235\"]}]},{\"@type\":\"ImageObject\",\"inLanguage\":\"pt-BR\",\"@id\":\"https:\\\/\\\/blogdofarnesio.com.br\\\/?p=310235#primaryimage\",\"url\":\"https:\\\/\\\/blogdofarnesio.com.br\\\/wp-content\\\/uploads\\\/2022\\\/04\\\/blogqspjorge-de-altinho-esposaJulianaSouza-e1649016912979.jpg\",\"contentUrl\":\"https:\\\/\\\/blogdofarnesio.com.br\\\/wp-content\\\/uploads\\\/2022\\\/04\\\/blogqspjorge-de-altinho-esposaJulianaSouza-e1649016912979.jpg\",\"width\":635,\"height\":403},{\"@type\":\"BreadcrumbList\",\"@id\":\"https:\\\/\\\/blogdofarnesio.com.br\\\/?p=310235#breadcrumb\",\"itemListElement\":[{\"@type\":\"ListItem\",\"position\":1,\"name\":\"In\u00edcio\",\"item\":\"https:\\\/\\\/blogdofarnesio.com.br\\\/\"},{\"@type\":\"ListItem\",\"position\":2,\"name\":\"A mulher de Jorge de Altinho tem raz\u00e3o\"}]},{\"@type\":\"WebSite\",\"@id\":\"https:\\\/\\\/blogdofarnesio.com.br\\\/#website\",\"url\":\"https:\\\/\\\/blogdofarnesio.com.br\\\/\",\"name\":\"Blog do Farn\u00e9sio\",\"description\":\"Quer Saber Pol\u00edtica?\",\"publisher\":{\"@id\":\"https:\\\/\\\/blogdofarnesio.com.br\\\/#organization\"},\"potentialAction\":[{\"@type\":\"SearchAction\",\"target\":{\"@type\":\"EntryPoint\",\"urlTemplate\":\"https:\\\/\\\/blogdofarnesio.com.br\\\/?s={search_term_string}\"},\"query-input\":{\"@type\":\"PropertyValueSpecification\",\"valueRequired\":true,\"valueName\":\"search_term_string\"}}],\"inLanguage\":\"pt-BR\"},{\"@type\":\"Organization\",\"@id\":\"https:\\\/\\\/blogdofarnesio.com.br\\\/#organization\",\"name\":\"Blog do Farn\u00e9sio\",\"url\":\"https:\\\/\\\/blogdofarnesio.com.br\\\/\",\"logo\":{\"@type\":\"ImageObject\",\"inLanguage\":\"pt-BR\",\"@id\":\"https:\\\/\\\/blogdofarnesio.com.br\\\/#\\\/schema\\\/logo\\\/image\\\/\",\"url\":\"https:\\\/\\\/blogdofarnesio.com.br\\\/wp-content\\\/uploads\\\/2026\\\/03\\\/cropped-logo_new-1.png\",\"contentUrl\":\"https:\\\/\\\/blogdofarnesio.com.br\\\/wp-content\\\/uploads\\\/2026\\\/03\\\/cropped-logo_new-1.png\",\"width\":881,\"height\":685,\"caption\":\"Blog do Farn\u00e9sio\"},\"image\":{\"@id\":\"https:\\\/\\\/blogdofarnesio.com.br\\\/#\\\/schema\\\/logo\\\/image\\\/\"},\"sameAs\":[\"https:\\\/\\\/www.facebook.com\\\/BlogQuerSaberPolitica\\\/\"]},{\"@type\":\"Person\",\"@id\":\"https:\\\/\\\/blogdofarnesio.com.br\\\/#\\\/schema\\\/person\\\/bb9b23ae3ad0609ce8df7b6c9e76824d\",\"name\":\"Farn\u00e9sio\",\"image\":{\"@type\":\"ImageObject\",\"inLanguage\":\"pt-BR\",\"@id\":\"https:\\\/\\\/secure.gravatar.com\\\/avatar\\\/986aa4c61ccdb66f8555bf88fc2a65609d00bcabd4d2d94377a727547345cbca?s=96&d=mm&r=g\",\"url\":\"https:\\\/\\\/secure.gravatar.com\\\/avatar\\\/986aa4c61ccdb66f8555bf88fc2a65609d00bcabd4d2d94377a727547345cbca?s=96&d=mm&r=g\",\"contentUrl\":\"https:\\\/\\\/secure.gravatar.com\\\/avatar\\\/986aa4c61ccdb66f8555bf88fc2a65609d00bcabd4d2d94377a727547345cbca?s=96&d=mm&r=g\",\"caption\":\"Farn\u00e9sio\"},\"description\":\"Radialista blogueiro, chegou a Petrolina\\\/Juazeiro em setembro de 1980, Farn\u00e9sio Silva \u00e9 de Arapiraca-Alagoas.\",\"sameAs\":[\"http:\\\/\\\/blogdofarnesio.com.br\",\"https:\\\/\\\/www.facebook.com\\\/?ref=tn_tnmn\",\"https:\\\/\\\/www.instagram.com\\\/?utm_source=pwa_homescreen\",\"https:\\\/\\\/youtube.com.br\\\/\"],\"url\":\"https:\\\/\\\/blogdofarnesio.com.br\\\/?author=2\"}]}<\/script>\n<!-- \/ Yoast SEO plugin. -->","yoast_head_json":{"title":"A mulher de Jorge de Altinho tem raz\u00e3o - Blog do Farn\u00e9sio","robots":{"index":"index","follow":"follow","max-snippet":"max-snippet:-1","max-image-preview":"max-image-preview:large","max-video-preview":"max-video-preview:-1"},"canonical":"https:\/\/blogdofarnesio.com.br\/?p=310235","og_locale":"pt_BR","og_type":"article","og_title":"A mulher de Jorge de Altinho tem raz\u00e3o - Blog do Farn\u00e9sio","og_description":"&#8220;Caruaru,\u00a0 Petrolina e Arcoverde descaracterizam o S\u00e3o Jo\u00e3o e empobrecem nossa maior festa&#8221; A esposa de Jorge de Altinho fez um desabafo contra a ex-prefeita de Caruaru Raquel Lyra. Segundo ela, antes de deixar o governo, deixou mais uma vez a tradi\u00e7\u00e3o junina na m\u00e3o. A prefeita da Capital do Forr\u00f3,\u00a0 de Onildo Almeida, Ful\u00f4 de Mandacaru, Azul\u00e3o, deixou de fora nomes como Jorge de Altinho e Petr\u00facio Amorim para chamar Cl\u00e1udia Leite e DJ Alok,\u00a0 pra dar dois exemplos. Em Petrolina,\u00a0 a festa dar\u00e1 destaque ao sertanejo pop. Miguel Coelho chamou nomes como Zez\u00e9 di Camargo e Luciano, Gustavo Lima, Wesley Safad\u00e3o, que consegue a proeza de tocar um ritmo que cada vez mais se distancia do forr\u00f3 nordestino.&hellip;","og_url":"https:\/\/blogdofarnesio.com.br\/?p=310235","og_site_name":"Blog do Farn\u00e9sio","article_publisher":"https:\/\/www.facebook.com\/BlogQuerSaberPolitica\/","article_author":"https:\/\/www.facebook.com\/?ref=tn_tnmn","article_published_time":"2022-04-04T14:34:44+00:00","og_image":[{"width":635,"height":403,"url":"https:\/\/blogdofarnesio.com.br\/wp-content\/uploads\/2022\/04\/blogqspjorge-de-altinho-esposaJulianaSouza-e1649016912979.jpg","type":"image\/jpeg"}],"author":"Farn\u00e9sio","twitter_card":"summary_large_image","twitter_misc":{"Escrito por":"Farn\u00e9sio","Est. tempo de leitura":"2 minutos"},"schema":{"@context":"https:\/\/schema.org","@graph":[{"@type":"Article","@id":"https:\/\/blogdofarnesio.com.br\/?p=310235#article","isPartOf":{"@id":"https:\/\/blogdofarnesio.com.br\/?p=310235"},"author":{"name":"Farn\u00e9sio","@id":"https:\/\/blogdofarnesio.com.br\/#\/schema\/person\/bb9b23ae3ad0609ce8df7b6c9e76824d"},"headline":"A mulher de Jorge de Altinho tem raz\u00e3o","datePublished":"2022-04-04T14:34:44+00:00","mainEntityOfPage":{"@id":"https:\/\/blogdofarnesio.com.br\/?p=310235"},"wordCount":349,"commentCount":0,"publisher":{"@id":"https:\/\/blogdofarnesio.com.br\/#organization"},"image":{"@id":"https:\/\/blogdofarnesio.com.br\/?p=310235#primaryimage"},"thumbnailUrl":"https:\/\/blogdofarnesio.com.br\/wp-content\/uploads\/2022\/04\/blogqspjorge-de-altinho-esposaJulianaSouza-e1649016912979.jpg","articleSection":["Artigo"],"inLanguage":"pt-BR","potentialAction":[{"@type":"CommentAction","name":"Comment","target":["https:\/\/blogdofarnesio.com.br\/?p=310235#respond"]}]},{"@type":"WebPage","@id":"https:\/\/blogdofarnesio.com.br\/?p=310235","url":"https:\/\/blogdofarnesio.com.br\/?p=310235","name":"A mulher de Jorge de Altinho tem raz\u00e3o - Blog do Farn\u00e9sio","isPartOf":{"@id":"https:\/\/blogdofarnesio.com.br\/#website"},"primaryImageOfPage":{"@id":"https:\/\/blogdofarnesio.com.br\/?p=310235#primaryimage"},"image":{"@id":"https:\/\/blogdofarnesio.com.br\/?p=310235#primaryimage"},"thumbnailUrl":"https:\/\/blogdofarnesio.com.br\/wp-content\/uploads\/2022\/04\/blogqspjorge-de-altinho-esposaJulianaSouza-e1649016912979.jpg","datePublished":"2022-04-04T14:34:44+00:00","breadcrumb":{"@id":"https:\/\/blogdofarnesio.com.br\/?p=310235#breadcrumb"},"inLanguage":"pt-BR","potentialAction":[{"@type":"ReadAction","target":["https:\/\/blogdofarnesio.com.br\/?p=310235"]}]},{"@type":"ImageObject","inLanguage":"pt-BR","@id":"https:\/\/blogdofarnesio.com.br\/?p=310235#primaryimage","url":"https:\/\/blogdofarnesio.com.br\/wp-content\/uploads\/2022\/04\/blogqspjorge-de-altinho-esposaJulianaSouza-e1649016912979.jpg","contentUrl":"https:\/\/blogdofarnesio.com.br\/wp-content\/uploads\/2022\/04\/blogqspjorge-de-altinho-esposaJulianaSouza-e1649016912979.jpg","width":635,"height":403},{"@type":"BreadcrumbList","@id":"https:\/\/blogdofarnesio.com.br\/?p=310235#breadcrumb","itemListElement":[{"@type":"ListItem","position":1,"name":"In\u00edcio","item":"https:\/\/blogdofarnesio.com.br\/"},{"@type":"ListItem","position":2,"name":"A mulher de Jorge de Altinho tem raz\u00e3o"}]},{"@type":"WebSite","@id":"https:\/\/blogdofarnesio.com.br\/#website","url":"https:\/\/blogdofarnesio.com.br\/","name":"Blog do Farn\u00e9sio","description":"Quer Saber Pol\u00edtica?","publisher":{"@id":"https:\/\/blogdofarnesio.com.br\/#organization"},"potentialAction":[{"@type":"SearchAction","target":{"@type":"EntryPoint","urlTemplate":"https:\/\/blogdofarnesio.com.br\/?s={search_term_string}"},"query-input":{"@type":"PropertyValueSpecification","valueRequired":true,"valueName":"search_term_string"}}],"inLanguage":"pt-BR"},{"@type":"Organization","@id":"https:\/\/blogdofarnesio.com.br\/#organization","name":"Blog do Farn\u00e9sio","url":"https:\/\/blogdofarnesio.com.br\/","logo":{"@type":"ImageObject","inLanguage":"pt-BR","@id":"https:\/\/blogdofarnesio.com.br\/#\/schema\/logo\/image\/","url":"https:\/\/blogdofarnesio.com.br\/wp-content\/uploads\/2026\/03\/cropped-logo_new-1.png","contentUrl":"https:\/\/blogdofarnesio.com.br\/wp-content\/uploads\/2026\/03\/cropped-logo_new-1.png","width":881,"height":685,"caption":"Blog do Farn\u00e9sio"},"image":{"@id":"https:\/\/blogdofarnesio.com.br\/#\/schema\/logo\/image\/"},"sameAs":["https:\/\/www.facebook.com\/BlogQuerSaberPolitica\/"]},{"@type":"Person","@id":"https:\/\/blogdofarnesio.com.br\/#\/schema\/person\/bb9b23ae3ad0609ce8df7b6c9e76824d","name":"Farn\u00e9sio","image":{"@type":"ImageObject","inLanguage":"pt-BR","@id":"https:\/\/secure.gravatar.com\/avatar\/986aa4c61ccdb66f8555bf88fc2a65609d00bcabd4d2d94377a727547345cbca?s=96&d=mm&r=g","url":"https:\/\/secure.gravatar.com\/avatar\/986aa4c61ccdb66f8555bf88fc2a65609d00bcabd4d2d94377a727547345cbca?s=96&d=mm&r=g","contentUrl":"https:\/\/secure.gravatar.com\/avatar\/986aa4c61ccdb66f8555bf88fc2a65609d00bcabd4d2d94377a727547345cbca?s=96&d=mm&r=g","caption":"Farn\u00e9sio"},"description":"Radialista blogueiro, chegou a Petrolina\/Juazeiro em setembro de 1980, Farn\u00e9sio Silva \u00e9 de Arapiraca-Alagoas.","sameAs":["http:\/\/blogdofarnesio.com.br","https:\/\/www.facebook.com\/?ref=tn_tnmn","https:\/\/www.instagram.com\/?utm_source=pwa_homescreen","https:\/\/youtube.com.br\/"],"url":"https:\/\/blogdofarnesio.com.br\/?author=2"}]}},"_links":{"self":[{"href":"https:\/\/blogdofarnesio.com.br\/index.php?rest_route=\/wp\/v2\/posts\/310235","targetHints":{"allow":["GET"]}}],"collection":[{"href":"https:\/\/blogdofarnesio.com.br\/index.php?rest_route=\/wp\/v2\/posts"}],"about":[{"href":"https:\/\/blogdofarnesio.com.br\/index.php?rest_route=\/wp\/v2\/types\/post"}],"author":[{"embeddable":true,"href":"https:\/\/blogdofarnesio.com.br\/index.php?rest_route=\/wp\/v2\/users\/2"}],"replies":[{"embeddable":true,"href":"https:\/\/blogdofarnesio.com.br\/index.php?rest_route=%2Fwp%2Fv2%2Fcomments&post=310235"}],"version-history":[{"count":0,"href":"https:\/\/blogdofarnesio.com.br\/index.php?rest_route=\/wp\/v2\/posts\/310235\/revisions"}],"wp:featuredmedia":[{"embeddable":true,"href":"https:\/\/blogdofarnesio.com.br\/index.php?rest_route=\/wp\/v2\/media\/310236"}],"wp:attachment":[{"href":"https:\/\/blogdofarnesio.com.br\/index.php?rest_route=%2Fwp%2Fv2%2Fmedia&parent=310235"}],"wp:term":[{"taxonomy":"category","embeddable":true,"href":"https:\/\/blogdofarnesio.com.br\/index.php?rest_route=%2Fwp%2Fv2%2Fcategories&post=310235"},{"taxonomy":"post_tag","embeddable":true,"href":"https:\/\/blogdofarnesio.com.br\/index.php?rest_route=%2Fwp%2Fv2%2Ftags&post=310235"}],"curies":[{"name":"wp","href":"https:\/\/api.w.org\/{rel}","templated":true}]}}