{"id":310201,"date":"2022-04-04T10:03:51","date_gmt":"2022-04-04T13:03:51","guid":{"rendered":"https:\/\/blogdofarnesio.com.br\/?p=310201"},"modified":"2022-04-03T14:58:07","modified_gmt":"2022-04-03T17:58:07","slug":"apos-13-anos-barragem-de-sobradinho-esta-com-100-de-armazenamento-de-agua","status":"publish","type":"post","link":"https:\/\/blogdofarnesio.com.br\/?p=310201","title":{"rendered":"Ap\u00f3s 13 anos, barragem de Sobradinho est\u00e1 com 100% de armazenamento de \u00e1gua"},"content":{"rendered":"<div class=\"meta\"><\/div>\n<p>A Companhia Hidro El\u00e9trica do S\u00e3o Francisco (Chesf) informou que desde o dia 1\u00ba de abril, o reservat\u00f3rio da Usina Hidrel\u00e9trica de Sobradinho, na Bahia, atingiu 100% de sua capacidade.<\/p>\n<p>N\u00e3o \u00e9 mentira. \u00c9 verdade, pois o maior lago artificial do mundo chegou aos 34,1 bilh\u00f5es de metros c\u00fabicos d\u2019\u00e1gua. A \u00faltima vez que essa marca foi alcan\u00e7ada foi em 2009, portanto, h\u00e1 treze anos.<\/p>\n<p>Segundo o diretor de Opera\u00e7\u00e3o, Jo\u00e3o Henrique Franklin, \u201cdesde o in\u00edcio do per\u00edodo \u00famido na bacia do Velho Chico, com fortes chuvas no alto S\u00e3o Francisco, o que se viu foi o aumento gradativo do volume d\u2019\u00e1gua no rio e o ac\u00famulo devidamente monitorado e controlado atrav\u00e9s das vaz\u00f5es nos reservat\u00f3rios da Chesf\u201d<\/p>\n<p>Jo\u00e3o Henrique Franklin explicou que este cen\u00e1rio pluviom\u00e9trico levou o maior reservat\u00f3rio do Nordeste \u00e0 totalidade de sua capacidade, vertendo uma vaz\u00e3o de sa\u00edda, atualmente, de 3.000 metros c\u00fabicos por segundo (m\u00b3\/s), que ser\u00e1 mantida at\u00e9 nova avalia\u00e7\u00e3o.<\/p>\n<p>Ainda segundo ele, \u201cA partir de agora, com os reservat\u00f3rios cheios, teremos um cen\u00e1rio de seguran\u00e7a h\u00eddrica para o per\u00edodo seco, garantindo o atendimento \u00e0 gera\u00e7\u00e3o de energia e aos demais usos m\u00faltiplos da \u00e1gua na Bacia do S\u00e3o Francisco\u201d.<\/p>\n<p>Essa marca aconteceu na sexta feira, (1\u00ba) porque desde janeiro, com a incid\u00eancia forte de chuvas na bacia por mais de 50 dias, a Chesf manteve a vaz\u00e3o em 4.000 m\u00b3\/s.<\/p>\n","protected":false},"excerpt":{"rendered":"<p>A Companhia Hidro El\u00e9trica do S\u00e3o Francisco (Chesf) informou que desde o dia 1\u00ba de abril, o reservat\u00f3rio da Usina Hidrel\u00e9trica de Sobradinho, na Bahia, atingiu 100% de sua capacidade. N\u00e3o \u00e9 mentira. \u00c9 verdade, pois o maior lago artificial do mundo chegou aos 34,1 bilh\u00f5es de metros c\u00fabicos d\u2019\u00e1gua. A \u00faltima vez que essa marca foi alcan\u00e7ada foi em 2009, portanto, h\u00e1 treze anos. Segundo o diretor de Opera\u00e7\u00e3o, Jo\u00e3o Henrique Franklin, \u201cdesde o in\u00edcio do per\u00edodo \u00famido na bacia do Velho Chico, com fortes chuvas no alto S\u00e3o Francisco, o que se viu foi o aumento gradativo do volume d\u2019\u00e1gua no rio e o ac\u00famulo devidamente monitorado e controlado atrav\u00e9s das vaz\u00f5es nos reservat\u00f3rios da Chesf\u201d Jo\u00e3o Henrique&hellip; <\/p>\n","protected":false},"author":2,"featured_media":254817,"comment_status":"open","ping_status":"open","sticky":false,"template":"","format":"standard","meta":{"_acf_changed":false,"footnotes":""},"categories":[56],"tags":[],"class_list":["post-310201","post","type-post","status-publish","format-standard","has-post-thumbnail","hentry","category-agua"],"acf":[],"yoast_head":"<!-- This site is optimized with the Yoast SEO plugin v27.4 - https:\/\/yoast.com\/product\/yoast-seo-wordpress\/ -->\n<title>Ap\u00f3s 13 anos, barragem de Sobradinho est\u00e1 com 100% de armazenamento de \u00e1gua - Blog do Farn\u00e9sio<\/title>\n<meta name=\"robots\" content=\"index, follow, max-snippet:-1, max-image-preview:large, max-video-preview:-1\" \/>\n<link rel=\"canonical\" href=\"https:\/\/blogdofarnesio.com.br\/?p=310201\" \/>\n<meta property=\"og:locale\" content=\"pt_BR\" \/>\n<meta property=\"og:type\" content=\"article\" \/>\n<meta property=\"og:title\" content=\"Ap\u00f3s 13 anos, barragem de Sobradinho est\u00e1 com 100% de armazenamento de \u00e1gua - Blog do Farn\u00e9sio\" \/>\n<meta property=\"og:description\" content=\"A Companhia Hidro El\u00e9trica do S\u00e3o Francisco (Chesf) informou que desde o dia 1\u00ba de abril, o reservat\u00f3rio da Usina Hidrel\u00e9trica de Sobradinho, na Bahia, atingiu 100% de sua capacidade. N\u00e3o \u00e9 mentira. \u00c9 verdade, pois o maior lago artificial do mundo chegou aos 34,1 bilh\u00f5es de metros c\u00fabicos d\u2019\u00e1gua. A \u00faltima vez que essa marca foi alcan\u00e7ada foi em 2009, portanto, h\u00e1 treze anos. Segundo o diretor de Opera\u00e7\u00e3o, Jo\u00e3o Henrique Franklin, \u201cdesde o in\u00edcio do per\u00edodo \u00famido na bacia do Velho Chico, com fortes chuvas no alto S\u00e3o Francisco, o que se viu foi o aumento gradativo do volume d\u2019\u00e1gua no rio e o ac\u00famulo devidamente monitorado e controlado atrav\u00e9s das vaz\u00f5es nos reservat\u00f3rios da Chesf\u201d Jo\u00e3o Henrique&hellip;\" \/>\n<meta property=\"og:url\" content=\"https:\/\/blogdofarnesio.com.br\/?p=310201\" \/>\n<meta property=\"og:site_name\" content=\"Blog do Farn\u00e9sio\" \/>\n<meta property=\"article:publisher\" content=\"https:\/\/www.facebook.com\/BlogQuerSaberPolitica\/\" \/>\n<meta property=\"article:author\" content=\"https:\/\/www.facebook.com\/?ref=tn_tnmn\" \/>\n<meta property=\"article:published_time\" content=\"2022-04-04T13:03:51+00:00\" \/>\n<meta property=\"og:image\" content=\"https:\/\/blogdofarnesio.com.br\/wp-content\/uploads\/2020\/04\/blogqspbarragem-sobradinho...jpg\" \/>\n\t<meta property=\"og:image:width\" content=\"844\" \/>\n\t<meta property=\"og:image:height\" content=\"321\" \/>\n\t<meta property=\"og:image:type\" content=\"image\/jpeg\" \/>\n<meta name=\"author\" content=\"Farn\u00e9sio\" \/>\n<meta name=\"twitter:card\" content=\"summary_large_image\" \/>\n<meta name=\"twitter:label1\" content=\"Escrito por\" \/>\n\t<meta name=\"twitter:data1\" content=\"Farn\u00e9sio\" \/>\n\t<meta name=\"twitter:label2\" content=\"Est. tempo de leitura\" \/>\n\t<meta name=\"twitter:data2\" content=\"2 minutos\" \/>\n<script type=\"application\/ld+json\" class=\"yoast-schema-graph\">{\"@context\":\"https:\\\/\\\/schema.org\",\"@graph\":[{\"@type\":\"Article\",\"@id\":\"https:\\\/\\\/blogdofarnesio.com.br\\\/?p=310201#article\",\"isPartOf\":{\"@id\":\"https:\\\/\\\/blogdofarnesio.com.br\\\/?p=310201\"},\"author\":{\"name\":\"Farn\u00e9sio\",\"@id\":\"https:\\\/\\\/blogdofarnesio.com.br\\\/#\\\/schema\\\/person\\\/bb9b23ae3ad0609ce8df7b6c9e76824d\"},\"headline\":\"Ap\u00f3s 13 anos, barragem de Sobradinho est\u00e1 com 100% de armazenamento de \u00e1gua\",\"datePublished\":\"2022-04-04T13:03:51+00:00\",\"mainEntityOfPage\":{\"@id\":\"https:\\\/\\\/blogdofarnesio.com.br\\\/?p=310201\"},\"wordCount\":266,\"commentCount\":0,\"publisher\":{\"@id\":\"https:\\\/\\\/blogdofarnesio.com.br\\\/#organization\"},\"image\":{\"@id\":\"https:\\\/\\\/blogdofarnesio.com.br\\\/?p=310201#primaryimage\"},\"thumbnailUrl\":\"https:\\\/\\\/blogdofarnesio.com.br\\\/wp-content\\\/uploads\\\/2020\\\/04\\\/blogqspbarragem-sobradinho...jpg\",\"articleSection\":[\"\u00c1gua\"],\"inLanguage\":\"pt-BR\",\"potentialAction\":[{\"@type\":\"CommentAction\",\"name\":\"Comment\",\"target\":[\"https:\\\/\\\/blogdofarnesio.com.br\\\/?p=310201#respond\"]}]},{\"@type\":\"WebPage\",\"@id\":\"https:\\\/\\\/blogdofarnesio.com.br\\\/?p=310201\",\"url\":\"https:\\\/\\\/blogdofarnesio.com.br\\\/?p=310201\",\"name\":\"Ap\u00f3s 13 anos, barragem de Sobradinho est\u00e1 com 100% de armazenamento de \u00e1gua - Blog do Farn\u00e9sio\",\"isPartOf\":{\"@id\":\"https:\\\/\\\/blogdofarnesio.com.br\\\/#website\"},\"primaryImageOfPage\":{\"@id\":\"https:\\\/\\\/blogdofarnesio.com.br\\\/?p=310201#primaryimage\"},\"image\":{\"@id\":\"https:\\\/\\\/blogdofarnesio.com.br\\\/?p=310201#primaryimage\"},\"thumbnailUrl\":\"https:\\\/\\\/blogdofarnesio.com.br\\\/wp-content\\\/uploads\\\/2020\\\/04\\\/blogqspbarragem-sobradinho...jpg\",\"datePublished\":\"2022-04-04T13:03:51+00:00\",\"breadcrumb\":{\"@id\":\"https:\\\/\\\/blogdofarnesio.com.br\\\/?p=310201#breadcrumb\"},\"inLanguage\":\"pt-BR\",\"potentialAction\":[{\"@type\":\"ReadAction\",\"target\":[\"https:\\\/\\\/blogdofarnesio.com.br\\\/?p=310201\"]}]},{\"@type\":\"ImageObject\",\"inLanguage\":\"pt-BR\",\"@id\":\"https:\\\/\\\/blogdofarnesio.com.br\\\/?p=310201#primaryimage\",\"url\":\"https:\\\/\\\/blogdofarnesio.com.br\\\/wp-content\\\/uploads\\\/2020\\\/04\\\/blogqspbarragem-sobradinho...jpg\",\"contentUrl\":\"https:\\\/\\\/blogdofarnesio.com.br\\\/wp-content\\\/uploads\\\/2020\\\/04\\\/blogqspbarragem-sobradinho...jpg\",\"width\":844,\"height\":321},{\"@type\":\"BreadcrumbList\",\"@id\":\"https:\\\/\\\/blogdofarnesio.com.br\\\/?p=310201#breadcrumb\",\"itemListElement\":[{\"@type\":\"ListItem\",\"position\":1,\"name\":\"In\u00edcio\",\"item\":\"https:\\\/\\\/blogdofarnesio.com.br\\\/\"},{\"@type\":\"ListItem\",\"position\":2,\"name\":\"Ap\u00f3s 13 anos, barragem de Sobradinho est\u00e1 com 100% de armazenamento de \u00e1gua\"}]},{\"@type\":\"WebSite\",\"@id\":\"https:\\\/\\\/blogdofarnesio.com.br\\\/#website\",\"url\":\"https:\\\/\\\/blogdofarnesio.com.br\\\/\",\"name\":\"Blog do Farn\u00e9sio\",\"description\":\"Quer Saber Pol\u00edtica?\",\"publisher\":{\"@id\":\"https:\\\/\\\/blogdofarnesio.com.br\\\/#organization\"},\"potentialAction\":[{\"@type\":\"SearchAction\",\"target\":{\"@type\":\"EntryPoint\",\"urlTemplate\":\"https:\\\/\\\/blogdofarnesio.com.br\\\/?s={search_term_string}\"},\"query-input\":{\"@type\":\"PropertyValueSpecification\",\"valueRequired\":true,\"valueName\":\"search_term_string\"}}],\"inLanguage\":\"pt-BR\"},{\"@type\":\"Organization\",\"@id\":\"https:\\\/\\\/blogdofarnesio.com.br\\\/#organization\",\"name\":\"Blog do Farn\u00e9sio\",\"url\":\"https:\\\/\\\/blogdofarnesio.com.br\\\/\",\"logo\":{\"@type\":\"ImageObject\",\"inLanguage\":\"pt-BR\",\"@id\":\"https:\\\/\\\/blogdofarnesio.com.br\\\/#\\\/schema\\\/logo\\\/image\\\/\",\"url\":\"https:\\\/\\\/blogdofarnesio.com.br\\\/wp-content\\\/uploads\\\/2026\\\/03\\\/cropped-logo_new-1.png\",\"contentUrl\":\"https:\\\/\\\/blogdofarnesio.com.br\\\/wp-content\\\/uploads\\\/2026\\\/03\\\/cropped-logo_new-1.png\",\"width\":881,\"height\":685,\"caption\":\"Blog do Farn\u00e9sio\"},\"image\":{\"@id\":\"https:\\\/\\\/blogdofarnesio.com.br\\\/#\\\/schema\\\/logo\\\/image\\\/\"},\"sameAs\":[\"https:\\\/\\\/www.facebook.com\\\/BlogQuerSaberPolitica\\\/\"]},{\"@type\":\"Person\",\"@id\":\"https:\\\/\\\/blogdofarnesio.com.br\\\/#\\\/schema\\\/person\\\/bb9b23ae3ad0609ce8df7b6c9e76824d\",\"name\":\"Farn\u00e9sio\",\"image\":{\"@type\":\"ImageObject\",\"inLanguage\":\"pt-BR\",\"@id\":\"https:\\\/\\\/secure.gravatar.com\\\/avatar\\\/986aa4c61ccdb66f8555bf88fc2a65609d00bcabd4d2d94377a727547345cbca?s=96&d=mm&r=g\",\"url\":\"https:\\\/\\\/secure.gravatar.com\\\/avatar\\\/986aa4c61ccdb66f8555bf88fc2a65609d00bcabd4d2d94377a727547345cbca?s=96&d=mm&r=g\",\"contentUrl\":\"https:\\\/\\\/secure.gravatar.com\\\/avatar\\\/986aa4c61ccdb66f8555bf88fc2a65609d00bcabd4d2d94377a727547345cbca?s=96&d=mm&r=g\",\"caption\":\"Farn\u00e9sio\"},\"description\":\"Radialista blogueiro, chegou a Petrolina\\\/Juazeiro em setembro de 1980, Farn\u00e9sio Silva \u00e9 de Arapiraca-Alagoas.\",\"sameAs\":[\"http:\\\/\\\/blogdofarnesio.com.br\",\"https:\\\/\\\/www.facebook.com\\\/?ref=tn_tnmn\",\"https:\\\/\\\/www.instagram.com\\\/?utm_source=pwa_homescreen\",\"https:\\\/\\\/youtube.com.br\\\/\"],\"url\":\"https:\\\/\\\/blogdofarnesio.com.br\\\/?author=2\"}]}<\/script>\n<!-- \/ Yoast SEO plugin. -->","yoast_head_json":{"title":"Ap\u00f3s 13 anos, barragem de Sobradinho est\u00e1 com 100% de armazenamento de \u00e1gua - Blog do Farn\u00e9sio","robots":{"index":"index","follow":"follow","max-snippet":"max-snippet:-1","max-image-preview":"max-image-preview:large","max-video-preview":"max-video-preview:-1"},"canonical":"https:\/\/blogdofarnesio.com.br\/?p=310201","og_locale":"pt_BR","og_type":"article","og_title":"Ap\u00f3s 13 anos, barragem de Sobradinho est\u00e1 com 100% de armazenamento de \u00e1gua - Blog do Farn\u00e9sio","og_description":"A Companhia Hidro El\u00e9trica do S\u00e3o Francisco (Chesf) informou que desde o dia 1\u00ba de abril, o reservat\u00f3rio da Usina Hidrel\u00e9trica de Sobradinho, na Bahia, atingiu 100% de sua capacidade. N\u00e3o \u00e9 mentira. \u00c9 verdade, pois o maior lago artificial do mundo chegou aos 34,1 bilh\u00f5es de metros c\u00fabicos d\u2019\u00e1gua. A \u00faltima vez que essa marca foi alcan\u00e7ada foi em 2009, portanto, h\u00e1 treze anos. Segundo o diretor de Opera\u00e7\u00e3o, Jo\u00e3o Henrique Franklin, \u201cdesde o in\u00edcio do per\u00edodo \u00famido na bacia do Velho Chico, com fortes chuvas no alto S\u00e3o Francisco, o que se viu foi o aumento gradativo do volume d\u2019\u00e1gua no rio e o ac\u00famulo devidamente monitorado e controlado atrav\u00e9s das vaz\u00f5es nos reservat\u00f3rios da Chesf\u201d Jo\u00e3o Henrique&hellip;","og_url":"https:\/\/blogdofarnesio.com.br\/?p=310201","og_site_name":"Blog do Farn\u00e9sio","article_publisher":"https:\/\/www.facebook.com\/BlogQuerSaberPolitica\/","article_author":"https:\/\/www.facebook.com\/?ref=tn_tnmn","article_published_time":"2022-04-04T13:03:51+00:00","og_image":[{"width":844,"height":321,"url":"https:\/\/blogdofarnesio.com.br\/wp-content\/uploads\/2020\/04\/blogqspbarragem-sobradinho...jpg","type":"image\/jpeg"}],"author":"Farn\u00e9sio","twitter_card":"summary_large_image","twitter_misc":{"Escrito por":"Farn\u00e9sio","Est. tempo de leitura":"2 minutos"},"schema":{"@context":"https:\/\/schema.org","@graph":[{"@type":"Article","@id":"https:\/\/blogdofarnesio.com.br\/?p=310201#article","isPartOf":{"@id":"https:\/\/blogdofarnesio.com.br\/?p=310201"},"author":{"name":"Farn\u00e9sio","@id":"https:\/\/blogdofarnesio.com.br\/#\/schema\/person\/bb9b23ae3ad0609ce8df7b6c9e76824d"},"headline":"Ap\u00f3s 13 anos, barragem de Sobradinho est\u00e1 com 100% de armazenamento de \u00e1gua","datePublished":"2022-04-04T13:03:51+00:00","mainEntityOfPage":{"@id":"https:\/\/blogdofarnesio.com.br\/?p=310201"},"wordCount":266,"commentCount":0,"publisher":{"@id":"https:\/\/blogdofarnesio.com.br\/#organization"},"image":{"@id":"https:\/\/blogdofarnesio.com.br\/?p=310201#primaryimage"},"thumbnailUrl":"https:\/\/blogdofarnesio.com.br\/wp-content\/uploads\/2020\/04\/blogqspbarragem-sobradinho...jpg","articleSection":["\u00c1gua"],"inLanguage":"pt-BR","potentialAction":[{"@type":"CommentAction","name":"Comment","target":["https:\/\/blogdofarnesio.com.br\/?p=310201#respond"]}]},{"@type":"WebPage","@id":"https:\/\/blogdofarnesio.com.br\/?p=310201","url":"https:\/\/blogdofarnesio.com.br\/?p=310201","name":"Ap\u00f3s 13 anos, barragem de Sobradinho est\u00e1 com 100% de armazenamento de \u00e1gua - Blog do Farn\u00e9sio","isPartOf":{"@id":"https:\/\/blogdofarnesio.com.br\/#website"},"primaryImageOfPage":{"@id":"https:\/\/blogdofarnesio.com.br\/?p=310201#primaryimage"},"image":{"@id":"https:\/\/blogdofarnesio.com.br\/?p=310201#primaryimage"},"thumbnailUrl":"https:\/\/blogdofarnesio.com.br\/wp-content\/uploads\/2020\/04\/blogqspbarragem-sobradinho...jpg","datePublished":"2022-04-04T13:03:51+00:00","breadcrumb":{"@id":"https:\/\/blogdofarnesio.com.br\/?p=310201#breadcrumb"},"inLanguage":"pt-BR","potentialAction":[{"@type":"ReadAction","target":["https:\/\/blogdofarnesio.com.br\/?p=310201"]}]},{"@type":"ImageObject","inLanguage":"pt-BR","@id":"https:\/\/blogdofarnesio.com.br\/?p=310201#primaryimage","url":"https:\/\/blogdofarnesio.com.br\/wp-content\/uploads\/2020\/04\/blogqspbarragem-sobradinho...jpg","contentUrl":"https:\/\/blogdofarnesio.com.br\/wp-content\/uploads\/2020\/04\/blogqspbarragem-sobradinho...jpg","width":844,"height":321},{"@type":"BreadcrumbList","@id":"https:\/\/blogdofarnesio.com.br\/?p=310201#breadcrumb","itemListElement":[{"@type":"ListItem","position":1,"name":"In\u00edcio","item":"https:\/\/blogdofarnesio.com.br\/"},{"@type":"ListItem","position":2,"name":"Ap\u00f3s 13 anos, barragem de Sobradinho est\u00e1 com 100% de armazenamento de \u00e1gua"}]},{"@type":"WebSite","@id":"https:\/\/blogdofarnesio.com.br\/#website","url":"https:\/\/blogdofarnesio.com.br\/","name":"Blog do Farn\u00e9sio","description":"Quer Saber Pol\u00edtica?","publisher":{"@id":"https:\/\/blogdofarnesio.com.br\/#organization"},"potentialAction":[{"@type":"SearchAction","target":{"@type":"EntryPoint","urlTemplate":"https:\/\/blogdofarnesio.com.br\/?s={search_term_string}"},"query-input":{"@type":"PropertyValueSpecification","valueRequired":true,"valueName":"search_term_string"}}],"inLanguage":"pt-BR"},{"@type":"Organization","@id":"https:\/\/blogdofarnesio.com.br\/#organization","name":"Blog do Farn\u00e9sio","url":"https:\/\/blogdofarnesio.com.br\/","logo":{"@type":"ImageObject","inLanguage":"pt-BR","@id":"https:\/\/blogdofarnesio.com.br\/#\/schema\/logo\/image\/","url":"https:\/\/blogdofarnesio.com.br\/wp-content\/uploads\/2026\/03\/cropped-logo_new-1.png","contentUrl":"https:\/\/blogdofarnesio.com.br\/wp-content\/uploads\/2026\/03\/cropped-logo_new-1.png","width":881,"height":685,"caption":"Blog do Farn\u00e9sio"},"image":{"@id":"https:\/\/blogdofarnesio.com.br\/#\/schema\/logo\/image\/"},"sameAs":["https:\/\/www.facebook.com\/BlogQuerSaberPolitica\/"]},{"@type":"Person","@id":"https:\/\/blogdofarnesio.com.br\/#\/schema\/person\/bb9b23ae3ad0609ce8df7b6c9e76824d","name":"Farn\u00e9sio","image":{"@type":"ImageObject","inLanguage":"pt-BR","@id":"https:\/\/secure.gravatar.com\/avatar\/986aa4c61ccdb66f8555bf88fc2a65609d00bcabd4d2d94377a727547345cbca?s=96&d=mm&r=g","url":"https:\/\/secure.gravatar.com\/avatar\/986aa4c61ccdb66f8555bf88fc2a65609d00bcabd4d2d94377a727547345cbca?s=96&d=mm&r=g","contentUrl":"https:\/\/secure.gravatar.com\/avatar\/986aa4c61ccdb66f8555bf88fc2a65609d00bcabd4d2d94377a727547345cbca?s=96&d=mm&r=g","caption":"Farn\u00e9sio"},"description":"Radialista blogueiro, chegou a Petrolina\/Juazeiro em setembro de 1980, Farn\u00e9sio Silva \u00e9 de Arapiraca-Alagoas.","sameAs":["http:\/\/blogdofarnesio.com.br","https:\/\/www.facebook.com\/?ref=tn_tnmn","https:\/\/www.instagram.com\/?utm_source=pwa_homescreen","https:\/\/youtube.com.br\/"],"url":"https:\/\/blogdofarnesio.com.br\/?author=2"}]}},"_links":{"self":[{"href":"https:\/\/blogdofarnesio.com.br\/index.php?rest_route=\/wp\/v2\/posts\/310201","targetHints":{"allow":["GET"]}}],"collection":[{"href":"https:\/\/blogdofarnesio.com.br\/index.php?rest_route=\/wp\/v2\/posts"}],"about":[{"href":"https:\/\/blogdofarnesio.com.br\/index.php?rest_route=\/wp\/v2\/types\/post"}],"author":[{"embeddable":true,"href":"https:\/\/blogdofarnesio.com.br\/index.php?rest_route=\/wp\/v2\/users\/2"}],"replies":[{"embeddable":true,"href":"https:\/\/blogdofarnesio.com.br\/index.php?rest_route=%2Fwp%2Fv2%2Fcomments&post=310201"}],"version-history":[{"count":0,"href":"https:\/\/blogdofarnesio.com.br\/index.php?rest_route=\/wp\/v2\/posts\/310201\/revisions"}],"wp:featuredmedia":[{"embeddable":true,"href":"https:\/\/blogdofarnesio.com.br\/index.php?rest_route=\/wp\/v2\/media\/254817"}],"wp:attachment":[{"href":"https:\/\/blogdofarnesio.com.br\/index.php?rest_route=%2Fwp%2Fv2%2Fmedia&parent=310201"}],"wp:term":[{"taxonomy":"category","embeddable":true,"href":"https:\/\/blogdofarnesio.com.br\/index.php?rest_route=%2Fwp%2Fv2%2Fcategories&post=310201"},{"taxonomy":"post_tag","embeddable":true,"href":"https:\/\/blogdofarnesio.com.br\/index.php?rest_route=%2Fwp%2Fv2%2Ftags&post=310201"}],"curies":[{"name":"wp","href":"https:\/\/api.w.org\/{rel}","templated":true}]}}