{"id":310158,"date":"2022-04-04T07:42:08","date_gmt":"2022-04-04T10:42:08","guid":{"rendered":"https:\/\/blogdofarnesio.com.br\/?p=310158"},"modified":"2022-04-02T17:58:24","modified_gmt":"2022-04-02T20:58:24","slug":"campanha-contra-a-gripe-comeca-nesta-segunda-feira-em-juazeiro","status":"publish","type":"post","link":"https:\/\/blogdofarnesio.com.br\/?p=310158","title":{"rendered":"Campanha contra a gripe come\u00e7a nesta segunda-feira em Juazeiro"},"content":{"rendered":"<p style=\"font-weight: 400;\">A Campanha de Vacina\u00e7\u00e3o contra a Influenza inicia nesta segunda-feira (4) em Juazeiro. Este ano, a campanha, que ser\u00e1 de 4 de abril a 3 de junho, ser\u00e1 dividida em duas etapas e contemplar\u00e1 os grupos priorit\u00e1rios. Cerca de 69.400 pessoas integram os grupos priorit\u00e1rios no munic\u00edpio e a meta \u00e9 vacinar 90% deste p\u00fablico.<\/p>\n<p style=\"font-weight: 400;\">Fazem parte dos grupos priorit\u00e1rios da Campanha de vacina\u00e7\u00e3o contra a Influenza: crian\u00e7as de 6 meses menores de 5 anos, trabalhadores de sa\u00fade, gestantes, pu\u00e9rperas (mulheres com at\u00e9 45 dias p\u00f3s-parto), professores de escolas p\u00fablicas e privadas, povos ind\u00edgenas, idoso com 60 anos ou mais, profissionais das for\u00e7as de salvamento e seguran\u00e7a, profissionais das for\u00e7as armadas, pessoas com doen\u00e7as cr\u00f4nicas n\u00e3o-transmiss\u00edveis, pessoas com defici\u00eancia permanente, caminhoneiros, trabalhadores de transporte coletivo rodovi\u00e1rio, trabalhadores portu\u00e1rios, popula\u00e7\u00e3o privada de liberdade, funcion\u00e1rios do sistema de priva\u00e7\u00e3o de liberdade, adolescentes e jovens de 12 a 21 anos que est\u00e3o sob medida socioeducativa.<\/p>\n<p style=\"font-weight: 400;\"><strong>Etapas<\/strong><\/p>\n<p style=\"font-weight: 400;\">De 4 de abril a 2 de maio a vacina\u00e7\u00e3o contra a Influenza ser\u00e1 voltada para os trabalhadores da sa\u00fade e para os idosos com 60 anos ou mais. A partir do dia 3 de maio at\u00e9 o dia 3 de junho dever\u00e3o ser vacinados os demais grupos priorit\u00e1rios.<\/p>\n<p style=\"font-weight: 400;\">A vacina\u00e7\u00e3o ser\u00e1 nas Unidades B\u00e1sicas de Sa\u00fade (UBSs), nas zonas urbana e rural. A vacina\u00e7\u00e3o inicia na segunda-feira no per\u00edodo da tarde na zona urbana. Na zona rural a vacina\u00e7\u00e3o come\u00e7a na ter\u00e7a-feira (5).<\/p>\n<p style=\"font-weight: 400;\">O Dia D da campanha contra a Influenza est\u00e1 marcado para o dia 30 de abril. \u00c9 preciso que o p\u00fablico leve RG, CPF ou Cart\u00e3o SUS e o cart\u00e3o de vacina.<\/p>\n<p style=\"font-weight: 400;\"><strong>Vacina Influenza x Vacina Covid-19<\/strong><\/p>\n<p style=\"font-weight: 400;\">A campanha de vacina\u00e7\u00e3o contra a Influenza ocorre paralelamente \u00e0 campanha de vacina\u00e7\u00e3o contra a Covid-19.\u00a0 A superintendente de Vigil\u00e2ncia em Sa\u00fade da Secretaria de Sa\u00fade de Juazeiro, Caroline Moraes, refor\u00e7a que \u00e9 preciso haver o intervalo entre as vacinas. \u201c\u00c9 importante que seja priorizada a administra\u00e7\u00e3o da vacina contra a Covid-19 para crian\u00e7as de 5 a 11 anos de idade contempladas no grupo priorit\u00e1rio para Influenza que ainda n\u00e3o foram vacinadas contra a Covid. Nestas situa\u00e7\u00f5es, deve-se realizar a vacina influenza, respeitando o intervalo m\u00ednimo de 15 dias entre as vacinas\u201d, disse.<\/p>\n<p style=\"font-weight: 400;\">\n<p style=\"font-weight: 400;\">Texto: Amanda Franco \u2013 Ascom Sesau PMJ<\/p>\n","protected":false},"excerpt":{"rendered":"<p>A Campanha de Vacina\u00e7\u00e3o contra a Influenza inicia nesta segunda-feira (4) em Juazeiro. Este ano, a campanha, que ser\u00e1 de 4 de abril a 3 de junho, ser\u00e1 dividida em duas etapas e contemplar\u00e1 os grupos priorit\u00e1rios. Cerca de 69.400 pessoas integram os grupos priorit\u00e1rios no munic\u00edpio e a meta \u00e9 vacinar 90% deste p\u00fablico. Fazem parte dos grupos priorit\u00e1rios da Campanha de vacina\u00e7\u00e3o contra a Influenza: crian\u00e7as de 6 meses menores de 5 anos, trabalhadores de sa\u00fade, gestantes, pu\u00e9rperas (mulheres com at\u00e9 45 dias p\u00f3s-parto), professores de escolas p\u00fablicas e privadas, povos ind\u00edgenas, idoso com 60 anos ou mais, profissionais das for\u00e7as de salvamento e seguran\u00e7a, profissionais das for\u00e7as armadas, pessoas com doen\u00e7as cr\u00f4nicas n\u00e3o-transmiss\u00edveis, pessoas com defici\u00eancia permanente,&hellip; <\/p>\n","protected":false},"author":2,"featured_media":304138,"comment_status":"open","ping_status":"open","sticky":false,"template":"","format":"standard","meta":{"_acf_changed":false,"footnotes":""},"categories":[4],"tags":[],"class_list":["post-310158","post","type-post","status-publish","format-standard","has-post-thumbnail","hentry","category-saude"],"acf":[],"yoast_head":"<!-- This site is optimized with the Yoast SEO plugin v27.4 - https:\/\/yoast.com\/product\/yoast-seo-wordpress\/ -->\n<title>Campanha contra a gripe come\u00e7a nesta segunda-feira em Juazeiro - Blog do Farn\u00e9sio<\/title>\n<meta name=\"robots\" content=\"index, follow, max-snippet:-1, max-image-preview:large, max-video-preview:-1\" \/>\n<link rel=\"canonical\" href=\"https:\/\/blogdofarnesio.com.br\/?p=310158\" \/>\n<meta property=\"og:locale\" content=\"pt_BR\" \/>\n<meta property=\"og:type\" content=\"article\" \/>\n<meta property=\"og:title\" content=\"Campanha contra a gripe come\u00e7a nesta segunda-feira em Juazeiro - Blog do Farn\u00e9sio\" \/>\n<meta property=\"og:description\" content=\"A Campanha de Vacina\u00e7\u00e3o contra a Influenza inicia nesta segunda-feira (4) em Juazeiro. Este ano, a campanha, que ser\u00e1 de 4 de abril a 3 de junho, ser\u00e1 dividida em duas etapas e contemplar\u00e1 os grupos priorit\u00e1rios. Cerca de 69.400 pessoas integram os grupos priorit\u00e1rios no munic\u00edpio e a meta \u00e9 vacinar 90% deste p\u00fablico. Fazem parte dos grupos priorit\u00e1rios da Campanha de vacina\u00e7\u00e3o contra a Influenza: crian\u00e7as de 6 meses menores de 5 anos, trabalhadores de sa\u00fade, gestantes, pu\u00e9rperas (mulheres com at\u00e9 45 dias p\u00f3s-parto), professores de escolas p\u00fablicas e privadas, povos ind\u00edgenas, idoso com 60 anos ou mais, profissionais das for\u00e7as de salvamento e seguran\u00e7a, profissionais das for\u00e7as armadas, pessoas com doen\u00e7as cr\u00f4nicas n\u00e3o-transmiss\u00edveis, pessoas com defici\u00eancia permanente,&hellip;\" \/>\n<meta property=\"og:url\" content=\"https:\/\/blogdofarnesio.com.br\/?p=310158\" \/>\n<meta property=\"og:site_name\" content=\"Blog do Farn\u00e9sio\" \/>\n<meta property=\"article:publisher\" content=\"https:\/\/www.facebook.com\/BlogQuerSaberPolitica\/\" \/>\n<meta property=\"article:author\" content=\"https:\/\/www.facebook.com\/?ref=tn_tnmn\" \/>\n<meta property=\"article:published_time\" content=\"2022-04-04T10:42:08+00:00\" \/>\n<meta property=\"og:image\" content=\"https:\/\/blogdofarnesio.com.br\/wp-content\/uploads\/2022\/01\/logqspgripe-e1642110955259.jpg\" \/>\n\t<meta property=\"og:image:width\" content=\"594\" \/>\n\t<meta property=\"og:image:height\" content=\"372\" \/>\n\t<meta property=\"og:image:type\" content=\"image\/jpeg\" \/>\n<meta name=\"author\" content=\"Farn\u00e9sio\" \/>\n<meta name=\"twitter:card\" content=\"summary_large_image\" \/>\n<meta name=\"twitter:label1\" content=\"Escrito por\" \/>\n\t<meta name=\"twitter:data1\" content=\"Farn\u00e9sio\" \/>\n\t<meta name=\"twitter:label2\" content=\"Est. tempo de leitura\" \/>\n\t<meta name=\"twitter:data2\" content=\"3 minutos\" \/>\n<script type=\"application\/ld+json\" class=\"yoast-schema-graph\">{\"@context\":\"https:\\\/\\\/schema.org\",\"@graph\":[{\"@type\":\"Article\",\"@id\":\"https:\\\/\\\/blogdofarnesio.com.br\\\/?p=310158#article\",\"isPartOf\":{\"@id\":\"https:\\\/\\\/blogdofarnesio.com.br\\\/?p=310158\"},\"author\":{\"name\":\"Farn\u00e9sio\",\"@id\":\"https:\\\/\\\/blogdofarnesio.com.br\\\/#\\\/schema\\\/person\\\/bb9b23ae3ad0609ce8df7b6c9e76824d\"},\"headline\":\"Campanha contra a gripe come\u00e7a nesta segunda-feira em Juazeiro\",\"datePublished\":\"2022-04-04T10:42:08+00:00\",\"mainEntityOfPage\":{\"@id\":\"https:\\\/\\\/blogdofarnesio.com.br\\\/?p=310158\"},\"wordCount\":411,\"commentCount\":0,\"publisher\":{\"@id\":\"https:\\\/\\\/blogdofarnesio.com.br\\\/#organization\"},\"image\":{\"@id\":\"https:\\\/\\\/blogdofarnesio.com.br\\\/?p=310158#primaryimage\"},\"thumbnailUrl\":\"https:\\\/\\\/blogdofarnesio.com.br\\\/wp-content\\\/uploads\\\/2022\\\/01\\\/logqspgripe-e1642110955259.jpg\",\"articleSection\":[\"Sa\u00fade\"],\"inLanguage\":\"pt-BR\",\"potentialAction\":[{\"@type\":\"CommentAction\",\"name\":\"Comment\",\"target\":[\"https:\\\/\\\/blogdofarnesio.com.br\\\/?p=310158#respond\"]}]},{\"@type\":\"WebPage\",\"@id\":\"https:\\\/\\\/blogdofarnesio.com.br\\\/?p=310158\",\"url\":\"https:\\\/\\\/blogdofarnesio.com.br\\\/?p=310158\",\"name\":\"Campanha contra a gripe come\u00e7a nesta segunda-feira em Juazeiro - Blog do Farn\u00e9sio\",\"isPartOf\":{\"@id\":\"https:\\\/\\\/blogdofarnesio.com.br\\\/#website\"},\"primaryImageOfPage\":{\"@id\":\"https:\\\/\\\/blogdofarnesio.com.br\\\/?p=310158#primaryimage\"},\"image\":{\"@id\":\"https:\\\/\\\/blogdofarnesio.com.br\\\/?p=310158#primaryimage\"},\"thumbnailUrl\":\"https:\\\/\\\/blogdofarnesio.com.br\\\/wp-content\\\/uploads\\\/2022\\\/01\\\/logqspgripe-e1642110955259.jpg\",\"datePublished\":\"2022-04-04T10:42:08+00:00\",\"breadcrumb\":{\"@id\":\"https:\\\/\\\/blogdofarnesio.com.br\\\/?p=310158#breadcrumb\"},\"inLanguage\":\"pt-BR\",\"potentialAction\":[{\"@type\":\"ReadAction\",\"target\":[\"https:\\\/\\\/blogdofarnesio.com.br\\\/?p=310158\"]}]},{\"@type\":\"ImageObject\",\"inLanguage\":\"pt-BR\",\"@id\":\"https:\\\/\\\/blogdofarnesio.com.br\\\/?p=310158#primaryimage\",\"url\":\"https:\\\/\\\/blogdofarnesio.com.br\\\/wp-content\\\/uploads\\\/2022\\\/01\\\/logqspgripe-e1642110955259.jpg\",\"contentUrl\":\"https:\\\/\\\/blogdofarnesio.com.br\\\/wp-content\\\/uploads\\\/2022\\\/01\\\/logqspgripe-e1642110955259.jpg\",\"width\":594,\"height\":372,\"caption\":\"All kinds of flu treatment\"},{\"@type\":\"BreadcrumbList\",\"@id\":\"https:\\\/\\\/blogdofarnesio.com.br\\\/?p=310158#breadcrumb\",\"itemListElement\":[{\"@type\":\"ListItem\",\"position\":1,\"name\":\"In\u00edcio\",\"item\":\"https:\\\/\\\/blogdofarnesio.com.br\\\/\"},{\"@type\":\"ListItem\",\"position\":2,\"name\":\"Campanha contra a gripe come\u00e7a nesta segunda-feira em Juazeiro\"}]},{\"@type\":\"WebSite\",\"@id\":\"https:\\\/\\\/blogdofarnesio.com.br\\\/#website\",\"url\":\"https:\\\/\\\/blogdofarnesio.com.br\\\/\",\"name\":\"Blog do Farn\u00e9sio\",\"description\":\"Quer Saber Pol\u00edtica?\",\"publisher\":{\"@id\":\"https:\\\/\\\/blogdofarnesio.com.br\\\/#organization\"},\"potentialAction\":[{\"@type\":\"SearchAction\",\"target\":{\"@type\":\"EntryPoint\",\"urlTemplate\":\"https:\\\/\\\/blogdofarnesio.com.br\\\/?s={search_term_string}\"},\"query-input\":{\"@type\":\"PropertyValueSpecification\",\"valueRequired\":true,\"valueName\":\"search_term_string\"}}],\"inLanguage\":\"pt-BR\"},{\"@type\":\"Organization\",\"@id\":\"https:\\\/\\\/blogdofarnesio.com.br\\\/#organization\",\"name\":\"Blog do Farn\u00e9sio\",\"url\":\"https:\\\/\\\/blogdofarnesio.com.br\\\/\",\"logo\":{\"@type\":\"ImageObject\",\"inLanguage\":\"pt-BR\",\"@id\":\"https:\\\/\\\/blogdofarnesio.com.br\\\/#\\\/schema\\\/logo\\\/image\\\/\",\"url\":\"https:\\\/\\\/blogdofarnesio.com.br\\\/wp-content\\\/uploads\\\/2026\\\/03\\\/cropped-logo_new-1.png\",\"contentUrl\":\"https:\\\/\\\/blogdofarnesio.com.br\\\/wp-content\\\/uploads\\\/2026\\\/03\\\/cropped-logo_new-1.png\",\"width\":881,\"height\":685,\"caption\":\"Blog do Farn\u00e9sio\"},\"image\":{\"@id\":\"https:\\\/\\\/blogdofarnesio.com.br\\\/#\\\/schema\\\/logo\\\/image\\\/\"},\"sameAs\":[\"https:\\\/\\\/www.facebook.com\\\/BlogQuerSaberPolitica\\\/\"]},{\"@type\":\"Person\",\"@id\":\"https:\\\/\\\/blogdofarnesio.com.br\\\/#\\\/schema\\\/person\\\/bb9b23ae3ad0609ce8df7b6c9e76824d\",\"name\":\"Farn\u00e9sio\",\"image\":{\"@type\":\"ImageObject\",\"inLanguage\":\"pt-BR\",\"@id\":\"https:\\\/\\\/secure.gravatar.com\\\/avatar\\\/986aa4c61ccdb66f8555bf88fc2a65609d00bcabd4d2d94377a727547345cbca?s=96&d=mm&r=g\",\"url\":\"https:\\\/\\\/secure.gravatar.com\\\/avatar\\\/986aa4c61ccdb66f8555bf88fc2a65609d00bcabd4d2d94377a727547345cbca?s=96&d=mm&r=g\",\"contentUrl\":\"https:\\\/\\\/secure.gravatar.com\\\/avatar\\\/986aa4c61ccdb66f8555bf88fc2a65609d00bcabd4d2d94377a727547345cbca?s=96&d=mm&r=g\",\"caption\":\"Farn\u00e9sio\"},\"description\":\"Radialista blogueiro, chegou a Petrolina\\\/Juazeiro em setembro de 1980, Farn\u00e9sio Silva \u00e9 de Arapiraca-Alagoas.\",\"sameAs\":[\"http:\\\/\\\/blogdofarnesio.com.br\",\"https:\\\/\\\/www.facebook.com\\\/?ref=tn_tnmn\",\"https:\\\/\\\/www.instagram.com\\\/?utm_source=pwa_homescreen\",\"https:\\\/\\\/youtube.com.br\\\/\"],\"url\":\"https:\\\/\\\/blogdofarnesio.com.br\\\/?author=2\"}]}<\/script>\n<!-- \/ Yoast SEO plugin. -->","yoast_head_json":{"title":"Campanha contra a gripe come\u00e7a nesta segunda-feira em Juazeiro - Blog do Farn\u00e9sio","robots":{"index":"index","follow":"follow","max-snippet":"max-snippet:-1","max-image-preview":"max-image-preview:large","max-video-preview":"max-video-preview:-1"},"canonical":"https:\/\/blogdofarnesio.com.br\/?p=310158","og_locale":"pt_BR","og_type":"article","og_title":"Campanha contra a gripe come\u00e7a nesta segunda-feira em Juazeiro - Blog do Farn\u00e9sio","og_description":"A Campanha de Vacina\u00e7\u00e3o contra a Influenza inicia nesta segunda-feira (4) em Juazeiro. Este ano, a campanha, que ser\u00e1 de 4 de abril a 3 de junho, ser\u00e1 dividida em duas etapas e contemplar\u00e1 os grupos priorit\u00e1rios. Cerca de 69.400 pessoas integram os grupos priorit\u00e1rios no munic\u00edpio e a meta \u00e9 vacinar 90% deste p\u00fablico. Fazem parte dos grupos priorit\u00e1rios da Campanha de vacina\u00e7\u00e3o contra a Influenza: crian\u00e7as de 6 meses menores de 5 anos, trabalhadores de sa\u00fade, gestantes, pu\u00e9rperas (mulheres com at\u00e9 45 dias p\u00f3s-parto), professores de escolas p\u00fablicas e privadas, povos ind\u00edgenas, idoso com 60 anos ou mais, profissionais das for\u00e7as de salvamento e seguran\u00e7a, profissionais das for\u00e7as armadas, pessoas com doen\u00e7as cr\u00f4nicas n\u00e3o-transmiss\u00edveis, pessoas com defici\u00eancia permanente,&hellip;","og_url":"https:\/\/blogdofarnesio.com.br\/?p=310158","og_site_name":"Blog do Farn\u00e9sio","article_publisher":"https:\/\/www.facebook.com\/BlogQuerSaberPolitica\/","article_author":"https:\/\/www.facebook.com\/?ref=tn_tnmn","article_published_time":"2022-04-04T10:42:08+00:00","og_image":[{"width":594,"height":372,"url":"https:\/\/blogdofarnesio.com.br\/wp-content\/uploads\/2022\/01\/logqspgripe-e1642110955259.jpg","type":"image\/jpeg"}],"author":"Farn\u00e9sio","twitter_card":"summary_large_image","twitter_misc":{"Escrito por":"Farn\u00e9sio","Est. tempo de leitura":"3 minutos"},"schema":{"@context":"https:\/\/schema.org","@graph":[{"@type":"Article","@id":"https:\/\/blogdofarnesio.com.br\/?p=310158#article","isPartOf":{"@id":"https:\/\/blogdofarnesio.com.br\/?p=310158"},"author":{"name":"Farn\u00e9sio","@id":"https:\/\/blogdofarnesio.com.br\/#\/schema\/person\/bb9b23ae3ad0609ce8df7b6c9e76824d"},"headline":"Campanha contra a gripe come\u00e7a nesta segunda-feira em Juazeiro","datePublished":"2022-04-04T10:42:08+00:00","mainEntityOfPage":{"@id":"https:\/\/blogdofarnesio.com.br\/?p=310158"},"wordCount":411,"commentCount":0,"publisher":{"@id":"https:\/\/blogdofarnesio.com.br\/#organization"},"image":{"@id":"https:\/\/blogdofarnesio.com.br\/?p=310158#primaryimage"},"thumbnailUrl":"https:\/\/blogdofarnesio.com.br\/wp-content\/uploads\/2022\/01\/logqspgripe-e1642110955259.jpg","articleSection":["Sa\u00fade"],"inLanguage":"pt-BR","potentialAction":[{"@type":"CommentAction","name":"Comment","target":["https:\/\/blogdofarnesio.com.br\/?p=310158#respond"]}]},{"@type":"WebPage","@id":"https:\/\/blogdofarnesio.com.br\/?p=310158","url":"https:\/\/blogdofarnesio.com.br\/?p=310158","name":"Campanha contra a gripe come\u00e7a nesta segunda-feira em Juazeiro - Blog do Farn\u00e9sio","isPartOf":{"@id":"https:\/\/blogdofarnesio.com.br\/#website"},"primaryImageOfPage":{"@id":"https:\/\/blogdofarnesio.com.br\/?p=310158#primaryimage"},"image":{"@id":"https:\/\/blogdofarnesio.com.br\/?p=310158#primaryimage"},"thumbnailUrl":"https:\/\/blogdofarnesio.com.br\/wp-content\/uploads\/2022\/01\/logqspgripe-e1642110955259.jpg","datePublished":"2022-04-04T10:42:08+00:00","breadcrumb":{"@id":"https:\/\/blogdofarnesio.com.br\/?p=310158#breadcrumb"},"inLanguage":"pt-BR","potentialAction":[{"@type":"ReadAction","target":["https:\/\/blogdofarnesio.com.br\/?p=310158"]}]},{"@type":"ImageObject","inLanguage":"pt-BR","@id":"https:\/\/blogdofarnesio.com.br\/?p=310158#primaryimage","url":"https:\/\/blogdofarnesio.com.br\/wp-content\/uploads\/2022\/01\/logqspgripe-e1642110955259.jpg","contentUrl":"https:\/\/blogdofarnesio.com.br\/wp-content\/uploads\/2022\/01\/logqspgripe-e1642110955259.jpg","width":594,"height":372,"caption":"All kinds of flu treatment"},{"@type":"BreadcrumbList","@id":"https:\/\/blogdofarnesio.com.br\/?p=310158#breadcrumb","itemListElement":[{"@type":"ListItem","position":1,"name":"In\u00edcio","item":"https:\/\/blogdofarnesio.com.br\/"},{"@type":"ListItem","position":2,"name":"Campanha contra a gripe come\u00e7a nesta segunda-feira em Juazeiro"}]},{"@type":"WebSite","@id":"https:\/\/blogdofarnesio.com.br\/#website","url":"https:\/\/blogdofarnesio.com.br\/","name":"Blog do Farn\u00e9sio","description":"Quer Saber Pol\u00edtica?","publisher":{"@id":"https:\/\/blogdofarnesio.com.br\/#organization"},"potentialAction":[{"@type":"SearchAction","target":{"@type":"EntryPoint","urlTemplate":"https:\/\/blogdofarnesio.com.br\/?s={search_term_string}"},"query-input":{"@type":"PropertyValueSpecification","valueRequired":true,"valueName":"search_term_string"}}],"inLanguage":"pt-BR"},{"@type":"Organization","@id":"https:\/\/blogdofarnesio.com.br\/#organization","name":"Blog do Farn\u00e9sio","url":"https:\/\/blogdofarnesio.com.br\/","logo":{"@type":"ImageObject","inLanguage":"pt-BR","@id":"https:\/\/blogdofarnesio.com.br\/#\/schema\/logo\/image\/","url":"https:\/\/blogdofarnesio.com.br\/wp-content\/uploads\/2026\/03\/cropped-logo_new-1.png","contentUrl":"https:\/\/blogdofarnesio.com.br\/wp-content\/uploads\/2026\/03\/cropped-logo_new-1.png","width":881,"height":685,"caption":"Blog do Farn\u00e9sio"},"image":{"@id":"https:\/\/blogdofarnesio.com.br\/#\/schema\/logo\/image\/"},"sameAs":["https:\/\/www.facebook.com\/BlogQuerSaberPolitica\/"]},{"@type":"Person","@id":"https:\/\/blogdofarnesio.com.br\/#\/schema\/person\/bb9b23ae3ad0609ce8df7b6c9e76824d","name":"Farn\u00e9sio","image":{"@type":"ImageObject","inLanguage":"pt-BR","@id":"https:\/\/secure.gravatar.com\/avatar\/986aa4c61ccdb66f8555bf88fc2a65609d00bcabd4d2d94377a727547345cbca?s=96&d=mm&r=g","url":"https:\/\/secure.gravatar.com\/avatar\/986aa4c61ccdb66f8555bf88fc2a65609d00bcabd4d2d94377a727547345cbca?s=96&d=mm&r=g","contentUrl":"https:\/\/secure.gravatar.com\/avatar\/986aa4c61ccdb66f8555bf88fc2a65609d00bcabd4d2d94377a727547345cbca?s=96&d=mm&r=g","caption":"Farn\u00e9sio"},"description":"Radialista blogueiro, chegou a Petrolina\/Juazeiro em setembro de 1980, Farn\u00e9sio Silva \u00e9 de Arapiraca-Alagoas.","sameAs":["http:\/\/blogdofarnesio.com.br","https:\/\/www.facebook.com\/?ref=tn_tnmn","https:\/\/www.instagram.com\/?utm_source=pwa_homescreen","https:\/\/youtube.com.br\/"],"url":"https:\/\/blogdofarnesio.com.br\/?author=2"}]}},"_links":{"self":[{"href":"https:\/\/blogdofarnesio.com.br\/index.php?rest_route=\/wp\/v2\/posts\/310158","targetHints":{"allow":["GET"]}}],"collection":[{"href":"https:\/\/blogdofarnesio.com.br\/index.php?rest_route=\/wp\/v2\/posts"}],"about":[{"href":"https:\/\/blogdofarnesio.com.br\/index.php?rest_route=\/wp\/v2\/types\/post"}],"author":[{"embeddable":true,"href":"https:\/\/blogdofarnesio.com.br\/index.php?rest_route=\/wp\/v2\/users\/2"}],"replies":[{"embeddable":true,"href":"https:\/\/blogdofarnesio.com.br\/index.php?rest_route=%2Fwp%2Fv2%2Fcomments&post=310158"}],"version-history":[{"count":0,"href":"https:\/\/blogdofarnesio.com.br\/index.php?rest_route=\/wp\/v2\/posts\/310158\/revisions"}],"wp:featuredmedia":[{"embeddable":true,"href":"https:\/\/blogdofarnesio.com.br\/index.php?rest_route=\/wp\/v2\/media\/304138"}],"wp:attachment":[{"href":"https:\/\/blogdofarnesio.com.br\/index.php?rest_route=%2Fwp%2Fv2%2Fmedia&parent=310158"}],"wp:term":[{"taxonomy":"category","embeddable":true,"href":"https:\/\/blogdofarnesio.com.br\/index.php?rest_route=%2Fwp%2Fv2%2Fcategories&post=310158"},{"taxonomy":"post_tag","embeddable":true,"href":"https:\/\/blogdofarnesio.com.br\/index.php?rest_route=%2Fwp%2Fv2%2Ftags&post=310158"}],"curies":[{"name":"wp","href":"https:\/\/api.w.org\/{rel}","templated":true}]}}