{"id":310110,"date":"2022-04-04T09:22:46","date_gmt":"2022-04-04T12:22:46","guid":{"rendered":"https:\/\/blogdofarnesio.com.br\/?p=310110"},"modified":"2022-04-02T08:51:28","modified_gmt":"2022-04-02T11:51:28","slug":"servidores-da-prefeitura-de-juazeiro-iniciam-abril-com-salario-11-maior-e-retroativo-de-janeiro-e-fevereiro-em-cota-unica","status":"publish","type":"post","link":"https:\/\/blogdofarnesio.com.br\/?p=310110","title":{"rendered":"Servidores de Juazeiro iniciam abril com sal\u00e1rio 11% maior e retroativo de janeiro e fevereiro em cota \u00fanica"},"content":{"rendered":"<p><span style=\"font-weight: 400;\">Os servidores efetivos, aposentados e pensionistas da Prefeitura de Juazeiro iniciaram o m\u00eas de abril com o recebimento do maior aumento salarial da hist\u00f3ria do munic\u00edpio de 11%, al\u00e9m do pagamento retroativo dos meses de janeiro e fevereiro. A medida foi implantada de forma in\u00e9dita pela Gest\u00e3o Municipal e garante mais valoriza\u00e7\u00e3o para o funcionalismo p\u00fablico municipal.<\/span><br style=\"font-weight: 400;\" \/><br style=\"font-weight: 400;\" \/><span style=\"font-weight: 400;\">H\u00e1 quase 20 anos no servi\u00e7o p\u00fablico municipal, Clementina Joana Soares, comemorou a valoriza\u00e7\u00e3o. \u201cUm aumento in\u00e9dito e maravilhoso. A gente nunca teve, realmente, um reajuste significativo desse jeito. Quando tinha, e pagavam o retroativo, era dividido em algumas vezes e nunca recebia completinho de vez. eu gostei do resultado e da valoriza\u00e7\u00e3o dos servidores\u201d, pontuou<\/span><br style=\"font-weight: 400;\" \/><br style=\"font-weight: 400;\" \/><span style=\"font-weight: 400;\">J\u00e1 a servidora Jussara Barbosa, que est\u00e1 na prefeitura desde 2002, lembrou que os sal\u00e1rios est\u00e3o sendo pagos em dia. \u201cAt\u00e9 o \u00faltimo dia de cada m\u00eas os funcion\u00e1rios recebem em dia. \u00c9 uma valoriza\u00e7\u00e3o para a gente que \u00e9 funcion\u00e1rio, e \u00e9 t\u00e3o bom ter aquela certeza que, na data determinada, nosso sal\u00e1rio vai estar na conta. Agora com esses 11% e o retroativo est\u00e1 sendo uma maravilha. A valoriza\u00e7\u00e3o est\u00e1 \u00f3tima e a gente trabalha at\u00e9 mais empolgada\u201d, destacou. \u00a0<\/span><br style=\"font-weight: 400;\" \/><br style=\"font-weight: 400;\" \/><strong>Mais Benef\u00edcios<br \/>\n<\/strong><br style=\"font-weight: 400;\" \/><span style=\"font-weight: 400;\">A atual Gest\u00e3o Municipal concedeu 4,52% de reajuste no ano passado e mais 11% este ano. Al\u00e9m disso, ser\u00e1 concedido entre 1,5% at\u00e9 3% das progress\u00f5es, duas vezes este ano. Ser\u00e1 uma m\u00e9dia de 20% de reajuste at\u00e9 o fim de 2022.\u00a0 O benef\u00edcio concedido ser\u00e1 destinado a todos os servidores aptos a receberem.<\/span><br style=\"font-weight: 400;\" \/><br style=\"font-weight: 400;\" \/><strong>Maior aumento da hist\u00f3ria<br \/>\n<\/strong><br style=\"font-weight: 400;\" \/><span style=\"font-weight: 400;\">A atual Gest\u00e3o Municipal faz hist\u00f3ria e concede a maior valoriza\u00e7\u00e3o atrav\u00e9s da revis\u00e3o e reajuste geral nos proventos e carreiras dos servidores p\u00fablicos municipais. Conforme hist\u00f3rico: em 2014 foram 3%; 2015: 6,41%; 2017: 6,30; 2018: 3%; 2019: 3,79%; 2020: 4,49%; 2021: 4,52%; e 2022 com 11%.<\/span><\/p>\n<p>&#8212;<\/p>\n<p>Texto:Eudes Sampaio \u2013 Assessor SEGESPr\/PMJ<\/p>\n","protected":false},"excerpt":{"rendered":"<p>Os servidores efetivos, aposentados e pensionistas da Prefeitura de Juazeiro iniciaram o m\u00eas de abril com o recebimento do maior aumento salarial da hist\u00f3ria do munic\u00edpio de 11%, al\u00e9m do pagamento retroativo dos meses de janeiro e fevereiro. A medida foi implantada de forma in\u00e9dita pela Gest\u00e3o Municipal e garante mais valoriza\u00e7\u00e3o para o funcionalismo p\u00fablico municipal.H\u00e1 quase 20 anos no servi\u00e7o p\u00fablico municipal, Clementina Joana Soares, comemorou a valoriza\u00e7\u00e3o. \u201cUm aumento in\u00e9dito e maravilhoso. A gente nunca teve, realmente, um reajuste significativo desse jeito. Quando tinha, e pagavam o retroativo, era dividido em algumas vezes e nunca recebia completinho de vez. eu gostei do resultado e da valoriza\u00e7\u00e3o dos servidores\u201d, pontuouJ\u00e1 a servidora Jussara Barbosa, que est\u00e1 na prefeitura&hellip; <\/p>\n","protected":false},"author":2,"featured_media":305586,"comment_status":"open","ping_status":"open","sticky":false,"template":"","format":"standard","meta":{"_acf_changed":false,"footnotes":""},"categories":[44],"tags":[],"class_list":["post-310110","post","type-post","status-publish","format-standard","has-post-thumbnail","hentry","category-administracao"],"acf":[],"yoast_head":"<!-- This site is optimized with the Yoast SEO plugin v27.4 - https:\/\/yoast.com\/product\/yoast-seo-wordpress\/ -->\n<title>Servidores de Juazeiro iniciam abril com sal\u00e1rio 11% maior e retroativo de janeiro e fevereiro em cota \u00fanica - Blog do Farn\u00e9sio<\/title>\n<meta name=\"robots\" content=\"index, follow, max-snippet:-1, max-image-preview:large, max-video-preview:-1\" \/>\n<link rel=\"canonical\" href=\"https:\/\/blogdofarnesio.com.br\/?p=310110\" \/>\n<meta property=\"og:locale\" content=\"pt_BR\" \/>\n<meta property=\"og:type\" content=\"article\" \/>\n<meta property=\"og:title\" content=\"Servidores de Juazeiro iniciam abril com sal\u00e1rio 11% maior e retroativo de janeiro e fevereiro em cota \u00fanica - Blog do Farn\u00e9sio\" \/>\n<meta property=\"og:description\" content=\"Os servidores efetivos, aposentados e pensionistas da Prefeitura de Juazeiro iniciaram o m\u00eas de abril com o recebimento do maior aumento salarial da hist\u00f3ria do munic\u00edpio de 11%, al\u00e9m do pagamento retroativo dos meses de janeiro e fevereiro. A medida foi implantada de forma in\u00e9dita pela Gest\u00e3o Municipal e garante mais valoriza\u00e7\u00e3o para o funcionalismo p\u00fablico municipal.H\u00e1 quase 20 anos no servi\u00e7o p\u00fablico municipal, Clementina Joana Soares, comemorou a valoriza\u00e7\u00e3o. \u201cUm aumento in\u00e9dito e maravilhoso. A gente nunca teve, realmente, um reajuste significativo desse jeito. Quando tinha, e pagavam o retroativo, era dividido em algumas vezes e nunca recebia completinho de vez. eu gostei do resultado e da valoriza\u00e7\u00e3o dos servidores\u201d, pontuouJ\u00e1 a servidora Jussara Barbosa, que est\u00e1 na prefeitura&hellip;\" \/>\n<meta property=\"og:url\" content=\"https:\/\/blogdofarnesio.com.br\/?p=310110\" \/>\n<meta property=\"og:site_name\" content=\"Blog do Farn\u00e9sio\" \/>\n<meta property=\"article:publisher\" content=\"https:\/\/www.facebook.com\/BlogQuerSaberPolitica\/\" \/>\n<meta property=\"article:author\" content=\"https:\/\/www.facebook.com\/?ref=tn_tnmn\" \/>\n<meta property=\"article:published_time\" content=\"2022-04-04T12:22:46+00:00\" \/>\n<meta property=\"og:image\" content=\"https:\/\/blogdofarnesio.com.br\/wp-content\/uploads\/2022\/02\/blogqspaprovado.-e1717704146789.jpg\" \/>\n\t<meta property=\"og:image:width\" content=\"600\" \/>\n\t<meta property=\"og:image:height\" content=\"418\" \/>\n\t<meta property=\"og:image:type\" content=\"image\/jpeg\" \/>\n<meta name=\"author\" content=\"Farn\u00e9sio\" \/>\n<meta name=\"twitter:card\" content=\"summary_large_image\" \/>\n<meta name=\"twitter:label1\" content=\"Escrito por\" \/>\n\t<meta name=\"twitter:data1\" content=\"Farn\u00e9sio\" \/>\n\t<meta name=\"twitter:label2\" content=\"Est. tempo de leitura\" \/>\n\t<meta name=\"twitter:data2\" content=\"2 minutos\" \/>\n<script type=\"application\/ld+json\" class=\"yoast-schema-graph\">{\"@context\":\"https:\\\/\\\/schema.org\",\"@graph\":[{\"@type\":\"Article\",\"@id\":\"https:\\\/\\\/blogdofarnesio.com.br\\\/?p=310110#article\",\"isPartOf\":{\"@id\":\"https:\\\/\\\/blogdofarnesio.com.br\\\/?p=310110\"},\"author\":{\"name\":\"Farn\u00e9sio\",\"@id\":\"https:\\\/\\\/blogdofarnesio.com.br\\\/#\\\/schema\\\/person\\\/bb9b23ae3ad0609ce8df7b6c9e76824d\"},\"headline\":\"Servidores de Juazeiro iniciam abril com sal\u00e1rio 11% maior e retroativo de janeiro e fevereiro em cota \u00fanica\",\"datePublished\":\"2022-04-04T12:22:46+00:00\",\"mainEntityOfPage\":{\"@id\":\"https:\\\/\\\/blogdofarnesio.com.br\\\/?p=310110\"},\"wordCount\":333,\"commentCount\":0,\"publisher\":{\"@id\":\"https:\\\/\\\/blogdofarnesio.com.br\\\/#organization\"},\"image\":{\"@id\":\"https:\\\/\\\/blogdofarnesio.com.br\\\/?p=310110#primaryimage\"},\"thumbnailUrl\":\"https:\\\/\\\/blogdofarnesio.com.br\\\/wp-content\\\/uploads\\\/2022\\\/02\\\/blogqspaprovado.-e1717704146789.jpg\",\"articleSection\":[\"Administra\u00e7\u00e3o\"],\"inLanguage\":\"pt-BR\",\"potentialAction\":[{\"@type\":\"CommentAction\",\"name\":\"Comment\",\"target\":[\"https:\\\/\\\/blogdofarnesio.com.br\\\/?p=310110#respond\"]}]},{\"@type\":\"WebPage\",\"@id\":\"https:\\\/\\\/blogdofarnesio.com.br\\\/?p=310110\",\"url\":\"https:\\\/\\\/blogdofarnesio.com.br\\\/?p=310110\",\"name\":\"Servidores de Juazeiro iniciam abril com sal\u00e1rio 11% maior e retroativo de janeiro e fevereiro em cota \u00fanica - Blog do Farn\u00e9sio\",\"isPartOf\":{\"@id\":\"https:\\\/\\\/blogdofarnesio.com.br\\\/#website\"},\"primaryImageOfPage\":{\"@id\":\"https:\\\/\\\/blogdofarnesio.com.br\\\/?p=310110#primaryimage\"},\"image\":{\"@id\":\"https:\\\/\\\/blogdofarnesio.com.br\\\/?p=310110#primaryimage\"},\"thumbnailUrl\":\"https:\\\/\\\/blogdofarnesio.com.br\\\/wp-content\\\/uploads\\\/2022\\\/02\\\/blogqspaprovado.-e1717704146789.jpg\",\"datePublished\":\"2022-04-04T12:22:46+00:00\",\"breadcrumb\":{\"@id\":\"https:\\\/\\\/blogdofarnesio.com.br\\\/?p=310110#breadcrumb\"},\"inLanguage\":\"pt-BR\",\"potentialAction\":[{\"@type\":\"ReadAction\",\"target\":[\"https:\\\/\\\/blogdofarnesio.com.br\\\/?p=310110\"]}]},{\"@type\":\"ImageObject\",\"inLanguage\":\"pt-BR\",\"@id\":\"https:\\\/\\\/blogdofarnesio.com.br\\\/?p=310110#primaryimage\",\"url\":\"https:\\\/\\\/blogdofarnesio.com.br\\\/wp-content\\\/uploads\\\/2022\\\/02\\\/blogqspaprovado.-e1717704146789.jpg\",\"contentUrl\":\"https:\\\/\\\/blogdofarnesio.com.br\\\/wp-content\\\/uploads\\\/2022\\\/02\\\/blogqspaprovado.-e1717704146789.jpg\",\"width\":600,\"height\":418,\"caption\":\"Very happy energetic man portrait\"},{\"@type\":\"BreadcrumbList\",\"@id\":\"https:\\\/\\\/blogdofarnesio.com.br\\\/?p=310110#breadcrumb\",\"itemListElement\":[{\"@type\":\"ListItem\",\"position\":1,\"name\":\"In\u00edcio\",\"item\":\"https:\\\/\\\/blogdofarnesio.com.br\\\/\"},{\"@type\":\"ListItem\",\"position\":2,\"name\":\"Servidores de Juazeiro iniciam abril com sal\u00e1rio 11% maior e retroativo de janeiro e fevereiro em cota \u00fanica\"}]},{\"@type\":\"WebSite\",\"@id\":\"https:\\\/\\\/blogdofarnesio.com.br\\\/#website\",\"url\":\"https:\\\/\\\/blogdofarnesio.com.br\\\/\",\"name\":\"Blog do Farn\u00e9sio\",\"description\":\"Quer Saber Pol\u00edtica?\",\"publisher\":{\"@id\":\"https:\\\/\\\/blogdofarnesio.com.br\\\/#organization\"},\"potentialAction\":[{\"@type\":\"SearchAction\",\"target\":{\"@type\":\"EntryPoint\",\"urlTemplate\":\"https:\\\/\\\/blogdofarnesio.com.br\\\/?s={search_term_string}\"},\"query-input\":{\"@type\":\"PropertyValueSpecification\",\"valueRequired\":true,\"valueName\":\"search_term_string\"}}],\"inLanguage\":\"pt-BR\"},{\"@type\":\"Organization\",\"@id\":\"https:\\\/\\\/blogdofarnesio.com.br\\\/#organization\",\"name\":\"Blog do Farn\u00e9sio\",\"url\":\"https:\\\/\\\/blogdofarnesio.com.br\\\/\",\"logo\":{\"@type\":\"ImageObject\",\"inLanguage\":\"pt-BR\",\"@id\":\"https:\\\/\\\/blogdofarnesio.com.br\\\/#\\\/schema\\\/logo\\\/image\\\/\",\"url\":\"https:\\\/\\\/blogdofarnesio.com.br\\\/wp-content\\\/uploads\\\/2026\\\/03\\\/cropped-logo_new-1.png\",\"contentUrl\":\"https:\\\/\\\/blogdofarnesio.com.br\\\/wp-content\\\/uploads\\\/2026\\\/03\\\/cropped-logo_new-1.png\",\"width\":881,\"height\":685,\"caption\":\"Blog do Farn\u00e9sio\"},\"image\":{\"@id\":\"https:\\\/\\\/blogdofarnesio.com.br\\\/#\\\/schema\\\/logo\\\/image\\\/\"},\"sameAs\":[\"https:\\\/\\\/www.facebook.com\\\/BlogQuerSaberPolitica\\\/\"]},{\"@type\":\"Person\",\"@id\":\"https:\\\/\\\/blogdofarnesio.com.br\\\/#\\\/schema\\\/person\\\/bb9b23ae3ad0609ce8df7b6c9e76824d\",\"name\":\"Farn\u00e9sio\",\"image\":{\"@type\":\"ImageObject\",\"inLanguage\":\"pt-BR\",\"@id\":\"https:\\\/\\\/secure.gravatar.com\\\/avatar\\\/986aa4c61ccdb66f8555bf88fc2a65609d00bcabd4d2d94377a727547345cbca?s=96&d=mm&r=g\",\"url\":\"https:\\\/\\\/secure.gravatar.com\\\/avatar\\\/986aa4c61ccdb66f8555bf88fc2a65609d00bcabd4d2d94377a727547345cbca?s=96&d=mm&r=g\",\"contentUrl\":\"https:\\\/\\\/secure.gravatar.com\\\/avatar\\\/986aa4c61ccdb66f8555bf88fc2a65609d00bcabd4d2d94377a727547345cbca?s=96&d=mm&r=g\",\"caption\":\"Farn\u00e9sio\"},\"description\":\"Radialista blogueiro, chegou a Petrolina\\\/Juazeiro em setembro de 1980, Farn\u00e9sio Silva \u00e9 de Arapiraca-Alagoas.\",\"sameAs\":[\"http:\\\/\\\/blogdofarnesio.com.br\",\"https:\\\/\\\/www.facebook.com\\\/?ref=tn_tnmn\",\"https:\\\/\\\/www.instagram.com\\\/?utm_source=pwa_homescreen\",\"https:\\\/\\\/youtube.com.br\\\/\"],\"url\":\"https:\\\/\\\/blogdofarnesio.com.br\\\/?author=2\"}]}<\/script>\n<!-- \/ Yoast SEO plugin. -->","yoast_head_json":{"title":"Servidores de Juazeiro iniciam abril com sal\u00e1rio 11% maior e retroativo de janeiro e fevereiro em cota \u00fanica - Blog do Farn\u00e9sio","robots":{"index":"index","follow":"follow","max-snippet":"max-snippet:-1","max-image-preview":"max-image-preview:large","max-video-preview":"max-video-preview:-1"},"canonical":"https:\/\/blogdofarnesio.com.br\/?p=310110","og_locale":"pt_BR","og_type":"article","og_title":"Servidores de Juazeiro iniciam abril com sal\u00e1rio 11% maior e retroativo de janeiro e fevereiro em cota \u00fanica - Blog do Farn\u00e9sio","og_description":"Os servidores efetivos, aposentados e pensionistas da Prefeitura de Juazeiro iniciaram o m\u00eas de abril com o recebimento do maior aumento salarial da hist\u00f3ria do munic\u00edpio de 11%, al\u00e9m do pagamento retroativo dos meses de janeiro e fevereiro. A medida foi implantada de forma in\u00e9dita pela Gest\u00e3o Municipal e garante mais valoriza\u00e7\u00e3o para o funcionalismo p\u00fablico municipal.H\u00e1 quase 20 anos no servi\u00e7o p\u00fablico municipal, Clementina Joana Soares, comemorou a valoriza\u00e7\u00e3o. \u201cUm aumento in\u00e9dito e maravilhoso. A gente nunca teve, realmente, um reajuste significativo desse jeito. Quando tinha, e pagavam o retroativo, era dividido em algumas vezes e nunca recebia completinho de vez. eu gostei do resultado e da valoriza\u00e7\u00e3o dos servidores\u201d, pontuouJ\u00e1 a servidora Jussara Barbosa, que est\u00e1 na prefeitura&hellip;","og_url":"https:\/\/blogdofarnesio.com.br\/?p=310110","og_site_name":"Blog do Farn\u00e9sio","article_publisher":"https:\/\/www.facebook.com\/BlogQuerSaberPolitica\/","article_author":"https:\/\/www.facebook.com\/?ref=tn_tnmn","article_published_time":"2022-04-04T12:22:46+00:00","og_image":[{"width":600,"height":418,"url":"https:\/\/blogdofarnesio.com.br\/wp-content\/uploads\/2022\/02\/blogqspaprovado.-e1717704146789.jpg","type":"image\/jpeg"}],"author":"Farn\u00e9sio","twitter_card":"summary_large_image","twitter_misc":{"Escrito por":"Farn\u00e9sio","Est. tempo de leitura":"2 minutos"},"schema":{"@context":"https:\/\/schema.org","@graph":[{"@type":"Article","@id":"https:\/\/blogdofarnesio.com.br\/?p=310110#article","isPartOf":{"@id":"https:\/\/blogdofarnesio.com.br\/?p=310110"},"author":{"name":"Farn\u00e9sio","@id":"https:\/\/blogdofarnesio.com.br\/#\/schema\/person\/bb9b23ae3ad0609ce8df7b6c9e76824d"},"headline":"Servidores de Juazeiro iniciam abril com sal\u00e1rio 11% maior e retroativo de janeiro e fevereiro em cota \u00fanica","datePublished":"2022-04-04T12:22:46+00:00","mainEntityOfPage":{"@id":"https:\/\/blogdofarnesio.com.br\/?p=310110"},"wordCount":333,"commentCount":0,"publisher":{"@id":"https:\/\/blogdofarnesio.com.br\/#organization"},"image":{"@id":"https:\/\/blogdofarnesio.com.br\/?p=310110#primaryimage"},"thumbnailUrl":"https:\/\/blogdofarnesio.com.br\/wp-content\/uploads\/2022\/02\/blogqspaprovado.-e1717704146789.jpg","articleSection":["Administra\u00e7\u00e3o"],"inLanguage":"pt-BR","potentialAction":[{"@type":"CommentAction","name":"Comment","target":["https:\/\/blogdofarnesio.com.br\/?p=310110#respond"]}]},{"@type":"WebPage","@id":"https:\/\/blogdofarnesio.com.br\/?p=310110","url":"https:\/\/blogdofarnesio.com.br\/?p=310110","name":"Servidores de Juazeiro iniciam abril com sal\u00e1rio 11% maior e retroativo de janeiro e fevereiro em cota \u00fanica - Blog do Farn\u00e9sio","isPartOf":{"@id":"https:\/\/blogdofarnesio.com.br\/#website"},"primaryImageOfPage":{"@id":"https:\/\/blogdofarnesio.com.br\/?p=310110#primaryimage"},"image":{"@id":"https:\/\/blogdofarnesio.com.br\/?p=310110#primaryimage"},"thumbnailUrl":"https:\/\/blogdofarnesio.com.br\/wp-content\/uploads\/2022\/02\/blogqspaprovado.-e1717704146789.jpg","datePublished":"2022-04-04T12:22:46+00:00","breadcrumb":{"@id":"https:\/\/blogdofarnesio.com.br\/?p=310110#breadcrumb"},"inLanguage":"pt-BR","potentialAction":[{"@type":"ReadAction","target":["https:\/\/blogdofarnesio.com.br\/?p=310110"]}]},{"@type":"ImageObject","inLanguage":"pt-BR","@id":"https:\/\/blogdofarnesio.com.br\/?p=310110#primaryimage","url":"https:\/\/blogdofarnesio.com.br\/wp-content\/uploads\/2022\/02\/blogqspaprovado.-e1717704146789.jpg","contentUrl":"https:\/\/blogdofarnesio.com.br\/wp-content\/uploads\/2022\/02\/blogqspaprovado.-e1717704146789.jpg","width":600,"height":418,"caption":"Very happy energetic man portrait"},{"@type":"BreadcrumbList","@id":"https:\/\/blogdofarnesio.com.br\/?p=310110#breadcrumb","itemListElement":[{"@type":"ListItem","position":1,"name":"In\u00edcio","item":"https:\/\/blogdofarnesio.com.br\/"},{"@type":"ListItem","position":2,"name":"Servidores de Juazeiro iniciam abril com sal\u00e1rio 11% maior e retroativo de janeiro e fevereiro em cota \u00fanica"}]},{"@type":"WebSite","@id":"https:\/\/blogdofarnesio.com.br\/#website","url":"https:\/\/blogdofarnesio.com.br\/","name":"Blog do Farn\u00e9sio","description":"Quer Saber Pol\u00edtica?","publisher":{"@id":"https:\/\/blogdofarnesio.com.br\/#organization"},"potentialAction":[{"@type":"SearchAction","target":{"@type":"EntryPoint","urlTemplate":"https:\/\/blogdofarnesio.com.br\/?s={search_term_string}"},"query-input":{"@type":"PropertyValueSpecification","valueRequired":true,"valueName":"search_term_string"}}],"inLanguage":"pt-BR"},{"@type":"Organization","@id":"https:\/\/blogdofarnesio.com.br\/#organization","name":"Blog do Farn\u00e9sio","url":"https:\/\/blogdofarnesio.com.br\/","logo":{"@type":"ImageObject","inLanguage":"pt-BR","@id":"https:\/\/blogdofarnesio.com.br\/#\/schema\/logo\/image\/","url":"https:\/\/blogdofarnesio.com.br\/wp-content\/uploads\/2026\/03\/cropped-logo_new-1.png","contentUrl":"https:\/\/blogdofarnesio.com.br\/wp-content\/uploads\/2026\/03\/cropped-logo_new-1.png","width":881,"height":685,"caption":"Blog do Farn\u00e9sio"},"image":{"@id":"https:\/\/blogdofarnesio.com.br\/#\/schema\/logo\/image\/"},"sameAs":["https:\/\/www.facebook.com\/BlogQuerSaberPolitica\/"]},{"@type":"Person","@id":"https:\/\/blogdofarnesio.com.br\/#\/schema\/person\/bb9b23ae3ad0609ce8df7b6c9e76824d","name":"Farn\u00e9sio","image":{"@type":"ImageObject","inLanguage":"pt-BR","@id":"https:\/\/secure.gravatar.com\/avatar\/986aa4c61ccdb66f8555bf88fc2a65609d00bcabd4d2d94377a727547345cbca?s=96&d=mm&r=g","url":"https:\/\/secure.gravatar.com\/avatar\/986aa4c61ccdb66f8555bf88fc2a65609d00bcabd4d2d94377a727547345cbca?s=96&d=mm&r=g","contentUrl":"https:\/\/secure.gravatar.com\/avatar\/986aa4c61ccdb66f8555bf88fc2a65609d00bcabd4d2d94377a727547345cbca?s=96&d=mm&r=g","caption":"Farn\u00e9sio"},"description":"Radialista blogueiro, chegou a Petrolina\/Juazeiro em setembro de 1980, Farn\u00e9sio Silva \u00e9 de Arapiraca-Alagoas.","sameAs":["http:\/\/blogdofarnesio.com.br","https:\/\/www.facebook.com\/?ref=tn_tnmn","https:\/\/www.instagram.com\/?utm_source=pwa_homescreen","https:\/\/youtube.com.br\/"],"url":"https:\/\/blogdofarnesio.com.br\/?author=2"}]}},"_links":{"self":[{"href":"https:\/\/blogdofarnesio.com.br\/index.php?rest_route=\/wp\/v2\/posts\/310110","targetHints":{"allow":["GET"]}}],"collection":[{"href":"https:\/\/blogdofarnesio.com.br\/index.php?rest_route=\/wp\/v2\/posts"}],"about":[{"href":"https:\/\/blogdofarnesio.com.br\/index.php?rest_route=\/wp\/v2\/types\/post"}],"author":[{"embeddable":true,"href":"https:\/\/blogdofarnesio.com.br\/index.php?rest_route=\/wp\/v2\/users\/2"}],"replies":[{"embeddable":true,"href":"https:\/\/blogdofarnesio.com.br\/index.php?rest_route=%2Fwp%2Fv2%2Fcomments&post=310110"}],"version-history":[{"count":0,"href":"https:\/\/blogdofarnesio.com.br\/index.php?rest_route=\/wp\/v2\/posts\/310110\/revisions"}],"wp:featuredmedia":[{"embeddable":true,"href":"https:\/\/blogdofarnesio.com.br\/index.php?rest_route=\/wp\/v2\/media\/305586"}],"wp:attachment":[{"href":"https:\/\/blogdofarnesio.com.br\/index.php?rest_route=%2Fwp%2Fv2%2Fmedia&parent=310110"}],"wp:term":[{"taxonomy":"category","embeddable":true,"href":"https:\/\/blogdofarnesio.com.br\/index.php?rest_route=%2Fwp%2Fv2%2Fcategories&post=310110"},{"taxonomy":"post_tag","embeddable":true,"href":"https:\/\/blogdofarnesio.com.br\/index.php?rest_route=%2Fwp%2Fv2%2Ftags&post=310110"}],"curies":[{"name":"wp","href":"https:\/\/api.w.org\/{rel}","templated":true}]}}