{"id":310090,"date":"2022-04-03T14:00:51","date_gmt":"2022-04-03T17:00:51","guid":{"rendered":"https:\/\/blogdofarnesio.com.br\/?p=310090"},"modified":"2022-04-03T09:28:53","modified_gmt":"2022-04-03T12:28:53","slug":"deputado-roberto-carlos-homenageia-o-coronel-paulo-coutinho-pelo-comando-da-presidencia-do-conselho-nacional-de-comandantes-gerais-das-policias-militares-do-brasil","status":"publish","type":"post","link":"https:\/\/blogdofarnesio.com.br\/2022\/04\/deputado-roberto-carlos-homenageia-o-coronel-paulo-coutinho-pelo-comando-da-presidencia-do-conselho-nacional-de-comandantes-gerais-das-policias-militares-do-brasil\/","title":{"rendered":"Deputado Roberto Carlos homenageia o Coronel Paulo Coutinho pelo comando da Presid\u00eancia do Conselho Nacional de Comandantes- Gerais das Pol\u00edcias Militares do Brasil"},"content":{"rendered":"<p>O deputado Roberto Carlos, vice-l\u00edder do Governo, apresentou, na Assembleia Legislativa da Bahia, uma Mo\u00e7\u00e3o de Aplausos destinada ao Coronel Paulo Coutinho pelo comando da Presid\u00eancia do Conselho Nacional de Comandantes- Gerais das Pol\u00edcias Militares do Brasil.<\/p>\n<p>O coronel Coutinho \u00e9 o primeiro comandante-geral da PM-BA a assumir a lideran\u00e7a do colegiado que re\u00fane comandantes de todo Brasil. De acordo com o parlamentar, \u00e9 um grande orgulho para os baianos t\u00ea-lo na presid\u00eancia da CNCG, posto t\u00e3o importante para corpora\u00e7\u00e3o.<\/p>\n<p>O Conselho Nacional de Comandantes-Gerais (CNCG) \u00e9 um colegiado composto por todos os Comandantes-Gerais das Pol\u00edcias Militares e Corpos de Bombeiros Militares dos Estados e do Distrito Federal. O \u00f3rg\u00e3o existe desde 12 de fevereiro de 1993 e \u00e9 sediado em Bras\u00edlia.<\/p>\n<p>\u201cSabemos o quanto e\u0301 dif\u00edcil desempenhar os trabalhos na a\u0301rea da seguranc\u0327a pu\u0301blica, contudo, ap\u00f3s anos dedicados \u00e0 causa p\u00fablica, o homenageado sempre prestou um servi\u00e7o de qualidade a toda popula\u00e7\u00e3o e sua postura serve de exemplo a todos os policiais, pela humildade, profissionalismo e lideran\u00e7a, com esp\u00edrito construtivo, de admir\u00e1vel sensibilidade e grandeza \u00e9tica e moral\u201d, disse o deputado Roberto Carlos.<\/p>\n","protected":false},"excerpt":{"rendered":"<p>O deputado Roberto Carlos, vice-l\u00edder do Governo, apresentou, na Assembleia Legislativa da Bahia, uma Mo\u00e7\u00e3o de Aplausos destinada ao Coronel Paulo Coutinho pelo comando da Presid\u00eancia do Conselho Nacional de Comandantes- Gerais das Pol\u00edcias Militares do Brasil. O coronel Coutinho \u00e9 o primeiro comandante-geral da PM-BA a assumir a lideran\u00e7a do colegiado que re\u00fane comandantes de todo Brasil. De acordo com o parlamentar, \u00e9 um grande orgulho para os baianos t\u00ea-lo na presid\u00eancia da CNCG, posto t\u00e3o importante para corpora\u00e7\u00e3o. O Conselho Nacional de Comandantes-Gerais (CNCG) \u00e9 um colegiado composto por todos os Comandantes-Gerais das Pol\u00edcias Militares e Corpos de Bombeiros Militares dos Estados e do Distrito Federal. O \u00f3rg\u00e3o existe desde 12 de fevereiro de 1993 e \u00e9 sediado&hellip; <\/p>\n","protected":false},"author":2,"featured_media":310092,"comment_status":"open","ping_status":"open","sticky":false,"template":"","format":"standard","meta":{"_acf_changed":false,"footnotes":""},"categories":[12],"tags":[],"class_list":["post-310090","post","type-post","status-publish","format-standard","has-post-thumbnail","hentry","category-confraternizacoes"],"acf":[],"yoast_head":"<!-- This site is optimized with the Yoast SEO plugin v27.5 - https:\/\/yoast.com\/product\/yoast-seo-wordpress\/ -->\n<title>Deputado Roberto Carlos homenageia o Coronel Paulo Coutinho pelo comando da Presid\u00eancia do Conselho Nacional de Comandantes- Gerais das Pol\u00edcias Militares do Brasil - Blog do Farn\u00e9sio<\/title>\n<meta name=\"robots\" content=\"index, follow, max-snippet:-1, max-image-preview:large, max-video-preview:-1\" \/>\n<link rel=\"canonical\" href=\"https:\/\/blogdofarnesio.com.br\/2022\/04\/deputado-roberto-carlos-homenageia-o-coronel-paulo-coutinho-pelo-comando-da-presidencia-do-conselho-nacional-de-comandantes-gerais-das-policias-militares-do-brasil\/\" \/>\n<meta property=\"og:locale\" content=\"pt_BR\" \/>\n<meta property=\"og:type\" content=\"article\" \/>\n<meta property=\"og:title\" content=\"Deputado Roberto Carlos homenageia o Coronel Paulo Coutinho pelo comando da Presid\u00eancia do Conselho Nacional de Comandantes- Gerais das Pol\u00edcias Militares do Brasil - Blog do Farn\u00e9sio\" \/>\n<meta property=\"og:description\" content=\"O deputado Roberto Carlos, vice-l\u00edder do Governo, apresentou, na Assembleia Legislativa da Bahia, uma Mo\u00e7\u00e3o de Aplausos destinada ao Coronel Paulo Coutinho pelo comando da Presid\u00eancia do Conselho Nacional de Comandantes- Gerais das Pol\u00edcias Militares do Brasil. O coronel Coutinho \u00e9 o primeiro comandante-geral da PM-BA a assumir a lideran\u00e7a do colegiado que re\u00fane comandantes de todo Brasil. De acordo com o parlamentar, \u00e9 um grande orgulho para os baianos t\u00ea-lo na presid\u00eancia da CNCG, posto t\u00e3o importante para corpora\u00e7\u00e3o. O Conselho Nacional de Comandantes-Gerais (CNCG) \u00e9 um colegiado composto por todos os Comandantes-Gerais das Pol\u00edcias Militares e Corpos de Bombeiros Militares dos Estados e do Distrito Federal. O \u00f3rg\u00e3o existe desde 12 de fevereiro de 1993 e \u00e9 sediado&hellip;\" \/>\n<meta property=\"og:url\" content=\"https:\/\/blogdofarnesio.com.br\/2022\/04\/deputado-roberto-carlos-homenageia-o-coronel-paulo-coutinho-pelo-comando-da-presidencia-do-conselho-nacional-de-comandantes-gerais-das-policias-militares-do-brasil\/\" \/>\n<meta property=\"og:site_name\" content=\"Blog do Farn\u00e9sio\" \/>\n<meta property=\"article:publisher\" content=\"https:\/\/www.facebook.com\/BlogQuerSaberPolitica\/\" \/>\n<meta property=\"article:author\" content=\"https:\/\/www.facebook.com\/?ref=tn_tnmn\" \/>\n<meta property=\"article:published_time\" content=\"2022-04-03T17:00:51+00:00\" \/>\n<meta property=\"og:image\" content=\"https:\/\/blogdofarnesio.com.br\/wp-content\/uploads\/2022\/04\/pa-e1648847182448.jpeg\" \/>\n\t<meta property=\"og:image:width\" content=\"680\" \/>\n\t<meta property=\"og:image:height\" content=\"453\" \/>\n\t<meta property=\"og:image:type\" content=\"image\/jpeg\" \/>\n<meta name=\"author\" content=\"Farn\u00e9sio\" \/>\n<meta name=\"twitter:card\" content=\"summary_large_image\" \/>\n<meta name=\"twitter:label1\" content=\"Escrito por\" \/>\n\t<meta name=\"twitter:data1\" content=\"Farn\u00e9sio\" \/>\n\t<meta name=\"twitter:label2\" content=\"Est. tempo de leitura\" \/>\n\t<meta name=\"twitter:data2\" content=\"2 minutos\" \/>\n<script type=\"application\/ld+json\" class=\"yoast-schema-graph\">{\"@context\":\"https:\\\/\\\/schema.org\",\"@graph\":[{\"@type\":\"Article\",\"@id\":\"https:\\\/\\\/blogdofarnesio.com.br\\\/2022\\\/04\\\/deputado-roberto-carlos-homenageia-o-coronel-paulo-coutinho-pelo-comando-da-presidencia-do-conselho-nacional-de-comandantes-gerais-das-policias-militares-do-brasil\\\/#article\",\"isPartOf\":{\"@id\":\"https:\\\/\\\/blogdofarnesio.com.br\\\/2022\\\/04\\\/deputado-roberto-carlos-homenageia-o-coronel-paulo-coutinho-pelo-comando-da-presidencia-do-conselho-nacional-de-comandantes-gerais-das-policias-militares-do-brasil\\\/\"},\"author\":{\"name\":\"Farn\u00e9sio\",\"@id\":\"https:\\\/\\\/blogdofarnesio.com.br\\\/#\\\/schema\\\/person\\\/bb9b23ae3ad0609ce8df7b6c9e76824d\"},\"headline\":\"Deputado Roberto Carlos homenageia o Coronel Paulo Coutinho pelo comando da Presid\u00eancia do Conselho Nacional de Comandantes- Gerais das Pol\u00edcias Militares do Brasil\",\"datePublished\":\"2022-04-03T17:00:51+00:00\",\"mainEntityOfPage\":{\"@id\":\"https:\\\/\\\/blogdofarnesio.com.br\\\/2022\\\/04\\\/deputado-roberto-carlos-homenageia-o-coronel-paulo-coutinho-pelo-comando-da-presidencia-do-conselho-nacional-de-comandantes-gerais-das-policias-militares-do-brasil\\\/\"},\"wordCount\":226,\"commentCount\":0,\"publisher\":{\"@id\":\"https:\\\/\\\/blogdofarnesio.com.br\\\/#organization\"},\"image\":{\"@id\":\"https:\\\/\\\/blogdofarnesio.com.br\\\/2022\\\/04\\\/deputado-roberto-carlos-homenageia-o-coronel-paulo-coutinho-pelo-comando-da-presidencia-do-conselho-nacional-de-comandantes-gerais-das-policias-militares-do-brasil\\\/#primaryimage\"},\"thumbnailUrl\":\"https:\\\/\\\/blogdofarnesio.com.br\\\/wp-content\\\/uploads\\\/2022\\\/04\\\/pa-e1648847182448.jpeg\",\"articleSection\":[\"Confraterniza\u00e7\u00f5es\"],\"inLanguage\":\"pt-BR\",\"potentialAction\":[{\"@type\":\"CommentAction\",\"name\":\"Comment\",\"target\":[\"https:\\\/\\\/blogdofarnesio.com.br\\\/2022\\\/04\\\/deputado-roberto-carlos-homenageia-o-coronel-paulo-coutinho-pelo-comando-da-presidencia-do-conselho-nacional-de-comandantes-gerais-das-policias-militares-do-brasil\\\/#respond\"]}]},{\"@type\":\"WebPage\",\"@id\":\"https:\\\/\\\/blogdofarnesio.com.br\\\/2022\\\/04\\\/deputado-roberto-carlos-homenageia-o-coronel-paulo-coutinho-pelo-comando-da-presidencia-do-conselho-nacional-de-comandantes-gerais-das-policias-militares-do-brasil\\\/\",\"url\":\"https:\\\/\\\/blogdofarnesio.com.br\\\/2022\\\/04\\\/deputado-roberto-carlos-homenageia-o-coronel-paulo-coutinho-pelo-comando-da-presidencia-do-conselho-nacional-de-comandantes-gerais-das-policias-militares-do-brasil\\\/\",\"name\":\"Deputado Roberto Carlos homenageia o Coronel Paulo Coutinho pelo comando da Presid\u00eancia do Conselho Nacional de Comandantes- Gerais das Pol\u00edcias Militares do Brasil - Blog do Farn\u00e9sio\",\"isPartOf\":{\"@id\":\"https:\\\/\\\/blogdofarnesio.com.br\\\/#website\"},\"primaryImageOfPage\":{\"@id\":\"https:\\\/\\\/blogdofarnesio.com.br\\\/2022\\\/04\\\/deputado-roberto-carlos-homenageia-o-coronel-paulo-coutinho-pelo-comando-da-presidencia-do-conselho-nacional-de-comandantes-gerais-das-policias-militares-do-brasil\\\/#primaryimage\"},\"image\":{\"@id\":\"https:\\\/\\\/blogdofarnesio.com.br\\\/2022\\\/04\\\/deputado-roberto-carlos-homenageia-o-coronel-paulo-coutinho-pelo-comando-da-presidencia-do-conselho-nacional-de-comandantes-gerais-das-policias-militares-do-brasil\\\/#primaryimage\"},\"thumbnailUrl\":\"https:\\\/\\\/blogdofarnesio.com.br\\\/wp-content\\\/uploads\\\/2022\\\/04\\\/pa-e1648847182448.jpeg\",\"datePublished\":\"2022-04-03T17:00:51+00:00\",\"breadcrumb\":{\"@id\":\"https:\\\/\\\/blogdofarnesio.com.br\\\/2022\\\/04\\\/deputado-roberto-carlos-homenageia-o-coronel-paulo-coutinho-pelo-comando-da-presidencia-do-conselho-nacional-de-comandantes-gerais-das-policias-militares-do-brasil\\\/#breadcrumb\"},\"inLanguage\":\"pt-BR\",\"potentialAction\":[{\"@type\":\"ReadAction\",\"target\":[\"https:\\\/\\\/blogdofarnesio.com.br\\\/2022\\\/04\\\/deputado-roberto-carlos-homenageia-o-coronel-paulo-coutinho-pelo-comando-da-presidencia-do-conselho-nacional-de-comandantes-gerais-das-policias-militares-do-brasil\\\/\"]}]},{\"@type\":\"ImageObject\",\"inLanguage\":\"pt-BR\",\"@id\":\"https:\\\/\\\/blogdofarnesio.com.br\\\/2022\\\/04\\\/deputado-roberto-carlos-homenageia-o-coronel-paulo-coutinho-pelo-comando-da-presidencia-do-conselho-nacional-de-comandantes-gerais-das-policias-militares-do-brasil\\\/#primaryimage\",\"url\":\"https:\\\/\\\/blogdofarnesio.com.br\\\/wp-content\\\/uploads\\\/2022\\\/04\\\/pa-e1648847182448.jpeg\",\"contentUrl\":\"https:\\\/\\\/blogdofarnesio.com.br\\\/wp-content\\\/uploads\\\/2022\\\/04\\\/pa-e1648847182448.jpeg\",\"width\":680,\"height\":453},{\"@type\":\"BreadcrumbList\",\"@id\":\"https:\\\/\\\/blogdofarnesio.com.br\\\/2022\\\/04\\\/deputado-roberto-carlos-homenageia-o-coronel-paulo-coutinho-pelo-comando-da-presidencia-do-conselho-nacional-de-comandantes-gerais-das-policias-militares-do-brasil\\\/#breadcrumb\",\"itemListElement\":[{\"@type\":\"ListItem\",\"position\":1,\"name\":\"In\u00edcio\",\"item\":\"https:\\\/\\\/blogdofarnesio.com.br\\\/\"},{\"@type\":\"ListItem\",\"position\":2,\"name\":\"Deputado Roberto Carlos homenageia o Coronel Paulo Coutinho pelo comando da Presid\u00eancia do Conselho Nacional de Comandantes- Gerais das Pol\u00edcias Militares do Brasil\"}]},{\"@type\":\"WebSite\",\"@id\":\"https:\\\/\\\/blogdofarnesio.com.br\\\/#website\",\"url\":\"https:\\\/\\\/blogdofarnesio.com.br\\\/\",\"name\":\"Blog do Farn\u00e9sio\",\"description\":\"Quer Saber Pol\u00edtica?\",\"publisher\":{\"@id\":\"https:\\\/\\\/blogdofarnesio.com.br\\\/#organization\"},\"potentialAction\":[{\"@type\":\"SearchAction\",\"target\":{\"@type\":\"EntryPoint\",\"urlTemplate\":\"https:\\\/\\\/blogdofarnesio.com.br\\\/?s={search_term_string}\"},\"query-input\":{\"@type\":\"PropertyValueSpecification\",\"valueRequired\":true,\"valueName\":\"search_term_string\"}}],\"inLanguage\":\"pt-BR\"},{\"@type\":\"Organization\",\"@id\":\"https:\\\/\\\/blogdofarnesio.com.br\\\/#organization\",\"name\":\"Blog do Farn\u00e9sio\",\"url\":\"https:\\\/\\\/blogdofarnesio.com.br\\\/\",\"logo\":{\"@type\":\"ImageObject\",\"inLanguage\":\"pt-BR\",\"@id\":\"https:\\\/\\\/blogdofarnesio.com.br\\\/#\\\/schema\\\/logo\\\/image\\\/\",\"url\":\"https:\\\/\\\/blogdofarnesio.com.br\\\/wp-content\\\/uploads\\\/2026\\\/03\\\/cropped-logo_new-1.png\",\"contentUrl\":\"https:\\\/\\\/blogdofarnesio.com.br\\\/wp-content\\\/uploads\\\/2026\\\/03\\\/cropped-logo_new-1.png\",\"width\":881,\"height\":685,\"caption\":\"Blog do Farn\u00e9sio\"},\"image\":{\"@id\":\"https:\\\/\\\/blogdofarnesio.com.br\\\/#\\\/schema\\\/logo\\\/image\\\/\"},\"sameAs\":[\"https:\\\/\\\/www.facebook.com\\\/BlogQuerSaberPolitica\\\/\"]},{\"@type\":\"Person\",\"@id\":\"https:\\\/\\\/blogdofarnesio.com.br\\\/#\\\/schema\\\/person\\\/bb9b23ae3ad0609ce8df7b6c9e76824d\",\"name\":\"Farn\u00e9sio\",\"image\":{\"@type\":\"ImageObject\",\"inLanguage\":\"pt-BR\",\"@id\":\"https:\\\/\\\/secure.gravatar.com\\\/avatar\\\/986aa4c61ccdb66f8555bf88fc2a65609d00bcabd4d2d94377a727547345cbca?s=96&d=mm&r=g\",\"url\":\"https:\\\/\\\/secure.gravatar.com\\\/avatar\\\/986aa4c61ccdb66f8555bf88fc2a65609d00bcabd4d2d94377a727547345cbca?s=96&d=mm&r=g\",\"contentUrl\":\"https:\\\/\\\/secure.gravatar.com\\\/avatar\\\/986aa4c61ccdb66f8555bf88fc2a65609d00bcabd4d2d94377a727547345cbca?s=96&d=mm&r=g\",\"caption\":\"Farn\u00e9sio\"},\"description\":\"Radialista blogueiro, chegou a Petrolina\\\/Juazeiro em setembro de 1980, Farn\u00e9sio Silva \u00e9 de Arapiraca-Alagoas.\",\"sameAs\":[\"http:\\\/\\\/blogdofarnesio.com.br\",\"https:\\\/\\\/www.facebook.com\\\/?ref=tn_tnmn\",\"https:\\\/\\\/www.instagram.com\\\/?utm_source=pwa_homescreen\",\"https:\\\/\\\/youtube.com.br\\\/\"],\"url\":\"https:\\\/\\\/blogdofarnesio.com.br\\\/author\\\/farnesio-2\\\/\"}]}<\/script>\n<!-- \/ Yoast SEO plugin. -->","yoast_head_json":{"title":"Deputado Roberto Carlos homenageia o Coronel Paulo Coutinho pelo comando da Presid\u00eancia do Conselho Nacional de Comandantes- Gerais das Pol\u00edcias Militares do Brasil - Blog do Farn\u00e9sio","robots":{"index":"index","follow":"follow","max-snippet":"max-snippet:-1","max-image-preview":"max-image-preview:large","max-video-preview":"max-video-preview:-1"},"canonical":"https:\/\/blogdofarnesio.com.br\/2022\/04\/deputado-roberto-carlos-homenageia-o-coronel-paulo-coutinho-pelo-comando-da-presidencia-do-conselho-nacional-de-comandantes-gerais-das-policias-militares-do-brasil\/","og_locale":"pt_BR","og_type":"article","og_title":"Deputado Roberto Carlos homenageia o Coronel Paulo Coutinho pelo comando da Presid\u00eancia do Conselho Nacional de Comandantes- Gerais das Pol\u00edcias Militares do Brasil - Blog do Farn\u00e9sio","og_description":"O deputado Roberto Carlos, vice-l\u00edder do Governo, apresentou, na Assembleia Legislativa da Bahia, uma Mo\u00e7\u00e3o de Aplausos destinada ao Coronel Paulo Coutinho pelo comando da Presid\u00eancia do Conselho Nacional de Comandantes- Gerais das Pol\u00edcias Militares do Brasil. O coronel Coutinho \u00e9 o primeiro comandante-geral da PM-BA a assumir a lideran\u00e7a do colegiado que re\u00fane comandantes de todo Brasil. De acordo com o parlamentar, \u00e9 um grande orgulho para os baianos t\u00ea-lo na presid\u00eancia da CNCG, posto t\u00e3o importante para corpora\u00e7\u00e3o. O Conselho Nacional de Comandantes-Gerais (CNCG) \u00e9 um colegiado composto por todos os Comandantes-Gerais das Pol\u00edcias Militares e Corpos de Bombeiros Militares dos Estados e do Distrito Federal. O \u00f3rg\u00e3o existe desde 12 de fevereiro de 1993 e \u00e9 sediado&hellip;","og_url":"https:\/\/blogdofarnesio.com.br\/2022\/04\/deputado-roberto-carlos-homenageia-o-coronel-paulo-coutinho-pelo-comando-da-presidencia-do-conselho-nacional-de-comandantes-gerais-das-policias-militares-do-brasil\/","og_site_name":"Blog do Farn\u00e9sio","article_publisher":"https:\/\/www.facebook.com\/BlogQuerSaberPolitica\/","article_author":"https:\/\/www.facebook.com\/?ref=tn_tnmn","article_published_time":"2022-04-03T17:00:51+00:00","og_image":[{"width":680,"height":453,"url":"https:\/\/blogdofarnesio.com.br\/wp-content\/uploads\/2022\/04\/pa-e1648847182448.jpeg","type":"image\/jpeg"}],"author":"Farn\u00e9sio","twitter_card":"summary_large_image","twitter_misc":{"Escrito por":"Farn\u00e9sio","Est. tempo de leitura":"2 minutos"},"schema":{"@context":"https:\/\/schema.org","@graph":[{"@type":"Article","@id":"https:\/\/blogdofarnesio.com.br\/2022\/04\/deputado-roberto-carlos-homenageia-o-coronel-paulo-coutinho-pelo-comando-da-presidencia-do-conselho-nacional-de-comandantes-gerais-das-policias-militares-do-brasil\/#article","isPartOf":{"@id":"https:\/\/blogdofarnesio.com.br\/2022\/04\/deputado-roberto-carlos-homenageia-o-coronel-paulo-coutinho-pelo-comando-da-presidencia-do-conselho-nacional-de-comandantes-gerais-das-policias-militares-do-brasil\/"},"author":{"name":"Farn\u00e9sio","@id":"https:\/\/blogdofarnesio.com.br\/#\/schema\/person\/bb9b23ae3ad0609ce8df7b6c9e76824d"},"headline":"Deputado Roberto Carlos homenageia o Coronel Paulo Coutinho pelo comando da Presid\u00eancia do Conselho Nacional de Comandantes- Gerais das Pol\u00edcias Militares do Brasil","datePublished":"2022-04-03T17:00:51+00:00","mainEntityOfPage":{"@id":"https:\/\/blogdofarnesio.com.br\/2022\/04\/deputado-roberto-carlos-homenageia-o-coronel-paulo-coutinho-pelo-comando-da-presidencia-do-conselho-nacional-de-comandantes-gerais-das-policias-militares-do-brasil\/"},"wordCount":226,"commentCount":0,"publisher":{"@id":"https:\/\/blogdofarnesio.com.br\/#organization"},"image":{"@id":"https:\/\/blogdofarnesio.com.br\/2022\/04\/deputado-roberto-carlos-homenageia-o-coronel-paulo-coutinho-pelo-comando-da-presidencia-do-conselho-nacional-de-comandantes-gerais-das-policias-militares-do-brasil\/#primaryimage"},"thumbnailUrl":"https:\/\/blogdofarnesio.com.br\/wp-content\/uploads\/2022\/04\/pa-e1648847182448.jpeg","articleSection":["Confraterniza\u00e7\u00f5es"],"inLanguage":"pt-BR","potentialAction":[{"@type":"CommentAction","name":"Comment","target":["https:\/\/blogdofarnesio.com.br\/2022\/04\/deputado-roberto-carlos-homenageia-o-coronel-paulo-coutinho-pelo-comando-da-presidencia-do-conselho-nacional-de-comandantes-gerais-das-policias-militares-do-brasil\/#respond"]}]},{"@type":"WebPage","@id":"https:\/\/blogdofarnesio.com.br\/2022\/04\/deputado-roberto-carlos-homenageia-o-coronel-paulo-coutinho-pelo-comando-da-presidencia-do-conselho-nacional-de-comandantes-gerais-das-policias-militares-do-brasil\/","url":"https:\/\/blogdofarnesio.com.br\/2022\/04\/deputado-roberto-carlos-homenageia-o-coronel-paulo-coutinho-pelo-comando-da-presidencia-do-conselho-nacional-de-comandantes-gerais-das-policias-militares-do-brasil\/","name":"Deputado Roberto Carlos homenageia o Coronel Paulo Coutinho pelo comando da Presid\u00eancia do Conselho Nacional de Comandantes- Gerais das Pol\u00edcias Militares do Brasil - Blog do Farn\u00e9sio","isPartOf":{"@id":"https:\/\/blogdofarnesio.com.br\/#website"},"primaryImageOfPage":{"@id":"https:\/\/blogdofarnesio.com.br\/2022\/04\/deputado-roberto-carlos-homenageia-o-coronel-paulo-coutinho-pelo-comando-da-presidencia-do-conselho-nacional-de-comandantes-gerais-das-policias-militares-do-brasil\/#primaryimage"},"image":{"@id":"https:\/\/blogdofarnesio.com.br\/2022\/04\/deputado-roberto-carlos-homenageia-o-coronel-paulo-coutinho-pelo-comando-da-presidencia-do-conselho-nacional-de-comandantes-gerais-das-policias-militares-do-brasil\/#primaryimage"},"thumbnailUrl":"https:\/\/blogdofarnesio.com.br\/wp-content\/uploads\/2022\/04\/pa-e1648847182448.jpeg","datePublished":"2022-04-03T17:00:51+00:00","breadcrumb":{"@id":"https:\/\/blogdofarnesio.com.br\/2022\/04\/deputado-roberto-carlos-homenageia-o-coronel-paulo-coutinho-pelo-comando-da-presidencia-do-conselho-nacional-de-comandantes-gerais-das-policias-militares-do-brasil\/#breadcrumb"},"inLanguage":"pt-BR","potentialAction":[{"@type":"ReadAction","target":["https:\/\/blogdofarnesio.com.br\/2022\/04\/deputado-roberto-carlos-homenageia-o-coronel-paulo-coutinho-pelo-comando-da-presidencia-do-conselho-nacional-de-comandantes-gerais-das-policias-militares-do-brasil\/"]}]},{"@type":"ImageObject","inLanguage":"pt-BR","@id":"https:\/\/blogdofarnesio.com.br\/2022\/04\/deputado-roberto-carlos-homenageia-o-coronel-paulo-coutinho-pelo-comando-da-presidencia-do-conselho-nacional-de-comandantes-gerais-das-policias-militares-do-brasil\/#primaryimage","url":"https:\/\/blogdofarnesio.com.br\/wp-content\/uploads\/2022\/04\/pa-e1648847182448.jpeg","contentUrl":"https:\/\/blogdofarnesio.com.br\/wp-content\/uploads\/2022\/04\/pa-e1648847182448.jpeg","width":680,"height":453},{"@type":"BreadcrumbList","@id":"https:\/\/blogdofarnesio.com.br\/2022\/04\/deputado-roberto-carlos-homenageia-o-coronel-paulo-coutinho-pelo-comando-da-presidencia-do-conselho-nacional-de-comandantes-gerais-das-policias-militares-do-brasil\/#breadcrumb","itemListElement":[{"@type":"ListItem","position":1,"name":"In\u00edcio","item":"https:\/\/blogdofarnesio.com.br\/"},{"@type":"ListItem","position":2,"name":"Deputado Roberto Carlos homenageia o Coronel Paulo Coutinho pelo comando da Presid\u00eancia do Conselho Nacional de Comandantes- Gerais das Pol\u00edcias Militares do Brasil"}]},{"@type":"WebSite","@id":"https:\/\/blogdofarnesio.com.br\/#website","url":"https:\/\/blogdofarnesio.com.br\/","name":"Blog do Farn\u00e9sio","description":"Quer Saber Pol\u00edtica?","publisher":{"@id":"https:\/\/blogdofarnesio.com.br\/#organization"},"potentialAction":[{"@type":"SearchAction","target":{"@type":"EntryPoint","urlTemplate":"https:\/\/blogdofarnesio.com.br\/?s={search_term_string}"},"query-input":{"@type":"PropertyValueSpecification","valueRequired":true,"valueName":"search_term_string"}}],"inLanguage":"pt-BR"},{"@type":"Organization","@id":"https:\/\/blogdofarnesio.com.br\/#organization","name":"Blog do Farn\u00e9sio","url":"https:\/\/blogdofarnesio.com.br\/","logo":{"@type":"ImageObject","inLanguage":"pt-BR","@id":"https:\/\/blogdofarnesio.com.br\/#\/schema\/logo\/image\/","url":"https:\/\/blogdofarnesio.com.br\/wp-content\/uploads\/2026\/03\/cropped-logo_new-1.png","contentUrl":"https:\/\/blogdofarnesio.com.br\/wp-content\/uploads\/2026\/03\/cropped-logo_new-1.png","width":881,"height":685,"caption":"Blog do Farn\u00e9sio"},"image":{"@id":"https:\/\/blogdofarnesio.com.br\/#\/schema\/logo\/image\/"},"sameAs":["https:\/\/www.facebook.com\/BlogQuerSaberPolitica\/"]},{"@type":"Person","@id":"https:\/\/blogdofarnesio.com.br\/#\/schema\/person\/bb9b23ae3ad0609ce8df7b6c9e76824d","name":"Farn\u00e9sio","image":{"@type":"ImageObject","inLanguage":"pt-BR","@id":"https:\/\/secure.gravatar.com\/avatar\/986aa4c61ccdb66f8555bf88fc2a65609d00bcabd4d2d94377a727547345cbca?s=96&d=mm&r=g","url":"https:\/\/secure.gravatar.com\/avatar\/986aa4c61ccdb66f8555bf88fc2a65609d00bcabd4d2d94377a727547345cbca?s=96&d=mm&r=g","contentUrl":"https:\/\/secure.gravatar.com\/avatar\/986aa4c61ccdb66f8555bf88fc2a65609d00bcabd4d2d94377a727547345cbca?s=96&d=mm&r=g","caption":"Farn\u00e9sio"},"description":"Radialista blogueiro, chegou a Petrolina\/Juazeiro em setembro de 1980, Farn\u00e9sio Silva \u00e9 de Arapiraca-Alagoas.","sameAs":["http:\/\/blogdofarnesio.com.br","https:\/\/www.facebook.com\/?ref=tn_tnmn","https:\/\/www.instagram.com\/?utm_source=pwa_homescreen","https:\/\/youtube.com.br\/"],"url":"https:\/\/blogdofarnesio.com.br\/author\/farnesio-2\/"}]}},"_links":{"self":[{"href":"https:\/\/blogdofarnesio.com.br\/wp-json\/wp\/v2\/posts\/310090","targetHints":{"allow":["GET"]}}],"collection":[{"href":"https:\/\/blogdofarnesio.com.br\/wp-json\/wp\/v2\/posts"}],"about":[{"href":"https:\/\/blogdofarnesio.com.br\/wp-json\/wp\/v2\/types\/post"}],"author":[{"embeddable":true,"href":"https:\/\/blogdofarnesio.com.br\/wp-json\/wp\/v2\/users\/2"}],"replies":[{"embeddable":true,"href":"https:\/\/blogdofarnesio.com.br\/wp-json\/wp\/v2\/comments?post=310090"}],"version-history":[{"count":0,"href":"https:\/\/blogdofarnesio.com.br\/wp-json\/wp\/v2\/posts\/310090\/revisions"}],"wp:featuredmedia":[{"embeddable":true,"href":"https:\/\/blogdofarnesio.com.br\/wp-json\/wp\/v2\/media\/310092"}],"wp:attachment":[{"href":"https:\/\/blogdofarnesio.com.br\/wp-json\/wp\/v2\/media?parent=310090"}],"wp:term":[{"taxonomy":"category","embeddable":true,"href":"https:\/\/blogdofarnesio.com.br\/wp-json\/wp\/v2\/categories?post=310090"},{"taxonomy":"post_tag","embeddable":true,"href":"https:\/\/blogdofarnesio.com.br\/wp-json\/wp\/v2\/tags?post=310090"}],"curies":[{"name":"wp","href":"https:\/\/api.w.org\/{rel}","templated":true}]}}