{"id":310071,"date":"2022-04-04T09:43:03","date_gmt":"2022-04-04T12:43:03","guid":{"rendered":"https:\/\/blogdofarnesio.com.br\/?p=310071"},"modified":"2022-04-01T17:31:15","modified_gmt":"2022-04-01T20:31:15","slug":"prefeito-simao-anuncia-novas-pavimentacoes-neste-mes-de-abril-em-petrolina","status":"publish","type":"post","link":"https:\/\/blogdofarnesio.com.br\/?p=310071","title":{"rendered":"Prefeito Sim\u00e3o anuncia novas pavimenta\u00e7\u00f5es neste m\u00eas de abril em Petrolina"},"content":{"rendered":"<p style=\"font-weight: 400;\">Al\u00e9m do desenvolvimento estrutural para os bairros, as obras de pavimenta\u00e7\u00e3o est\u00e3o devolvendo a centenas de petrolinenses a autoestima e o sentimento de pertencimento pela comunidade em que vivem. Ap\u00f3s alcan\u00e7ar a marca de mais de 1 mil ruas entregues dentro do maior programa de pavimenta\u00e7\u00e3o do munic\u00edpio, a Prefeitura de Petrolina segue anunciando novos investimentos para continuar melhorando a vida de mais gente.<\/p>\n<p style=\"font-weight: 400;\">Nas pr\u00f3ximas semanas, os moradores dos bairros Jardim Amazonas, KM 02, Vila dos Ing\u00e1s, S\u00e3o Gon\u00e7alo, Rio Claro, Alto do Cocar, Padre C\u00edcero, Loteamento Recife, Vila Eul\u00e1lia, entre outras comunidades, ser\u00e3o testemunhas do cuidado da gest\u00e3o municipal com a popula\u00e7\u00e3o da cidade. Os bairros est\u00e3o com obras em fase de sinaliza\u00e7\u00e3o e revis\u00e3o de acabamento, etapas que antecedem a inaugura\u00e7\u00e3o.<\/p>\n<p style=\"font-weight: 400;\">Ainda no m\u00eas de abril, atrav\u00e9s de um novo conv\u00eanio com a CODEVASF, a prefeitura iniciar\u00e1 a pavimenta\u00e7\u00e3o de mais 12 ruas, distribu\u00eddas em 7 bairros da \u00e1rea urbana. Ao todo, est\u00e3o sendo investidos cerca de R$ 10 milh\u00f5es em pavimenta\u00e7\u00e3o.<\/p>\n<p style=\"font-weight: 400;\">\u201c<em>Em poucos dias, teremos a satisfa\u00e7\u00e3o de iniciar mais um importante projeto de pavimenta\u00e7\u00e3o em sete bairros da cidade. Com o p\u00e9 no acelerador, como diz nosso prefeito Sim\u00e3o Durando, trabalharemos em ritmo acelerado para mudar a vida de centenas de pessoas no Portal da Cidade, Vila D\u00e9bora, S\u00e3o Jos\u00e9, Dom Avelar, Ant\u00f4nio Cassimiro e S\u00e3o Gon\u00e7alo\u201d,<\/em>\u00a0afirma o secret\u00e1rio de Infraestrutura e Mobilidade, Fred Machado.<\/p>\n<p style=\"font-weight: 400;\">&#8212;&#8212;&#8212;&#8211;<\/p>\n<p style=\"font-weight: 400;\">\n<p style=\"font-weight: 400;\">Adailma Gomes &#8211; Assessora de imprensa da Secretaria de Infraestrutura e Mobilidade<\/p>\n","protected":false},"excerpt":{"rendered":"<p>Al\u00e9m do desenvolvimento estrutural para os bairros, as obras de pavimenta\u00e7\u00e3o est\u00e3o devolvendo a centenas de petrolinenses a autoestima e o sentimento de pertencimento pela comunidade em que vivem. Ap\u00f3s alcan\u00e7ar a marca de mais de 1 mil ruas entregues dentro do maior programa de pavimenta\u00e7\u00e3o do munic\u00edpio, a Prefeitura de Petrolina segue anunciando novos investimentos para continuar melhorando a vida de mais gente. Nas pr\u00f3ximas semanas, os moradores dos bairros Jardim Amazonas, KM 02, Vila dos Ing\u00e1s, S\u00e3o Gon\u00e7alo, Rio Claro, Alto do Cocar, Padre C\u00edcero, Loteamento Recife, Vila Eul\u00e1lia, entre outras comunidades, ser\u00e3o testemunhas do cuidado da gest\u00e3o municipal com a popula\u00e7\u00e3o da cidade. Os bairros est\u00e3o com obras em fase de sinaliza\u00e7\u00e3o e revis\u00e3o de acabamento, etapas&hellip; <\/p>\n","protected":false},"author":2,"featured_media":300609,"comment_status":"open","ping_status":"open","sticky":false,"template":"","format":"standard","meta":{"_acf_changed":false,"footnotes":""},"categories":[44],"tags":[],"class_list":["post-310071","post","type-post","status-publish","format-standard","has-post-thumbnail","hentry","category-administracao"],"acf":[],"yoast_head":"<!-- This site is optimized with the Yoast SEO plugin v27.4 - https:\/\/yoast.com\/product\/yoast-seo-wordpress\/ -->\n<title>Prefeito Sim\u00e3o anuncia novas pavimenta\u00e7\u00f5es neste m\u00eas de abril em Petrolina - Blog do Farn\u00e9sio<\/title>\n<meta name=\"robots\" content=\"index, follow, max-snippet:-1, max-image-preview:large, max-video-preview:-1\" \/>\n<link rel=\"canonical\" href=\"https:\/\/blogdofarnesio.com.br\/?p=310071\" \/>\n<meta property=\"og:locale\" content=\"pt_BR\" \/>\n<meta property=\"og:type\" content=\"article\" \/>\n<meta property=\"og:title\" content=\"Prefeito Sim\u00e3o anuncia novas pavimenta\u00e7\u00f5es neste m\u00eas de abril em Petrolina - Blog do Farn\u00e9sio\" \/>\n<meta property=\"og:description\" content=\"Al\u00e9m do desenvolvimento estrutural para os bairros, as obras de pavimenta\u00e7\u00e3o est\u00e3o devolvendo a centenas de petrolinenses a autoestima e o sentimento de pertencimento pela comunidade em que vivem. Ap\u00f3s alcan\u00e7ar a marca de mais de 1 mil ruas entregues dentro do maior programa de pavimenta\u00e7\u00e3o do munic\u00edpio, a Prefeitura de Petrolina segue anunciando novos investimentos para continuar melhorando a vida de mais gente. Nas pr\u00f3ximas semanas, os moradores dos bairros Jardim Amazonas, KM 02, Vila dos Ing\u00e1s, S\u00e3o Gon\u00e7alo, Rio Claro, Alto do Cocar, Padre C\u00edcero, Loteamento Recife, Vila Eul\u00e1lia, entre outras comunidades, ser\u00e3o testemunhas do cuidado da gest\u00e3o municipal com a popula\u00e7\u00e3o da cidade. Os bairros est\u00e3o com obras em fase de sinaliza\u00e7\u00e3o e revis\u00e3o de acabamento, etapas&hellip;\" \/>\n<meta property=\"og:url\" content=\"https:\/\/blogdofarnesio.com.br\/?p=310071\" \/>\n<meta property=\"og:site_name\" content=\"Blog do Farn\u00e9sio\" \/>\n<meta property=\"article:publisher\" content=\"https:\/\/www.facebook.com\/BlogQuerSaberPolitica\/\" \/>\n<meta property=\"article:author\" content=\"https:\/\/www.facebook.com\/?ref=tn_tnmn\" \/>\n<meta property=\"article:published_time\" content=\"2022-04-04T12:43:03+00:00\" \/>\n<meta property=\"og:image\" content=\"https:\/\/blogdofarnesio.com.br\/wp-content\/uploads\/2021\/11\/blogqsppet-vice-Simao-3-e1637581312359.jpeg\" \/>\n\t<meta property=\"og:image:width\" content=\"624\" \/>\n\t<meta property=\"og:image:height\" content=\"390\" \/>\n\t<meta property=\"og:image:type\" content=\"image\/jpeg\" \/>\n<meta name=\"author\" content=\"Farn\u00e9sio\" \/>\n<meta name=\"twitter:card\" content=\"summary_large_image\" \/>\n<meta name=\"twitter:label1\" content=\"Escrito por\" \/>\n\t<meta name=\"twitter:data1\" content=\"Farn\u00e9sio\" \/>\n\t<meta name=\"twitter:label2\" content=\"Est. tempo de leitura\" \/>\n\t<meta name=\"twitter:data2\" content=\"2 minutos\" \/>\n<script type=\"application\/ld+json\" class=\"yoast-schema-graph\">{\"@context\":\"https:\\\/\\\/schema.org\",\"@graph\":[{\"@type\":\"Article\",\"@id\":\"https:\\\/\\\/blogdofarnesio.com.br\\\/?p=310071#article\",\"isPartOf\":{\"@id\":\"https:\\\/\\\/blogdofarnesio.com.br\\\/?p=310071\"},\"author\":{\"name\":\"Farn\u00e9sio\",\"@id\":\"https:\\\/\\\/blogdofarnesio.com.br\\\/#\\\/schema\\\/person\\\/bb9b23ae3ad0609ce8df7b6c9e76824d\"},\"headline\":\"Prefeito Sim\u00e3o anuncia novas pavimenta\u00e7\u00f5es neste m\u00eas de abril em Petrolina\",\"datePublished\":\"2022-04-04T12:43:03+00:00\",\"mainEntityOfPage\":{\"@id\":\"https:\\\/\\\/blogdofarnesio.com.br\\\/?p=310071\"},\"wordCount\":290,\"commentCount\":0,\"publisher\":{\"@id\":\"https:\\\/\\\/blogdofarnesio.com.br\\\/#organization\"},\"image\":{\"@id\":\"https:\\\/\\\/blogdofarnesio.com.br\\\/?p=310071#primaryimage\"},\"thumbnailUrl\":\"https:\\\/\\\/blogdofarnesio.com.br\\\/wp-content\\\/uploads\\\/2021\\\/11\\\/blogqsppet-vice-Simao-3-e1637581312359.jpeg\",\"articleSection\":[\"Administra\u00e7\u00e3o\"],\"inLanguage\":\"pt-BR\",\"potentialAction\":[{\"@type\":\"CommentAction\",\"name\":\"Comment\",\"target\":[\"https:\\\/\\\/blogdofarnesio.com.br\\\/?p=310071#respond\"]}]},{\"@type\":\"WebPage\",\"@id\":\"https:\\\/\\\/blogdofarnesio.com.br\\\/?p=310071\",\"url\":\"https:\\\/\\\/blogdofarnesio.com.br\\\/?p=310071\",\"name\":\"Prefeito Sim\u00e3o anuncia novas pavimenta\u00e7\u00f5es neste m\u00eas de abril em Petrolina - Blog do Farn\u00e9sio\",\"isPartOf\":{\"@id\":\"https:\\\/\\\/blogdofarnesio.com.br\\\/#website\"},\"primaryImageOfPage\":{\"@id\":\"https:\\\/\\\/blogdofarnesio.com.br\\\/?p=310071#primaryimage\"},\"image\":{\"@id\":\"https:\\\/\\\/blogdofarnesio.com.br\\\/?p=310071#primaryimage\"},\"thumbnailUrl\":\"https:\\\/\\\/blogdofarnesio.com.br\\\/wp-content\\\/uploads\\\/2021\\\/11\\\/blogqsppet-vice-Simao-3-e1637581312359.jpeg\",\"datePublished\":\"2022-04-04T12:43:03+00:00\",\"breadcrumb\":{\"@id\":\"https:\\\/\\\/blogdofarnesio.com.br\\\/?p=310071#breadcrumb\"},\"inLanguage\":\"pt-BR\",\"potentialAction\":[{\"@type\":\"ReadAction\",\"target\":[\"https:\\\/\\\/blogdofarnesio.com.br\\\/?p=310071\"]}]},{\"@type\":\"ImageObject\",\"inLanguage\":\"pt-BR\",\"@id\":\"https:\\\/\\\/blogdofarnesio.com.br\\\/?p=310071#primaryimage\",\"url\":\"https:\\\/\\\/blogdofarnesio.com.br\\\/wp-content\\\/uploads\\\/2021\\\/11\\\/blogqsppet-vice-Simao-3-e1637581312359.jpeg\",\"contentUrl\":\"https:\\\/\\\/blogdofarnesio.com.br\\\/wp-content\\\/uploads\\\/2021\\\/11\\\/blogqsppet-vice-Simao-3-e1637581312359.jpeg\",\"width\":624,\"height\":390},{\"@type\":\"BreadcrumbList\",\"@id\":\"https:\\\/\\\/blogdofarnesio.com.br\\\/?p=310071#breadcrumb\",\"itemListElement\":[{\"@type\":\"ListItem\",\"position\":1,\"name\":\"In\u00edcio\",\"item\":\"https:\\\/\\\/blogdofarnesio.com.br\\\/\"},{\"@type\":\"ListItem\",\"position\":2,\"name\":\"Prefeito Sim\u00e3o anuncia novas pavimenta\u00e7\u00f5es neste m\u00eas de abril em Petrolina\"}]},{\"@type\":\"WebSite\",\"@id\":\"https:\\\/\\\/blogdofarnesio.com.br\\\/#website\",\"url\":\"https:\\\/\\\/blogdofarnesio.com.br\\\/\",\"name\":\"Blog do Farn\u00e9sio\",\"description\":\"Quer Saber Pol\u00edtica?\",\"publisher\":{\"@id\":\"https:\\\/\\\/blogdofarnesio.com.br\\\/#organization\"},\"potentialAction\":[{\"@type\":\"SearchAction\",\"target\":{\"@type\":\"EntryPoint\",\"urlTemplate\":\"https:\\\/\\\/blogdofarnesio.com.br\\\/?s={search_term_string}\"},\"query-input\":{\"@type\":\"PropertyValueSpecification\",\"valueRequired\":true,\"valueName\":\"search_term_string\"}}],\"inLanguage\":\"pt-BR\"},{\"@type\":\"Organization\",\"@id\":\"https:\\\/\\\/blogdofarnesio.com.br\\\/#organization\",\"name\":\"Blog do Farn\u00e9sio\",\"url\":\"https:\\\/\\\/blogdofarnesio.com.br\\\/\",\"logo\":{\"@type\":\"ImageObject\",\"inLanguage\":\"pt-BR\",\"@id\":\"https:\\\/\\\/blogdofarnesio.com.br\\\/#\\\/schema\\\/logo\\\/image\\\/\",\"url\":\"https:\\\/\\\/blogdofarnesio.com.br\\\/wp-content\\\/uploads\\\/2026\\\/03\\\/cropped-logo_new-1.png\",\"contentUrl\":\"https:\\\/\\\/blogdofarnesio.com.br\\\/wp-content\\\/uploads\\\/2026\\\/03\\\/cropped-logo_new-1.png\",\"width\":881,\"height\":685,\"caption\":\"Blog do Farn\u00e9sio\"},\"image\":{\"@id\":\"https:\\\/\\\/blogdofarnesio.com.br\\\/#\\\/schema\\\/logo\\\/image\\\/\"},\"sameAs\":[\"https:\\\/\\\/www.facebook.com\\\/BlogQuerSaberPolitica\\\/\"]},{\"@type\":\"Person\",\"@id\":\"https:\\\/\\\/blogdofarnesio.com.br\\\/#\\\/schema\\\/person\\\/bb9b23ae3ad0609ce8df7b6c9e76824d\",\"name\":\"Farn\u00e9sio\",\"image\":{\"@type\":\"ImageObject\",\"inLanguage\":\"pt-BR\",\"@id\":\"https:\\\/\\\/secure.gravatar.com\\\/avatar\\\/986aa4c61ccdb66f8555bf88fc2a65609d00bcabd4d2d94377a727547345cbca?s=96&d=mm&r=g\",\"url\":\"https:\\\/\\\/secure.gravatar.com\\\/avatar\\\/986aa4c61ccdb66f8555bf88fc2a65609d00bcabd4d2d94377a727547345cbca?s=96&d=mm&r=g\",\"contentUrl\":\"https:\\\/\\\/secure.gravatar.com\\\/avatar\\\/986aa4c61ccdb66f8555bf88fc2a65609d00bcabd4d2d94377a727547345cbca?s=96&d=mm&r=g\",\"caption\":\"Farn\u00e9sio\"},\"description\":\"Radialista blogueiro, chegou a Petrolina\\\/Juazeiro em setembro de 1980, Farn\u00e9sio Silva \u00e9 de Arapiraca-Alagoas.\",\"sameAs\":[\"http:\\\/\\\/blogdofarnesio.com.br\",\"https:\\\/\\\/www.facebook.com\\\/?ref=tn_tnmn\",\"https:\\\/\\\/www.instagram.com\\\/?utm_source=pwa_homescreen\",\"https:\\\/\\\/youtube.com.br\\\/\"],\"url\":\"https:\\\/\\\/blogdofarnesio.com.br\\\/?author=2\"}]}<\/script>\n<!-- \/ Yoast SEO plugin. -->","yoast_head_json":{"title":"Prefeito Sim\u00e3o anuncia novas pavimenta\u00e7\u00f5es neste m\u00eas de abril em Petrolina - Blog do Farn\u00e9sio","robots":{"index":"index","follow":"follow","max-snippet":"max-snippet:-1","max-image-preview":"max-image-preview:large","max-video-preview":"max-video-preview:-1"},"canonical":"https:\/\/blogdofarnesio.com.br\/?p=310071","og_locale":"pt_BR","og_type":"article","og_title":"Prefeito Sim\u00e3o anuncia novas pavimenta\u00e7\u00f5es neste m\u00eas de abril em Petrolina - Blog do Farn\u00e9sio","og_description":"Al\u00e9m do desenvolvimento estrutural para os bairros, as obras de pavimenta\u00e7\u00e3o est\u00e3o devolvendo a centenas de petrolinenses a autoestima e o sentimento de pertencimento pela comunidade em que vivem. Ap\u00f3s alcan\u00e7ar a marca de mais de 1 mil ruas entregues dentro do maior programa de pavimenta\u00e7\u00e3o do munic\u00edpio, a Prefeitura de Petrolina segue anunciando novos investimentos para continuar melhorando a vida de mais gente. Nas pr\u00f3ximas semanas, os moradores dos bairros Jardim Amazonas, KM 02, Vila dos Ing\u00e1s, S\u00e3o Gon\u00e7alo, Rio Claro, Alto do Cocar, Padre C\u00edcero, Loteamento Recife, Vila Eul\u00e1lia, entre outras comunidades, ser\u00e3o testemunhas do cuidado da gest\u00e3o municipal com a popula\u00e7\u00e3o da cidade. Os bairros est\u00e3o com obras em fase de sinaliza\u00e7\u00e3o e revis\u00e3o de acabamento, etapas&hellip;","og_url":"https:\/\/blogdofarnesio.com.br\/?p=310071","og_site_name":"Blog do Farn\u00e9sio","article_publisher":"https:\/\/www.facebook.com\/BlogQuerSaberPolitica\/","article_author":"https:\/\/www.facebook.com\/?ref=tn_tnmn","article_published_time":"2022-04-04T12:43:03+00:00","og_image":[{"width":624,"height":390,"url":"https:\/\/blogdofarnesio.com.br\/wp-content\/uploads\/2021\/11\/blogqsppet-vice-Simao-3-e1637581312359.jpeg","type":"image\/jpeg"}],"author":"Farn\u00e9sio","twitter_card":"summary_large_image","twitter_misc":{"Escrito por":"Farn\u00e9sio","Est. tempo de leitura":"2 minutos"},"schema":{"@context":"https:\/\/schema.org","@graph":[{"@type":"Article","@id":"https:\/\/blogdofarnesio.com.br\/?p=310071#article","isPartOf":{"@id":"https:\/\/blogdofarnesio.com.br\/?p=310071"},"author":{"name":"Farn\u00e9sio","@id":"https:\/\/blogdofarnesio.com.br\/#\/schema\/person\/bb9b23ae3ad0609ce8df7b6c9e76824d"},"headline":"Prefeito Sim\u00e3o anuncia novas pavimenta\u00e7\u00f5es neste m\u00eas de abril em Petrolina","datePublished":"2022-04-04T12:43:03+00:00","mainEntityOfPage":{"@id":"https:\/\/blogdofarnesio.com.br\/?p=310071"},"wordCount":290,"commentCount":0,"publisher":{"@id":"https:\/\/blogdofarnesio.com.br\/#organization"},"image":{"@id":"https:\/\/blogdofarnesio.com.br\/?p=310071#primaryimage"},"thumbnailUrl":"https:\/\/blogdofarnesio.com.br\/wp-content\/uploads\/2021\/11\/blogqsppet-vice-Simao-3-e1637581312359.jpeg","articleSection":["Administra\u00e7\u00e3o"],"inLanguage":"pt-BR","potentialAction":[{"@type":"CommentAction","name":"Comment","target":["https:\/\/blogdofarnesio.com.br\/?p=310071#respond"]}]},{"@type":"WebPage","@id":"https:\/\/blogdofarnesio.com.br\/?p=310071","url":"https:\/\/blogdofarnesio.com.br\/?p=310071","name":"Prefeito Sim\u00e3o anuncia novas pavimenta\u00e7\u00f5es neste m\u00eas de abril em Petrolina - Blog do Farn\u00e9sio","isPartOf":{"@id":"https:\/\/blogdofarnesio.com.br\/#website"},"primaryImageOfPage":{"@id":"https:\/\/blogdofarnesio.com.br\/?p=310071#primaryimage"},"image":{"@id":"https:\/\/blogdofarnesio.com.br\/?p=310071#primaryimage"},"thumbnailUrl":"https:\/\/blogdofarnesio.com.br\/wp-content\/uploads\/2021\/11\/blogqsppet-vice-Simao-3-e1637581312359.jpeg","datePublished":"2022-04-04T12:43:03+00:00","breadcrumb":{"@id":"https:\/\/blogdofarnesio.com.br\/?p=310071#breadcrumb"},"inLanguage":"pt-BR","potentialAction":[{"@type":"ReadAction","target":["https:\/\/blogdofarnesio.com.br\/?p=310071"]}]},{"@type":"ImageObject","inLanguage":"pt-BR","@id":"https:\/\/blogdofarnesio.com.br\/?p=310071#primaryimage","url":"https:\/\/blogdofarnesio.com.br\/wp-content\/uploads\/2021\/11\/blogqsppet-vice-Simao-3-e1637581312359.jpeg","contentUrl":"https:\/\/blogdofarnesio.com.br\/wp-content\/uploads\/2021\/11\/blogqsppet-vice-Simao-3-e1637581312359.jpeg","width":624,"height":390},{"@type":"BreadcrumbList","@id":"https:\/\/blogdofarnesio.com.br\/?p=310071#breadcrumb","itemListElement":[{"@type":"ListItem","position":1,"name":"In\u00edcio","item":"https:\/\/blogdofarnesio.com.br\/"},{"@type":"ListItem","position":2,"name":"Prefeito Sim\u00e3o anuncia novas pavimenta\u00e7\u00f5es neste m\u00eas de abril em Petrolina"}]},{"@type":"WebSite","@id":"https:\/\/blogdofarnesio.com.br\/#website","url":"https:\/\/blogdofarnesio.com.br\/","name":"Blog do Farn\u00e9sio","description":"Quer Saber Pol\u00edtica?","publisher":{"@id":"https:\/\/blogdofarnesio.com.br\/#organization"},"potentialAction":[{"@type":"SearchAction","target":{"@type":"EntryPoint","urlTemplate":"https:\/\/blogdofarnesio.com.br\/?s={search_term_string}"},"query-input":{"@type":"PropertyValueSpecification","valueRequired":true,"valueName":"search_term_string"}}],"inLanguage":"pt-BR"},{"@type":"Organization","@id":"https:\/\/blogdofarnesio.com.br\/#organization","name":"Blog do Farn\u00e9sio","url":"https:\/\/blogdofarnesio.com.br\/","logo":{"@type":"ImageObject","inLanguage":"pt-BR","@id":"https:\/\/blogdofarnesio.com.br\/#\/schema\/logo\/image\/","url":"https:\/\/blogdofarnesio.com.br\/wp-content\/uploads\/2026\/03\/cropped-logo_new-1.png","contentUrl":"https:\/\/blogdofarnesio.com.br\/wp-content\/uploads\/2026\/03\/cropped-logo_new-1.png","width":881,"height":685,"caption":"Blog do Farn\u00e9sio"},"image":{"@id":"https:\/\/blogdofarnesio.com.br\/#\/schema\/logo\/image\/"},"sameAs":["https:\/\/www.facebook.com\/BlogQuerSaberPolitica\/"]},{"@type":"Person","@id":"https:\/\/blogdofarnesio.com.br\/#\/schema\/person\/bb9b23ae3ad0609ce8df7b6c9e76824d","name":"Farn\u00e9sio","image":{"@type":"ImageObject","inLanguage":"pt-BR","@id":"https:\/\/secure.gravatar.com\/avatar\/986aa4c61ccdb66f8555bf88fc2a65609d00bcabd4d2d94377a727547345cbca?s=96&d=mm&r=g","url":"https:\/\/secure.gravatar.com\/avatar\/986aa4c61ccdb66f8555bf88fc2a65609d00bcabd4d2d94377a727547345cbca?s=96&d=mm&r=g","contentUrl":"https:\/\/secure.gravatar.com\/avatar\/986aa4c61ccdb66f8555bf88fc2a65609d00bcabd4d2d94377a727547345cbca?s=96&d=mm&r=g","caption":"Farn\u00e9sio"},"description":"Radialista blogueiro, chegou a Petrolina\/Juazeiro em setembro de 1980, Farn\u00e9sio Silva \u00e9 de Arapiraca-Alagoas.","sameAs":["http:\/\/blogdofarnesio.com.br","https:\/\/www.facebook.com\/?ref=tn_tnmn","https:\/\/www.instagram.com\/?utm_source=pwa_homescreen","https:\/\/youtube.com.br\/"],"url":"https:\/\/blogdofarnesio.com.br\/?author=2"}]}},"_links":{"self":[{"href":"https:\/\/blogdofarnesio.com.br\/index.php?rest_route=\/wp\/v2\/posts\/310071","targetHints":{"allow":["GET"]}}],"collection":[{"href":"https:\/\/blogdofarnesio.com.br\/index.php?rest_route=\/wp\/v2\/posts"}],"about":[{"href":"https:\/\/blogdofarnesio.com.br\/index.php?rest_route=\/wp\/v2\/types\/post"}],"author":[{"embeddable":true,"href":"https:\/\/blogdofarnesio.com.br\/index.php?rest_route=\/wp\/v2\/users\/2"}],"replies":[{"embeddable":true,"href":"https:\/\/blogdofarnesio.com.br\/index.php?rest_route=%2Fwp%2Fv2%2Fcomments&post=310071"}],"version-history":[{"count":0,"href":"https:\/\/blogdofarnesio.com.br\/index.php?rest_route=\/wp\/v2\/posts\/310071\/revisions"}],"wp:featuredmedia":[{"embeddable":true,"href":"https:\/\/blogdofarnesio.com.br\/index.php?rest_route=\/wp\/v2\/media\/300609"}],"wp:attachment":[{"href":"https:\/\/blogdofarnesio.com.br\/index.php?rest_route=%2Fwp%2Fv2%2Fmedia&parent=310071"}],"wp:term":[{"taxonomy":"category","embeddable":true,"href":"https:\/\/blogdofarnesio.com.br\/index.php?rest_route=%2Fwp%2Fv2%2Fcategories&post=310071"},{"taxonomy":"post_tag","embeddable":true,"href":"https:\/\/blogdofarnesio.com.br\/index.php?rest_route=%2Fwp%2Fv2%2Ftags&post=310071"}],"curies":[{"name":"wp","href":"https:\/\/api.w.org\/{rel}","templated":true}]}}