{"id":310054,"date":"2022-04-04T08:23:52","date_gmt":"2022-04-04T11:23:52","guid":{"rendered":"https:\/\/blogdofarnesio.com.br\/?p=310054"},"modified":"2022-04-01T17:00:18","modified_gmt":"2022-04-01T20:00:18","slug":"univasf-lanca-edital-de-selecao-simplificada-para-professor-substituto","status":"publish","type":"post","link":"https:\/\/blogdofarnesio.com.br\/?p=310054","title":{"rendered":"Univasf lan\u00e7a edital de sele\u00e7\u00e3o simplificada para professor substituto"},"content":{"rendered":"<h1 class=\"documentFirstHeading\"><span style=\"font-size: 16px;\">Renata Freitas &#8211;\u00a0<\/span><\/h1>\n<div class=\"newsLeftPane\">A Universidade Federal do Vale do S\u00e3o Francisco (Univasf) realiza processo de sele\u00e7\u00e3o p\u00fablica simplificada para professor substituto. A sele\u00e7\u00e3o visa \u00e0 forma\u00e7\u00e3o de cadastro reserva para atua\u00e7\u00e3o em 18 \u00e1reas do conhecimento de diversos cursos de gradua\u00e7\u00e3o ofertados nos campi localizados em Petrolina, Salgueiro (PE), Juazeiro, Senhor do Bonfim e Paulo Afonso (BA) e S\u00e3o Raimundo Nonato (PI). As inscri\u00e7\u00f5es est\u00e3o abertas a partir das 14h desta sexta-feira (1\u00ba) e podem ser realizadas at\u00e9 as 18h do dia 7 de abril.<\/div>\n<div>\n<p>Os interessados devem se inscrever pelo site de\u00a0<a title=\"\" href=\"https:\/\/www.sistemas.univasf.edu.br\/concurso\/\" target=\"_blank\" rel=\"noopener\">Concursos<\/a>\u00a0da Univasf, onde est\u00e1 dispon\u00edvel o Edital N\u00ba 5\/2022, que regula o processo seletivo. O valor da inscri\u00e7\u00e3o varia de R$ 45,00 a R$ 80,00. Os candidatos que preencherem os requisitos estabelecidos no edital podem solicitar a isen\u00e7\u00e3o da taxa de inscri\u00e7\u00e3o at\u00e9 as 14h da pr\u00f3xima segunda-feira (4). O vencimento b\u00e1sico do professor substituto n\u00edvel 1 da Classe A \u00e9 R$ 2.236,32, para carga hor\u00e1ria de 20 horas semanais; e R$ 3.130,85, para carga hor\u00e1ria de 40 horas.<\/p>\n<p>A sele\u00e7\u00e3o ser\u00e1 composta por duas etapas: prova did\u00e1tica e exame de t\u00edtulos. A prova did\u00e1tica ocorrer\u00e1 por meio de plataforma virtual, que ser\u00e1 divulgada posteriormente, e ter\u00e1 car\u00e1ter s\u00edncrono. O sorteio do ponto da prova did\u00e1tica ser\u00e1 realizado remotamente em datas que variam segundo as \u00e1reas de conhecimento. A prova de aptid\u00e3o did\u00e1tica\u00a0ser\u00e1 realizada\u00a0a partir de\u00a029 de\u00a0abril,\u00a0conforme as\u00a0\u00e1reas da sele\u00e7\u00e3o\u00a0e\u00a0respeitando o intervalo de 24 horas do sorteio do ponto, como consta no edital.\u00a0Mais informa\u00e7\u00f5es sobre a sele\u00e7\u00e3o simplificada est\u00e3o dispon\u00edveis no Edital N\u00ba 5\/2022, no site de\u00a0<a title=\"\" href=\"https:\/\/www.sistemas.univasf.edu.br\/concurso\/\" target=\"_blank\" rel=\"noopener\">Concursos<\/a>\u00a0da Univasf.<\/p>\n<p>\u00c1reas de conhecimento:<\/p>\n<p>Bases Morfofisiol\u00f3gicas e Processo Sa\u00fade Doen\u00e7a<\/p>\n<p>Ci\u00eancia do Solo<\/p>\n<p>Ci\u00eancia Pol\u00edtica<\/p>\n<p>Ecologia<\/p>\n<p>Economia \/ Gest\u00e3o Econ\u00f4mica<\/p>\n<p>Educa\u00e7\u00e3o e Interven\u00e7\u00e3o Social<\/p>\n<p>Ensino de Biologia<\/p>\n<p>Estrat\u00e9gia e Organiza\u00e7\u00f5es<\/p>\n<p>Evolu\u00e7\u00e3o, Biodiversidade e Ecologia<\/p>\n<p>Farm\u00e1cia Social, Deontologia, Farm\u00e1cia Hospitalar<\/p>\n<p>F\u00edsica e Matem\u00e1tica<\/p>\n<p>Medicina de Fam\u00edlia e Comunidade &#8211; Assist\u00eancia integral \u00e0 sa\u00fade no contexto familiar<\/p>\n<p>Planejamento, Execu\u00e7\u00e3o e Controle da Constru\u00e7\u00e3o<\/p>\n<p>Produ\u00e7\u00e3o de Pequenos Ruminantes<\/p>\n<p>Psicologia Social e Comunit\u00e1ria<\/p>\n<p>Qu\u00edmica Org\u00e2nica<\/p>\n<p>Sa\u00fade do Adulto e do Idoso\/Paciente Cr\u00edtico<\/p>\n<p>Semiologia<\/p>\n<\/div>\n","protected":false},"excerpt":{"rendered":"<p>Renata Freitas &#8211;\u00a0 A Universidade Federal do Vale do S\u00e3o Francisco (Univasf) realiza processo de sele\u00e7\u00e3o p\u00fablica simplificada para professor substituto. A sele\u00e7\u00e3o visa \u00e0 forma\u00e7\u00e3o de cadastro reserva para atua\u00e7\u00e3o em 18 \u00e1reas do conhecimento de diversos cursos de gradua\u00e7\u00e3o ofertados nos campi localizados em Petrolina, Salgueiro (PE), Juazeiro, Senhor do Bonfim e Paulo Afonso (BA) e S\u00e3o Raimundo Nonato (PI). As inscri\u00e7\u00f5es est\u00e3o abertas a partir das 14h desta sexta-feira (1\u00ba) e podem ser realizadas at\u00e9 as 18h do dia 7 de abril. Os interessados devem se inscrever pelo site de\u00a0Concursos\u00a0da Univasf, onde est\u00e1 dispon\u00edvel o Edital N\u00ba 5\/2022, que regula o processo seletivo. O valor da inscri\u00e7\u00e3o varia de R$ 45,00 a R$ 80,00. Os candidatos que&hellip; <\/p>\n","protected":false},"author":2,"featured_media":310055,"comment_status":"open","ping_status":"open","sticky":false,"template":"","format":"standard","meta":{"_acf_changed":false,"footnotes":""},"categories":[31],"tags":[],"class_list":["post-310054","post","type-post","status-publish","format-standard","has-post-thumbnail","hentry","category-concursos"],"acf":[],"yoast_head":"<!-- This site is optimized with the Yoast SEO plugin v27.4 - https:\/\/yoast.com\/product\/yoast-seo-wordpress\/ -->\n<title>Univasf lan\u00e7a edital de sele\u00e7\u00e3o simplificada para professor substituto - Blog do Farn\u00e9sio<\/title>\n<meta name=\"robots\" content=\"index, follow, max-snippet:-1, max-image-preview:large, max-video-preview:-1\" \/>\n<link rel=\"canonical\" href=\"https:\/\/blogdofarnesio.com.br\/?p=310054\" \/>\n<meta property=\"og:locale\" content=\"pt_BR\" \/>\n<meta property=\"og:type\" content=\"article\" \/>\n<meta property=\"og:title\" content=\"Univasf lan\u00e7a edital de sele\u00e7\u00e3o simplificada para professor substituto - Blog do Farn\u00e9sio\" \/>\n<meta property=\"og:description\" content=\"Renata Freitas &#8211;\u00a0 A Universidade Federal do Vale do S\u00e3o Francisco (Univasf) realiza processo de sele\u00e7\u00e3o p\u00fablica simplificada para professor substituto. A sele\u00e7\u00e3o visa \u00e0 forma\u00e7\u00e3o de cadastro reserva para atua\u00e7\u00e3o em 18 \u00e1reas do conhecimento de diversos cursos de gradua\u00e7\u00e3o ofertados nos campi localizados em Petrolina, Salgueiro (PE), Juazeiro, Senhor do Bonfim e Paulo Afonso (BA) e S\u00e3o Raimundo Nonato (PI). As inscri\u00e7\u00f5es est\u00e3o abertas a partir das 14h desta sexta-feira (1\u00ba) e podem ser realizadas at\u00e9 as 18h do dia 7 de abril. Os interessados devem se inscrever pelo site de\u00a0Concursos\u00a0da Univasf, onde est\u00e1 dispon\u00edvel o Edital N\u00ba 5\/2022, que regula o processo seletivo. O valor da inscri\u00e7\u00e3o varia de R$ 45,00 a R$ 80,00. Os candidatos que&hellip;\" \/>\n<meta property=\"og:url\" content=\"https:\/\/blogdofarnesio.com.br\/?p=310054\" \/>\n<meta property=\"og:site_name\" content=\"Blog do Farn\u00e9sio\" \/>\n<meta property=\"article:publisher\" content=\"https:\/\/www.facebook.com\/BlogQuerSaberPolitica\/\" \/>\n<meta property=\"article:author\" content=\"https:\/\/www.facebook.com\/?ref=tn_tnmn\" \/>\n<meta property=\"article:published_time\" content=\"2022-04-04T11:23:52+00:00\" \/>\n<meta property=\"og:image\" content=\"https:\/\/blogdofarnesio.com.br\/wp-content\/uploads\/2022\/04\/blogqspunivasf-selecao-paraProfessorSubstituto1-e1648843164519.jpg\" \/>\n\t<meta property=\"og:image:width\" content=\"680\" \/>\n\t<meta property=\"og:image:height\" content=\"440\" \/>\n\t<meta property=\"og:image:type\" content=\"image\/jpeg\" \/>\n<meta name=\"author\" content=\"Farn\u00e9sio\" \/>\n<meta name=\"twitter:card\" content=\"summary_large_image\" \/>\n<meta name=\"twitter:label1\" content=\"Escrito por\" \/>\n\t<meta name=\"twitter:data1\" content=\"Farn\u00e9sio\" \/>\n\t<meta name=\"twitter:label2\" content=\"Est. tempo de leitura\" \/>\n\t<meta name=\"twitter:data2\" content=\"2 minutos\" \/>\n<script type=\"application\/ld+json\" class=\"yoast-schema-graph\">{\"@context\":\"https:\\\/\\\/schema.org\",\"@graph\":[{\"@type\":\"Article\",\"@id\":\"https:\\\/\\\/blogdofarnesio.com.br\\\/?p=310054#article\",\"isPartOf\":{\"@id\":\"https:\\\/\\\/blogdofarnesio.com.br\\\/?p=310054\"},\"author\":{\"name\":\"Farn\u00e9sio\",\"@id\":\"https:\\\/\\\/blogdofarnesio.com.br\\\/#\\\/schema\\\/person\\\/bb9b23ae3ad0609ce8df7b6c9e76824d\"},\"headline\":\"Univasf lan\u00e7a edital de sele\u00e7\u00e3o simplificada para professor substituto\",\"datePublished\":\"2022-04-04T11:23:52+00:00\",\"mainEntityOfPage\":{\"@id\":\"https:\\\/\\\/blogdofarnesio.com.br\\\/?p=310054\"},\"wordCount\":405,\"commentCount\":0,\"publisher\":{\"@id\":\"https:\\\/\\\/blogdofarnesio.com.br\\\/#organization\"},\"image\":{\"@id\":\"https:\\\/\\\/blogdofarnesio.com.br\\\/?p=310054#primaryimage\"},\"thumbnailUrl\":\"https:\\\/\\\/blogdofarnesio.com.br\\\/wp-content\\\/uploads\\\/2022\\\/04\\\/blogqspunivasf-selecao-paraProfessorSubstituto1-e1648843164519.jpg\",\"articleSection\":[\"Concursos\"],\"inLanguage\":\"pt-BR\",\"potentialAction\":[{\"@type\":\"CommentAction\",\"name\":\"Comment\",\"target\":[\"https:\\\/\\\/blogdofarnesio.com.br\\\/?p=310054#respond\"]}]},{\"@type\":\"WebPage\",\"@id\":\"https:\\\/\\\/blogdofarnesio.com.br\\\/?p=310054\",\"url\":\"https:\\\/\\\/blogdofarnesio.com.br\\\/?p=310054\",\"name\":\"Univasf lan\u00e7a edital de sele\u00e7\u00e3o simplificada para professor substituto - Blog do Farn\u00e9sio\",\"isPartOf\":{\"@id\":\"https:\\\/\\\/blogdofarnesio.com.br\\\/#website\"},\"primaryImageOfPage\":{\"@id\":\"https:\\\/\\\/blogdofarnesio.com.br\\\/?p=310054#primaryimage\"},\"image\":{\"@id\":\"https:\\\/\\\/blogdofarnesio.com.br\\\/?p=310054#primaryimage\"},\"thumbnailUrl\":\"https:\\\/\\\/blogdofarnesio.com.br\\\/wp-content\\\/uploads\\\/2022\\\/04\\\/blogqspunivasf-selecao-paraProfessorSubstituto1-e1648843164519.jpg\",\"datePublished\":\"2022-04-04T11:23:52+00:00\",\"breadcrumb\":{\"@id\":\"https:\\\/\\\/blogdofarnesio.com.br\\\/?p=310054#breadcrumb\"},\"inLanguage\":\"pt-BR\",\"potentialAction\":[{\"@type\":\"ReadAction\",\"target\":[\"https:\\\/\\\/blogdofarnesio.com.br\\\/?p=310054\"]}]},{\"@type\":\"ImageObject\",\"inLanguage\":\"pt-BR\",\"@id\":\"https:\\\/\\\/blogdofarnesio.com.br\\\/?p=310054#primaryimage\",\"url\":\"https:\\\/\\\/blogdofarnesio.com.br\\\/wp-content\\\/uploads\\\/2022\\\/04\\\/blogqspunivasf-selecao-paraProfessorSubstituto1-e1648843164519.jpg\",\"contentUrl\":\"https:\\\/\\\/blogdofarnesio.com.br\\\/wp-content\\\/uploads\\\/2022\\\/04\\\/blogqspunivasf-selecao-paraProfessorSubstituto1-e1648843164519.jpg\",\"width\":680,\"height\":440},{\"@type\":\"BreadcrumbList\",\"@id\":\"https:\\\/\\\/blogdofarnesio.com.br\\\/?p=310054#breadcrumb\",\"itemListElement\":[{\"@type\":\"ListItem\",\"position\":1,\"name\":\"In\u00edcio\",\"item\":\"https:\\\/\\\/blogdofarnesio.com.br\\\/\"},{\"@type\":\"ListItem\",\"position\":2,\"name\":\"Univasf lan\u00e7a edital de sele\u00e7\u00e3o simplificada para professor substituto\"}]},{\"@type\":\"WebSite\",\"@id\":\"https:\\\/\\\/blogdofarnesio.com.br\\\/#website\",\"url\":\"https:\\\/\\\/blogdofarnesio.com.br\\\/\",\"name\":\"Blog do Farn\u00e9sio\",\"description\":\"Quer Saber Pol\u00edtica?\",\"publisher\":{\"@id\":\"https:\\\/\\\/blogdofarnesio.com.br\\\/#organization\"},\"potentialAction\":[{\"@type\":\"SearchAction\",\"target\":{\"@type\":\"EntryPoint\",\"urlTemplate\":\"https:\\\/\\\/blogdofarnesio.com.br\\\/?s={search_term_string}\"},\"query-input\":{\"@type\":\"PropertyValueSpecification\",\"valueRequired\":true,\"valueName\":\"search_term_string\"}}],\"inLanguage\":\"pt-BR\"},{\"@type\":\"Organization\",\"@id\":\"https:\\\/\\\/blogdofarnesio.com.br\\\/#organization\",\"name\":\"Blog do Farn\u00e9sio\",\"url\":\"https:\\\/\\\/blogdofarnesio.com.br\\\/\",\"logo\":{\"@type\":\"ImageObject\",\"inLanguage\":\"pt-BR\",\"@id\":\"https:\\\/\\\/blogdofarnesio.com.br\\\/#\\\/schema\\\/logo\\\/image\\\/\",\"url\":\"https:\\\/\\\/blogdofarnesio.com.br\\\/wp-content\\\/uploads\\\/2026\\\/03\\\/cropped-logo_new-1.png\",\"contentUrl\":\"https:\\\/\\\/blogdofarnesio.com.br\\\/wp-content\\\/uploads\\\/2026\\\/03\\\/cropped-logo_new-1.png\",\"width\":881,\"height\":685,\"caption\":\"Blog do Farn\u00e9sio\"},\"image\":{\"@id\":\"https:\\\/\\\/blogdofarnesio.com.br\\\/#\\\/schema\\\/logo\\\/image\\\/\"},\"sameAs\":[\"https:\\\/\\\/www.facebook.com\\\/BlogQuerSaberPolitica\\\/\"]},{\"@type\":\"Person\",\"@id\":\"https:\\\/\\\/blogdofarnesio.com.br\\\/#\\\/schema\\\/person\\\/bb9b23ae3ad0609ce8df7b6c9e76824d\",\"name\":\"Farn\u00e9sio\",\"image\":{\"@type\":\"ImageObject\",\"inLanguage\":\"pt-BR\",\"@id\":\"https:\\\/\\\/secure.gravatar.com\\\/avatar\\\/986aa4c61ccdb66f8555bf88fc2a65609d00bcabd4d2d94377a727547345cbca?s=96&d=mm&r=g\",\"url\":\"https:\\\/\\\/secure.gravatar.com\\\/avatar\\\/986aa4c61ccdb66f8555bf88fc2a65609d00bcabd4d2d94377a727547345cbca?s=96&d=mm&r=g\",\"contentUrl\":\"https:\\\/\\\/secure.gravatar.com\\\/avatar\\\/986aa4c61ccdb66f8555bf88fc2a65609d00bcabd4d2d94377a727547345cbca?s=96&d=mm&r=g\",\"caption\":\"Farn\u00e9sio\"},\"description\":\"Radialista blogueiro, chegou a Petrolina\\\/Juazeiro em setembro de 1980, Farn\u00e9sio Silva \u00e9 de Arapiraca-Alagoas.\",\"sameAs\":[\"http:\\\/\\\/blogdofarnesio.com.br\",\"https:\\\/\\\/www.facebook.com\\\/?ref=tn_tnmn\",\"https:\\\/\\\/www.instagram.com\\\/?utm_source=pwa_homescreen\",\"https:\\\/\\\/youtube.com.br\\\/\"],\"url\":\"https:\\\/\\\/blogdofarnesio.com.br\\\/?author=2\"}]}<\/script>\n<!-- \/ Yoast SEO plugin. -->","yoast_head_json":{"title":"Univasf lan\u00e7a edital de sele\u00e7\u00e3o simplificada para professor substituto - Blog do Farn\u00e9sio","robots":{"index":"index","follow":"follow","max-snippet":"max-snippet:-1","max-image-preview":"max-image-preview:large","max-video-preview":"max-video-preview:-1"},"canonical":"https:\/\/blogdofarnesio.com.br\/?p=310054","og_locale":"pt_BR","og_type":"article","og_title":"Univasf lan\u00e7a edital de sele\u00e7\u00e3o simplificada para professor substituto - Blog do Farn\u00e9sio","og_description":"Renata Freitas &#8211;\u00a0 A Universidade Federal do Vale do S\u00e3o Francisco (Univasf) realiza processo de sele\u00e7\u00e3o p\u00fablica simplificada para professor substituto. A sele\u00e7\u00e3o visa \u00e0 forma\u00e7\u00e3o de cadastro reserva para atua\u00e7\u00e3o em 18 \u00e1reas do conhecimento de diversos cursos de gradua\u00e7\u00e3o ofertados nos campi localizados em Petrolina, Salgueiro (PE), Juazeiro, Senhor do Bonfim e Paulo Afonso (BA) e S\u00e3o Raimundo Nonato (PI). As inscri\u00e7\u00f5es est\u00e3o abertas a partir das 14h desta sexta-feira (1\u00ba) e podem ser realizadas at\u00e9 as 18h do dia 7 de abril. Os interessados devem se inscrever pelo site de\u00a0Concursos\u00a0da Univasf, onde est\u00e1 dispon\u00edvel o Edital N\u00ba 5\/2022, que regula o processo seletivo. O valor da inscri\u00e7\u00e3o varia de R$ 45,00 a R$ 80,00. Os candidatos que&hellip;","og_url":"https:\/\/blogdofarnesio.com.br\/?p=310054","og_site_name":"Blog do Farn\u00e9sio","article_publisher":"https:\/\/www.facebook.com\/BlogQuerSaberPolitica\/","article_author":"https:\/\/www.facebook.com\/?ref=tn_tnmn","article_published_time":"2022-04-04T11:23:52+00:00","og_image":[{"width":680,"height":440,"url":"https:\/\/blogdofarnesio.com.br\/wp-content\/uploads\/2022\/04\/blogqspunivasf-selecao-paraProfessorSubstituto1-e1648843164519.jpg","type":"image\/jpeg"}],"author":"Farn\u00e9sio","twitter_card":"summary_large_image","twitter_misc":{"Escrito por":"Farn\u00e9sio","Est. tempo de leitura":"2 minutos"},"schema":{"@context":"https:\/\/schema.org","@graph":[{"@type":"Article","@id":"https:\/\/blogdofarnesio.com.br\/?p=310054#article","isPartOf":{"@id":"https:\/\/blogdofarnesio.com.br\/?p=310054"},"author":{"name":"Farn\u00e9sio","@id":"https:\/\/blogdofarnesio.com.br\/#\/schema\/person\/bb9b23ae3ad0609ce8df7b6c9e76824d"},"headline":"Univasf lan\u00e7a edital de sele\u00e7\u00e3o simplificada para professor substituto","datePublished":"2022-04-04T11:23:52+00:00","mainEntityOfPage":{"@id":"https:\/\/blogdofarnesio.com.br\/?p=310054"},"wordCount":405,"commentCount":0,"publisher":{"@id":"https:\/\/blogdofarnesio.com.br\/#organization"},"image":{"@id":"https:\/\/blogdofarnesio.com.br\/?p=310054#primaryimage"},"thumbnailUrl":"https:\/\/blogdofarnesio.com.br\/wp-content\/uploads\/2022\/04\/blogqspunivasf-selecao-paraProfessorSubstituto1-e1648843164519.jpg","articleSection":["Concursos"],"inLanguage":"pt-BR","potentialAction":[{"@type":"CommentAction","name":"Comment","target":["https:\/\/blogdofarnesio.com.br\/?p=310054#respond"]}]},{"@type":"WebPage","@id":"https:\/\/blogdofarnesio.com.br\/?p=310054","url":"https:\/\/blogdofarnesio.com.br\/?p=310054","name":"Univasf lan\u00e7a edital de sele\u00e7\u00e3o simplificada para professor substituto - Blog do Farn\u00e9sio","isPartOf":{"@id":"https:\/\/blogdofarnesio.com.br\/#website"},"primaryImageOfPage":{"@id":"https:\/\/blogdofarnesio.com.br\/?p=310054#primaryimage"},"image":{"@id":"https:\/\/blogdofarnesio.com.br\/?p=310054#primaryimage"},"thumbnailUrl":"https:\/\/blogdofarnesio.com.br\/wp-content\/uploads\/2022\/04\/blogqspunivasf-selecao-paraProfessorSubstituto1-e1648843164519.jpg","datePublished":"2022-04-04T11:23:52+00:00","breadcrumb":{"@id":"https:\/\/blogdofarnesio.com.br\/?p=310054#breadcrumb"},"inLanguage":"pt-BR","potentialAction":[{"@type":"ReadAction","target":["https:\/\/blogdofarnesio.com.br\/?p=310054"]}]},{"@type":"ImageObject","inLanguage":"pt-BR","@id":"https:\/\/blogdofarnesio.com.br\/?p=310054#primaryimage","url":"https:\/\/blogdofarnesio.com.br\/wp-content\/uploads\/2022\/04\/blogqspunivasf-selecao-paraProfessorSubstituto1-e1648843164519.jpg","contentUrl":"https:\/\/blogdofarnesio.com.br\/wp-content\/uploads\/2022\/04\/blogqspunivasf-selecao-paraProfessorSubstituto1-e1648843164519.jpg","width":680,"height":440},{"@type":"BreadcrumbList","@id":"https:\/\/blogdofarnesio.com.br\/?p=310054#breadcrumb","itemListElement":[{"@type":"ListItem","position":1,"name":"In\u00edcio","item":"https:\/\/blogdofarnesio.com.br\/"},{"@type":"ListItem","position":2,"name":"Univasf lan\u00e7a edital de sele\u00e7\u00e3o simplificada para professor substituto"}]},{"@type":"WebSite","@id":"https:\/\/blogdofarnesio.com.br\/#website","url":"https:\/\/blogdofarnesio.com.br\/","name":"Blog do Farn\u00e9sio","description":"Quer Saber Pol\u00edtica?","publisher":{"@id":"https:\/\/blogdofarnesio.com.br\/#organization"},"potentialAction":[{"@type":"SearchAction","target":{"@type":"EntryPoint","urlTemplate":"https:\/\/blogdofarnesio.com.br\/?s={search_term_string}"},"query-input":{"@type":"PropertyValueSpecification","valueRequired":true,"valueName":"search_term_string"}}],"inLanguage":"pt-BR"},{"@type":"Organization","@id":"https:\/\/blogdofarnesio.com.br\/#organization","name":"Blog do Farn\u00e9sio","url":"https:\/\/blogdofarnesio.com.br\/","logo":{"@type":"ImageObject","inLanguage":"pt-BR","@id":"https:\/\/blogdofarnesio.com.br\/#\/schema\/logo\/image\/","url":"https:\/\/blogdofarnesio.com.br\/wp-content\/uploads\/2026\/03\/cropped-logo_new-1.png","contentUrl":"https:\/\/blogdofarnesio.com.br\/wp-content\/uploads\/2026\/03\/cropped-logo_new-1.png","width":881,"height":685,"caption":"Blog do Farn\u00e9sio"},"image":{"@id":"https:\/\/blogdofarnesio.com.br\/#\/schema\/logo\/image\/"},"sameAs":["https:\/\/www.facebook.com\/BlogQuerSaberPolitica\/"]},{"@type":"Person","@id":"https:\/\/blogdofarnesio.com.br\/#\/schema\/person\/bb9b23ae3ad0609ce8df7b6c9e76824d","name":"Farn\u00e9sio","image":{"@type":"ImageObject","inLanguage":"pt-BR","@id":"https:\/\/secure.gravatar.com\/avatar\/986aa4c61ccdb66f8555bf88fc2a65609d00bcabd4d2d94377a727547345cbca?s=96&d=mm&r=g","url":"https:\/\/secure.gravatar.com\/avatar\/986aa4c61ccdb66f8555bf88fc2a65609d00bcabd4d2d94377a727547345cbca?s=96&d=mm&r=g","contentUrl":"https:\/\/secure.gravatar.com\/avatar\/986aa4c61ccdb66f8555bf88fc2a65609d00bcabd4d2d94377a727547345cbca?s=96&d=mm&r=g","caption":"Farn\u00e9sio"},"description":"Radialista blogueiro, chegou a Petrolina\/Juazeiro em setembro de 1980, Farn\u00e9sio Silva \u00e9 de Arapiraca-Alagoas.","sameAs":["http:\/\/blogdofarnesio.com.br","https:\/\/www.facebook.com\/?ref=tn_tnmn","https:\/\/www.instagram.com\/?utm_source=pwa_homescreen","https:\/\/youtube.com.br\/"],"url":"https:\/\/blogdofarnesio.com.br\/?author=2"}]}},"_links":{"self":[{"href":"https:\/\/blogdofarnesio.com.br\/index.php?rest_route=\/wp\/v2\/posts\/310054","targetHints":{"allow":["GET"]}}],"collection":[{"href":"https:\/\/blogdofarnesio.com.br\/index.php?rest_route=\/wp\/v2\/posts"}],"about":[{"href":"https:\/\/blogdofarnesio.com.br\/index.php?rest_route=\/wp\/v2\/types\/post"}],"author":[{"embeddable":true,"href":"https:\/\/blogdofarnesio.com.br\/index.php?rest_route=\/wp\/v2\/users\/2"}],"replies":[{"embeddable":true,"href":"https:\/\/blogdofarnesio.com.br\/index.php?rest_route=%2Fwp%2Fv2%2Fcomments&post=310054"}],"version-history":[{"count":0,"href":"https:\/\/blogdofarnesio.com.br\/index.php?rest_route=\/wp\/v2\/posts\/310054\/revisions"}],"wp:featuredmedia":[{"embeddable":true,"href":"https:\/\/blogdofarnesio.com.br\/index.php?rest_route=\/wp\/v2\/media\/310055"}],"wp:attachment":[{"href":"https:\/\/blogdofarnesio.com.br\/index.php?rest_route=%2Fwp%2Fv2%2Fmedia&parent=310054"}],"wp:term":[{"taxonomy":"category","embeddable":true,"href":"https:\/\/blogdofarnesio.com.br\/index.php?rest_route=%2Fwp%2Fv2%2Fcategories&post=310054"},{"taxonomy":"post_tag","embeddable":true,"href":"https:\/\/blogdofarnesio.com.br\/index.php?rest_route=%2Fwp%2Fv2%2Ftags&post=310054"}],"curies":[{"name":"wp","href":"https:\/\/api.w.org\/{rel}","templated":true}]}}